{"id":560,"date":"2016-09-14T08:43:08","date_gmt":"2016-09-14T06:43:08","guid":{"rendered":"http:\/\/dev.m-q.ch\/?p=560"},"modified":"2017-03-01T08:56:30","modified_gmt":"2017-03-01T07:56:30","slug":"les-pme-de-lindustrie-mem-continuent-de-perdre-de-leur-dynamisme","status":"publish","type":"post","link":"https:\/\/www.m-q.ch\/fr\/kmu-der-mem-industrie-verlieren-weiter-an-dynamik\/","title":{"rendered":"Les PME de l'industrie MEM continuent \u00e0 perdre de l'\u00e9lan"},"content":{"rendered":"<figure id=\"attachment_153\" aria-describedby=\"caption-attachment-153\" style=\"width: 448px\" class=\"wp-caption alignnone\"><a href=\"https:\/\/m-q.ch\/wp-content\/uploads\/2016\/12\/KMU-der-MEM-Industrie-verlieren-weiter-an-Dynamik-management-und-qualitaet.jpg\"><img loading=\"lazy\" decoding=\"async\" class=\"wp-image-153 size-full\" src=\"https:\/\/www.m-q.ch\/wp-content\/uploads\/2016\/12\/KMU-der-MEM-Industrie-verlieren-weiter-an-Dynamik-management-und-qualitaet.jpg\" width=\"448\" height=\"292\" srcset=\"https:\/\/www.m-q.ch\/wp-content\/uploads\/2016\/12\/KMU-der-MEM-Industrie-verlieren-weiter-an-Dynamik-management-und-qualitaet.jpg 448w, https:\/\/www.m-q.ch\/wp-content\/uploads\/2016\/12\/KMU-der-MEM-Industrie-verlieren-weiter-an-Dynamik-management-und-qualitaet-16x10.jpg 16w, https:\/\/www.m-q.ch\/wp-content\/uploads\/2016\/12\/KMU-der-MEM-Industrie-verlieren-weiter-an-Dynamik-management-und-qualitaet-268x175.jpg 268w, https:\/\/www.m-q.ch\/wp-content\/uploads\/2016\/12\/KMU-der-MEM-Industrie-verlieren-weiter-an-Dynamik-management-und-qualitaet-300x196.jpg 300w\" sizes=\"auto, (max-width: 448px) 100vw, 448px\" \/><\/a><figcaption id=\"caption-attachment-153\" class=\"wp-caption-text\">(photo : photos de d\u00e9p\u00f4t)<\/figcaption><\/figure>\n<p>La situation est similaire pour les garanties \u00e0 court terme : Plus de quatre entreprises sur dix interrog\u00e9es d\u00e9clarent que leur production n'est pas assur\u00e9e au-del\u00e0 de quatre semaines. En particulier, la reprise dans la zone euro entra\u00eene la disparition de nombreux fournisseurs en Suisse.<\/p>\n<p>En termes d'emploi, Swissmechanic compte que plus de 12 000 emplois \u00e0 temps plein ont d\u00e9j\u00e0 \u00e9t\u00e9 supprim\u00e9s depuis la lev\u00e9e du plancher du taux de change entre le franc et l'euro. Les secteurs les plus touch\u00e9s sont les produits m\u00e9talliques, les \u00e9quipements \u00e9lectroniques et la construction m\u00e9canique.<\/p>\n<p>Selon l'association fa\u00eeti\u00e8re de 1 400 membres, les suppressions d'emplois ont d\u00e9j\u00e0 atteint des proportions telles que seul 5% pr\u00e9voit des licenciements suppl\u00e9mentaires. D'autres mesures de r\u00e9duction des effectifs ne devraient avoir lieu qu'\u00e0 16%.<\/p>\n<p>Il ressort \u00e9galement de l'\u00e9tude que, en termes de performances des entreprises, l'\u00e9cart entre les grandes entreprises suisses et les petites entreprises s'est creus\u00e9 plus que jamais au cours de la p\u00e9riode consid\u00e9r\u00e9e. Les grandes entreprises estiment que leur situation commerciale est \"bonne\", les moyennes \"mauvaise\" et les petites \"encore pires\".<\/p>\n<p>Vous pouvez trouver l'\u00e9tude compl\u00e8te sur le lieu de travail en Suisse sous le titre \"Calme trompeur avec plus de 12 000 emplois en moins\" sur le site officiel des PME de la Conf\u00e9d\u00e9ration suisse ou <a href=\"https:\/\/www.kmu.admin.ch\/kmu\/de\/home\/aktuell\/news\/2016\/kmu-der-mem-industrie-verlieren-weiter-an-dynamik.html\" target=\"_blank\" rel=\"noreferrer\" data-cke-saved-href=\"https:\/\/www.kmu.admin.ch\/kmu\/de\/home\/aktuell\/news\/2016\/kmu-der-mem-industrie-verlieren-weiter-an-dynamik.html\">ici<\/a><\/p>\n<p>&nbsp;<\/p>","protected":false},"excerpt":{"rendered":"<p>\u00c4hnlich sieht es mit den kurzfristigen Garantien aus: Mehr als vier von zehn befragten Firmen geben an, ihre Produktion sei nicht \u00fcber vier Wochen hinaus gesichert. Insbesondere der Wiederaufschwung in der Eurozone bewirkt, dass viele Zulieferer in der Schweiz gezwungen sind, ihr Gesch\u00e4ft aufzugeben. Was die Besch\u00e4ftigung angeht, z\u00e4hlt Swissmechanic, dass seit der Aufhebung der [&hellip;]<\/p>\n","protected":false},"author":1,"featured_media":153,"comment_status":"open","ping_status":"open","sticky":false,"template":"","format":"standard","meta":{"_acf_changed":false,"footnotes":""},"categories":[1],"tags":[3362],"class_list":["post-560","post","type-post","status-publish","format-standard","has-post-thumbnail","hentry","category-unkategorisiert","tag-studie"],"acf":[],"yoast_head":"<!-- This site is optimized with the Yoast SEO plugin v26.2 - https:\/\/yoast.com\/wordpress\/plugins\/seo\/ -->\n<title>KMU der MEM-Industrie verlieren weiter an Dynamik - MQ Management und Qualit\u00e4t<\/title>\n<meta name=\"description\" content=\"Die MEM-Industrie (Maschinen-, Elektro- und Metallindustrie) ringt aufgrund des starken Franken weiter nach Luft.\" \/>\n<meta name=\"robots\" content=\"index, follow, max-snippet:-1, max-image-preview:large, max-video-preview:-1\" \/>\n<link rel=\"canonical\" href=\"https:\/\/www.m-q.ch\/fr\/les-pme-dans-lindustrie-des-semi-conducteurs-sont-en-perte-de-vitesse\/\" \/>\n<meta property=\"og:locale\" content=\"fr_FR\" \/>\n<meta property=\"og:type\" content=\"article\" \/>\n<meta property=\"og:title\" content=\"KMU der MEM-Industrie verlieren weiter an Dynamik - MQ Management und Qualit\u00e4t\" \/>\n<meta property=\"og:description\" content=\"Die MEM-Industrie (Maschinen-, Elektro- und Metallindustrie) ringt aufgrund des starken Franken weiter nach Luft.\" \/>\n<meta property=\"og:url\" content=\"https:\/\/www.m-q.ch\/fr\/les-pme-dans-lindustrie-des-semi-conducteurs-sont-en-perte-de-vitesse\/\" \/>\n<meta property=\"og:site_name\" content=\"MQ Management und Qualit\u00e4t\" \/>\n<meta property=\"article:publisher\" content=\"https:\/\/www.facebook.com\/ManagementUndQualitaet\" \/>\n<meta property=\"article:published_time\" content=\"2016-09-14T06:43:08+00:00\" \/>\n<meta property=\"article:modified_time\" content=\"2017-03-01T07:56:30+00:00\" \/>\n<meta property=\"og:image\" content=\"https:\/\/www.m-q.ch\/wp-content\/uploads\/2016\/12\/KMU-der-MEM-Industrie-verlieren-weiter-an-Dynamik-management-und-qualitaet.jpg\" \/>\n\t<meta property=\"og:image:width\" content=\"448\" \/>\n\t<meta property=\"og:image:height\" content=\"292\" \/>\n\t<meta property=\"og:image:type\" content=\"image\/jpeg\" \/>\n<meta name=\"author\" content=\"galledia\" \/>\n<meta name=\"twitter:card\" content=\"summary_large_image\" \/>\n<meta name=\"twitter:label1\" content=\"\u00c9crit par\" \/>\n\t<meta name=\"twitter:data1\" content=\"galledia\" \/>\n\t<meta name=\"twitter:label2\" content=\"Dur\u00e9e de lecture estim\u00e9e\" \/>\n\t<meta name=\"twitter:data2\" content=\"1 minute\" \/>\n<script type=\"application\/ld+json\" class=\"yoast-schema-graph\">{\"@context\":\"https:\/\/schema.org\",\"@graph\":[{\"@type\":\"Article\",\"@id\":\"https:\/\/www.m-q.ch\/it\/le-pmi-nellindustria-della-memoria-stanno-perdendo-slancio\/#article\",\"isPartOf\":{\"@id\":\"https:\/\/www.m-q.ch\/it\/le-pmi-nellindustria-della-memoria-stanno-perdendo-slancio\/\"},\"author\":{\"name\":\"galledia\",\"@id\":\"https:\/\/www.m-q.ch\/fr\/#\/schema\/person\/c0139a2c55a374db6df2cde78ec87148\"},\"headline\":\"KMU der MEM-Industrie verlieren weiter an Dynamik\",\"datePublished\":\"2016-09-14T06:43:08+00:00\",\"dateModified\":\"2017-03-01T07:56:30+00:00\",\"mainEntityOfPage\":{\"@id\":\"https:\/\/www.m-q.ch\/it\/le-pmi-nellindustria-della-memoria-stanno-perdendo-slancio\/\"},\"wordCount\":203,\"commentCount\":0,\"publisher\":{\"@id\":\"https:\/\/www.m-q.ch\/fr\/#organization\"},\"image\":{\"@id\":\"https:\/\/www.m-q.ch\/it\/le-pmi-nellindustria-della-memoria-stanno-perdendo-slancio\/#primaryimage\"},\"thumbnailUrl\":\"https:\/\/www.m-q.ch\/wp-content\/uploads\/2016\/12\/KMU-der-MEM-Industrie-verlieren-weiter-an-Dynamik-management-und-qualitaet.jpg\",\"keywords\":[\"Studie\"],\"articleSection\":[\"Unkategorisiert\"],\"inLanguage\":\"fr-FR\"},{\"@type\":\"WebPage\",\"@id\":\"https:\/\/www.m-q.ch\/it\/le-pmi-nellindustria-della-memoria-stanno-perdendo-slancio\/\",\"url\":\"https:\/\/www.m-q.ch\/it\/le-pmi-nellindustria-della-memoria-stanno-perdendo-slancio\/\",\"name\":\"KMU der MEM-Industrie verlieren weiter an Dynamik - MQ Management und Qualit\u00e4t\",\"isPartOf\":{\"@id\":\"https:\/\/www.m-q.ch\/fr\/#website\"},\"primaryImageOfPage\":{\"@id\":\"https:\/\/www.m-q.ch\/it\/le-pmi-nellindustria-della-memoria-stanno-perdendo-slancio\/#primaryimage\"},\"image\":{\"@id\":\"https:\/\/www.m-q.ch\/it\/le-pmi-nellindustria-della-memoria-stanno-perdendo-slancio\/#primaryimage\"},\"thumbnailUrl\":\"https:\/\/www.m-q.ch\/wp-content\/uploads\/2016\/12\/KMU-der-MEM-Industrie-verlieren-weiter-an-Dynamik-management-und-qualitaet.jpg\",\"datePublished\":\"2016-09-14T06:43:08+00:00\",\"dateModified\":\"2017-03-01T07:56:30+00:00\",\"description\":\"Die MEM-Industrie (Maschinen-, Elektro- und Metallindustrie) ringt aufgrund des starken Franken weiter nach Luft.\",\"breadcrumb\":{\"@id\":\"https:\/\/www.m-q.ch\/it\/le-pmi-nellindustria-della-memoria-stanno-perdendo-slancio\/#breadcrumb\"},\"inLanguage\":\"fr-FR\",\"potentialAction\":[{\"@type\":\"ReadAction\",\"target\":[\"https:\/\/www.m-q.ch\/it\/le-pmi-nellindustria-della-memoria-stanno-perdendo-slancio\/\"]}]},{\"@type\":\"ImageObject\",\"inLanguage\":\"fr-FR\",\"@id\":\"https:\/\/www.m-q.ch\/it\/le-pmi-nellindustria-della-memoria-stanno-perdendo-slancio\/#primaryimage\",\"url\":\"https:\/\/www.m-q.ch\/wp-content\/uploads\/2016\/12\/KMU-der-MEM-Industrie-verlieren-weiter-an-Dynamik-management-und-qualitaet.jpg\",\"contentUrl\":\"https:\/\/www.m-q.ch\/wp-content\/uploads\/2016\/12\/KMU-der-MEM-Industrie-verlieren-weiter-an-Dynamik-management-und-qualitaet.jpg\",\"width\":448,\"height\":292,\"caption\":\"(Bild: depositphotos)\"},{\"@type\":\"BreadcrumbList\",\"@id\":\"https:\/\/www.m-q.ch\/it\/le-pmi-nellindustria-della-memoria-stanno-perdendo-slancio\/#breadcrumb\",\"itemListElement\":[{\"@type\":\"ListItem\",\"position\":1,\"name\":\"Unkategorisiert\",\"item\":\"https:\/\/www.m-q.ch\/it\/categoria\/senza-categoria\/\"},{\"@type\":\"ListItem\",\"position\":2,\"name\":\"KMU der MEM-Industrie verlieren weiter an Dynamik\"}]},{\"@type\":\"WebSite\",\"@id\":\"https:\/\/www.m-q.ch\/fr\/#website\",\"url\":\"https:\/\/www.m-q.ch\/fr\/\",\"name\":\"MQ Management und Qualit\u00e4t\",\"description\":\"Plattform f\u00fcr integrierte Managementsysteme.\",\"publisher\":{\"@id\":\"https:\/\/www.m-q.ch\/fr\/#organization\"},\"potentialAction\":[{\"@type\":\"SearchAction\",\"target\":{\"@type\":\"EntryPoint\",\"urlTemplate\":\"https:\/\/www.m-q.ch\/fr\/?s={search_term_string}\"},\"query-input\":{\"@type\":\"PropertyValueSpecification\",\"valueRequired\":true,\"valueName\":\"search_term_string\"}}],\"inLanguage\":\"fr-FR\"},{\"@type\":\"Organization\",\"@id\":\"https:\/\/www.m-q.ch\/fr\/#organization\",\"name\":\"Galledia Fachmedien AG\",\"url\":\"https:\/\/www.m-q.ch\/fr\/\",\"logo\":{\"@type\":\"ImageObject\",\"inLanguage\":\"fr-FR\",\"@id\":\"https:\/\/www.m-q.ch\/fr\/#\/schema\/logo\/image\/\",\"url\":\"https:\/\/www.m-q.ch\/wp-content\/uploads\/2020\/12\/cropped-logo_small.png\",\"contentUrl\":\"https:\/\/www.m-q.ch\/wp-content\/uploads\/2020\/12\/cropped-logo_small.png\",\"width\":512,\"height\":512,\"caption\":\"Galledia Fachmedien AG\"},\"image\":{\"@id\":\"https:\/\/www.m-q.ch\/fr\/#\/schema\/logo\/image\/\"},\"sameAs\":[\"https:\/\/www.facebook.com\/ManagementUndQualitaet\",\"https:\/\/www.linkedin.com\/showcase\/17982321\/admin\/\"]},{\"@type\":\"Person\",\"@id\":\"https:\/\/www.m-q.ch\/fr\/#\/schema\/person\/c0139a2c55a374db6df2cde78ec87148\",\"name\":\"galledia\",\"image\":{\"@type\":\"ImageObject\",\"inLanguage\":\"fr-FR\",\"@id\":\"https:\/\/www.m-q.ch\/fr\/#\/schema\/person\/image\/\",\"url\":\"https:\/\/secure.gravatar.com\/avatar\/66edf527eac29e9a5eb25bcada01f61a?s=96&d=mm&r=g\",\"contentUrl\":\"https:\/\/secure.gravatar.com\/avatar\/66edf527eac29e9a5eb25bcada01f61a?s=96&d=mm&r=g\",\"caption\":\"galledia\"},\"url\":\"https:\/\/www.m-q.ch\/fr\/author\/galledia\/\"}]}<\/script>\n<!-- \/ Yoast SEO plugin. -->","yoast_head_json":{"title":"Les PME de l'industrie MEM continuent \u00e0 perdre de l'\u00e9lan - MQ Management und Qualit\u00e4t","description":"L'industrie MEM (construction m\u00e9canique, \u00e9lectrotechnique et m\u00e9tallurgique) continue de lutter pour respirer en raison de la force du franc.","robots":{"index":"index","follow":"follow","max-snippet":"max-snippet:-1","max-image-preview":"max-image-preview:large","max-video-preview":"max-video-preview:-1"},"canonical":"https:\/\/www.m-q.ch\/fr\/les-pme-dans-lindustrie-des-semi-conducteurs-sont-en-perte-de-vitesse\/","og_locale":"fr_FR","og_type":"article","og_title":"KMU der MEM-Industrie verlieren weiter an Dynamik - MQ Management und Qualit\u00e4t","og_description":"Die MEM-Industrie (Maschinen-, Elektro- und Metallindustrie) ringt aufgrund des starken Franken weiter nach Luft.","og_url":"https:\/\/www.m-q.ch\/fr\/les-pme-dans-lindustrie-des-semi-conducteurs-sont-en-perte-de-vitesse\/","og_site_name":"MQ Management und Qualit\u00e4t","article_publisher":"https:\/\/www.facebook.com\/ManagementUndQualitaet","article_published_time":"2016-09-14T06:43:08+00:00","article_modified_time":"2017-03-01T07:56:30+00:00","og_image":[{"width":448,"height":292,"url":"https:\/\/www.m-q.ch\/wp-content\/uploads\/2016\/12\/KMU-der-MEM-Industrie-verlieren-weiter-an-Dynamik-management-und-qualitaet.jpg","type":"image\/jpeg"}],"author":"galledia","twitter_card":"summary_large_image","twitter_misc":{"\u00c9crit par":"galledia","Dur\u00e9e de lecture estim\u00e9e":"1 minute"},"schema":{"@context":"https:\/\/schema.org","@graph":[{"@type":"Article","@id":"https:\/\/www.m-q.ch\/it\/le-pmi-nellindustria-della-memoria-stanno-perdendo-slancio\/#article","isPartOf":{"@id":"https:\/\/www.m-q.ch\/it\/le-pmi-nellindustria-della-memoria-stanno-perdendo-slancio\/"},"author":{"name":"galledia","@id":"https:\/\/www.m-q.ch\/fr\/#\/schema\/person\/c0139a2c55a374db6df2cde78ec87148"},"headline":"KMU der MEM-Industrie verlieren weiter an Dynamik","datePublished":"2016-09-14T06:43:08+00:00","dateModified":"2017-03-01T07:56:30+00:00","mainEntityOfPage":{"@id":"https:\/\/www.m-q.ch\/it\/le-pmi-nellindustria-della-memoria-stanno-perdendo-slancio\/"},"wordCount":203,"commentCount":0,"publisher":{"@id":"https:\/\/www.m-q.ch\/fr\/#organization"},"image":{"@id":"https:\/\/www.m-q.ch\/it\/le-pmi-nellindustria-della-memoria-stanno-perdendo-slancio\/#primaryimage"},"thumbnailUrl":"https:\/\/www.m-q.ch\/wp-content\/uploads\/2016\/12\/KMU-der-MEM-Industrie-verlieren-weiter-an-Dynamik-management-und-qualitaet.jpg","keywords":["Studie"],"articleSection":["Unkategorisiert"],"inLanguage":"fr-FR"},{"@type":"WebPage","@id":"https:\/\/www.m-q.ch\/it\/le-pmi-nellindustria-della-memoria-stanno-perdendo-slancio\/","url":"https:\/\/www.m-q.ch\/it\/le-pmi-nellindustria-della-memoria-stanno-perdendo-slancio\/","name":"Les PME de l'industrie MEM continuent \u00e0 perdre de l'\u00e9lan - MQ Management und Qualit\u00e4t","isPartOf":{"@id":"https:\/\/www.m-q.ch\/fr\/#website"},"primaryImageOfPage":{"@id":"https:\/\/www.m-q.ch\/it\/le-pmi-nellindustria-della-memoria-stanno-perdendo-slancio\/#primaryimage"},"image":{"@id":"https:\/\/www.m-q.ch\/it\/le-pmi-nellindustria-della-memoria-stanno-perdendo-slancio\/#primaryimage"},"thumbnailUrl":"https:\/\/www.m-q.ch\/wp-content\/uploads\/2016\/12\/KMU-der-MEM-Industrie-verlieren-weiter-an-Dynamik-management-und-qualitaet.jpg","datePublished":"2016-09-14T06:43:08+00:00","dateModified":"2017-03-01T07:56:30+00:00","description":"L'industrie MEM (construction m\u00e9canique, \u00e9lectrotechnique et m\u00e9tallurgique) continue de lutter pour respirer en raison de la force du franc.","breadcrumb":{"@id":"https:\/\/www.m-q.ch\/it\/le-pmi-nellindustria-della-memoria-stanno-perdendo-slancio\/#breadcrumb"},"inLanguage":"fr-FR","potentialAction":[{"@type":"ReadAction","target":["https:\/\/www.m-q.ch\/it\/le-pmi-nellindustria-della-memoria-stanno-perdendo-slancio\/"]}]},{"@type":"ImageObject","inLanguage":"fr-FR","@id":"https:\/\/www.m-q.ch\/it\/le-pmi-nellindustria-della-memoria-stanno-perdendo-slancio\/#primaryimage","url":"https:\/\/www.m-q.ch\/wp-content\/uploads\/2016\/12\/KMU-der-MEM-Industrie-verlieren-weiter-an-Dynamik-management-und-qualitaet.jpg","contentUrl":"https:\/\/www.m-q.ch\/wp-content\/uploads\/2016\/12\/KMU-der-MEM-Industrie-verlieren-weiter-an-Dynamik-management-und-qualitaet.jpg","width":448,"height":292,"caption":"(Bild: depositphotos)"},{"@type":"BreadcrumbList","@id":"https:\/\/www.m-q.ch\/it\/le-pmi-nellindustria-della-memoria-stanno-perdendo-slancio\/#breadcrumb","itemListElement":[{"@type":"ListItem","position":1,"name":"Unkategorisiert","item":"https:\/\/www.m-q.ch\/it\/categoria\/senza-categoria\/"},{"@type":"ListItem","position":2,"name":"KMU der MEM-Industrie verlieren weiter an Dynamik"}]},{"@type":"WebSite","@id":"https:\/\/www.m-q.ch\/fr\/#website","url":"https:\/\/www.m-q.ch\/fr\/","name":"Gestion et qualit\u00e9 du QM","description":"Plate-forme pour les syst\u00e8mes de gestion int\u00e9gr\u00e9e.","publisher":{"@id":"https:\/\/www.m-q.ch\/fr\/#organization"},"potentialAction":[{"@type":"SearchAction","target":{"@type":"EntryPoint","urlTemplate":"https:\/\/www.m-q.ch\/fr\/?s={search_term_string}"},"query-input":{"@type":"PropertyValueSpecification","valueRequired":true,"valueName":"search_term_string"}}],"inLanguage":"fr-FR"},{"@type":"Organization","@id":"https:\/\/www.m-q.ch\/fr\/#organization","name":"Galledia Trade Media AG","url":"https:\/\/www.m-q.ch\/fr\/","logo":{"@type":"ImageObject","inLanguage":"fr-FR","@id":"https:\/\/www.m-q.ch\/fr\/#\/schema\/logo\/image\/","url":"https:\/\/www.m-q.ch\/wp-content\/uploads\/2020\/12\/cropped-logo_small.png","contentUrl":"https:\/\/www.m-q.ch\/wp-content\/uploads\/2020\/12\/cropped-logo_small.png","width":512,"height":512,"caption":"Galledia Fachmedien AG"},"image":{"@id":"https:\/\/www.m-q.ch\/fr\/#\/schema\/logo\/image\/"},"sameAs":["https:\/\/www.facebook.com\/ManagementUndQualitaet","https:\/\/www.linkedin.com\/showcase\/17982321\/admin\/"]},{"@type":"Person","@id":"https:\/\/www.m-q.ch\/fr\/#\/schema\/person\/c0139a2c55a374db6df2cde78ec87148","name":"galledia","image":{"@type":"ImageObject","inLanguage":"fr-FR","@id":"https:\/\/www.m-q.ch\/fr\/#\/schema\/person\/image\/","url":"https:\/\/secure.gravatar.com\/avatar\/66edf527eac29e9a5eb25bcada01f61a?s=96&d=mm&r=g","contentUrl":"https:\/\/secure.gravatar.com\/avatar\/66edf527eac29e9a5eb25bcada01f61a?s=96&d=mm&r=g","caption":"galledia"},"url":"https:\/\/www.m-q.ch\/fr\/author\/galledia\/"}]}},"_links":{"self":[{"href":"https:\/\/www.m-q.ch\/fr\/wp-json\/wp\/v2\/posts\/560","targetHints":{"allow":["GET"]}}],"collection":[{"href":"https:\/\/www.m-q.ch\/fr\/wp-json\/wp\/v2\/posts"}],"about":[{"href":"https:\/\/www.m-q.ch\/fr\/wp-json\/wp\/v2\/types\/post"}],"author":[{"embeddable":true,"href":"https:\/\/www.m-q.ch\/fr\/wp-json\/wp\/v2\/users\/1"}],"replies":[{"embeddable":true,"href":"https:\/\/www.m-q.ch\/fr\/wp-json\/wp\/v2\/comments?post=560"}],"version-history":[{"count":2,"href":"https:\/\/www.m-q.ch\/fr\/wp-json\/wp\/v2\/posts\/560\/revisions"}],"predecessor-version":[{"id":1054,"href":"https:\/\/www.m-q.ch\/fr\/wp-json\/wp\/v2\/posts\/560\/revisions\/1054"}],"wp:featuredmedia":[{"embeddable":true,"href":"https:\/\/www.m-q.ch\/fr\/wp-json\/wp\/v2\/media\/153"}],"wp:attachment":[{"href":"https:\/\/www.m-q.ch\/fr\/wp-json\/wp\/v2\/media?parent=560"}],"wp:term":[{"taxonomy":"category","embeddable":true,"href":"https:\/\/www.m-q.ch\/fr\/wp-json\/wp\/v2\/categories?post=560"},{"taxonomy":"post_tag","embeddable":true,"href":"https:\/\/www.m-q.ch\/fr\/wp-json\/wp\/v2\/tags?post=560"}],"curies":[{"name":"wp","href":"https:\/\/api.w.org\/{rel}","templated":true}]}}