{"id":571,"date":"2016-09-23T08:47:31","date_gmt":"2016-09-23T06:47:31","guid":{"rendered":"http:\/\/dev.m-q.ch\/?p=571"},"modified":"2017-03-01T08:51:09","modified_gmt":"2017-03-01T07:51:09","slug":"thomas-bachofner-devient-le-nouveau-ceo-de-swisscom-health-ag","status":"publish","type":"post","link":"https:\/\/www.m-q.ch\/fr\/thomas-bachofner-wird-neuer-ceo-der-swisscom-health-ag\/","title":{"rendered":"Thomas Bachofner nomm\u00e9 nouveau PDG de Swisscom Health AG"},"content":{"rendered":"<figure id=\"attachment_238\" aria-describedby=\"caption-attachment-238\" style=\"width: 640px\" class=\"wp-caption alignnone\"><a href=\"https:\/\/m-q.ch\/wp-content\/uploads\/2016\/12\/Thomas-Bachofner-wird-neuer-CEO-der-Swisscom-Health-AG-management-und-qualitaet.jpg\"><img loading=\"lazy\" decoding=\"async\" class=\"wp-image-238 size-full\" src=\"https:\/\/www.m-q.ch\/wp-content\/uploads\/2016\/12\/Thomas-Bachofner-wird-neuer-CEO-der-Swisscom-Health-AG-management-und-qualitaet.jpg\" width=\"640\" height=\"426\" srcset=\"https:\/\/www.m-q.ch\/wp-content\/uploads\/2016\/12\/Thomas-Bachofner-wird-neuer-CEO-der-Swisscom-Health-AG-management-und-qualitaet.jpg 640w, https:\/\/www.m-q.ch\/wp-content\/uploads\/2016\/12\/Thomas-Bachofner-wird-neuer-CEO-der-Swisscom-Health-AG-management-und-qualitaet-16x12.jpg 16w, https:\/\/www.m-q.ch\/wp-content\/uploads\/2016\/12\/Thomas-Bachofner-wird-neuer-CEO-der-Swisscom-Health-AG-management-und-qualitaet-263x175.jpg 263w, https:\/\/www.m-q.ch\/wp-content\/uploads\/2016\/12\/Thomas-Bachofner-wird-neuer-CEO-der-Swisscom-Health-AG-management-und-qualitaet-526x350.jpg 526w, https:\/\/www.m-q.ch\/wp-content\/uploads\/2016\/12\/Thomas-Bachofner-wird-neuer-CEO-der-Swisscom-Health-AG-management-und-qualitaet-300x200.jpg 300w, https:\/\/www.m-q.ch\/wp-content\/uploads\/2016\/12\/Thomas-Bachofner-wird-neuer-CEO-der-Swisscom-Health-AG-management-und-qualitaet-624x415.jpg 624w\" sizes=\"auto, (max-width: 640px) 100vw, 640px\" \/><\/a><figcaption id=\"caption-attachment-238\" class=\"wp-caption-text\">Thomas Bachofner, nouveau CEO de Swisscom Health AG. (Image : ZvG)<\/figcaption><\/figure>\n<p>Sous la direction de son nouveau CEO Thomas Bachofner, Swisscom Health SA continuera \u00e0 promouvoir la num\u00e9risation et la mise en r\u00e9seau dans le secteur de la sant\u00e9.<\/p>\n<p>La strat\u00e9gie adopt\u00e9e est donc poursuivie. Au cours des cinq derni\u00e8res ann\u00e9es, Swisscom Health SA s'est constitu\u00e9 une client\u00e8le de 2 000 m\u00e9decins, 200 h\u00f4pitaux, 70 compagnies d'assurance, 200 pharmacies, cinq cantons et de nombreux laboratoires et instituts de radiologie. En outre, le centre de comp\u00e9tences pour l'externalisation de l'assurance maladie a \u00e9t\u00e9 cr\u00e9\u00e9 en 2016, qui exploite d\u00e9sormais l'informatique centrale de Sanitas.<\/p>\n<p>La num\u00e9risation dans le secteur des soins de sant\u00e9 arrive \u00e0 maturit\u00e9 plus rapidement que jamais et une phase pionni\u00e8re va bient\u00f4t commencer avec l'entr\u00e9e en vigueur de l'EPDG. Swisscom Health AG travaille d\u00e9j\u00e0 sur diff\u00e9rents projets de mise en r\u00e9seau \u00e0 Zurich, Soleure, Berne et au Liechtenstein.<\/p>\n<p>Thomas Bachofner a rejoint Swisscom en 2010 en tant que responsable de la strat\u00e9gie pour le segment des PME. Sous sa direction, la strat\u00e9gie de num\u00e9risation a \u00e9t\u00e9 cr\u00e9\u00e9e, qu'il a ensuite mise en \u0153uvre avec succ\u00e8s en tant que responsable de la gestion des produits et du marketing en coop\u00e9ration avec les PME clientes. Avant de rejoindre Swisscom, M. Bachofner a occup\u00e9 divers postes de direction chez IBM et Accenture. Ce Zurichois de 45 ans a \u00e9tudi\u00e9 l'\u00e9conomie et les sciences politiques \u00e0 l'Universit\u00e9 de Berne. Thomas Bachofner reprendra la direction de Swisscom Health SA le 1er d\u00e9cembre 2016.<\/p>\n<p><a href=\"http:\/\/www.swisscom.ch\" target=\"_blank\" rel=\"noreferrer\" data-cke-saved-href=\"http:\/\/www.swisscom.ch\">http:\/\/www.swisscom.ch<\/a><\/p>","protected":false},"excerpt":{"rendered":"<p>Swisscom Health AG setzt sich unter dem neu ernannten CEO Thomas Bachofner auch in Zukunft f\u00fcr die Digitalisierung und Vernetzung im Gesundheitsweisen ein. Die eingeschlagene Strategie wird damit weiter verfolgt. In den vergangenen f\u00fcnf Jahren hat Swisscom Health AG einen Kundenstamm von 2\u2018000 \u00c4rzten, 200 Spit\u00e4lern, 70 Versicherungen, 200 Apotheken, f\u00fcnf Kantonen sowie zahlreichen Labors [&hellip;]<\/p>\n","protected":false},"author":1,"featured_media":238,"comment_status":"open","ping_status":"open","sticky":false,"template":"","format":"standard","meta":{"_acf_changed":false,"footnotes":""},"categories":[1],"tags":[3335],"class_list":["post-571","post","type-post","status-publish","format-standard","has-post-thumbnail","hentry","category-unkategorisiert","tag-personalia"],"acf":[],"yoast_head":"<!-- This site is optimized with the Yoast SEO plugin v26.2 - https:\/\/yoast.com\/wordpress\/plugins\/seo\/ -->\n<title>Thomas Bachofner wird neuer CEO der Swisscom Health AG - MQ Management und Qualit\u00e4t<\/title>\n<meta name=\"description\" content=\"Swisscom ernennt Thomas Bachofner zum neuen CEO der Swisscom Health AG.\" \/>\n<meta name=\"robots\" content=\"index, follow, max-snippet:-1, max-image-preview:large, max-video-preview:-1\" \/>\n<link rel=\"canonical\" href=\"https:\/\/www.m-q.ch\/fr\/thomas-bachofner-sera-le-nouveau-chef-de-la-direction-de-swisscom-health-ag\/\" \/>\n<meta property=\"og:locale\" content=\"fr_FR\" \/>\n<meta property=\"og:type\" content=\"article\" \/>\n<meta property=\"og:title\" content=\"Thomas Bachofner wird neuer CEO der Swisscom Health AG - MQ Management und Qualit\u00e4t\" \/>\n<meta property=\"og:description\" content=\"Swisscom ernennt Thomas Bachofner zum neuen CEO der Swisscom Health AG.\" \/>\n<meta property=\"og:url\" content=\"https:\/\/www.m-q.ch\/fr\/thomas-bachofner-sera-le-nouveau-chef-de-la-direction-de-swisscom-health-ag\/\" \/>\n<meta property=\"og:site_name\" content=\"MQ Management und Qualit\u00e4t\" \/>\n<meta property=\"article:publisher\" content=\"https:\/\/www.facebook.com\/ManagementUndQualitaet\" \/>\n<meta property=\"article:published_time\" content=\"2016-09-23T06:47:31+00:00\" \/>\n<meta property=\"article:modified_time\" content=\"2017-03-01T07:51:09+00:00\" \/>\n<meta property=\"og:image\" content=\"https:\/\/www.m-q.ch\/wp-content\/uploads\/2016\/12\/Thomas-Bachofner-wird-neuer-CEO-der-Swisscom-Health-AG-management-und-qualitaet.jpg\" \/>\n\t<meta property=\"og:image:width\" content=\"640\" \/>\n\t<meta property=\"og:image:height\" content=\"426\" \/>\n\t<meta property=\"og:image:type\" content=\"image\/jpeg\" \/>\n<meta name=\"author\" content=\"galledia\" \/>\n<meta name=\"twitter:card\" content=\"summary_large_image\" \/>\n<meta name=\"twitter:label1\" content=\"\u00c9crit par\" \/>\n\t<meta name=\"twitter:data1\" content=\"galledia\" \/>\n\t<meta name=\"twitter:label2\" content=\"Dur\u00e9e de lecture estim\u00e9e\" \/>\n\t<meta name=\"twitter:data2\" content=\"1 minute\" \/>\n<script type=\"application\/ld+json\" class=\"yoast-schema-graph\">{\"@context\":\"https:\/\/schema.org\",\"@graph\":[{\"@type\":\"Article\",\"@id\":\"https:\/\/www.m-q.ch\/en\/thomas-bachofner-will-new-ceo-of-swisscom-health-ag\/#article\",\"isPartOf\":{\"@id\":\"https:\/\/www.m-q.ch\/en\/thomas-bachofner-will-new-ceo-of-swisscom-health-ag\/\"},\"author\":{\"name\":\"galledia\",\"@id\":\"https:\/\/www.m-q.ch\/fr\/#\/schema\/person\/c0139a2c55a374db6df2cde78ec87148\"},\"headline\":\"Thomas Bachofner wird neuer CEO der Swisscom Health AG\",\"datePublished\":\"2016-09-23T06:47:31+00:00\",\"dateModified\":\"2017-03-01T07:51:09+00:00\",\"mainEntityOfPage\":{\"@id\":\"https:\/\/www.m-q.ch\/en\/thomas-bachofner-will-new-ceo-of-swisscom-health-ag\/\"},\"wordCount\":216,\"commentCount\":0,\"publisher\":{\"@id\":\"https:\/\/www.m-q.ch\/fr\/#organization\"},\"image\":{\"@id\":\"https:\/\/www.m-q.ch\/en\/thomas-bachofner-will-new-ceo-of-swisscom-health-ag\/#primaryimage\"},\"thumbnailUrl\":\"https:\/\/www.m-q.ch\/wp-content\/uploads\/2016\/12\/Thomas-Bachofner-wird-neuer-CEO-der-Swisscom-Health-AG-management-und-qualitaet.jpg\",\"keywords\":[\"Personalia\"],\"articleSection\":[\"Unkategorisiert\"],\"inLanguage\":\"fr-FR\"},{\"@type\":\"WebPage\",\"@id\":\"https:\/\/www.m-q.ch\/en\/thomas-bachofner-will-new-ceo-of-swisscom-health-ag\/\",\"url\":\"https:\/\/www.m-q.ch\/en\/thomas-bachofner-will-new-ceo-of-swisscom-health-ag\/\",\"name\":\"Thomas Bachofner wird neuer CEO der Swisscom Health AG - MQ Management und Qualit\u00e4t\",\"isPartOf\":{\"@id\":\"https:\/\/www.m-q.ch\/fr\/#website\"},\"primaryImageOfPage\":{\"@id\":\"https:\/\/www.m-q.ch\/en\/thomas-bachofner-will-new-ceo-of-swisscom-health-ag\/#primaryimage\"},\"image\":{\"@id\":\"https:\/\/www.m-q.ch\/en\/thomas-bachofner-will-new-ceo-of-swisscom-health-ag\/#primaryimage\"},\"thumbnailUrl\":\"https:\/\/www.m-q.ch\/wp-content\/uploads\/2016\/12\/Thomas-Bachofner-wird-neuer-CEO-der-Swisscom-Health-AG-management-und-qualitaet.jpg\",\"datePublished\":\"2016-09-23T06:47:31+00:00\",\"dateModified\":\"2017-03-01T07:51:09+00:00\",\"description\":\"Swisscom ernennt Thomas Bachofner zum neuen CEO der Swisscom Health AG.\",\"breadcrumb\":{\"@id\":\"https:\/\/www.m-q.ch\/en\/thomas-bachofner-will-new-ceo-of-swisscom-health-ag\/#breadcrumb\"},\"inLanguage\":\"fr-FR\",\"potentialAction\":[{\"@type\":\"ReadAction\",\"target\":[\"https:\/\/www.m-q.ch\/en\/thomas-bachofner-will-new-ceo-of-swisscom-health-ag\/\"]}]},{\"@type\":\"ImageObject\",\"inLanguage\":\"fr-FR\",\"@id\":\"https:\/\/www.m-q.ch\/en\/thomas-bachofner-will-new-ceo-of-swisscom-health-ag\/#primaryimage\",\"url\":\"https:\/\/www.m-q.ch\/wp-content\/uploads\/2016\/12\/Thomas-Bachofner-wird-neuer-CEO-der-Swisscom-Health-AG-management-und-qualitaet.jpg\",\"contentUrl\":\"https:\/\/www.m-q.ch\/wp-content\/uploads\/2016\/12\/Thomas-Bachofner-wird-neuer-CEO-der-Swisscom-Health-AG-management-und-qualitaet.jpg\",\"width\":640,\"height\":426,\"caption\":\"Thomas Bachofner, neuer CEO der Swisscom Health AG. (BIild: ZvG)\"},{\"@type\":\"BreadcrumbList\",\"@id\":\"https:\/\/www.m-q.ch\/en\/thomas-bachofner-will-new-ceo-of-swisscom-health-ag\/#breadcrumb\",\"itemListElement\":[{\"@type\":\"ListItem\",\"position\":1,\"name\":\"Unkategorisiert\",\"item\":\"https:\/\/www.m-q.ch\/it\/categoria\/senza-categoria\/\"},{\"@type\":\"ListItem\",\"position\":2,\"name\":\"Thomas Bachofner wird neuer CEO der Swisscom Health AG\"}]},{\"@type\":\"WebSite\",\"@id\":\"https:\/\/www.m-q.ch\/fr\/#website\",\"url\":\"https:\/\/www.m-q.ch\/fr\/\",\"name\":\"MQ Management und Qualit\u00e4t\",\"description\":\"Plattform f\u00fcr integrierte Managementsysteme.\",\"publisher\":{\"@id\":\"https:\/\/www.m-q.ch\/fr\/#organization\"},\"potentialAction\":[{\"@type\":\"SearchAction\",\"target\":{\"@type\":\"EntryPoint\",\"urlTemplate\":\"https:\/\/www.m-q.ch\/fr\/?s={search_term_string}\"},\"query-input\":{\"@type\":\"PropertyValueSpecification\",\"valueRequired\":true,\"valueName\":\"search_term_string\"}}],\"inLanguage\":\"fr-FR\"},{\"@type\":\"Organization\",\"@id\":\"https:\/\/www.m-q.ch\/fr\/#organization\",\"name\":\"Galledia Fachmedien AG\",\"url\":\"https:\/\/www.m-q.ch\/fr\/\",\"logo\":{\"@type\":\"ImageObject\",\"inLanguage\":\"fr-FR\",\"@id\":\"https:\/\/www.m-q.ch\/fr\/#\/schema\/logo\/image\/\",\"url\":\"https:\/\/www.m-q.ch\/wp-content\/uploads\/2020\/12\/cropped-logo_small.png\",\"contentUrl\":\"https:\/\/www.m-q.ch\/wp-content\/uploads\/2020\/12\/cropped-logo_small.png\",\"width\":512,\"height\":512,\"caption\":\"Galledia Fachmedien AG\"},\"image\":{\"@id\":\"https:\/\/www.m-q.ch\/fr\/#\/schema\/logo\/image\/\"},\"sameAs\":[\"https:\/\/www.facebook.com\/ManagementUndQualitaet\",\"https:\/\/www.linkedin.com\/showcase\/17982321\/admin\/\"]},{\"@type\":\"Person\",\"@id\":\"https:\/\/www.m-q.ch\/fr\/#\/schema\/person\/c0139a2c55a374db6df2cde78ec87148\",\"name\":\"galledia\",\"image\":{\"@type\":\"ImageObject\",\"inLanguage\":\"fr-FR\",\"@id\":\"https:\/\/www.m-q.ch\/fr\/#\/schema\/person\/image\/\",\"url\":\"https:\/\/secure.gravatar.com\/avatar\/66edf527eac29e9a5eb25bcada01f61a?s=96&d=mm&r=g\",\"contentUrl\":\"https:\/\/secure.gravatar.com\/avatar\/66edf527eac29e9a5eb25bcada01f61a?s=96&d=mm&r=g\",\"caption\":\"galledia\"},\"url\":\"https:\/\/www.m-q.ch\/fr\/author\/galledia\/\"}]}<\/script>\n<!-- \/ Yoast SEO plugin. -->","yoast_head_json":{"title":"Thomas Bachofner nomm\u00e9 nouveau CEO de Swisscom Health SA - MQ Management und Qualit\u00e4t","description":"Swisscom nomme Thomas Bachofner comme nouveau CEO de Swisscom Health SA.","robots":{"index":"index","follow":"follow","max-snippet":"max-snippet:-1","max-image-preview":"max-image-preview:large","max-video-preview":"max-video-preview:-1"},"canonical":"https:\/\/www.m-q.ch\/fr\/thomas-bachofner-sera-le-nouveau-chef-de-la-direction-de-swisscom-health-ag\/","og_locale":"fr_FR","og_type":"article","og_title":"Thomas Bachofner wird neuer CEO der Swisscom Health AG - MQ Management und Qualit\u00e4t","og_description":"Swisscom ernennt Thomas Bachofner zum neuen CEO der Swisscom Health AG.","og_url":"https:\/\/www.m-q.ch\/fr\/thomas-bachofner-sera-le-nouveau-chef-de-la-direction-de-swisscom-health-ag\/","og_site_name":"MQ Management und Qualit\u00e4t","article_publisher":"https:\/\/www.facebook.com\/ManagementUndQualitaet","article_published_time":"2016-09-23T06:47:31+00:00","article_modified_time":"2017-03-01T07:51:09+00:00","og_image":[{"width":640,"height":426,"url":"https:\/\/www.m-q.ch\/wp-content\/uploads\/2016\/12\/Thomas-Bachofner-wird-neuer-CEO-der-Swisscom-Health-AG-management-und-qualitaet.jpg","type":"image\/jpeg"}],"author":"galledia","twitter_card":"summary_large_image","twitter_misc":{"\u00c9crit par":"galledia","Dur\u00e9e de lecture estim\u00e9e":"1 minute"},"schema":{"@context":"https:\/\/schema.org","@graph":[{"@type":"Article","@id":"https:\/\/www.m-q.ch\/en\/thomas-bachofner-will-new-ceo-of-swisscom-health-ag\/#article","isPartOf":{"@id":"https:\/\/www.m-q.ch\/en\/thomas-bachofner-will-new-ceo-of-swisscom-health-ag\/"},"author":{"name":"galledia","@id":"https:\/\/www.m-q.ch\/fr\/#\/schema\/person\/c0139a2c55a374db6df2cde78ec87148"},"headline":"Thomas Bachofner wird neuer CEO der Swisscom Health AG","datePublished":"2016-09-23T06:47:31+00:00","dateModified":"2017-03-01T07:51:09+00:00","mainEntityOfPage":{"@id":"https:\/\/www.m-q.ch\/en\/thomas-bachofner-will-new-ceo-of-swisscom-health-ag\/"},"wordCount":216,"commentCount":0,"publisher":{"@id":"https:\/\/www.m-q.ch\/fr\/#organization"},"image":{"@id":"https:\/\/www.m-q.ch\/en\/thomas-bachofner-will-new-ceo-of-swisscom-health-ag\/#primaryimage"},"thumbnailUrl":"https:\/\/www.m-q.ch\/wp-content\/uploads\/2016\/12\/Thomas-Bachofner-wird-neuer-CEO-der-Swisscom-Health-AG-management-und-qualitaet.jpg","keywords":["Personalia"],"articleSection":["Unkategorisiert"],"inLanguage":"fr-FR"},{"@type":"WebPage","@id":"https:\/\/www.m-q.ch\/en\/thomas-bachofner-will-new-ceo-of-swisscom-health-ag\/","url":"https:\/\/www.m-q.ch\/en\/thomas-bachofner-will-new-ceo-of-swisscom-health-ag\/","name":"Thomas Bachofner nomm\u00e9 nouveau CEO de Swisscom Health SA - MQ Management und Qualit\u00e4t","isPartOf":{"@id":"https:\/\/www.m-q.ch\/fr\/#website"},"primaryImageOfPage":{"@id":"https:\/\/www.m-q.ch\/en\/thomas-bachofner-will-new-ceo-of-swisscom-health-ag\/#primaryimage"},"image":{"@id":"https:\/\/www.m-q.ch\/en\/thomas-bachofner-will-new-ceo-of-swisscom-health-ag\/#primaryimage"},"thumbnailUrl":"https:\/\/www.m-q.ch\/wp-content\/uploads\/2016\/12\/Thomas-Bachofner-wird-neuer-CEO-der-Swisscom-Health-AG-management-und-qualitaet.jpg","datePublished":"2016-09-23T06:47:31+00:00","dateModified":"2017-03-01T07:51:09+00:00","description":"Swisscom nomme Thomas Bachofner comme nouveau CEO de Swisscom Health SA.","breadcrumb":{"@id":"https:\/\/www.m-q.ch\/en\/thomas-bachofner-will-new-ceo-of-swisscom-health-ag\/#breadcrumb"},"inLanguage":"fr-FR","potentialAction":[{"@type":"ReadAction","target":["https:\/\/www.m-q.ch\/en\/thomas-bachofner-will-new-ceo-of-swisscom-health-ag\/"]}]},{"@type":"ImageObject","inLanguage":"fr-FR","@id":"https:\/\/www.m-q.ch\/en\/thomas-bachofner-will-new-ceo-of-swisscom-health-ag\/#primaryimage","url":"https:\/\/www.m-q.ch\/wp-content\/uploads\/2016\/12\/Thomas-Bachofner-wird-neuer-CEO-der-Swisscom-Health-AG-management-und-qualitaet.jpg","contentUrl":"https:\/\/www.m-q.ch\/wp-content\/uploads\/2016\/12\/Thomas-Bachofner-wird-neuer-CEO-der-Swisscom-Health-AG-management-und-qualitaet.jpg","width":640,"height":426,"caption":"Thomas Bachofner, neuer CEO der Swisscom Health AG. (BIild: ZvG)"},{"@type":"BreadcrumbList","@id":"https:\/\/www.m-q.ch\/en\/thomas-bachofner-will-new-ceo-of-swisscom-health-ag\/#breadcrumb","itemListElement":[{"@type":"ListItem","position":1,"name":"Unkategorisiert","item":"https:\/\/www.m-q.ch\/it\/categoria\/senza-categoria\/"},{"@type":"ListItem","position":2,"name":"Thomas Bachofner wird neuer CEO der Swisscom Health AG"}]},{"@type":"WebSite","@id":"https:\/\/www.m-q.ch\/fr\/#website","url":"https:\/\/www.m-q.ch\/fr\/","name":"Gestion et qualit\u00e9 du QM","description":"Plate-forme pour les syst\u00e8mes de gestion int\u00e9gr\u00e9e.","publisher":{"@id":"https:\/\/www.m-q.ch\/fr\/#organization"},"potentialAction":[{"@type":"SearchAction","target":{"@type":"EntryPoint","urlTemplate":"https:\/\/www.m-q.ch\/fr\/?s={search_term_string}"},"query-input":{"@type":"PropertyValueSpecification","valueRequired":true,"valueName":"search_term_string"}}],"inLanguage":"fr-FR"},{"@type":"Organization","@id":"https:\/\/www.m-q.ch\/fr\/#organization","name":"Galledia Trade Media AG","url":"https:\/\/www.m-q.ch\/fr\/","logo":{"@type":"ImageObject","inLanguage":"fr-FR","@id":"https:\/\/www.m-q.ch\/fr\/#\/schema\/logo\/image\/","url":"https:\/\/www.m-q.ch\/wp-content\/uploads\/2020\/12\/cropped-logo_small.png","contentUrl":"https:\/\/www.m-q.ch\/wp-content\/uploads\/2020\/12\/cropped-logo_small.png","width":512,"height":512,"caption":"Galledia Fachmedien AG"},"image":{"@id":"https:\/\/www.m-q.ch\/fr\/#\/schema\/logo\/image\/"},"sameAs":["https:\/\/www.facebook.com\/ManagementUndQualitaet","https:\/\/www.linkedin.com\/showcase\/17982321\/admin\/"]},{"@type":"Person","@id":"https:\/\/www.m-q.ch\/fr\/#\/schema\/person\/c0139a2c55a374db6df2cde78ec87148","name":"galledia","image":{"@type":"ImageObject","inLanguage":"fr-FR","@id":"https:\/\/www.m-q.ch\/fr\/#\/schema\/person\/image\/","url":"https:\/\/secure.gravatar.com\/avatar\/66edf527eac29e9a5eb25bcada01f61a?s=96&d=mm&r=g","contentUrl":"https:\/\/secure.gravatar.com\/avatar\/66edf527eac29e9a5eb25bcada01f61a?s=96&d=mm&r=g","caption":"galledia"},"url":"https:\/\/www.m-q.ch\/fr\/author\/galledia\/"}]}},"_links":{"self":[{"href":"https:\/\/www.m-q.ch\/fr\/wp-json\/wp\/v2\/posts\/571","targetHints":{"allow":["GET"]}}],"collection":[{"href":"https:\/\/www.m-q.ch\/fr\/wp-json\/wp\/v2\/posts"}],"about":[{"href":"https:\/\/www.m-q.ch\/fr\/wp-json\/wp\/v2\/types\/post"}],"author":[{"embeddable":true,"href":"https:\/\/www.m-q.ch\/fr\/wp-json\/wp\/v2\/users\/1"}],"replies":[{"embeddable":true,"href":"https:\/\/www.m-q.ch\/fr\/wp-json\/wp\/v2\/comments?post=571"}],"version-history":[{"count":2,"href":"https:\/\/www.m-q.ch\/fr\/wp-json\/wp\/v2\/posts\/571\/revisions"}],"predecessor-version":[{"id":1049,"href":"https:\/\/www.m-q.ch\/fr\/wp-json\/wp\/v2\/posts\/571\/revisions\/1049"}],"wp:featuredmedia":[{"embeddable":true,"href":"https:\/\/www.m-q.ch\/fr\/wp-json\/wp\/v2\/media\/238"}],"wp:attachment":[{"href":"https:\/\/www.m-q.ch\/fr\/wp-json\/wp\/v2\/media?parent=571"}],"wp:term":[{"taxonomy":"category","embeddable":true,"href":"https:\/\/www.m-q.ch\/fr\/wp-json\/wp\/v2\/categories?post=571"},{"taxonomy":"post_tag","embeddable":true,"href":"https:\/\/www.m-q.ch\/fr\/wp-json\/wp\/v2\/tags?post=571"}],"curies":[{"name":"wp","href":"https:\/\/api.w.org\/{rel}","templated":true}]}}