{"id":577,"date":"2016-09-27T08:49:58","date_gmt":"2016-09-27T06:49:58","guid":{"rendered":"http:\/\/dev.m-q.ch\/?p=577"},"modified":"2017-03-01T08:48:08","modified_gmt":"2017-03-01T07:48:08","slug":"comment-liot-change-notre-societe","status":"publish","type":"post","link":"https:\/\/www.m-q.ch\/fr\/wie-das-iot-unsere-gesellschaft-aendert\/","title":{"rendered":"Comment l'IdO change notre soci\u00e9t\u00e9"},"content":{"rendered":"<figure id=\"attachment_252\" aria-describedby=\"caption-attachment-252\" style=\"width: 348px\" class=\"wp-caption alignnone\"><a href=\"https:\/\/m-q.ch\/wp-content\/uploads\/2016\/12\/Wie-das-IoT-unsere-Gesellschaft-\u00e4ndert-management-und-qualitaet.jpg\"><img loading=\"lazy\" decoding=\"async\" class=\"wp-image-252 size-full\" src=\"https:\/\/www.m-q.ch\/wp-content\/uploads\/2016\/12\/Wie-das-IoT-unsere-Gesellschaft-\u00e4ndert-management-und-qualitaet.jpg\" width=\"348\" height=\"519\" srcset=\"https:\/\/www.m-q.ch\/wp-content\/uploads\/2016\/12\/Wie-das-IoT-unsere-Gesellschaft-\u00e4ndert-management-und-qualitaet.jpg 348w, https:\/\/www.m-q.ch\/wp-content\/uploads\/2016\/12\/Wie-das-IoT-unsere-Gesellschaft-\u00e4ndert-management-und-qualitaet-8x12.jpg 8w, https:\/\/www.m-q.ch\/wp-content\/uploads\/2016\/12\/Wie-das-IoT-unsere-Gesellschaft-\u00e4ndert-management-und-qualitaet-117x175.jpg 117w, https:\/\/www.m-q.ch\/wp-content\/uploads\/2016\/12\/Wie-das-IoT-unsere-Gesellschaft-\u00e4ndert-management-und-qualitaet-235x350.jpg 235w, https:\/\/www.m-q.ch\/wp-content\/uploads\/2016\/12\/Wie-das-IoT-unsere-Gesellschaft-\u00e4ndert-management-und-qualitaet-300x447.jpg 300w\" sizes=\"auto, (max-width: 348px) 100vw, 348px\" \/><\/a><figcaption id=\"caption-attachment-252\" class=\"wp-caption-text\">(Image : photo de d\u00e9p\u00f4t)<\/figcaption><\/figure>\n<blockquote><p>Chaque entreprise doit trouver par elle-m\u00eame comment passer de cha\u00eenes de valeur rigides \u00e0 des r\u00e9seaux de valeur dynamiques.<\/p><\/blockquote>\n<p>Le Conseil diplomatique consid\u00e8re l'Internet des objets comme allant bien au-del\u00e0 d'une technologie et comme un moteur de changement dans les fondements de la vie humaine. \"L'Internet des objets comble le foss\u00e9 entre la num\u00e9risation du monde et la r\u00e9alit\u00e9 quotidienne, et repr\u00e9sente donc une \u00e9volution fondamentale aux cons\u00e9quences consid\u00e9rables pour l'avenir de la civilisation dans son ensemble\", explique le repr\u00e9sentant sp\u00e9cial, le Dr Michael Fuchs. Il souligne que la Commission des Nations unies pour la science et la technologie a fait de l'IdO un th\u00e8me cl\u00e9 de son programme pour 2030.<\/p>\n<p><strong>De meilleures fonctions en temps r\u00e9el<\/strong><\/p>\n<p>Le pr\u00e9sident Otto Schell ajoute : \"L'IdO permet un autre type de collaboration gr\u00e2ce \u00e0 la transparence et \u00e0 la rapidit\u00e9 de la technologie. Pour les entreprises, avec les technologies en temps r\u00e9el et leur distribution, par exemple via des smartphones ou des plateformes ouvertes, l'obstacle \u00e0 l'entr\u00e9e sur le march\u00e9 est plus faible que jamais. Cela explique l'effet de la num\u00e9risation du point de vue du march\u00e9. Du point de vue de l'entreprise, la num\u00e9risation signifie le flux de donn\u00e9es, par exemple via des capteurs, dans les processus commerciaux et sur le march\u00e9, par exemple via les relations avec les clients. En d'autres termes, ce que la num\u00e9risation signifie, c'est le flux de logiciels dans les transactions et les analyses\".<\/p>\n<p><strong>Des principes, des normes, des r\u00e8gles ?<\/strong><\/p>\n<p>Les gouvernements, le secteur priv\u00e9 et la soci\u00e9t\u00e9 civile sont \u00e9galement mis au d\u00e9fi, dans leurs r\u00f4les respectifs, d'\u00e9laborer des principes, des normes, des r\u00e8gles et des approches communes en mati\u00e8re de prise de d\u00e9cision qui guideront le d\u00e9veloppement et l'utilisation futurs de la num\u00e9risation. L'Internet des objets repr\u00e9sente l'extension de l'Internet dans le monde r\u00e9el, de sorte que de nombreux objets quotidiens deviennent partie int\u00e9grante de l'Internet. \"Une des cons\u00e9quences est l'impact direct sur les processus commerciaux de bout en bout, c'est-\u00e0-dire l'automatisation de bout en bout des processus que cela permet. Dans de nombreuses cha\u00eenes de processus, cela cr\u00e9e une transparence qui est surprenante pour de nombreux acteurs du march\u00e9 et qui n'est pas toujours souhait\u00e9e\", d\u00e9clare Otto Schell, pr\u00e9sident de la DC.<\/p>\n<p><strong>Principaux leviers de transformation<\/strong><\/p>\n<p>Michael Fuchs, repr\u00e9sentant sp\u00e9cial de la Commission europ\u00e9enne, explique : \"La mise en r\u00e9seau par l'Internet des objets va progressivement toucher toutes les industries. Au-del\u00e0 du progr\u00e8s technologique, l'accent sera mis sur les nouveaux mod\u00e8les commerciaux qui d\u00e9coulent de la mise en r\u00e9seau, des donn\u00e9es qui en r\u00e9sultent et de leur \u00e9valuation. Les quatre leviers de la transformation num\u00e9rique sont les donn\u00e9es num\u00e9riques, l'automatisation, l'acc\u00e8s num\u00e9rique des clients et la mise en r\u00e9seau.<\/p>\n<p>Chaque entreprise doit trouver par elle-m\u00eame comment passer de cha\u00eenes de valeur rigides \u00e0 des r\u00e9seaux de valeur dynamiques.<\/p>\n<p>Cela est li\u00e9 au d\u00e9veloppement de nouveaux mod\u00e8les commerciaux innovants. Ce qui, \u00e0 l'inverse, signifie que les entreprises peuvent tr\u00e8s bien s'engager dans le mod\u00e8le commercial actuel en sachant qu'il peut \u00eatre temporaire\".<\/p>\n<p><strong>Un juste \u00e9quilibre des int\u00e9r\u00eats<\/strong><\/p>\n<p>Le Conseil diplomatique poursuit l'objectif de veiller \u00e0 ce que les possibilit\u00e9s offertes par la num\u00e9risation profitent \u00e0 tous, partout et dans la m\u00eame mesure. Le PED s'efforce de trouver un juste \u00e9quilibre entre les int\u00e9r\u00eats de tous les pays, ainsi que de la soci\u00e9t\u00e9 civile, des universit\u00e9s et du secteur priv\u00e9 du monde entier.<\/p>\n<p><em>\u00c0 cette fin, le Conseil diplomatique, sous l'\u00e9gide de l <a href=\"http:\/\/www.diplomatic-council.org\" target=\"_blank\" rel=\"noreferrer\" data-cke-saved-href=\"http:\/\/www.diplomatic-council.org\">www.diplomatic-council.org<\/a> a publi\u00e9 un livre blanc sur l'IdO (auteurs : Dr. Michael Fuchs et Otto Schell).<\/em><\/p>\n<p><em>Il compl\u00e8te un livre blanc sur l'impact des logiciels sur les entreprises et la soci\u00e9t\u00e9 civile (auteur : Andreas Espenschied), qui est \u00e9galement disponible \u00e0 l'adresse <a href=\"http:\/\/www.diplomatic-council.org\" target=\"_blank\" rel=\"noreferrer\" data-cke-saved-href=\"http:\/\/www.diplomatic-council.org\">www.diplomatic-council.org<\/a> est visible.<\/em><\/p>\n<p>&nbsp;<\/p>","protected":false},"excerpt":{"rendered":"<p>Jedes Unternehmen muss f\u00fcr sich herausfinden, wie es von starren Wertsch\u00f6pfungsketten zu dynamischen Wertsch\u00f6pfungsnetzwerk kommt. Das Diplomatic Council versteht das Internet of Things weit \u00fcber eine Technologie hinausgehend als einen Motor der Ver\u00e4nderung der Lebensgrundlagen der Menschheit. \u201eDas Internet of Things bildet die Br\u00fccke zwischen der Digitalisierung der Welt und der allt\u00e4glichen Realit\u00e4t und stellt [&hellip;]<\/p>\n","protected":false},"author":1,"featured_media":252,"comment_status":"open","ping_status":"open","sticky":false,"template":"","format":"standard","meta":{"_acf_changed":false,"footnotes":""},"categories":[1],"tags":[3372],"class_list":["post-577","post","type-post","status-publish","format-standard","has-post-thumbnail","hentry","category-unkategorisiert","tag-digitalisierung"],"acf":[],"yoast_head":"<!-- This site is optimized with the Yoast SEO plugin v26.2 - https:\/\/yoast.com\/wordpress\/plugins\/seo\/ -->\n<title>Wie das IoT unsere Gesellschaft \u00e4ndert - MQ Management und Qualit\u00e4t<\/title>\n<meta name=\"description\" content=\"Das Internet der Dinge (Engl.: Internet of Things (IoT)) wird in den n\u00e4chsten Jahren das Alltagsleben von Milliarden von Menschen nachhaltig ver\u00e4ndern.\" \/>\n<meta name=\"robots\" content=\"index, follow, max-snippet:-1, max-image-preview:large, max-video-preview:-1\" \/>\n<link rel=\"canonical\" href=\"https:\/\/www.m-q.ch\/fr\/comment-liot-change-notre-societe\/\" \/>\n<meta property=\"og:locale\" content=\"fr_FR\" \/>\n<meta property=\"og:type\" content=\"article\" \/>\n<meta property=\"og:title\" content=\"Wie das IoT unsere Gesellschaft \u00e4ndert - MQ Management und Qualit\u00e4t\" \/>\n<meta property=\"og:description\" content=\"Das Internet der Dinge (Engl.: Internet of Things (IoT)) wird in den n\u00e4chsten Jahren das Alltagsleben von Milliarden von Menschen nachhaltig ver\u00e4ndern.\" \/>\n<meta property=\"og:url\" content=\"https:\/\/www.m-q.ch\/fr\/comment-liot-change-notre-societe\/\" \/>\n<meta property=\"og:site_name\" content=\"MQ Management und Qualit\u00e4t\" \/>\n<meta property=\"article:publisher\" content=\"https:\/\/www.facebook.com\/ManagementUndQualitaet\" \/>\n<meta property=\"article:published_time\" content=\"2016-09-27T06:49:58+00:00\" \/>\n<meta property=\"article:modified_time\" content=\"2017-03-01T07:48:08+00:00\" \/>\n<meta property=\"og:image\" content=\"https:\/\/www.m-q.ch\/wp-content\/uploads\/2016\/12\/Wie-das-IoT-unsere-Gesellschaft-\u00e4ndert-management-und-qualitaet.jpg\" \/>\n\t<meta property=\"og:image:width\" content=\"348\" \/>\n\t<meta property=\"og:image:height\" content=\"519\" \/>\n\t<meta property=\"og:image:type\" content=\"image\/jpeg\" \/>\n<meta name=\"author\" content=\"galledia\" \/>\n<meta name=\"twitter:card\" content=\"summary_large_image\" \/>\n<meta name=\"twitter:label1\" content=\"\u00c9crit par\" \/>\n\t<meta name=\"twitter:data1\" content=\"galledia\" \/>\n\t<meta name=\"twitter:label2\" content=\"Dur\u00e9e de lecture estim\u00e9e\" \/>\n\t<meta name=\"twitter:data2\" content=\"3 minutes\" \/>\n<script type=\"application\/ld+json\" class=\"yoast-schema-graph\">{\"@context\":\"https:\/\/schema.org\",\"@graph\":[{\"@type\":\"Article\",\"@id\":\"https:\/\/www.m-q.ch\/de\/wie-das-iot-unsere-gesellschaft-aendert\/#article\",\"isPartOf\":{\"@id\":\"https:\/\/www.m-q.ch\/de\/wie-das-iot-unsere-gesellschaft-aendert\/\"},\"author\":{\"name\":\"galledia\",\"@id\":\"https:\/\/www.m-q.ch\/fr\/#\/schema\/person\/c0139a2c55a374db6df2cde78ec87148\"},\"headline\":\"Wie das IoT unsere Gesellschaft \u00e4ndert\",\"datePublished\":\"2016-09-27T06:49:58+00:00\",\"dateModified\":\"2017-03-01T07:48:08+00:00\",\"mainEntityOfPage\":{\"@id\":\"https:\/\/www.m-q.ch\/de\/wie-das-iot-unsere-gesellschaft-aendert\/\"},\"wordCount\":550,\"commentCount\":0,\"publisher\":{\"@id\":\"https:\/\/www.m-q.ch\/fr\/#organization\"},\"image\":{\"@id\":\"https:\/\/www.m-q.ch\/de\/wie-das-iot-unsere-gesellschaft-aendert\/#primaryimage\"},\"thumbnailUrl\":\"https:\/\/www.m-q.ch\/wp-content\/uploads\/2016\/12\/Wie-das-IoT-unsere-Gesellschaft-\u00e4ndert-management-und-qualitaet.jpg\",\"keywords\":[\"Digitalisierung\"],\"articleSection\":[\"Unkategorisiert\"],\"inLanguage\":\"fr-FR\"},{\"@type\":\"WebPage\",\"@id\":\"https:\/\/www.m-q.ch\/de\/wie-das-iot-unsere-gesellschaft-aendert\/\",\"url\":\"https:\/\/www.m-q.ch\/de\/wie-das-iot-unsere-gesellschaft-aendert\/\",\"name\":\"Wie das IoT unsere Gesellschaft \u00e4ndert - MQ Management und Qualit\u00e4t\",\"isPartOf\":{\"@id\":\"https:\/\/www.m-q.ch\/fr\/#website\"},\"primaryImageOfPage\":{\"@id\":\"https:\/\/www.m-q.ch\/de\/wie-das-iot-unsere-gesellschaft-aendert\/#primaryimage\"},\"image\":{\"@id\":\"https:\/\/www.m-q.ch\/de\/wie-das-iot-unsere-gesellschaft-aendert\/#primaryimage\"},\"thumbnailUrl\":\"https:\/\/www.m-q.ch\/wp-content\/uploads\/2016\/12\/Wie-das-IoT-unsere-Gesellschaft-\u00e4ndert-management-und-qualitaet.jpg\",\"datePublished\":\"2016-09-27T06:49:58+00:00\",\"dateModified\":\"2017-03-01T07:48:08+00:00\",\"description\":\"Das Internet der Dinge (Engl.: Internet of Things (IoT)) wird in den n\u00e4chsten Jahren das Alltagsleben von Milliarden von Menschen nachhaltig ver\u00e4ndern.\",\"breadcrumb\":{\"@id\":\"https:\/\/www.m-q.ch\/de\/wie-das-iot-unsere-gesellschaft-aendert\/#breadcrumb\"},\"inLanguage\":\"fr-FR\",\"potentialAction\":[{\"@type\":\"ReadAction\",\"target\":[\"https:\/\/www.m-q.ch\/de\/wie-das-iot-unsere-gesellschaft-aendert\/\"]}]},{\"@type\":\"ImageObject\",\"inLanguage\":\"fr-FR\",\"@id\":\"https:\/\/www.m-q.ch\/de\/wie-das-iot-unsere-gesellschaft-aendert\/#primaryimage\",\"url\":\"https:\/\/www.m-q.ch\/wp-content\/uploads\/2016\/12\/Wie-das-IoT-unsere-Gesellschaft-\u00e4ndert-management-und-qualitaet.jpg\",\"contentUrl\":\"https:\/\/www.m-q.ch\/wp-content\/uploads\/2016\/12\/Wie-das-IoT-unsere-Gesellschaft-\u00e4ndert-management-und-qualitaet.jpg\",\"width\":348,\"height\":519,\"caption\":\"(Bild: depositphoto)\"},{\"@type\":\"BreadcrumbList\",\"@id\":\"https:\/\/www.m-q.ch\/de\/wie-das-iot-unsere-gesellschaft-aendert\/#breadcrumb\",\"itemListElement\":[{\"@type\":\"ListItem\",\"position\":1,\"name\":\"Unkategorisiert\",\"item\":\"https:\/\/www.m-q.ch\/it\/categoria\/senza-categoria\/\"},{\"@type\":\"ListItem\",\"position\":2,\"name\":\"Wie das IoT unsere Gesellschaft \u00e4ndert\"}]},{\"@type\":\"WebSite\",\"@id\":\"https:\/\/www.m-q.ch\/fr\/#website\",\"url\":\"https:\/\/www.m-q.ch\/fr\/\",\"name\":\"MQ Management und Qualit\u00e4t\",\"description\":\"Plattform f\u00fcr integrierte Managementsysteme.\",\"publisher\":{\"@id\":\"https:\/\/www.m-q.ch\/fr\/#organization\"},\"potentialAction\":[{\"@type\":\"SearchAction\",\"target\":{\"@type\":\"EntryPoint\",\"urlTemplate\":\"https:\/\/www.m-q.ch\/fr\/?s={search_term_string}\"},\"query-input\":{\"@type\":\"PropertyValueSpecification\",\"valueRequired\":true,\"valueName\":\"search_term_string\"}}],\"inLanguage\":\"fr-FR\"},{\"@type\":\"Organization\",\"@id\":\"https:\/\/www.m-q.ch\/fr\/#organization\",\"name\":\"Galledia Fachmedien AG\",\"url\":\"https:\/\/www.m-q.ch\/fr\/\",\"logo\":{\"@type\":\"ImageObject\",\"inLanguage\":\"fr-FR\",\"@id\":\"https:\/\/www.m-q.ch\/fr\/#\/schema\/logo\/image\/\",\"url\":\"https:\/\/www.m-q.ch\/wp-content\/uploads\/2020\/12\/cropped-logo_small.png\",\"contentUrl\":\"https:\/\/www.m-q.ch\/wp-content\/uploads\/2020\/12\/cropped-logo_small.png\",\"width\":512,\"height\":512,\"caption\":\"Galledia Fachmedien AG\"},\"image\":{\"@id\":\"https:\/\/www.m-q.ch\/fr\/#\/schema\/logo\/image\/\"},\"sameAs\":[\"https:\/\/www.facebook.com\/ManagementUndQualitaet\",\"https:\/\/www.linkedin.com\/showcase\/17982321\/admin\/\"]},{\"@type\":\"Person\",\"@id\":\"https:\/\/www.m-q.ch\/fr\/#\/schema\/person\/c0139a2c55a374db6df2cde78ec87148\",\"name\":\"galledia\",\"image\":{\"@type\":\"ImageObject\",\"inLanguage\":\"fr-FR\",\"@id\":\"https:\/\/www.m-q.ch\/fr\/#\/schema\/person\/image\/\",\"url\":\"https:\/\/secure.gravatar.com\/avatar\/66edf527eac29e9a5eb25bcada01f61a?s=96&d=mm&r=g\",\"contentUrl\":\"https:\/\/secure.gravatar.com\/avatar\/66edf527eac29e9a5eb25bcada01f61a?s=96&d=mm&r=g\",\"caption\":\"galledia\"},\"url\":\"https:\/\/www.m-q.ch\/fr\/author\/galledia\/\"}]}<\/script>\n<!-- \/ Yoast SEO plugin. -->","yoast_head_json":{"title":"Comment l'IdO change notre soci\u00e9t\u00e9 - MQ Management and Quality","description":"L'internet des objets (IdO) va changer de fa\u00e7on permanente la vie quotidienne de milliards de personnes dans les ann\u00e9es \u00e0 venir.","robots":{"index":"index","follow":"follow","max-snippet":"max-snippet:-1","max-image-preview":"max-image-preview:large","max-video-preview":"max-video-preview:-1"},"canonical":"https:\/\/www.m-q.ch\/fr\/comment-liot-change-notre-societe\/","og_locale":"fr_FR","og_type":"article","og_title":"Wie das IoT unsere Gesellschaft \u00e4ndert - MQ Management und Qualit\u00e4t","og_description":"Das Internet der Dinge (Engl.: Internet of Things (IoT)) wird in den n\u00e4chsten Jahren das Alltagsleben von Milliarden von Menschen nachhaltig ver\u00e4ndern.","og_url":"https:\/\/www.m-q.ch\/fr\/comment-liot-change-notre-societe\/","og_site_name":"MQ Management und Qualit\u00e4t","article_publisher":"https:\/\/www.facebook.com\/ManagementUndQualitaet","article_published_time":"2016-09-27T06:49:58+00:00","article_modified_time":"2017-03-01T07:48:08+00:00","og_image":[{"width":348,"height":519,"url":"https:\/\/www.m-q.ch\/wp-content\/uploads\/2016\/12\/Wie-das-IoT-unsere-Gesellschaft-\u00e4ndert-management-und-qualitaet.jpg","type":"image\/jpeg"}],"author":"galledia","twitter_card":"summary_large_image","twitter_misc":{"\u00c9crit par":"galledia","Dur\u00e9e de lecture estim\u00e9e":"3 minutes"},"schema":{"@context":"https:\/\/schema.org","@graph":[{"@type":"Article","@id":"https:\/\/www.m-q.ch\/de\/wie-das-iot-unsere-gesellschaft-aendert\/#article","isPartOf":{"@id":"https:\/\/www.m-q.ch\/de\/wie-das-iot-unsere-gesellschaft-aendert\/"},"author":{"name":"galledia","@id":"https:\/\/www.m-q.ch\/fr\/#\/schema\/person\/c0139a2c55a374db6df2cde78ec87148"},"headline":"Wie das IoT unsere Gesellschaft \u00e4ndert","datePublished":"2016-09-27T06:49:58+00:00","dateModified":"2017-03-01T07:48:08+00:00","mainEntityOfPage":{"@id":"https:\/\/www.m-q.ch\/de\/wie-das-iot-unsere-gesellschaft-aendert\/"},"wordCount":550,"commentCount":0,"publisher":{"@id":"https:\/\/www.m-q.ch\/fr\/#organization"},"image":{"@id":"https:\/\/www.m-q.ch\/de\/wie-das-iot-unsere-gesellschaft-aendert\/#primaryimage"},"thumbnailUrl":"https:\/\/www.m-q.ch\/wp-content\/uploads\/2016\/12\/Wie-das-IoT-unsere-Gesellschaft-\u00e4ndert-management-und-qualitaet.jpg","keywords":["Digitalisierung"],"articleSection":["Unkategorisiert"],"inLanguage":"fr-FR"},{"@type":"WebPage","@id":"https:\/\/www.m-q.ch\/de\/wie-das-iot-unsere-gesellschaft-aendert\/","url":"https:\/\/www.m-q.ch\/de\/wie-das-iot-unsere-gesellschaft-aendert\/","name":"Comment l'IdO change notre soci\u00e9t\u00e9 - MQ Management and Quality","isPartOf":{"@id":"https:\/\/www.m-q.ch\/fr\/#website"},"primaryImageOfPage":{"@id":"https:\/\/www.m-q.ch\/de\/wie-das-iot-unsere-gesellschaft-aendert\/#primaryimage"},"image":{"@id":"https:\/\/www.m-q.ch\/de\/wie-das-iot-unsere-gesellschaft-aendert\/#primaryimage"},"thumbnailUrl":"https:\/\/www.m-q.ch\/wp-content\/uploads\/2016\/12\/Wie-das-IoT-unsere-Gesellschaft-\u00e4ndert-management-und-qualitaet.jpg","datePublished":"2016-09-27T06:49:58+00:00","dateModified":"2017-03-01T07:48:08+00:00","description":"L'internet des objets (IdO) va changer de fa\u00e7on permanente la vie quotidienne de milliards de personnes dans les ann\u00e9es \u00e0 venir.","breadcrumb":{"@id":"https:\/\/www.m-q.ch\/de\/wie-das-iot-unsere-gesellschaft-aendert\/#breadcrumb"},"inLanguage":"fr-FR","potentialAction":[{"@type":"ReadAction","target":["https:\/\/www.m-q.ch\/de\/wie-das-iot-unsere-gesellschaft-aendert\/"]}]},{"@type":"ImageObject","inLanguage":"fr-FR","@id":"https:\/\/www.m-q.ch\/de\/wie-das-iot-unsere-gesellschaft-aendert\/#primaryimage","url":"https:\/\/www.m-q.ch\/wp-content\/uploads\/2016\/12\/Wie-das-IoT-unsere-Gesellschaft-\u00e4ndert-management-und-qualitaet.jpg","contentUrl":"https:\/\/www.m-q.ch\/wp-content\/uploads\/2016\/12\/Wie-das-IoT-unsere-Gesellschaft-\u00e4ndert-management-und-qualitaet.jpg","width":348,"height":519,"caption":"(Bild: depositphoto)"},{"@type":"BreadcrumbList","@id":"https:\/\/www.m-q.ch\/de\/wie-das-iot-unsere-gesellschaft-aendert\/#breadcrumb","itemListElement":[{"@type":"ListItem","position":1,"name":"Unkategorisiert","item":"https:\/\/www.m-q.ch\/it\/categoria\/senza-categoria\/"},{"@type":"ListItem","position":2,"name":"Wie das IoT unsere Gesellschaft \u00e4ndert"}]},{"@type":"WebSite","@id":"https:\/\/www.m-q.ch\/fr\/#website","url":"https:\/\/www.m-q.ch\/fr\/","name":"Gestion et qualit\u00e9 du QM","description":"Plate-forme pour les syst\u00e8mes de gestion int\u00e9gr\u00e9e.","publisher":{"@id":"https:\/\/www.m-q.ch\/fr\/#organization"},"potentialAction":[{"@type":"SearchAction","target":{"@type":"EntryPoint","urlTemplate":"https:\/\/www.m-q.ch\/fr\/?s={search_term_string}"},"query-input":{"@type":"PropertyValueSpecification","valueRequired":true,"valueName":"search_term_string"}}],"inLanguage":"fr-FR"},{"@type":"Organization","@id":"https:\/\/www.m-q.ch\/fr\/#organization","name":"Galledia Trade Media AG","url":"https:\/\/www.m-q.ch\/fr\/","logo":{"@type":"ImageObject","inLanguage":"fr-FR","@id":"https:\/\/www.m-q.ch\/fr\/#\/schema\/logo\/image\/","url":"https:\/\/www.m-q.ch\/wp-content\/uploads\/2020\/12\/cropped-logo_small.png","contentUrl":"https:\/\/www.m-q.ch\/wp-content\/uploads\/2020\/12\/cropped-logo_small.png","width":512,"height":512,"caption":"Galledia Fachmedien AG"},"image":{"@id":"https:\/\/www.m-q.ch\/fr\/#\/schema\/logo\/image\/"},"sameAs":["https:\/\/www.facebook.com\/ManagementUndQualitaet","https:\/\/www.linkedin.com\/showcase\/17982321\/admin\/"]},{"@type":"Person","@id":"https:\/\/www.m-q.ch\/fr\/#\/schema\/person\/c0139a2c55a374db6df2cde78ec87148","name":"galledia","image":{"@type":"ImageObject","inLanguage":"fr-FR","@id":"https:\/\/www.m-q.ch\/fr\/#\/schema\/person\/image\/","url":"https:\/\/secure.gravatar.com\/avatar\/66edf527eac29e9a5eb25bcada01f61a?s=96&d=mm&r=g","contentUrl":"https:\/\/secure.gravatar.com\/avatar\/66edf527eac29e9a5eb25bcada01f61a?s=96&d=mm&r=g","caption":"galledia"},"url":"https:\/\/www.m-q.ch\/fr\/author\/galledia\/"}]}},"_links":{"self":[{"href":"https:\/\/www.m-q.ch\/fr\/wp-json\/wp\/v2\/posts\/577","targetHints":{"allow":["GET"]}}],"collection":[{"href":"https:\/\/www.m-q.ch\/fr\/wp-json\/wp\/v2\/posts"}],"about":[{"href":"https:\/\/www.m-q.ch\/fr\/wp-json\/wp\/v2\/types\/post"}],"author":[{"embeddable":true,"href":"https:\/\/www.m-q.ch\/fr\/wp-json\/wp\/v2\/users\/1"}],"replies":[{"embeddable":true,"href":"https:\/\/www.m-q.ch\/fr\/wp-json\/wp\/v2\/comments?post=577"}],"version-history":[{"count":2,"href":"https:\/\/www.m-q.ch\/fr\/wp-json\/wp\/v2\/posts\/577\/revisions"}],"predecessor-version":[{"id":1046,"href":"https:\/\/www.m-q.ch\/fr\/wp-json\/wp\/v2\/posts\/577\/revisions\/1046"}],"wp:featuredmedia":[{"embeddable":true,"href":"https:\/\/www.m-q.ch\/fr\/wp-json\/wp\/v2\/media\/252"}],"wp:attachment":[{"href":"https:\/\/www.m-q.ch\/fr\/wp-json\/wp\/v2\/media?parent=577"}],"wp:term":[{"taxonomy":"category","embeddable":true,"href":"https:\/\/www.m-q.ch\/fr\/wp-json\/wp\/v2\/categories?post=577"},{"taxonomy":"post_tag","embeddable":true,"href":"https:\/\/www.m-q.ch\/fr\/wp-json\/wp\/v2\/tags?post=577"}],"curies":[{"name":"wp","href":"https:\/\/api.w.org\/{rel}","templated":true}]}}