{"id":599,"date":"2016-10-12T09:13:06","date_gmt":"2016-10-12T07:13:06","guid":{"rendered":"http:\/\/dev.m-q.ch\/?p=599"},"modified":"2017-03-01T08:33:52","modified_gmt":"2017-03-01T07:33:52","slug":"gestion-commune-des-donnees-de-laboratoire-entre-labfolder-et-la-societe-max-planck","status":"publish","type":"post","link":"https:\/\/www.m-q.ch\/fr\/gemeinsames-labordatenmanagement-zwischen-labfolder-und-max-planck-gesellschaft\/","title":{"rendered":"Gestion conjointe des donn\u00e9es de laboratoire entre le labfolder et la soci\u00e9t\u00e9 Max Planck"},"content":{"rendered":"<figure id=\"attachment_125\" aria-describedby=\"caption-attachment-125\" style=\"width: 640px\" class=\"wp-caption alignnone\"><a href=\"https:\/\/m-q.ch\/wp-content\/uploads\/2016\/12\/Gemeinsames-Labordatenmanagement-zwischen-labfolder-und-Max-Planck-Gesellschaft-management-und-qualitaet.jpg\"><img loading=\"lazy\" decoding=\"async\" class=\"wp-image-125 size-full\" src=\"https:\/\/www.m-q.ch\/wp-content\/uploads\/2016\/12\/Gemeinsames-Labordatenmanagement-zwischen-labfolder-und-Max-Planck-Gesellschaft-management-und-qualitaet.jpg\" width=\"640\" height=\"427\" srcset=\"https:\/\/www.m-q.ch\/wp-content\/uploads\/2016\/12\/Gemeinsames-Labordatenmanagement-zwischen-labfolder-und-Max-Planck-Gesellschaft-management-und-qualitaet.jpg 640w, https:\/\/www.m-q.ch\/wp-content\/uploads\/2016\/12\/Gemeinsames-Labordatenmanagement-zwischen-labfolder-und-Max-Planck-Gesellschaft-management-und-qualitaet-16x12.jpg 16w, https:\/\/www.m-q.ch\/wp-content\/uploads\/2016\/12\/Gemeinsames-Labordatenmanagement-zwischen-labfolder-und-Max-Planck-Gesellschaft-management-und-qualitaet-262x175.jpg 262w, https:\/\/www.m-q.ch\/wp-content\/uploads\/2016\/12\/Gemeinsames-Labordatenmanagement-zwischen-labfolder-und-Max-Planck-Gesellschaft-management-und-qualitaet-525x350.jpg 525w, https:\/\/www.m-q.ch\/wp-content\/uploads\/2016\/12\/Gemeinsames-Labordatenmanagement-zwischen-labfolder-und-Max-Planck-Gesellschaft-management-und-qualitaet-300x200.jpg 300w, https:\/\/www.m-q.ch\/wp-content\/uploads\/2016\/12\/Gemeinsames-Labordatenmanagement-zwischen-labfolder-und-Max-Planck-Gesellschaft-management-und-qualitaet-624x416.jpg 624w\" sizes=\"auto, (max-width: 640px) 100vw, 640px\" \/><\/a><figcaption id=\"caption-attachment-125\" class=\"wp-caption-text\">Le travail en laboratoire devient encore plus agile et coordonn\u00e9. (Image : labfolder GmbH)<\/figcaption><\/figure>\n<blockquote><p>\"Il y a actuellement une \u00e9norme demande parmi les scientifiques de la Soci\u00e9t\u00e9 Max Planck pour la conversion \u00e0 la tenue de registres \u00e9lectroniques de laboratoire\", explique le Dr Frank Sander, responsable de la biblioth\u00e8que num\u00e9rique Max Planck.<\/p><\/blockquote>\n<p>C'est la premi\u00e8re fois au monde qu'un outil de gestion des donn\u00e9es de laboratoire est mis \u00e0 disposition au niveau d'un organisme de recherche dans toutes les disciplines scientifiques, de la physique \u00e0 la chimie, en passant par les sciences de la vie et les sciences humaines. Le logiciel de gestion des donn\u00e9es de laboratoire de labfolder permet aux scientifiques de toutes les disciplines de saisir, de relier et de g\u00e9rer des donn\u00e9es scientifiques provenant de sources de donn\u00e9es disparates telles que des ordinateurs, des tablettes et des \u00e9quipements de laboratoire, tout en respectant les directives des laboratoires et les normes industrielles.<\/p>\n<p><strong>Positionnement intercontinental \u00a0\u00a0<\/strong><\/p>\n<p>labfolder acc\u00e9l\u00e8re la recherche et l'innovation et facilite l'analyse des donn\u00e9es et la collaboration entre les scientifiques des diff\u00e9rents d\u00e9partements et continents. labfolder peut \u00eatre install\u00e9 sur les serveurs locaux des instituts et sur un serveur central. La plate-forme de donn\u00e9es Labfolder est extr\u00eamement flexible et peut \u00eatre adapt\u00e9e par les scientifiques de Max Planck eux-m\u00eames \u00e0 leurs besoins.<\/p>\n<p>\"L'accord de licence avec la Max Planck Society, l'une des organisations scientifiques les plus prosp\u00e8res et les plus prestigieuses au monde, est une \u00e9tape importante dans le d\u00e9veloppement de labfolder\", a d\u00e9clar\u00e9 le Dr Simon Bungers, PDG de labfolder.<\/p>\n<p>Pour de nombreux scientifiques, le carnet de laboratoire classique sur papier reste l'outil informatique central gr\u00e2ce auquel les entr\u00e9es des exp\u00e9riences et des hypoth\u00e8ses deviennent compr\u00e9hensibles et les donn\u00e9es collect\u00e9es interpr\u00e9tables. \"Il y a actuellement une \u00e9norme demande parmi les scientifiques de la Soci\u00e9t\u00e9 Max Planck pour la conversion \u00e0 la tenue \u00e9lectronique de registres de laboratoire\", explique le Dr Frank Sander, responsable de la biblioth\u00e8que num\u00e9rique Max Planck, le bureau central pour le d\u00e9veloppement et la fourniture d'informations et de services de gestion des donn\u00e9es dans la Soci\u00e9t\u00e9 Max Planck.<\/p>\n<p><strong>La \"discontinuit\u00e9 des m\u00e9dias\" est d\u00e9savantageuse<\/strong><\/p>\n<p>Les discontinuit\u00e9s des m\u00e9dias dans l'utilisation d'un m\u00e9lange de carnets de notes papier, de donn\u00e9es stock\u00e9es localement et de serveurs de fichiers pour la gestion des donn\u00e9es signifient que la documentation, la recherche et l'utilisation durable des donn\u00e9es scientifiques ne sont souvent possibles que dans une mesure limit\u00e9e. En outre, la quantit\u00e9 de donn\u00e9es scientifiques et m\u00e9dicales augmente de mani\u00e8re exponentielle.<\/p>\n<p>La num\u00e9risation et l'optimisation de la gestion des donn\u00e9es dans la recherche et la pratique clinique sont donc consid\u00e9r\u00e9es par les scientifiques, les institutions de recherche, les entreprises et les bailleurs de fonds publics et les l\u00e9gislateurs comme une prochaine \u00e9tape d\u00e9terminante.<\/p>\n<p><a href=\"http:\/\/www.labfolder.com\" target=\"_blank\" rel=\"noreferrer\" data-cke-saved-href=\"http:\/\/www.labfolder.com\">www.labfolder.com<\/a><\/p>","protected":false},"excerpt":{"rendered":"<p>\u201eBei den Wissenschaftlern in der Max-Planck-Gesellschaft gibt es aktuell einen enormen Bedarf nach Umstellung auf eine elektronische Laborbuchf\u00fchrung\u201c, erl\u00e4utert Dr. Frank Sander, Leiter der Max Planck Digital Library. Damit wird weltweit erstmals ein Labordatenmanagement-Tool auf Ebene einer Forschungsorganisation \u00fcbergreifend f\u00fcr alle wissenschaftlichen Disziplinen von Physik, Chemie, Biowissenschaften bis hin zu Geisteswissenschaften bereitgestellt. Die Labordatenmanagement-Software von [&hellip;]<\/p>\n","protected":false},"author":1,"featured_media":125,"comment_status":"open","ping_status":"open","sticky":false,"template":"","format":"standard","meta":{"_acf_changed":false,"footnotes":""},"categories":[5],"tags":[3328,3383,3360],"class_list":["post-599","post","type-post","status-publish","format-standard","has-post-thumbnail","hentry","category-business_excellence","tag-business-excellence","tag-kooperation","tag-management-und-unternehmensfuehrung"],"acf":[],"yoast_head":"<!-- This site is optimized with the Yoast SEO plugin v26.2 - https:\/\/yoast.com\/wordpress\/plugins\/seo\/ -->\n<title>Gemeinsames Labordatenmanagement zwischen labfolder und Max-Planck-Gesellschaft - MQ Management und Qualit\u00e4t<\/title>\n<meta name=\"description\" content=\"Die labfolder GmbH und die Max-Planck-Gesellschaft geben heute die Unterzeichnung einer Lizenzvereinbarung bekannt.\" \/>\n<meta name=\"robots\" content=\"index, follow, max-snippet:-1, max-image-preview:large, max-video-preview:-1\" \/>\n<link rel=\"canonical\" href=\"https:\/\/www.m-q.ch\/fr\/gestion-commune-des-donnees-de-laboratoire-entre-labfolder-et-la-societe-max-planck\/\" \/>\n<meta property=\"og:locale\" content=\"fr_FR\" \/>\n<meta property=\"og:type\" content=\"article\" \/>\n<meta property=\"og:title\" content=\"Gemeinsames Labordatenmanagement zwischen labfolder und Max-Planck-Gesellschaft - MQ Management und Qualit\u00e4t\" \/>\n<meta property=\"og:description\" content=\"Die labfolder GmbH und die Max-Planck-Gesellschaft geben heute die Unterzeichnung einer Lizenzvereinbarung bekannt.\" \/>\n<meta property=\"og:url\" content=\"https:\/\/www.m-q.ch\/fr\/gestion-commune-des-donnees-de-laboratoire-entre-labfolder-et-la-societe-max-planck\/\" \/>\n<meta property=\"og:site_name\" content=\"MQ Management und Qualit\u00e4t\" \/>\n<meta property=\"article:publisher\" content=\"https:\/\/www.facebook.com\/ManagementUndQualitaet\" \/>\n<meta property=\"article:published_time\" content=\"2016-10-12T07:13:06+00:00\" \/>\n<meta property=\"article:modified_time\" content=\"2017-03-01T07:33:52+00:00\" \/>\n<meta property=\"og:image\" content=\"https:\/\/www.m-q.ch\/wp-content\/uploads\/2016\/12\/Gemeinsames-Labordatenmanagement-zwischen-labfolder-und-Max-Planck-Gesellschaft-management-und-qualitaet.jpg\" \/>\n\t<meta property=\"og:image:width\" content=\"640\" \/>\n\t<meta property=\"og:image:height\" content=\"427\" \/>\n\t<meta property=\"og:image:type\" content=\"image\/jpeg\" \/>\n<meta name=\"author\" content=\"galledia\" \/>\n<meta name=\"twitter:card\" content=\"summary_large_image\" \/>\n<meta name=\"twitter:label1\" content=\"\u00c9crit par\" \/>\n\t<meta name=\"twitter:data1\" content=\"galledia\" \/>\n\t<meta name=\"twitter:label2\" content=\"Dur\u00e9e de lecture estim\u00e9e\" \/>\n\t<meta name=\"twitter:data2\" content=\"2 minutes\" \/>\n<script type=\"application\/ld+json\" class=\"yoast-schema-graph\">{\"@context\":\"https:\/\/schema.org\",\"@graph\":[{\"@type\":\"Article\",\"@id\":\"https:\/\/www.m-q.ch\/gemeinsames-labordatenmanagement-zwischen-labfolder-und-max-planck-gesellschaft\/#article\",\"isPartOf\":{\"@id\":\"https:\/\/www.m-q.ch\/gemeinsames-labordatenmanagement-zwischen-labfolder-und-max-planck-gesellschaft\/\"},\"author\":{\"name\":\"galledia\",\"@id\":\"https:\/\/www.m-q.ch\/fr\/#\/schema\/person\/c0139a2c55a374db6df2cde78ec87148\"},\"headline\":\"Gemeinsames Labordatenmanagement zwischen labfolder und Max-Planck-Gesellschaft\",\"datePublished\":\"2016-10-12T07:13:06+00:00\",\"dateModified\":\"2017-03-01T07:33:52+00:00\",\"mainEntityOfPage\":{\"@id\":\"https:\/\/www.m-q.ch\/gemeinsames-labordatenmanagement-zwischen-labfolder-und-max-planck-gesellschaft\/\"},\"wordCount\":358,\"commentCount\":0,\"publisher\":{\"@id\":\"https:\/\/www.m-q.ch\/fr\/#organization\"},\"image\":{\"@id\":\"https:\/\/www.m-q.ch\/gemeinsames-labordatenmanagement-zwischen-labfolder-und-max-planck-gesellschaft\/#primaryimage\"},\"thumbnailUrl\":\"https:\/\/www.m-q.ch\/wp-content\/uploads\/2016\/12\/Gemeinsames-Labordatenmanagement-zwischen-labfolder-und-Max-Planck-Gesellschaft-management-und-qualitaet.jpg\",\"keywords\":[\"Business Excellence\",\"Kooperation\",\"Management und Unternehmensf\u00fchrung\"],\"articleSection\":[\"Business Excellence\"],\"inLanguage\":\"fr-FR\"},{\"@type\":\"WebPage\",\"@id\":\"https:\/\/www.m-q.ch\/gemeinsames-labordatenmanagement-zwischen-labfolder-und-max-planck-gesellschaft\/\",\"url\":\"https:\/\/www.m-q.ch\/gemeinsames-labordatenmanagement-zwischen-labfolder-und-max-planck-gesellschaft\/\",\"name\":\"Gemeinsames Labordatenmanagement zwischen labfolder und Max-Planck-Gesellschaft - MQ Management und Qualit\u00e4t\",\"isPartOf\":{\"@id\":\"https:\/\/www.m-q.ch\/fr\/#website\"},\"primaryImageOfPage\":{\"@id\":\"https:\/\/www.m-q.ch\/gemeinsames-labordatenmanagement-zwischen-labfolder-und-max-planck-gesellschaft\/#primaryimage\"},\"image\":{\"@id\":\"https:\/\/www.m-q.ch\/gemeinsames-labordatenmanagement-zwischen-labfolder-und-max-planck-gesellschaft\/#primaryimage\"},\"thumbnailUrl\":\"https:\/\/www.m-q.ch\/wp-content\/uploads\/2016\/12\/Gemeinsames-Labordatenmanagement-zwischen-labfolder-und-Max-Planck-Gesellschaft-management-und-qualitaet.jpg\",\"datePublished\":\"2016-10-12T07:13:06+00:00\",\"dateModified\":\"2017-03-01T07:33:52+00:00\",\"description\":\"Die labfolder GmbH und die Max-Planck-Gesellschaft geben heute die Unterzeichnung einer Lizenzvereinbarung bekannt.\",\"breadcrumb\":{\"@id\":\"https:\/\/www.m-q.ch\/gemeinsames-labordatenmanagement-zwischen-labfolder-und-max-planck-gesellschaft\/#breadcrumb\"},\"inLanguage\":\"fr-FR\",\"potentialAction\":[{\"@type\":\"ReadAction\",\"target\":[\"https:\/\/www.m-q.ch\/gemeinsames-labordatenmanagement-zwischen-labfolder-und-max-planck-gesellschaft\/\"]}]},{\"@type\":\"ImageObject\",\"inLanguage\":\"fr-FR\",\"@id\":\"https:\/\/www.m-q.ch\/gemeinsames-labordatenmanagement-zwischen-labfolder-und-max-planck-gesellschaft\/#primaryimage\",\"url\":\"https:\/\/www.m-q.ch\/wp-content\/uploads\/2016\/12\/Gemeinsames-Labordatenmanagement-zwischen-labfolder-und-Max-Planck-Gesellschaft-management-und-qualitaet.jpg\",\"contentUrl\":\"https:\/\/www.m-q.ch\/wp-content\/uploads\/2016\/12\/Gemeinsames-Labordatenmanagement-zwischen-labfolder-und-Max-Planck-Gesellschaft-management-und-qualitaet.jpg\",\"width\":640,\"height\":427,\"caption\":\"Die Laborarbeit wird noch agiler und koordinierter. (Bild: labfolder GmbH)\"},{\"@type\":\"BreadcrumbList\",\"@id\":\"https:\/\/www.m-q.ch\/gemeinsames-labordatenmanagement-zwischen-labfolder-und-max-planck-gesellschaft\/#breadcrumb\",\"itemListElement\":[{\"@type\":\"ListItem\",\"position\":1,\"name\":\"Business Excellence\",\"item\":\"https:\/\/www.m-q.ch\/kategorie\/business_excellence\/\"},{\"@type\":\"ListItem\",\"position\":2,\"name\":\"Gemeinsames Labordatenmanagement zwischen labfolder und Max-Planck-Gesellschaft\"}]},{\"@type\":\"WebSite\",\"@id\":\"https:\/\/www.m-q.ch\/fr\/#website\",\"url\":\"https:\/\/www.m-q.ch\/fr\/\",\"name\":\"MQ Management und Qualit\u00e4t\",\"description\":\"Plattform f\u00fcr integrierte Managementsysteme.\",\"publisher\":{\"@id\":\"https:\/\/www.m-q.ch\/fr\/#organization\"},\"potentialAction\":[{\"@type\":\"SearchAction\",\"target\":{\"@type\":\"EntryPoint\",\"urlTemplate\":\"https:\/\/www.m-q.ch\/fr\/?s={search_term_string}\"},\"query-input\":{\"@type\":\"PropertyValueSpecification\",\"valueRequired\":true,\"valueName\":\"search_term_string\"}}],\"inLanguage\":\"fr-FR\"},{\"@type\":\"Organization\",\"@id\":\"https:\/\/www.m-q.ch\/fr\/#organization\",\"name\":\"Galledia Fachmedien AG\",\"url\":\"https:\/\/www.m-q.ch\/fr\/\",\"logo\":{\"@type\":\"ImageObject\",\"inLanguage\":\"fr-FR\",\"@id\":\"https:\/\/www.m-q.ch\/fr\/#\/schema\/logo\/image\/\",\"url\":\"https:\/\/www.m-q.ch\/wp-content\/uploads\/2020\/12\/cropped-logo_small.png\",\"contentUrl\":\"https:\/\/www.m-q.ch\/wp-content\/uploads\/2020\/12\/cropped-logo_small.png\",\"width\":512,\"height\":512,\"caption\":\"Galledia Fachmedien AG\"},\"image\":{\"@id\":\"https:\/\/www.m-q.ch\/fr\/#\/schema\/logo\/image\/\"},\"sameAs\":[\"https:\/\/www.facebook.com\/ManagementUndQualitaet\",\"https:\/\/www.linkedin.com\/showcase\/17982321\/admin\/\"]},{\"@type\":\"Person\",\"@id\":\"https:\/\/www.m-q.ch\/fr\/#\/schema\/person\/c0139a2c55a374db6df2cde78ec87148\",\"name\":\"galledia\",\"image\":{\"@type\":\"ImageObject\",\"inLanguage\":\"fr-FR\",\"@id\":\"https:\/\/www.m-q.ch\/fr\/#\/schema\/person\/image\/\",\"url\":\"https:\/\/secure.gravatar.com\/avatar\/66edf527eac29e9a5eb25bcada01f61a?s=96&d=mm&r=g\",\"contentUrl\":\"https:\/\/secure.gravatar.com\/avatar\/66edf527eac29e9a5eb25bcada01f61a?s=96&d=mm&r=g\",\"caption\":\"galledia\"},\"url\":\"https:\/\/www.m-q.ch\/fr\/author\/galledia\/\"}]}<\/script>\n<!-- \/ Yoast SEO plugin. -->","yoast_head_json":{"title":"Gestion conjointe des donn\u00e9es de laboratoire entre le labfolder et la soci\u00e9t\u00e9 Max Planck - MQ Management und Qualit\u00e4t","description":"labfolder GmbH et la soci\u00e9t\u00e9 Max Planck ont annonc\u00e9 aujourd'hui la signature d'un accord de licence.","robots":{"index":"index","follow":"follow","max-snippet":"max-snippet:-1","max-image-preview":"max-image-preview:large","max-video-preview":"max-video-preview:-1"},"canonical":"https:\/\/www.m-q.ch\/fr\/gestion-commune-des-donnees-de-laboratoire-entre-labfolder-et-la-societe-max-planck\/","og_locale":"fr_FR","og_type":"article","og_title":"Gemeinsames Labordatenmanagement zwischen labfolder und Max-Planck-Gesellschaft - MQ Management und Qualit\u00e4t","og_description":"Die labfolder GmbH und die Max-Planck-Gesellschaft geben heute die Unterzeichnung einer Lizenzvereinbarung bekannt.","og_url":"https:\/\/www.m-q.ch\/fr\/gestion-commune-des-donnees-de-laboratoire-entre-labfolder-et-la-societe-max-planck\/","og_site_name":"MQ Management und Qualit\u00e4t","article_publisher":"https:\/\/www.facebook.com\/ManagementUndQualitaet","article_published_time":"2016-10-12T07:13:06+00:00","article_modified_time":"2017-03-01T07:33:52+00:00","og_image":[{"width":640,"height":427,"url":"https:\/\/www.m-q.ch\/wp-content\/uploads\/2016\/12\/Gemeinsames-Labordatenmanagement-zwischen-labfolder-und-Max-Planck-Gesellschaft-management-und-qualitaet.jpg","type":"image\/jpeg"}],"author":"galledia","twitter_card":"summary_large_image","twitter_misc":{"\u00c9crit par":"galledia","Dur\u00e9e de lecture estim\u00e9e":"2 minutes"},"schema":{"@context":"https:\/\/schema.org","@graph":[{"@type":"Article","@id":"https:\/\/www.m-q.ch\/gemeinsames-labordatenmanagement-zwischen-labfolder-und-max-planck-gesellschaft\/#article","isPartOf":{"@id":"https:\/\/www.m-q.ch\/gemeinsames-labordatenmanagement-zwischen-labfolder-und-max-planck-gesellschaft\/"},"author":{"name":"galledia","@id":"https:\/\/www.m-q.ch\/fr\/#\/schema\/person\/c0139a2c55a374db6df2cde78ec87148"},"headline":"Gemeinsames Labordatenmanagement zwischen labfolder und Max-Planck-Gesellschaft","datePublished":"2016-10-12T07:13:06+00:00","dateModified":"2017-03-01T07:33:52+00:00","mainEntityOfPage":{"@id":"https:\/\/www.m-q.ch\/gemeinsames-labordatenmanagement-zwischen-labfolder-und-max-planck-gesellschaft\/"},"wordCount":358,"commentCount":0,"publisher":{"@id":"https:\/\/www.m-q.ch\/fr\/#organization"},"image":{"@id":"https:\/\/www.m-q.ch\/gemeinsames-labordatenmanagement-zwischen-labfolder-und-max-planck-gesellschaft\/#primaryimage"},"thumbnailUrl":"https:\/\/www.m-q.ch\/wp-content\/uploads\/2016\/12\/Gemeinsames-Labordatenmanagement-zwischen-labfolder-und-Max-Planck-Gesellschaft-management-und-qualitaet.jpg","keywords":["Business Excellence","Kooperation","Management und Unternehmensf\u00fchrung"],"articleSection":["Business Excellence"],"inLanguage":"fr-FR"},{"@type":"WebPage","@id":"https:\/\/www.m-q.ch\/gemeinsames-labordatenmanagement-zwischen-labfolder-und-max-planck-gesellschaft\/","url":"https:\/\/www.m-q.ch\/gemeinsames-labordatenmanagement-zwischen-labfolder-und-max-planck-gesellschaft\/","name":"Gestion conjointe des donn\u00e9es de laboratoire entre le labfolder et la soci\u00e9t\u00e9 Max Planck - MQ Management und Qualit\u00e4t","isPartOf":{"@id":"https:\/\/www.m-q.ch\/fr\/#website"},"primaryImageOfPage":{"@id":"https:\/\/www.m-q.ch\/gemeinsames-labordatenmanagement-zwischen-labfolder-und-max-planck-gesellschaft\/#primaryimage"},"image":{"@id":"https:\/\/www.m-q.ch\/gemeinsames-labordatenmanagement-zwischen-labfolder-und-max-planck-gesellschaft\/#primaryimage"},"thumbnailUrl":"https:\/\/www.m-q.ch\/wp-content\/uploads\/2016\/12\/Gemeinsames-Labordatenmanagement-zwischen-labfolder-und-Max-Planck-Gesellschaft-management-und-qualitaet.jpg","datePublished":"2016-10-12T07:13:06+00:00","dateModified":"2017-03-01T07:33:52+00:00","description":"labfolder GmbH et la soci\u00e9t\u00e9 Max Planck ont annonc\u00e9 aujourd'hui la signature d'un accord de licence.","breadcrumb":{"@id":"https:\/\/www.m-q.ch\/gemeinsames-labordatenmanagement-zwischen-labfolder-und-max-planck-gesellschaft\/#breadcrumb"},"inLanguage":"fr-FR","potentialAction":[{"@type":"ReadAction","target":["https:\/\/www.m-q.ch\/gemeinsames-labordatenmanagement-zwischen-labfolder-und-max-planck-gesellschaft\/"]}]},{"@type":"ImageObject","inLanguage":"fr-FR","@id":"https:\/\/www.m-q.ch\/gemeinsames-labordatenmanagement-zwischen-labfolder-und-max-planck-gesellschaft\/#primaryimage","url":"https:\/\/www.m-q.ch\/wp-content\/uploads\/2016\/12\/Gemeinsames-Labordatenmanagement-zwischen-labfolder-und-Max-Planck-Gesellschaft-management-und-qualitaet.jpg","contentUrl":"https:\/\/www.m-q.ch\/wp-content\/uploads\/2016\/12\/Gemeinsames-Labordatenmanagement-zwischen-labfolder-und-Max-Planck-Gesellschaft-management-und-qualitaet.jpg","width":640,"height":427,"caption":"Die Laborarbeit wird noch agiler und koordinierter. (Bild: labfolder GmbH)"},{"@type":"BreadcrumbList","@id":"https:\/\/www.m-q.ch\/gemeinsames-labordatenmanagement-zwischen-labfolder-und-max-planck-gesellschaft\/#breadcrumb","itemListElement":[{"@type":"ListItem","position":1,"name":"Business Excellence","item":"https:\/\/www.m-q.ch\/kategorie\/business_excellence\/"},{"@type":"ListItem","position":2,"name":"Gemeinsames Labordatenmanagement zwischen labfolder und Max-Planck-Gesellschaft"}]},{"@type":"WebSite","@id":"https:\/\/www.m-q.ch\/fr\/#website","url":"https:\/\/www.m-q.ch\/fr\/","name":"Gestion et qualit\u00e9 du QM","description":"Plate-forme pour les syst\u00e8mes de gestion int\u00e9gr\u00e9e.","publisher":{"@id":"https:\/\/www.m-q.ch\/fr\/#organization"},"potentialAction":[{"@type":"SearchAction","target":{"@type":"EntryPoint","urlTemplate":"https:\/\/www.m-q.ch\/fr\/?s={search_term_string}"},"query-input":{"@type":"PropertyValueSpecification","valueRequired":true,"valueName":"search_term_string"}}],"inLanguage":"fr-FR"},{"@type":"Organization","@id":"https:\/\/www.m-q.ch\/fr\/#organization","name":"Galledia Trade Media AG","url":"https:\/\/www.m-q.ch\/fr\/","logo":{"@type":"ImageObject","inLanguage":"fr-FR","@id":"https:\/\/www.m-q.ch\/fr\/#\/schema\/logo\/image\/","url":"https:\/\/www.m-q.ch\/wp-content\/uploads\/2020\/12\/cropped-logo_small.png","contentUrl":"https:\/\/www.m-q.ch\/wp-content\/uploads\/2020\/12\/cropped-logo_small.png","width":512,"height":512,"caption":"Galledia Fachmedien AG"},"image":{"@id":"https:\/\/www.m-q.ch\/fr\/#\/schema\/logo\/image\/"},"sameAs":["https:\/\/www.facebook.com\/ManagementUndQualitaet","https:\/\/www.linkedin.com\/showcase\/17982321\/admin\/"]},{"@type":"Person","@id":"https:\/\/www.m-q.ch\/fr\/#\/schema\/person\/c0139a2c55a374db6df2cde78ec87148","name":"galledia","image":{"@type":"ImageObject","inLanguage":"fr-FR","@id":"https:\/\/www.m-q.ch\/fr\/#\/schema\/person\/image\/","url":"https:\/\/secure.gravatar.com\/avatar\/66edf527eac29e9a5eb25bcada01f61a?s=96&d=mm&r=g","contentUrl":"https:\/\/secure.gravatar.com\/avatar\/66edf527eac29e9a5eb25bcada01f61a?s=96&d=mm&r=g","caption":"galledia"},"url":"https:\/\/www.m-q.ch\/fr\/author\/galledia\/"}]}},"_links":{"self":[{"href":"https:\/\/www.m-q.ch\/fr\/wp-json\/wp\/v2\/posts\/599","targetHints":{"allow":["GET"]}}],"collection":[{"href":"https:\/\/www.m-q.ch\/fr\/wp-json\/wp\/v2\/posts"}],"about":[{"href":"https:\/\/www.m-q.ch\/fr\/wp-json\/wp\/v2\/types\/post"}],"author":[{"embeddable":true,"href":"https:\/\/www.m-q.ch\/fr\/wp-json\/wp\/v2\/users\/1"}],"replies":[{"embeddable":true,"href":"https:\/\/www.m-q.ch\/fr\/wp-json\/wp\/v2\/comments?post=599"}],"version-history":[{"count":2,"href":"https:\/\/www.m-q.ch\/fr\/wp-json\/wp\/v2\/posts\/599\/revisions"}],"predecessor-version":[{"id":1031,"href":"https:\/\/www.m-q.ch\/fr\/wp-json\/wp\/v2\/posts\/599\/revisions\/1031"}],"wp:featuredmedia":[{"embeddable":true,"href":"https:\/\/www.m-q.ch\/fr\/wp-json\/wp\/v2\/media\/125"}],"wp:attachment":[{"href":"https:\/\/www.m-q.ch\/fr\/wp-json\/wp\/v2\/media?parent=599"}],"wp:term":[{"taxonomy":"category","embeddable":true,"href":"https:\/\/www.m-q.ch\/fr\/wp-json\/wp\/v2\/categories?post=599"},{"taxonomy":"post_tag","embeddable":true,"href":"https:\/\/www.m-q.ch\/fr\/wp-json\/wp\/v2\/tags?post=599"}],"curies":[{"name":"wp","href":"https:\/\/api.w.org\/{rel}","templated":true}]}}