{"id":613,"date":"2016-10-25T09:18:49","date_gmt":"2016-10-25T07:18:49","guid":{"rendered":"http:\/\/dev.m-q.ch\/?p=613"},"modified":"2017-02-28T09:10:01","modified_gmt":"2017-02-28T08:10:01","slug":"communiquer-avec-la-technologie-laser","status":"publish","type":"post","link":"https:\/\/www.m-q.ch\/fr\/mittels-lasertechnologie-kommunizieren\/","title":{"rendered":"Communiquer via la technologie laser"},"content":{"rendered":"<figure id=\"attachment_174\" aria-describedby=\"caption-attachment-174\" style=\"width: 680px\" class=\"wp-caption alignnone\"><a href=\"https:\/\/m-q.ch\/wp-content\/uploads\/2016\/12\/Mittels-Lasertechnologie-kommunizieren-management-und-qualitaet.jpg\"><img loading=\"lazy\" decoding=\"async\" class=\"wp-image-174 size-medium\" src=\"https:\/\/www.m-q.ch\/wp-content\/uploads\/2016\/12\/Mittels-Lasertechnologie-kommunizieren-management-und-qualitaet-680x510.jpg\" width=\"680\" height=\"510\" srcset=\"https:\/\/www.m-q.ch\/wp-content\/uploads\/2016\/12\/Mittels-Lasertechnologie-kommunizieren-management-und-qualitaet-680x510.jpg 680w, https:\/\/www.m-q.ch\/wp-content\/uploads\/2016\/12\/Mittels-Lasertechnologie-kommunizieren-management-und-qualitaet-768x576.jpg 768w, https:\/\/www.m-q.ch\/wp-content\/uploads\/2016\/12\/Mittels-Lasertechnologie-kommunizieren-management-und-qualitaet-1536x1152.jpg 1536w, https:\/\/www.m-q.ch\/wp-content\/uploads\/2016\/12\/Mittels-Lasertechnologie-kommunizieren-management-und-qualitaet-16x12.jpg 16w, https:\/\/www.m-q.ch\/wp-content\/uploads\/2016\/12\/Mittels-Lasertechnologie-kommunizieren-management-und-qualitaet-233x175.jpg 233w, https:\/\/www.m-q.ch\/wp-content\/uploads\/2016\/12\/Mittels-Lasertechnologie-kommunizieren-management-und-qualitaet-467x350.jpg 467w, https:\/\/www.m-q.ch\/wp-content\/uploads\/2016\/12\/Mittels-Lasertechnologie-kommunizieren-management-und-qualitaet-1067x800.jpg 1067w, https:\/\/www.m-q.ch\/wp-content\/uploads\/2016\/12\/Mittels-Lasertechnologie-kommunizieren-management-und-qualitaet-920x690.jpg 920w, https:\/\/www.m-q.ch\/wp-content\/uploads\/2016\/12\/Mittels-Lasertechnologie-kommunizieren-management-und-qualitaet-1400x1050.jpg 1400w, https:\/\/www.m-q.ch\/wp-content\/uploads\/2016\/12\/Mittels-Lasertechnologie-kommunizieren-management-und-qualitaet-1867x1400.jpg 1867w, https:\/\/www.m-q.ch\/wp-content\/uploads\/2016\/12\/Mittels-Lasertechnologie-kommunizieren-management-und-qualitaet-300x225.jpg 300w, https:\/\/www.m-q.ch\/wp-content\/uploads\/2016\/12\/Mittels-Lasertechnologie-kommunizieren-management-und-qualitaet-1024x768.jpg 1024w, https:\/\/www.m-q.ch\/wp-content\/uploads\/2016\/12\/Mittels-Lasertechnologie-kommunizieren-management-und-qualitaet-624x468.jpg 624w, https:\/\/www.m-q.ch\/wp-content\/uploads\/2016\/12\/Mittels-Lasertechnologie-kommunizieren-management-und-qualitaet.jpg 2000w\" sizes=\"auto, (max-width: 680px) 100vw, 680px\" \/><\/a><figcaption id=\"caption-attachment-174\" class=\"wp-caption-text\">Les premiers tests sont en cours aux \u00c9tats-Unis avec des communications laser et des \u00e9quipements SD-WAN. (Image : Depositphotos_gubh83)<\/figcaption><\/figure>\n<p>Laser Light Communications (\u00c9tats-Unis) et sa filiale Laser Light Global LTD (Royaume-Uni) ont choisi de s'associer \u00e0 Equinix, Inc., un fournisseur mondial de services d'interconnexion et de centres de donn\u00e9es. Equinix sera un partenaire d'interconnexion strat\u00e9gique pour le r\u00e9seau mondial hybride enti\u00e8rement optique de Laser Light (HALO), le premier r\u00e9seau optique hybride au monde utilisant uniquement la technologie laser.<\/p>\n<p><strong>Lancement sur le march\u00e9 \u00a0 <\/strong><\/p>\n<p>La collaboration d\u00e9marre avec la cr\u00e9ation du premier point de pr\u00e9sence (PoP) mondial de Laser Light au centre de donn\u00e9es Exchange\u2122 (IBX\u00ae) DC11 d'Equinix International Business dans l'\u00c9tat de Washington. D'autres points de contact \u00e0 lumi\u00e8re laser sont pr\u00e9vus pour les sites d'Equinix en Europe, au Japon, au Br\u00e9sil, en Australie et au Moyen-Orient.<\/p>\n<p>Au DC11, Laser Light commencera \u00e0 installer, tester et d\u00e9montrer ses \u00e9quipements de communication laser et SD-WAN de prochaine g\u00e9n\u00e9ration.<\/p>\n<p>Une fois que cette infrastructure sera op\u00e9rationnelle de mani\u00e8re fiable, Laser Light proposera ses services OSaaS (Optical Satellite as a Service) via les satellites HALO. Les services SpaceCable\u2122 seront disponibles sous forme de syst\u00e8me de communication enti\u00e8rement optique pour les op\u00e9rateurs, les entreprises et les agences gouvernementales dans les centres de donn\u00e9es mondiaux d'Equinix.<\/p>\n<p>Ce r\u00e9seau hybride de r\u00e9seaux terrestres et satellitaires parfaitement connect\u00e9s permettra ensuite de relier deux points quelconques du globe de mani\u00e8re rapide et \u00e9conomique \u00e0 100 Gbps.<\/p>\n<p><em>Pour plus d'informations sur le syst\u00e8me de communication HALO, voir <a href=\"http:\/\/www.laserlightcomms.com\" target=\"_blank\" rel=\"noreferrer\" data-cke-saved-href=\"http:\/\/www.laserlightcomms.com\">www.laserlightcomms.com<\/a> et <a href=\"http:\/\/www.equinix.com\" target=\"_blank\" rel=\"noreferrer\" data-cke-saved-href=\"http:\/\/www.equinix.com\">www.equinix.com<\/a><\/em><\/p>","protected":false},"excerpt":{"rendered":"<p>Laser Light Communications (USA) und seine Tochtergesellschaft Laser Light Global LTD (Grossbritannien) haben sich f\u00fcr eine partnerschaftliche Zusammenarbeit mit Equinix, Inc., einem globalen Anbieter von Interconnection- und Rechenzentrumsdienstleistungen, entschieden. Equinix wird sich als strategischer Interconnection-Partner f\u00fcr Laser Lights All Optical Hybrid Global Network (HALO) engagieren, dem weltweit ersten hybriden optischen Netzwerk, das ausschliesslich Lasertechnologie nutzt. [&hellip;]<\/p>\n","protected":false},"author":1,"featured_media":174,"comment_status":"open","ping_status":"open","sticky":false,"template":"","format":"standard","meta":{"_acf_changed":false,"footnotes":""},"categories":[2],"tags":[3329],"class_list":["post-613","post","type-post","status-publish","format-standard","has-post-thumbnail","hentry","category-produktenews","tag-produkte"],"acf":[],"yoast_head":"<!-- This site is optimized with the Yoast SEO plugin v26.2 - https:\/\/yoast.com\/wordpress\/plugins\/seo\/ -->\n<title>Mittels Lasertechnologie kommunizieren - MQ Management und Qualit\u00e4t<\/title>\n<meta name=\"description\" content=\"Lasertechnologie: Diesen Oktober wurde die \u201eLaser Lights All Optical Hybrid Global Network\u201c, abgek\u00fcrzt HALO-Technologie pr\u00e4sentiert.\" \/>\n<meta name=\"robots\" content=\"index, follow, max-snippet:-1, max-image-preview:large, max-video-preview:-1\" \/>\n<link rel=\"canonical\" href=\"https:\/\/www.m-q.ch\/fr\/communiquer-avec-la-technologie-laser\/\" \/>\n<meta property=\"og:locale\" content=\"fr_FR\" \/>\n<meta property=\"og:type\" content=\"article\" \/>\n<meta property=\"og:title\" content=\"Mittels Lasertechnologie kommunizieren - MQ Management und Qualit\u00e4t\" \/>\n<meta property=\"og:description\" content=\"Lasertechnologie: Diesen Oktober wurde die \u201eLaser Lights All Optical Hybrid Global Network\u201c, abgek\u00fcrzt HALO-Technologie pr\u00e4sentiert.\" \/>\n<meta property=\"og:url\" content=\"https:\/\/www.m-q.ch\/fr\/communiquer-avec-la-technologie-laser\/\" \/>\n<meta property=\"og:site_name\" content=\"MQ Management und Qualit\u00e4t\" \/>\n<meta property=\"article:publisher\" content=\"https:\/\/www.facebook.com\/ManagementUndQualitaet\" \/>\n<meta property=\"article:published_time\" content=\"2016-10-25T07:18:49+00:00\" \/>\n<meta property=\"article:modified_time\" content=\"2017-02-28T08:10:01+00:00\" \/>\n<meta property=\"og:image\" content=\"https:\/\/www.m-q.ch\/wp-content\/uploads\/2016\/12\/Mittels-Lasertechnologie-kommunizieren-management-und-qualitaet.jpg\" \/>\n\t<meta property=\"og:image:width\" content=\"2000\" \/>\n\t<meta property=\"og:image:height\" content=\"1500\" \/>\n\t<meta property=\"og:image:type\" content=\"image\/jpeg\" \/>\n<meta name=\"author\" content=\"galledia\" \/>\n<meta name=\"twitter:card\" content=\"summary_large_image\" \/>\n<meta name=\"twitter:label1\" content=\"\u00c9crit par\" \/>\n\t<meta name=\"twitter:data1\" content=\"galledia\" \/>\n\t<meta name=\"twitter:label2\" content=\"Dur\u00e9e de lecture estim\u00e9e\" \/>\n\t<meta name=\"twitter:data2\" content=\"1 minute\" \/>\n<script type=\"application\/ld+json\" class=\"yoast-schema-graph\">{\"@context\":\"https:\/\/schema.org\",\"@graph\":[{\"@type\":\"Article\",\"@id\":\"https:\/\/www.m-q.ch\/mittels-lasertechnologie-kommunizieren\/#article\",\"isPartOf\":{\"@id\":\"https:\/\/www.m-q.ch\/mittels-lasertechnologie-kommunizieren\/\"},\"author\":{\"name\":\"galledia\",\"@id\":\"https:\/\/www.m-q.ch\/fr\/#\/schema\/person\/c0139a2c55a374db6df2cde78ec87148\"},\"headline\":\"Mittels Lasertechnologie kommunizieren\",\"datePublished\":\"2016-10-25T07:18:49+00:00\",\"dateModified\":\"2017-02-28T08:10:01+00:00\",\"mainEntityOfPage\":{\"@id\":\"https:\/\/www.m-q.ch\/mittels-lasertechnologie-kommunizieren\/\"},\"wordCount\":237,\"commentCount\":0,\"publisher\":{\"@id\":\"https:\/\/www.m-q.ch\/fr\/#organization\"},\"image\":{\"@id\":\"https:\/\/www.m-q.ch\/mittels-lasertechnologie-kommunizieren\/#primaryimage\"},\"thumbnailUrl\":\"https:\/\/www.m-q.ch\/wp-content\/uploads\/2016\/12\/Mittels-Lasertechnologie-kommunizieren-management-und-qualitaet.jpg\",\"keywords\":[\"Produkte\"],\"articleSection\":[\"Produktenews\"],\"inLanguage\":\"fr-FR\"},{\"@type\":\"WebPage\",\"@id\":\"https:\/\/www.m-q.ch\/mittels-lasertechnologie-kommunizieren\/\",\"url\":\"https:\/\/www.m-q.ch\/mittels-lasertechnologie-kommunizieren\/\",\"name\":\"Mittels Lasertechnologie kommunizieren - MQ Management und Qualit\u00e4t\",\"isPartOf\":{\"@id\":\"https:\/\/www.m-q.ch\/fr\/#website\"},\"primaryImageOfPage\":{\"@id\":\"https:\/\/www.m-q.ch\/mittels-lasertechnologie-kommunizieren\/#primaryimage\"},\"image\":{\"@id\":\"https:\/\/www.m-q.ch\/mittels-lasertechnologie-kommunizieren\/#primaryimage\"},\"thumbnailUrl\":\"https:\/\/www.m-q.ch\/wp-content\/uploads\/2016\/12\/Mittels-Lasertechnologie-kommunizieren-management-und-qualitaet.jpg\",\"datePublished\":\"2016-10-25T07:18:49+00:00\",\"dateModified\":\"2017-02-28T08:10:01+00:00\",\"description\":\"Lasertechnologie: Diesen Oktober wurde die \u201eLaser Lights All Optical Hybrid Global Network\u201c, abgek\u00fcrzt HALO-Technologie pr\u00e4sentiert.\",\"breadcrumb\":{\"@id\":\"https:\/\/www.m-q.ch\/mittels-lasertechnologie-kommunizieren\/#breadcrumb\"},\"inLanguage\":\"fr-FR\",\"potentialAction\":[{\"@type\":\"ReadAction\",\"target\":[\"https:\/\/www.m-q.ch\/mittels-lasertechnologie-kommunizieren\/\"]}]},{\"@type\":\"ImageObject\",\"inLanguage\":\"fr-FR\",\"@id\":\"https:\/\/www.m-q.ch\/mittels-lasertechnologie-kommunizieren\/#primaryimage\",\"url\":\"https:\/\/www.m-q.ch\/wp-content\/uploads\/2016\/12\/Mittels-Lasertechnologie-kommunizieren-management-und-qualitaet.jpg\",\"contentUrl\":\"https:\/\/www.m-q.ch\/wp-content\/uploads\/2016\/12\/Mittels-Lasertechnologie-kommunizieren-management-und-qualitaet.jpg\",\"width\":2000,\"height\":1500,\"caption\":\"In den USA laufen erste Tests mit Laser-Kommunikations- und SD-WAN-Equipments. (Bild: Depositphotos_gubh83)\"},{\"@type\":\"BreadcrumbList\",\"@id\":\"https:\/\/www.m-q.ch\/mittels-lasertechnologie-kommunizieren\/#breadcrumb\",\"itemListElement\":[{\"@type\":\"ListItem\",\"position\":1,\"name\":\"Produktenews\",\"item\":\"https:\/\/www.m-q.ch\/kategorie\/produktenews\/\"},{\"@type\":\"ListItem\",\"position\":2,\"name\":\"Mittels Lasertechnologie kommunizieren\"}]},{\"@type\":\"WebSite\",\"@id\":\"https:\/\/www.m-q.ch\/fr\/#website\",\"url\":\"https:\/\/www.m-q.ch\/fr\/\",\"name\":\"MQ Management und Qualit\u00e4t\",\"description\":\"Plattform f\u00fcr integrierte Managementsysteme.\",\"publisher\":{\"@id\":\"https:\/\/www.m-q.ch\/fr\/#organization\"},\"potentialAction\":[{\"@type\":\"SearchAction\",\"target\":{\"@type\":\"EntryPoint\",\"urlTemplate\":\"https:\/\/www.m-q.ch\/fr\/?s={search_term_string}\"},\"query-input\":{\"@type\":\"PropertyValueSpecification\",\"valueRequired\":true,\"valueName\":\"search_term_string\"}}],\"inLanguage\":\"fr-FR\"},{\"@type\":\"Organization\",\"@id\":\"https:\/\/www.m-q.ch\/fr\/#organization\",\"name\":\"Galledia Fachmedien AG\",\"url\":\"https:\/\/www.m-q.ch\/fr\/\",\"logo\":{\"@type\":\"ImageObject\",\"inLanguage\":\"fr-FR\",\"@id\":\"https:\/\/www.m-q.ch\/fr\/#\/schema\/logo\/image\/\",\"url\":\"https:\/\/www.m-q.ch\/wp-content\/uploads\/2020\/12\/cropped-logo_small.png\",\"contentUrl\":\"https:\/\/www.m-q.ch\/wp-content\/uploads\/2020\/12\/cropped-logo_small.png\",\"width\":512,\"height\":512,\"caption\":\"Galledia Fachmedien AG\"},\"image\":{\"@id\":\"https:\/\/www.m-q.ch\/fr\/#\/schema\/logo\/image\/\"},\"sameAs\":[\"https:\/\/www.facebook.com\/ManagementUndQualitaet\",\"https:\/\/www.linkedin.com\/showcase\/17982321\/admin\/\"]},{\"@type\":\"Person\",\"@id\":\"https:\/\/www.m-q.ch\/fr\/#\/schema\/person\/c0139a2c55a374db6df2cde78ec87148\",\"name\":\"galledia\",\"image\":{\"@type\":\"ImageObject\",\"inLanguage\":\"fr-FR\",\"@id\":\"https:\/\/www.m-q.ch\/fr\/#\/schema\/person\/image\/\",\"url\":\"https:\/\/secure.gravatar.com\/avatar\/66edf527eac29e9a5eb25bcada01f61a?s=96&d=mm&r=g\",\"contentUrl\":\"https:\/\/secure.gravatar.com\/avatar\/66edf527eac29e9a5eb25bcada01f61a?s=96&d=mm&r=g\",\"caption\":\"galledia\"},\"url\":\"https:\/\/www.m-q.ch\/fr\/author\/galledia\/\"}]}<\/script>\n<!-- \/ Yoast SEO plugin. -->","yoast_head_json":{"title":"Communiquer via la technologie laser - Gestion et qualit\u00e9 de la qualit\u00e9 de l'air","description":"Technologie laser : En octobre dernier, le \"Laser Lights All Optical Hybrid Global Network\", abr\u00e9g\u00e9 en technologie HALO, a \u00e9t\u00e9 pr\u00e9sent\u00e9.","robots":{"index":"index","follow":"follow","max-snippet":"max-snippet:-1","max-image-preview":"max-image-preview:large","max-video-preview":"max-video-preview:-1"},"canonical":"https:\/\/www.m-q.ch\/fr\/communiquer-avec-la-technologie-laser\/","og_locale":"fr_FR","og_type":"article","og_title":"Mittels Lasertechnologie kommunizieren - MQ Management und Qualit\u00e4t","og_description":"Lasertechnologie: Diesen Oktober wurde die \u201eLaser Lights All Optical Hybrid Global Network\u201c, abgek\u00fcrzt HALO-Technologie pr\u00e4sentiert.","og_url":"https:\/\/www.m-q.ch\/fr\/communiquer-avec-la-technologie-laser\/","og_site_name":"MQ Management und Qualit\u00e4t","article_publisher":"https:\/\/www.facebook.com\/ManagementUndQualitaet","article_published_time":"2016-10-25T07:18:49+00:00","article_modified_time":"2017-02-28T08:10:01+00:00","og_image":[{"width":2000,"height":1500,"url":"https:\/\/www.m-q.ch\/wp-content\/uploads\/2016\/12\/Mittels-Lasertechnologie-kommunizieren-management-und-qualitaet.jpg","type":"image\/jpeg"}],"author":"galledia","twitter_card":"summary_large_image","twitter_misc":{"\u00c9crit par":"galledia","Dur\u00e9e de lecture estim\u00e9e":"1 minute"},"schema":{"@context":"https:\/\/schema.org","@graph":[{"@type":"Article","@id":"https:\/\/www.m-q.ch\/mittels-lasertechnologie-kommunizieren\/#article","isPartOf":{"@id":"https:\/\/www.m-q.ch\/mittels-lasertechnologie-kommunizieren\/"},"author":{"name":"galledia","@id":"https:\/\/www.m-q.ch\/fr\/#\/schema\/person\/c0139a2c55a374db6df2cde78ec87148"},"headline":"Mittels Lasertechnologie kommunizieren","datePublished":"2016-10-25T07:18:49+00:00","dateModified":"2017-02-28T08:10:01+00:00","mainEntityOfPage":{"@id":"https:\/\/www.m-q.ch\/mittels-lasertechnologie-kommunizieren\/"},"wordCount":237,"commentCount":0,"publisher":{"@id":"https:\/\/www.m-q.ch\/fr\/#organization"},"image":{"@id":"https:\/\/www.m-q.ch\/mittels-lasertechnologie-kommunizieren\/#primaryimage"},"thumbnailUrl":"https:\/\/www.m-q.ch\/wp-content\/uploads\/2016\/12\/Mittels-Lasertechnologie-kommunizieren-management-und-qualitaet.jpg","keywords":["Produkte"],"articleSection":["Produktenews"],"inLanguage":"fr-FR"},{"@type":"WebPage","@id":"https:\/\/www.m-q.ch\/mittels-lasertechnologie-kommunizieren\/","url":"https:\/\/www.m-q.ch\/mittels-lasertechnologie-kommunizieren\/","name":"Communiquer via la technologie laser - Gestion et qualit\u00e9 de la qualit\u00e9 de l'air","isPartOf":{"@id":"https:\/\/www.m-q.ch\/fr\/#website"},"primaryImageOfPage":{"@id":"https:\/\/www.m-q.ch\/mittels-lasertechnologie-kommunizieren\/#primaryimage"},"image":{"@id":"https:\/\/www.m-q.ch\/mittels-lasertechnologie-kommunizieren\/#primaryimage"},"thumbnailUrl":"https:\/\/www.m-q.ch\/wp-content\/uploads\/2016\/12\/Mittels-Lasertechnologie-kommunizieren-management-und-qualitaet.jpg","datePublished":"2016-10-25T07:18:49+00:00","dateModified":"2017-02-28T08:10:01+00:00","description":"Technologie laser : En octobre dernier, le \"Laser Lights All Optical Hybrid Global Network\", abr\u00e9g\u00e9 en technologie HALO, a \u00e9t\u00e9 pr\u00e9sent\u00e9.","breadcrumb":{"@id":"https:\/\/www.m-q.ch\/mittels-lasertechnologie-kommunizieren\/#breadcrumb"},"inLanguage":"fr-FR","potentialAction":[{"@type":"ReadAction","target":["https:\/\/www.m-q.ch\/mittels-lasertechnologie-kommunizieren\/"]}]},{"@type":"ImageObject","inLanguage":"fr-FR","@id":"https:\/\/www.m-q.ch\/mittels-lasertechnologie-kommunizieren\/#primaryimage","url":"https:\/\/www.m-q.ch\/wp-content\/uploads\/2016\/12\/Mittels-Lasertechnologie-kommunizieren-management-und-qualitaet.jpg","contentUrl":"https:\/\/www.m-q.ch\/wp-content\/uploads\/2016\/12\/Mittels-Lasertechnologie-kommunizieren-management-und-qualitaet.jpg","width":2000,"height":1500,"caption":"In den USA laufen erste Tests mit Laser-Kommunikations- und SD-WAN-Equipments. (Bild: Depositphotos_gubh83)"},{"@type":"BreadcrumbList","@id":"https:\/\/www.m-q.ch\/mittels-lasertechnologie-kommunizieren\/#breadcrumb","itemListElement":[{"@type":"ListItem","position":1,"name":"Produktenews","item":"https:\/\/www.m-q.ch\/kategorie\/produktenews\/"},{"@type":"ListItem","position":2,"name":"Mittels Lasertechnologie kommunizieren"}]},{"@type":"WebSite","@id":"https:\/\/www.m-q.ch\/fr\/#website","url":"https:\/\/www.m-q.ch\/fr\/","name":"Gestion et qualit\u00e9 du QM","description":"Plate-forme pour les syst\u00e8mes de gestion int\u00e9gr\u00e9e.","publisher":{"@id":"https:\/\/www.m-q.ch\/fr\/#organization"},"potentialAction":[{"@type":"SearchAction","target":{"@type":"EntryPoint","urlTemplate":"https:\/\/www.m-q.ch\/fr\/?s={search_term_string}"},"query-input":{"@type":"PropertyValueSpecification","valueRequired":true,"valueName":"search_term_string"}}],"inLanguage":"fr-FR"},{"@type":"Organization","@id":"https:\/\/www.m-q.ch\/fr\/#organization","name":"Galledia Trade Media AG","url":"https:\/\/www.m-q.ch\/fr\/","logo":{"@type":"ImageObject","inLanguage":"fr-FR","@id":"https:\/\/www.m-q.ch\/fr\/#\/schema\/logo\/image\/","url":"https:\/\/www.m-q.ch\/wp-content\/uploads\/2020\/12\/cropped-logo_small.png","contentUrl":"https:\/\/www.m-q.ch\/wp-content\/uploads\/2020\/12\/cropped-logo_small.png","width":512,"height":512,"caption":"Galledia Fachmedien AG"},"image":{"@id":"https:\/\/www.m-q.ch\/fr\/#\/schema\/logo\/image\/"},"sameAs":["https:\/\/www.facebook.com\/ManagementUndQualitaet","https:\/\/www.linkedin.com\/showcase\/17982321\/admin\/"]},{"@type":"Person","@id":"https:\/\/www.m-q.ch\/fr\/#\/schema\/person\/c0139a2c55a374db6df2cde78ec87148","name":"galledia","image":{"@type":"ImageObject","inLanguage":"fr-FR","@id":"https:\/\/www.m-q.ch\/fr\/#\/schema\/person\/image\/","url":"https:\/\/secure.gravatar.com\/avatar\/66edf527eac29e9a5eb25bcada01f61a?s=96&d=mm&r=g","contentUrl":"https:\/\/secure.gravatar.com\/avatar\/66edf527eac29e9a5eb25bcada01f61a?s=96&d=mm&r=g","caption":"galledia"},"url":"https:\/\/www.m-q.ch\/fr\/author\/galledia\/"}]}},"_links":{"self":[{"href":"https:\/\/www.m-q.ch\/fr\/wp-json\/wp\/v2\/posts\/613","targetHints":{"allow":["GET"]}}],"collection":[{"href":"https:\/\/www.m-q.ch\/fr\/wp-json\/wp\/v2\/posts"}],"about":[{"href":"https:\/\/www.m-q.ch\/fr\/wp-json\/wp\/v2\/types\/post"}],"author":[{"embeddable":true,"href":"https:\/\/www.m-q.ch\/fr\/wp-json\/wp\/v2\/users\/1"}],"replies":[{"embeddable":true,"href":"https:\/\/www.m-q.ch\/fr\/wp-json\/wp\/v2\/comments?post=613"}],"version-history":[{"count":2,"href":"https:\/\/www.m-q.ch\/fr\/wp-json\/wp\/v2\/posts\/613\/revisions"}],"predecessor-version":[{"id":1015,"href":"https:\/\/www.m-q.ch\/fr\/wp-json\/wp\/v2\/posts\/613\/revisions\/1015"}],"wp:featuredmedia":[{"embeddable":true,"href":"https:\/\/www.m-q.ch\/fr\/wp-json\/wp\/v2\/media\/174"}],"wp:attachment":[{"href":"https:\/\/www.m-q.ch\/fr\/wp-json\/wp\/v2\/media?parent=613"}],"wp:term":[{"taxonomy":"category","embeddable":true,"href":"https:\/\/www.m-q.ch\/fr\/wp-json\/wp\/v2\/categories?post=613"},{"taxonomy":"post_tag","embeddable":true,"href":"https:\/\/www.m-q.ch\/fr\/wp-json\/wp\/v2\/tags?post=613"}],"curies":[{"name":"wp","href":"https:\/\/api.w.org\/{rel}","templated":true}]}}