{"id":619,"date":"2016-10-26T09:21:20","date_gmt":"2016-10-26T07:21:20","guid":{"rendered":"http:\/\/dev.m-q.ch\/?p=619"},"modified":"2017-02-28T09:05:04","modified_gmt":"2017-02-28T08:05:04","slug":"25-ans-de-lefqm-la-ceremonie-de-remise-des-prix-a-milan","status":"publish","type":"post","link":"https:\/\/www.m-q.ch\/fr\/25-jahre-efqm-die-award-feier-in-mailand\/","title":{"rendered":"25 ans EFQM : La c\u00e9r\u00e9monie de remise des prix \u00e0 Milan"},"content":{"rendered":"<figure id=\"attachment_50\" aria-describedby=\"caption-attachment-50\" style=\"width: 640px\" class=\"wp-caption alignnone\"><a href=\"https:\/\/m-q.ch\/wp-content\/uploads\/2016\/12\/25-Jahre-EFQM-Die-Award-Feier-in-Mailand-management-und-qualitaet.jpg\"><img loading=\"lazy\" decoding=\"async\" class=\"wp-image-50 size-full\" src=\"https:\/\/www.m-q.ch\/wp-content\/uploads\/2016\/12\/25-Jahre-EFQM-Die-Award-Feier-in-Mailand-management-und-qualitaet.jpg\" width=\"640\" height=\"426\" srcset=\"https:\/\/www.m-q.ch\/wp-content\/uploads\/2016\/12\/25-Jahre-EFQM-Die-Award-Feier-in-Mailand-management-und-qualitaet.jpg 640w, https:\/\/www.m-q.ch\/wp-content\/uploads\/2016\/12\/25-Jahre-EFQM-Die-Award-Feier-in-Mailand-management-und-qualitaet-16x12.jpg 16w, https:\/\/www.m-q.ch\/wp-content\/uploads\/2016\/12\/25-Jahre-EFQM-Die-Award-Feier-in-Mailand-management-und-qualitaet-263x175.jpg 263w, https:\/\/www.m-q.ch\/wp-content\/uploads\/2016\/12\/25-Jahre-EFQM-Die-Award-Feier-in-Mailand-management-und-qualitaet-526x350.jpg 526w, https:\/\/www.m-q.ch\/wp-content\/uploads\/2016\/12\/25-Jahre-EFQM-Die-Award-Feier-in-Mailand-management-und-qualitaet-300x200.jpg 300w, https:\/\/www.m-q.ch\/wp-content\/uploads\/2016\/12\/25-Jahre-EFQM-Die-Award-Feier-in-Mailand-management-und-qualitaet-624x415.jpg 624w\" sizes=\"auto, (max-width: 640px) 100vw, 640px\" \/><\/a><figcaption id=\"caption-attachment-50\" class=\"wp-caption-text\">Laur\u00e9at du prix EFQM pour le maintien de r\u00e9sultats exceptionnels : repr\u00e9sentants du City of Glasgow College, Royaume-Uni. (Image : zVg)<\/figcaption><\/figure>\n<p>L'organisation EFQM c\u00e9l\u00e8bre cette ann\u00e9e son 25e anniversaire. Lors du forum anniversaire des 29 et 30 septembre 2016 \u00e0 Milan, 15 entreprises ont pos\u00e9 leur candidature pour le prix d'excellence europ\u00e9en.  Parmi eux se trouvaient de grandes institutions et entreprises telles que l'universit\u00e9 agraire d'\u00c9tat de Stavropol en Russie ou la Robert Bosch GmbH (Blaichach Plant) en Allemagne.<\/p>\n<p>L'Ayuntamiento de Alcobendas, une ville proche de Madrid (Espagne), est devenu un laur\u00e9at europ\u00e9en m\u00e9ritant du Prix EFQM 2016, suivi de pas moins de huit laur\u00e9ats et six finalistes de l'EFQM. La c\u00e9r\u00e9monie \u00e9tincelante a \u00e9t\u00e9 le point culminant des deux jours de congr\u00e8s avec des participants de nombreux pays europ\u00e9ens, des repr\u00e9sentants du Moyen-Orient, de la Colombie, de l'\u00c9quateur et, pour la premi\u00e8re fois, de la Chine.<\/p>\n<p><strong>Les principaux acteurs<\/strong><\/p>\n<p>Dans le cadre du EFQM Excellence Award 2016 Milano, Priska Wyser, directrice g\u00e9n\u00e9rale d'ESPRIX Excellence Suisse, a rencontr\u00e9 l'ancien champion du monde de Formule 1 finlandais Mikka H\u00e4kkinen. Les invit\u00e9s de la c\u00e9r\u00e9monie de remise des prix de l'anniversaire ont appris de H\u00e4kkinen de nombreux faits int\u00e9ressants sur le th\u00e8me \"Au-del\u00e0 des limites\" gr\u00e2ce \u00e0 son temps de Formule 1 actif. Les laur\u00e9ats du prix EFQM ont pu recevoir de sa main leurs r\u00e9compenses bien m\u00e9rit\u00e9es, ce qui \u00e9tait certainement un honneur particulier.<\/p>\n<p><em><a href=\"http:\/\/www.esprix.ch\/partnernetzwerke\/strategische_partner\/efqm\/?utm_source=newsletter-september&amp;utm_medium=e-mail&amp;utm_campaign=newsletter\" target=\"_blank\" rel=\"noreferrer\" data-cke-saved-href=\"http:\/\/www.esprix.ch\/partnernetzwerke\/strategische_partner\/efqm\/?utm_source=newsletter-september&amp;utm_medium=e-mail&amp;utm_campaign=newsletter\">Ici<\/a> vous pouvez en savoir plus sur les laur\u00e9ats, les laur\u00e9ats et les finalistes des prix europ\u00e9ens.<\/em><\/p>\n<p>&nbsp;<\/p>","protected":false},"excerpt":{"rendered":"<p>Die EFQM Organisation feiert dieses Jahr ihr 25 j\u00e4hriges Jubil\u00e4um. Am Jubil\u00e4ums-Forum vom 29. Und 30. September 2016 in Mailand haben sich 15 Unternehmen um den European Excellence Award beworben. \u00a0Darunter waren grosse Institutionen, respektive Unternehmen wie die Stavropol State Agrarian University Russia oder die Robert Bosch GmbH (Blaichach Plant) Deutschland. Mit Ayuntamiento de Alcobendas [&hellip;]<\/p>\n","protected":false},"author":1,"featured_media":50,"comment_status":"open","ping_status":"open","sticky":false,"template":"","format":"standard","meta":{"_acf_changed":false,"footnotes":""},"categories":[1],"tags":[3359],"class_list":["post-619","post","type-post","status-publish","format-standard","has-post-thumbnail","hentry","category-unkategorisiert","tag-vereineverbaendeinstitutionen"],"acf":[],"yoast_head":"<!-- This site is optimized with the Yoast SEO plugin v26.2 - https:\/\/yoast.com\/wordpress\/plugins\/seo\/ -->\n<title>25 Jahre EFQM: Die Award Feier in Mailand - MQ Management und Qualit\u00e4t<\/title>\n<meta name=\"description\" content=\"Die EFQM feierte in Mailand ihr 25-j\u00e4hriges Jubil\u00e4um. Sechzehn Finalisten durften die EFQM-Auszeichnungen aus den H\u00e4nden von Mika H\u00e4kkinen entgegennehmen.\" \/>\n<meta name=\"robots\" content=\"index, follow, max-snippet:-1, max-image-preview:large, max-video-preview:-1\" \/>\n<link rel=\"canonical\" href=\"https:\/\/www.m-q.ch\/fr\/25-ans-de-lefqm-la-ceremonie-de-remise-des-prix-a-milan\/\" \/>\n<meta property=\"og:locale\" content=\"fr_FR\" \/>\n<meta property=\"og:type\" content=\"article\" \/>\n<meta property=\"og:title\" content=\"25 Jahre EFQM: Die Award Feier in Mailand - MQ Management und Qualit\u00e4t\" \/>\n<meta property=\"og:description\" content=\"Die EFQM feierte in Mailand ihr 25-j\u00e4hriges Jubil\u00e4um. Sechzehn Finalisten durften die EFQM-Auszeichnungen aus den H\u00e4nden von Mika H\u00e4kkinen entgegennehmen.\" \/>\n<meta property=\"og:url\" content=\"https:\/\/www.m-q.ch\/fr\/25-ans-de-lefqm-la-ceremonie-de-remise-des-prix-a-milan\/\" \/>\n<meta property=\"og:site_name\" content=\"MQ Management und Qualit\u00e4t\" \/>\n<meta property=\"article:publisher\" content=\"https:\/\/www.facebook.com\/ManagementUndQualitaet\" \/>\n<meta property=\"article:published_time\" content=\"2016-10-26T07:21:20+00:00\" \/>\n<meta property=\"article:modified_time\" content=\"2017-02-28T08:05:04+00:00\" \/>\n<meta property=\"og:image\" content=\"https:\/\/www.m-q.ch\/wp-content\/uploads\/2016\/12\/25-Jahre-EFQM-Die-Award-Feier-in-Mailand-management-und-qualitaet.jpg\" \/>\n\t<meta property=\"og:image:width\" content=\"640\" \/>\n\t<meta property=\"og:image:height\" content=\"426\" \/>\n\t<meta property=\"og:image:type\" content=\"image\/jpeg\" \/>\n<meta name=\"author\" content=\"galledia\" \/>\n<meta name=\"twitter:card\" content=\"summary_large_image\" \/>\n<meta name=\"twitter:label1\" content=\"\u00c9crit par\" \/>\n\t<meta name=\"twitter:data1\" content=\"galledia\" \/>\n\t<meta name=\"twitter:label2\" content=\"Dur\u00e9e de lecture estim\u00e9e\" \/>\n\t<meta name=\"twitter:data2\" content=\"1 minute\" \/>\n<script type=\"application\/ld+json\" class=\"yoast-schema-graph\">{\"@context\":\"https:\/\/schema.org\",\"@graph\":[{\"@type\":\"Article\",\"@id\":\"https:\/\/www.m-q.ch\/de\/25-jahre-efqm-die-award-feier-in-mailand\/#article\",\"isPartOf\":{\"@id\":\"https:\/\/www.m-q.ch\/de\/25-jahre-efqm-die-award-feier-in-mailand\/\"},\"author\":{\"name\":\"galledia\",\"@id\":\"https:\/\/www.m-q.ch\/fr\/#\/schema\/person\/c0139a2c55a374db6df2cde78ec87148\"},\"headline\":\"25 Jahre EFQM: Die Award Feier in Mailand\",\"datePublished\":\"2016-10-26T07:21:20+00:00\",\"dateModified\":\"2017-02-28T08:05:04+00:00\",\"mainEntityOfPage\":{\"@id\":\"https:\/\/www.m-q.ch\/de\/25-jahre-efqm-die-award-feier-in-mailand\/\"},\"wordCount\":226,\"commentCount\":0,\"publisher\":{\"@id\":\"https:\/\/www.m-q.ch\/fr\/#organization\"},\"image\":{\"@id\":\"https:\/\/www.m-q.ch\/de\/25-jahre-efqm-die-award-feier-in-mailand\/#primaryimage\"},\"thumbnailUrl\":\"https:\/\/www.m-q.ch\/wp-content\/uploads\/2016\/12\/25-Jahre-EFQM-Die-Award-Feier-in-Mailand-management-und-qualitaet.jpg\",\"keywords\":[\"Vereine\/Verb\u00e4nde\/Institutionen\"],\"articleSection\":[\"Unkategorisiert\"],\"inLanguage\":\"fr-FR\"},{\"@type\":\"WebPage\",\"@id\":\"https:\/\/www.m-q.ch\/de\/25-jahre-efqm-die-award-feier-in-mailand\/\",\"url\":\"https:\/\/www.m-q.ch\/de\/25-jahre-efqm-die-award-feier-in-mailand\/\",\"name\":\"25 Jahre EFQM: Die Award Feier in Mailand - MQ Management und Qualit\u00e4t\",\"isPartOf\":{\"@id\":\"https:\/\/www.m-q.ch\/fr\/#website\"},\"primaryImageOfPage\":{\"@id\":\"https:\/\/www.m-q.ch\/de\/25-jahre-efqm-die-award-feier-in-mailand\/#primaryimage\"},\"image\":{\"@id\":\"https:\/\/www.m-q.ch\/de\/25-jahre-efqm-die-award-feier-in-mailand\/#primaryimage\"},\"thumbnailUrl\":\"https:\/\/www.m-q.ch\/wp-content\/uploads\/2016\/12\/25-Jahre-EFQM-Die-Award-Feier-in-Mailand-management-und-qualitaet.jpg\",\"datePublished\":\"2016-10-26T07:21:20+00:00\",\"dateModified\":\"2017-02-28T08:05:04+00:00\",\"description\":\"Die EFQM feierte in Mailand ihr 25-j\u00e4hriges Jubil\u00e4um. Sechzehn Finalisten durften die EFQM-Auszeichnungen aus den H\u00e4nden von Mika H\u00e4kkinen entgegennehmen.\",\"breadcrumb\":{\"@id\":\"https:\/\/www.m-q.ch\/de\/25-jahre-efqm-die-award-feier-in-mailand\/#breadcrumb\"},\"inLanguage\":\"fr-FR\",\"potentialAction\":[{\"@type\":\"ReadAction\",\"target\":[\"https:\/\/www.m-q.ch\/de\/25-jahre-efqm-die-award-feier-in-mailand\/\"]}]},{\"@type\":\"ImageObject\",\"inLanguage\":\"fr-FR\",\"@id\":\"https:\/\/www.m-q.ch\/de\/25-jahre-efqm-die-award-feier-in-mailand\/#primaryimage\",\"url\":\"https:\/\/www.m-q.ch\/wp-content\/uploads\/2016\/12\/25-Jahre-EFQM-Die-Award-Feier-in-Mailand-management-und-qualitaet.jpg\",\"contentUrl\":\"https:\/\/www.m-q.ch\/wp-content\/uploads\/2016\/12\/25-Jahre-EFQM-Die-Award-Feier-in-Mailand-management-und-qualitaet.jpg\",\"width\":640,\"height\":426,\"caption\":\"EFQM Prize Winner in Sustaining Outstanding Results: Vertreter und Vertreterinnen des City of Glasgow College, United Kingdom. (Bild: zVg)\"},{\"@type\":\"BreadcrumbList\",\"@id\":\"https:\/\/www.m-q.ch\/de\/25-jahre-efqm-die-award-feier-in-mailand\/#breadcrumb\",\"itemListElement\":[{\"@type\":\"ListItem\",\"position\":1,\"name\":\"Unkategorisiert\",\"item\":\"https:\/\/www.m-q.ch\/it\/categoria\/senza-categoria\/\"},{\"@type\":\"ListItem\",\"position\":2,\"name\":\"25 Jahre EFQM: Die Award Feier in Mailand\"}]},{\"@type\":\"WebSite\",\"@id\":\"https:\/\/www.m-q.ch\/fr\/#website\",\"url\":\"https:\/\/www.m-q.ch\/fr\/\",\"name\":\"MQ Management und Qualit\u00e4t\",\"description\":\"Plattform f\u00fcr integrierte Managementsysteme.\",\"publisher\":{\"@id\":\"https:\/\/www.m-q.ch\/fr\/#organization\"},\"potentialAction\":[{\"@type\":\"SearchAction\",\"target\":{\"@type\":\"EntryPoint\",\"urlTemplate\":\"https:\/\/www.m-q.ch\/fr\/?s={search_term_string}\"},\"query-input\":{\"@type\":\"PropertyValueSpecification\",\"valueRequired\":true,\"valueName\":\"search_term_string\"}}],\"inLanguage\":\"fr-FR\"},{\"@type\":\"Organization\",\"@id\":\"https:\/\/www.m-q.ch\/fr\/#organization\",\"name\":\"Galledia Fachmedien AG\",\"url\":\"https:\/\/www.m-q.ch\/fr\/\",\"logo\":{\"@type\":\"ImageObject\",\"inLanguage\":\"fr-FR\",\"@id\":\"https:\/\/www.m-q.ch\/fr\/#\/schema\/logo\/image\/\",\"url\":\"https:\/\/www.m-q.ch\/wp-content\/uploads\/2020\/12\/cropped-logo_small.png\",\"contentUrl\":\"https:\/\/www.m-q.ch\/wp-content\/uploads\/2020\/12\/cropped-logo_small.png\",\"width\":512,\"height\":512,\"caption\":\"Galledia Fachmedien AG\"},\"image\":{\"@id\":\"https:\/\/www.m-q.ch\/fr\/#\/schema\/logo\/image\/\"},\"sameAs\":[\"https:\/\/www.facebook.com\/ManagementUndQualitaet\",\"https:\/\/www.linkedin.com\/showcase\/17982321\/admin\/\"]},{\"@type\":\"Person\",\"@id\":\"https:\/\/www.m-q.ch\/fr\/#\/schema\/person\/c0139a2c55a374db6df2cde78ec87148\",\"name\":\"galledia\",\"image\":{\"@type\":\"ImageObject\",\"inLanguage\":\"fr-FR\",\"@id\":\"https:\/\/www.m-q.ch\/fr\/#\/schema\/person\/image\/\",\"url\":\"https:\/\/secure.gravatar.com\/avatar\/66edf527eac29e9a5eb25bcada01f61a?s=96&d=mm&r=g\",\"contentUrl\":\"https:\/\/secure.gravatar.com\/avatar\/66edf527eac29e9a5eb25bcada01f61a?s=96&d=mm&r=g\",\"caption\":\"galledia\"},\"url\":\"https:\/\/www.m-q.ch\/fr\/author\/galledia\/\"}]}<\/script>\n<!-- \/ Yoast SEO plugin. -->","yoast_head_json":{"title":"25 ans EFQM : La c\u00e9r\u00e9monie de remise des prix \u00e0 Milan - MQ Management und Qualit\u00e4t","description":"L'EFQM a f\u00eat\u00e9 son 25e anniversaire \u00e0 Milan. Seize finalistes ont re\u00e7u les prix EFQM de Mika H\u00e4kkinen.","robots":{"index":"index","follow":"follow","max-snippet":"max-snippet:-1","max-image-preview":"max-image-preview:large","max-video-preview":"max-video-preview:-1"},"canonical":"https:\/\/www.m-q.ch\/fr\/25-ans-de-lefqm-la-ceremonie-de-remise-des-prix-a-milan\/","og_locale":"fr_FR","og_type":"article","og_title":"25 Jahre EFQM: Die Award Feier in Mailand - MQ Management und Qualit\u00e4t","og_description":"Die EFQM feierte in Mailand ihr 25-j\u00e4hriges Jubil\u00e4um. Sechzehn Finalisten durften die EFQM-Auszeichnungen aus den H\u00e4nden von Mika H\u00e4kkinen entgegennehmen.","og_url":"https:\/\/www.m-q.ch\/fr\/25-ans-de-lefqm-la-ceremonie-de-remise-des-prix-a-milan\/","og_site_name":"MQ Management und Qualit\u00e4t","article_publisher":"https:\/\/www.facebook.com\/ManagementUndQualitaet","article_published_time":"2016-10-26T07:21:20+00:00","article_modified_time":"2017-02-28T08:05:04+00:00","og_image":[{"width":640,"height":426,"url":"https:\/\/www.m-q.ch\/wp-content\/uploads\/2016\/12\/25-Jahre-EFQM-Die-Award-Feier-in-Mailand-management-und-qualitaet.jpg","type":"image\/jpeg"}],"author":"galledia","twitter_card":"summary_large_image","twitter_misc":{"\u00c9crit par":"galledia","Dur\u00e9e de lecture estim\u00e9e":"1 minute"},"schema":{"@context":"https:\/\/schema.org","@graph":[{"@type":"Article","@id":"https:\/\/www.m-q.ch\/de\/25-jahre-efqm-die-award-feier-in-mailand\/#article","isPartOf":{"@id":"https:\/\/www.m-q.ch\/de\/25-jahre-efqm-die-award-feier-in-mailand\/"},"author":{"name":"galledia","@id":"https:\/\/www.m-q.ch\/fr\/#\/schema\/person\/c0139a2c55a374db6df2cde78ec87148"},"headline":"25 Jahre EFQM: Die Award Feier in Mailand","datePublished":"2016-10-26T07:21:20+00:00","dateModified":"2017-02-28T08:05:04+00:00","mainEntityOfPage":{"@id":"https:\/\/www.m-q.ch\/de\/25-jahre-efqm-die-award-feier-in-mailand\/"},"wordCount":226,"commentCount":0,"publisher":{"@id":"https:\/\/www.m-q.ch\/fr\/#organization"},"image":{"@id":"https:\/\/www.m-q.ch\/de\/25-jahre-efqm-die-award-feier-in-mailand\/#primaryimage"},"thumbnailUrl":"https:\/\/www.m-q.ch\/wp-content\/uploads\/2016\/12\/25-Jahre-EFQM-Die-Award-Feier-in-Mailand-management-und-qualitaet.jpg","keywords":["Vereine\/Verb\u00e4nde\/Institutionen"],"articleSection":["Unkategorisiert"],"inLanguage":"fr-FR"},{"@type":"WebPage","@id":"https:\/\/www.m-q.ch\/de\/25-jahre-efqm-die-award-feier-in-mailand\/","url":"https:\/\/www.m-q.ch\/de\/25-jahre-efqm-die-award-feier-in-mailand\/","name":"25 ans EFQM : La c\u00e9r\u00e9monie de remise des prix \u00e0 Milan - MQ Management und Qualit\u00e4t","isPartOf":{"@id":"https:\/\/www.m-q.ch\/fr\/#website"},"primaryImageOfPage":{"@id":"https:\/\/www.m-q.ch\/de\/25-jahre-efqm-die-award-feier-in-mailand\/#primaryimage"},"image":{"@id":"https:\/\/www.m-q.ch\/de\/25-jahre-efqm-die-award-feier-in-mailand\/#primaryimage"},"thumbnailUrl":"https:\/\/www.m-q.ch\/wp-content\/uploads\/2016\/12\/25-Jahre-EFQM-Die-Award-Feier-in-Mailand-management-und-qualitaet.jpg","datePublished":"2016-10-26T07:21:20+00:00","dateModified":"2017-02-28T08:05:04+00:00","description":"L'EFQM a f\u00eat\u00e9 son 25e anniversaire \u00e0 Milan. Seize finalistes ont re\u00e7u les prix EFQM de Mika H\u00e4kkinen.","breadcrumb":{"@id":"https:\/\/www.m-q.ch\/de\/25-jahre-efqm-die-award-feier-in-mailand\/#breadcrumb"},"inLanguage":"fr-FR","potentialAction":[{"@type":"ReadAction","target":["https:\/\/www.m-q.ch\/de\/25-jahre-efqm-die-award-feier-in-mailand\/"]}]},{"@type":"ImageObject","inLanguage":"fr-FR","@id":"https:\/\/www.m-q.ch\/de\/25-jahre-efqm-die-award-feier-in-mailand\/#primaryimage","url":"https:\/\/www.m-q.ch\/wp-content\/uploads\/2016\/12\/25-Jahre-EFQM-Die-Award-Feier-in-Mailand-management-und-qualitaet.jpg","contentUrl":"https:\/\/www.m-q.ch\/wp-content\/uploads\/2016\/12\/25-Jahre-EFQM-Die-Award-Feier-in-Mailand-management-und-qualitaet.jpg","width":640,"height":426,"caption":"EFQM Prize Winner in Sustaining Outstanding Results: Vertreter und Vertreterinnen des City of Glasgow College, United Kingdom. (Bild: zVg)"},{"@type":"BreadcrumbList","@id":"https:\/\/www.m-q.ch\/de\/25-jahre-efqm-die-award-feier-in-mailand\/#breadcrumb","itemListElement":[{"@type":"ListItem","position":1,"name":"Unkategorisiert","item":"https:\/\/www.m-q.ch\/it\/categoria\/senza-categoria\/"},{"@type":"ListItem","position":2,"name":"25 Jahre EFQM: Die Award Feier in Mailand"}]},{"@type":"WebSite","@id":"https:\/\/www.m-q.ch\/fr\/#website","url":"https:\/\/www.m-q.ch\/fr\/","name":"Gestion et qualit\u00e9 du QM","description":"Plate-forme pour les syst\u00e8mes de gestion int\u00e9gr\u00e9e.","publisher":{"@id":"https:\/\/www.m-q.ch\/fr\/#organization"},"potentialAction":[{"@type":"SearchAction","target":{"@type":"EntryPoint","urlTemplate":"https:\/\/www.m-q.ch\/fr\/?s={search_term_string}"},"query-input":{"@type":"PropertyValueSpecification","valueRequired":true,"valueName":"search_term_string"}}],"inLanguage":"fr-FR"},{"@type":"Organization","@id":"https:\/\/www.m-q.ch\/fr\/#organization","name":"Galledia Trade Media AG","url":"https:\/\/www.m-q.ch\/fr\/","logo":{"@type":"ImageObject","inLanguage":"fr-FR","@id":"https:\/\/www.m-q.ch\/fr\/#\/schema\/logo\/image\/","url":"https:\/\/www.m-q.ch\/wp-content\/uploads\/2020\/12\/cropped-logo_small.png","contentUrl":"https:\/\/www.m-q.ch\/wp-content\/uploads\/2020\/12\/cropped-logo_small.png","width":512,"height":512,"caption":"Galledia Fachmedien AG"},"image":{"@id":"https:\/\/www.m-q.ch\/fr\/#\/schema\/logo\/image\/"},"sameAs":["https:\/\/www.facebook.com\/ManagementUndQualitaet","https:\/\/www.linkedin.com\/showcase\/17982321\/admin\/"]},{"@type":"Person","@id":"https:\/\/www.m-q.ch\/fr\/#\/schema\/person\/c0139a2c55a374db6df2cde78ec87148","name":"galledia","image":{"@type":"ImageObject","inLanguage":"fr-FR","@id":"https:\/\/www.m-q.ch\/fr\/#\/schema\/person\/image\/","url":"https:\/\/secure.gravatar.com\/avatar\/66edf527eac29e9a5eb25bcada01f61a?s=96&d=mm&r=g","contentUrl":"https:\/\/secure.gravatar.com\/avatar\/66edf527eac29e9a5eb25bcada01f61a?s=96&d=mm&r=g","caption":"galledia"},"url":"https:\/\/www.m-q.ch\/fr\/author\/galledia\/"}]}},"_links":{"self":[{"href":"https:\/\/www.m-q.ch\/fr\/wp-json\/wp\/v2\/posts\/619","targetHints":{"allow":["GET"]}}],"collection":[{"href":"https:\/\/www.m-q.ch\/fr\/wp-json\/wp\/v2\/posts"}],"about":[{"href":"https:\/\/www.m-q.ch\/fr\/wp-json\/wp\/v2\/types\/post"}],"author":[{"embeddable":true,"href":"https:\/\/www.m-q.ch\/fr\/wp-json\/wp\/v2\/users\/1"}],"replies":[{"embeddable":true,"href":"https:\/\/www.m-q.ch\/fr\/wp-json\/wp\/v2\/comments?post=619"}],"version-history":[{"count":3,"href":"https:\/\/www.m-q.ch\/fr\/wp-json\/wp\/v2\/posts\/619\/revisions"}],"predecessor-version":[{"id":1011,"href":"https:\/\/www.m-q.ch\/fr\/wp-json\/wp\/v2\/posts\/619\/revisions\/1011"}],"wp:featuredmedia":[{"embeddable":true,"href":"https:\/\/www.m-q.ch\/fr\/wp-json\/wp\/v2\/media\/50"}],"wp:attachment":[{"href":"https:\/\/www.m-q.ch\/fr\/wp-json\/wp\/v2\/media?parent=619"}],"wp:term":[{"taxonomy":"category","embeddable":true,"href":"https:\/\/www.m-q.ch\/fr\/wp-json\/wp\/v2\/categories?post=619"},{"taxonomy":"post_tag","embeddable":true,"href":"https:\/\/www.m-q.ch\/fr\/wp-json\/wp\/v2\/tags?post=619"}],"curies":[{"name":"wp","href":"https:\/\/api.w.org\/{rel}","templated":true}]}}