{"id":629,"date":"2016-11-02T09:25:28","date_gmt":"2016-11-02T08:25:28","guid":{"rendered":"http:\/\/dev.m-q.ch\/?p=629"},"modified":"2017-02-28T08:57:50","modified_gmt":"2017-02-28T07:57:50","slug":"enquete-sur-la-soi-disant-apocalypse-de-la-protection-des-donnees-de-yahoo","status":"publish","type":"post","link":"https:\/\/www.m-q.ch\/fr\/untersuchung-der-so-genannten-yahoo-datenschutz-apokalypse\/","title":{"rendered":"Enqu\u00eate sur la soi-disant apocalypse de Yahoo en mati\u00e8re de vie priv\u00e9e"},"content":{"rendered":"<p><em><strong>Recalcul\u00e9 : Sanctions selon la DSGVO<\/strong><\/em><\/p>\n<p><em>Si la DSGVO \u00e9tait d\u00e9j\u00e0 applicable - ce qui ne sera pas le cas avant le 25 mai 2018 - et que Yahoo n'avait pas signal\u00e9 le vol de donn\u00e9es personnelles de 500 millions d'utilisateurs \u00e0 une autorit\u00e9 de protection des donn\u00e9es dans les 72 heures, l'entreprise serait confront\u00e9e \u00e0 des sanctions massives.<\/em><\/p>\n<p><em>La violation de l'obligation de notification pr\u00e9vue \u00e0 l'article 33 du r\u00e8glement d'exemption par cat\u00e9gorie DS peut entra\u00eener des p\u00e9nalit\u00e9s s'\u00e9levant \u00e0 deux pour cent du chiffre d'affaires mondial annuel. Ces derni\u00e8res ann\u00e9es, le chiffre d'affaires de Yahoo a d\u00e9pass\u00e9 la barre des 4,5 milliards de dollars US.<\/em><\/p>\n<p><em>En vertu de l'ODVG, Yahoo devrait donc transf\u00e9rer au moins 90 millions de dollars \u00e0 l'UE.<\/em><\/p>\n<p><em>Et puis il y a Verizon, avec un chiffre d'affaires annuel de plus de 130 milliards de dollars, qui est en train d'acheter Yahoo. Si la reprise \u00e9tait d\u00e9j\u00e0 r\u00e9alis\u00e9e, Verizon devrait faire face \u00e0 une p\u00e9nalit\u00e9 de deux pour cent des 134 milliards, soit environ 268 millions de dollars.<\/em><\/p>\n<p><em>Qu'est-ce que cela nous apprend ? Les grandes multinationales et les entreprises am\u00e9ricaines pr\u00e9sentes sur Internet devraient maintenant prendre des dispositions pour un incident de s\u00e9curit\u00e9 de type Yahoo apr\u00e8s le 25 mai 2018.<\/em><\/p>\n<p><em><a href=\"http:\/\/blog.varonis.de\/eu-datenschutz-grundverordnung-5-punkte-die-sie-kennen-sollten\/\" target=\"_blank\" rel=\"noreferrer\" data-cke-saved-href=\"http:\/\/blog.varonis.de\/eu-datenschutz-grundverordnung-5-punkte-die-sie-kennen-sollten\/\">Ici <\/a>un autre lien vers des points importants concernant la DSGVO<\/em><\/p>\n<p><em>(Source : Varonis)<\/em><\/p>\n<p><a href=\"https:\/\/m-q.ch\/wp-content\/uploads\/2016\/12\/Untersuchung-der-so-genannten-Yahoo-Datenschutz-Apokalypse-management-und-qualitaet.jpg\"><img loading=\"lazy\" decoding=\"async\" class=\"alignnone wp-image-245 size-full\" src=\"https:\/\/www.m-q.ch\/wp-content\/uploads\/2016\/12\/Untersuchung-der-so-genannten-Yahoo-Datenschutz-Apokalypse-management-und-qualitaet.jpg\" width=\"548\" height=\"480\" srcset=\"https:\/\/www.m-q.ch\/wp-content\/uploads\/2016\/12\/Untersuchung-der-so-genannten-Yahoo-Datenschutz-Apokalypse-management-und-qualitaet.jpg 548w, https:\/\/www.m-q.ch\/wp-content\/uploads\/2016\/12\/Untersuchung-der-so-genannten-Yahoo-Datenschutz-Apokalypse-management-und-qualitaet-14x12.jpg 14w, https:\/\/www.m-q.ch\/wp-content\/uploads\/2016\/12\/Untersuchung-der-so-genannten-Yahoo-Datenschutz-Apokalypse-management-und-qualitaet-200x175.jpg 200w, https:\/\/www.m-q.ch\/wp-content\/uploads\/2016\/12\/Untersuchung-der-so-genannten-Yahoo-Datenschutz-Apokalypse-management-und-qualitaet-400x350.jpg 400w, https:\/\/www.m-q.ch\/wp-content\/uploads\/2016\/12\/Untersuchung-der-so-genannten-Yahoo-Datenschutz-Apokalypse-management-und-qualitaet-300x263.jpg 300w\" sizes=\"auto, (max-width: 548px) 100vw, 548px\" \/><\/a><\/p>\n<p>Parmi les nombreuses autres incoh\u00e9rences de cet incident, il est assez surprenant que Yahoo ait d\u00e9j\u00e0 eu connaissance de cet incident de s\u00e9curit\u00e9 pendant l'\u00e9t\u00e9. Apr\u00e8s tout, les donn\u00e9es des utilisateurs avaient d\u00e9j\u00e0 \u00e9t\u00e9 propos\u00e9es \u00e0 la vente sur Darknet. Les donn\u00e9es vol\u00e9es semblent \u00eatre le r\u00e9sultat d'un attentat qui a eu lieu en 2014. Il s'agit donc d'une violation manifeste des exigences en mati\u00e8re de rapports.<\/p>\n<p><strong>Personnes physiques concern\u00e9es ?<\/strong><\/p>\n<p>La seule loi f\u00e9d\u00e9rale am\u00e9ricaine qui impose une obligation de d\u00e9claration stricte s'applique uniquement aux donn\u00e9es m\u00e9dicales personnelles d\u00e9tenues par des \"entit\u00e9s couvertes par la loi\" telles que les compagnies d'assurance, les h\u00f4pitaux et les prestataires de soins de sant\u00e9. Cette loi est la Health Insurance Portability and Accountability Act, ou HIPAA.<\/p>\n<p>Le gouvernement am\u00e9ricain n'a donc aucun moyen de sanctionner Yahoo pour avoir signal\u00e9 tr\u00e8s tardivement l'incident de s\u00e9curit\u00e9. Il existe des lois dans 47 \u00c9tats am\u00e9ricains qui exigent une d\u00e9claration obligatoire. Celles-ci s'appliqueraient ici, mais la sanction d\u00e9pend g\u00e9n\u00e9ralement du pr\u00e9judice subi par les consommateurs, ce qui est difficile \u00e0 prouver concr\u00e8tement.<\/p>\n<p>Comme toujours, la seule exception est la Californie, o\u00f9 se trouve le si\u00e8ge social de Yahoo. Dans ce cas, tout acc\u00e8s non autoris\u00e9 aux donn\u00e9es doit \u00eatre signal\u00e9 d\u00e8s qu'il est connu. Yahoo doit donc recevoir la visite du procureur g\u00e9n\u00e9ral de Californie.<\/p>\n<p><strong>Contr\u00f4le par l'Union europ\u00e9enne ?<\/strong><\/p>\n<p>On pourrait penser que l'Union europ\u00e9enne punit plus s\u00e9v\u00e8rement que les \u00c9tats-Unis les violations de la protection des donn\u00e9es. Toutefois, la directive europ\u00e9enne actuelle sur la protection des donn\u00e9es ne pr\u00e9voit pas d'obligation de signalement des incidents de s\u00e9curit\u00e9. C'est \u00e9galement l'une des raisons qui ont motiv\u00e9 l'\u00e9laboration du r\u00e8glement de base sur la protection des donn\u00e9es, qui sera applicable \u00e0 partir de mai 2018.<\/p>\n<p><strong>Cons\u00e9quences juridiques<\/strong><\/p>\n<p>Il est possible que Yahoo ne s'en sorte pas encore indemne dans l'UE : Apr\u00e8s tout, la directive sur la protection des donn\u00e9es exige des mesures de s\u00e9curit\u00e9 appropri\u00e9es (article 16). Yahoo pourrait donc th\u00e9oriquement \u00eatre poursuivi pour insuffisance de mesures de protection des donn\u00e9es.<\/p>\n<p>Cependant, Yahoo est une soci\u00e9t\u00e9 am\u00e9ricaine dont les serveurs de collecte de donn\u00e9es sont principalement situ\u00e9s en dehors de l'UE. Il se pourrait donc bien que le bras long de la politique de protection de la vie priv\u00e9e ne soit pas assez long apr\u00e8s tout. La situation est donc tout sauf claire.<\/p>\n<p>Si vous souhaitez en savoir plus sur la mesure dans laquelle la directive actuelle sur la protection des donn\u00e9es s'applique \u00e9galement aux entreprises non europ\u00e9ennes, vous trouverez une bonne analyse de la situation juridique dans cet article de blog.<\/p>\n<p>Pour un aper\u00e7u de la l\u00e9gislation sur la protection des donn\u00e9es dans l'UE, voir \u00e9galement le <a href=\"https:\/\/info.varonis.com\/wp-eu-regulation-de\" target=\"_blank\" rel=\"noreferrer\" data-cke-saved-href=\"https:\/\/info.varonis.com\/wp-eu-regulation-de\">livre blanc<\/a> par Varonis.<\/p>\n<p>&nbsp;<\/p>","protected":false},"excerpt":{"rendered":"<p>Nachgerechnet: Strafen nach DSGVO W\u00e4re die DSGVO bereits anwendbar \u2013 was erst ab dem 25. Mai 2018 der Fall sein wird \u2013 und Yahoo h\u00e4tte den Diebstahl pers\u00f6nlicher Daten von 500 Millionen Nutzern nicht innerhalb von 72 Stunden an eine Datenschutzbeh\u00f6rde gemeldet, w\u00fcrden dem Unternehmen massive Strafen drohen. Ein Verstoss gegen die in Artikel 33 [&hellip;]<\/p>\n","protected":false},"author":1,"featured_media":245,"comment_status":"open","ping_status":"open","sticky":false,"template":"","format":"standard","meta":{"_acf_changed":false,"footnotes":""},"categories":[1],"tags":[3384],"class_list":["post-629","post","type-post","status-publish","format-standard","has-post-thumbnail","hentry","category-unkategorisiert","tag-korruptionwhistleblowing"],"acf":[],"yoast_head":"<!-- This site is optimized with the Yoast SEO plugin v26.2 - https:\/\/yoast.com\/wordpress\/plugins\/seo\/ -->\n<title>Untersuchung der so genannten Yahoo-Datenschutz-Apokalypse - MQ Management und Qualit\u00e4t<\/title>\n<meta name=\"description\" content=\"Datenschutz: Yahoo wird nun von zwei EU-Datenschutzbeh\u00f6rden unter die Lupe genommen.\" \/>\n<meta name=\"robots\" content=\"index, follow, max-snippet:-1, max-image-preview:large, max-video-preview:-1\" \/>\n<link rel=\"canonical\" href=\"https:\/\/www.m-q.ch\/fr\/enquete-sur-la-soi-disant-apocalypse-de-la-protection-des-donnees-de-yahoo\/\" \/>\n<meta property=\"og:locale\" content=\"fr_FR\" \/>\n<meta property=\"og:type\" content=\"article\" \/>\n<meta property=\"og:title\" content=\"Untersuchung der so genannten Yahoo-Datenschutz-Apokalypse - MQ Management und Qualit\u00e4t\" \/>\n<meta property=\"og:description\" content=\"Datenschutz: Yahoo wird nun von zwei EU-Datenschutzbeh\u00f6rden unter die Lupe genommen.\" \/>\n<meta property=\"og:url\" content=\"https:\/\/www.m-q.ch\/fr\/enquete-sur-la-soi-disant-apocalypse-de-la-protection-des-donnees-de-yahoo\/\" \/>\n<meta property=\"og:site_name\" content=\"MQ Management und Qualit\u00e4t\" \/>\n<meta property=\"article:publisher\" content=\"https:\/\/www.facebook.com\/ManagementUndQualitaet\" \/>\n<meta property=\"article:published_time\" content=\"2016-11-02T08:25:28+00:00\" \/>\n<meta property=\"article:modified_time\" content=\"2017-02-28T07:57:50+00:00\" \/>\n<meta property=\"og:image\" content=\"https:\/\/www.m-q.ch\/wp-content\/uploads\/2016\/12\/Untersuchung-der-so-genannten-Yahoo-Datenschutz-Apokalypse-management-und-qualitaet.jpg\" \/>\n\t<meta property=\"og:image:width\" content=\"548\" \/>\n\t<meta property=\"og:image:height\" content=\"480\" \/>\n\t<meta property=\"og:image:type\" content=\"image\/jpeg\" \/>\n<meta name=\"author\" content=\"galledia\" \/>\n<meta name=\"twitter:card\" content=\"summary_large_image\" \/>\n<meta name=\"twitter:label1\" content=\"\u00c9crit par\" \/>\n\t<meta name=\"twitter:data1\" content=\"galledia\" \/>\n\t<meta name=\"twitter:label2\" content=\"Dur\u00e9e de lecture estim\u00e9e\" \/>\n\t<meta name=\"twitter:data2\" content=\"3 minutes\" \/>\n<script type=\"application\/ld+json\" class=\"yoast-schema-graph\">{\"@context\":\"https:\/\/schema.org\",\"@graph\":[{\"@type\":\"Article\",\"@id\":\"https:\/\/www.m-q.ch\/de\/untersuchung-der-so-genannten-yahoo-datenschutz-apokalypse\/#article\",\"isPartOf\":{\"@id\":\"https:\/\/www.m-q.ch\/de\/untersuchung-der-so-genannten-yahoo-datenschutz-apokalypse\/\"},\"author\":{\"name\":\"galledia\",\"@id\":\"https:\/\/www.m-q.ch\/fr\/#\/schema\/person\/c0139a2c55a374db6df2cde78ec87148\"},\"headline\":\"Untersuchung der so genannten Yahoo-Datenschutz-Apokalypse\",\"datePublished\":\"2016-11-02T08:25:28+00:00\",\"dateModified\":\"2017-02-28T07:57:50+00:00\",\"mainEntityOfPage\":{\"@id\":\"https:\/\/www.m-q.ch\/de\/untersuchung-der-so-genannten-yahoo-datenschutz-apokalypse\/\"},\"wordCount\":550,\"commentCount\":0,\"publisher\":{\"@id\":\"https:\/\/www.m-q.ch\/fr\/#organization\"},\"image\":{\"@id\":\"https:\/\/www.m-q.ch\/de\/untersuchung-der-so-genannten-yahoo-datenschutz-apokalypse\/#primaryimage\"},\"thumbnailUrl\":\"https:\/\/www.m-q.ch\/wp-content\/uploads\/2016\/12\/Untersuchung-der-so-genannten-Yahoo-Datenschutz-Apokalypse-management-und-qualitaet.jpg\",\"keywords\":[\"Korruption\/Whistleblowing\"],\"articleSection\":[\"Unkategorisiert\"],\"inLanguage\":\"fr-FR\"},{\"@type\":\"WebPage\",\"@id\":\"https:\/\/www.m-q.ch\/de\/untersuchung-der-so-genannten-yahoo-datenschutz-apokalypse\/\",\"url\":\"https:\/\/www.m-q.ch\/de\/untersuchung-der-so-genannten-yahoo-datenschutz-apokalypse\/\",\"name\":\"Untersuchung der so genannten Yahoo-Datenschutz-Apokalypse - MQ Management und Qualit\u00e4t\",\"isPartOf\":{\"@id\":\"https:\/\/www.m-q.ch\/fr\/#website\"},\"primaryImageOfPage\":{\"@id\":\"https:\/\/www.m-q.ch\/de\/untersuchung-der-so-genannten-yahoo-datenschutz-apokalypse\/#primaryimage\"},\"image\":{\"@id\":\"https:\/\/www.m-q.ch\/de\/untersuchung-der-so-genannten-yahoo-datenschutz-apokalypse\/#primaryimage\"},\"thumbnailUrl\":\"https:\/\/www.m-q.ch\/wp-content\/uploads\/2016\/12\/Untersuchung-der-so-genannten-Yahoo-Datenschutz-Apokalypse-management-und-qualitaet.jpg\",\"datePublished\":\"2016-11-02T08:25:28+00:00\",\"dateModified\":\"2017-02-28T07:57:50+00:00\",\"description\":\"Datenschutz: Yahoo wird nun von zwei EU-Datenschutzbeh\u00f6rden unter die Lupe genommen.\",\"breadcrumb\":{\"@id\":\"https:\/\/www.m-q.ch\/de\/untersuchung-der-so-genannten-yahoo-datenschutz-apokalypse\/#breadcrumb\"},\"inLanguage\":\"fr-FR\",\"potentialAction\":[{\"@type\":\"ReadAction\",\"target\":[\"https:\/\/www.m-q.ch\/de\/untersuchung-der-so-genannten-yahoo-datenschutz-apokalypse\/\"]}]},{\"@type\":\"ImageObject\",\"inLanguage\":\"fr-FR\",\"@id\":\"https:\/\/www.m-q.ch\/de\/untersuchung-der-so-genannten-yahoo-datenschutz-apokalypse\/#primaryimage\",\"url\":\"https:\/\/www.m-q.ch\/wp-content\/uploads\/2016\/12\/Untersuchung-der-so-genannten-Yahoo-Datenschutz-Apokalypse-management-und-qualitaet.jpg\",\"contentUrl\":\"https:\/\/www.m-q.ch\/wp-content\/uploads\/2016\/12\/Untersuchung-der-so-genannten-Yahoo-Datenschutz-Apokalypse-management-und-qualitaet.jpg\",\"width\":548,\"height\":480},{\"@type\":\"BreadcrumbList\",\"@id\":\"https:\/\/www.m-q.ch\/de\/untersuchung-der-so-genannten-yahoo-datenschutz-apokalypse\/#breadcrumb\",\"itemListElement\":[{\"@type\":\"ListItem\",\"position\":1,\"name\":\"Unkategorisiert\",\"item\":\"https:\/\/www.m-q.ch\/it\/categoria\/senza-categoria\/\"},{\"@type\":\"ListItem\",\"position\":2,\"name\":\"Untersuchung der so genannten Yahoo-Datenschutz-Apokalypse\"}]},{\"@type\":\"WebSite\",\"@id\":\"https:\/\/www.m-q.ch\/fr\/#website\",\"url\":\"https:\/\/www.m-q.ch\/fr\/\",\"name\":\"MQ Management und Qualit\u00e4t\",\"description\":\"Plattform f\u00fcr integrierte Managementsysteme.\",\"publisher\":{\"@id\":\"https:\/\/www.m-q.ch\/fr\/#organization\"},\"potentialAction\":[{\"@type\":\"SearchAction\",\"target\":{\"@type\":\"EntryPoint\",\"urlTemplate\":\"https:\/\/www.m-q.ch\/fr\/?s={search_term_string}\"},\"query-input\":{\"@type\":\"PropertyValueSpecification\",\"valueRequired\":true,\"valueName\":\"search_term_string\"}}],\"inLanguage\":\"fr-FR\"},{\"@type\":\"Organization\",\"@id\":\"https:\/\/www.m-q.ch\/fr\/#organization\",\"name\":\"Galledia Fachmedien AG\",\"url\":\"https:\/\/www.m-q.ch\/fr\/\",\"logo\":{\"@type\":\"ImageObject\",\"inLanguage\":\"fr-FR\",\"@id\":\"https:\/\/www.m-q.ch\/fr\/#\/schema\/logo\/image\/\",\"url\":\"https:\/\/www.m-q.ch\/wp-content\/uploads\/2020\/12\/cropped-logo_small.png\",\"contentUrl\":\"https:\/\/www.m-q.ch\/wp-content\/uploads\/2020\/12\/cropped-logo_small.png\",\"width\":512,\"height\":512,\"caption\":\"Galledia Fachmedien AG\"},\"image\":{\"@id\":\"https:\/\/www.m-q.ch\/fr\/#\/schema\/logo\/image\/\"},\"sameAs\":[\"https:\/\/www.facebook.com\/ManagementUndQualitaet\",\"https:\/\/www.linkedin.com\/showcase\/17982321\/admin\/\"]},{\"@type\":\"Person\",\"@id\":\"https:\/\/www.m-q.ch\/fr\/#\/schema\/person\/c0139a2c55a374db6df2cde78ec87148\",\"name\":\"galledia\",\"image\":{\"@type\":\"ImageObject\",\"inLanguage\":\"fr-FR\",\"@id\":\"https:\/\/www.m-q.ch\/fr\/#\/schema\/person\/image\/\",\"url\":\"https:\/\/secure.gravatar.com\/avatar\/66edf527eac29e9a5eb25bcada01f61a?s=96&d=mm&r=g\",\"contentUrl\":\"https:\/\/secure.gravatar.com\/avatar\/66edf527eac29e9a5eb25bcada01f61a?s=96&d=mm&r=g\",\"caption\":\"galledia\"},\"url\":\"https:\/\/www.m-q.ch\/fr\/author\/galledia\/\"}]}<\/script>\n<!-- \/ Yoast SEO plugin. -->","yoast_head_json":{"title":"Enqu\u00eate sur la soi-disant apocalypse de Yahoo en mati\u00e8re de protection de la vie priv\u00e9e - MQ Management and Quality","description":"Vie priv\u00e9e : Yahoo est d\u00e9sormais sous la loupe de deux autorit\u00e9s europ\u00e9ennes de protection des donn\u00e9es.","robots":{"index":"index","follow":"follow","max-snippet":"max-snippet:-1","max-image-preview":"max-image-preview:large","max-video-preview":"max-video-preview:-1"},"canonical":"https:\/\/www.m-q.ch\/fr\/enquete-sur-la-soi-disant-apocalypse-de-la-protection-des-donnees-de-yahoo\/","og_locale":"fr_FR","og_type":"article","og_title":"Untersuchung der so genannten Yahoo-Datenschutz-Apokalypse - MQ Management und Qualit\u00e4t","og_description":"Datenschutz: Yahoo wird nun von zwei EU-Datenschutzbeh\u00f6rden unter die Lupe genommen.","og_url":"https:\/\/www.m-q.ch\/fr\/enquete-sur-la-soi-disant-apocalypse-de-la-protection-des-donnees-de-yahoo\/","og_site_name":"MQ Management und Qualit\u00e4t","article_publisher":"https:\/\/www.facebook.com\/ManagementUndQualitaet","article_published_time":"2016-11-02T08:25:28+00:00","article_modified_time":"2017-02-28T07:57:50+00:00","og_image":[{"width":548,"height":480,"url":"https:\/\/www.m-q.ch\/wp-content\/uploads\/2016\/12\/Untersuchung-der-so-genannten-Yahoo-Datenschutz-Apokalypse-management-und-qualitaet.jpg","type":"image\/jpeg"}],"author":"galledia","twitter_card":"summary_large_image","twitter_misc":{"\u00c9crit par":"galledia","Dur\u00e9e de lecture estim\u00e9e":"3 minutes"},"schema":{"@context":"https:\/\/schema.org","@graph":[{"@type":"Article","@id":"https:\/\/www.m-q.ch\/de\/untersuchung-der-so-genannten-yahoo-datenschutz-apokalypse\/#article","isPartOf":{"@id":"https:\/\/www.m-q.ch\/de\/untersuchung-der-so-genannten-yahoo-datenschutz-apokalypse\/"},"author":{"name":"galledia","@id":"https:\/\/www.m-q.ch\/fr\/#\/schema\/person\/c0139a2c55a374db6df2cde78ec87148"},"headline":"Untersuchung der so genannten Yahoo-Datenschutz-Apokalypse","datePublished":"2016-11-02T08:25:28+00:00","dateModified":"2017-02-28T07:57:50+00:00","mainEntityOfPage":{"@id":"https:\/\/www.m-q.ch\/de\/untersuchung-der-so-genannten-yahoo-datenschutz-apokalypse\/"},"wordCount":550,"commentCount":0,"publisher":{"@id":"https:\/\/www.m-q.ch\/fr\/#organization"},"image":{"@id":"https:\/\/www.m-q.ch\/de\/untersuchung-der-so-genannten-yahoo-datenschutz-apokalypse\/#primaryimage"},"thumbnailUrl":"https:\/\/www.m-q.ch\/wp-content\/uploads\/2016\/12\/Untersuchung-der-so-genannten-Yahoo-Datenschutz-Apokalypse-management-und-qualitaet.jpg","keywords":["Korruption\/Whistleblowing"],"articleSection":["Unkategorisiert"],"inLanguage":"fr-FR"},{"@type":"WebPage","@id":"https:\/\/www.m-q.ch\/de\/untersuchung-der-so-genannten-yahoo-datenschutz-apokalypse\/","url":"https:\/\/www.m-q.ch\/de\/untersuchung-der-so-genannten-yahoo-datenschutz-apokalypse\/","name":"Enqu\u00eate sur la soi-disant apocalypse de Yahoo en mati\u00e8re de protection de la vie priv\u00e9e - MQ Management and Quality","isPartOf":{"@id":"https:\/\/www.m-q.ch\/fr\/#website"},"primaryImageOfPage":{"@id":"https:\/\/www.m-q.ch\/de\/untersuchung-der-so-genannten-yahoo-datenschutz-apokalypse\/#primaryimage"},"image":{"@id":"https:\/\/www.m-q.ch\/de\/untersuchung-der-so-genannten-yahoo-datenschutz-apokalypse\/#primaryimage"},"thumbnailUrl":"https:\/\/www.m-q.ch\/wp-content\/uploads\/2016\/12\/Untersuchung-der-so-genannten-Yahoo-Datenschutz-Apokalypse-management-und-qualitaet.jpg","datePublished":"2016-11-02T08:25:28+00:00","dateModified":"2017-02-28T07:57:50+00:00","description":"Vie priv\u00e9e : Yahoo est d\u00e9sormais sous la loupe de deux autorit\u00e9s europ\u00e9ennes de protection des donn\u00e9es.","breadcrumb":{"@id":"https:\/\/www.m-q.ch\/de\/untersuchung-der-so-genannten-yahoo-datenschutz-apokalypse\/#breadcrumb"},"inLanguage":"fr-FR","potentialAction":[{"@type":"ReadAction","target":["https:\/\/www.m-q.ch\/de\/untersuchung-der-so-genannten-yahoo-datenschutz-apokalypse\/"]}]},{"@type":"ImageObject","inLanguage":"fr-FR","@id":"https:\/\/www.m-q.ch\/de\/untersuchung-der-so-genannten-yahoo-datenschutz-apokalypse\/#primaryimage","url":"https:\/\/www.m-q.ch\/wp-content\/uploads\/2016\/12\/Untersuchung-der-so-genannten-Yahoo-Datenschutz-Apokalypse-management-und-qualitaet.jpg","contentUrl":"https:\/\/www.m-q.ch\/wp-content\/uploads\/2016\/12\/Untersuchung-der-so-genannten-Yahoo-Datenschutz-Apokalypse-management-und-qualitaet.jpg","width":548,"height":480},{"@type":"BreadcrumbList","@id":"https:\/\/www.m-q.ch\/de\/untersuchung-der-so-genannten-yahoo-datenschutz-apokalypse\/#breadcrumb","itemListElement":[{"@type":"ListItem","position":1,"name":"Unkategorisiert","item":"https:\/\/www.m-q.ch\/it\/categoria\/senza-categoria\/"},{"@type":"ListItem","position":2,"name":"Untersuchung der so genannten Yahoo-Datenschutz-Apokalypse"}]},{"@type":"WebSite","@id":"https:\/\/www.m-q.ch\/fr\/#website","url":"https:\/\/www.m-q.ch\/fr\/","name":"Gestion et qualit\u00e9 du QM","description":"Plate-forme pour les syst\u00e8mes de gestion int\u00e9gr\u00e9e.","publisher":{"@id":"https:\/\/www.m-q.ch\/fr\/#organization"},"potentialAction":[{"@type":"SearchAction","target":{"@type":"EntryPoint","urlTemplate":"https:\/\/www.m-q.ch\/fr\/?s={search_term_string}"},"query-input":{"@type":"PropertyValueSpecification","valueRequired":true,"valueName":"search_term_string"}}],"inLanguage":"fr-FR"},{"@type":"Organization","@id":"https:\/\/www.m-q.ch\/fr\/#organization","name":"Galledia Trade Media AG","url":"https:\/\/www.m-q.ch\/fr\/","logo":{"@type":"ImageObject","inLanguage":"fr-FR","@id":"https:\/\/www.m-q.ch\/fr\/#\/schema\/logo\/image\/","url":"https:\/\/www.m-q.ch\/wp-content\/uploads\/2020\/12\/cropped-logo_small.png","contentUrl":"https:\/\/www.m-q.ch\/wp-content\/uploads\/2020\/12\/cropped-logo_small.png","width":512,"height":512,"caption":"Galledia Fachmedien AG"},"image":{"@id":"https:\/\/www.m-q.ch\/fr\/#\/schema\/logo\/image\/"},"sameAs":["https:\/\/www.facebook.com\/ManagementUndQualitaet","https:\/\/www.linkedin.com\/showcase\/17982321\/admin\/"]},{"@type":"Person","@id":"https:\/\/www.m-q.ch\/fr\/#\/schema\/person\/c0139a2c55a374db6df2cde78ec87148","name":"galledia","image":{"@type":"ImageObject","inLanguage":"fr-FR","@id":"https:\/\/www.m-q.ch\/fr\/#\/schema\/person\/image\/","url":"https:\/\/secure.gravatar.com\/avatar\/66edf527eac29e9a5eb25bcada01f61a?s=96&d=mm&r=g","contentUrl":"https:\/\/secure.gravatar.com\/avatar\/66edf527eac29e9a5eb25bcada01f61a?s=96&d=mm&r=g","caption":"galledia"},"url":"https:\/\/www.m-q.ch\/fr\/author\/galledia\/"}]}},"_links":{"self":[{"href":"https:\/\/www.m-q.ch\/fr\/wp-json\/wp\/v2\/posts\/629","targetHints":{"allow":["GET"]}}],"collection":[{"href":"https:\/\/www.m-q.ch\/fr\/wp-json\/wp\/v2\/posts"}],"about":[{"href":"https:\/\/www.m-q.ch\/fr\/wp-json\/wp\/v2\/types\/post"}],"author":[{"embeddable":true,"href":"https:\/\/www.m-q.ch\/fr\/wp-json\/wp\/v2\/users\/1"}],"replies":[{"embeddable":true,"href":"https:\/\/www.m-q.ch\/fr\/wp-json\/wp\/v2\/comments?post=629"}],"version-history":[{"count":4,"href":"https:\/\/www.m-q.ch\/fr\/wp-json\/wp\/v2\/posts\/629\/revisions"}],"predecessor-version":[{"id":1004,"href":"https:\/\/www.m-q.ch\/fr\/wp-json\/wp\/v2\/posts\/629\/revisions\/1004"}],"wp:featuredmedia":[{"embeddable":true,"href":"https:\/\/www.m-q.ch\/fr\/wp-json\/wp\/v2\/media\/245"}],"wp:attachment":[{"href":"https:\/\/www.m-q.ch\/fr\/wp-json\/wp\/v2\/media?parent=629"}],"wp:term":[{"taxonomy":"category","embeddable":true,"href":"https:\/\/www.m-q.ch\/fr\/wp-json\/wp\/v2\/categories?post=629"},{"taxonomy":"post_tag","embeddable":true,"href":"https:\/\/www.m-q.ch\/fr\/wp-json\/wp\/v2\/tags?post=629"}],"curies":[{"name":"wp","href":"https:\/\/api.w.org\/{rel}","templated":true}]}}