{"id":669,"date":"2016-12-06T10:27:15","date_gmt":"2016-12-06T09:27:15","guid":{"rendered":"http:\/\/dev.m-q.ch\/?p=669"},"modified":"2017-02-24T15:05:31","modified_gmt":"2017-02-24T14:05:31","slug":"gestion-de-la-transformation-numerique-coordination-necessaire","status":"publish","type":"post","link":"https:\/\/www.m-q.ch\/fr\/digitale-transformation-management-abstimmungen-noetig\/","title":{"rendered":"Transformation num\u00e9rique : une coordination de la gestion est n\u00e9cessaire"},"content":{"rendered":"<figure id=\"attachment_95\" aria-describedby=\"caption-attachment-95\" style=\"width: 680px\" class=\"wp-caption alignnone\"><a href=\"https:\/\/m-q.ch\/wp-content\/uploads\/2016\/12\/Digitale-Transformation-Management-Abstimmungen-n\u00f6tig-management-und-qualitaet.jpg\"><img loading=\"lazy\" decoding=\"async\" class=\"wp-image-95 size-medium\" src=\"https:\/\/www.m-q.ch\/wp-content\/uploads\/2016\/12\/Digitale-Transformation-Management-Abstimmungen-n\u00f6tig-management-und-qualitaet-680x453.jpg\" width=\"680\" height=\"453\" srcset=\"https:\/\/www.m-q.ch\/wp-content\/uploads\/2016\/12\/Digitale-Transformation-Management-Abstimmungen-n\u00f6tig-management-und-qualitaet-680x453.jpg 680w, https:\/\/www.m-q.ch\/wp-content\/uploads\/2016\/12\/Digitale-Transformation-Management-Abstimmungen-n\u00f6tig-management-und-qualitaet-768x512.jpg 768w, https:\/\/www.m-q.ch\/wp-content\/uploads\/2016\/12\/Digitale-Transformation-Management-Abstimmungen-n\u00f6tig-management-und-qualitaet-16x12.jpg 16w, https:\/\/www.m-q.ch\/wp-content\/uploads\/2016\/12\/Digitale-Transformation-Management-Abstimmungen-n\u00f6tig-management-und-qualitaet-263x175.jpg 263w, https:\/\/www.m-q.ch\/wp-content\/uploads\/2016\/12\/Digitale-Transformation-Management-Abstimmungen-n\u00f6tig-management-und-qualitaet-525x350.jpg 525w, https:\/\/www.m-q.ch\/wp-content\/uploads\/2016\/12\/Digitale-Transformation-Management-Abstimmungen-n\u00f6tig-management-und-qualitaet-300x200.jpg 300w, https:\/\/www.m-q.ch\/wp-content\/uploads\/2016\/12\/Digitale-Transformation-Management-Abstimmungen-n\u00f6tig-management-und-qualitaet-624x416.jpg 624w, https:\/\/www.m-q.ch\/wp-content\/uploads\/2016\/12\/Digitale-Transformation-Management-Abstimmungen-n\u00f6tig-management-und-qualitaet.jpg 800w\" sizes=\"auto, (max-width: 680px) 100vw, 680px\" \/><\/a><figcaption id=\"caption-attachment-95\" class=\"wp-caption-text\">(photo : photos de d\u00e9p\u00f4t)<\/figcaption><\/figure>\n<p>La culture d'entreprise est l'\u00e9pine dorsale de toute transformation num\u00e9rique. Seule une culture agile et flexible permet aux entreprises de se transformer avec succ\u00e8s. Si ces valeurs sont \u00e9galement refl\u00e9t\u00e9es dans la structure et v\u00e9cues de mani\u00e8re coh\u00e9rente par la direction, les entreprises peuvent tirer profit de la num\u00e9risation.<\/p>\n<p><strong>Quatre implications peuvent \u00eatre tir\u00e9es de l'\u00e9tude :<\/strong><\/p>\n<p><em><strong>1. l'harmonisation<\/strong><\/em><\/p>\n<p><em>Dans tous les secteurs, il y a un manque de compr\u00e9hension commune du rythme acc\u00e9l\u00e9r\u00e9 de la transformation num\u00e9rique. Pour arriver au m\u00eame d\u00e9nominateur au sein de l'entreprise, la direction g\u00e9n\u00e9rale (d\u00e9finition de la strat\u00e9gie), les cadres interm\u00e9diaires (ex\u00e9cution de la strat\u00e9gie) et, en fin de compte, le client - dont les besoins doivent \u00eatre satisfaits - doivent tous avoir la m\u00eame id\u00e9e de ce que l'on entend par num\u00e9risation.<\/em><\/p>\n<p><em><strong>2. l'orientation client<\/strong><\/em><\/p>\n<p><em>Les nouveaux produits et services num\u00e9riques ne r\u00e9pondent souvent pas aux besoins des clients, qui \u00e9voluent toujours plus rapidement. Afin d'offrir une valeur ajout\u00e9e au client, il est n\u00e9cessaire de placer le client au centre de toutes les actions.<\/em><\/p>\n<p><em><strong>3. perspectives externes<\/strong><\/em><\/p>\n<p><em>L'un des plus grands d\u00e9fis est d'\u00eatre innovant avec les ressources existantes. Par cons\u00e9quent, il est essentiel d'apporter de nouvelles perspectives et de nouveaux talents avec de nouvelles approches dans l'entreprise.<\/em><\/p>\n<p><em><strong>4. \"auto-d\u00e9r\u00e8glement<\/strong><\/em><\/p>\n<p><em>Les entreprises doivent \u00eatre pr\u00eates \u00e0 repenser et \u00e0 adopter une culture de l'erreur. Seuls ceux qui apprennent de leurs propres erreurs peuvent r\u00e9ussir rapidement. Poursuivre de nouveaux mod\u00e8les commerciaux et remettre en question sa propre r\u00e9ussite est non seulement une fa\u00e7on de se remettre en question, mais aussi de conduire la transformation num\u00e9rique.<\/em><\/p>\n<p><strong>Mettre en \u0153uvre des strat\u00e9gies num\u00e9riques et les transformer en initiatives mesurables<\/strong><\/p>\n<p>Il n'a jamais \u00e9t\u00e9 aussi pertinent de transformer les facteurs mentionn\u00e9s en une strat\u00e9gie num\u00e9rique. \"Ce n'est que lorsque la gestion et les attentes des clients sont align\u00e9es que les entreprises peuvent g\u00e9n\u00e9rer de la valeur dans l'espace num\u00e9rique. La pression pour transformer le \"num\u00e9rique\" en une strat\u00e9gie r\u00e9ussie est encore plus forte en raison de la forte augmentation des attentes des clients en mati\u00e8re de solutions num\u00e9riques\", explique Holger Greif, responsable de la transformation num\u00e9rique chez PwC Suisse.<\/p>\n<p><a href=\"http:\/\/www.pwc.ch\" target=\"_blank\" rel=\"noreferrer\" data-cke-saved-href=\"http:\/\/www.pwc.ch\">www.pwc.ch<\/a><\/p>","protected":false},"excerpt":{"rendered":"<p>Die Unternehmungskultur ist das R\u00fcckgrat jeder digitalen Transformation. Nur mit einer agilen und flexiblen Kultur sind Unternehmen in der Lage, sich erfolgreich zu transformieren. Wenn diese Werte auch in der Struktur widerspiegelt und vom Management geschlossen gelebt werden, k\u00f6nnen Unternehmen von der Digitalisierung profitieren. Vier Implikationen konnten von der Studie abgeleitet werden: 1. Harmonisierung \u00dcber [&hellip;]<\/p>\n","protected":false},"author":1,"featured_media":95,"comment_status":"open","ping_status":"open","sticky":false,"template":"","format":"standard","meta":{"_acf_changed":false,"footnotes":""},"categories":[1],"tags":[3372],"class_list":["post-669","post","type-post","status-publish","format-standard","has-post-thumbnail","hentry","category-unkategorisiert","tag-digitalisierung"],"acf":[],"yoast_head":"<!-- This site is optimized with the Yoast SEO plugin v26.2 - https:\/\/yoast.com\/wordpress\/plugins\/seo\/ -->\n<title>Digitale Transformation: Management-Abstimmungen n\u00f6tig - MQ Management und Qualit\u00e4t<\/title>\n<meta name=\"description\" content=\"Digitale Transformation: Wie fortgeschritten sind Schweizer Unternehmen im digitalen Bereich wirklich?\" \/>\n<meta name=\"robots\" content=\"index, follow, max-snippet:-1, max-image-preview:large, max-video-preview:-1\" \/>\n<link rel=\"canonical\" href=\"https:\/\/www.m-q.ch\/fr\/digital-transformation-management-votes-necessaire\/\" \/>\n<meta property=\"og:locale\" content=\"fr_FR\" \/>\n<meta property=\"og:type\" content=\"article\" \/>\n<meta property=\"og:title\" content=\"Digitale Transformation: Management-Abstimmungen n\u00f6tig - MQ Management und Qualit\u00e4t\" \/>\n<meta property=\"og:description\" content=\"Digitale Transformation: Wie fortgeschritten sind Schweizer Unternehmen im digitalen Bereich wirklich?\" \/>\n<meta property=\"og:url\" content=\"https:\/\/www.m-q.ch\/fr\/digital-transformation-management-votes-necessaire\/\" \/>\n<meta property=\"og:site_name\" content=\"MQ Management und Qualit\u00e4t\" \/>\n<meta property=\"article:publisher\" content=\"https:\/\/www.facebook.com\/ManagementUndQualitaet\" \/>\n<meta property=\"article:published_time\" content=\"2016-12-06T09:27:15+00:00\" \/>\n<meta property=\"article:modified_time\" content=\"2017-02-24T14:05:31+00:00\" \/>\n<meta property=\"og:image\" content=\"https:\/\/www.m-q.ch\/wp-content\/uploads\/2016\/12\/Digitale-Transformation-Management-Abstimmungen-n\u00f6tig-management-und-qualitaet.jpg\" \/>\n\t<meta property=\"og:image:width\" content=\"800\" \/>\n\t<meta property=\"og:image:height\" content=\"533\" \/>\n\t<meta property=\"og:image:type\" content=\"image\/jpeg\" \/>\n<meta name=\"author\" content=\"galledia\" \/>\n<meta name=\"twitter:card\" content=\"summary_large_image\" \/>\n<meta name=\"twitter:label1\" content=\"\u00c9crit par\" \/>\n\t<meta name=\"twitter:data1\" content=\"galledia\" \/>\n\t<meta name=\"twitter:label2\" content=\"Dur\u00e9e de lecture estim\u00e9e\" \/>\n\t<meta name=\"twitter:data2\" content=\"2 minutes\" \/>\n<script type=\"application\/ld+json\" class=\"yoast-schema-graph\">{\"@context\":\"https:\/\/schema.org\",\"@graph\":[{\"@type\":\"Article\",\"@id\":\"https:\/\/www.m-q.ch\/en\/digital-transformation-management-votes-necessary\/#article\",\"isPartOf\":{\"@id\":\"https:\/\/www.m-q.ch\/en\/digital-transformation-management-votes-necessary\/\"},\"author\":{\"name\":\"galledia\",\"@id\":\"https:\/\/www.m-q.ch\/fr\/#\/schema\/person\/c0139a2c55a374db6df2cde78ec87148\"},\"headline\":\"Digitale Transformation: Management-Abstimmungen n\u00f6tig\",\"datePublished\":\"2016-12-06T09:27:15+00:00\",\"dateModified\":\"2017-02-24T14:05:31+00:00\",\"mainEntityOfPage\":{\"@id\":\"https:\/\/www.m-q.ch\/en\/digital-transformation-management-votes-necessary\/\"},\"wordCount\":316,\"commentCount\":0,\"publisher\":{\"@id\":\"https:\/\/www.m-q.ch\/fr\/#organization\"},\"image\":{\"@id\":\"https:\/\/www.m-q.ch\/en\/digital-transformation-management-votes-necessary\/#primaryimage\"},\"thumbnailUrl\":\"https:\/\/www.m-q.ch\/wp-content\/uploads\/2016\/12\/Digitale-Transformation-Management-Abstimmungen-n\u00f6tig-management-und-qualitaet.jpg\",\"keywords\":[\"Digitalisierung\"],\"articleSection\":[\"Unkategorisiert\"],\"inLanguage\":\"fr-FR\"},{\"@type\":\"WebPage\",\"@id\":\"https:\/\/www.m-q.ch\/en\/digital-transformation-management-votes-necessary\/\",\"url\":\"https:\/\/www.m-q.ch\/en\/digital-transformation-management-votes-necessary\/\",\"name\":\"Digitale Transformation: Management-Abstimmungen n\u00f6tig - MQ Management und Qualit\u00e4t\",\"isPartOf\":{\"@id\":\"https:\/\/www.m-q.ch\/fr\/#website\"},\"primaryImageOfPage\":{\"@id\":\"https:\/\/www.m-q.ch\/en\/digital-transformation-management-votes-necessary\/#primaryimage\"},\"image\":{\"@id\":\"https:\/\/www.m-q.ch\/en\/digital-transformation-management-votes-necessary\/#primaryimage\"},\"thumbnailUrl\":\"https:\/\/www.m-q.ch\/wp-content\/uploads\/2016\/12\/Digitale-Transformation-Management-Abstimmungen-n\u00f6tig-management-und-qualitaet.jpg\",\"datePublished\":\"2016-12-06T09:27:15+00:00\",\"dateModified\":\"2017-02-24T14:05:31+00:00\",\"description\":\"Digitale Transformation: Wie fortgeschritten sind Schweizer Unternehmen im digitalen Bereich wirklich?\",\"breadcrumb\":{\"@id\":\"https:\/\/www.m-q.ch\/en\/digital-transformation-management-votes-necessary\/#breadcrumb\"},\"inLanguage\":\"fr-FR\",\"potentialAction\":[{\"@type\":\"ReadAction\",\"target\":[\"https:\/\/www.m-q.ch\/en\/digital-transformation-management-votes-necessary\/\"]}]},{\"@type\":\"ImageObject\",\"inLanguage\":\"fr-FR\",\"@id\":\"https:\/\/www.m-q.ch\/en\/digital-transformation-management-votes-necessary\/#primaryimage\",\"url\":\"https:\/\/www.m-q.ch\/wp-content\/uploads\/2016\/12\/Digitale-Transformation-Management-Abstimmungen-n\u00f6tig-management-und-qualitaet.jpg\",\"contentUrl\":\"https:\/\/www.m-q.ch\/wp-content\/uploads\/2016\/12\/Digitale-Transformation-Management-Abstimmungen-n\u00f6tig-management-und-qualitaet.jpg\",\"width\":800,\"height\":533,\"caption\":\"(Bild: depositphotos)\"},{\"@type\":\"BreadcrumbList\",\"@id\":\"https:\/\/www.m-q.ch\/en\/digital-transformation-management-votes-necessary\/#breadcrumb\",\"itemListElement\":[{\"@type\":\"ListItem\",\"position\":1,\"name\":\"Unkategorisiert\",\"item\":\"https:\/\/www.m-q.ch\/it\/categoria\/senza-categoria\/\"},{\"@type\":\"ListItem\",\"position\":2,\"name\":\"Digitale Transformation: Management-Abstimmungen n\u00f6tig\"}]},{\"@type\":\"WebSite\",\"@id\":\"https:\/\/www.m-q.ch\/fr\/#website\",\"url\":\"https:\/\/www.m-q.ch\/fr\/\",\"name\":\"MQ Management und Qualit\u00e4t\",\"description\":\"Plattform f\u00fcr integrierte Managementsysteme.\",\"publisher\":{\"@id\":\"https:\/\/www.m-q.ch\/fr\/#organization\"},\"potentialAction\":[{\"@type\":\"SearchAction\",\"target\":{\"@type\":\"EntryPoint\",\"urlTemplate\":\"https:\/\/www.m-q.ch\/fr\/?s={search_term_string}\"},\"query-input\":{\"@type\":\"PropertyValueSpecification\",\"valueRequired\":true,\"valueName\":\"search_term_string\"}}],\"inLanguage\":\"fr-FR\"},{\"@type\":\"Organization\",\"@id\":\"https:\/\/www.m-q.ch\/fr\/#organization\",\"name\":\"Galledia Fachmedien AG\",\"url\":\"https:\/\/www.m-q.ch\/fr\/\",\"logo\":{\"@type\":\"ImageObject\",\"inLanguage\":\"fr-FR\",\"@id\":\"https:\/\/www.m-q.ch\/fr\/#\/schema\/logo\/image\/\",\"url\":\"https:\/\/www.m-q.ch\/wp-content\/uploads\/2020\/12\/cropped-logo_small.png\",\"contentUrl\":\"https:\/\/www.m-q.ch\/wp-content\/uploads\/2020\/12\/cropped-logo_small.png\",\"width\":512,\"height\":512,\"caption\":\"Galledia Fachmedien AG\"},\"image\":{\"@id\":\"https:\/\/www.m-q.ch\/fr\/#\/schema\/logo\/image\/\"},\"sameAs\":[\"https:\/\/www.facebook.com\/ManagementUndQualitaet\",\"https:\/\/www.linkedin.com\/showcase\/17982321\/admin\/\"]},{\"@type\":\"Person\",\"@id\":\"https:\/\/www.m-q.ch\/fr\/#\/schema\/person\/c0139a2c55a374db6df2cde78ec87148\",\"name\":\"galledia\",\"image\":{\"@type\":\"ImageObject\",\"inLanguage\":\"fr-FR\",\"@id\":\"https:\/\/www.m-q.ch\/fr\/#\/schema\/person\/image\/\",\"url\":\"https:\/\/secure.gravatar.com\/avatar\/66edf527eac29e9a5eb25bcada01f61a?s=96&d=mm&r=g\",\"contentUrl\":\"https:\/\/secure.gravatar.com\/avatar\/66edf527eac29e9a5eb25bcada01f61a?s=96&d=mm&r=g\",\"caption\":\"galledia\"},\"url\":\"https:\/\/www.m-q.ch\/fr\/author\/galledia\/\"}]}<\/script>\n<!-- \/ Yoast SEO plugin. -->","yoast_head_json":{"title":"Transformation num\u00e9rique : la coordination de la gestion est n\u00e9cessaire - Gestion et qualit\u00e9 de la qualit\u00e9 des donn\u00e9es","description":"Transformation num\u00e9rique : \u00e0 quel point les entreprises suisses sont-elles r\u00e9ellement avanc\u00e9es dans le domaine du num\u00e9rique ?","robots":{"index":"index","follow":"follow","max-snippet":"max-snippet:-1","max-image-preview":"max-image-preview:large","max-video-preview":"max-video-preview:-1"},"canonical":"https:\/\/www.m-q.ch\/fr\/digital-transformation-management-votes-necessaire\/","og_locale":"fr_FR","og_type":"article","og_title":"Digitale Transformation: Management-Abstimmungen n\u00f6tig - MQ Management und Qualit\u00e4t","og_description":"Digitale Transformation: Wie fortgeschritten sind Schweizer Unternehmen im digitalen Bereich wirklich?","og_url":"https:\/\/www.m-q.ch\/fr\/digital-transformation-management-votes-necessaire\/","og_site_name":"MQ Management und Qualit\u00e4t","article_publisher":"https:\/\/www.facebook.com\/ManagementUndQualitaet","article_published_time":"2016-12-06T09:27:15+00:00","article_modified_time":"2017-02-24T14:05:31+00:00","og_image":[{"width":800,"height":533,"url":"https:\/\/www.m-q.ch\/wp-content\/uploads\/2016\/12\/Digitale-Transformation-Management-Abstimmungen-n\u00f6tig-management-und-qualitaet.jpg","type":"image\/jpeg"}],"author":"galledia","twitter_card":"summary_large_image","twitter_misc":{"\u00c9crit par":"galledia","Dur\u00e9e de lecture estim\u00e9e":"2 minutes"},"schema":{"@context":"https:\/\/schema.org","@graph":[{"@type":"Article","@id":"https:\/\/www.m-q.ch\/en\/digital-transformation-management-votes-necessary\/#article","isPartOf":{"@id":"https:\/\/www.m-q.ch\/en\/digital-transformation-management-votes-necessary\/"},"author":{"name":"galledia","@id":"https:\/\/www.m-q.ch\/fr\/#\/schema\/person\/c0139a2c55a374db6df2cde78ec87148"},"headline":"Digitale Transformation: Management-Abstimmungen n\u00f6tig","datePublished":"2016-12-06T09:27:15+00:00","dateModified":"2017-02-24T14:05:31+00:00","mainEntityOfPage":{"@id":"https:\/\/www.m-q.ch\/en\/digital-transformation-management-votes-necessary\/"},"wordCount":316,"commentCount":0,"publisher":{"@id":"https:\/\/www.m-q.ch\/fr\/#organization"},"image":{"@id":"https:\/\/www.m-q.ch\/en\/digital-transformation-management-votes-necessary\/#primaryimage"},"thumbnailUrl":"https:\/\/www.m-q.ch\/wp-content\/uploads\/2016\/12\/Digitale-Transformation-Management-Abstimmungen-n\u00f6tig-management-und-qualitaet.jpg","keywords":["Digitalisierung"],"articleSection":["Unkategorisiert"],"inLanguage":"fr-FR"},{"@type":"WebPage","@id":"https:\/\/www.m-q.ch\/en\/digital-transformation-management-votes-necessary\/","url":"https:\/\/www.m-q.ch\/en\/digital-transformation-management-votes-necessary\/","name":"Transformation num\u00e9rique : la coordination de la gestion est n\u00e9cessaire - Gestion et qualit\u00e9 de la qualit\u00e9 des donn\u00e9es","isPartOf":{"@id":"https:\/\/www.m-q.ch\/fr\/#website"},"primaryImageOfPage":{"@id":"https:\/\/www.m-q.ch\/en\/digital-transformation-management-votes-necessary\/#primaryimage"},"image":{"@id":"https:\/\/www.m-q.ch\/en\/digital-transformation-management-votes-necessary\/#primaryimage"},"thumbnailUrl":"https:\/\/www.m-q.ch\/wp-content\/uploads\/2016\/12\/Digitale-Transformation-Management-Abstimmungen-n\u00f6tig-management-und-qualitaet.jpg","datePublished":"2016-12-06T09:27:15+00:00","dateModified":"2017-02-24T14:05:31+00:00","description":"Transformation num\u00e9rique : \u00e0 quel point les entreprises suisses sont-elles r\u00e9ellement avanc\u00e9es dans le domaine du num\u00e9rique ?","breadcrumb":{"@id":"https:\/\/www.m-q.ch\/en\/digital-transformation-management-votes-necessary\/#breadcrumb"},"inLanguage":"fr-FR","potentialAction":[{"@type":"ReadAction","target":["https:\/\/www.m-q.ch\/en\/digital-transformation-management-votes-necessary\/"]}]},{"@type":"ImageObject","inLanguage":"fr-FR","@id":"https:\/\/www.m-q.ch\/en\/digital-transformation-management-votes-necessary\/#primaryimage","url":"https:\/\/www.m-q.ch\/wp-content\/uploads\/2016\/12\/Digitale-Transformation-Management-Abstimmungen-n\u00f6tig-management-und-qualitaet.jpg","contentUrl":"https:\/\/www.m-q.ch\/wp-content\/uploads\/2016\/12\/Digitale-Transformation-Management-Abstimmungen-n\u00f6tig-management-und-qualitaet.jpg","width":800,"height":533,"caption":"(Bild: depositphotos)"},{"@type":"BreadcrumbList","@id":"https:\/\/www.m-q.ch\/en\/digital-transformation-management-votes-necessary\/#breadcrumb","itemListElement":[{"@type":"ListItem","position":1,"name":"Unkategorisiert","item":"https:\/\/www.m-q.ch\/it\/categoria\/senza-categoria\/"},{"@type":"ListItem","position":2,"name":"Digitale Transformation: Management-Abstimmungen n\u00f6tig"}]},{"@type":"WebSite","@id":"https:\/\/www.m-q.ch\/fr\/#website","url":"https:\/\/www.m-q.ch\/fr\/","name":"Gestion et qualit\u00e9 du QM","description":"Plate-forme pour les syst\u00e8mes de gestion int\u00e9gr\u00e9e.","publisher":{"@id":"https:\/\/www.m-q.ch\/fr\/#organization"},"potentialAction":[{"@type":"SearchAction","target":{"@type":"EntryPoint","urlTemplate":"https:\/\/www.m-q.ch\/fr\/?s={search_term_string}"},"query-input":{"@type":"PropertyValueSpecification","valueRequired":true,"valueName":"search_term_string"}}],"inLanguage":"fr-FR"},{"@type":"Organization","@id":"https:\/\/www.m-q.ch\/fr\/#organization","name":"Galledia Trade Media AG","url":"https:\/\/www.m-q.ch\/fr\/","logo":{"@type":"ImageObject","inLanguage":"fr-FR","@id":"https:\/\/www.m-q.ch\/fr\/#\/schema\/logo\/image\/","url":"https:\/\/www.m-q.ch\/wp-content\/uploads\/2020\/12\/cropped-logo_small.png","contentUrl":"https:\/\/www.m-q.ch\/wp-content\/uploads\/2020\/12\/cropped-logo_small.png","width":512,"height":512,"caption":"Galledia Fachmedien AG"},"image":{"@id":"https:\/\/www.m-q.ch\/fr\/#\/schema\/logo\/image\/"},"sameAs":["https:\/\/www.facebook.com\/ManagementUndQualitaet","https:\/\/www.linkedin.com\/showcase\/17982321\/admin\/"]},{"@type":"Person","@id":"https:\/\/www.m-q.ch\/fr\/#\/schema\/person\/c0139a2c55a374db6df2cde78ec87148","name":"galledia","image":{"@type":"ImageObject","inLanguage":"fr-FR","@id":"https:\/\/www.m-q.ch\/fr\/#\/schema\/person\/image\/","url":"https:\/\/secure.gravatar.com\/avatar\/66edf527eac29e9a5eb25bcada01f61a?s=96&d=mm&r=g","contentUrl":"https:\/\/secure.gravatar.com\/avatar\/66edf527eac29e9a5eb25bcada01f61a?s=96&d=mm&r=g","caption":"galledia"},"url":"https:\/\/www.m-q.ch\/fr\/author\/galledia\/"}]}},"_links":{"self":[{"href":"https:\/\/www.m-q.ch\/fr\/wp-json\/wp\/v2\/posts\/669","targetHints":{"allow":["GET"]}}],"collection":[{"href":"https:\/\/www.m-q.ch\/fr\/wp-json\/wp\/v2\/posts"}],"about":[{"href":"https:\/\/www.m-q.ch\/fr\/wp-json\/wp\/v2\/types\/post"}],"author":[{"embeddable":true,"href":"https:\/\/www.m-q.ch\/fr\/wp-json\/wp\/v2\/users\/1"}],"replies":[{"embeddable":true,"href":"https:\/\/www.m-q.ch\/fr\/wp-json\/wp\/v2\/comments?post=669"}],"version-history":[{"count":3,"href":"https:\/\/www.m-q.ch\/fr\/wp-json\/wp\/v2\/posts\/669\/revisions"}],"predecessor-version":[{"id":978,"href":"https:\/\/www.m-q.ch\/fr\/wp-json\/wp\/v2\/posts\/669\/revisions\/978"}],"wp:featuredmedia":[{"embeddable":true,"href":"https:\/\/www.m-q.ch\/fr\/wp-json\/wp\/v2\/media\/95"}],"wp:attachment":[{"href":"https:\/\/www.m-q.ch\/fr\/wp-json\/wp\/v2\/media?parent=669"}],"wp:term":[{"taxonomy":"category","embeddable":true,"href":"https:\/\/www.m-q.ch\/fr\/wp-json\/wp\/v2\/categories?post=669"},{"taxonomy":"post_tag","embeddable":true,"href":"https:\/\/www.m-q.ch\/fr\/wp-json\/wp\/v2\/tags?post=669"}],"curies":[{"name":"wp","href":"https:\/\/api.w.org\/{rel}","templated":true}]}}