{"id":698,"date":"2016-12-12T15:42:12","date_gmt":"2016-12-12T14:42:12","guid":{"rendered":"http:\/\/dev.m-q.ch\/?p=698"},"modified":"2017-08-24T15:10:31","modified_gmt":"2017-08-24T13:10:31","slug":"nouvelles-specifications-iso-en-matiere-de-bien-etre-animal","status":"publish","type":"post","link":"https:\/\/www.m-q.ch\/fr\/neue-iso-spezifizierung-in-sachen-tierschutz\/","title":{"rendered":"Nouvelle sp\u00e9cification ISO sur le bien-\u00eatre des animaux"},"content":{"rendered":"<figure id=\"attachment_700\" aria-describedby=\"caption-attachment-700\" style=\"width: 400px\" class=\"wp-caption alignnone\"><a href=\"https:\/\/m-q.ch\/wp-content\/uploads\/2016\/12\/Neue-ISO-Spezifizierung-in-Sachen-Tierschutz-management-und-qualitaet.jpg\"><img loading=\"lazy\" decoding=\"async\" class=\"wp-image-700 size-full\" src=\"https:\/\/www.m-q.ch\/wp-content\/uploads\/2016\/12\/Neue-ISO-Spezifizierung-in-Sachen-Tierschutz-management-und-qualitaet.jpg\" alt=\"Si\u00e8ge de l&#039;ISO (Organisation internationale de normalisation) \u00e0 Gen\u00e8ve. (Image : zVg)\" width=\"400\" height=\"340\" srcset=\"https:\/\/www.m-q.ch\/wp-content\/uploads\/2016\/12\/Neue-ISO-Spezifizierung-in-Sachen-Tierschutz-management-und-qualitaet.jpg 400w, https:\/\/www.m-q.ch\/wp-content\/uploads\/2016\/12\/Neue-ISO-Spezifizierung-in-Sachen-Tierschutz-management-und-qualitaet-14x12.jpg 14w, https:\/\/www.m-q.ch\/wp-content\/uploads\/2016\/12\/Neue-ISO-Spezifizierung-in-Sachen-Tierschutz-management-und-qualitaet-206x175.jpg 206w, https:\/\/www.m-q.ch\/wp-content\/uploads\/2016\/12\/Neue-ISO-Spezifizierung-in-Sachen-Tierschutz-management-und-qualitaet-300x255.jpg 300w\" sizes=\"auto, (max-width: 400px) 100vw, 400px\" \/><\/a><figcaption id=\"caption-attachment-700\" class=\"wp-caption-text\">Si\u00e8ge de l'ISO (Organisation internationale de normalisation) \u00e0 Gen\u00e8ve. (Image : zVg)<\/figcaption><\/figure>\n<p>Les consommateurs sont de plus en plus pr\u00e9occup\u00e9s par le traitement brutal des animaux. Dans le m\u00eame temps, il est \u00e9vident pour tout le monde que le bien-\u00eatre de l'homme est indispensable \u00e0 la qualit\u00e9 et \u00e0 la s\u00e9curit\u00e9 des aliments d'origine animale. La prise de conscience des \u00e9missions dans l'\u00e9levage augmente d'ann\u00e9e en ann\u00e9e, tout comme la demande de produits biologiques.<\/p>\n<p>Les produits animaux et les produits d\u00e9riv\u00e9s doivent donc r\u00e9pondre \u00e0 des normes de bien-\u00eatre animal nouvellement optimis\u00e9es, respecter g\u00e9n\u00e9ralement les normes les plus \u00e9lev\u00e9es et offrir aux producteurs un avantage concurrentiel planifiable gr\u00e2ce \u00e0 la gestion du bien-\u00eatre animal. La norme ISO\/TS 34700:2016 vise \u00e0 fournir une norme efficace et actualis\u00e9e \u00e0 cette fin. La norme est align\u00e9e sur les principes de l'Organisation mondiale de la sant\u00e9 animale (OIE) et sur le Code sanitaire pour les animaux terrestres (CSAT). (Source : Organisation internationale de normalisation)<\/p>","protected":false},"excerpt":{"rendered":"<p>Verbraucher sorgen sich zunehmend \u00fcber die plumpe Behandlung von Tieren. Dabei leuchtet es allen ein, dass das menschliche Wohlbehagen unabdingbar mit der Qualit\u00e4t und Sicherheit von Lebensmittel von Tieren von der Qualit\u00e4t und sogar der Sicherheit vom Essen stark abh\u00e4ngt. Das Bewusstsein gegen\u00fcber Emissionen in der Tierhaltung wird von Jahr zu Jahr gr\u00f6sser, ebenso steigt [&hellip;]<\/p>\n","protected":false},"author":1,"featured_media":700,"comment_status":"open","ping_status":"open","sticky":false,"template":"","format":"standard","meta":{"_acf_changed":false,"footnotes":""},"categories":[1],"tags":[3386],"class_list":["post-698","post","type-post","status-publish","format-standard","has-post-thumbnail","hentry","category-unkategorisiert","tag-isots-34700-347002016"],"acf":[],"yoast_head":"<!-- This site is optimized with the Yoast SEO plugin v26.2 - https:\/\/yoast.com\/wordpress\/plugins\/seo\/ -->\n<title>Neue ISO-Spezifizierung in Sachen Tierschutz - MQ Management und Qualit\u00e4t<\/title>\n<meta name=\"description\" content=\"ISO-Spezifizierung: Umfassender Schutz und F\u00fcrsorge gegen\u00fcber eines Nutztieres bedeutet seine physischen und &quot;geistigen&quot; Bed\u00fcrfnisse zu respektieren.\" \/>\n<meta name=\"robots\" content=\"index, follow, max-snippet:-1, max-image-preview:large, max-video-preview:-1\" \/>\n<link rel=\"canonical\" href=\"https:\/\/www.m-q.ch\/fr\/nouvelles-specifications-iso-en-matiere-de-bien-etre-animal\/\" \/>\n<meta property=\"og:locale\" content=\"fr_FR\" \/>\n<meta property=\"og:type\" content=\"article\" \/>\n<meta property=\"og:title\" content=\"Neue ISO-Spezifizierung in Sachen Tierschutz - MQ Management und Qualit\u00e4t\" \/>\n<meta property=\"og:description\" content=\"ISO-Spezifizierung: Umfassender Schutz und F\u00fcrsorge gegen\u00fcber eines Nutztieres bedeutet seine physischen und &quot;geistigen&quot; Bed\u00fcrfnisse zu respektieren.\" \/>\n<meta property=\"og:url\" content=\"https:\/\/www.m-q.ch\/fr\/nouvelles-specifications-iso-en-matiere-de-bien-etre-animal\/\" \/>\n<meta property=\"og:site_name\" content=\"MQ Management und Qualit\u00e4t\" \/>\n<meta property=\"article:publisher\" content=\"https:\/\/www.facebook.com\/ManagementUndQualitaet\" \/>\n<meta property=\"article:published_time\" content=\"2016-12-12T14:42:12+00:00\" \/>\n<meta property=\"article:modified_time\" content=\"2017-08-24T13:10:31+00:00\" \/>\n<meta property=\"og:image\" content=\"https:\/\/www.m-q.ch\/wp-content\/uploads\/2016\/12\/Neue-ISO-Spezifizierung-in-Sachen-Tierschutz-management-und-qualitaet.jpg\" \/>\n\t<meta property=\"og:image:width\" content=\"400\" \/>\n\t<meta property=\"og:image:height\" content=\"340\" \/>\n\t<meta property=\"og:image:type\" content=\"image\/jpeg\" \/>\n<meta name=\"author\" content=\"galledia\" \/>\n<meta name=\"twitter:card\" content=\"summary_large_image\" \/>\n<meta name=\"twitter:label1\" content=\"\u00c9crit par\" \/>\n\t<meta name=\"twitter:data1\" content=\"galledia\" \/>\n\t<meta name=\"twitter:label2\" content=\"Dur\u00e9e de lecture estim\u00e9e\" \/>\n\t<meta name=\"twitter:data2\" content=\"1 minute\" \/>\n<script type=\"application\/ld+json\" class=\"yoast-schema-graph\">{\"@context\":\"https:\/\/schema.org\",\"@graph\":[{\"@type\":\"Article\",\"@id\":\"https:\/\/www.m-q.ch\/de\/neue-iso-spezifizierung-in-sachen-tierschutz\/#article\",\"isPartOf\":{\"@id\":\"https:\/\/www.m-q.ch\/de\/neue-iso-spezifizierung-in-sachen-tierschutz\/\"},\"author\":{\"name\":\"galledia\",\"@id\":\"https:\/\/www.m-q.ch\/fr\/#\/schema\/person\/c0139a2c55a374db6df2cde78ec87148\"},\"headline\":\"Neue ISO-Spezifizierung in Sachen Tierschutz\",\"datePublished\":\"2016-12-12T14:42:12+00:00\",\"dateModified\":\"2017-08-24T13:10:31+00:00\",\"mainEntityOfPage\":{\"@id\":\"https:\/\/www.m-q.ch\/de\/neue-iso-spezifizierung-in-sachen-tierschutz\/\"},\"wordCount\":147,\"commentCount\":0,\"publisher\":{\"@id\":\"https:\/\/www.m-q.ch\/fr\/#organization\"},\"image\":{\"@id\":\"https:\/\/www.m-q.ch\/de\/neue-iso-spezifizierung-in-sachen-tierschutz\/#primaryimage\"},\"thumbnailUrl\":\"https:\/\/www.m-q.ch\/wp-content\/uploads\/2016\/12\/Neue-ISO-Spezifizierung-in-Sachen-Tierschutz-management-und-qualitaet.jpg\",\"keywords\":[\"ISO\/TS 34700 34700:2016\"],\"articleSection\":[\"Unkategorisiert\"],\"inLanguage\":\"fr-FR\"},{\"@type\":\"WebPage\",\"@id\":\"https:\/\/www.m-q.ch\/de\/neue-iso-spezifizierung-in-sachen-tierschutz\/\",\"url\":\"https:\/\/www.m-q.ch\/de\/neue-iso-spezifizierung-in-sachen-tierschutz\/\",\"name\":\"Neue ISO-Spezifizierung in Sachen Tierschutz - MQ Management und Qualit\u00e4t\",\"isPartOf\":{\"@id\":\"https:\/\/www.m-q.ch\/fr\/#website\"},\"primaryImageOfPage\":{\"@id\":\"https:\/\/www.m-q.ch\/de\/neue-iso-spezifizierung-in-sachen-tierschutz\/#primaryimage\"},\"image\":{\"@id\":\"https:\/\/www.m-q.ch\/de\/neue-iso-spezifizierung-in-sachen-tierschutz\/#primaryimage\"},\"thumbnailUrl\":\"https:\/\/www.m-q.ch\/wp-content\/uploads\/2016\/12\/Neue-ISO-Spezifizierung-in-Sachen-Tierschutz-management-und-qualitaet.jpg\",\"datePublished\":\"2016-12-12T14:42:12+00:00\",\"dateModified\":\"2017-08-24T13:10:31+00:00\",\"description\":\"ISO-Spezifizierung: Umfassender Schutz und F\u00fcrsorge gegen\u00fcber eines Nutztieres bedeutet seine physischen und \\\"geistigen\\\" Bed\u00fcrfnisse zu respektieren.\",\"breadcrumb\":{\"@id\":\"https:\/\/www.m-q.ch\/de\/neue-iso-spezifizierung-in-sachen-tierschutz\/#breadcrumb\"},\"inLanguage\":\"fr-FR\",\"potentialAction\":[{\"@type\":\"ReadAction\",\"target\":[\"https:\/\/www.m-q.ch\/de\/neue-iso-spezifizierung-in-sachen-tierschutz\/\"]}]},{\"@type\":\"ImageObject\",\"inLanguage\":\"fr-FR\",\"@id\":\"https:\/\/www.m-q.ch\/de\/neue-iso-spezifizierung-in-sachen-tierschutz\/#primaryimage\",\"url\":\"https:\/\/www.m-q.ch\/wp-content\/uploads\/2016\/12\/Neue-ISO-Spezifizierung-in-Sachen-Tierschutz-management-und-qualitaet.jpg\",\"contentUrl\":\"https:\/\/www.m-q.ch\/wp-content\/uploads\/2016\/12\/Neue-ISO-Spezifizierung-in-Sachen-Tierschutz-management-und-qualitaet.jpg\",\"width\":400,\"height\":340,\"caption\":\"ISO (International Organisation of Standards) Hauptsitz in Genf. (Bild: zVg)\"},{\"@type\":\"BreadcrumbList\",\"@id\":\"https:\/\/www.m-q.ch\/de\/neue-iso-spezifizierung-in-sachen-tierschutz\/#breadcrumb\",\"itemListElement\":[{\"@type\":\"ListItem\",\"position\":1,\"name\":\"Unkategorisiert\",\"item\":\"https:\/\/www.m-q.ch\/it\/categoria\/senza-categoria\/\"},{\"@type\":\"ListItem\",\"position\":2,\"name\":\"Neue ISO-Spezifizierung in Sachen Tierschutz\"}]},{\"@type\":\"WebSite\",\"@id\":\"https:\/\/www.m-q.ch\/fr\/#website\",\"url\":\"https:\/\/www.m-q.ch\/fr\/\",\"name\":\"MQ Management und Qualit\u00e4t\",\"description\":\"Plattform f\u00fcr integrierte Managementsysteme.\",\"publisher\":{\"@id\":\"https:\/\/www.m-q.ch\/fr\/#organization\"},\"potentialAction\":[{\"@type\":\"SearchAction\",\"target\":{\"@type\":\"EntryPoint\",\"urlTemplate\":\"https:\/\/www.m-q.ch\/fr\/?s={search_term_string}\"},\"query-input\":{\"@type\":\"PropertyValueSpecification\",\"valueRequired\":true,\"valueName\":\"search_term_string\"}}],\"inLanguage\":\"fr-FR\"},{\"@type\":\"Organization\",\"@id\":\"https:\/\/www.m-q.ch\/fr\/#organization\",\"name\":\"Galledia Fachmedien AG\",\"url\":\"https:\/\/www.m-q.ch\/fr\/\",\"logo\":{\"@type\":\"ImageObject\",\"inLanguage\":\"fr-FR\",\"@id\":\"https:\/\/www.m-q.ch\/fr\/#\/schema\/logo\/image\/\",\"url\":\"https:\/\/www.m-q.ch\/wp-content\/uploads\/2020\/12\/cropped-logo_small.png\",\"contentUrl\":\"https:\/\/www.m-q.ch\/wp-content\/uploads\/2020\/12\/cropped-logo_small.png\",\"width\":512,\"height\":512,\"caption\":\"Galledia Fachmedien AG\"},\"image\":{\"@id\":\"https:\/\/www.m-q.ch\/fr\/#\/schema\/logo\/image\/\"},\"sameAs\":[\"https:\/\/www.facebook.com\/ManagementUndQualitaet\",\"https:\/\/www.linkedin.com\/showcase\/17982321\/admin\/\"]},{\"@type\":\"Person\",\"@id\":\"https:\/\/www.m-q.ch\/fr\/#\/schema\/person\/c0139a2c55a374db6df2cde78ec87148\",\"name\":\"galledia\",\"image\":{\"@type\":\"ImageObject\",\"inLanguage\":\"fr-FR\",\"@id\":\"https:\/\/www.m-q.ch\/fr\/#\/schema\/person\/image\/\",\"url\":\"https:\/\/secure.gravatar.com\/avatar\/66edf527eac29e9a5eb25bcada01f61a?s=96&d=mm&r=g\",\"contentUrl\":\"https:\/\/secure.gravatar.com\/avatar\/66edf527eac29e9a5eb25bcada01f61a?s=96&d=mm&r=g\",\"caption\":\"galledia\"},\"url\":\"https:\/\/www.m-q.ch\/fr\/author\/galledia\/\"}]}<\/script>\n<!-- \/ Yoast SEO plugin. -->","yoast_head_json":{"title":"Nouvelle sp\u00e9cification ISO en mati\u00e8re de bien-\u00eatre animal - MQ Management und Qualit\u00e4t","description":"Sp\u00e9cification ISO : La protection et les soins complets d'un animal de ferme impliquent le respect de ses besoins physiques et \"mentaux\".","robots":{"index":"index","follow":"follow","max-snippet":"max-snippet:-1","max-image-preview":"max-image-preview:large","max-video-preview":"max-video-preview:-1"},"canonical":"https:\/\/www.m-q.ch\/fr\/nouvelles-specifications-iso-en-matiere-de-bien-etre-animal\/","og_locale":"fr_FR","og_type":"article","og_title":"Neue ISO-Spezifizierung in Sachen Tierschutz - MQ Management und Qualit\u00e4t","og_description":"ISO-Spezifizierung: Umfassender Schutz und F\u00fcrsorge gegen\u00fcber eines Nutztieres bedeutet seine physischen und \"geistigen\" Bed\u00fcrfnisse zu respektieren.","og_url":"https:\/\/www.m-q.ch\/fr\/nouvelles-specifications-iso-en-matiere-de-bien-etre-animal\/","og_site_name":"MQ Management und Qualit\u00e4t","article_publisher":"https:\/\/www.facebook.com\/ManagementUndQualitaet","article_published_time":"2016-12-12T14:42:12+00:00","article_modified_time":"2017-08-24T13:10:31+00:00","og_image":[{"width":400,"height":340,"url":"https:\/\/www.m-q.ch\/wp-content\/uploads\/2016\/12\/Neue-ISO-Spezifizierung-in-Sachen-Tierschutz-management-und-qualitaet.jpg","type":"image\/jpeg"}],"author":"galledia","twitter_card":"summary_large_image","twitter_misc":{"\u00c9crit par":"galledia","Dur\u00e9e de lecture estim\u00e9e":"1 minute"},"schema":{"@context":"https:\/\/schema.org","@graph":[{"@type":"Article","@id":"https:\/\/www.m-q.ch\/de\/neue-iso-spezifizierung-in-sachen-tierschutz\/#article","isPartOf":{"@id":"https:\/\/www.m-q.ch\/de\/neue-iso-spezifizierung-in-sachen-tierschutz\/"},"author":{"name":"galledia","@id":"https:\/\/www.m-q.ch\/fr\/#\/schema\/person\/c0139a2c55a374db6df2cde78ec87148"},"headline":"Neue ISO-Spezifizierung in Sachen Tierschutz","datePublished":"2016-12-12T14:42:12+00:00","dateModified":"2017-08-24T13:10:31+00:00","mainEntityOfPage":{"@id":"https:\/\/www.m-q.ch\/de\/neue-iso-spezifizierung-in-sachen-tierschutz\/"},"wordCount":147,"commentCount":0,"publisher":{"@id":"https:\/\/www.m-q.ch\/fr\/#organization"},"image":{"@id":"https:\/\/www.m-q.ch\/de\/neue-iso-spezifizierung-in-sachen-tierschutz\/#primaryimage"},"thumbnailUrl":"https:\/\/www.m-q.ch\/wp-content\/uploads\/2016\/12\/Neue-ISO-Spezifizierung-in-Sachen-Tierschutz-management-und-qualitaet.jpg","keywords":["ISO\/TS 34700 34700:2016"],"articleSection":["Unkategorisiert"],"inLanguage":"fr-FR"},{"@type":"WebPage","@id":"https:\/\/www.m-q.ch\/de\/neue-iso-spezifizierung-in-sachen-tierschutz\/","url":"https:\/\/www.m-q.ch\/de\/neue-iso-spezifizierung-in-sachen-tierschutz\/","name":"Nouvelle sp\u00e9cification ISO en mati\u00e8re de bien-\u00eatre animal - MQ Management und Qualit\u00e4t","isPartOf":{"@id":"https:\/\/www.m-q.ch\/fr\/#website"},"primaryImageOfPage":{"@id":"https:\/\/www.m-q.ch\/de\/neue-iso-spezifizierung-in-sachen-tierschutz\/#primaryimage"},"image":{"@id":"https:\/\/www.m-q.ch\/de\/neue-iso-spezifizierung-in-sachen-tierschutz\/#primaryimage"},"thumbnailUrl":"https:\/\/www.m-q.ch\/wp-content\/uploads\/2016\/12\/Neue-ISO-Spezifizierung-in-Sachen-Tierschutz-management-und-qualitaet.jpg","datePublished":"2016-12-12T14:42:12+00:00","dateModified":"2017-08-24T13:10:31+00:00","description":"Sp\u00e9cification ISO : La protection et les soins complets d'un animal de ferme impliquent le respect de ses besoins physiques et \"mentaux\".","breadcrumb":{"@id":"https:\/\/www.m-q.ch\/de\/neue-iso-spezifizierung-in-sachen-tierschutz\/#breadcrumb"},"inLanguage":"fr-FR","potentialAction":[{"@type":"ReadAction","target":["https:\/\/www.m-q.ch\/de\/neue-iso-spezifizierung-in-sachen-tierschutz\/"]}]},{"@type":"ImageObject","inLanguage":"fr-FR","@id":"https:\/\/www.m-q.ch\/de\/neue-iso-spezifizierung-in-sachen-tierschutz\/#primaryimage","url":"https:\/\/www.m-q.ch\/wp-content\/uploads\/2016\/12\/Neue-ISO-Spezifizierung-in-Sachen-Tierschutz-management-und-qualitaet.jpg","contentUrl":"https:\/\/www.m-q.ch\/wp-content\/uploads\/2016\/12\/Neue-ISO-Spezifizierung-in-Sachen-Tierschutz-management-und-qualitaet.jpg","width":400,"height":340,"caption":"ISO (International Organisation of Standards) Hauptsitz in Genf. (Bild: zVg)"},{"@type":"BreadcrumbList","@id":"https:\/\/www.m-q.ch\/de\/neue-iso-spezifizierung-in-sachen-tierschutz\/#breadcrumb","itemListElement":[{"@type":"ListItem","position":1,"name":"Unkategorisiert","item":"https:\/\/www.m-q.ch\/it\/categoria\/senza-categoria\/"},{"@type":"ListItem","position":2,"name":"Neue ISO-Spezifizierung in Sachen Tierschutz"}]},{"@type":"WebSite","@id":"https:\/\/www.m-q.ch\/fr\/#website","url":"https:\/\/www.m-q.ch\/fr\/","name":"Gestion et qualit\u00e9 du QM","description":"Plate-forme pour les syst\u00e8mes de gestion int\u00e9gr\u00e9e.","publisher":{"@id":"https:\/\/www.m-q.ch\/fr\/#organization"},"potentialAction":[{"@type":"SearchAction","target":{"@type":"EntryPoint","urlTemplate":"https:\/\/www.m-q.ch\/fr\/?s={search_term_string}"},"query-input":{"@type":"PropertyValueSpecification","valueRequired":true,"valueName":"search_term_string"}}],"inLanguage":"fr-FR"},{"@type":"Organization","@id":"https:\/\/www.m-q.ch\/fr\/#organization","name":"Galledia Trade Media AG","url":"https:\/\/www.m-q.ch\/fr\/","logo":{"@type":"ImageObject","inLanguage":"fr-FR","@id":"https:\/\/www.m-q.ch\/fr\/#\/schema\/logo\/image\/","url":"https:\/\/www.m-q.ch\/wp-content\/uploads\/2020\/12\/cropped-logo_small.png","contentUrl":"https:\/\/www.m-q.ch\/wp-content\/uploads\/2020\/12\/cropped-logo_small.png","width":512,"height":512,"caption":"Galledia Fachmedien AG"},"image":{"@id":"https:\/\/www.m-q.ch\/fr\/#\/schema\/logo\/image\/"},"sameAs":["https:\/\/www.facebook.com\/ManagementUndQualitaet","https:\/\/www.linkedin.com\/showcase\/17982321\/admin\/"]},{"@type":"Person","@id":"https:\/\/www.m-q.ch\/fr\/#\/schema\/person\/c0139a2c55a374db6df2cde78ec87148","name":"galledia","image":{"@type":"ImageObject","inLanguage":"fr-FR","@id":"https:\/\/www.m-q.ch\/fr\/#\/schema\/person\/image\/","url":"https:\/\/secure.gravatar.com\/avatar\/66edf527eac29e9a5eb25bcada01f61a?s=96&d=mm&r=g","contentUrl":"https:\/\/secure.gravatar.com\/avatar\/66edf527eac29e9a5eb25bcada01f61a?s=96&d=mm&r=g","caption":"galledia"},"url":"https:\/\/www.m-q.ch\/fr\/author\/galledia\/"}]}},"_links":{"self":[{"href":"https:\/\/www.m-q.ch\/fr\/wp-json\/wp\/v2\/posts\/698","targetHints":{"allow":["GET"]}}],"collection":[{"href":"https:\/\/www.m-q.ch\/fr\/wp-json\/wp\/v2\/posts"}],"about":[{"href":"https:\/\/www.m-q.ch\/fr\/wp-json\/wp\/v2\/types\/post"}],"author":[{"embeddable":true,"href":"https:\/\/www.m-q.ch\/fr\/wp-json\/wp\/v2\/users\/1"}],"replies":[{"embeddable":true,"href":"https:\/\/www.m-q.ch\/fr\/wp-json\/wp\/v2\/comments?post=698"}],"version-history":[{"count":3,"href":"https:\/\/www.m-q.ch\/fr\/wp-json\/wp\/v2\/posts\/698\/revisions"}],"predecessor-version":[{"id":975,"href":"https:\/\/www.m-q.ch\/fr\/wp-json\/wp\/v2\/posts\/698\/revisions\/975"}],"wp:featuredmedia":[{"embeddable":true,"href":"https:\/\/www.m-q.ch\/fr\/wp-json\/wp\/v2\/media\/700"}],"wp:attachment":[{"href":"https:\/\/www.m-q.ch\/fr\/wp-json\/wp\/v2\/media?parent=698"}],"wp:term":[{"taxonomy":"category","embeddable":true,"href":"https:\/\/www.m-q.ch\/fr\/wp-json\/wp\/v2\/categories?post=698"},{"taxonomy":"post_tag","embeddable":true,"href":"https:\/\/www.m-q.ch\/fr\/wp-json\/wp\/v2\/tags?post=698"}],"curies":[{"name":"wp","href":"https:\/\/api.w.org\/{rel}","templated":true}]}}