{"id":713,"date":"2016-12-19T16:48:10","date_gmt":"2016-12-19T15:48:10","guid":{"rendered":"http:\/\/dev.m-q.ch\/?p=713"},"modified":"2016-12-19T16:50:52","modified_gmt":"2016-12-19T15:50:52","slug":"zeiss-reussit-un-chiffre-daffaires-et-un-resultat-records","status":"publish","type":"post","link":"https:\/\/www.m-q.ch\/fr\/zeiss-gelingt-rekordumsatz-und-ergebnis\/","title":{"rendered":"Le ZEISS r\u00e9alise un chiffre d'affaires et des b\u00e9n\u00e9fices records"},"content":{"rendered":"<figure id=\"attachment_714\" aria-describedby=\"caption-attachment-714\" style=\"width: 622px\" class=\"wp-caption alignnone\"><a href=\"https:\/\/m-q.ch\/wp-content\/uploads\/2016\/12\/ZEISS-gelingt-Rekordumsatz-und-ergebnis-management-und-qualitaet.jpg\"><img loading=\"lazy\" decoding=\"async\" class=\"size-full wp-image-714\" src=\"https:\/\/m-q.ch\/wp-content\/uploads\/2016\/12\/ZEISS-gelingt-Rekordumsatz-und-ergebnis-management-und-qualitaet.jpg\" alt=\"Au XIXe si\u00e8cle, I\u00e9na avait d\u00e9j\u00e0 une influence sur la production de verre et la microscopie. Copyright : Carl_Zeiss_Microscopy_ASSAYbuilder\" width=\"622\" height=\"414\" srcset=\"https:\/\/www.m-q.ch\/wp-content\/uploads\/2016\/12\/ZEISS-gelingt-Rekordumsatz-und-ergebnis-management-und-qualitaet.jpg 622w, https:\/\/www.m-q.ch\/wp-content\/uploads\/2016\/12\/ZEISS-gelingt-Rekordumsatz-und-ergebnis-management-und-qualitaet-16x12.jpg 16w, https:\/\/www.m-q.ch\/wp-content\/uploads\/2016\/12\/ZEISS-gelingt-Rekordumsatz-und-ergebnis-management-und-qualitaet-263x175.jpg 263w, https:\/\/www.m-q.ch\/wp-content\/uploads\/2016\/12\/ZEISS-gelingt-Rekordumsatz-und-ergebnis-management-und-qualitaet-526x350.jpg 526w, https:\/\/www.m-q.ch\/wp-content\/uploads\/2016\/12\/ZEISS-gelingt-Rekordumsatz-und-ergebnis-management-und-qualitaet-300x200.jpg 300w\" sizes=\"auto, (max-width: 622px) 100vw, 622px\" \/><\/a><figcaption id=\"caption-attachment-714\" class=\"wp-caption-text\">Au XIXe si\u00e8cle, I\u00e9na avait d\u00e9j\u00e0 une influence sur la production de verre et la microscopie. Copyright : Carl_Zeiss_Microscopy_ASSAYbuilder<\/figcaption><\/figure>\n<p>L'exercice 2015\/16 a \u00e9t\u00e9 le plus r\u00e9ussi \u00e0 ce jour pour le groupe ZEISS : \"Nos programmes visant \u00e0 accro\u00eetre la comp\u00e9titivit\u00e9 ont maintenant un effet impressionnant. L'ensemble de notre portefeuille contribue \u00e0 ce r\u00e9sultat positif. Toutes nos entreprises ont pu se d\u00e9velopper \u00e0 un niveau \u00e9lev\u00e9\", d\u00e9clare le professeur Michael Kaschke, PDG de Carl Zeiss AG. \"Nous sommes en croissance - m\u00eame avec un d\u00e9veloppement partiellement frein\u00e9 sur le march\u00e9 des semi-conducteurs et une dynamique en d\u00e9clin sur les march\u00e9s \u00e9mergents.\"<\/p>\n<p><strong>Recherche et qualit\u00e9<\/strong><\/p>\n<p>Au sein de la division Recherche &amp; Technologie de la qualit\u00e9, l'unit\u00e9 commerciale M\u00e9trologie industrielle b\u00e9n\u00e9ficie notamment de la vigueur du march\u00e9 automobile et de ses solutions Industry 4.0. L'unit\u00e9 commerciale Microscopie r\u00e9alise le redressement et renoue avec la croissance. La division \"Technologie m\u00e9dicale\" s'affirme sur le march\u00e9 tr\u00e8s concurrentiel des soins de sant\u00e9 et renforce sa position de leader. Gr\u00e2ce \u00e0 des lancements de produits r\u00e9ussis, la division Soins de la vue\/produits de consommation est \u00e9galement en mesure de se d\u00e9velopper fortement.<\/p>\n<p>Bien qu'aucun signe de reprise soutenue du march\u00e9 des semi-conducteurs n'ait \u00e9t\u00e9 observ\u00e9 au cours de l'exercice 2015\/16, la division \"Semiconductor Manufacturing Technology\" (SMT) est en mesure de se d\u00e9velopper \u00e0 nouveau gr\u00e2ce \u00e0 de solides activit\u00e9s dans le domaine des syst\u00e8mes de lithographie Deep Ultra Violet (DUV). Une impulsion positive a \u00e9galement \u00e9t\u00e9 donn\u00e9e \u00e0 la technologie future de la lithographie ultraviolette extr\u00eame (EUV). Une \u00e9tape importante pour le d\u00e9veloppement de cette technologie a \u00e9t\u00e9 franchie avec l'\u00e9largissement du partenariat avec la soci\u00e9t\u00e9 n\u00e9erlandaise ASML.<\/p>\n<p>Le premier fournisseur mondial d'\u00e9quipements pour l'ensemble de l'industrie des puces va acqu\u00e9rir une participation minoritaire de 24,9% dans la filiale Carl Zeiss SMT pour un prix d'achat d'un milliard d'euros. En outre, l'ASML investira environ 760 millions d'euros dans la recherche et le d\u00e9veloppement ainsi que dans les installations et autres \u00e9quipements directement chez Carl Zeiss SMT.<\/p>\n<p><strong>Chiffres cl\u00e9s actuels<\/strong><\/p>\n<p>ZEISS r\u00e9alise pr\u00e8s de 90 % de ses revenus en dehors de l'Allemagne. Le ZEISS a connu un succ\u00e8s particulier dans la r\u00e9gion Asie\/Pacifique (APAC) au cours de l'exercice 2015\/16, avec des recettes de 1,123 milliard d'euros. Cela correspond \u00e0 une augmentation de 17 %, corrig\u00e9e des variations mon\u00e9taires, par rapport \u00e0 l'ann\u00e9e pr\u00e9c\u00e9dente (953 millions). Rien qu'en Chine, les recettes se sont \u00e9lev\u00e9es \u00e0 504 millions d'euros (ann\u00e9e pr\u00e9c\u00e9dente : 390 millions d'euros). \u00c0 l'\u00e9chelle mondiale, ZEISS conna\u00eet une croissance de 16 %, corrig\u00e9e des effets de change, pour atteindre 995 millions d'euros (contre 883 millions d'euros l'ann\u00e9e pr\u00e9c\u00e9dente), avec des activit\u00e9s directes sur les march\u00e9s \u00e9mergents.<\/p>\n<p>Au cours de l'exercice 2015\/16, les d\u00e9penses totales pour les activit\u00e9s de recherche et de d\u00e9veloppement sont rest\u00e9es au niveau \u00e9lev\u00e9 de l'ann\u00e9e pr\u00e9c\u00e9dente. Apr\u00e8s les subventions et la participation de tiers aux activit\u00e9s, il reste une charge nette de 436 millions d'euros dans le compte de r\u00e9sultat (ann\u00e9e pr\u00e9c\u00e9dente : 466 millions d'euros).<\/p>\n<p>Au cours de l'exercice 2015\/16, le ZEISS a investi 154 millions d'euros en immobilisations corporelles (exercice pr\u00e9c\u00e9dent : 160 millions). En comparaison, les amortissements s'\u00e9l\u00e8vent \u00e0 155 millions d'euros (contre 150 millions l'ann\u00e9e pr\u00e9c\u00e9dente). Les liquidit\u00e9s nettes s'\u00e9levaient \u00e0 568 millions d'euros \u00e0 la date de cl\u00f4ture du bilan (30 septembre 2015 : 374 millions).<\/p>\n<p>\"Dans l'ensemble, notre situation financi\u00e8re reste donc extr\u00eamement solide et notre marge de financement pour le groupe est proportionnellement importante. Nous \u00e9tudions donc de mani\u00e8re intensive comment nous pouvons compl\u00e9ter strat\u00e9giquement notre portefeuille par de nouveaux investissements et acquisitions\", a annonc\u00e9 Thomas Spitzenpfeil, directeur financier de Carl Zeiss AG. Le flux de tr\u00e9sorerie disponible a augment\u00e9 de mani\u00e8re significative pour atteindre 709 millions d'euros (ann\u00e9e pr\u00e9c\u00e9dente : 477 millions d'euros). Les fonds propres du groupe s'\u00e9l\u00e8vent \u00e0 1 416 millions d'euros, ce qui correspond \u00e0 un ratio de fonds propres inchang\u00e9 de 25 %.<\/p>\n<p><strong>L'innovation sur les march\u00e9s de croissance<\/strong><\/p>\n<p>\"En partenariat \u00e9troit avec nos clients, nous sommes en train de devenir un fournisseur de solutions recherch\u00e9 pour les grands probl\u00e8mes de l'avenir. Dans de nombreux secteurs d'activit\u00e9, nos employ\u00e9s comp\u00e9tents et tr\u00e8s motiv\u00e9s fa\u00e7onnent activement les m\u00e9gatendances mondiales dans les domaines de la num\u00e9risation et de l'industrie 4.0 ou de la sant\u00e9\", d\u00e9clare le groupe ZEISS, expliquant ses pr\u00e9visions de croissance.<\/p>\n<p><a href=\"http:\/\/www.zeiss.de\" target=\"_blank\" rel=\"noreferrer\" data-cke-saved-href=\"http:\/\/www.zeiss.de\">www.zeiss.de<\/a><\/p>","protected":false},"excerpt":{"rendered":"<p>Das Gesch\u00e4ftsjahr 2015\/16 ist das bislang erfolgreichste f\u00fcr die ZEISS Gruppe: \u201eUnsere Programme zur Steigerung der Wettbewerbsf\u00e4higkeit entfalten nun eindrucksvoll ihre Wirkung. Unser gesamtes Portfolio tr\u00e4gt zum positiven Ergebnis bei. Alle unsere Gesch\u00e4fte konnten auf hohem Niveau zulegen\u201c, sagt Prof. Dr. Michael Kaschke, Vorstandsvorsitzender der Carl Zeiss AG. \u201eWir wachsen \u2013 auch bei einer zum [&hellip;]<\/p>\n","protected":false},"author":1,"featured_media":714,"comment_status":"open","ping_status":"open","sticky":false,"template":"","format":"standard","meta":{"_acf_changed":false,"footnotes":""},"categories":[1],"tags":[3397,3398,3396],"class_list":["post-713","post","type-post","status-publish","format-standard","has-post-thumbnail","hentry","category-unkategorisiert","tag-carl-zeiss-ag","tag-rekordumsatz","tag-zeiss-gruppe"],"acf":[],"yoast_head":"<!-- This site is optimized with the Yoast SEO plugin v26.2 - https:\/\/yoast.com\/wordpress\/plugins\/seo\/ -->\n<title>ZEISS gelingt Rekordumsatz und -ergebnis - MQ Management und Qualit\u00e4t<\/title>\n<meta name=\"description\" content=\"Die ZEISS Gruppe erh\u00f6ht im abgeschlossenen Gesch\u00e4ftsjahr 2015\/16 (Bilanzstichtag: 30. September 2016) Umsatz und Gewinn auf Rekordniveau.\" \/>\n<meta name=\"robots\" content=\"index, follow, max-snippet:-1, max-image-preview:large, max-video-preview:-1\" \/>\n<link rel=\"canonical\" href=\"https:\/\/www.m-q.ch\/fr\/zeiss-gelingt-record-revenue-and-profit\/\" \/>\n<meta property=\"og:locale\" content=\"fr_FR\" \/>\n<meta property=\"og:type\" content=\"article\" \/>\n<meta property=\"og:title\" content=\"ZEISS gelingt Rekordumsatz und -ergebnis - MQ Management und Qualit\u00e4t\" \/>\n<meta property=\"og:description\" content=\"Die ZEISS Gruppe erh\u00f6ht im abgeschlossenen Gesch\u00e4ftsjahr 2015\/16 (Bilanzstichtag: 30. September 2016) Umsatz und Gewinn auf Rekordniveau.\" \/>\n<meta property=\"og:url\" content=\"https:\/\/www.m-q.ch\/fr\/zeiss-gelingt-record-revenue-and-profit\/\" \/>\n<meta property=\"og:site_name\" content=\"MQ Management und Qualit\u00e4t\" \/>\n<meta property=\"article:publisher\" content=\"https:\/\/www.facebook.com\/ManagementUndQualitaet\" \/>\n<meta property=\"article:published_time\" content=\"2016-12-19T15:48:10+00:00\" \/>\n<meta property=\"article:modified_time\" content=\"2016-12-19T15:50:52+00:00\" \/>\n<meta property=\"og:image\" content=\"https:\/\/www.m-q.ch\/wp-content\/uploads\/2016\/12\/ZEISS-gelingt-Rekordumsatz-und-ergebnis-management-und-qualitaet.jpg\" \/>\n\t<meta property=\"og:image:width\" content=\"622\" \/>\n\t<meta property=\"og:image:height\" content=\"414\" \/>\n\t<meta property=\"og:image:type\" content=\"image\/jpeg\" \/>\n<meta name=\"author\" content=\"galledia\" \/>\n<meta name=\"twitter:card\" content=\"summary_large_image\" \/>\n<meta name=\"twitter:label1\" content=\"\u00c9crit par\" \/>\n\t<meta name=\"twitter:data1\" content=\"galledia\" \/>\n\t<meta name=\"twitter:label2\" content=\"Dur\u00e9e de lecture estim\u00e9e\" \/>\n\t<meta name=\"twitter:data2\" content=\"3 minutes\" \/>\n<script type=\"application\/ld+json\" class=\"yoast-schema-graph\">{\"@context\":\"https:\/\/schema.org\",\"@graph\":[{\"@type\":\"Article\",\"@id\":\"https:\/\/www.m-q.ch\/it\/zeiss-gelingt-record-revenue-and-profit\/#article\",\"isPartOf\":{\"@id\":\"https:\/\/www.m-q.ch\/it\/zeiss-gelingt-record-revenue-and-profit\/\"},\"author\":{\"name\":\"galledia\",\"@id\":\"https:\/\/www.m-q.ch\/fr\/#\/schema\/person\/c0139a2c55a374db6df2cde78ec87148\"},\"headline\":\"ZEISS gelingt Rekordumsatz und -ergebnis\",\"datePublished\":\"2016-12-19T15:48:10+00:00\",\"dateModified\":\"2016-12-19T15:50:52+00:00\",\"mainEntityOfPage\":{\"@id\":\"https:\/\/www.m-q.ch\/it\/zeiss-gelingt-record-revenue-and-profit\/\"},\"wordCount\":573,\"commentCount\":0,\"publisher\":{\"@id\":\"https:\/\/www.m-q.ch\/fr\/#organization\"},\"image\":{\"@id\":\"https:\/\/www.m-q.ch\/it\/zeiss-gelingt-record-revenue-and-profit\/#primaryimage\"},\"thumbnailUrl\":\"https:\/\/www.m-q.ch\/wp-content\/uploads\/2016\/12\/ZEISS-gelingt-Rekordumsatz-und-ergebnis-management-und-qualitaet.jpg\",\"keywords\":[\"Carl Zeiss AG\",\"Rekordumsatz\",\"ZEISS Gruppe\"],\"articleSection\":[\"Unkategorisiert\"],\"inLanguage\":\"fr-FR\"},{\"@type\":\"WebPage\",\"@id\":\"https:\/\/www.m-q.ch\/it\/zeiss-gelingt-record-revenue-and-profit\/\",\"url\":\"https:\/\/www.m-q.ch\/it\/zeiss-gelingt-record-revenue-and-profit\/\",\"name\":\"ZEISS gelingt Rekordumsatz und -ergebnis - MQ Management und Qualit\u00e4t\",\"isPartOf\":{\"@id\":\"https:\/\/www.m-q.ch\/fr\/#website\"},\"primaryImageOfPage\":{\"@id\":\"https:\/\/www.m-q.ch\/it\/zeiss-gelingt-record-revenue-and-profit\/#primaryimage\"},\"image\":{\"@id\":\"https:\/\/www.m-q.ch\/it\/zeiss-gelingt-record-revenue-and-profit\/#primaryimage\"},\"thumbnailUrl\":\"https:\/\/www.m-q.ch\/wp-content\/uploads\/2016\/12\/ZEISS-gelingt-Rekordumsatz-und-ergebnis-management-und-qualitaet.jpg\",\"datePublished\":\"2016-12-19T15:48:10+00:00\",\"dateModified\":\"2016-12-19T15:50:52+00:00\",\"description\":\"Die ZEISS Gruppe erh\u00f6ht im abgeschlossenen Gesch\u00e4ftsjahr 2015\/16 (Bilanzstichtag: 30. September 2016) Umsatz und Gewinn auf Rekordniveau.\",\"breadcrumb\":{\"@id\":\"https:\/\/www.m-q.ch\/it\/zeiss-gelingt-record-revenue-and-profit\/#breadcrumb\"},\"inLanguage\":\"fr-FR\",\"potentialAction\":[{\"@type\":\"ReadAction\",\"target\":[\"https:\/\/www.m-q.ch\/it\/zeiss-gelingt-record-revenue-and-profit\/\"]}]},{\"@type\":\"ImageObject\",\"inLanguage\":\"fr-FR\",\"@id\":\"https:\/\/www.m-q.ch\/it\/zeiss-gelingt-record-revenue-and-profit\/#primaryimage\",\"url\":\"https:\/\/www.m-q.ch\/wp-content\/uploads\/2016\/12\/ZEISS-gelingt-Rekordumsatz-und-ergebnis-management-und-qualitaet.jpg\",\"contentUrl\":\"https:\/\/www.m-q.ch\/wp-content\/uploads\/2016\/12\/ZEISS-gelingt-Rekordumsatz-und-ergebnis-management-und-qualitaet.jpg\",\"width\":622,\"height\":414,\"caption\":\"Jena war schon im 19. Jahrhundert pr\u00e4gend in der Glass- und Mikroskopie-Fertigung. Copyright: Carl_Zeiss_Microscopy_ASSAYbuilder\"},{\"@type\":\"BreadcrumbList\",\"@id\":\"https:\/\/www.m-q.ch\/it\/zeiss-gelingt-record-revenue-and-profit\/#breadcrumb\",\"itemListElement\":[{\"@type\":\"ListItem\",\"position\":1,\"name\":\"Unkategorisiert\",\"item\":\"https:\/\/www.m-q.ch\/it\/categoria\/senza-categoria\/\"},{\"@type\":\"ListItem\",\"position\":2,\"name\":\"ZEISS gelingt Rekordumsatz und -ergebnis\"}]},{\"@type\":\"WebSite\",\"@id\":\"https:\/\/www.m-q.ch\/fr\/#website\",\"url\":\"https:\/\/www.m-q.ch\/fr\/\",\"name\":\"MQ Management und Qualit\u00e4t\",\"description\":\"Plattform f\u00fcr integrierte Managementsysteme.\",\"publisher\":{\"@id\":\"https:\/\/www.m-q.ch\/fr\/#organization\"},\"potentialAction\":[{\"@type\":\"SearchAction\",\"target\":{\"@type\":\"EntryPoint\",\"urlTemplate\":\"https:\/\/www.m-q.ch\/fr\/?s={search_term_string}\"},\"query-input\":{\"@type\":\"PropertyValueSpecification\",\"valueRequired\":true,\"valueName\":\"search_term_string\"}}],\"inLanguage\":\"fr-FR\"},{\"@type\":\"Organization\",\"@id\":\"https:\/\/www.m-q.ch\/fr\/#organization\",\"name\":\"Galledia Fachmedien AG\",\"url\":\"https:\/\/www.m-q.ch\/fr\/\",\"logo\":{\"@type\":\"ImageObject\",\"inLanguage\":\"fr-FR\",\"@id\":\"https:\/\/www.m-q.ch\/fr\/#\/schema\/logo\/image\/\",\"url\":\"https:\/\/www.m-q.ch\/wp-content\/uploads\/2020\/12\/cropped-logo_small.png\",\"contentUrl\":\"https:\/\/www.m-q.ch\/wp-content\/uploads\/2020\/12\/cropped-logo_small.png\",\"width\":512,\"height\":512,\"caption\":\"Galledia Fachmedien AG\"},\"image\":{\"@id\":\"https:\/\/www.m-q.ch\/fr\/#\/schema\/logo\/image\/\"},\"sameAs\":[\"https:\/\/www.facebook.com\/ManagementUndQualitaet\",\"https:\/\/www.linkedin.com\/showcase\/17982321\/admin\/\"]},{\"@type\":\"Person\",\"@id\":\"https:\/\/www.m-q.ch\/fr\/#\/schema\/person\/c0139a2c55a374db6df2cde78ec87148\",\"name\":\"galledia\",\"image\":{\"@type\":\"ImageObject\",\"inLanguage\":\"fr-FR\",\"@id\":\"https:\/\/www.m-q.ch\/fr\/#\/schema\/person\/image\/\",\"url\":\"https:\/\/secure.gravatar.com\/avatar\/66edf527eac29e9a5eb25bcada01f61a?s=96&d=mm&r=g\",\"contentUrl\":\"https:\/\/secure.gravatar.com\/avatar\/66edf527eac29e9a5eb25bcada01f61a?s=96&d=mm&r=g\",\"caption\":\"galledia\"},\"url\":\"https:\/\/www.m-q.ch\/fr\/author\/galledia\/\"}]}<\/script>\n<!-- \/ Yoast SEO plugin. -->","yoast_head_json":{"title":"ZEISS r\u00e9alise un chiffre d'affaires et des b\u00e9n\u00e9fices records - MQ Management und Qualit\u00e4t","description":"Le groupe ZEISS a augment\u00e9 ses recettes et ses b\u00e9n\u00e9fices pour atteindre des niveaux records au cours de l'exercice 2015\/16 (date de cl\u00f4ture : 30 septembre 2016).","robots":{"index":"index","follow":"follow","max-snippet":"max-snippet:-1","max-image-preview":"max-image-preview:large","max-video-preview":"max-video-preview:-1"},"canonical":"https:\/\/www.m-q.ch\/fr\/zeiss-gelingt-record-revenue-and-profit\/","og_locale":"fr_FR","og_type":"article","og_title":"ZEISS gelingt Rekordumsatz und -ergebnis - MQ Management und Qualit\u00e4t","og_description":"Die ZEISS Gruppe erh\u00f6ht im abgeschlossenen Gesch\u00e4ftsjahr 2015\/16 (Bilanzstichtag: 30. September 2016) Umsatz und Gewinn auf Rekordniveau.","og_url":"https:\/\/www.m-q.ch\/fr\/zeiss-gelingt-record-revenue-and-profit\/","og_site_name":"MQ Management und Qualit\u00e4t","article_publisher":"https:\/\/www.facebook.com\/ManagementUndQualitaet","article_published_time":"2016-12-19T15:48:10+00:00","article_modified_time":"2016-12-19T15:50:52+00:00","og_image":[{"width":622,"height":414,"url":"https:\/\/www.m-q.ch\/wp-content\/uploads\/2016\/12\/ZEISS-gelingt-Rekordumsatz-und-ergebnis-management-und-qualitaet.jpg","type":"image\/jpeg"}],"author":"galledia","twitter_card":"summary_large_image","twitter_misc":{"\u00c9crit par":"galledia","Dur\u00e9e de lecture estim\u00e9e":"3 minutes"},"schema":{"@context":"https:\/\/schema.org","@graph":[{"@type":"Article","@id":"https:\/\/www.m-q.ch\/it\/zeiss-gelingt-record-revenue-and-profit\/#article","isPartOf":{"@id":"https:\/\/www.m-q.ch\/it\/zeiss-gelingt-record-revenue-and-profit\/"},"author":{"name":"galledia","@id":"https:\/\/www.m-q.ch\/fr\/#\/schema\/person\/c0139a2c55a374db6df2cde78ec87148"},"headline":"ZEISS gelingt Rekordumsatz und -ergebnis","datePublished":"2016-12-19T15:48:10+00:00","dateModified":"2016-12-19T15:50:52+00:00","mainEntityOfPage":{"@id":"https:\/\/www.m-q.ch\/it\/zeiss-gelingt-record-revenue-and-profit\/"},"wordCount":573,"commentCount":0,"publisher":{"@id":"https:\/\/www.m-q.ch\/fr\/#organization"},"image":{"@id":"https:\/\/www.m-q.ch\/it\/zeiss-gelingt-record-revenue-and-profit\/#primaryimage"},"thumbnailUrl":"https:\/\/www.m-q.ch\/wp-content\/uploads\/2016\/12\/ZEISS-gelingt-Rekordumsatz-und-ergebnis-management-und-qualitaet.jpg","keywords":["Carl Zeiss AG","Rekordumsatz","ZEISS Gruppe"],"articleSection":["Unkategorisiert"],"inLanguage":"fr-FR"},{"@type":"WebPage","@id":"https:\/\/www.m-q.ch\/it\/zeiss-gelingt-record-revenue-and-profit\/","url":"https:\/\/www.m-q.ch\/it\/zeiss-gelingt-record-revenue-and-profit\/","name":"ZEISS r\u00e9alise un chiffre d'affaires et des b\u00e9n\u00e9fices records - MQ Management und Qualit\u00e4t","isPartOf":{"@id":"https:\/\/www.m-q.ch\/fr\/#website"},"primaryImageOfPage":{"@id":"https:\/\/www.m-q.ch\/it\/zeiss-gelingt-record-revenue-and-profit\/#primaryimage"},"image":{"@id":"https:\/\/www.m-q.ch\/it\/zeiss-gelingt-record-revenue-and-profit\/#primaryimage"},"thumbnailUrl":"https:\/\/www.m-q.ch\/wp-content\/uploads\/2016\/12\/ZEISS-gelingt-Rekordumsatz-und-ergebnis-management-und-qualitaet.jpg","datePublished":"2016-12-19T15:48:10+00:00","dateModified":"2016-12-19T15:50:52+00:00","description":"Le groupe ZEISS a augment\u00e9 ses recettes et ses b\u00e9n\u00e9fices pour atteindre des niveaux records au cours de l'exercice 2015\/16 (date de cl\u00f4ture : 30 septembre 2016).","breadcrumb":{"@id":"https:\/\/www.m-q.ch\/it\/zeiss-gelingt-record-revenue-and-profit\/#breadcrumb"},"inLanguage":"fr-FR","potentialAction":[{"@type":"ReadAction","target":["https:\/\/www.m-q.ch\/it\/zeiss-gelingt-record-revenue-and-profit\/"]}]},{"@type":"ImageObject","inLanguage":"fr-FR","@id":"https:\/\/www.m-q.ch\/it\/zeiss-gelingt-record-revenue-and-profit\/#primaryimage","url":"https:\/\/www.m-q.ch\/wp-content\/uploads\/2016\/12\/ZEISS-gelingt-Rekordumsatz-und-ergebnis-management-und-qualitaet.jpg","contentUrl":"https:\/\/www.m-q.ch\/wp-content\/uploads\/2016\/12\/ZEISS-gelingt-Rekordumsatz-und-ergebnis-management-und-qualitaet.jpg","width":622,"height":414,"caption":"Jena war schon im 19. Jahrhundert pr\u00e4gend in der Glass- und Mikroskopie-Fertigung. Copyright: Carl_Zeiss_Microscopy_ASSAYbuilder"},{"@type":"BreadcrumbList","@id":"https:\/\/www.m-q.ch\/it\/zeiss-gelingt-record-revenue-and-profit\/#breadcrumb","itemListElement":[{"@type":"ListItem","position":1,"name":"Unkategorisiert","item":"https:\/\/www.m-q.ch\/it\/categoria\/senza-categoria\/"},{"@type":"ListItem","position":2,"name":"ZEISS gelingt Rekordumsatz und -ergebnis"}]},{"@type":"WebSite","@id":"https:\/\/www.m-q.ch\/fr\/#website","url":"https:\/\/www.m-q.ch\/fr\/","name":"Gestion et qualit\u00e9 du QM","description":"Plate-forme pour les syst\u00e8mes de gestion int\u00e9gr\u00e9e.","publisher":{"@id":"https:\/\/www.m-q.ch\/fr\/#organization"},"potentialAction":[{"@type":"SearchAction","target":{"@type":"EntryPoint","urlTemplate":"https:\/\/www.m-q.ch\/fr\/?s={search_term_string}"},"query-input":{"@type":"PropertyValueSpecification","valueRequired":true,"valueName":"search_term_string"}}],"inLanguage":"fr-FR"},{"@type":"Organization","@id":"https:\/\/www.m-q.ch\/fr\/#organization","name":"Galledia Trade Media AG","url":"https:\/\/www.m-q.ch\/fr\/","logo":{"@type":"ImageObject","inLanguage":"fr-FR","@id":"https:\/\/www.m-q.ch\/fr\/#\/schema\/logo\/image\/","url":"https:\/\/www.m-q.ch\/wp-content\/uploads\/2020\/12\/cropped-logo_small.png","contentUrl":"https:\/\/www.m-q.ch\/wp-content\/uploads\/2020\/12\/cropped-logo_small.png","width":512,"height":512,"caption":"Galledia Fachmedien AG"},"image":{"@id":"https:\/\/www.m-q.ch\/fr\/#\/schema\/logo\/image\/"},"sameAs":["https:\/\/www.facebook.com\/ManagementUndQualitaet","https:\/\/www.linkedin.com\/showcase\/17982321\/admin\/"]},{"@type":"Person","@id":"https:\/\/www.m-q.ch\/fr\/#\/schema\/person\/c0139a2c55a374db6df2cde78ec87148","name":"galledia","image":{"@type":"ImageObject","inLanguage":"fr-FR","@id":"https:\/\/www.m-q.ch\/fr\/#\/schema\/person\/image\/","url":"https:\/\/secure.gravatar.com\/avatar\/66edf527eac29e9a5eb25bcada01f61a?s=96&d=mm&r=g","contentUrl":"https:\/\/secure.gravatar.com\/avatar\/66edf527eac29e9a5eb25bcada01f61a?s=96&d=mm&r=g","caption":"galledia"},"url":"https:\/\/www.m-q.ch\/fr\/author\/galledia\/"}]}},"_links":{"self":[{"href":"https:\/\/www.m-q.ch\/fr\/wp-json\/wp\/v2\/posts\/713","targetHints":{"allow":["GET"]}}],"collection":[{"href":"https:\/\/www.m-q.ch\/fr\/wp-json\/wp\/v2\/posts"}],"about":[{"href":"https:\/\/www.m-q.ch\/fr\/wp-json\/wp\/v2\/types\/post"}],"author":[{"embeddable":true,"href":"https:\/\/www.m-q.ch\/fr\/wp-json\/wp\/v2\/users\/1"}],"replies":[{"embeddable":true,"href":"https:\/\/www.m-q.ch\/fr\/wp-json\/wp\/v2\/comments?post=713"}],"version-history":[{"count":1,"href":"https:\/\/www.m-q.ch\/fr\/wp-json\/wp\/v2\/posts\/713\/revisions"}],"predecessor-version":[{"id":715,"href":"https:\/\/www.m-q.ch\/fr\/wp-json\/wp\/v2\/posts\/713\/revisions\/715"}],"wp:featuredmedia":[{"embeddable":true,"href":"https:\/\/www.m-q.ch\/fr\/wp-json\/wp\/v2\/media\/714"}],"wp:attachment":[{"href":"https:\/\/www.m-q.ch\/fr\/wp-json\/wp\/v2\/media?parent=713"}],"wp:term":[{"taxonomy":"category","embeddable":true,"href":"https:\/\/www.m-q.ch\/fr\/wp-json\/wp\/v2\/categories?post=713"},{"taxonomy":"post_tag","embeddable":true,"href":"https:\/\/www.m-q.ch\/fr\/wp-json\/wp\/v2\/tags?post=713"}],"curies":[{"name":"wp","href":"https:\/\/api.w.org\/{rel}","templated":true}]}}