{"id":8058,"date":"2020-11-23T06:42:31","date_gmt":"2020-11-23T05:42:31","guid":{"rendered":"https:\/\/www.m-q.ch\/?p=4333"},"modified":"2021-02-02T14:24:03","modified_gmt":"2021-02-02T13:24:03","slug":"le-swiss-technology-award-est-decerne-a-heiq","status":"publish","type":"post","link":"https:\/\/www.m-q.ch\/fr\/swiss-technology-award-geht-an-heiq\/","title":{"rendered":"Le Prix suisse de la technologie est d\u00e9cern\u00e9 \u00e0 HeiQ"},"content":{"rendered":"<figure id=\"attachment_8260\" aria-describedby=\"caption-attachment-8260\" style=\"width: 656px\" class=\"wp-caption alignnone\"><img loading=\"lazy\" decoding=\"async\" class=\"size-full wp-image-8260\" src=\"https:\/\/www.m-q.ch\/wp-content\/uploads\/2020\/11\/Award_MQ_Management-u-Qualjt\u00e4t.jpg\" alt=\"\" width=\"656\" height=\"400\" srcset=\"https:\/\/www.m-q.ch\/wp-content\/uploads\/2020\/11\/Award_MQ_Management-u-Qualjta\u0308t.jpg 656w, https:\/\/www.m-q.ch\/wp-content\/uploads\/2020\/11\/Award_MQ_Management-u-Qualjta\u0308t-16x10.jpg 16w, https:\/\/www.m-q.ch\/wp-content\/uploads\/2020\/11\/Award_MQ_Management-u-Qualjta\u0308t-287x175.jpg 287w, https:\/\/www.m-q.ch\/wp-content\/uploads\/2020\/11\/Award_MQ_Management-u-Qualjta\u0308t-574x350.jpg 574w, https:\/\/www.m-q.ch\/wp-content\/uploads\/2020\/11\/Award_MQ_Management-u-Qualjta\u0308t-300x183.jpg 300w\" sizes=\"auto, (max-width: 656px) 100vw, 656px\" \/><figcaption id=\"caption-attachment-8260\" class=\"wp-caption-text\">Carlo Centonze, co-fondateur et PDG de HeiQ, lors de la c\u00e9r\u00e9monie de remise des prix. (Image : Forum \u00e9conomique suisse)<\/figcaption><\/figure>\n<p class=\"bodytext\">Les trois laur\u00e9ats du Prix suisse de la technologie ont \u00e9t\u00e9 annonc\u00e9s. Le laur\u00e9at de cette ann\u00e9e dans la cat\u00e9gorie des leaders de l'innovation est l'entreprise HeiQ Materials, bas\u00e9e \u00e0 Schlieren. Cette spin-off de l'\u00c9cole polytechnique f\u00e9d\u00e9rale de Zurich (ETH) est sp\u00e9cialis\u00e9e dans les technologies pour le textile. Par exemple, elle a d\u00e9velopp\u00e9 une technologie qui prot\u00e8ge les textiles contre le virus du SRAS-CoV-2 responsable de la COVID-19.<\/p>\n<p class=\"bodytext\">HeiQ travaille avec un certain nombre d'entreprises partenaires pour traiter, par exemple, les masques faciaux ou les v\u00eatements de protection des m\u00e9decins avec la nouvelle protection contre les virus. Dans un\u00a0<a href=\"https:\/\/www.facebook.com\/HeiQMaterialsTextileInnovation\/\" target=\"_blank\" rel=\"noopener\">Communication<\/a>\u00a0sur Facebook, HeiQ souligne que l'entreprise a d\u00e9j\u00e0 remport\u00e9 le Swiss Technology Award en 2010. Gagner \u00e0 nouveau est un \"honneur et une reconnaissance extraordinaire\".<\/p>\n<p><strong>D'autres spin-offs de l'ETH gagnent\u00a0<\/strong><\/p>\n<p class=\"bodytext\">Dans la cat\u00e9gorie \"start-up\", le laur\u00e9at a \u00e9t\u00e9\u00a0<a href=\"https:\/\/www.hemotune.ch\/\" target=\"_blank\" rel=\"noopener\">Hemotune<\/a>\u00a0une spin-off de l'ETH a \u00e9galement \u00e9t\u00e9 choisie comme laur\u00e9ate. L'entreprise d\u00e9veloppe un dispositif m\u00e9dical pour la purification du sang qui combine les derni\u00e8res d\u00e9couvertes scientifiques de la biom\u00e9decine et de la nanotechnologie. Selon l'entreprise, l'appareil est beaucoup plus pr\u00e9cis et efficace que les m\u00e9thodes pr\u00e9c\u00e9dentes. Il sera principalement utilis\u00e9 pour traiter les empoisonnements du sang. Ce n'est qu'en ao\u00fbt qu'Hemotune a pu obtenir des capitaux frais d'un montant de 5,1 millions de francs suisses dans le cadre d'un tour de financement.<\/p>\n<p class=\"bodytext\">Dans la cat\u00e9gorie Inventeurs\u00a0<a href=\"https:\/\/bloombiorenewables.com\/\" target=\"_blank\" rel=\"noopener\">Bloom Biorenewables<\/a>\u00a0une spin-off de l'\u00c9cole polytechnique f\u00e9d\u00e9rale de Lausanne (<a href=\"https:\/\/www.epfl.ch\/en\/\" target=\"_blank\" rel=\"noopener\">EPFL<\/a>). Bloom travaille sur une technologie qui permet d'utiliser la biomasse comme alternative aux produits p\u00e9troliers dans les processus de fabrication chimique.<\/p>\n<p><a href=\"https:\/\/heiq.com\/?no_popup=1\">heiq.com<\/a><\/p>","protected":false},"excerpt":{"rendered":"<p>Die drei Gewinner des Swiss Technology Award stehen fest.\u00a0In der Kategorie Innovation Leaders hat in diesem Jahr die in Schlieren ans\u00e4ssige Firma\u00a0HeiQ Materials\u00a0gewonnen. Die Ausgliederung aus der Eidgen\u00f6ssischen Technischen Hochschule Z\u00fcrich (ETH) ist auf Technologien f\u00fcr Textilien spezialisiert. Sie hat beispielsweise eine Technologie entwickelt, durch welche Textilien gegen das f\u00fcr COVID-19 verantwortliche Virus SARS-CoV-2 gesch\u00fctzt [&hellip;]<\/p>\n","protected":false},"author":35,"featured_media":8260,"comment_status":"closed","ping_status":"closed","sticky":false,"template":"","format":"standard","meta":{"_acf_changed":false,"footnotes":""},"categories":[5],"tags":[4562,3490,4563],"class_list":["post-8058","post","type-post","status-publish","format-standard","has-post-thumbnail","hentry","category-business_excellence","tag-innovation-leaders","tag-schweiz","tag-technology-award"],"acf":[],"yoast_head":"<!-- This site is optimized with the Yoast SEO plugin v26.2 - https:\/\/yoast.com\/wordpress\/plugins\/seo\/ -->\n<title>Swiss Technology Award geht an HeiQ - MQ Management und Qualit\u00e4t<\/title>\n<meta name=\"description\" content=\"Die HeiQ Materials AG aus Schlieren, spezialisiert auf COVID-19-Textilien, hat in der Kategorie Innovation Leaders den Technology Award 2020 gewonnen.\" \/>\n<meta name=\"robots\" content=\"index, follow, max-snippet:-1, max-image-preview:large, max-video-preview:-1\" \/>\n<link rel=\"canonical\" href=\"https:\/\/www.m-q.ch\/fr\/le-swiss-technology-award-est-decerne-a-heiq\/\" \/>\n<meta property=\"og:locale\" content=\"fr_FR\" \/>\n<meta property=\"og:type\" content=\"article\" \/>\n<meta property=\"og:title\" content=\"Swiss Technology Award geht an HeiQ - MQ Management und Qualit\u00e4t\" \/>\n<meta property=\"og:description\" content=\"Die HeiQ Materials AG aus Schlieren, spezialisiert auf COVID-19-Textilien, hat in der Kategorie Innovation Leaders den Technology Award 2020 gewonnen.\" \/>\n<meta property=\"og:url\" content=\"https:\/\/www.m-q.ch\/fr\/le-swiss-technology-award-est-decerne-a-heiq\/\" \/>\n<meta property=\"og:site_name\" content=\"MQ Management und Qualit\u00e4t\" \/>\n<meta property=\"article:publisher\" content=\"https:\/\/www.facebook.com\/ManagementUndQualitaet\" \/>\n<meta property=\"article:published_time\" content=\"2020-11-23T05:42:31+00:00\" \/>\n<meta property=\"article:modified_time\" content=\"2021-02-02T13:24:03+00:00\" \/>\n<meta property=\"og:image\" content=\"https:\/\/www.m-q.ch\/wp-content\/uploads\/2020\/11\/Award_MQ_Management-u-Qualjta\u0308t.jpg\" \/>\n\t<meta property=\"og:image:width\" content=\"656\" \/>\n\t<meta property=\"og:image:height\" content=\"400\" \/>\n\t<meta property=\"og:image:type\" content=\"image\/jpeg\" \/>\n<meta name=\"author\" content=\"Roger Str\u00e4ssle\" \/>\n<meta name=\"twitter:card\" content=\"summary_large_image\" \/>\n<meta name=\"twitter:label1\" content=\"\u00c9crit par\" \/>\n\t<meta name=\"twitter:data1\" content=\"Roger Str\u00e4ssle\" \/>\n\t<meta name=\"twitter:label2\" content=\"Dur\u00e9e de lecture estim\u00e9e\" \/>\n\t<meta name=\"twitter:data2\" content=\"1 minute\" \/>\n<script type=\"application\/ld+json\" class=\"yoast-schema-graph\">{\"@context\":\"https:\/\/schema.org\",\"@graph\":[{\"@type\":\"Article\",\"@id\":\"https:\/\/www.m-q.ch\/swiss-technology-award-geht-an-heiq\/#article\",\"isPartOf\":{\"@id\":\"https:\/\/www.m-q.ch\/swiss-technology-award-geht-an-heiq\/\"},\"author\":{\"name\":\"Roger Str\u00e4ssle\",\"@id\":\"https:\/\/www.m-q.ch\/fr\/#\/schema\/person\/47d540e081acd98ccbeb69b55df653d7\"},\"headline\":\"Swiss Technology Award geht an HeiQ\",\"datePublished\":\"2020-11-23T05:42:31+00:00\",\"dateModified\":\"2021-02-02T13:24:03+00:00\",\"mainEntityOfPage\":{\"@id\":\"https:\/\/www.m-q.ch\/swiss-technology-award-geht-an-heiq\/\"},\"wordCount\":269,\"publisher\":{\"@id\":\"https:\/\/www.m-q.ch\/fr\/#organization\"},\"image\":{\"@id\":\"https:\/\/www.m-q.ch\/swiss-technology-award-geht-an-heiq\/#primaryimage\"},\"thumbnailUrl\":\"https:\/\/www.m-q.ch\/wp-content\/uploads\/2020\/11\/Award_MQ_Management-u-Qualjta\u0308t.jpg\",\"keywords\":[\"Innovation Leaders\",\"Schweiz\",\"Technology Award\"],\"articleSection\":[\"Business Excellence\"],\"inLanguage\":\"fr-FR\"},{\"@type\":\"WebPage\",\"@id\":\"https:\/\/www.m-q.ch\/swiss-technology-award-geht-an-heiq\/\",\"url\":\"https:\/\/www.m-q.ch\/swiss-technology-award-geht-an-heiq\/\",\"name\":\"Swiss Technology Award geht an HeiQ - MQ Management und Qualit\u00e4t\",\"isPartOf\":{\"@id\":\"https:\/\/www.m-q.ch\/fr\/#website\"},\"primaryImageOfPage\":{\"@id\":\"https:\/\/www.m-q.ch\/swiss-technology-award-geht-an-heiq\/#primaryimage\"},\"image\":{\"@id\":\"https:\/\/www.m-q.ch\/swiss-technology-award-geht-an-heiq\/#primaryimage\"},\"thumbnailUrl\":\"https:\/\/www.m-q.ch\/wp-content\/uploads\/2020\/11\/Award_MQ_Management-u-Qualjta\u0308t.jpg\",\"datePublished\":\"2020-11-23T05:42:31+00:00\",\"dateModified\":\"2021-02-02T13:24:03+00:00\",\"description\":\"Die HeiQ Materials AG aus Schlieren, spezialisiert auf COVID-19-Textilien, hat in der Kategorie Innovation Leaders den Technology Award 2020 gewonnen.\",\"breadcrumb\":{\"@id\":\"https:\/\/www.m-q.ch\/swiss-technology-award-geht-an-heiq\/#breadcrumb\"},\"inLanguage\":\"fr-FR\",\"potentialAction\":[{\"@type\":\"ReadAction\",\"target\":[\"https:\/\/www.m-q.ch\/swiss-technology-award-geht-an-heiq\/\"]}]},{\"@type\":\"ImageObject\",\"inLanguage\":\"fr-FR\",\"@id\":\"https:\/\/www.m-q.ch\/swiss-technology-award-geht-an-heiq\/#primaryimage\",\"url\":\"https:\/\/www.m-q.ch\/wp-content\/uploads\/2020\/11\/Award_MQ_Management-u-Qualjta\u0308t.jpg\",\"contentUrl\":\"https:\/\/www.m-q.ch\/wp-content\/uploads\/2020\/11\/Award_MQ_Management-u-Qualjta\u0308t.jpg\",\"width\":656,\"height\":400,\"caption\":\"Carlo Centonze, Mitgr\u00fcnder und CEO von HeiQ, bei der Preisverleihung. (Bild: Swiss Economic Forum)\"},{\"@type\":\"BreadcrumbList\",\"@id\":\"https:\/\/www.m-q.ch\/swiss-technology-award-geht-an-heiq\/#breadcrumb\",\"itemListElement\":[{\"@type\":\"ListItem\",\"position\":1,\"name\":\"Business Excellence\",\"item\":\"https:\/\/www.m-q.ch\/kategorie\/business_excellence\/\"},{\"@type\":\"ListItem\",\"position\":2,\"name\":\"Swiss Technology Award geht an HeiQ\"}]},{\"@type\":\"WebSite\",\"@id\":\"https:\/\/www.m-q.ch\/fr\/#website\",\"url\":\"https:\/\/www.m-q.ch\/fr\/\",\"name\":\"MQ Management und Qualit\u00e4t\",\"description\":\"Plattform f\u00fcr integrierte Managementsysteme.\",\"publisher\":{\"@id\":\"https:\/\/www.m-q.ch\/fr\/#organization\"},\"potentialAction\":[{\"@type\":\"SearchAction\",\"target\":{\"@type\":\"EntryPoint\",\"urlTemplate\":\"https:\/\/www.m-q.ch\/fr\/?s={search_term_string}\"},\"query-input\":{\"@type\":\"PropertyValueSpecification\",\"valueRequired\":true,\"valueName\":\"search_term_string\"}}],\"inLanguage\":\"fr-FR\"},{\"@type\":\"Organization\",\"@id\":\"https:\/\/www.m-q.ch\/fr\/#organization\",\"name\":\"Galledia Fachmedien AG\",\"url\":\"https:\/\/www.m-q.ch\/fr\/\",\"logo\":{\"@type\":\"ImageObject\",\"inLanguage\":\"fr-FR\",\"@id\":\"https:\/\/www.m-q.ch\/fr\/#\/schema\/logo\/image\/\",\"url\":\"https:\/\/www.m-q.ch\/wp-content\/uploads\/2020\/12\/cropped-logo_small.png\",\"contentUrl\":\"https:\/\/www.m-q.ch\/wp-content\/uploads\/2020\/12\/cropped-logo_small.png\",\"width\":512,\"height\":512,\"caption\":\"Galledia Fachmedien AG\"},\"image\":{\"@id\":\"https:\/\/www.m-q.ch\/fr\/#\/schema\/logo\/image\/\"},\"sameAs\":[\"https:\/\/www.facebook.com\/ManagementUndQualitaet\",\"https:\/\/www.linkedin.com\/showcase\/17982321\/admin\/\"]},{\"@type\":\"Person\",\"@id\":\"https:\/\/www.m-q.ch\/fr\/#\/schema\/person\/47d540e081acd98ccbeb69b55df653d7\",\"name\":\"Roger Str\u00e4ssle\",\"image\":{\"@type\":\"ImageObject\",\"inLanguage\":\"fr-FR\",\"@id\":\"https:\/\/www.m-q.ch\/fr\/#\/schema\/person\/image\/\",\"url\":\"https:\/\/secure.gravatar.com\/avatar\/e4dde3046d8a184d2e2d27651a418883?s=96&d=mm&r=g\",\"contentUrl\":\"https:\/\/secure.gravatar.com\/avatar\/e4dde3046d8a184d2e2d27651a418883?s=96&d=mm&r=g\",\"caption\":\"Roger Str\u00e4ssle\"},\"url\":\"https:\/\/www.m-q.ch\/fr\/author\/roger-straessle\/\"}]}<\/script>\n<!-- \/ Yoast SEO plugin. -->","yoast_head_json":{"title":"Le prix suisse de la technologie est d\u00e9cern\u00e9 \u00e0 HeiQ - MQ Management und Qualit\u00e4t","description":"La soci\u00e9t\u00e9 HeiQ Materials AG de Schlieren, sp\u00e9cialis\u00e9e dans les textiles COVID-19, a remport\u00e9 le Prix de la technologie 2020 dans la cat\u00e9gorie des leaders de l'innovation.","robots":{"index":"index","follow":"follow","max-snippet":"max-snippet:-1","max-image-preview":"max-image-preview:large","max-video-preview":"max-video-preview:-1"},"canonical":"https:\/\/www.m-q.ch\/fr\/le-swiss-technology-award-est-decerne-a-heiq\/","og_locale":"fr_FR","og_type":"article","og_title":"Swiss Technology Award geht an HeiQ - MQ Management und Qualit\u00e4t","og_description":"Die HeiQ Materials AG aus Schlieren, spezialisiert auf COVID-19-Textilien, hat in der Kategorie Innovation Leaders den Technology Award 2020 gewonnen.","og_url":"https:\/\/www.m-q.ch\/fr\/le-swiss-technology-award-est-decerne-a-heiq\/","og_site_name":"MQ Management und Qualit\u00e4t","article_publisher":"https:\/\/www.facebook.com\/ManagementUndQualitaet","article_published_time":"2020-11-23T05:42:31+00:00","article_modified_time":"2021-02-02T13:24:03+00:00","og_image":[{"width":656,"height":400,"url":"https:\/\/www.m-q.ch\/wp-content\/uploads\/2020\/11\/Award_MQ_Management-u-Qualjta\u0308t.jpg","type":"image\/jpeg"}],"author":"Roger Str\u00e4ssle","twitter_card":"summary_large_image","twitter_misc":{"\u00c9crit par":"Roger Str\u00e4ssle","Dur\u00e9e de lecture estim\u00e9e":"1 minute"},"schema":{"@context":"https:\/\/schema.org","@graph":[{"@type":"Article","@id":"https:\/\/www.m-q.ch\/swiss-technology-award-geht-an-heiq\/#article","isPartOf":{"@id":"https:\/\/www.m-q.ch\/swiss-technology-award-geht-an-heiq\/"},"author":{"name":"Roger Str\u00e4ssle","@id":"https:\/\/www.m-q.ch\/fr\/#\/schema\/person\/47d540e081acd98ccbeb69b55df653d7"},"headline":"Swiss Technology Award geht an HeiQ","datePublished":"2020-11-23T05:42:31+00:00","dateModified":"2021-02-02T13:24:03+00:00","mainEntityOfPage":{"@id":"https:\/\/www.m-q.ch\/swiss-technology-award-geht-an-heiq\/"},"wordCount":269,"publisher":{"@id":"https:\/\/www.m-q.ch\/fr\/#organization"},"image":{"@id":"https:\/\/www.m-q.ch\/swiss-technology-award-geht-an-heiq\/#primaryimage"},"thumbnailUrl":"https:\/\/www.m-q.ch\/wp-content\/uploads\/2020\/11\/Award_MQ_Management-u-Qualjta\u0308t.jpg","keywords":["Innovation Leaders","Schweiz","Technology Award"],"articleSection":["Business Excellence"],"inLanguage":"fr-FR"},{"@type":"WebPage","@id":"https:\/\/www.m-q.ch\/swiss-technology-award-geht-an-heiq\/","url":"https:\/\/www.m-q.ch\/swiss-technology-award-geht-an-heiq\/","name":"Le prix suisse de la technologie est d\u00e9cern\u00e9 \u00e0 HeiQ - MQ Management und Qualit\u00e4t","isPartOf":{"@id":"https:\/\/www.m-q.ch\/fr\/#website"},"primaryImageOfPage":{"@id":"https:\/\/www.m-q.ch\/swiss-technology-award-geht-an-heiq\/#primaryimage"},"image":{"@id":"https:\/\/www.m-q.ch\/swiss-technology-award-geht-an-heiq\/#primaryimage"},"thumbnailUrl":"https:\/\/www.m-q.ch\/wp-content\/uploads\/2020\/11\/Award_MQ_Management-u-Qualjta\u0308t.jpg","datePublished":"2020-11-23T05:42:31+00:00","dateModified":"2021-02-02T13:24:03+00:00","description":"La soci\u00e9t\u00e9 HeiQ Materials AG de Schlieren, sp\u00e9cialis\u00e9e dans les textiles COVID-19, a remport\u00e9 le Prix de la technologie 2020 dans la cat\u00e9gorie des leaders de l'innovation.","breadcrumb":{"@id":"https:\/\/www.m-q.ch\/swiss-technology-award-geht-an-heiq\/#breadcrumb"},"inLanguage":"fr-FR","potentialAction":[{"@type":"ReadAction","target":["https:\/\/www.m-q.ch\/swiss-technology-award-geht-an-heiq\/"]}]},{"@type":"ImageObject","inLanguage":"fr-FR","@id":"https:\/\/www.m-q.ch\/swiss-technology-award-geht-an-heiq\/#primaryimage","url":"https:\/\/www.m-q.ch\/wp-content\/uploads\/2020\/11\/Award_MQ_Management-u-Qualjta\u0308t.jpg","contentUrl":"https:\/\/www.m-q.ch\/wp-content\/uploads\/2020\/11\/Award_MQ_Management-u-Qualjta\u0308t.jpg","width":656,"height":400,"caption":"Carlo Centonze, Mitgr\u00fcnder und CEO von HeiQ, bei der Preisverleihung. (Bild: Swiss Economic Forum)"},{"@type":"BreadcrumbList","@id":"https:\/\/www.m-q.ch\/swiss-technology-award-geht-an-heiq\/#breadcrumb","itemListElement":[{"@type":"ListItem","position":1,"name":"Business Excellence","item":"https:\/\/www.m-q.ch\/kategorie\/business_excellence\/"},{"@type":"ListItem","position":2,"name":"Swiss Technology Award geht an HeiQ"}]},{"@type":"WebSite","@id":"https:\/\/www.m-q.ch\/fr\/#website","url":"https:\/\/www.m-q.ch\/fr\/","name":"Gestion et qualit\u00e9 du QM","description":"Plate-forme pour les syst\u00e8mes de gestion int\u00e9gr\u00e9e.","publisher":{"@id":"https:\/\/www.m-q.ch\/fr\/#organization"},"potentialAction":[{"@type":"SearchAction","target":{"@type":"EntryPoint","urlTemplate":"https:\/\/www.m-q.ch\/fr\/?s={search_term_string}"},"query-input":{"@type":"PropertyValueSpecification","valueRequired":true,"valueName":"search_term_string"}}],"inLanguage":"fr-FR"},{"@type":"Organization","@id":"https:\/\/www.m-q.ch\/fr\/#organization","name":"Galledia Trade Media AG","url":"https:\/\/www.m-q.ch\/fr\/","logo":{"@type":"ImageObject","inLanguage":"fr-FR","@id":"https:\/\/www.m-q.ch\/fr\/#\/schema\/logo\/image\/","url":"https:\/\/www.m-q.ch\/wp-content\/uploads\/2020\/12\/cropped-logo_small.png","contentUrl":"https:\/\/www.m-q.ch\/wp-content\/uploads\/2020\/12\/cropped-logo_small.png","width":512,"height":512,"caption":"Galledia Fachmedien AG"},"image":{"@id":"https:\/\/www.m-q.ch\/fr\/#\/schema\/logo\/image\/"},"sameAs":["https:\/\/www.facebook.com\/ManagementUndQualitaet","https:\/\/www.linkedin.com\/showcase\/17982321\/admin\/"]},{"@type":"Person","@id":"https:\/\/www.m-q.ch\/fr\/#\/schema\/person\/47d540e081acd98ccbeb69b55df653d7","name":"Roger Str\u00e4ssle","image":{"@type":"ImageObject","inLanguage":"fr-FR","@id":"https:\/\/www.m-q.ch\/fr\/#\/schema\/person\/image\/","url":"https:\/\/secure.gravatar.com\/avatar\/e4dde3046d8a184d2e2d27651a418883?s=96&d=mm&r=g","contentUrl":"https:\/\/secure.gravatar.com\/avatar\/e4dde3046d8a184d2e2d27651a418883?s=96&d=mm&r=g","caption":"Roger Str\u00e4ssle"},"url":"https:\/\/www.m-q.ch\/fr\/author\/roger-straessle\/"}]}},"_links":{"self":[{"href":"https:\/\/www.m-q.ch\/fr\/wp-json\/wp\/v2\/posts\/8058","targetHints":{"allow":["GET"]}}],"collection":[{"href":"https:\/\/www.m-q.ch\/fr\/wp-json\/wp\/v2\/posts"}],"about":[{"href":"https:\/\/www.m-q.ch\/fr\/wp-json\/wp\/v2\/types\/post"}],"author":[{"embeddable":true,"href":"https:\/\/www.m-q.ch\/fr\/wp-json\/wp\/v2\/users\/35"}],"replies":[{"embeddable":true,"href":"https:\/\/www.m-q.ch\/fr\/wp-json\/wp\/v2\/comments?post=8058"}],"version-history":[{"count":2,"href":"https:\/\/www.m-q.ch\/fr\/wp-json\/wp\/v2\/posts\/8058\/revisions"}],"predecessor-version":[{"id":8261,"href":"https:\/\/www.m-q.ch\/fr\/wp-json\/wp\/v2\/posts\/8058\/revisions\/8261"}],"wp:featuredmedia":[{"embeddable":true,"href":"https:\/\/www.m-q.ch\/fr\/wp-json\/wp\/v2\/media\/8260"}],"wp:attachment":[{"href":"https:\/\/www.m-q.ch\/fr\/wp-json\/wp\/v2\/media?parent=8058"}],"wp:term":[{"taxonomy":"category","embeddable":true,"href":"https:\/\/www.m-q.ch\/fr\/wp-json\/wp\/v2\/categories?post=8058"},{"taxonomy":"post_tag","embeddable":true,"href":"https:\/\/www.m-q.ch\/fr\/wp-json\/wp\/v2\/tags?post=8058"}],"curies":[{"name":"wp","href":"https:\/\/api.w.org\/{rel}","templated":true}]}}