{"id":8067,"date":"2020-12-10T06:11:11","date_gmt":"2020-12-10T05:11:11","guid":{"rendered":"https:\/\/www.m-q.ch\/?p=4375"},"modified":"2021-02-02T14:15:54","modified_gmt":"2021-02-02T13:15:54","slug":"finition-de-vetements-de-travail","status":"publish","type":"post","link":"https:\/\/www.m-q.ch\/fr\/veredlung-von-arbeitskleidung\/","title":{"rendered":"Finition des v\u00eatements de travail"},"content":{"rendered":"<figure id=\"attachment_8235\" aria-describedby=\"caption-attachment-8235\" style=\"width: 680px\" class=\"wp-caption alignnone\"><img loading=\"lazy\" decoding=\"async\" class=\"size-full wp-image-8235\" src=\"https:\/\/www.m-q.ch\/wp-content\/uploads\/2020\/12\/cws_logo_service-1-680x453-1.jpg\" alt=\"\" width=\"680\" height=\"453\" srcset=\"https:\/\/www.m-q.ch\/wp-content\/uploads\/2020\/12\/cws_logo_service-1-680x453-1.jpg 680w, https:\/\/www.m-q.ch\/wp-content\/uploads\/2020\/12\/cws_logo_service-1-680x453-1-16x12.jpg 16w, https:\/\/www.m-q.ch\/wp-content\/uploads\/2020\/12\/cws_logo_service-1-680x453-1-263x175.jpg 263w, https:\/\/www.m-q.ch\/wp-content\/uploads\/2020\/12\/cws_logo_service-1-680x453-1-525x350.jpg 525w, https:\/\/www.m-q.ch\/wp-content\/uploads\/2020\/12\/cws_logo_service-1-680x453-1-300x200.jpg 300w\" sizes=\"auto, (max-width: 680px) 100vw, 680px\" \/><figcaption id=\"caption-attachment-8235\" class=\"wp-caption-text\">\u00a9 CWS<\/figcaption><\/figure>\n<p style=\"background: white;\"><span style=\"font-family: 'Arial',sans-serif; color: black;\">La finition des v\u00eatements de travail signifie l'individualisation des v\u00eatements de travail pour votre propre entreprise. Les v\u00eatements sont de pr\u00e9f\u00e9rence choisis en fonction des couleurs de l'industrie ou de l'entreprise. Un logo suppl\u00e9mentaire permet de souligner l'identit\u00e9 de l'entreprise. De cette fa\u00e7on, les v\u00eatements de travail deviennent officiellement une partie de la propre marque de l'entreprise. Ceux qui ach\u00e8tent les v\u00eatements aupr\u00e8s d'un prestataire de services re\u00e7oivent leurs v\u00eatements d\u00e9j\u00e0 individualis\u00e9s pour l'entreprise et les employ\u00e9s et \u00e9conomisent sur leur propre organisation.<\/span><\/p>\n<p style=\"background: white;\"><span style=\"font-family: 'Arial',sans-serif; color: black;\">Toutefois, avant de d\u00e9cider d'apposer un logo et le nom d'un employ\u00e9 sur un v\u00eatement de travail, il faut tenir compte de plusieurs \u00e9l\u00e9ments, qu'il s'agisse de la taille, de la couleur ou de la forme, du mat\u00e9riau, de la position ou de la fermeture. En ce qui concerne les \u00e9quipements de protection individuelle (EPI), c'est-\u00e0-dire les v\u00eatements de protection, il existe m\u00eame des sp\u00e9cifications strictes pour les embl\u00e8mes des logos qui doivent \u00eatre strictement respect\u00e9s. Il est donc recommand\u00e9 de faire appel aux conseils d'un professionnel du textile, comme le souligne CWS, qui conseille ses clients sur la taille et les sp\u00e9cifications des logos et marques de fabrique sur les v\u00eatements de travail gr\u00e2ce \u00e0 son service de logos. <\/span><\/p>\n<p style=\"background: white;\"><i><span style=\"font-family: 'Arial',sans-serif; color: black;\">Source : <a href=\"http:\/\/www.cws.com\">CWS<\/a><\/span><\/i><\/p>","protected":false},"excerpt":{"rendered":"<p>Veredlung von Arbeitskleidung bedeutet Individualisierung der Berufskleidung f\u00fcr das eigene Unternehmen. Die Kleidung wird bevorzugt nach Branche oder Unternehmensfarben ausgew\u00e4hlt. Ein zus\u00e4tzliches Logo unterst\u00fctzt, die Corporate Identity hervorzuheben. So wird die Arbeitskleidung offiziell Teil der eigenen Unternehmensmarke. Wer die Kleidung von einem Serviceanbieter bezieht, erh\u00e4lt seine Kleidung bereits individualisiert f\u00fcr Unternehmen und Mitarbeiter und spart [&hellip;]<\/p>\n","protected":false},"author":35,"featured_media":8235,"comment_status":"closed","ping_status":"closed","sticky":false,"template":"","format":"standard","meta":{"_acf_changed":false,"footnotes":""},"categories":[2],"tags":[4579,4580],"class_list":["post-8067","post","type-post","status-publish","format-standard","has-post-thumbnail","hentry","category-produktenews","tag-arbeitskleidung","tag-berufskleidung"],"acf":[],"yoast_head":"<!-- This site is optimized with the Yoast SEO plugin v26.2 - https:\/\/yoast.com\/wordpress\/plugins\/seo\/ -->\n<title>Veredlung von Arbeitskleidung - MQ Management und Qualit\u00e4t<\/title>\n<meta name=\"description\" content=\"Wer das Unternehmenslogo und seinen Mitarbeiternamen auf der Arbeitskleidung tr\u00e4gt, hinterl\u00e4sst einen professionellen Eindruck.\" \/>\n<meta name=\"robots\" content=\"index, follow, max-snippet:-1, max-image-preview:large, max-video-preview:-1\" \/>\n<link rel=\"canonical\" href=\"https:\/\/www.m-q.ch\/fr\/finition-de-vetements-de-travail\/\" \/>\n<meta property=\"og:locale\" content=\"fr_FR\" \/>\n<meta property=\"og:type\" content=\"article\" \/>\n<meta property=\"og:title\" content=\"Veredlung von Arbeitskleidung - MQ Management und Qualit\u00e4t\" \/>\n<meta property=\"og:description\" content=\"Wer das Unternehmenslogo und seinen Mitarbeiternamen auf der Arbeitskleidung tr\u00e4gt, hinterl\u00e4sst einen professionellen Eindruck.\" \/>\n<meta property=\"og:url\" content=\"https:\/\/www.m-q.ch\/fr\/finition-de-vetements-de-travail\/\" \/>\n<meta property=\"og:site_name\" content=\"MQ Management und Qualit\u00e4t\" \/>\n<meta property=\"article:publisher\" content=\"https:\/\/www.facebook.com\/ManagementUndQualitaet\" \/>\n<meta property=\"article:published_time\" content=\"2020-12-10T05:11:11+00:00\" \/>\n<meta property=\"article:modified_time\" content=\"2021-02-02T13:15:54+00:00\" \/>\n<meta property=\"og:image\" content=\"https:\/\/www.m-q.ch\/wp-content\/uploads\/2020\/12\/cws_logo_service-1-680x453-1.jpg\" \/>\n\t<meta property=\"og:image:width\" content=\"680\" \/>\n\t<meta property=\"og:image:height\" content=\"453\" \/>\n\t<meta property=\"og:image:type\" content=\"image\/jpeg\" \/>\n<meta name=\"author\" content=\"Roger Str\u00e4ssle\" \/>\n<meta name=\"twitter:card\" content=\"summary_large_image\" \/>\n<meta name=\"twitter:label1\" content=\"\u00c9crit par\" \/>\n\t<meta name=\"twitter:data1\" content=\"Roger Str\u00e4ssle\" \/>\n\t<meta name=\"twitter:label2\" content=\"Dur\u00e9e de lecture estim\u00e9e\" \/>\n\t<meta name=\"twitter:data2\" content=\"1 minute\" \/>\n<script type=\"application\/ld+json\" class=\"yoast-schema-graph\">{\"@context\":\"https:\/\/schema.org\",\"@graph\":[{\"@type\":\"Article\",\"@id\":\"https:\/\/www.m-q.ch\/veredlung-von-arbeitskleidung\/#article\",\"isPartOf\":{\"@id\":\"https:\/\/www.m-q.ch\/veredlung-von-arbeitskleidung\/\"},\"author\":{\"name\":\"Roger Str\u00e4ssle\",\"@id\":\"https:\/\/www.m-q.ch\/fr\/#\/schema\/person\/47d540e081acd98ccbeb69b55df653d7\"},\"headline\":\"Veredlung von Arbeitskleidung\",\"datePublished\":\"2020-12-10T05:11:11+00:00\",\"dateModified\":\"2021-02-02T13:15:54+00:00\",\"mainEntityOfPage\":{\"@id\":\"https:\/\/www.m-q.ch\/veredlung-von-arbeitskleidung\/\"},\"wordCount\":166,\"publisher\":{\"@id\":\"https:\/\/www.m-q.ch\/fr\/#organization\"},\"image\":{\"@id\":\"https:\/\/www.m-q.ch\/veredlung-von-arbeitskleidung\/#primaryimage\"},\"thumbnailUrl\":\"https:\/\/www.m-q.ch\/wp-content\/uploads\/2020\/12\/cws_logo_service-1-680x453-1.jpg\",\"keywords\":[\"Arbeitskleidung\",\"Berufskleidung\"],\"articleSection\":[\"Produktenews\"],\"inLanguage\":\"fr-FR\"},{\"@type\":\"WebPage\",\"@id\":\"https:\/\/www.m-q.ch\/veredlung-von-arbeitskleidung\/\",\"url\":\"https:\/\/www.m-q.ch\/veredlung-von-arbeitskleidung\/\",\"name\":\"Veredlung von Arbeitskleidung - MQ Management und Qualit\u00e4t\",\"isPartOf\":{\"@id\":\"https:\/\/www.m-q.ch\/fr\/#website\"},\"primaryImageOfPage\":{\"@id\":\"https:\/\/www.m-q.ch\/veredlung-von-arbeitskleidung\/#primaryimage\"},\"image\":{\"@id\":\"https:\/\/www.m-q.ch\/veredlung-von-arbeitskleidung\/#primaryimage\"},\"thumbnailUrl\":\"https:\/\/www.m-q.ch\/wp-content\/uploads\/2020\/12\/cws_logo_service-1-680x453-1.jpg\",\"datePublished\":\"2020-12-10T05:11:11+00:00\",\"dateModified\":\"2021-02-02T13:15:54+00:00\",\"description\":\"Wer das Unternehmenslogo und seinen Mitarbeiternamen auf der Arbeitskleidung tr\u00e4gt, hinterl\u00e4sst einen professionellen Eindruck.\",\"breadcrumb\":{\"@id\":\"https:\/\/www.m-q.ch\/veredlung-von-arbeitskleidung\/#breadcrumb\"},\"inLanguage\":\"fr-FR\",\"potentialAction\":[{\"@type\":\"ReadAction\",\"target\":[\"https:\/\/www.m-q.ch\/veredlung-von-arbeitskleidung\/\"]}]},{\"@type\":\"ImageObject\",\"inLanguage\":\"fr-FR\",\"@id\":\"https:\/\/www.m-q.ch\/veredlung-von-arbeitskleidung\/#primaryimage\",\"url\":\"https:\/\/www.m-q.ch\/wp-content\/uploads\/2020\/12\/cws_logo_service-1-680x453-1.jpg\",\"contentUrl\":\"https:\/\/www.m-q.ch\/wp-content\/uploads\/2020\/12\/cws_logo_service-1-680x453-1.jpg\",\"width\":680,\"height\":453,\"caption\":\"\u00a9 CWS\"},{\"@type\":\"BreadcrumbList\",\"@id\":\"https:\/\/www.m-q.ch\/veredlung-von-arbeitskleidung\/#breadcrumb\",\"itemListElement\":[{\"@type\":\"ListItem\",\"position\":1,\"name\":\"Produktenews\",\"item\":\"https:\/\/www.m-q.ch\/kategorie\/produktenews\/\"},{\"@type\":\"ListItem\",\"position\":2,\"name\":\"Veredlung von Arbeitskleidung\"}]},{\"@type\":\"WebSite\",\"@id\":\"https:\/\/www.m-q.ch\/fr\/#website\",\"url\":\"https:\/\/www.m-q.ch\/fr\/\",\"name\":\"MQ Management und Qualit\u00e4t\",\"description\":\"Plattform f\u00fcr integrierte Managementsysteme.\",\"publisher\":{\"@id\":\"https:\/\/www.m-q.ch\/fr\/#organization\"},\"potentialAction\":[{\"@type\":\"SearchAction\",\"target\":{\"@type\":\"EntryPoint\",\"urlTemplate\":\"https:\/\/www.m-q.ch\/fr\/?s={search_term_string}\"},\"query-input\":{\"@type\":\"PropertyValueSpecification\",\"valueRequired\":true,\"valueName\":\"search_term_string\"}}],\"inLanguage\":\"fr-FR\"},{\"@type\":\"Organization\",\"@id\":\"https:\/\/www.m-q.ch\/fr\/#organization\",\"name\":\"Galledia Fachmedien AG\",\"url\":\"https:\/\/www.m-q.ch\/fr\/\",\"logo\":{\"@type\":\"ImageObject\",\"inLanguage\":\"fr-FR\",\"@id\":\"https:\/\/www.m-q.ch\/fr\/#\/schema\/logo\/image\/\",\"url\":\"https:\/\/www.m-q.ch\/wp-content\/uploads\/2020\/12\/cropped-logo_small.png\",\"contentUrl\":\"https:\/\/www.m-q.ch\/wp-content\/uploads\/2020\/12\/cropped-logo_small.png\",\"width\":512,\"height\":512,\"caption\":\"Galledia Fachmedien AG\"},\"image\":{\"@id\":\"https:\/\/www.m-q.ch\/fr\/#\/schema\/logo\/image\/\"},\"sameAs\":[\"https:\/\/www.facebook.com\/ManagementUndQualitaet\",\"https:\/\/www.linkedin.com\/showcase\/17982321\/admin\/\"]},{\"@type\":\"Person\",\"@id\":\"https:\/\/www.m-q.ch\/fr\/#\/schema\/person\/47d540e081acd98ccbeb69b55df653d7\",\"name\":\"Roger Str\u00e4ssle\",\"image\":{\"@type\":\"ImageObject\",\"inLanguage\":\"fr-FR\",\"@id\":\"https:\/\/www.m-q.ch\/fr\/#\/schema\/person\/image\/\",\"url\":\"https:\/\/secure.gravatar.com\/avatar\/e4dde3046d8a184d2e2d27651a418883?s=96&d=mm&r=g\",\"contentUrl\":\"https:\/\/secure.gravatar.com\/avatar\/e4dde3046d8a184d2e2d27651a418883?s=96&d=mm&r=g\",\"caption\":\"Roger Str\u00e4ssle\"},\"url\":\"https:\/\/www.m-q.ch\/fr\/author\/roger-straessle\/\"}]}<\/script>\n<!-- \/ Yoast SEO plugin. -->","yoast_head_json":{"title":"Finition des v\u00eatements de travail - MQ Management und Qualit\u00e4t","description":"Si vous portez le logo de votre entreprise et le nom de votre employ\u00e9 sur vos v\u00eatements de travail, vous faites une impression professionnelle.","robots":{"index":"index","follow":"follow","max-snippet":"max-snippet:-1","max-image-preview":"max-image-preview:large","max-video-preview":"max-video-preview:-1"},"canonical":"https:\/\/www.m-q.ch\/fr\/finition-de-vetements-de-travail\/","og_locale":"fr_FR","og_type":"article","og_title":"Veredlung von Arbeitskleidung - MQ Management und Qualit\u00e4t","og_description":"Wer das Unternehmenslogo und seinen Mitarbeiternamen auf der Arbeitskleidung tr\u00e4gt, hinterl\u00e4sst einen professionellen Eindruck.","og_url":"https:\/\/www.m-q.ch\/fr\/finition-de-vetements-de-travail\/","og_site_name":"MQ Management und Qualit\u00e4t","article_publisher":"https:\/\/www.facebook.com\/ManagementUndQualitaet","article_published_time":"2020-12-10T05:11:11+00:00","article_modified_time":"2021-02-02T13:15:54+00:00","og_image":[{"width":680,"height":453,"url":"https:\/\/www.m-q.ch\/wp-content\/uploads\/2020\/12\/cws_logo_service-1-680x453-1.jpg","type":"image\/jpeg"}],"author":"Roger Str\u00e4ssle","twitter_card":"summary_large_image","twitter_misc":{"\u00c9crit par":"Roger Str\u00e4ssle","Dur\u00e9e de lecture estim\u00e9e":"1 minute"},"schema":{"@context":"https:\/\/schema.org","@graph":[{"@type":"Article","@id":"https:\/\/www.m-q.ch\/veredlung-von-arbeitskleidung\/#article","isPartOf":{"@id":"https:\/\/www.m-q.ch\/veredlung-von-arbeitskleidung\/"},"author":{"name":"Roger Str\u00e4ssle","@id":"https:\/\/www.m-q.ch\/fr\/#\/schema\/person\/47d540e081acd98ccbeb69b55df653d7"},"headline":"Veredlung von Arbeitskleidung","datePublished":"2020-12-10T05:11:11+00:00","dateModified":"2021-02-02T13:15:54+00:00","mainEntityOfPage":{"@id":"https:\/\/www.m-q.ch\/veredlung-von-arbeitskleidung\/"},"wordCount":166,"publisher":{"@id":"https:\/\/www.m-q.ch\/fr\/#organization"},"image":{"@id":"https:\/\/www.m-q.ch\/veredlung-von-arbeitskleidung\/#primaryimage"},"thumbnailUrl":"https:\/\/www.m-q.ch\/wp-content\/uploads\/2020\/12\/cws_logo_service-1-680x453-1.jpg","keywords":["Arbeitskleidung","Berufskleidung"],"articleSection":["Produktenews"],"inLanguage":"fr-FR"},{"@type":"WebPage","@id":"https:\/\/www.m-q.ch\/veredlung-von-arbeitskleidung\/","url":"https:\/\/www.m-q.ch\/veredlung-von-arbeitskleidung\/","name":"Finition des v\u00eatements de travail - MQ Management und Qualit\u00e4t","isPartOf":{"@id":"https:\/\/www.m-q.ch\/fr\/#website"},"primaryImageOfPage":{"@id":"https:\/\/www.m-q.ch\/veredlung-von-arbeitskleidung\/#primaryimage"},"image":{"@id":"https:\/\/www.m-q.ch\/veredlung-von-arbeitskleidung\/#primaryimage"},"thumbnailUrl":"https:\/\/www.m-q.ch\/wp-content\/uploads\/2020\/12\/cws_logo_service-1-680x453-1.jpg","datePublished":"2020-12-10T05:11:11+00:00","dateModified":"2021-02-02T13:15:54+00:00","description":"Si vous portez le logo de votre entreprise et le nom de votre employ\u00e9 sur vos v\u00eatements de travail, vous faites une impression professionnelle.","breadcrumb":{"@id":"https:\/\/www.m-q.ch\/veredlung-von-arbeitskleidung\/#breadcrumb"},"inLanguage":"fr-FR","potentialAction":[{"@type":"ReadAction","target":["https:\/\/www.m-q.ch\/veredlung-von-arbeitskleidung\/"]}]},{"@type":"ImageObject","inLanguage":"fr-FR","@id":"https:\/\/www.m-q.ch\/veredlung-von-arbeitskleidung\/#primaryimage","url":"https:\/\/www.m-q.ch\/wp-content\/uploads\/2020\/12\/cws_logo_service-1-680x453-1.jpg","contentUrl":"https:\/\/www.m-q.ch\/wp-content\/uploads\/2020\/12\/cws_logo_service-1-680x453-1.jpg","width":680,"height":453,"caption":"\u00a9 CWS"},{"@type":"BreadcrumbList","@id":"https:\/\/www.m-q.ch\/veredlung-von-arbeitskleidung\/#breadcrumb","itemListElement":[{"@type":"ListItem","position":1,"name":"Produktenews","item":"https:\/\/www.m-q.ch\/kategorie\/produktenews\/"},{"@type":"ListItem","position":2,"name":"Veredlung von Arbeitskleidung"}]},{"@type":"WebSite","@id":"https:\/\/www.m-q.ch\/fr\/#website","url":"https:\/\/www.m-q.ch\/fr\/","name":"Gestion et qualit\u00e9 du QM","description":"Plate-forme pour les syst\u00e8mes de gestion int\u00e9gr\u00e9e.","publisher":{"@id":"https:\/\/www.m-q.ch\/fr\/#organization"},"potentialAction":[{"@type":"SearchAction","target":{"@type":"EntryPoint","urlTemplate":"https:\/\/www.m-q.ch\/fr\/?s={search_term_string}"},"query-input":{"@type":"PropertyValueSpecification","valueRequired":true,"valueName":"search_term_string"}}],"inLanguage":"fr-FR"},{"@type":"Organization","@id":"https:\/\/www.m-q.ch\/fr\/#organization","name":"Galledia Trade Media AG","url":"https:\/\/www.m-q.ch\/fr\/","logo":{"@type":"ImageObject","inLanguage":"fr-FR","@id":"https:\/\/www.m-q.ch\/fr\/#\/schema\/logo\/image\/","url":"https:\/\/www.m-q.ch\/wp-content\/uploads\/2020\/12\/cropped-logo_small.png","contentUrl":"https:\/\/www.m-q.ch\/wp-content\/uploads\/2020\/12\/cropped-logo_small.png","width":512,"height":512,"caption":"Galledia Fachmedien AG"},"image":{"@id":"https:\/\/www.m-q.ch\/fr\/#\/schema\/logo\/image\/"},"sameAs":["https:\/\/www.facebook.com\/ManagementUndQualitaet","https:\/\/www.linkedin.com\/showcase\/17982321\/admin\/"]},{"@type":"Person","@id":"https:\/\/www.m-q.ch\/fr\/#\/schema\/person\/47d540e081acd98ccbeb69b55df653d7","name":"Roger Str\u00e4ssle","image":{"@type":"ImageObject","inLanguage":"fr-FR","@id":"https:\/\/www.m-q.ch\/fr\/#\/schema\/person\/image\/","url":"https:\/\/secure.gravatar.com\/avatar\/e4dde3046d8a184d2e2d27651a418883?s=96&d=mm&r=g","contentUrl":"https:\/\/secure.gravatar.com\/avatar\/e4dde3046d8a184d2e2d27651a418883?s=96&d=mm&r=g","caption":"Roger Str\u00e4ssle"},"url":"https:\/\/www.m-q.ch\/fr\/author\/roger-straessle\/"}]}},"_links":{"self":[{"href":"https:\/\/www.m-q.ch\/fr\/wp-json\/wp\/v2\/posts\/8067","targetHints":{"allow":["GET"]}}],"collection":[{"href":"https:\/\/www.m-q.ch\/fr\/wp-json\/wp\/v2\/posts"}],"about":[{"href":"https:\/\/www.m-q.ch\/fr\/wp-json\/wp\/v2\/types\/post"}],"author":[{"embeddable":true,"href":"https:\/\/www.m-q.ch\/fr\/wp-json\/wp\/v2\/users\/35"}],"replies":[{"embeddable":true,"href":"https:\/\/www.m-q.ch\/fr\/wp-json\/wp\/v2\/comments?post=8067"}],"version-history":[{"count":2,"href":"https:\/\/www.m-q.ch\/fr\/wp-json\/wp\/v2\/posts\/8067\/revisions"}],"predecessor-version":[{"id":8236,"href":"https:\/\/www.m-q.ch\/fr\/wp-json\/wp\/v2\/posts\/8067\/revisions\/8236"}],"wp:featuredmedia":[{"embeddable":true,"href":"https:\/\/www.m-q.ch\/fr\/wp-json\/wp\/v2\/media\/8235"}],"wp:attachment":[{"href":"https:\/\/www.m-q.ch\/fr\/wp-json\/wp\/v2\/media?parent=8067"}],"wp:term":[{"taxonomy":"category","embeddable":true,"href":"https:\/\/www.m-q.ch\/fr\/wp-json\/wp\/v2\/categories?post=8067"},{"taxonomy":"post_tag","embeddable":true,"href":"https:\/\/www.m-q.ch\/fr\/wp-json\/wp\/v2\/tags?post=8067"}],"curies":[{"name":"wp","href":"https:\/\/api.w.org\/{rel}","templated":true}]}}