{"id":8072,"date":"2020-12-22T06:00:57","date_gmt":"2020-12-22T05:00:57","guid":{"rendered":"https:\/\/www.m-q.ch\/?p=4402"},"modified":"2021-02-02T14:40:54","modified_gmt":"2021-02-02T13:40:54","slug":"la-marque-suisse-est-protegee-de-maniere-adequate","status":"publish","type":"post","link":"https:\/\/www.m-q.ch\/fr\/die-marke-schweiz-ist-angemessen-geschuetzt\/","title":{"rendered":"La marque \"Suisse\" est suffisamment prot\u00e9g\u00e9e, mais ..."},"content":{"rendered":"<figure id=\"attachment_8318\" aria-describedby=\"caption-attachment-8318\" style=\"width: 680px\" class=\"wp-caption alignnone\"><img loading=\"lazy\" decoding=\"async\" class=\"size-full wp-image-8318\" src=\"https:\/\/www.m-q.ch\/wp-content\/uploads\/2020\/12\/Depositphotos_24925727_s-2019-680x680-1.jpg\" alt=\"\" width=\"680\" height=\"680\" srcset=\"https:\/\/www.m-q.ch\/wp-content\/uploads\/2020\/12\/Depositphotos_24925727_s-2019-680x680-1.jpg 680w, https:\/\/www.m-q.ch\/wp-content\/uploads\/2020\/12\/Depositphotos_24925727_s-2019-680x680-1-12x12.jpg 12w, https:\/\/www.m-q.ch\/wp-content\/uploads\/2020\/12\/Depositphotos_24925727_s-2019-680x680-1-175x175.jpg 175w, https:\/\/www.m-q.ch\/wp-content\/uploads\/2020\/12\/Depositphotos_24925727_s-2019-680x680-1-350x350.jpg 350w, https:\/\/www.m-q.ch\/wp-content\/uploads\/2020\/12\/Depositphotos_24925727_s-2019-680x680-1-250x250.jpg 250w, https:\/\/www.m-q.ch\/wp-content\/uploads\/2020\/12\/Depositphotos_24925727_s-2019-680x680-1-150x150.jpg 150w, https:\/\/www.m-q.ch\/wp-content\/uploads\/2020\/12\/Depositphotos_24925727_s-2019-680x680-1-300x300.jpg 300w, https:\/\/www.m-q.ch\/wp-content\/uploads\/2020\/12\/Depositphotos_24925727_s-2019-680x680-1-100x100.jpg 100w\" sizes=\"auto, (max-width: 680px) 100vw, 680px\" \/><figcaption id=\"caption-attachment-8318\" class=\"wp-caption-text\">Photos du d\u00e9p\u00f4t, b\u0153uf<\/figcaption><\/figure>\n<p>Depuis le 1er janvier 2017, des r\u00e8gles juridiques s'appliquent aux produits et services dont les producteurs souhaitent faire la publicit\u00e9 avec une croix suisse ou un \"Swiss Made\", par exemple. Ces r\u00e8gles visent \u00e0 mieux prot\u00e9ger la marque \"Suisse\" contre les resquilleurs et \u00e0 garantir \u00e0 long terme un avantage concurrentiel important aux entreprises qui produisent en Suisse.<\/p>\n<p><strong>La l\u00e9gislation sur la suissitude rapporte plus d'un milliard de francs par an<\/strong><\/p>\n<p>Les \u00e9tudes r\u00e9alis\u00e9es par des instituts de conseil et de recherche \u00e9conomique ind\u00e9pendants montrent que, dans l'ensemble, la l\u00e9gislation sur la Swissness a un effet mod\u00e9r\u00e9ment positif sur l'\u00e9conomie suisse. L'avantage \u00e9conomique net global calcul\u00e9 de la r\u00e9vision, c'est-\u00e0-dire apr\u00e8s d\u00e9duction des nouveaux co\u00fbts encourus pour se conformer aux exigences l\u00e9gales, est d'au moins 0,2 point de pourcentage de la production \u00e9conomique annuelle (produit int\u00e9rieur brut). En termes absolus, cela correspond \u00e0 environ 1,4 milliard de francs suisses par an, soit 163 francs suisses par habitant. Ce chiffre comprend \u00e9galement les effets indirects, car outre les producteurs, d'autres acteurs \u00e9conomiques b\u00e9n\u00e9ficient de la nouvelle l\u00e9gislation et contribuent ainsi \u00e0 l'avantage \u00e9conomique susmentionn\u00e9, tels que les fournisseurs et les exportateurs.<\/p>\n<p><strong>N\u00e9cessit\u00e9 d'une action \u00e0 l'\u00e9tranger et dans le secteur alimentaire<\/strong><\/p>\n<p>En ce qui concerne l'application du Swissness, les entreprises de tous les secteurs signalent une diminution des abus de Swissness dans leur pays, gr\u00e2ce notamment \u00e0 une plus grande sensibilisation. Comme les mesures disponibles en Suisse pour lutter contre les abus ne sont pas applicables \u00e0 l'\u00e9tranger, il est particuli\u00e8rement difficile de faire respecter la protection des indications de provenance \u00e0 l'\u00e9tranger. Les auteurs de l'\u00e9tude recommandent donc d'\u00e9tendre le r\u00e9seau d'accords bilat\u00e9raux. Ils identifient \u00e9galement les possibilit\u00e9s d'am\u00e9lioration dans les domaines de l'information et de l'application de la l\u00e9gislation en coop\u00e9ration avec les associations et les industries.<\/p>\n<p>Selon les auteurs, les crit\u00e8res juridiques dans les domaines de l'industrie et des services ne devraient pas \u00eatre modifi\u00e9s. D'autre part, il y a un certain besoin d'action dans le secteur alimentaire. Si l'importance de la Swissness pour la commercialisation des denr\u00e9es alimentaires est relativement \u00e9lev\u00e9e, les entreprises sont en m\u00eame temps plut\u00f4t critiques quant \u00e0 la mise en \u0153uvre de la Swissness. Ici, les auteurs recommandent d'utiliser la valeur ajout\u00e9e nationale plut\u00f4t que le contenu en mati\u00e8res premi\u00e8res nationales - comme c'est le cas pour les produits industriels. Un tel crit\u00e8re uniforme pour les produits alimentaires et industriels avait d\u00e9j\u00e0 \u00e9t\u00e9 propos\u00e9 par le Conseil f\u00e9d\u00e9ral lors de l'introduction de la l\u00e9gislation. Cependant, la proposition a re\u00e7u peu d'approbation, en particulier de la part des organisations agricoles et de consommateurs et des producteurs de denr\u00e9es alimentaires. Par ailleurs, la proc\u00e9dure d'octroi de d\u00e9rogations dans le secteur alimentaire devrait \u00eatre simplifi\u00e9e et rendue plus transparente.<\/p>\n<p><strong>Pas besoin de r\u00e9vision du point de vue du Conseil f\u00e9d\u00e9ral<\/strong><\/p>\n<p>Sur la base des r\u00e9sultats de l'\u00e9tude, le Conseil f\u00e9d\u00e9ral conclut que la nouvelle l\u00e9gislation sur la Swissness atteint globalement son objectif. Selon elle, il n'est donc pas n\u00e9cessaire de modifier fondamentalement le syst\u00e8me. Lorsque l'\u00e9valuation a mis en \u00e9vidence un potentiel d'am\u00e9lioration, l'Institut f\u00e9d\u00e9ral de la propri\u00e9t\u00e9 intellectuelle et l'Office f\u00e9d\u00e9ral de l'agriculture doivent examiner des mesures concr\u00e8tes. Par exemple, il convient d'adapter les exceptions dans le secteur des denr\u00e9es alimentaires au niveau des ordonnances et d'intensifier la coop\u00e9ration avec les milieux concern\u00e9s.<\/p>\n<p><em>Source : Gouvernement f\u00e9d\u00e9ral, <a href=\"https:\/\/www.newsd.admin.ch\/newsd\/message\/attachments\/64677.pdf\">Rapport du Conseil f\u00e9d\u00e9ral<\/a><\/em><\/p>","protected":false},"excerpt":{"rendered":"<p>Seit dem 1. Januar 2017 gelten gesetzliche Regeln f\u00fcr Erzeugnisse und Dienstleistungen, welche die Produzenten beispielsweise mit einem Schweizerkreuz oder \u00abSwiss Made\u00bb bewerben wollen. Diese Regeln sollen die Marke \u00abSchweiz\u00bb besser vor Trittbrettfahrern sch\u00fctzen und in der Schweiz produzierenden Unternehmen einen wichtigen Wettbewerbsvorteil langfristig sichern. Swissness-Gesetzgebung bringt j\u00e4hrlich \u00fcber eine Milliarde Franken Die durch unabh\u00e4ngige [&hellip;]<\/p>\n","protected":false},"author":35,"featured_media":8318,"comment_status":"closed","ping_status":"closed","sticky":false,"template":"","format":"standard","meta":{"_acf_changed":false,"footnotes":""},"categories":[4448],"tags":[4592,4593],"class_list":["post-8072","post","type-post","status-publish","format-standard","has-post-thumbnail","hentry","category-allgemein","tag-marke-schweiz","tag-swissness"],"acf":[],"yoast_head":"<!-- This site is optimized with the Yoast SEO plugin v26.2 - https:\/\/yoast.com\/wordpress\/plugins\/seo\/ -->\n<title>Die Marke \u00abSchweiz\u00bb ist angemessen gesch\u00fctzt, aber ... - MQ Management und Qualit\u00e4t<\/title>\n<meta name=\"description\" content=\"Die gesetzlichen Kriterien zum nachhaltigen Schutz der Swissness erf\u00fcllen ihren Zweck. Dies best\u00e4tigen Studien im Auftrag des Bundesrates.\" \/>\n<meta name=\"robots\" content=\"index, follow, max-snippet:-1, max-image-preview:large, max-video-preview:-1\" \/>\n<link rel=\"canonical\" href=\"https:\/\/www.m-q.ch\/fr\/la-marque-suisse-est-protegee-de-maniere-adequate\/\" \/>\n<meta property=\"og:locale\" content=\"fr_FR\" \/>\n<meta property=\"og:type\" content=\"article\" \/>\n<meta property=\"og:title\" content=\"Die Marke \u00abSchweiz\u00bb ist angemessen gesch\u00fctzt, aber ... - MQ Management und Qualit\u00e4t\" \/>\n<meta property=\"og:description\" content=\"Die gesetzlichen Kriterien zum nachhaltigen Schutz der Swissness erf\u00fcllen ihren Zweck. Dies best\u00e4tigen Studien im Auftrag des Bundesrates.\" \/>\n<meta property=\"og:url\" content=\"https:\/\/www.m-q.ch\/fr\/la-marque-suisse-est-protegee-de-maniere-adequate\/\" \/>\n<meta property=\"og:site_name\" content=\"MQ Management und Qualit\u00e4t\" \/>\n<meta property=\"article:publisher\" content=\"https:\/\/www.facebook.com\/ManagementUndQualitaet\" \/>\n<meta property=\"article:published_time\" content=\"2020-12-22T05:00:57+00:00\" \/>\n<meta property=\"article:modified_time\" content=\"2021-02-02T13:40:54+00:00\" \/>\n<meta property=\"og:image\" content=\"https:\/\/www.m-q.ch\/wp-content\/uploads\/2020\/12\/Depositphotos_24925727_s-2019-680x680-1.jpg\" \/>\n\t<meta property=\"og:image:width\" content=\"680\" \/>\n\t<meta property=\"og:image:height\" content=\"680\" \/>\n\t<meta property=\"og:image:type\" content=\"image\/jpeg\" \/>\n<meta name=\"author\" content=\"Roger Str\u00e4ssle\" \/>\n<meta name=\"twitter:card\" content=\"summary_large_image\" \/>\n<meta name=\"twitter:label1\" content=\"\u00c9crit par\" \/>\n\t<meta name=\"twitter:data1\" content=\"Roger Str\u00e4ssle\" \/>\n\t<meta name=\"twitter:label2\" content=\"Dur\u00e9e de lecture estim\u00e9e\" \/>\n\t<meta name=\"twitter:data2\" content=\"2 minutes\" \/>\n<script type=\"application\/ld+json\" class=\"yoast-schema-graph\">{\"@context\":\"https:\/\/schema.org\",\"@graph\":[{\"@type\":\"Article\",\"@id\":\"https:\/\/www.m-q.ch\/die-marke-schweiz-ist-angemessen-geschuetzt\/#article\",\"isPartOf\":{\"@id\":\"https:\/\/www.m-q.ch\/die-marke-schweiz-ist-angemessen-geschuetzt\/\"},\"author\":{\"name\":\"Roger Str\u00e4ssle\",\"@id\":\"https:\/\/www.m-q.ch\/fr\/#\/schema\/person\/47d540e081acd98ccbeb69b55df653d7\"},\"headline\":\"Die Marke \u00abSchweiz\u00bb ist angemessen gesch\u00fctzt, aber &#8230;\",\"datePublished\":\"2020-12-22T05:00:57+00:00\",\"dateModified\":\"2021-02-02T13:40:54+00:00\",\"mainEntityOfPage\":{\"@id\":\"https:\/\/www.m-q.ch\/die-marke-schweiz-ist-angemessen-geschuetzt\/\"},\"wordCount\":469,\"publisher\":{\"@id\":\"https:\/\/www.m-q.ch\/fr\/#organization\"},\"image\":{\"@id\":\"https:\/\/www.m-q.ch\/die-marke-schweiz-ist-angemessen-geschuetzt\/#primaryimage\"},\"thumbnailUrl\":\"https:\/\/www.m-q.ch\/wp-content\/uploads\/2020\/12\/Depositphotos_24925727_s-2019-680x680-1.jpg\",\"keywords\":[\"Marke \\\"Schweiz\\\"\",\"Swissness\"],\"articleSection\":[\"Allgemein\"],\"inLanguage\":\"fr-FR\"},{\"@type\":\"WebPage\",\"@id\":\"https:\/\/www.m-q.ch\/die-marke-schweiz-ist-angemessen-geschuetzt\/\",\"url\":\"https:\/\/www.m-q.ch\/die-marke-schweiz-ist-angemessen-geschuetzt\/\",\"name\":\"Die Marke \u00abSchweiz\u00bb ist angemessen gesch\u00fctzt, aber ... - MQ Management und Qualit\u00e4t\",\"isPartOf\":{\"@id\":\"https:\/\/www.m-q.ch\/fr\/#website\"},\"primaryImageOfPage\":{\"@id\":\"https:\/\/www.m-q.ch\/die-marke-schweiz-ist-angemessen-geschuetzt\/#primaryimage\"},\"image\":{\"@id\":\"https:\/\/www.m-q.ch\/die-marke-schweiz-ist-angemessen-geschuetzt\/#primaryimage\"},\"thumbnailUrl\":\"https:\/\/www.m-q.ch\/wp-content\/uploads\/2020\/12\/Depositphotos_24925727_s-2019-680x680-1.jpg\",\"datePublished\":\"2020-12-22T05:00:57+00:00\",\"dateModified\":\"2021-02-02T13:40:54+00:00\",\"description\":\"Die gesetzlichen Kriterien zum nachhaltigen Schutz der Swissness erf\u00fcllen ihren Zweck. Dies best\u00e4tigen Studien im Auftrag des Bundesrates.\",\"breadcrumb\":{\"@id\":\"https:\/\/www.m-q.ch\/die-marke-schweiz-ist-angemessen-geschuetzt\/#breadcrumb\"},\"inLanguage\":\"fr-FR\",\"potentialAction\":[{\"@type\":\"ReadAction\",\"target\":[\"https:\/\/www.m-q.ch\/die-marke-schweiz-ist-angemessen-geschuetzt\/\"]}]},{\"@type\":\"ImageObject\",\"inLanguage\":\"fr-FR\",\"@id\":\"https:\/\/www.m-q.ch\/die-marke-schweiz-ist-angemessen-geschuetzt\/#primaryimage\",\"url\":\"https:\/\/www.m-q.ch\/wp-content\/uploads\/2020\/12\/Depositphotos_24925727_s-2019-680x680-1.jpg\",\"contentUrl\":\"https:\/\/www.m-q.ch\/wp-content\/uploads\/2020\/12\/Depositphotos_24925727_s-2019-680x680-1.jpg\",\"width\":680,\"height\":680,\"caption\":\"\u00a9 Depositphotos, oxlock\"},{\"@type\":\"BreadcrumbList\",\"@id\":\"https:\/\/www.m-q.ch\/die-marke-schweiz-ist-angemessen-geschuetzt\/#breadcrumb\",\"itemListElement\":[{\"@type\":\"ListItem\",\"position\":1,\"name\":\"Unkategorisiert\",\"item\":\"https:\/\/www.m-q.ch\/it\/categoria\/senza-categoria\/\"},{\"@type\":\"ListItem\",\"position\":2,\"name\":\"Die Marke \u00abSchweiz\u00bb ist angemessen gesch\u00fctzt, aber &#8230;\"}]},{\"@type\":\"WebSite\",\"@id\":\"https:\/\/www.m-q.ch\/fr\/#website\",\"url\":\"https:\/\/www.m-q.ch\/fr\/\",\"name\":\"MQ Management und Qualit\u00e4t\",\"description\":\"Plattform f\u00fcr integrierte Managementsysteme.\",\"publisher\":{\"@id\":\"https:\/\/www.m-q.ch\/fr\/#organization\"},\"potentialAction\":[{\"@type\":\"SearchAction\",\"target\":{\"@type\":\"EntryPoint\",\"urlTemplate\":\"https:\/\/www.m-q.ch\/fr\/?s={search_term_string}\"},\"query-input\":{\"@type\":\"PropertyValueSpecification\",\"valueRequired\":true,\"valueName\":\"search_term_string\"}}],\"inLanguage\":\"fr-FR\"},{\"@type\":\"Organization\",\"@id\":\"https:\/\/www.m-q.ch\/fr\/#organization\",\"name\":\"Galledia Fachmedien AG\",\"url\":\"https:\/\/www.m-q.ch\/fr\/\",\"logo\":{\"@type\":\"ImageObject\",\"inLanguage\":\"fr-FR\",\"@id\":\"https:\/\/www.m-q.ch\/fr\/#\/schema\/logo\/image\/\",\"url\":\"https:\/\/www.m-q.ch\/wp-content\/uploads\/2020\/12\/cropped-logo_small.png\",\"contentUrl\":\"https:\/\/www.m-q.ch\/wp-content\/uploads\/2020\/12\/cropped-logo_small.png\",\"width\":512,\"height\":512,\"caption\":\"Galledia Fachmedien AG\"},\"image\":{\"@id\":\"https:\/\/www.m-q.ch\/fr\/#\/schema\/logo\/image\/\"},\"sameAs\":[\"https:\/\/www.facebook.com\/ManagementUndQualitaet\",\"https:\/\/www.linkedin.com\/showcase\/17982321\/admin\/\"]},{\"@type\":\"Person\",\"@id\":\"https:\/\/www.m-q.ch\/fr\/#\/schema\/person\/47d540e081acd98ccbeb69b55df653d7\",\"name\":\"Roger Str\u00e4ssle\",\"image\":{\"@type\":\"ImageObject\",\"inLanguage\":\"fr-FR\",\"@id\":\"https:\/\/www.m-q.ch\/fr\/#\/schema\/person\/image\/\",\"url\":\"https:\/\/secure.gravatar.com\/avatar\/e4dde3046d8a184d2e2d27651a418883?s=96&d=mm&r=g\",\"contentUrl\":\"https:\/\/secure.gravatar.com\/avatar\/e4dde3046d8a184d2e2d27651a418883?s=96&d=mm&r=g\",\"caption\":\"Roger Str\u00e4ssle\"},\"url\":\"https:\/\/www.m-q.ch\/fr\/author\/roger-straessle\/\"}]}<\/script>\n<!-- \/ Yoast SEO plugin. -->","yoast_head_json":{"title":"La marque \"Suisse\" est suffisamment prot\u00e9g\u00e9e, mais ... - Gestion et qualit\u00e9 du QM","description":"Les crit\u00e8res juridiques pour la protection durable de la Suisse remplissent leur objectif. Ceci est confirm\u00e9 par des \u00e9tudes command\u00e9es par le Conseil f\u00e9d\u00e9ral.","robots":{"index":"index","follow":"follow","max-snippet":"max-snippet:-1","max-image-preview":"max-image-preview:large","max-video-preview":"max-video-preview:-1"},"canonical":"https:\/\/www.m-q.ch\/fr\/la-marque-suisse-est-protegee-de-maniere-adequate\/","og_locale":"fr_FR","og_type":"article","og_title":"Die Marke \u00abSchweiz\u00bb ist angemessen gesch\u00fctzt, aber ... - MQ Management und Qualit\u00e4t","og_description":"Die gesetzlichen Kriterien zum nachhaltigen Schutz der Swissness erf\u00fcllen ihren Zweck. Dies best\u00e4tigen Studien im Auftrag des Bundesrates.","og_url":"https:\/\/www.m-q.ch\/fr\/la-marque-suisse-est-protegee-de-maniere-adequate\/","og_site_name":"MQ Management und Qualit\u00e4t","article_publisher":"https:\/\/www.facebook.com\/ManagementUndQualitaet","article_published_time":"2020-12-22T05:00:57+00:00","article_modified_time":"2021-02-02T13:40:54+00:00","og_image":[{"width":680,"height":680,"url":"https:\/\/www.m-q.ch\/wp-content\/uploads\/2020\/12\/Depositphotos_24925727_s-2019-680x680-1.jpg","type":"image\/jpeg"}],"author":"Roger Str\u00e4ssle","twitter_card":"summary_large_image","twitter_misc":{"\u00c9crit par":"Roger Str\u00e4ssle","Dur\u00e9e de lecture estim\u00e9e":"2 minutes"},"schema":{"@context":"https:\/\/schema.org","@graph":[{"@type":"Article","@id":"https:\/\/www.m-q.ch\/die-marke-schweiz-ist-angemessen-geschuetzt\/#article","isPartOf":{"@id":"https:\/\/www.m-q.ch\/die-marke-schweiz-ist-angemessen-geschuetzt\/"},"author":{"name":"Roger Str\u00e4ssle","@id":"https:\/\/www.m-q.ch\/fr\/#\/schema\/person\/47d540e081acd98ccbeb69b55df653d7"},"headline":"Die Marke \u00abSchweiz\u00bb ist angemessen gesch\u00fctzt, aber &#8230;","datePublished":"2020-12-22T05:00:57+00:00","dateModified":"2021-02-02T13:40:54+00:00","mainEntityOfPage":{"@id":"https:\/\/www.m-q.ch\/die-marke-schweiz-ist-angemessen-geschuetzt\/"},"wordCount":469,"publisher":{"@id":"https:\/\/www.m-q.ch\/fr\/#organization"},"image":{"@id":"https:\/\/www.m-q.ch\/die-marke-schweiz-ist-angemessen-geschuetzt\/#primaryimage"},"thumbnailUrl":"https:\/\/www.m-q.ch\/wp-content\/uploads\/2020\/12\/Depositphotos_24925727_s-2019-680x680-1.jpg","keywords":["Marke \"Schweiz\"","Swissness"],"articleSection":["Allgemein"],"inLanguage":"fr-FR"},{"@type":"WebPage","@id":"https:\/\/www.m-q.ch\/die-marke-schweiz-ist-angemessen-geschuetzt\/","url":"https:\/\/www.m-q.ch\/die-marke-schweiz-ist-angemessen-geschuetzt\/","name":"La marque \"Suisse\" est suffisamment prot\u00e9g\u00e9e, mais ... - Gestion et qualit\u00e9 du QM","isPartOf":{"@id":"https:\/\/www.m-q.ch\/fr\/#website"},"primaryImageOfPage":{"@id":"https:\/\/www.m-q.ch\/die-marke-schweiz-ist-angemessen-geschuetzt\/#primaryimage"},"image":{"@id":"https:\/\/www.m-q.ch\/die-marke-schweiz-ist-angemessen-geschuetzt\/#primaryimage"},"thumbnailUrl":"https:\/\/www.m-q.ch\/wp-content\/uploads\/2020\/12\/Depositphotos_24925727_s-2019-680x680-1.jpg","datePublished":"2020-12-22T05:00:57+00:00","dateModified":"2021-02-02T13:40:54+00:00","description":"Les crit\u00e8res juridiques pour la protection durable de la Suisse remplissent leur objectif. Ceci est confirm\u00e9 par des \u00e9tudes command\u00e9es par le Conseil f\u00e9d\u00e9ral.","breadcrumb":{"@id":"https:\/\/www.m-q.ch\/die-marke-schweiz-ist-angemessen-geschuetzt\/#breadcrumb"},"inLanguage":"fr-FR","potentialAction":[{"@type":"ReadAction","target":["https:\/\/www.m-q.ch\/die-marke-schweiz-ist-angemessen-geschuetzt\/"]}]},{"@type":"ImageObject","inLanguage":"fr-FR","@id":"https:\/\/www.m-q.ch\/die-marke-schweiz-ist-angemessen-geschuetzt\/#primaryimage","url":"https:\/\/www.m-q.ch\/wp-content\/uploads\/2020\/12\/Depositphotos_24925727_s-2019-680x680-1.jpg","contentUrl":"https:\/\/www.m-q.ch\/wp-content\/uploads\/2020\/12\/Depositphotos_24925727_s-2019-680x680-1.jpg","width":680,"height":680,"caption":"\u00a9 Depositphotos, oxlock"},{"@type":"BreadcrumbList","@id":"https:\/\/www.m-q.ch\/die-marke-schweiz-ist-angemessen-geschuetzt\/#breadcrumb","itemListElement":[{"@type":"ListItem","position":1,"name":"Unkategorisiert","item":"https:\/\/www.m-q.ch\/it\/categoria\/senza-categoria\/"},{"@type":"ListItem","position":2,"name":"Die Marke \u00abSchweiz\u00bb ist angemessen gesch\u00fctzt, aber &#8230;"}]},{"@type":"WebSite","@id":"https:\/\/www.m-q.ch\/fr\/#website","url":"https:\/\/www.m-q.ch\/fr\/","name":"Gestion et qualit\u00e9 du QM","description":"Plate-forme pour les syst\u00e8mes de gestion int\u00e9gr\u00e9e.","publisher":{"@id":"https:\/\/www.m-q.ch\/fr\/#organization"},"potentialAction":[{"@type":"SearchAction","target":{"@type":"EntryPoint","urlTemplate":"https:\/\/www.m-q.ch\/fr\/?s={search_term_string}"},"query-input":{"@type":"PropertyValueSpecification","valueRequired":true,"valueName":"search_term_string"}}],"inLanguage":"fr-FR"},{"@type":"Organization","@id":"https:\/\/www.m-q.ch\/fr\/#organization","name":"Galledia Trade Media AG","url":"https:\/\/www.m-q.ch\/fr\/","logo":{"@type":"ImageObject","inLanguage":"fr-FR","@id":"https:\/\/www.m-q.ch\/fr\/#\/schema\/logo\/image\/","url":"https:\/\/www.m-q.ch\/wp-content\/uploads\/2020\/12\/cropped-logo_small.png","contentUrl":"https:\/\/www.m-q.ch\/wp-content\/uploads\/2020\/12\/cropped-logo_small.png","width":512,"height":512,"caption":"Galledia Fachmedien AG"},"image":{"@id":"https:\/\/www.m-q.ch\/fr\/#\/schema\/logo\/image\/"},"sameAs":["https:\/\/www.facebook.com\/ManagementUndQualitaet","https:\/\/www.linkedin.com\/showcase\/17982321\/admin\/"]},{"@type":"Person","@id":"https:\/\/www.m-q.ch\/fr\/#\/schema\/person\/47d540e081acd98ccbeb69b55df653d7","name":"Roger Str\u00e4ssle","image":{"@type":"ImageObject","inLanguage":"fr-FR","@id":"https:\/\/www.m-q.ch\/fr\/#\/schema\/person\/image\/","url":"https:\/\/secure.gravatar.com\/avatar\/e4dde3046d8a184d2e2d27651a418883?s=96&d=mm&r=g","contentUrl":"https:\/\/secure.gravatar.com\/avatar\/e4dde3046d8a184d2e2d27651a418883?s=96&d=mm&r=g","caption":"Roger Str\u00e4ssle"},"url":"https:\/\/www.m-q.ch\/fr\/author\/roger-straessle\/"}]}},"_links":{"self":[{"href":"https:\/\/www.m-q.ch\/fr\/wp-json\/wp\/v2\/posts\/8072","targetHints":{"allow":["GET"]}}],"collection":[{"href":"https:\/\/www.m-q.ch\/fr\/wp-json\/wp\/v2\/posts"}],"about":[{"href":"https:\/\/www.m-q.ch\/fr\/wp-json\/wp\/v2\/types\/post"}],"author":[{"embeddable":true,"href":"https:\/\/www.m-q.ch\/fr\/wp-json\/wp\/v2\/users\/35"}],"replies":[{"embeddable":true,"href":"https:\/\/www.m-q.ch\/fr\/wp-json\/wp\/v2\/comments?post=8072"}],"version-history":[{"count":2,"href":"https:\/\/www.m-q.ch\/fr\/wp-json\/wp\/v2\/posts\/8072\/revisions"}],"predecessor-version":[{"id":8319,"href":"https:\/\/www.m-q.ch\/fr\/wp-json\/wp\/v2\/posts\/8072\/revisions\/8319"}],"wp:featuredmedia":[{"embeddable":true,"href":"https:\/\/www.m-q.ch\/fr\/wp-json\/wp\/v2\/media\/8318"}],"wp:attachment":[{"href":"https:\/\/www.m-q.ch\/fr\/wp-json\/wp\/v2\/media?parent=8072"}],"wp:term":[{"taxonomy":"category","embeddable":true,"href":"https:\/\/www.m-q.ch\/fr\/wp-json\/wp\/v2\/categories?post=8072"},{"taxonomy":"post_tag","embeddable":true,"href":"https:\/\/www.m-q.ch\/fr\/wp-json\/wp\/v2\/tags?post=8072"}],"curies":[{"name":"wp","href":"https:\/\/api.w.org\/{rel}","templated":true}]}}