{"id":8084,"date":"2021-01-13T06:35:19","date_gmt":"2021-01-13T05:35:19","guid":{"rendered":"https:\/\/www.m-q.ch\/?p=4617"},"modified":"2021-02-02T14:32:16","modified_gmt":"2021-02-02T13:32:16","slug":"reckitt-benckiser-changement-de-direction-en-suisse","status":"publish","type":"post","link":"https:\/\/www.m-q.ch\/fr\/reckitt-benckiser-fuehrungswechsel-in-der-schweiz\/","title":{"rendered":"Reckitt Benckiser : changement de direction en Suisse"},"content":{"rendered":"<figure id=\"attachment_8285\" aria-describedby=\"caption-attachment-8285\" style=\"width: 680px\" class=\"wp-caption alignnone\"><img loading=\"lazy\" decoding=\"async\" class=\"size-full wp-image-8285\" src=\"https:\/\/www.m-q.ch\/wp-content\/uploads\/2021\/01\/Carmelo_Siragusano_bearbeitet-1-680x499-1.jpg\" alt=\"\" width=\"680\" height=\"499\" srcset=\"https:\/\/www.m-q.ch\/wp-content\/uploads\/2021\/01\/Carmelo_Siragusano_bearbeitet-1-680x499-1.jpg 680w, https:\/\/www.m-q.ch\/wp-content\/uploads\/2021\/01\/Carmelo_Siragusano_bearbeitet-1-680x499-1-16x12.jpg 16w, https:\/\/www.m-q.ch\/wp-content\/uploads\/2021\/01\/Carmelo_Siragusano_bearbeitet-1-680x499-1-238x175.jpg 238w, https:\/\/www.m-q.ch\/wp-content\/uploads\/2021\/01\/Carmelo_Siragusano_bearbeitet-1-680x499-1-477x350.jpg 477w, https:\/\/www.m-q.ch\/wp-content\/uploads\/2021\/01\/Carmelo_Siragusano_bearbeitet-1-680x499-1-300x220.jpg 300w\" sizes=\"auto, (max-width: 680px) 100vw, 680px\" \/><figcaption id=\"caption-attachment-8285\" class=\"wp-caption-text\">Image : PD<\/figcaption><\/figure>\n<p>Carmelo Siragusano (49 ans) a pris la direction de la Suisse au d\u00e9but du mois de janvier 2021. <a href=\"http:\/\/www.rb.com\">Reckitt Benckiser<\/a> pour l'unit\u00e9 commerciale \"Hygi\u00e8ne\". D'apr\u00e8s les informations dont il dispose, il a une longue exp\u00e9rience des finances\/contr\u00f4le chez Novartis Consumer Health et Nestl\u00e9. Apr\u00e8s avoir rejoint RB en 2008, il s'est vu confier diverses t\u00e2ches de vente et \u00e9tait derni\u00e8rement responsable de l'unit\u00e9 commerciale de commerce \u00e9lectronique pour la r\u00e9gion DACH &amp; Nordics, \u00e9crit RB.<\/p>\n<p>La soci\u00e9t\u00e9 annonce \u00e9galement qu'elle peut se pr\u00e9valoir d'un exercice financier r\u00e9ussi et qu'elle est positive pour la nouvelle ann\u00e9e.<\/p>\n<p>Les marques de RB sont pr\u00e9sentes dans plus de 190 pays. Le portefeuille comprend des marques connues telles que Dettol, Strepsils, Gaviscon, Durex, Scholl, Clearasil, Veet, Cillit Bang, Finish, Vanish, Calgon et Air Wick.<\/p>\n<p><em>Source : RB<\/em><\/p>\n<p>&nbsp;<\/p>","protected":false},"excerpt":{"rendered":"<p>Carmelo Siragusano (49) hat per Anfang Januar 2021 die Gesch\u00e4ftsf\u00fchrung als Country Manager Schweiz bei Reckitt Benckiser f\u00fcr die Gesch\u00e4ftseinheit Hygiene \u00fcbernommen. Laut Angaben blickt er auf viele Jahre Erfahrung im Bereich Finance\/Controlling bei Novartis Consumer Health und Nestl\u00e9 zur\u00fcck. Nach dem Wechsel zu RB im Jahr 2008 war er mit verschiedenen Vertriebsaufgaben betraut und [&hellip;]<\/p>\n","protected":false},"author":35,"featured_media":8285,"comment_status":"closed","ping_status":"closed","sticky":false,"template":"","format":"standard","meta":{"_acf_changed":false,"footnotes":""},"categories":[4448],"tags":[4621,4622,4623],"class_list":["post-8084","post","type-post","status-publish","format-standard","has-post-thumbnail","hentry","category-allgemein","tag-country-manager","tag-geschaeftsbereich-hygiene","tag-reckitt-benckiser"],"acf":[],"yoast_head":"<!-- This site is optimized with the Yoast SEO plugin v26.2 - https:\/\/yoast.com\/wordpress\/plugins\/seo\/ -->\n<title>Reckitt Benckiser: F\u00fchrungswechsel in der Schweiz - MQ Management und Qualit\u00e4t<\/title>\n<meta name=\"description\" content=\"Reckitt Benckiser (RB) hat einen Country Manager f\u00fcr den Gesch\u00e4ftsbereich Hygiene ernannt: Carmelo Siragusano soll den RB-Standort in der Schweiz st\u00e4rken.\" \/>\n<meta name=\"robots\" content=\"index, follow, max-snippet:-1, max-image-preview:large, max-video-preview:-1\" \/>\n<link rel=\"canonical\" href=\"https:\/\/www.m-q.ch\/fr\/reckitt-benckiser-changement-de-direction-en-suisse\/\" \/>\n<meta property=\"og:locale\" content=\"fr_FR\" \/>\n<meta property=\"og:type\" content=\"article\" \/>\n<meta property=\"og:title\" content=\"Reckitt Benckiser: F\u00fchrungswechsel in der Schweiz - MQ Management und Qualit\u00e4t\" \/>\n<meta property=\"og:description\" content=\"Reckitt Benckiser (RB) hat einen Country Manager f\u00fcr den Gesch\u00e4ftsbereich Hygiene ernannt: Carmelo Siragusano soll den RB-Standort in der Schweiz st\u00e4rken.\" \/>\n<meta property=\"og:url\" content=\"https:\/\/www.m-q.ch\/fr\/reckitt-benckiser-changement-de-direction-en-suisse\/\" \/>\n<meta property=\"og:site_name\" content=\"MQ Management und Qualit\u00e4t\" \/>\n<meta property=\"article:publisher\" content=\"https:\/\/www.facebook.com\/ManagementUndQualitaet\" \/>\n<meta property=\"article:published_time\" content=\"2021-01-13T05:35:19+00:00\" \/>\n<meta property=\"article:modified_time\" content=\"2021-02-02T13:32:16+00:00\" \/>\n<meta property=\"og:image\" content=\"https:\/\/www.m-q.ch\/wp-content\/uploads\/2021\/01\/Carmelo_Siragusano_bearbeitet-1-680x499-1.jpg\" \/>\n\t<meta property=\"og:image:width\" content=\"680\" \/>\n\t<meta property=\"og:image:height\" content=\"499\" \/>\n\t<meta property=\"og:image:type\" content=\"image\/jpeg\" \/>\n<meta name=\"author\" content=\"Roger Str\u00e4ssle\" \/>\n<meta name=\"twitter:card\" content=\"summary_large_image\" \/>\n<meta name=\"twitter:label1\" content=\"\u00c9crit par\" \/>\n\t<meta name=\"twitter:data1\" content=\"Roger Str\u00e4ssle\" \/>\n\t<meta name=\"twitter:label2\" content=\"Dur\u00e9e de lecture estim\u00e9e\" \/>\n\t<meta name=\"twitter:data2\" content=\"1 minute\" \/>\n<script type=\"application\/ld+json\" class=\"yoast-schema-graph\">{\"@context\":\"https:\/\/schema.org\",\"@graph\":[{\"@type\":\"Article\",\"@id\":\"https:\/\/www.m-q.ch\/reckitt-benckiser-fuehrungswechsel-in-der-schweiz\/#article\",\"isPartOf\":{\"@id\":\"https:\/\/www.m-q.ch\/reckitt-benckiser-fuehrungswechsel-in-der-schweiz\/\"},\"author\":{\"name\":\"Roger Str\u00e4ssle\",\"@id\":\"https:\/\/www.m-q.ch\/fr\/#\/schema\/person\/47d540e081acd98ccbeb69b55df653d7\"},\"headline\":\"Reckitt Benckiser: F\u00fchrungswechsel in der Schweiz\",\"datePublished\":\"2021-01-13T05:35:19+00:00\",\"dateModified\":\"2021-02-02T13:32:16+00:00\",\"mainEntityOfPage\":{\"@id\":\"https:\/\/www.m-q.ch\/reckitt-benckiser-fuehrungswechsel-in-der-schweiz\/\"},\"wordCount\":146,\"publisher\":{\"@id\":\"https:\/\/www.m-q.ch\/fr\/#organization\"},\"image\":{\"@id\":\"https:\/\/www.m-q.ch\/reckitt-benckiser-fuehrungswechsel-in-der-schweiz\/#primaryimage\"},\"thumbnailUrl\":\"https:\/\/www.m-q.ch\/wp-content\/uploads\/2021\/01\/Carmelo_Siragusano_bearbeitet-1-680x499-1.jpg\",\"keywords\":[\"Country Manager\",\"Gesch\u00e4ftsbereich Hygiene\",\"Reckitt Benckiser\"],\"articleSection\":[\"Allgemein\"],\"inLanguage\":\"fr-FR\"},{\"@type\":\"WebPage\",\"@id\":\"https:\/\/www.m-q.ch\/reckitt-benckiser-fuehrungswechsel-in-der-schweiz\/\",\"url\":\"https:\/\/www.m-q.ch\/reckitt-benckiser-fuehrungswechsel-in-der-schweiz\/\",\"name\":\"Reckitt Benckiser: F\u00fchrungswechsel in der Schweiz - MQ Management und Qualit\u00e4t\",\"isPartOf\":{\"@id\":\"https:\/\/www.m-q.ch\/fr\/#website\"},\"primaryImageOfPage\":{\"@id\":\"https:\/\/www.m-q.ch\/reckitt-benckiser-fuehrungswechsel-in-der-schweiz\/#primaryimage\"},\"image\":{\"@id\":\"https:\/\/www.m-q.ch\/reckitt-benckiser-fuehrungswechsel-in-der-schweiz\/#primaryimage\"},\"thumbnailUrl\":\"https:\/\/www.m-q.ch\/wp-content\/uploads\/2021\/01\/Carmelo_Siragusano_bearbeitet-1-680x499-1.jpg\",\"datePublished\":\"2021-01-13T05:35:19+00:00\",\"dateModified\":\"2021-02-02T13:32:16+00:00\",\"description\":\"Reckitt Benckiser (RB) hat einen Country Manager f\u00fcr den Gesch\u00e4ftsbereich Hygiene ernannt: Carmelo Siragusano soll den RB-Standort in der Schweiz st\u00e4rken.\",\"breadcrumb\":{\"@id\":\"https:\/\/www.m-q.ch\/reckitt-benckiser-fuehrungswechsel-in-der-schweiz\/#breadcrumb\"},\"inLanguage\":\"fr-FR\",\"potentialAction\":[{\"@type\":\"ReadAction\",\"target\":[\"https:\/\/www.m-q.ch\/reckitt-benckiser-fuehrungswechsel-in-der-schweiz\/\"]}]},{\"@type\":\"ImageObject\",\"inLanguage\":\"fr-FR\",\"@id\":\"https:\/\/www.m-q.ch\/reckitt-benckiser-fuehrungswechsel-in-der-schweiz\/#primaryimage\",\"url\":\"https:\/\/www.m-q.ch\/wp-content\/uploads\/2021\/01\/Carmelo_Siragusano_bearbeitet-1-680x499-1.jpg\",\"contentUrl\":\"https:\/\/www.m-q.ch\/wp-content\/uploads\/2021\/01\/Carmelo_Siragusano_bearbeitet-1-680x499-1.jpg\",\"width\":680,\"height\":499,\"caption\":\"Bild: PD\"},{\"@type\":\"BreadcrumbList\",\"@id\":\"https:\/\/www.m-q.ch\/reckitt-benckiser-fuehrungswechsel-in-der-schweiz\/#breadcrumb\",\"itemListElement\":[{\"@type\":\"ListItem\",\"position\":1,\"name\":\"Unkategorisiert\",\"item\":\"https:\/\/www.m-q.ch\/it\/categoria\/senza-categoria\/\"},{\"@type\":\"ListItem\",\"position\":2,\"name\":\"Reckitt Benckiser: F\u00fchrungswechsel in der Schweiz\"}]},{\"@type\":\"WebSite\",\"@id\":\"https:\/\/www.m-q.ch\/fr\/#website\",\"url\":\"https:\/\/www.m-q.ch\/fr\/\",\"name\":\"MQ Management und Qualit\u00e4t\",\"description\":\"Plattform f\u00fcr integrierte Managementsysteme.\",\"publisher\":{\"@id\":\"https:\/\/www.m-q.ch\/fr\/#organization\"},\"potentialAction\":[{\"@type\":\"SearchAction\",\"target\":{\"@type\":\"EntryPoint\",\"urlTemplate\":\"https:\/\/www.m-q.ch\/fr\/?s={search_term_string}\"},\"query-input\":{\"@type\":\"PropertyValueSpecification\",\"valueRequired\":true,\"valueName\":\"search_term_string\"}}],\"inLanguage\":\"fr-FR\"},{\"@type\":\"Organization\",\"@id\":\"https:\/\/www.m-q.ch\/fr\/#organization\",\"name\":\"Galledia Fachmedien AG\",\"url\":\"https:\/\/www.m-q.ch\/fr\/\",\"logo\":{\"@type\":\"ImageObject\",\"inLanguage\":\"fr-FR\",\"@id\":\"https:\/\/www.m-q.ch\/fr\/#\/schema\/logo\/image\/\",\"url\":\"https:\/\/www.m-q.ch\/wp-content\/uploads\/2020\/12\/cropped-logo_small.png\",\"contentUrl\":\"https:\/\/www.m-q.ch\/wp-content\/uploads\/2020\/12\/cropped-logo_small.png\",\"width\":512,\"height\":512,\"caption\":\"Galledia Fachmedien AG\"},\"image\":{\"@id\":\"https:\/\/www.m-q.ch\/fr\/#\/schema\/logo\/image\/\"},\"sameAs\":[\"https:\/\/www.facebook.com\/ManagementUndQualitaet\",\"https:\/\/www.linkedin.com\/showcase\/17982321\/admin\/\"]},{\"@type\":\"Person\",\"@id\":\"https:\/\/www.m-q.ch\/fr\/#\/schema\/person\/47d540e081acd98ccbeb69b55df653d7\",\"name\":\"Roger Str\u00e4ssle\",\"image\":{\"@type\":\"ImageObject\",\"inLanguage\":\"fr-FR\",\"@id\":\"https:\/\/www.m-q.ch\/fr\/#\/schema\/person\/image\/\",\"url\":\"https:\/\/secure.gravatar.com\/avatar\/e4dde3046d8a184d2e2d27651a418883?s=96&d=mm&r=g\",\"contentUrl\":\"https:\/\/secure.gravatar.com\/avatar\/e4dde3046d8a184d2e2d27651a418883?s=96&d=mm&r=g\",\"caption\":\"Roger Str\u00e4ssle\"},\"url\":\"https:\/\/www.m-q.ch\/fr\/author\/roger-straessle\/\"}]}<\/script>\n<!-- \/ Yoast SEO plugin. -->","yoast_head_json":{"title":"Reckitt Benckiser : Changement de direction en Suisse - MQ Management und Qualit\u00e4t","description":"Reckitt Benckiser (RB) a nomm\u00e9 un responsable national pour son activit\u00e9 d'hygi\u00e8ne : Carmelo Siragusano va renforcer le site RB en Suisse.","robots":{"index":"index","follow":"follow","max-snippet":"max-snippet:-1","max-image-preview":"max-image-preview:large","max-video-preview":"max-video-preview:-1"},"canonical":"https:\/\/www.m-q.ch\/fr\/reckitt-benckiser-changement-de-direction-en-suisse\/","og_locale":"fr_FR","og_type":"article","og_title":"Reckitt Benckiser: F\u00fchrungswechsel in der Schweiz - MQ Management und Qualit\u00e4t","og_description":"Reckitt Benckiser (RB) hat einen Country Manager f\u00fcr den Gesch\u00e4ftsbereich Hygiene ernannt: Carmelo Siragusano soll den RB-Standort in der Schweiz st\u00e4rken.","og_url":"https:\/\/www.m-q.ch\/fr\/reckitt-benckiser-changement-de-direction-en-suisse\/","og_site_name":"MQ Management und Qualit\u00e4t","article_publisher":"https:\/\/www.facebook.com\/ManagementUndQualitaet","article_published_time":"2021-01-13T05:35:19+00:00","article_modified_time":"2021-02-02T13:32:16+00:00","og_image":[{"width":680,"height":499,"url":"https:\/\/www.m-q.ch\/wp-content\/uploads\/2021\/01\/Carmelo_Siragusano_bearbeitet-1-680x499-1.jpg","type":"image\/jpeg"}],"author":"Roger Str\u00e4ssle","twitter_card":"summary_large_image","twitter_misc":{"\u00c9crit par":"Roger Str\u00e4ssle","Dur\u00e9e de lecture estim\u00e9e":"1 minute"},"schema":{"@context":"https:\/\/schema.org","@graph":[{"@type":"Article","@id":"https:\/\/www.m-q.ch\/reckitt-benckiser-fuehrungswechsel-in-der-schweiz\/#article","isPartOf":{"@id":"https:\/\/www.m-q.ch\/reckitt-benckiser-fuehrungswechsel-in-der-schweiz\/"},"author":{"name":"Roger Str\u00e4ssle","@id":"https:\/\/www.m-q.ch\/fr\/#\/schema\/person\/47d540e081acd98ccbeb69b55df653d7"},"headline":"Reckitt Benckiser: F\u00fchrungswechsel in der Schweiz","datePublished":"2021-01-13T05:35:19+00:00","dateModified":"2021-02-02T13:32:16+00:00","mainEntityOfPage":{"@id":"https:\/\/www.m-q.ch\/reckitt-benckiser-fuehrungswechsel-in-der-schweiz\/"},"wordCount":146,"publisher":{"@id":"https:\/\/www.m-q.ch\/fr\/#organization"},"image":{"@id":"https:\/\/www.m-q.ch\/reckitt-benckiser-fuehrungswechsel-in-der-schweiz\/#primaryimage"},"thumbnailUrl":"https:\/\/www.m-q.ch\/wp-content\/uploads\/2021\/01\/Carmelo_Siragusano_bearbeitet-1-680x499-1.jpg","keywords":["Country Manager","Gesch\u00e4ftsbereich Hygiene","Reckitt Benckiser"],"articleSection":["Allgemein"],"inLanguage":"fr-FR"},{"@type":"WebPage","@id":"https:\/\/www.m-q.ch\/reckitt-benckiser-fuehrungswechsel-in-der-schweiz\/","url":"https:\/\/www.m-q.ch\/reckitt-benckiser-fuehrungswechsel-in-der-schweiz\/","name":"Reckitt Benckiser : Changement de direction en Suisse - MQ Management und Qualit\u00e4t","isPartOf":{"@id":"https:\/\/www.m-q.ch\/fr\/#website"},"primaryImageOfPage":{"@id":"https:\/\/www.m-q.ch\/reckitt-benckiser-fuehrungswechsel-in-der-schweiz\/#primaryimage"},"image":{"@id":"https:\/\/www.m-q.ch\/reckitt-benckiser-fuehrungswechsel-in-der-schweiz\/#primaryimage"},"thumbnailUrl":"https:\/\/www.m-q.ch\/wp-content\/uploads\/2021\/01\/Carmelo_Siragusano_bearbeitet-1-680x499-1.jpg","datePublished":"2021-01-13T05:35:19+00:00","dateModified":"2021-02-02T13:32:16+00:00","description":"Reckitt Benckiser (RB) a nomm\u00e9 un responsable national pour son activit\u00e9 d'hygi\u00e8ne : Carmelo Siragusano va renforcer le site RB en Suisse.","breadcrumb":{"@id":"https:\/\/www.m-q.ch\/reckitt-benckiser-fuehrungswechsel-in-der-schweiz\/#breadcrumb"},"inLanguage":"fr-FR","potentialAction":[{"@type":"ReadAction","target":["https:\/\/www.m-q.ch\/reckitt-benckiser-fuehrungswechsel-in-der-schweiz\/"]}]},{"@type":"ImageObject","inLanguage":"fr-FR","@id":"https:\/\/www.m-q.ch\/reckitt-benckiser-fuehrungswechsel-in-der-schweiz\/#primaryimage","url":"https:\/\/www.m-q.ch\/wp-content\/uploads\/2021\/01\/Carmelo_Siragusano_bearbeitet-1-680x499-1.jpg","contentUrl":"https:\/\/www.m-q.ch\/wp-content\/uploads\/2021\/01\/Carmelo_Siragusano_bearbeitet-1-680x499-1.jpg","width":680,"height":499,"caption":"Bild: PD"},{"@type":"BreadcrumbList","@id":"https:\/\/www.m-q.ch\/reckitt-benckiser-fuehrungswechsel-in-der-schweiz\/#breadcrumb","itemListElement":[{"@type":"ListItem","position":1,"name":"Unkategorisiert","item":"https:\/\/www.m-q.ch\/it\/categoria\/senza-categoria\/"},{"@type":"ListItem","position":2,"name":"Reckitt Benckiser: F\u00fchrungswechsel in der Schweiz"}]},{"@type":"WebSite","@id":"https:\/\/www.m-q.ch\/fr\/#website","url":"https:\/\/www.m-q.ch\/fr\/","name":"Gestion et qualit\u00e9 du QM","description":"Plate-forme pour les syst\u00e8mes de gestion int\u00e9gr\u00e9e.","publisher":{"@id":"https:\/\/www.m-q.ch\/fr\/#organization"},"potentialAction":[{"@type":"SearchAction","target":{"@type":"EntryPoint","urlTemplate":"https:\/\/www.m-q.ch\/fr\/?s={search_term_string}"},"query-input":{"@type":"PropertyValueSpecification","valueRequired":true,"valueName":"search_term_string"}}],"inLanguage":"fr-FR"},{"@type":"Organization","@id":"https:\/\/www.m-q.ch\/fr\/#organization","name":"Galledia Trade Media AG","url":"https:\/\/www.m-q.ch\/fr\/","logo":{"@type":"ImageObject","inLanguage":"fr-FR","@id":"https:\/\/www.m-q.ch\/fr\/#\/schema\/logo\/image\/","url":"https:\/\/www.m-q.ch\/wp-content\/uploads\/2020\/12\/cropped-logo_small.png","contentUrl":"https:\/\/www.m-q.ch\/wp-content\/uploads\/2020\/12\/cropped-logo_small.png","width":512,"height":512,"caption":"Galledia Fachmedien AG"},"image":{"@id":"https:\/\/www.m-q.ch\/fr\/#\/schema\/logo\/image\/"},"sameAs":["https:\/\/www.facebook.com\/ManagementUndQualitaet","https:\/\/www.linkedin.com\/showcase\/17982321\/admin\/"]},{"@type":"Person","@id":"https:\/\/www.m-q.ch\/fr\/#\/schema\/person\/47d540e081acd98ccbeb69b55df653d7","name":"Roger Str\u00e4ssle","image":{"@type":"ImageObject","inLanguage":"fr-FR","@id":"https:\/\/www.m-q.ch\/fr\/#\/schema\/person\/image\/","url":"https:\/\/secure.gravatar.com\/avatar\/e4dde3046d8a184d2e2d27651a418883?s=96&d=mm&r=g","contentUrl":"https:\/\/secure.gravatar.com\/avatar\/e4dde3046d8a184d2e2d27651a418883?s=96&d=mm&r=g","caption":"Roger Str\u00e4ssle"},"url":"https:\/\/www.m-q.ch\/fr\/author\/roger-straessle\/"}]}},"_links":{"self":[{"href":"https:\/\/www.m-q.ch\/fr\/wp-json\/wp\/v2\/posts\/8084","targetHints":{"allow":["GET"]}}],"collection":[{"href":"https:\/\/www.m-q.ch\/fr\/wp-json\/wp\/v2\/posts"}],"about":[{"href":"https:\/\/www.m-q.ch\/fr\/wp-json\/wp\/v2\/types\/post"}],"author":[{"embeddable":true,"href":"https:\/\/www.m-q.ch\/fr\/wp-json\/wp\/v2\/users\/35"}],"replies":[{"embeddable":true,"href":"https:\/\/www.m-q.ch\/fr\/wp-json\/wp\/v2\/comments?post=8084"}],"version-history":[{"count":2,"href":"https:\/\/www.m-q.ch\/fr\/wp-json\/wp\/v2\/posts\/8084\/revisions"}],"predecessor-version":[{"id":8287,"href":"https:\/\/www.m-q.ch\/fr\/wp-json\/wp\/v2\/posts\/8084\/revisions\/8287"}],"wp:featuredmedia":[{"embeddable":true,"href":"https:\/\/www.m-q.ch\/fr\/wp-json\/wp\/v2\/media\/8285"}],"wp:attachment":[{"href":"https:\/\/www.m-q.ch\/fr\/wp-json\/wp\/v2\/media?parent=8084"}],"wp:term":[{"taxonomy":"category","embeddable":true,"href":"https:\/\/www.m-q.ch\/fr\/wp-json\/wp\/v2\/categories?post=8084"},{"taxonomy":"post_tag","embeddable":true,"href":"https:\/\/www.m-q.ch\/fr\/wp-json\/wp\/v2\/tags?post=8084"}],"curies":[{"name":"wp","href":"https:\/\/api.w.org\/{rel}","templated":true}]}}