{"id":8097,"date":"2021-01-29T13:29:49","date_gmt":"2021-01-29T12:29:49","guid":{"rendered":"https:\/\/www.m-q.ch\/?p=4720"},"modified":"2021-02-02T14:15:03","modified_gmt":"2021-02-02T13:15:03","slug":"certificat-de-durabilite-decerne-aux-distributeurs-et-aux-producteurs","status":"publish","type":"post","link":"https:\/\/www.m-q.ch\/fr\/nachhaltigkeitszertifikat-an-haendler-und-erzeuger-verliehen\/","title":{"rendered":"Certificat de durabilit\u00e9 d\u00e9cern\u00e9 aux commer\u00e7ants et aux producteurs"},"content":{"rendered":"<figure id=\"attachment_8231\" aria-describedby=\"caption-attachment-8231\" style=\"width: 550px\" class=\"wp-caption alignnone\"><img loading=\"lazy\" decoding=\"async\" class=\"size-full wp-image-8231\" src=\"https:\/\/www.m-q.ch\/wp-content\/uploads\/2021\/01\/grafik-1-1.jpg\" alt=\"\" width=\"550\" height=\"379\" srcset=\"https:\/\/www.m-q.ch\/wp-content\/uploads\/2021\/01\/grafik-1-1.jpg 550w, https:\/\/www.m-q.ch\/wp-content\/uploads\/2021\/01\/grafik-1-1-16x12.jpg 16w, https:\/\/www.m-q.ch\/wp-content\/uploads\/2021\/01\/grafik-1-1-254x175.jpg 254w, https:\/\/www.m-q.ch\/wp-content\/uploads\/2021\/01\/grafik-1-1-508x350.jpg 508w, https:\/\/www.m-q.ch\/wp-content\/uploads\/2021\/01\/grafik-1-1-300x207.jpg 300w\" sizes=\"auto, (max-width: 550px) 100vw, 550px\" \/><figcaption id=\"caption-attachment-8231\" class=\"wp-caption-text\">\u00a9 IFCO<\/figcaption><\/figure>\n<p>L'utilisation de conteneurs en plastique r\u00e9utilisables (RPC) a permis d'\u00e9conomiser plus de 551 000 tonnes d'\u00e9missions de CO2 en 2020, \u00e9crit l'IFCO. Cela en fait l'une des entreprises de logistique et d'emballage les plus durables au monde. Le prix de l'IFCO d\u00e9montre donc l'engagement des entreprises \u00e0 prot\u00e9ger l'environnement et \u00e0 travailler ensemble pour cr\u00e9er des cha\u00eenes d'approvisionnement plus durables, a-t-il ajout\u00e9. Le certificat de durabilit\u00e9 a \u00e9t\u00e9 d\u00e9cern\u00e9 pour la premi\u00e8re fois \u00e0 des d\u00e9taillants en Europe et en Am\u00e9rique du Nord en septembre 2018.<\/p>\n<p><strong>Preuve de l'engagement environnemental des d\u00e9taillants et des producteurs<\/strong><\/p>\n<p>En r\u00e9pondant \u00e0 la demande croissante de produits et de proc\u00e9d\u00e9s respectueux de l'environnement, les d\u00e9taillants et les producteurs peuvent se diff\u00e9rencier de la concurrence et fid\u00e9liser leurs clients, \u00e9crit encore le fournisseur de RPC. C'est pourquoi l'IFCO d\u00e9cerne son certificat de durabilit\u00e9 comme preuve de l'engagement des d\u00e9taillants et des producteurs envers l'environnement. \u00c9tant donn\u00e9 que les actionnaires et les clients sont de plus en plus \u00e0 la recherche d'objectifs commerciaux durables, le certificat de durabilit\u00e9 d'IFCO est une preuve solide de comportement respectueux de l'environnement, tant pour les clients que pour les actionnaires.<\/p>\n<p>\"De nombreux d\u00e9taillants et producteurs travaillent dur pour rendre leurs cha\u00eenes d'approvisionnement plus durables et r\u00e9duire leur empreinte \u00e9cologique. En reconnaissance de ces efforts consid\u00e9rables et afin de fournir aux clients et aux actionnaires des preuves fiables des mesures mises en \u0153uvre, nous attribuons notre certificat de durabilit\u00e9 aux d\u00e9taillants et aux producteurs. Le certificat atteste que les entreprises r\u00e9compens\u00e9es prennent des mesures claires pour rendre leurs cha\u00eenes d'approvisionnement plus durables et ainsi prot\u00e9ger l'environnement. Pouvoir d\u00e9montrer cet engagement aux clients et aux partenaires commerciaux est essentiel \u00e0 la r\u00e9ussite des entreprises\", explique Michael Pooley, PDG d'IFCO Systems.<\/p>\n<p>Chaque client, qu'il soit d\u00e9taillant ou producteur, recevrait un certificat indiquant la quantit\u00e9 de dioxyde de carbone, d'eau, d'\u00e9nergie et de d\u00e9chets solides et alimentaires \u00e9vit\u00e9e gr\u00e2ce \u00e0 l'utilisation des CPR dans sa cha\u00eene d'approvisionnement. Ces \u00e9conomies ont \u00e9t\u00e9 bas\u00e9es sur l'estimation du fournisseur de CPR concernant les r\u00e9ductions d'\u00e9nergie et de ressources.<\/p>\n<p><strong>Impact positif sur l'environnement<\/strong><\/p>\n<p>IFCO d\u00e9clare qu'elle surveille constamment les avantages environnementaux de son concept de logistique \"SmartCycle\", qui est bas\u00e9 sur le principe du \"partage et de la r\u00e9utilisation\" pour r\u00e9duire l'empreinte \u00e9cologique des cha\u00eenes d'approvisionnement des entreprises. Les clients du fournisseur auraient \u00e9conomis\u00e9 entre 17 et 20 % d'eau, d'\u00e9nergie et d'\u00e9missions de CO2 en plus, ainsi que de d\u00e9chets solides et de produits, en 2020 par rapport \u00e0 2017, ann\u00e9e o\u00f9 les d\u00e9taillants ont remport\u00e9 le prix pour la premi\u00e8re fois. Il a d\u00e9clar\u00e9 que cela \u00e9tait possible parce que tous les CPR du fournisseur sont r\u00e9utilis\u00e9s 30 \u00e0 120 fois tout au long de leur dur\u00e9e de vie. Apr\u00e8s chaque cycle, les CPR seraient soumis \u00e0 un processus de nettoyage et d'inspection minutieux avant d'\u00eatre \u00e0 nouveau exp\u00e9di\u00e9s. Les conteneurs endommag\u00e9s qui ne pourraient plus \u00eatre utilis\u00e9s seraient recycl\u00e9s \u00e0 100 % et utilis\u00e9s pour fabriquer de nouveaux CPR.<\/p>\n<p>Plusieurs \u00e9tudes ont montr\u00e9 que l'utilisation des emballages r\u00e9utilisables permet de r\u00e9aliser des \u00e9conomies de CO2 (jusqu'\u00e0 60%), d'\u00e9nergie (64%), d'eau (80%), de d\u00e9chets solides (jusqu'\u00e0 86%) et de d\u00e9g\u00e2ts alimentaires (jusqu'\u00e0 96%) par rapport aux emballages \u00e0 usage unique, indique le communiqu\u00e9 de presse.<\/p>\n<p><img loading=\"lazy\" decoding=\"async\" class=\"alignnone size-medium wp-image-4724\" src=\"https:\/\/www.m-q.ch\/wp-content\/uploads\/2021\/01\/LCA_Counter_2020_DE-680x285.png\" alt=\"\" width=\"680\" height=\"285\" \/><\/p>\n<p><em>Source : <a href=\"https:\/\/www.ifco.com\/de\/\">IFCO<\/a><\/em><\/p>","protected":false},"excerpt":{"rendered":"<p>Die Verwendung von Mehrwegbeh\u00e4ltern (Reusable Plastic Containers, RPCs) habe im Jahr 2020 Einsparungen von mehr als 551\u2019000 Tonnen an CO2-Emissionen erm\u00f6glicht, schreibt IFCO. Damit sei man eines der nachhaltigsten Logistik- und Verpackungsunternehmen weltweit. Die Auszeichnung durch IFCO zeige daher das Engagement von Unternehmen f\u00fcr den Umweltschutz und die gemeinsame Gestaltung nachhaltigerer Lieferketten. Das Nachhaltigkeitszertifikat wurde [&hellip;]<\/p>\n","protected":false},"author":35,"featured_media":8231,"comment_status":"closed","ping_status":"closed","sticky":false,"template":"","format":"standard","meta":{"_acf_changed":false,"footnotes":""},"categories":[2,3303],"tags":[4667,4668,4669,4670,4671],"class_list":["post-8097","post","type-post","status-publish","format-standard","has-post-thumbnail","hentry","category-produktenews","category-qualitaetsmanagement","tag-ifco","tag-mehrwegbehaelter","tag-nachhaltigkeitszertifikat","tag-reusable-plastic-containers","tag-rpcs"],"acf":[],"yoast_head":"<!-- This site is optimized with the Yoast SEO plugin v26.2 - https:\/\/yoast.com\/wordpress\/plugins\/seo\/ -->\n<title>Nachhaltigkeitszertifikat an H\u00e4ndler und Erzeuger verliehen - MQ Management und Qualit\u00e4t<\/title>\n<meta name=\"description\" content=\"Die auf Mehrwegbeh\u00e4lter spezialisierte IFCO, verleiht zum vierten Mal in Folge sein j\u00e4hrliches Nachhaltigkeitszertifikat.\" \/>\n<meta name=\"robots\" content=\"index, follow, max-snippet:-1, max-image-preview:large, max-video-preview:-1\" \/>\n<link rel=\"canonical\" href=\"https:\/\/www.m-q.ch\/fr\/certificat-de-durabilite-decerne-aux-distributeurs-et-aux-producteurs\/\" \/>\n<meta property=\"og:locale\" content=\"fr_FR\" \/>\n<meta property=\"og:type\" content=\"article\" \/>\n<meta property=\"og:title\" content=\"Nachhaltigkeitszertifikat an H\u00e4ndler und Erzeuger verliehen - MQ Management und Qualit\u00e4t\" \/>\n<meta property=\"og:description\" content=\"Die auf Mehrwegbeh\u00e4lter spezialisierte IFCO, verleiht zum vierten Mal in Folge sein j\u00e4hrliches Nachhaltigkeitszertifikat.\" \/>\n<meta property=\"og:url\" content=\"https:\/\/www.m-q.ch\/fr\/certificat-de-durabilite-decerne-aux-distributeurs-et-aux-producteurs\/\" \/>\n<meta property=\"og:site_name\" content=\"MQ Management und Qualit\u00e4t\" \/>\n<meta property=\"article:publisher\" content=\"https:\/\/www.facebook.com\/ManagementUndQualitaet\" \/>\n<meta property=\"article:published_time\" content=\"2021-01-29T12:29:49+00:00\" \/>\n<meta property=\"article:modified_time\" content=\"2021-02-02T13:15:03+00:00\" \/>\n<meta property=\"og:image\" content=\"https:\/\/www.m-q.ch\/wp-content\/uploads\/2021\/01\/grafik-1-1.jpg\" \/>\n\t<meta property=\"og:image:width\" content=\"550\" \/>\n\t<meta property=\"og:image:height\" content=\"379\" \/>\n\t<meta property=\"og:image:type\" content=\"image\/jpeg\" \/>\n<meta name=\"author\" content=\"Roger Str\u00e4ssle\" \/>\n<meta name=\"twitter:card\" content=\"summary_large_image\" \/>\n<meta name=\"twitter:label1\" content=\"\u00c9crit par\" \/>\n\t<meta name=\"twitter:data1\" content=\"Roger Str\u00e4ssle\" \/>\n\t<meta name=\"twitter:label2\" content=\"Dur\u00e9e de lecture estim\u00e9e\" \/>\n\t<meta name=\"twitter:data2\" content=\"2 minutes\" \/>\n<script type=\"application\/ld+json\" class=\"yoast-schema-graph\">{\"@context\":\"https:\/\/schema.org\",\"@graph\":[{\"@type\":\"Article\",\"@id\":\"https:\/\/www.m-q.ch\/nachhaltigkeitszertifikat-an-haendler-und-erzeuger-verliehen\/#article\",\"isPartOf\":{\"@id\":\"https:\/\/www.m-q.ch\/nachhaltigkeitszertifikat-an-haendler-und-erzeuger-verliehen\/\"},\"author\":{\"name\":\"Roger Str\u00e4ssle\",\"@id\":\"https:\/\/www.m-q.ch\/fr\/#\/schema\/person\/47d540e081acd98ccbeb69b55df653d7\"},\"headline\":\"Nachhaltigkeitszertifikat an H\u00e4ndler und Erzeuger verliehen\",\"datePublished\":\"2021-01-29T12:29:49+00:00\",\"dateModified\":\"2021-02-02T13:15:03+00:00\",\"mainEntityOfPage\":{\"@id\":\"https:\/\/www.m-q.ch\/nachhaltigkeitszertifikat-an-haendler-und-erzeuger-verliehen\/\"},\"wordCount\":487,\"publisher\":{\"@id\":\"https:\/\/www.m-q.ch\/fr\/#organization\"},\"image\":{\"@id\":\"https:\/\/www.m-q.ch\/nachhaltigkeitszertifikat-an-haendler-und-erzeuger-verliehen\/#primaryimage\"},\"thumbnailUrl\":\"https:\/\/www.m-q.ch\/wp-content\/uploads\/2021\/01\/grafik-1-1.jpg\",\"keywords\":[\"IFCO\",\"Mehrwegbeh\u00e4lter\",\"Nachhaltigkeitszertifikat\",\"Reusable Plastic Containers\",\"RPCs\"],\"articleSection\":[\"Produktenews\",\"Qualit\u00e4tsmanagement\"],\"inLanguage\":\"fr-FR\"},{\"@type\":\"WebPage\",\"@id\":\"https:\/\/www.m-q.ch\/nachhaltigkeitszertifikat-an-haendler-und-erzeuger-verliehen\/\",\"url\":\"https:\/\/www.m-q.ch\/nachhaltigkeitszertifikat-an-haendler-und-erzeuger-verliehen\/\",\"name\":\"Nachhaltigkeitszertifikat an H\u00e4ndler und Erzeuger verliehen - MQ Management und Qualit\u00e4t\",\"isPartOf\":{\"@id\":\"https:\/\/www.m-q.ch\/fr\/#website\"},\"primaryImageOfPage\":{\"@id\":\"https:\/\/www.m-q.ch\/nachhaltigkeitszertifikat-an-haendler-und-erzeuger-verliehen\/#primaryimage\"},\"image\":{\"@id\":\"https:\/\/www.m-q.ch\/nachhaltigkeitszertifikat-an-haendler-und-erzeuger-verliehen\/#primaryimage\"},\"thumbnailUrl\":\"https:\/\/www.m-q.ch\/wp-content\/uploads\/2021\/01\/grafik-1-1.jpg\",\"datePublished\":\"2021-01-29T12:29:49+00:00\",\"dateModified\":\"2021-02-02T13:15:03+00:00\",\"description\":\"Die auf Mehrwegbeh\u00e4lter spezialisierte IFCO, verleiht zum vierten Mal in Folge sein j\u00e4hrliches Nachhaltigkeitszertifikat.\",\"breadcrumb\":{\"@id\":\"https:\/\/www.m-q.ch\/nachhaltigkeitszertifikat-an-haendler-und-erzeuger-verliehen\/#breadcrumb\"},\"inLanguage\":\"fr-FR\",\"potentialAction\":[{\"@type\":\"ReadAction\",\"target\":[\"https:\/\/www.m-q.ch\/nachhaltigkeitszertifikat-an-haendler-und-erzeuger-verliehen\/\"]}]},{\"@type\":\"ImageObject\",\"inLanguage\":\"fr-FR\",\"@id\":\"https:\/\/www.m-q.ch\/nachhaltigkeitszertifikat-an-haendler-und-erzeuger-verliehen\/#primaryimage\",\"url\":\"https:\/\/www.m-q.ch\/wp-content\/uploads\/2021\/01\/grafik-1-1.jpg\",\"contentUrl\":\"https:\/\/www.m-q.ch\/wp-content\/uploads\/2021\/01\/grafik-1-1.jpg\",\"width\":550,\"height\":379,\"caption\":\"\u00a9 IFCO\"},{\"@type\":\"BreadcrumbList\",\"@id\":\"https:\/\/www.m-q.ch\/nachhaltigkeitszertifikat-an-haendler-und-erzeuger-verliehen\/#breadcrumb\",\"itemListElement\":[{\"@type\":\"ListItem\",\"position\":1,\"name\":\"Produktenews\",\"item\":\"https:\/\/www.m-q.ch\/kategorie\/produktenews\/\"},{\"@type\":\"ListItem\",\"position\":2,\"name\":\"Nachhaltigkeitszertifikat an H\u00e4ndler und Erzeuger verliehen\"}]},{\"@type\":\"WebSite\",\"@id\":\"https:\/\/www.m-q.ch\/fr\/#website\",\"url\":\"https:\/\/www.m-q.ch\/fr\/\",\"name\":\"MQ Management und Qualit\u00e4t\",\"description\":\"Plattform f\u00fcr integrierte Managementsysteme.\",\"publisher\":{\"@id\":\"https:\/\/www.m-q.ch\/fr\/#organization\"},\"potentialAction\":[{\"@type\":\"SearchAction\",\"target\":{\"@type\":\"EntryPoint\",\"urlTemplate\":\"https:\/\/www.m-q.ch\/fr\/?s={search_term_string}\"},\"query-input\":{\"@type\":\"PropertyValueSpecification\",\"valueRequired\":true,\"valueName\":\"search_term_string\"}}],\"inLanguage\":\"fr-FR\"},{\"@type\":\"Organization\",\"@id\":\"https:\/\/www.m-q.ch\/fr\/#organization\",\"name\":\"Galledia Fachmedien AG\",\"url\":\"https:\/\/www.m-q.ch\/fr\/\",\"logo\":{\"@type\":\"ImageObject\",\"inLanguage\":\"fr-FR\",\"@id\":\"https:\/\/www.m-q.ch\/fr\/#\/schema\/logo\/image\/\",\"url\":\"https:\/\/www.m-q.ch\/wp-content\/uploads\/2020\/12\/cropped-logo_small.png\",\"contentUrl\":\"https:\/\/www.m-q.ch\/wp-content\/uploads\/2020\/12\/cropped-logo_small.png\",\"width\":512,\"height\":512,\"caption\":\"Galledia Fachmedien AG\"},\"image\":{\"@id\":\"https:\/\/www.m-q.ch\/fr\/#\/schema\/logo\/image\/\"},\"sameAs\":[\"https:\/\/www.facebook.com\/ManagementUndQualitaet\",\"https:\/\/www.linkedin.com\/showcase\/17982321\/admin\/\"]},{\"@type\":\"Person\",\"@id\":\"https:\/\/www.m-q.ch\/fr\/#\/schema\/person\/47d540e081acd98ccbeb69b55df653d7\",\"name\":\"Roger Str\u00e4ssle\",\"image\":{\"@type\":\"ImageObject\",\"inLanguage\":\"fr-FR\",\"@id\":\"https:\/\/www.m-q.ch\/fr\/#\/schema\/person\/image\/\",\"url\":\"https:\/\/secure.gravatar.com\/avatar\/e4dde3046d8a184d2e2d27651a418883?s=96&d=mm&r=g\",\"contentUrl\":\"https:\/\/secure.gravatar.com\/avatar\/e4dde3046d8a184d2e2d27651a418883?s=96&d=mm&r=g\",\"caption\":\"Roger Str\u00e4ssle\"},\"url\":\"https:\/\/www.m-q.ch\/fr\/author\/roger-straessle\/\"}]}<\/script>\n<!-- \/ Yoast SEO plugin. -->","yoast_head_json":{"title":"Certificat de durabilit\u00e9 d\u00e9cern\u00e9 aux commer\u00e7ants et aux producteurs - MQ Management und Qualit\u00e4t","description":"L'IFCO, sp\u00e9cialis\u00e9e dans les conteneurs r\u00e9utilisables, d\u00e9cerne son certificat annuel de durabilit\u00e9 pour la quatri\u00e8me ann\u00e9e cons\u00e9cutive.","robots":{"index":"index","follow":"follow","max-snippet":"max-snippet:-1","max-image-preview":"max-image-preview:large","max-video-preview":"max-video-preview:-1"},"canonical":"https:\/\/www.m-q.ch\/fr\/certificat-de-durabilite-decerne-aux-distributeurs-et-aux-producteurs\/","og_locale":"fr_FR","og_type":"article","og_title":"Nachhaltigkeitszertifikat an H\u00e4ndler und Erzeuger verliehen - MQ Management und Qualit\u00e4t","og_description":"Die auf Mehrwegbeh\u00e4lter spezialisierte IFCO, verleiht zum vierten Mal in Folge sein j\u00e4hrliches Nachhaltigkeitszertifikat.","og_url":"https:\/\/www.m-q.ch\/fr\/certificat-de-durabilite-decerne-aux-distributeurs-et-aux-producteurs\/","og_site_name":"MQ Management und Qualit\u00e4t","article_publisher":"https:\/\/www.facebook.com\/ManagementUndQualitaet","article_published_time":"2021-01-29T12:29:49+00:00","article_modified_time":"2021-02-02T13:15:03+00:00","og_image":[{"width":550,"height":379,"url":"https:\/\/www.m-q.ch\/wp-content\/uploads\/2021\/01\/grafik-1-1.jpg","type":"image\/jpeg"}],"author":"Roger Str\u00e4ssle","twitter_card":"summary_large_image","twitter_misc":{"\u00c9crit par":"Roger Str\u00e4ssle","Dur\u00e9e de lecture estim\u00e9e":"2 minutes"},"schema":{"@context":"https:\/\/schema.org","@graph":[{"@type":"Article","@id":"https:\/\/www.m-q.ch\/nachhaltigkeitszertifikat-an-haendler-und-erzeuger-verliehen\/#article","isPartOf":{"@id":"https:\/\/www.m-q.ch\/nachhaltigkeitszertifikat-an-haendler-und-erzeuger-verliehen\/"},"author":{"name":"Roger Str\u00e4ssle","@id":"https:\/\/www.m-q.ch\/fr\/#\/schema\/person\/47d540e081acd98ccbeb69b55df653d7"},"headline":"Nachhaltigkeitszertifikat an H\u00e4ndler und Erzeuger verliehen","datePublished":"2021-01-29T12:29:49+00:00","dateModified":"2021-02-02T13:15:03+00:00","mainEntityOfPage":{"@id":"https:\/\/www.m-q.ch\/nachhaltigkeitszertifikat-an-haendler-und-erzeuger-verliehen\/"},"wordCount":487,"publisher":{"@id":"https:\/\/www.m-q.ch\/fr\/#organization"},"image":{"@id":"https:\/\/www.m-q.ch\/nachhaltigkeitszertifikat-an-haendler-und-erzeuger-verliehen\/#primaryimage"},"thumbnailUrl":"https:\/\/www.m-q.ch\/wp-content\/uploads\/2021\/01\/grafik-1-1.jpg","keywords":["IFCO","Mehrwegbeh\u00e4lter","Nachhaltigkeitszertifikat","Reusable Plastic Containers","RPCs"],"articleSection":["Produktenews","Qualit\u00e4tsmanagement"],"inLanguage":"fr-FR"},{"@type":"WebPage","@id":"https:\/\/www.m-q.ch\/nachhaltigkeitszertifikat-an-haendler-und-erzeuger-verliehen\/","url":"https:\/\/www.m-q.ch\/nachhaltigkeitszertifikat-an-haendler-und-erzeuger-verliehen\/","name":"Certificat de durabilit\u00e9 d\u00e9cern\u00e9 aux commer\u00e7ants et aux producteurs - MQ Management und Qualit\u00e4t","isPartOf":{"@id":"https:\/\/www.m-q.ch\/fr\/#website"},"primaryImageOfPage":{"@id":"https:\/\/www.m-q.ch\/nachhaltigkeitszertifikat-an-haendler-und-erzeuger-verliehen\/#primaryimage"},"image":{"@id":"https:\/\/www.m-q.ch\/nachhaltigkeitszertifikat-an-haendler-und-erzeuger-verliehen\/#primaryimage"},"thumbnailUrl":"https:\/\/www.m-q.ch\/wp-content\/uploads\/2021\/01\/grafik-1-1.jpg","datePublished":"2021-01-29T12:29:49+00:00","dateModified":"2021-02-02T13:15:03+00:00","description":"L'IFCO, sp\u00e9cialis\u00e9e dans les conteneurs r\u00e9utilisables, d\u00e9cerne son certificat annuel de durabilit\u00e9 pour la quatri\u00e8me ann\u00e9e cons\u00e9cutive.","breadcrumb":{"@id":"https:\/\/www.m-q.ch\/nachhaltigkeitszertifikat-an-haendler-und-erzeuger-verliehen\/#breadcrumb"},"inLanguage":"fr-FR","potentialAction":[{"@type":"ReadAction","target":["https:\/\/www.m-q.ch\/nachhaltigkeitszertifikat-an-haendler-und-erzeuger-verliehen\/"]}]},{"@type":"ImageObject","inLanguage":"fr-FR","@id":"https:\/\/www.m-q.ch\/nachhaltigkeitszertifikat-an-haendler-und-erzeuger-verliehen\/#primaryimage","url":"https:\/\/www.m-q.ch\/wp-content\/uploads\/2021\/01\/grafik-1-1.jpg","contentUrl":"https:\/\/www.m-q.ch\/wp-content\/uploads\/2021\/01\/grafik-1-1.jpg","width":550,"height":379,"caption":"\u00a9 IFCO"},{"@type":"BreadcrumbList","@id":"https:\/\/www.m-q.ch\/nachhaltigkeitszertifikat-an-haendler-und-erzeuger-verliehen\/#breadcrumb","itemListElement":[{"@type":"ListItem","position":1,"name":"Produktenews","item":"https:\/\/www.m-q.ch\/kategorie\/produktenews\/"},{"@type":"ListItem","position":2,"name":"Nachhaltigkeitszertifikat an H\u00e4ndler und Erzeuger verliehen"}]},{"@type":"WebSite","@id":"https:\/\/www.m-q.ch\/fr\/#website","url":"https:\/\/www.m-q.ch\/fr\/","name":"Gestion et qualit\u00e9 du QM","description":"Plate-forme pour les syst\u00e8mes de gestion int\u00e9gr\u00e9e.","publisher":{"@id":"https:\/\/www.m-q.ch\/fr\/#organization"},"potentialAction":[{"@type":"SearchAction","target":{"@type":"EntryPoint","urlTemplate":"https:\/\/www.m-q.ch\/fr\/?s={search_term_string}"},"query-input":{"@type":"PropertyValueSpecification","valueRequired":true,"valueName":"search_term_string"}}],"inLanguage":"fr-FR"},{"@type":"Organization","@id":"https:\/\/www.m-q.ch\/fr\/#organization","name":"Galledia Trade Media AG","url":"https:\/\/www.m-q.ch\/fr\/","logo":{"@type":"ImageObject","inLanguage":"fr-FR","@id":"https:\/\/www.m-q.ch\/fr\/#\/schema\/logo\/image\/","url":"https:\/\/www.m-q.ch\/wp-content\/uploads\/2020\/12\/cropped-logo_small.png","contentUrl":"https:\/\/www.m-q.ch\/wp-content\/uploads\/2020\/12\/cropped-logo_small.png","width":512,"height":512,"caption":"Galledia Fachmedien AG"},"image":{"@id":"https:\/\/www.m-q.ch\/fr\/#\/schema\/logo\/image\/"},"sameAs":["https:\/\/www.facebook.com\/ManagementUndQualitaet","https:\/\/www.linkedin.com\/showcase\/17982321\/admin\/"]},{"@type":"Person","@id":"https:\/\/www.m-q.ch\/fr\/#\/schema\/person\/47d540e081acd98ccbeb69b55df653d7","name":"Roger Str\u00e4ssle","image":{"@type":"ImageObject","inLanguage":"fr-FR","@id":"https:\/\/www.m-q.ch\/fr\/#\/schema\/person\/image\/","url":"https:\/\/secure.gravatar.com\/avatar\/e4dde3046d8a184d2e2d27651a418883?s=96&d=mm&r=g","contentUrl":"https:\/\/secure.gravatar.com\/avatar\/e4dde3046d8a184d2e2d27651a418883?s=96&d=mm&r=g","caption":"Roger Str\u00e4ssle"},"url":"https:\/\/www.m-q.ch\/fr\/author\/roger-straessle\/"}]}},"_links":{"self":[{"href":"https:\/\/www.m-q.ch\/fr\/wp-json\/wp\/v2\/posts\/8097","targetHints":{"allow":["GET"]}}],"collection":[{"href":"https:\/\/www.m-q.ch\/fr\/wp-json\/wp\/v2\/posts"}],"about":[{"href":"https:\/\/www.m-q.ch\/fr\/wp-json\/wp\/v2\/types\/post"}],"author":[{"embeddable":true,"href":"https:\/\/www.m-q.ch\/fr\/wp-json\/wp\/v2\/users\/35"}],"replies":[{"embeddable":true,"href":"https:\/\/www.m-q.ch\/fr\/wp-json\/wp\/v2\/comments?post=8097"}],"version-history":[{"count":3,"href":"https:\/\/www.m-q.ch\/fr\/wp-json\/wp\/v2\/posts\/8097\/revisions"}],"predecessor-version":[{"id":8232,"href":"https:\/\/www.m-q.ch\/fr\/wp-json\/wp\/v2\/posts\/8097\/revisions\/8232"}],"wp:featuredmedia":[{"embeddable":true,"href":"https:\/\/www.m-q.ch\/fr\/wp-json\/wp\/v2\/media\/8231"}],"wp:attachment":[{"href":"https:\/\/www.m-q.ch\/fr\/wp-json\/wp\/v2\/media?parent=8097"}],"wp:term":[{"taxonomy":"category","embeddable":true,"href":"https:\/\/www.m-q.ch\/fr\/wp-json\/wp\/v2\/categories?post=8097"},{"taxonomy":"post_tag","embeddable":true,"href":"https:\/\/www.m-q.ch\/fr\/wp-json\/wp\/v2\/tags?post=8097"}],"curies":[{"name":"wp","href":"https:\/\/api.w.org\/{rel}","templated":true}]}}