{"id":812,"date":"2017-01-25T11:06:06","date_gmt":"2017-01-25T10:06:06","guid":{"rendered":"https:\/\/m-q.ch\/?p=812"},"modified":"2017-01-25T13:58:58","modified_gmt":"2017-01-25T12:58:58","slug":"812-2","status":"publish","type":"post","link":"https:\/\/www.m-q.ch\/fr\/812-2\/","title":{"rendered":"Num\u00e9risation des technologies cl\u00e9s"},"content":{"rendered":"<figure id=\"attachment_815\" aria-describedby=\"caption-attachment-815\" style=\"width: 434px\" class=\"wp-caption alignnone\"><img loading=\"lazy\" decoding=\"async\" class=\"size-full wp-image-815\" src=\"https:\/\/m-q.ch\/wp-content\/uploads\/2017\/01\/Digitalisierungstrends-mq-management-qualit\u00e4t-2.jpg\" alt=\"\" width=\"434\" height=\"320\" srcset=\"https:\/\/www.m-q.ch\/wp-content\/uploads\/2017\/01\/Digitalisierungstrends-mq-management-qualit\u00e4t-2.jpg 434w, https:\/\/www.m-q.ch\/wp-content\/uploads\/2017\/01\/Digitalisierungstrends-mq-management-qualit\u00e4t-2-16x12.jpg 16w, https:\/\/www.m-q.ch\/wp-content\/uploads\/2017\/01\/Digitalisierungstrends-mq-management-qualit\u00e4t-2-237x175.jpg 237w, https:\/\/www.m-q.ch\/wp-content\/uploads\/2017\/01\/Digitalisierungstrends-mq-management-qualit\u00e4t-2-300x221.jpg 300w\" sizes=\"auto, (max-width: 434px) 100vw, 434px\" \/><figcaption id=\"caption-attachment-815\" class=\"wp-caption-text\">Christoph H\u00f6inghaus, PDG de Trivadis, \u00e0 propos des tendances informatiques \u00e0 partir de 2017 (Image : zVg)<\/figcaption><\/figure>\n<p>\u00c0 l'avenir, il sera essentiel de pouvoir traiter intelligemment les donn\u00e9es. Quatre th\u00e8ses sur la num\u00e9risation par Christoph H\u00f6inghaus, PDG de Trivadis, sur les d\u00e9veloppements de l'informatique \u00e0 partir de 2017 :<\/p>\n<p><strong>Th\u00e8se 1 :<\/strong><strong> Un environnement \u00e9conomique et politique dynamique exige des entreprises agiles et flexibles<\/strong><br \/>\nLes \u00e9lections aux \u00c9tats-Unis et les r\u00e9f\u00e9rendums en Italie et en Angleterre sont des exemples d'\u00e9v\u00e9nements actuels qui influencent ce que la NZZ appelle l'\"environnement d\u00e9j\u00e0 fragile\" du d\u00e9veloppement \u00e9conomique actuel. Si l'on en croit les pr\u00e9visionnistes de l'UBS, nous sommes dans une \"ann\u00e9e de polarisation\". Cependant, l'avenir proche se d\u00e9veloppe : Pour les entreprises, cela signifie qu'elles devront op\u00e9rer dans un environnement de plus en plus dynamique. Pour survivre dans cet environnement, les entreprises devront devenir plus agiles et plus flexibles.<\/p>\n<p><strong>Th\u00e8se 2 : L'informatique devient le troisi\u00e8me pilier de l'entreprise agile et flexible<\/strong>s<br \/>\n\u00c0 l'avenir, ce sont les entreprises qui peuvent op\u00e9rer tr\u00e8s pr\u00e8s du march\u00e9 qui pr\u00e9vaudront. En d'autres termes, ceux qui sont capables d'adapter tr\u00e8s rapidement leur offre \u00e0 l'\u00e9volution des besoins des clients - et de le faire avec une qualit\u00e9 accrue des processus et des produits et une optimisation constante de la prestation de services. Cela n\u00e9cessite trois choses : un personnel hautement qualifi\u00e9, une transparence totale gr\u00e2ce aux chiffres et une informatique performante. La num\u00e9risation modifie ou renforce la position des technologies de l'information dans l'entreprise : Il se transforme d'un outil de travail en un garant de succ\u00e8s.<\/p>\n<p><strong>Th\u00e8se 3 : Avec l'informatique actuelle, les entreprises ne sont pas pr\u00e9par\u00e9es \u00e0 la num\u00e9risation<\/strong><br \/>\nCependant, les syst\u00e8mes existants ne sont pas con\u00e7us pour traiter les volumes de donn\u00e9es que la num\u00e9risation apporte. Ils ne font que soutenir le mode de fonctionnement actuel d'une entreprise et repr\u00e9sentent une vision interne. Afin de traiter ces informations de mani\u00e8re \u00e0 ce qu'elles puissent \u00eatre utilis\u00e9es de mani\u00e8re significative, l'informatique interne actuelle doit \u00eatre consid\u00e9rablement modifi\u00e9e et d\u00e9velopp\u00e9e. Il s'agit de faire \u00e9voluer l'informatique con\u00e7ue pour la vue interne dans le sens d'une intelligence num\u00e9rique en r\u00e9seau pour permettre \u00e0 l'entreprise d'acc\u00e9der au monde num\u00e9rique global. \u00c0 cette fin, les syst\u00e8mes doivent \u00eatre remplac\u00e9s, \u00e9tendus ou reconstruits.<\/p>\n<p><strong>Th\u00e8se 4 : Le Cloud, les Big Data et l'IdO sont les technologies cl\u00e9s du traitement intelligent des donn\u00e9es<\/strong><br \/>\nLe cloud computing, les donn\u00e9es volumineuses et l'Internet des objets sont les moyens les plus importants pour traiter le flot de donn\u00e9es dans le monde num\u00e9ris\u00e9. Les technologies de l'information de demain doivent savoir comment combiner les technologies existantes avec ces technologies. Deux types de mesures doivent \u00eatre envisag\u00e9es ici : la modernisation des applications existantes comme condition pr\u00e9alable \u00e0 une combinaison avec les technologies modernes et - logiquement - la combinaison des technologies existantes avec les technologies modernes.<br \/>\nLa base de cette combinaison est une nouvelle fa\u00e7on de traiter les donn\u00e9es : on s'\u00e9loigne de la pure gestion des donn\u00e9es en tant que reflet de l'activit\u00e9 op\u00e9rationnelle pour se tourner vers la fourniture de donn\u00e9es pertinentes pour les entreprises en tant que base compl\u00e8te d'information et de prise de d\u00e9cision. En bref : la capacit\u00e9 cl\u00e9 de l'entreprise dynamique et flexible de l'avenir est la capacit\u00e9 \u00e0 traiter les donn\u00e9es de mani\u00e8re intelligente.<\/p>\n<p><a href=\"http:\/\/www.trivadis.com\" target=\"_blank\">www.trivadis.com<\/a><\/p>","protected":false},"excerpt":{"rendered":"<p>In Zukunft wird es essentiell sein, intelligent mit Daten umgehen zu k\u00f6nnen. Vier Thesen zur Digitalisierung von Christoph H\u00f6inghaus, CEO von Trivadis, zu den Entwicklungen in der IT ab 2017: These 1: Ein dynamisches wirtschaftliches und politisches Umfeld erfordert agile und flexible Unternehmen Die Wahlen in den USA und die Abstimmungen in Italien sowie in [&hellip;]<\/p>\n","protected":false},"author":35,"featured_media":815,"comment_status":"open","ping_status":"open","sticky":false,"template":"","format":"standard","meta":{"_acf_changed":false,"footnotes":""},"categories":[1],"tags":[3372,3392],"class_list":["post-812","post","type-post","status-publish","format-standard","has-post-thumbnail","hentry","category-unkategorisiert","tag-digitalisierung","tag-trends-2017"],"acf":[],"yoast_head":"<!-- This site is optimized with the Yoast SEO plugin v26.2 - https:\/\/yoast.com\/wordpress\/plugins\/seo\/ -->\n<title>Schl\u00fcsseltechnologie Digitalisierung - MQ Management und Qualit\u00e4t<\/title>\n<meta name=\"description\" content=\"Digitalisierung: Die derzeitigen Entwicklungen haben einschneidende Auswirkungen auf die Unternehmen und vor allem die IT.\" \/>\n<meta name=\"robots\" content=\"index, follow, max-snippet:-1, max-image-preview:large, max-video-preview:-1\" \/>\n<link rel=\"canonical\" href=\"https:\/\/www.m-q.ch\/fr\/812-2\/\" \/>\n<meta property=\"og:locale\" content=\"fr_FR\" \/>\n<meta property=\"og:type\" content=\"article\" \/>\n<meta property=\"og:title\" content=\"Schl\u00fcsseltechnologie Digitalisierung - MQ Management und Qualit\u00e4t\" \/>\n<meta property=\"og:description\" content=\"Digitalisierung: Die derzeitigen Entwicklungen haben einschneidende Auswirkungen auf die Unternehmen und vor allem die IT.\" \/>\n<meta property=\"og:url\" content=\"https:\/\/www.m-q.ch\/fr\/812-2\/\" \/>\n<meta property=\"og:site_name\" content=\"MQ Management und Qualit\u00e4t\" \/>\n<meta property=\"article:publisher\" content=\"https:\/\/www.facebook.com\/ManagementUndQualitaet\" \/>\n<meta property=\"article:published_time\" content=\"2017-01-25T10:06:06+00:00\" \/>\n<meta property=\"article:modified_time\" content=\"2017-01-25T12:58:58+00:00\" \/>\n<meta property=\"og:image\" content=\"https:\/\/www.m-q.ch\/wp-content\/uploads\/2017\/01\/Digitalisierungstrends-mq-management-qualit\u00e4t-2.jpg\" \/>\n\t<meta property=\"og:image:width\" content=\"434\" \/>\n\t<meta property=\"og:image:height\" content=\"320\" \/>\n\t<meta property=\"og:image:type\" content=\"image\/jpeg\" \/>\n<meta name=\"author\" content=\"Roger Str\u00e4ssle\" \/>\n<meta name=\"twitter:card\" content=\"summary_large_image\" \/>\n<meta name=\"twitter:label1\" content=\"\u00c9crit par\" \/>\n\t<meta name=\"twitter:data1\" content=\"Roger Str\u00e4ssle\" \/>\n\t<meta name=\"twitter:label2\" content=\"Dur\u00e9e de lecture estim\u00e9e\" \/>\n\t<meta name=\"twitter:data2\" content=\"2 minutes\" \/>\n<script type=\"application\/ld+json\" class=\"yoast-schema-graph\">{\"@context\":\"https:\/\/schema.org\",\"@graph\":[{\"@type\":\"Article\",\"@id\":\"https:\/\/www.m-q.ch\/de\/812-2\/#article\",\"isPartOf\":{\"@id\":\"https:\/\/www.m-q.ch\/de\/812-2\/\"},\"author\":{\"name\":\"Roger Str\u00e4ssle\",\"@id\":\"https:\/\/www.m-q.ch\/fr\/#\/schema\/person\/47d540e081acd98ccbeb69b55df653d7\"},\"headline\":\"Schl\u00fcsseltechnologie Digitalisierung\",\"datePublished\":\"2017-01-25T10:06:06+00:00\",\"dateModified\":\"2017-01-25T12:58:58+00:00\",\"mainEntityOfPage\":{\"@id\":\"https:\/\/www.m-q.ch\/de\/812-2\/\"},\"wordCount\":498,\"commentCount\":0,\"publisher\":{\"@id\":\"https:\/\/www.m-q.ch\/fr\/#organization\"},\"image\":{\"@id\":\"https:\/\/www.m-q.ch\/de\/812-2\/#primaryimage\"},\"thumbnailUrl\":\"https:\/\/www.m-q.ch\/wp-content\/uploads\/2017\/01\/Digitalisierungstrends-mq-management-qualit\u00e4t-2.jpg\",\"keywords\":[\"Digitalisierung\",\"Trends 2017\"],\"articleSection\":[\"Unkategorisiert\"],\"inLanguage\":\"fr-FR\"},{\"@type\":\"WebPage\",\"@id\":\"https:\/\/www.m-q.ch\/de\/812-2\/\",\"url\":\"https:\/\/www.m-q.ch\/de\/812-2\/\",\"name\":\"Schl\u00fcsseltechnologie Digitalisierung - MQ Management und Qualit\u00e4t\",\"isPartOf\":{\"@id\":\"https:\/\/www.m-q.ch\/fr\/#website\"},\"primaryImageOfPage\":{\"@id\":\"https:\/\/www.m-q.ch\/de\/812-2\/#primaryimage\"},\"image\":{\"@id\":\"https:\/\/www.m-q.ch\/de\/812-2\/#primaryimage\"},\"thumbnailUrl\":\"https:\/\/www.m-q.ch\/wp-content\/uploads\/2017\/01\/Digitalisierungstrends-mq-management-qualit\u00e4t-2.jpg\",\"datePublished\":\"2017-01-25T10:06:06+00:00\",\"dateModified\":\"2017-01-25T12:58:58+00:00\",\"description\":\"Digitalisierung: Die derzeitigen Entwicklungen haben einschneidende Auswirkungen auf die Unternehmen und vor allem die IT.\",\"breadcrumb\":{\"@id\":\"https:\/\/www.m-q.ch\/de\/812-2\/#breadcrumb\"},\"inLanguage\":\"fr-FR\",\"potentialAction\":[{\"@type\":\"ReadAction\",\"target\":[\"https:\/\/www.m-q.ch\/de\/812-2\/\"]}]},{\"@type\":\"ImageObject\",\"inLanguage\":\"fr-FR\",\"@id\":\"https:\/\/www.m-q.ch\/de\/812-2\/#primaryimage\",\"url\":\"https:\/\/www.m-q.ch\/wp-content\/uploads\/2017\/01\/Digitalisierungstrends-mq-management-qualit\u00e4t-2.jpg\",\"contentUrl\":\"https:\/\/www.m-q.ch\/wp-content\/uploads\/2017\/01\/Digitalisierungstrends-mq-management-qualit\u00e4t-2.jpg\",\"width\":434,\"height\":320,\"caption\":\"Christoph H\u00f6inghaus, CEO von Trivadis, \u00fcber die Entwicklungen in der IT ab 2017\"},{\"@type\":\"BreadcrumbList\",\"@id\":\"https:\/\/www.m-q.ch\/de\/812-2\/#breadcrumb\",\"itemListElement\":[{\"@type\":\"ListItem\",\"position\":1,\"name\":\"Unkategorisiert\",\"item\":\"https:\/\/www.m-q.ch\/it\/categoria\/senza-categoria\/\"},{\"@type\":\"ListItem\",\"position\":2,\"name\":\"Schl\u00fcsseltechnologie Digitalisierung\"}]},{\"@type\":\"WebSite\",\"@id\":\"https:\/\/www.m-q.ch\/fr\/#website\",\"url\":\"https:\/\/www.m-q.ch\/fr\/\",\"name\":\"MQ Management und Qualit\u00e4t\",\"description\":\"Plattform f\u00fcr integrierte Managementsysteme.\",\"publisher\":{\"@id\":\"https:\/\/www.m-q.ch\/fr\/#organization\"},\"potentialAction\":[{\"@type\":\"SearchAction\",\"target\":{\"@type\":\"EntryPoint\",\"urlTemplate\":\"https:\/\/www.m-q.ch\/fr\/?s={search_term_string}\"},\"query-input\":{\"@type\":\"PropertyValueSpecification\",\"valueRequired\":true,\"valueName\":\"search_term_string\"}}],\"inLanguage\":\"fr-FR\"},{\"@type\":\"Organization\",\"@id\":\"https:\/\/www.m-q.ch\/fr\/#organization\",\"name\":\"Galledia Fachmedien AG\",\"url\":\"https:\/\/www.m-q.ch\/fr\/\",\"logo\":{\"@type\":\"ImageObject\",\"inLanguage\":\"fr-FR\",\"@id\":\"https:\/\/www.m-q.ch\/fr\/#\/schema\/logo\/image\/\",\"url\":\"https:\/\/www.m-q.ch\/wp-content\/uploads\/2020\/12\/cropped-logo_small.png\",\"contentUrl\":\"https:\/\/www.m-q.ch\/wp-content\/uploads\/2020\/12\/cropped-logo_small.png\",\"width\":512,\"height\":512,\"caption\":\"Galledia Fachmedien AG\"},\"image\":{\"@id\":\"https:\/\/www.m-q.ch\/fr\/#\/schema\/logo\/image\/\"},\"sameAs\":[\"https:\/\/www.facebook.com\/ManagementUndQualitaet\",\"https:\/\/www.linkedin.com\/showcase\/17982321\/admin\/\"]},{\"@type\":\"Person\",\"@id\":\"https:\/\/www.m-q.ch\/fr\/#\/schema\/person\/47d540e081acd98ccbeb69b55df653d7\",\"name\":\"Roger Str\u00e4ssle\",\"image\":{\"@type\":\"ImageObject\",\"inLanguage\":\"fr-FR\",\"@id\":\"https:\/\/www.m-q.ch\/fr\/#\/schema\/person\/image\/\",\"url\":\"https:\/\/secure.gravatar.com\/avatar\/e4dde3046d8a184d2e2d27651a418883?s=96&d=mm&r=g\",\"contentUrl\":\"https:\/\/secure.gravatar.com\/avatar\/e4dde3046d8a184d2e2d27651a418883?s=96&d=mm&r=g\",\"caption\":\"Roger Str\u00e4ssle\"},\"url\":\"https:\/\/www.m-q.ch\/fr\/author\/roger-straessle\/\"}]}<\/script>\n<!-- \/ Yoast SEO plugin. -->","yoast_head_json":{"title":"Num\u00e9risation des technologies cl\u00e9s - Gestion et qualit\u00e9 du QM","description":"Num\u00e9risation : les d\u00e9veloppements actuels ont un impact consid\u00e9rable sur les entreprises et les technologies de l'information en particulier.","robots":{"index":"index","follow":"follow","max-snippet":"max-snippet:-1","max-image-preview":"max-image-preview:large","max-video-preview":"max-video-preview:-1"},"canonical":"https:\/\/www.m-q.ch\/fr\/812-2\/","og_locale":"fr_FR","og_type":"article","og_title":"Schl\u00fcsseltechnologie Digitalisierung - MQ Management und Qualit\u00e4t","og_description":"Digitalisierung: Die derzeitigen Entwicklungen haben einschneidende Auswirkungen auf die Unternehmen und vor allem die IT.","og_url":"https:\/\/www.m-q.ch\/fr\/812-2\/","og_site_name":"MQ Management und Qualit\u00e4t","article_publisher":"https:\/\/www.facebook.com\/ManagementUndQualitaet","article_published_time":"2017-01-25T10:06:06+00:00","article_modified_time":"2017-01-25T12:58:58+00:00","og_image":[{"width":434,"height":320,"url":"https:\/\/www.m-q.ch\/wp-content\/uploads\/2017\/01\/Digitalisierungstrends-mq-management-qualit\u00e4t-2.jpg","type":"image\/jpeg"}],"author":"Roger Str\u00e4ssle","twitter_card":"summary_large_image","twitter_misc":{"\u00c9crit par":"Roger Str\u00e4ssle","Dur\u00e9e de lecture estim\u00e9e":"2 minutes"},"schema":{"@context":"https:\/\/schema.org","@graph":[{"@type":"Article","@id":"https:\/\/www.m-q.ch\/de\/812-2\/#article","isPartOf":{"@id":"https:\/\/www.m-q.ch\/de\/812-2\/"},"author":{"name":"Roger Str\u00e4ssle","@id":"https:\/\/www.m-q.ch\/fr\/#\/schema\/person\/47d540e081acd98ccbeb69b55df653d7"},"headline":"Schl\u00fcsseltechnologie Digitalisierung","datePublished":"2017-01-25T10:06:06+00:00","dateModified":"2017-01-25T12:58:58+00:00","mainEntityOfPage":{"@id":"https:\/\/www.m-q.ch\/de\/812-2\/"},"wordCount":498,"commentCount":0,"publisher":{"@id":"https:\/\/www.m-q.ch\/fr\/#organization"},"image":{"@id":"https:\/\/www.m-q.ch\/de\/812-2\/#primaryimage"},"thumbnailUrl":"https:\/\/www.m-q.ch\/wp-content\/uploads\/2017\/01\/Digitalisierungstrends-mq-management-qualit\u00e4t-2.jpg","keywords":["Digitalisierung","Trends 2017"],"articleSection":["Unkategorisiert"],"inLanguage":"fr-FR"},{"@type":"WebPage","@id":"https:\/\/www.m-q.ch\/de\/812-2\/","url":"https:\/\/www.m-q.ch\/de\/812-2\/","name":"Num\u00e9risation des technologies cl\u00e9s - Gestion et qualit\u00e9 du QM","isPartOf":{"@id":"https:\/\/www.m-q.ch\/fr\/#website"},"primaryImageOfPage":{"@id":"https:\/\/www.m-q.ch\/de\/812-2\/#primaryimage"},"image":{"@id":"https:\/\/www.m-q.ch\/de\/812-2\/#primaryimage"},"thumbnailUrl":"https:\/\/www.m-q.ch\/wp-content\/uploads\/2017\/01\/Digitalisierungstrends-mq-management-qualit\u00e4t-2.jpg","datePublished":"2017-01-25T10:06:06+00:00","dateModified":"2017-01-25T12:58:58+00:00","description":"Num\u00e9risation : les d\u00e9veloppements actuels ont un impact consid\u00e9rable sur les entreprises et les technologies de l'information en particulier.","breadcrumb":{"@id":"https:\/\/www.m-q.ch\/de\/812-2\/#breadcrumb"},"inLanguage":"fr-FR","potentialAction":[{"@type":"ReadAction","target":["https:\/\/www.m-q.ch\/de\/812-2\/"]}]},{"@type":"ImageObject","inLanguage":"fr-FR","@id":"https:\/\/www.m-q.ch\/de\/812-2\/#primaryimage","url":"https:\/\/www.m-q.ch\/wp-content\/uploads\/2017\/01\/Digitalisierungstrends-mq-management-qualit\u00e4t-2.jpg","contentUrl":"https:\/\/www.m-q.ch\/wp-content\/uploads\/2017\/01\/Digitalisierungstrends-mq-management-qualit\u00e4t-2.jpg","width":434,"height":320,"caption":"Christoph H\u00f6inghaus, CEO von Trivadis, \u00fcber die Entwicklungen in der IT ab 2017"},{"@type":"BreadcrumbList","@id":"https:\/\/www.m-q.ch\/de\/812-2\/#breadcrumb","itemListElement":[{"@type":"ListItem","position":1,"name":"Unkategorisiert","item":"https:\/\/www.m-q.ch\/it\/categoria\/senza-categoria\/"},{"@type":"ListItem","position":2,"name":"Schl\u00fcsseltechnologie Digitalisierung"}]},{"@type":"WebSite","@id":"https:\/\/www.m-q.ch\/fr\/#website","url":"https:\/\/www.m-q.ch\/fr\/","name":"Gestion et qualit\u00e9 du QM","description":"Plate-forme pour les syst\u00e8mes de gestion int\u00e9gr\u00e9e.","publisher":{"@id":"https:\/\/www.m-q.ch\/fr\/#organization"},"potentialAction":[{"@type":"SearchAction","target":{"@type":"EntryPoint","urlTemplate":"https:\/\/www.m-q.ch\/fr\/?s={search_term_string}"},"query-input":{"@type":"PropertyValueSpecification","valueRequired":true,"valueName":"search_term_string"}}],"inLanguage":"fr-FR"},{"@type":"Organization","@id":"https:\/\/www.m-q.ch\/fr\/#organization","name":"Galledia Trade Media AG","url":"https:\/\/www.m-q.ch\/fr\/","logo":{"@type":"ImageObject","inLanguage":"fr-FR","@id":"https:\/\/www.m-q.ch\/fr\/#\/schema\/logo\/image\/","url":"https:\/\/www.m-q.ch\/wp-content\/uploads\/2020\/12\/cropped-logo_small.png","contentUrl":"https:\/\/www.m-q.ch\/wp-content\/uploads\/2020\/12\/cropped-logo_small.png","width":512,"height":512,"caption":"Galledia Fachmedien AG"},"image":{"@id":"https:\/\/www.m-q.ch\/fr\/#\/schema\/logo\/image\/"},"sameAs":["https:\/\/www.facebook.com\/ManagementUndQualitaet","https:\/\/www.linkedin.com\/showcase\/17982321\/admin\/"]},{"@type":"Person","@id":"https:\/\/www.m-q.ch\/fr\/#\/schema\/person\/47d540e081acd98ccbeb69b55df653d7","name":"Roger Str\u00e4ssle","image":{"@type":"ImageObject","inLanguage":"fr-FR","@id":"https:\/\/www.m-q.ch\/fr\/#\/schema\/person\/image\/","url":"https:\/\/secure.gravatar.com\/avatar\/e4dde3046d8a184d2e2d27651a418883?s=96&d=mm&r=g","contentUrl":"https:\/\/secure.gravatar.com\/avatar\/e4dde3046d8a184d2e2d27651a418883?s=96&d=mm&r=g","caption":"Roger Str\u00e4ssle"},"url":"https:\/\/www.m-q.ch\/fr\/author\/roger-straessle\/"}]}},"_links":{"self":[{"href":"https:\/\/www.m-q.ch\/fr\/wp-json\/wp\/v2\/posts\/812","targetHints":{"allow":["GET"]}}],"collection":[{"href":"https:\/\/www.m-q.ch\/fr\/wp-json\/wp\/v2\/posts"}],"about":[{"href":"https:\/\/www.m-q.ch\/fr\/wp-json\/wp\/v2\/types\/post"}],"author":[{"embeddable":true,"href":"https:\/\/www.m-q.ch\/fr\/wp-json\/wp\/v2\/users\/35"}],"replies":[{"embeddable":true,"href":"https:\/\/www.m-q.ch\/fr\/wp-json\/wp\/v2\/comments?post=812"}],"version-history":[{"count":2,"href":"https:\/\/www.m-q.ch\/fr\/wp-json\/wp\/v2\/posts\/812\/revisions"}],"predecessor-version":[{"id":817,"href":"https:\/\/www.m-q.ch\/fr\/wp-json\/wp\/v2\/posts\/812\/revisions\/817"}],"wp:featuredmedia":[{"embeddable":true,"href":"https:\/\/www.m-q.ch\/fr\/wp-json\/wp\/v2\/media\/815"}],"wp:attachment":[{"href":"https:\/\/www.m-q.ch\/fr\/wp-json\/wp\/v2\/media?parent=812"}],"wp:term":[{"taxonomy":"category","embeddable":true,"href":"https:\/\/www.m-q.ch\/fr\/wp-json\/wp\/v2\/categories?post=812"},{"taxonomy":"post_tag","embeddable":true,"href":"https:\/\/www.m-q.ch\/fr\/wp-json\/wp\/v2\/tags?post=812"}],"curies":[{"name":"wp","href":"https:\/\/api.w.org\/{rel}","templated":true}]}}