{"id":818,"date":"2017-01-24T13:25:22","date_gmt":"2017-01-24T12:25:22","guid":{"rendered":"https:\/\/m-q.ch\/?p=818"},"modified":"2017-02-24T14:59:39","modified_gmt":"2017-02-24T13:59:39","slug":"silvio-catterini-dirige-le-corporate-risk-broking-en-romandie","status":"publish","type":"post","link":"https:\/\/www.m-q.ch\/fr\/silvio-catterini-leitet-corporate-risk-broking-in-der-romandie\/","title":{"rendered":"Silvio Catterini \u00e0 la t\u00eate de \"Corporate Risk &amp; Broking\" en Suisse romande"},"content":{"rendered":"<p>&nbsp;<\/p>\n<figure id=\"attachment_819\" aria-describedby=\"caption-attachment-819\" style=\"width: 391px\" class=\"wp-caption alignnone\"><img loading=\"lazy\" decoding=\"async\" class=\"wp-image-819 size-full\" src=\"https:\/\/www.m-q.ch\/wp-content\/uploads\/2017\/01\/SilvioCatterini-mq-management-qualit\u00e4t.jpg\" width=\"391\" height=\"559\" srcset=\"https:\/\/www.m-q.ch\/wp-content\/uploads\/2017\/01\/SilvioCatterini-mq-management-qualit\u00e4t.jpg 391w, https:\/\/www.m-q.ch\/wp-content\/uploads\/2017\/01\/SilvioCatterini-mq-management-qualit\u00e4t-8x12.jpg 8w, https:\/\/www.m-q.ch\/wp-content\/uploads\/2017\/01\/SilvioCatterini-mq-management-qualit\u00e4t-122x175.jpg 122w, https:\/\/www.m-q.ch\/wp-content\/uploads\/2017\/01\/SilvioCatterini-mq-management-qualit\u00e4t-245x350.jpg 245w, https:\/\/www.m-q.ch\/wp-content\/uploads\/2017\/01\/SilvioCatterini-mq-management-qualit\u00e4t-300x429.jpg 300w\" sizes=\"auto, (max-width: 391px) 100vw, 391px\" \/><figcaption id=\"caption-attachment-819\" class=\"wp-caption-text\">Silvio Catterini, responsable Corporate Risk &amp; Broking (CRB) en Suisse romande. (Image : zVg par Willis Towers Watson)<\/figcaption><\/figure>\n<p>A partir du 1er f\u00e9vrier 2017, l'expert en gestion des risques Silvio Catterini sera responsable du secteur d'activit\u00e9 Corporate Risk &amp; Broking (CRB) chez Willis Towers Watson dans la r\u00e9gion Suisse occidentale. Le ressortissant suisse a une grande exp\u00e9rience de l'industrie. Il a acquis cette exp\u00e9rience au cours de ses nombreuses ann\u00e9es de travail au sein de soci\u00e9t\u00e9s de courtage r\u00e9put\u00e9es, o\u00f9 il a \u00e9t\u00e9 responsable de grands clients internationaux en tant que directeur de comptes et a contribu\u00e9 \u00e0 leur croissance dans le cadre du d\u00e9veloppement de la soci\u00e9t\u00e9.<\/p>\n<p>\"Je suis ravi que Silvio Catterini ait accept\u00e9 ce nouveau d\u00e9fi pour renforcer notre pr\u00e9sence et notre visibilit\u00e9 en Suisse romande\", d\u00e9clare Peter S. Philipp, responsable du CRB chez Willis Towers Watson en Suisse, \u00e0 propos de cette nouvelle nomination. Silvio Catterini est un expert en assurance agr\u00e9\u00e9 au niveau f\u00e9d\u00e9ral et d\u00e9tient une qualification \"Associated in Risk Management (ARM)\". Willis Towers Watson est l'une des principales entreprises mondiales dans les domaines du conseil, du courtage et des solutions.  En Suisse, Willis Towers Watson a des bureaux \u00e0 Zurich et \u00e0 Lausanne.<\/p>\n<p><a href=\"http:\/\/www.willistowerswatson.com\">www.willistowerswatson.com<\/a><\/p>\n<p>&nbsp;<\/p>\n<p>&nbsp;<\/p>\n<p>&nbsp;<\/p>","protected":false},"excerpt":{"rendered":"<p>&nbsp; Der Experte f\u00fcr Risikomanagement Silvio Catterini verantwortet ab dem 1. Februar 2017 das Gesch\u00e4ftsfeld \u201eCorporate Risk &amp; Broking (CRB)\u201c bei Willis Towers Watson in der Region Westschweiz. Der Schweizer verf\u00fcgt \u00fcber viel Industrieerfahrung. Diese hat er sich w\u00e4hrend langj\u00e4hrigen Engagements bei namhaften Brokergesellschaften angeeignet, wo er jeweils als Account Director f\u00fcr internationale Grosskunden zust\u00e4ndig [&hellip;]<\/p>\n","protected":false},"author":35,"featured_media":819,"comment_status":"open","ping_status":"open","sticky":false,"template":"","format":"standard","meta":{"_acf_changed":false,"footnotes":""},"categories":[1],"tags":[3416,3415],"class_list":["post-818","post","type-post","status-publish","format-standard","has-post-thumbnail","hentry","category-unkategorisiert","tag-corporate-risk-broking","tag-willis-towers-watson"],"acf":[],"yoast_head":"<!-- This site is optimized with the Yoast SEO plugin v26.2 - https:\/\/yoast.com\/wordpress\/plugins\/seo\/ -->\n<title>Silvio Catterini leitet \u201eCorporate Risk &amp; Broking\u201c in der Romandie - MQ Management und Qualit\u00e4t<\/title>\n<meta name=\"description\" content=\"Der Experte f\u00fcr Risikomanagement Silvio Catterini verantwortet ab Februar 2017 das Gesch\u00e4ftsfeld \u201eCorporate Risk &amp; Broking (CRB)\u201c bei Willis Towers Watson.\" \/>\n<meta name=\"robots\" content=\"index, follow, max-snippet:-1, max-image-preview:large, max-video-preview:-1\" \/>\n<link rel=\"canonical\" href=\"https:\/\/www.m-q.ch\/fr\/silvio-catterini-dirige-le-corporate-risk-broking-en-romandie\/\" \/>\n<meta property=\"og:locale\" content=\"fr_FR\" \/>\n<meta property=\"og:type\" content=\"article\" \/>\n<meta property=\"og:title\" content=\"Silvio Catterini leitet \u201eCorporate Risk &amp; Broking\u201c in der Romandie - MQ Management und Qualit\u00e4t\" \/>\n<meta property=\"og:description\" content=\"Der Experte f\u00fcr Risikomanagement Silvio Catterini verantwortet ab Februar 2017 das Gesch\u00e4ftsfeld \u201eCorporate Risk &amp; Broking (CRB)\u201c bei Willis Towers Watson.\" \/>\n<meta property=\"og:url\" content=\"https:\/\/www.m-q.ch\/fr\/silvio-catterini-dirige-le-corporate-risk-broking-en-romandie\/\" \/>\n<meta property=\"og:site_name\" content=\"MQ Management und Qualit\u00e4t\" \/>\n<meta property=\"article:publisher\" content=\"https:\/\/www.facebook.com\/ManagementUndQualitaet\" \/>\n<meta property=\"article:published_time\" content=\"2017-01-24T12:25:22+00:00\" \/>\n<meta property=\"article:modified_time\" content=\"2017-02-24T13:59:39+00:00\" \/>\n<meta property=\"og:image\" content=\"https:\/\/www.m-q.ch\/wp-content\/uploads\/2017\/01\/SilvioCatterini-mq-management-qualit\u00e4t.jpg\" \/>\n\t<meta property=\"og:image:width\" content=\"391\" \/>\n\t<meta property=\"og:image:height\" content=\"559\" \/>\n\t<meta property=\"og:image:type\" content=\"image\/jpeg\" \/>\n<meta name=\"author\" content=\"Roger Str\u00e4ssle\" \/>\n<meta name=\"twitter:card\" content=\"summary_large_image\" \/>\n<meta name=\"twitter:label1\" content=\"\u00c9crit par\" \/>\n\t<meta name=\"twitter:data1\" content=\"Roger Str\u00e4ssle\" \/>\n\t<meta name=\"twitter:label2\" content=\"Dur\u00e9e de lecture estim\u00e9e\" \/>\n\t<meta name=\"twitter:data2\" content=\"1 minute\" \/>\n<script type=\"application\/ld+json\" class=\"yoast-schema-graph\">{\"@context\":\"https:\/\/schema.org\",\"@graph\":[{\"@type\":\"Article\",\"@id\":\"https:\/\/www.m-q.ch\/de\/silvio-catterini-leitet-corporate-risk-broking-in-der-romandie\/#article\",\"isPartOf\":{\"@id\":\"https:\/\/www.m-q.ch\/de\/silvio-catterini-leitet-corporate-risk-broking-in-der-romandie\/\"},\"author\":{\"name\":\"Roger Str\u00e4ssle\",\"@id\":\"https:\/\/www.m-q.ch\/fr\/#\/schema\/person\/47d540e081acd98ccbeb69b55df653d7\"},\"headline\":\"Silvio Catterini leitet \u201eCorporate Risk &#038; Broking\u201c in der Romandie\",\"datePublished\":\"2017-01-24T12:25:22+00:00\",\"dateModified\":\"2017-02-24T13:59:39+00:00\",\"mainEntityOfPage\":{\"@id\":\"https:\/\/www.m-q.ch\/de\/silvio-catterini-leitet-corporate-risk-broking-in-der-romandie\/\"},\"wordCount\":203,\"commentCount\":0,\"publisher\":{\"@id\":\"https:\/\/www.m-q.ch\/fr\/#organization\"},\"image\":{\"@id\":\"https:\/\/www.m-q.ch\/de\/silvio-catterini-leitet-corporate-risk-broking-in-der-romandie\/#primaryimage\"},\"thumbnailUrl\":\"https:\/\/www.m-q.ch\/wp-content\/uploads\/2017\/01\/SilvioCatterini-mq-management-qualit\u00e4t.jpg\",\"keywords\":[\"Corporate Risk &amp; Broking\",\"Willis Towers Watson\"],\"articleSection\":[\"Unkategorisiert\"],\"inLanguage\":\"fr-FR\"},{\"@type\":\"WebPage\",\"@id\":\"https:\/\/www.m-q.ch\/de\/silvio-catterini-leitet-corporate-risk-broking-in-der-romandie\/\",\"url\":\"https:\/\/www.m-q.ch\/de\/silvio-catterini-leitet-corporate-risk-broking-in-der-romandie\/\",\"name\":\"Silvio Catterini leitet \u201eCorporate Risk & Broking\u201c in der Romandie - MQ Management und Qualit\u00e4t\",\"isPartOf\":{\"@id\":\"https:\/\/www.m-q.ch\/fr\/#website\"},\"primaryImageOfPage\":{\"@id\":\"https:\/\/www.m-q.ch\/de\/silvio-catterini-leitet-corporate-risk-broking-in-der-romandie\/#primaryimage\"},\"image\":{\"@id\":\"https:\/\/www.m-q.ch\/de\/silvio-catterini-leitet-corporate-risk-broking-in-der-romandie\/#primaryimage\"},\"thumbnailUrl\":\"https:\/\/www.m-q.ch\/wp-content\/uploads\/2017\/01\/SilvioCatterini-mq-management-qualit\u00e4t.jpg\",\"datePublished\":\"2017-01-24T12:25:22+00:00\",\"dateModified\":\"2017-02-24T13:59:39+00:00\",\"description\":\"Der Experte f\u00fcr Risikomanagement Silvio Catterini verantwortet ab Februar 2017 das Gesch\u00e4ftsfeld \u201eCorporate Risk & Broking (CRB)\u201c bei Willis Towers Watson.\",\"breadcrumb\":{\"@id\":\"https:\/\/www.m-q.ch\/de\/silvio-catterini-leitet-corporate-risk-broking-in-der-romandie\/#breadcrumb\"},\"inLanguage\":\"fr-FR\",\"potentialAction\":[{\"@type\":\"ReadAction\",\"target\":[\"https:\/\/www.m-q.ch\/de\/silvio-catterini-leitet-corporate-risk-broking-in-der-romandie\/\"]}]},{\"@type\":\"ImageObject\",\"inLanguage\":\"fr-FR\",\"@id\":\"https:\/\/www.m-q.ch\/de\/silvio-catterini-leitet-corporate-risk-broking-in-der-romandie\/#primaryimage\",\"url\":\"https:\/\/www.m-q.ch\/wp-content\/uploads\/2017\/01\/SilvioCatterini-mq-management-qualit\u00e4t.jpg\",\"contentUrl\":\"https:\/\/www.m-q.ch\/wp-content\/uploads\/2017\/01\/SilvioCatterini-mq-management-qualit\u00e4t.jpg\",\"width\":391,\"height\":559,\"caption\":\"Silvio Catterini, Leiter \u201eCorporate Risk & Broking (CRB)\u201c in der Romandie.\"},{\"@type\":\"BreadcrumbList\",\"@id\":\"https:\/\/www.m-q.ch\/de\/silvio-catterini-leitet-corporate-risk-broking-in-der-romandie\/#breadcrumb\",\"itemListElement\":[{\"@type\":\"ListItem\",\"position\":1,\"name\":\"Unkategorisiert\",\"item\":\"https:\/\/www.m-q.ch\/it\/categoria\/senza-categoria\/\"},{\"@type\":\"ListItem\",\"position\":2,\"name\":\"Silvio Catterini leitet \u201eCorporate Risk &#038; Broking\u201c in der Romandie\"}]},{\"@type\":\"WebSite\",\"@id\":\"https:\/\/www.m-q.ch\/fr\/#website\",\"url\":\"https:\/\/www.m-q.ch\/fr\/\",\"name\":\"MQ Management und Qualit\u00e4t\",\"description\":\"Plattform f\u00fcr integrierte Managementsysteme.\",\"publisher\":{\"@id\":\"https:\/\/www.m-q.ch\/fr\/#organization\"},\"potentialAction\":[{\"@type\":\"SearchAction\",\"target\":{\"@type\":\"EntryPoint\",\"urlTemplate\":\"https:\/\/www.m-q.ch\/fr\/?s={search_term_string}\"},\"query-input\":{\"@type\":\"PropertyValueSpecification\",\"valueRequired\":true,\"valueName\":\"search_term_string\"}}],\"inLanguage\":\"fr-FR\"},{\"@type\":\"Organization\",\"@id\":\"https:\/\/www.m-q.ch\/fr\/#organization\",\"name\":\"Galledia Fachmedien AG\",\"url\":\"https:\/\/www.m-q.ch\/fr\/\",\"logo\":{\"@type\":\"ImageObject\",\"inLanguage\":\"fr-FR\",\"@id\":\"https:\/\/www.m-q.ch\/fr\/#\/schema\/logo\/image\/\",\"url\":\"https:\/\/www.m-q.ch\/wp-content\/uploads\/2020\/12\/cropped-logo_small.png\",\"contentUrl\":\"https:\/\/www.m-q.ch\/wp-content\/uploads\/2020\/12\/cropped-logo_small.png\",\"width\":512,\"height\":512,\"caption\":\"Galledia Fachmedien AG\"},\"image\":{\"@id\":\"https:\/\/www.m-q.ch\/fr\/#\/schema\/logo\/image\/\"},\"sameAs\":[\"https:\/\/www.facebook.com\/ManagementUndQualitaet\",\"https:\/\/www.linkedin.com\/showcase\/17982321\/admin\/\"]},{\"@type\":\"Person\",\"@id\":\"https:\/\/www.m-q.ch\/fr\/#\/schema\/person\/47d540e081acd98ccbeb69b55df653d7\",\"name\":\"Roger Str\u00e4ssle\",\"image\":{\"@type\":\"ImageObject\",\"inLanguage\":\"fr-FR\",\"@id\":\"https:\/\/www.m-q.ch\/fr\/#\/schema\/person\/image\/\",\"url\":\"https:\/\/secure.gravatar.com\/avatar\/e4dde3046d8a184d2e2d27651a418883?s=96&d=mm&r=g\",\"contentUrl\":\"https:\/\/secure.gravatar.com\/avatar\/e4dde3046d8a184d2e2d27651a418883?s=96&d=mm&r=g\",\"caption\":\"Roger Str\u00e4ssle\"},\"url\":\"https:\/\/www.m-q.ch\/fr\/author\/roger-straessle\/\"}]}<\/script>\n<!-- \/ Yoast SEO plugin. -->","yoast_head_json":{"title":"Silvio Catterini \u00e0 la t\u00eate de \"Corporate Risk &amp; Broking\" en Suisse romande - MQ Management und Qualit\u00e4t","description":"\u00c0 partir de f\u00e9vrier 2017, l'expert en gestion des risques Silvio Catterini sera responsable du secteur d'activit\u00e9 Corporate Risk &amp; Broking (CRB) chez Willis Towers Watson.","robots":{"index":"index","follow":"follow","max-snippet":"max-snippet:-1","max-image-preview":"max-image-preview:large","max-video-preview":"max-video-preview:-1"},"canonical":"https:\/\/www.m-q.ch\/fr\/silvio-catterini-dirige-le-corporate-risk-broking-en-romandie\/","og_locale":"fr_FR","og_type":"article","og_title":"Silvio Catterini leitet \u201eCorporate Risk & Broking\u201c in der Romandie - MQ Management und Qualit\u00e4t","og_description":"Der Experte f\u00fcr Risikomanagement Silvio Catterini verantwortet ab Februar 2017 das Gesch\u00e4ftsfeld \u201eCorporate Risk & Broking (CRB)\u201c bei Willis Towers Watson.","og_url":"https:\/\/www.m-q.ch\/fr\/silvio-catterini-dirige-le-corporate-risk-broking-en-romandie\/","og_site_name":"MQ Management und Qualit\u00e4t","article_publisher":"https:\/\/www.facebook.com\/ManagementUndQualitaet","article_published_time":"2017-01-24T12:25:22+00:00","article_modified_time":"2017-02-24T13:59:39+00:00","og_image":[{"width":391,"height":559,"url":"https:\/\/www.m-q.ch\/wp-content\/uploads\/2017\/01\/SilvioCatterini-mq-management-qualit\u00e4t.jpg","type":"image\/jpeg"}],"author":"Roger Str\u00e4ssle","twitter_card":"summary_large_image","twitter_misc":{"\u00c9crit par":"Roger Str\u00e4ssle","Dur\u00e9e de lecture estim\u00e9e":"1 minute"},"schema":{"@context":"https:\/\/schema.org","@graph":[{"@type":"Article","@id":"https:\/\/www.m-q.ch\/de\/silvio-catterini-leitet-corporate-risk-broking-in-der-romandie\/#article","isPartOf":{"@id":"https:\/\/www.m-q.ch\/de\/silvio-catterini-leitet-corporate-risk-broking-in-der-romandie\/"},"author":{"name":"Roger Str\u00e4ssle","@id":"https:\/\/www.m-q.ch\/fr\/#\/schema\/person\/47d540e081acd98ccbeb69b55df653d7"},"headline":"Silvio Catterini leitet \u201eCorporate Risk &#038; Broking\u201c in der Romandie","datePublished":"2017-01-24T12:25:22+00:00","dateModified":"2017-02-24T13:59:39+00:00","mainEntityOfPage":{"@id":"https:\/\/www.m-q.ch\/de\/silvio-catterini-leitet-corporate-risk-broking-in-der-romandie\/"},"wordCount":203,"commentCount":0,"publisher":{"@id":"https:\/\/www.m-q.ch\/fr\/#organization"},"image":{"@id":"https:\/\/www.m-q.ch\/de\/silvio-catterini-leitet-corporate-risk-broking-in-der-romandie\/#primaryimage"},"thumbnailUrl":"https:\/\/www.m-q.ch\/wp-content\/uploads\/2017\/01\/SilvioCatterini-mq-management-qualit\u00e4t.jpg","keywords":["Corporate Risk &amp; Broking","Willis Towers Watson"],"articleSection":["Unkategorisiert"],"inLanguage":"fr-FR"},{"@type":"WebPage","@id":"https:\/\/www.m-q.ch\/de\/silvio-catterini-leitet-corporate-risk-broking-in-der-romandie\/","url":"https:\/\/www.m-q.ch\/de\/silvio-catterini-leitet-corporate-risk-broking-in-der-romandie\/","name":"Silvio Catterini \u00e0 la t\u00eate de \"Corporate Risk &amp; Broking\" en Suisse romande - MQ Management und Qualit\u00e4t","isPartOf":{"@id":"https:\/\/www.m-q.ch\/fr\/#website"},"primaryImageOfPage":{"@id":"https:\/\/www.m-q.ch\/de\/silvio-catterini-leitet-corporate-risk-broking-in-der-romandie\/#primaryimage"},"image":{"@id":"https:\/\/www.m-q.ch\/de\/silvio-catterini-leitet-corporate-risk-broking-in-der-romandie\/#primaryimage"},"thumbnailUrl":"https:\/\/www.m-q.ch\/wp-content\/uploads\/2017\/01\/SilvioCatterini-mq-management-qualit\u00e4t.jpg","datePublished":"2017-01-24T12:25:22+00:00","dateModified":"2017-02-24T13:59:39+00:00","description":"\u00c0 partir de f\u00e9vrier 2017, l'expert en gestion des risques Silvio Catterini sera responsable du secteur d'activit\u00e9 Corporate Risk &amp; Broking (CRB) chez Willis Towers Watson.","breadcrumb":{"@id":"https:\/\/www.m-q.ch\/de\/silvio-catterini-leitet-corporate-risk-broking-in-der-romandie\/#breadcrumb"},"inLanguage":"fr-FR","potentialAction":[{"@type":"ReadAction","target":["https:\/\/www.m-q.ch\/de\/silvio-catterini-leitet-corporate-risk-broking-in-der-romandie\/"]}]},{"@type":"ImageObject","inLanguage":"fr-FR","@id":"https:\/\/www.m-q.ch\/de\/silvio-catterini-leitet-corporate-risk-broking-in-der-romandie\/#primaryimage","url":"https:\/\/www.m-q.ch\/wp-content\/uploads\/2017\/01\/SilvioCatterini-mq-management-qualit\u00e4t.jpg","contentUrl":"https:\/\/www.m-q.ch\/wp-content\/uploads\/2017\/01\/SilvioCatterini-mq-management-qualit\u00e4t.jpg","width":391,"height":559,"caption":"Silvio Catterini, Leiter \u201eCorporate Risk & Broking (CRB)\u201c in der Romandie."},{"@type":"BreadcrumbList","@id":"https:\/\/www.m-q.ch\/de\/silvio-catterini-leitet-corporate-risk-broking-in-der-romandie\/#breadcrumb","itemListElement":[{"@type":"ListItem","position":1,"name":"Unkategorisiert","item":"https:\/\/www.m-q.ch\/it\/categoria\/senza-categoria\/"},{"@type":"ListItem","position":2,"name":"Silvio Catterini leitet \u201eCorporate Risk &#038; Broking\u201c in der Romandie"}]},{"@type":"WebSite","@id":"https:\/\/www.m-q.ch\/fr\/#website","url":"https:\/\/www.m-q.ch\/fr\/","name":"Gestion et qualit\u00e9 du QM","description":"Plate-forme pour les syst\u00e8mes de gestion int\u00e9gr\u00e9e.","publisher":{"@id":"https:\/\/www.m-q.ch\/fr\/#organization"},"potentialAction":[{"@type":"SearchAction","target":{"@type":"EntryPoint","urlTemplate":"https:\/\/www.m-q.ch\/fr\/?s={search_term_string}"},"query-input":{"@type":"PropertyValueSpecification","valueRequired":true,"valueName":"search_term_string"}}],"inLanguage":"fr-FR"},{"@type":"Organization","@id":"https:\/\/www.m-q.ch\/fr\/#organization","name":"Galledia Trade Media AG","url":"https:\/\/www.m-q.ch\/fr\/","logo":{"@type":"ImageObject","inLanguage":"fr-FR","@id":"https:\/\/www.m-q.ch\/fr\/#\/schema\/logo\/image\/","url":"https:\/\/www.m-q.ch\/wp-content\/uploads\/2020\/12\/cropped-logo_small.png","contentUrl":"https:\/\/www.m-q.ch\/wp-content\/uploads\/2020\/12\/cropped-logo_small.png","width":512,"height":512,"caption":"Galledia Fachmedien AG"},"image":{"@id":"https:\/\/www.m-q.ch\/fr\/#\/schema\/logo\/image\/"},"sameAs":["https:\/\/www.facebook.com\/ManagementUndQualitaet","https:\/\/www.linkedin.com\/showcase\/17982321\/admin\/"]},{"@type":"Person","@id":"https:\/\/www.m-q.ch\/fr\/#\/schema\/person\/47d540e081acd98ccbeb69b55df653d7","name":"Roger Str\u00e4ssle","image":{"@type":"ImageObject","inLanguage":"fr-FR","@id":"https:\/\/www.m-q.ch\/fr\/#\/schema\/person\/image\/","url":"https:\/\/secure.gravatar.com\/avatar\/e4dde3046d8a184d2e2d27651a418883?s=96&d=mm&r=g","contentUrl":"https:\/\/secure.gravatar.com\/avatar\/e4dde3046d8a184d2e2d27651a418883?s=96&d=mm&r=g","caption":"Roger Str\u00e4ssle"},"url":"https:\/\/www.m-q.ch\/fr\/author\/roger-straessle\/"}]}},"_links":{"self":[{"href":"https:\/\/www.m-q.ch\/fr\/wp-json\/wp\/v2\/posts\/818","targetHints":{"allow":["GET"]}}],"collection":[{"href":"https:\/\/www.m-q.ch\/fr\/wp-json\/wp\/v2\/posts"}],"about":[{"href":"https:\/\/www.m-q.ch\/fr\/wp-json\/wp\/v2\/types\/post"}],"author":[{"embeddable":true,"href":"https:\/\/www.m-q.ch\/fr\/wp-json\/wp\/v2\/users\/35"}],"replies":[{"embeddable":true,"href":"https:\/\/www.m-q.ch\/fr\/wp-json\/wp\/v2\/comments?post=818"}],"version-history":[{"count":3,"href":"https:\/\/www.m-q.ch\/fr\/wp-json\/wp\/v2\/posts\/818\/revisions"}],"predecessor-version":[{"id":971,"href":"https:\/\/www.m-q.ch\/fr\/wp-json\/wp\/v2\/posts\/818\/revisions\/971"}],"wp:featuredmedia":[{"embeddable":true,"href":"https:\/\/www.m-q.ch\/fr\/wp-json\/wp\/v2\/media\/819"}],"wp:attachment":[{"href":"https:\/\/www.m-q.ch\/fr\/wp-json\/wp\/v2\/media?parent=818"}],"wp:term":[{"taxonomy":"category","embeddable":true,"href":"https:\/\/www.m-q.ch\/fr\/wp-json\/wp\/v2\/categories?post=818"},{"taxonomy":"post_tag","embeddable":true,"href":"https:\/\/www.m-q.ch\/fr\/wp-json\/wp\/v2\/tags?post=818"}],"curies":[{"name":"wp","href":"https:\/\/api.w.org\/{rel}","templated":true}]}}