{"id":905,"date":"2017-02-16T12:47:24","date_gmt":"2017-02-16T11:47:24","guid":{"rendered":"https:\/\/www.m-q.ch\/?p=905"},"modified":"2017-02-16T13:21:47","modified_gmt":"2017-02-16T12:21:47","slug":"retrospective-de-la-maintenance-suisse-2017","status":"publish","type":"post","link":"https:\/\/www.m-q.ch\/fr\/rueckschau-der-maintenance-schweiz-2017\/","title":{"rendered":"R\u00e9vision de la pension alimentaire Suisse 2017"},"content":{"rendered":"<p>&nbsp;<\/p>\n<p>&nbsp;<\/p>\n<p><img loading=\"lazy\" decoding=\"async\" class=\"alignnone size-full wp-image-909\" src=\"https:\/\/www.m-q.ch\/wp-content\/uploads\/2017\/02\/maintenance-Schweiz-2017-mq_-management-u-qualit\u00e4t.jpg\" alt=\"\" width=\"593\" height=\"392\" srcset=\"https:\/\/www.m-q.ch\/wp-content\/uploads\/2017\/02\/maintenance-Schweiz-2017-mq_-management-u-qualit\u00e4t.jpg 593w, https:\/\/www.m-q.ch\/wp-content\/uploads\/2017\/02\/maintenance-Schweiz-2017-mq_-management-u-qualit\u00e4t-16x12.jpg 16w, https:\/\/www.m-q.ch\/wp-content\/uploads\/2017\/02\/maintenance-Schweiz-2017-mq_-management-u-qualit\u00e4t-265x175.jpg 265w, https:\/\/www.m-q.ch\/wp-content\/uploads\/2017\/02\/maintenance-Schweiz-2017-mq_-management-u-qualit\u00e4t-529x350.jpg 529w, https:\/\/www.m-q.ch\/wp-content\/uploads\/2017\/02\/maintenance-Schweiz-2017-mq_-management-u-qualit\u00e4t-300x198.jpg 300w\" sizes=\"auto, (max-width: 593px) 100vw, 593px\" \/><\/p>\n<p>De nombreux responsables de secteur s'int\u00e9ressaient \u00e0 la maintenance Suisse 2017, par exemple Sandro Maciocia, responsable des ventes de services et de la gestion des comptes chez ABB Switzerland AG. (Image : zVg).<\/p>\n<p>&nbsp;<\/p>\n<p>Avec 2 512 visiteurs et 142 exposants, l'organisateur Easyfairs a r\u00e9ussi \u00e0 obtenir un r\u00e9sultat optimal sur les deux jours du salon (8-9 f\u00e9vrier). L'accent a \u00e9t\u00e9 mis sur le th\u00e8me prospectif de la \"Num\u00e9risation\" en liaison avec \"Industrie 4.0\".<\/p>\n<p>Intelligent en d\u00e9placement gr\u00e2ce \u00e0 la tablette et au smartphone, virtuellement en r\u00e9seau avec ses coll\u00e8gues et actif sur les r\u00e9seaux sociaux : le monde de la maintenance a clairement chang\u00e9 et - par exemple, selon Stefan Frefel, directeur de Bilfinger Industrial Services Schweiz AG - est d\u00e9j\u00e0 arriv\u00e9 \"au milieu de la r\u00e9volution industrielle 4.0\".<\/p>\n<p><strong>Nouvelles technologies <\/strong><\/p>\n<p>Tous ceux qui ont visit\u00e9 la maintenance Schweiz 2017 du 8 au 9 f\u00e9vrier ont remarqu\u00e9 que les analyses pr\u00e9dictives sont r\u00e9cemment devenues l'ordre du jour. Les domaines de la \"maintenance conditionnelle\" et de la \"maintenance pr\u00e9dictive\" sont actuellement les principaux sujets de discussion pour les professionnels de la maintenance. Au lieu d'effectuer une maintenance pr\u00e9ventive \u00e0 intervalles fixes, le d\u00e9veloppement d'un syst\u00e8me technique sera \u00e0 l'avenir surveill\u00e9 en permanence sur la base de logiciels - afin de pouvoir \u00e9tablir des pr\u00e9visions pour la suite des op\u00e9rations et des plans de maintenance efficaces et optimis\u00e9s en termes de co\u00fbts.<\/p>\n<p><strong>Un salon pour les experts <\/strong><\/p>\n<p>Les sp\u00e9cialistes de la maintenance ont pu s'adresser aux experts des exposants pour leur poser des questions sp\u00e9cifiques. Ce faisant, ils ont b\u00e9n\u00e9fici\u00e9 d'un apport orient\u00e9 vers les solutions pour leur pratique op\u00e9rationnelle. Pour de nombreuses entreprises suisses, la num\u00e9risation ne fait que commencer : \"De nombreuses entreprises manufacturi\u00e8res en sont encore aux premiers stades de leur d\u00e9veloppement\", selon l'exp\u00e9rience de Sandro Maciocia, responsable des ventes de services et de la gestion des comptes chez ABB Suisse SA.<\/p>\n<p>Une plateforme d'exposition telle que Maintenance Suisse est exactement le bon endroit pour discuter des \u00e9tapes concr\u00e8tes de la num\u00e9risation et pour mettre en \u0153uvre conjointement des solutions appropri\u00e9es au niveau du produit, du syst\u00e8me ou du site. Pour l'instant, l'accent est mis sur la mani\u00e8re dont les donn\u00e9es peuvent \u00eatre collect\u00e9es et analys\u00e9es de mani\u00e8re propre. La prochaine \u00e9tape serait d'examiner comment des mesures intelligentes et sens\u00e9es pourraient \u00eatre bas\u00e9es sur cela, ont d\u00e9clar\u00e9 certains experts. La num\u00e9risation est \u00e9galement une opportunit\u00e9 pour les PME qui veulent s'orienter dans diff\u00e9rents d\u00e9partements et secteurs.<\/p>\n<p><em>La prochaine maintenance Suisse aura lieu les 7 et 8 f\u00e9vrier 2018 \u00e0 Zurich, parall\u00e8lement aux SOLIDES (solides en vrac).<\/em><\/p>\n<p><em><br \/>\n<\/em><\/p>","protected":false},"excerpt":{"rendered":"<p>&nbsp; &nbsp; Die maintenance Schweiz 2017 interessierte viele Sektorenverantwortliche, so zum Beispiel Sandro Maciocia, Leiter Service Verkauf und Account Management ABB Schweiz AG. (Bild: zVg). &nbsp; Mit 2\u2018512 Besuchern und 142 Ausstellern ist es Veranstalter Easyfairs gelungen, an zwei Messetagen (8.- 9. Februar) ein optimales Ergebnis zu erzielen. Im Mittelpunkt stand das zukunftsorientierte Thema &#8222;Digitalisierung&#8220; [&hellip;]<\/p>\n","protected":false},"author":35,"featured_media":909,"comment_status":"open","ping_status":"open","sticky":false,"template":"","format":"standard","meta":{"_acf_changed":false,"footnotes":""},"categories":[2,3303],"tags":[3450,3449],"class_list":["post-905","post","type-post","status-publish","format-standard","has-post-thumbnail","hentry","category-produktenews","category-qualitaetsmanagement","tag-industrie-4-0","tag-maintenance-2017"],"acf":[],"yoast_head":"<!-- This site is optimized with the Yoast SEO plugin v26.2 - https:\/\/yoast.com\/wordpress\/plugins\/seo\/ -->\n<title>R\u00fcckschau zur maintenance Schweiz 2017 - MQ Management und Qualit\u00e4t<\/title>\n<meta name=\"description\" content=\"Die maintenance Schweiz war zum 10. Jubil\u00e4um gefragter denn je. Im Fokus der Fachmesse standen Themen wie Digitalisierung und Industrie 4.0.\" \/>\n<meta name=\"robots\" content=\"index, follow, max-snippet:-1, max-image-preview:large, max-video-preview:-1\" \/>\n<link rel=\"canonical\" href=\"https:\/\/www.m-q.ch\/fr\/retrospective-de-la-maintenance-suisse-2017\/\" \/>\n<meta property=\"og:locale\" content=\"fr_FR\" \/>\n<meta property=\"og:type\" content=\"article\" \/>\n<meta property=\"og:title\" content=\"R\u00fcckschau zur maintenance Schweiz 2017 - MQ Management und Qualit\u00e4t\" \/>\n<meta property=\"og:description\" content=\"Die maintenance Schweiz war zum 10. Jubil\u00e4um gefragter denn je. Im Fokus der Fachmesse standen Themen wie Digitalisierung und Industrie 4.0.\" \/>\n<meta property=\"og:url\" content=\"https:\/\/www.m-q.ch\/fr\/retrospective-de-la-maintenance-suisse-2017\/\" \/>\n<meta property=\"og:site_name\" content=\"MQ Management und Qualit\u00e4t\" \/>\n<meta property=\"article:publisher\" content=\"https:\/\/www.facebook.com\/ManagementUndQualitaet\" \/>\n<meta property=\"article:published_time\" content=\"2017-02-16T11:47:24+00:00\" \/>\n<meta property=\"article:modified_time\" content=\"2017-02-16T12:21:47+00:00\" \/>\n<meta property=\"og:image\" content=\"https:\/\/www.m-q.ch\/wp-content\/uploads\/2017\/02\/maintenance-Schweiz-2017-mq_-management-u-qualit\u00e4t.jpg\" \/>\n\t<meta property=\"og:image:width\" content=\"593\" \/>\n\t<meta property=\"og:image:height\" content=\"392\" \/>\n\t<meta property=\"og:image:type\" content=\"image\/jpeg\" \/>\n<meta name=\"author\" content=\"Roger Str\u00e4ssle\" \/>\n<meta name=\"twitter:card\" content=\"summary_large_image\" \/>\n<meta name=\"twitter:label1\" content=\"\u00c9crit par\" \/>\n\t<meta name=\"twitter:data1\" content=\"Roger Str\u00e4ssle\" \/>\n\t<meta name=\"twitter:label2\" content=\"Dur\u00e9e de lecture estim\u00e9e\" \/>\n\t<meta name=\"twitter:data2\" content=\"2 minutes\" \/>\n<script type=\"application\/ld+json\" class=\"yoast-schema-graph\">{\"@context\":\"https:\/\/schema.org\",\"@graph\":[{\"@type\":\"Article\",\"@id\":\"https:\/\/www.m-q.ch\/rueckschau-der-maintenance-schweiz-2017\/#article\",\"isPartOf\":{\"@id\":\"https:\/\/www.m-q.ch\/rueckschau-der-maintenance-schweiz-2017\/\"},\"author\":{\"name\":\"Roger Str\u00e4ssle\",\"@id\":\"https:\/\/www.m-q.ch\/fr\/#\/schema\/person\/47d540e081acd98ccbeb69b55df653d7\"},\"headline\":\"R\u00fcckschau zur maintenance Schweiz 2017\",\"datePublished\":\"2017-02-16T11:47:24+00:00\",\"dateModified\":\"2017-02-16T12:21:47+00:00\",\"mainEntityOfPage\":{\"@id\":\"https:\/\/www.m-q.ch\/rueckschau-der-maintenance-schweiz-2017\/\"},\"wordCount\":346,\"commentCount\":0,\"publisher\":{\"@id\":\"https:\/\/www.m-q.ch\/fr\/#organization\"},\"image\":{\"@id\":\"https:\/\/www.m-q.ch\/rueckschau-der-maintenance-schweiz-2017\/#primaryimage\"},\"thumbnailUrl\":\"https:\/\/www.m-q.ch\/wp-content\/uploads\/2017\/02\/maintenance-Schweiz-2017-mq_-management-u-qualit\u00e4t.jpg\",\"keywords\":[\"Industrie 4.0\",\"maintenance 2017\"],\"articleSection\":[\"Produktenews\",\"Qualit\u00e4tsmanagement\"],\"inLanguage\":\"fr-FR\"},{\"@type\":\"WebPage\",\"@id\":\"https:\/\/www.m-q.ch\/rueckschau-der-maintenance-schweiz-2017\/\",\"url\":\"https:\/\/www.m-q.ch\/rueckschau-der-maintenance-schweiz-2017\/\",\"name\":\"R\u00fcckschau zur maintenance Schweiz 2017 - MQ Management und Qualit\u00e4t\",\"isPartOf\":{\"@id\":\"https:\/\/www.m-q.ch\/fr\/#website\"},\"primaryImageOfPage\":{\"@id\":\"https:\/\/www.m-q.ch\/rueckschau-der-maintenance-schweiz-2017\/#primaryimage\"},\"image\":{\"@id\":\"https:\/\/www.m-q.ch\/rueckschau-der-maintenance-schweiz-2017\/#primaryimage\"},\"thumbnailUrl\":\"https:\/\/www.m-q.ch\/wp-content\/uploads\/2017\/02\/maintenance-Schweiz-2017-mq_-management-u-qualit\u00e4t.jpg\",\"datePublished\":\"2017-02-16T11:47:24+00:00\",\"dateModified\":\"2017-02-16T12:21:47+00:00\",\"description\":\"Die maintenance Schweiz war zum 10. Jubil\u00e4um gefragter denn je. Im Fokus der Fachmesse standen Themen wie Digitalisierung und Industrie 4.0.\",\"breadcrumb\":{\"@id\":\"https:\/\/www.m-q.ch\/rueckschau-der-maintenance-schweiz-2017\/#breadcrumb\"},\"inLanguage\":\"fr-FR\",\"potentialAction\":[{\"@type\":\"ReadAction\",\"target\":[\"https:\/\/www.m-q.ch\/rueckschau-der-maintenance-schweiz-2017\/\"]}]},{\"@type\":\"ImageObject\",\"inLanguage\":\"fr-FR\",\"@id\":\"https:\/\/www.m-q.ch\/rueckschau-der-maintenance-schweiz-2017\/#primaryimage\",\"url\":\"https:\/\/www.m-q.ch\/wp-content\/uploads\/2017\/02\/maintenance-Schweiz-2017-mq_-management-u-qualit\u00e4t.jpg\",\"contentUrl\":\"https:\/\/www.m-q.ch\/wp-content\/uploads\/2017\/02\/maintenance-Schweiz-2017-mq_-management-u-qualit\u00e4t.jpg\",\"width\":593,\"height\":392},{\"@type\":\"BreadcrumbList\",\"@id\":\"https:\/\/www.m-q.ch\/rueckschau-der-maintenance-schweiz-2017\/#breadcrumb\",\"itemListElement\":[{\"@type\":\"ListItem\",\"position\":1,\"name\":\"Qualit\u00e4tsmanagement\",\"item\":\"https:\/\/www.m-q.ch\/kategorie\/qualitaetsmanagement\/\"},{\"@type\":\"ListItem\",\"position\":2,\"name\":\"R\u00fcckschau zur maintenance Schweiz 2017\"}]},{\"@type\":\"WebSite\",\"@id\":\"https:\/\/www.m-q.ch\/fr\/#website\",\"url\":\"https:\/\/www.m-q.ch\/fr\/\",\"name\":\"MQ Management und Qualit\u00e4t\",\"description\":\"Plattform f\u00fcr integrierte Managementsysteme.\",\"publisher\":{\"@id\":\"https:\/\/www.m-q.ch\/fr\/#organization\"},\"potentialAction\":[{\"@type\":\"SearchAction\",\"target\":{\"@type\":\"EntryPoint\",\"urlTemplate\":\"https:\/\/www.m-q.ch\/fr\/?s={search_term_string}\"},\"query-input\":{\"@type\":\"PropertyValueSpecification\",\"valueRequired\":true,\"valueName\":\"search_term_string\"}}],\"inLanguage\":\"fr-FR\"},{\"@type\":\"Organization\",\"@id\":\"https:\/\/www.m-q.ch\/fr\/#organization\",\"name\":\"Galledia Fachmedien AG\",\"url\":\"https:\/\/www.m-q.ch\/fr\/\",\"logo\":{\"@type\":\"ImageObject\",\"inLanguage\":\"fr-FR\",\"@id\":\"https:\/\/www.m-q.ch\/fr\/#\/schema\/logo\/image\/\",\"url\":\"https:\/\/www.m-q.ch\/wp-content\/uploads\/2020\/12\/cropped-logo_small.png\",\"contentUrl\":\"https:\/\/www.m-q.ch\/wp-content\/uploads\/2020\/12\/cropped-logo_small.png\",\"width\":512,\"height\":512,\"caption\":\"Galledia Fachmedien AG\"},\"image\":{\"@id\":\"https:\/\/www.m-q.ch\/fr\/#\/schema\/logo\/image\/\"},\"sameAs\":[\"https:\/\/www.facebook.com\/ManagementUndQualitaet\",\"https:\/\/www.linkedin.com\/showcase\/17982321\/admin\/\"]},{\"@type\":\"Person\",\"@id\":\"https:\/\/www.m-q.ch\/fr\/#\/schema\/person\/47d540e081acd98ccbeb69b55df653d7\",\"name\":\"Roger Str\u00e4ssle\",\"image\":{\"@type\":\"ImageObject\",\"inLanguage\":\"fr-FR\",\"@id\":\"https:\/\/www.m-q.ch\/fr\/#\/schema\/person\/image\/\",\"url\":\"https:\/\/secure.gravatar.com\/avatar\/e4dde3046d8a184d2e2d27651a418883?s=96&d=mm&r=g\",\"contentUrl\":\"https:\/\/secure.gravatar.com\/avatar\/e4dde3046d8a184d2e2d27651a418883?s=96&d=mm&r=g\",\"caption\":\"Roger Str\u00e4ssle\"},\"url\":\"https:\/\/www.m-q.ch\/fr\/author\/roger-straessle\/\"}]}<\/script>\n<!-- \/ Yoast SEO plugin. -->","yoast_head_json":{"title":"Examen de la maintenance Suisse 2017 - MQ Management und Qualit\u00e4t","description":"Pour son 10e anniversaire, la Suisse de l'entretien a \u00e9t\u00e9 plus que jamais sollicit\u00e9e. Le salon s'est concentr\u00e9 sur des sujets tels que la num\u00e9risation et l'industrie 4.0.","robots":{"index":"index","follow":"follow","max-snippet":"max-snippet:-1","max-image-preview":"max-image-preview:large","max-video-preview":"max-video-preview:-1"},"canonical":"https:\/\/www.m-q.ch\/fr\/retrospective-de-la-maintenance-suisse-2017\/","og_locale":"fr_FR","og_type":"article","og_title":"R\u00fcckschau zur maintenance Schweiz 2017 - MQ Management und Qualit\u00e4t","og_description":"Die maintenance Schweiz war zum 10. Jubil\u00e4um gefragter denn je. Im Fokus der Fachmesse standen Themen wie Digitalisierung und Industrie 4.0.","og_url":"https:\/\/www.m-q.ch\/fr\/retrospective-de-la-maintenance-suisse-2017\/","og_site_name":"MQ Management und Qualit\u00e4t","article_publisher":"https:\/\/www.facebook.com\/ManagementUndQualitaet","article_published_time":"2017-02-16T11:47:24+00:00","article_modified_time":"2017-02-16T12:21:47+00:00","og_image":[{"width":593,"height":392,"url":"https:\/\/www.m-q.ch\/wp-content\/uploads\/2017\/02\/maintenance-Schweiz-2017-mq_-management-u-qualit\u00e4t.jpg","type":"image\/jpeg"}],"author":"Roger Str\u00e4ssle","twitter_card":"summary_large_image","twitter_misc":{"\u00c9crit par":"Roger Str\u00e4ssle","Dur\u00e9e de lecture estim\u00e9e":"2 minutes"},"schema":{"@context":"https:\/\/schema.org","@graph":[{"@type":"Article","@id":"https:\/\/www.m-q.ch\/rueckschau-der-maintenance-schweiz-2017\/#article","isPartOf":{"@id":"https:\/\/www.m-q.ch\/rueckschau-der-maintenance-schweiz-2017\/"},"author":{"name":"Roger Str\u00e4ssle","@id":"https:\/\/www.m-q.ch\/fr\/#\/schema\/person\/47d540e081acd98ccbeb69b55df653d7"},"headline":"R\u00fcckschau zur maintenance Schweiz 2017","datePublished":"2017-02-16T11:47:24+00:00","dateModified":"2017-02-16T12:21:47+00:00","mainEntityOfPage":{"@id":"https:\/\/www.m-q.ch\/rueckschau-der-maintenance-schweiz-2017\/"},"wordCount":346,"commentCount":0,"publisher":{"@id":"https:\/\/www.m-q.ch\/fr\/#organization"},"image":{"@id":"https:\/\/www.m-q.ch\/rueckschau-der-maintenance-schweiz-2017\/#primaryimage"},"thumbnailUrl":"https:\/\/www.m-q.ch\/wp-content\/uploads\/2017\/02\/maintenance-Schweiz-2017-mq_-management-u-qualit\u00e4t.jpg","keywords":["Industrie 4.0","maintenance 2017"],"articleSection":["Produktenews","Qualit\u00e4tsmanagement"],"inLanguage":"fr-FR"},{"@type":"WebPage","@id":"https:\/\/www.m-q.ch\/rueckschau-der-maintenance-schweiz-2017\/","url":"https:\/\/www.m-q.ch\/rueckschau-der-maintenance-schweiz-2017\/","name":"Examen de la maintenance Suisse 2017 - MQ Management und Qualit\u00e4t","isPartOf":{"@id":"https:\/\/www.m-q.ch\/fr\/#website"},"primaryImageOfPage":{"@id":"https:\/\/www.m-q.ch\/rueckschau-der-maintenance-schweiz-2017\/#primaryimage"},"image":{"@id":"https:\/\/www.m-q.ch\/rueckschau-der-maintenance-schweiz-2017\/#primaryimage"},"thumbnailUrl":"https:\/\/www.m-q.ch\/wp-content\/uploads\/2017\/02\/maintenance-Schweiz-2017-mq_-management-u-qualit\u00e4t.jpg","datePublished":"2017-02-16T11:47:24+00:00","dateModified":"2017-02-16T12:21:47+00:00","description":"Pour son 10e anniversaire, la Suisse de l'entretien a \u00e9t\u00e9 plus que jamais sollicit\u00e9e. Le salon s'est concentr\u00e9 sur des sujets tels que la num\u00e9risation et l'industrie 4.0.","breadcrumb":{"@id":"https:\/\/www.m-q.ch\/rueckschau-der-maintenance-schweiz-2017\/#breadcrumb"},"inLanguage":"fr-FR","potentialAction":[{"@type":"ReadAction","target":["https:\/\/www.m-q.ch\/rueckschau-der-maintenance-schweiz-2017\/"]}]},{"@type":"ImageObject","inLanguage":"fr-FR","@id":"https:\/\/www.m-q.ch\/rueckschau-der-maintenance-schweiz-2017\/#primaryimage","url":"https:\/\/www.m-q.ch\/wp-content\/uploads\/2017\/02\/maintenance-Schweiz-2017-mq_-management-u-qualit\u00e4t.jpg","contentUrl":"https:\/\/www.m-q.ch\/wp-content\/uploads\/2017\/02\/maintenance-Schweiz-2017-mq_-management-u-qualit\u00e4t.jpg","width":593,"height":392},{"@type":"BreadcrumbList","@id":"https:\/\/www.m-q.ch\/rueckschau-der-maintenance-schweiz-2017\/#breadcrumb","itemListElement":[{"@type":"ListItem","position":1,"name":"Qualit\u00e4tsmanagement","item":"https:\/\/www.m-q.ch\/kategorie\/qualitaetsmanagement\/"},{"@type":"ListItem","position":2,"name":"R\u00fcckschau zur maintenance Schweiz 2017"}]},{"@type":"WebSite","@id":"https:\/\/www.m-q.ch\/fr\/#website","url":"https:\/\/www.m-q.ch\/fr\/","name":"Gestion et qualit\u00e9 du QM","description":"Plate-forme pour les syst\u00e8mes de gestion int\u00e9gr\u00e9e.","publisher":{"@id":"https:\/\/www.m-q.ch\/fr\/#organization"},"potentialAction":[{"@type":"SearchAction","target":{"@type":"EntryPoint","urlTemplate":"https:\/\/www.m-q.ch\/fr\/?s={search_term_string}"},"query-input":{"@type":"PropertyValueSpecification","valueRequired":true,"valueName":"search_term_string"}}],"inLanguage":"fr-FR"},{"@type":"Organization","@id":"https:\/\/www.m-q.ch\/fr\/#organization","name":"Galledia Trade Media AG","url":"https:\/\/www.m-q.ch\/fr\/","logo":{"@type":"ImageObject","inLanguage":"fr-FR","@id":"https:\/\/www.m-q.ch\/fr\/#\/schema\/logo\/image\/","url":"https:\/\/www.m-q.ch\/wp-content\/uploads\/2020\/12\/cropped-logo_small.png","contentUrl":"https:\/\/www.m-q.ch\/wp-content\/uploads\/2020\/12\/cropped-logo_small.png","width":512,"height":512,"caption":"Galledia Fachmedien AG"},"image":{"@id":"https:\/\/www.m-q.ch\/fr\/#\/schema\/logo\/image\/"},"sameAs":["https:\/\/www.facebook.com\/ManagementUndQualitaet","https:\/\/www.linkedin.com\/showcase\/17982321\/admin\/"]},{"@type":"Person","@id":"https:\/\/www.m-q.ch\/fr\/#\/schema\/person\/47d540e081acd98ccbeb69b55df653d7","name":"Roger Str\u00e4ssle","image":{"@type":"ImageObject","inLanguage":"fr-FR","@id":"https:\/\/www.m-q.ch\/fr\/#\/schema\/person\/image\/","url":"https:\/\/secure.gravatar.com\/avatar\/e4dde3046d8a184d2e2d27651a418883?s=96&d=mm&r=g","contentUrl":"https:\/\/secure.gravatar.com\/avatar\/e4dde3046d8a184d2e2d27651a418883?s=96&d=mm&r=g","caption":"Roger Str\u00e4ssle"},"url":"https:\/\/www.m-q.ch\/fr\/author\/roger-straessle\/"}]}},"_links":{"self":[{"href":"https:\/\/www.m-q.ch\/fr\/wp-json\/wp\/v2\/posts\/905","targetHints":{"allow":["GET"]}}],"collection":[{"href":"https:\/\/www.m-q.ch\/fr\/wp-json\/wp\/v2\/posts"}],"about":[{"href":"https:\/\/www.m-q.ch\/fr\/wp-json\/wp\/v2\/types\/post"}],"author":[{"embeddable":true,"href":"https:\/\/www.m-q.ch\/fr\/wp-json\/wp\/v2\/users\/35"}],"replies":[{"embeddable":true,"href":"https:\/\/www.m-q.ch\/fr\/wp-json\/wp\/v2\/comments?post=905"}],"version-history":[{"count":5,"href":"https:\/\/www.m-q.ch\/fr\/wp-json\/wp\/v2\/posts\/905\/revisions"}],"predecessor-version":[{"id":913,"href":"https:\/\/www.m-q.ch\/fr\/wp-json\/wp\/v2\/posts\/905\/revisions\/913"}],"wp:featuredmedia":[{"embeddable":true,"href":"https:\/\/www.m-q.ch\/fr\/wp-json\/wp\/v2\/media\/909"}],"wp:attachment":[{"href":"https:\/\/www.m-q.ch\/fr\/wp-json\/wp\/v2\/media?parent=905"}],"wp:term":[{"taxonomy":"category","embeddable":true,"href":"https:\/\/www.m-q.ch\/fr\/wp-json\/wp\/v2\/categories?post=905"},{"taxonomy":"post_tag","embeddable":true,"href":"https:\/\/www.m-q.ch\/fr\/wp-json\/wp\/v2\/tags?post=905"}],"curies":[{"name":"wp","href":"https:\/\/api.w.org\/{rel}","templated":true}]}}