{"id":9593,"date":"2020-11-05T11:30:56","date_gmt":"2020-11-05T10:30:56","guid":{"rendered":"https:\/\/www.m-q.ch\/?p=9593"},"modified":"2021-02-05T11:37:01","modified_gmt":"2021-02-05T10:37:01","slug":"le-leadership-du-marche-en-sommeil-technologique","status":"publish","type":"post","link":"https:\/\/www.m-q.ch\/fr\/marktfu%cc%88hrerschaft-im-technologischen-daemmerschlaf\/","title":{"rendered":"Leadership du march\u00e9 dans le domaine du sommeil cr\u00e9pusculaire technologique"},"content":{"rendered":"<p><img loading=\"lazy\" decoding=\"async\" class=\"alignnone size-full wp-image-9594\" src=\"https:\/\/www.m-q.ch\/wp-content\/uploads\/2021\/02\/Digital-Transformation-Design.png\" alt=\"\" width=\"453\" height=\"575\" srcset=\"https:\/\/www.m-q.ch\/wp-content\/uploads\/2021\/02\/Digital-Transformation-Design.png 453w, https:\/\/www.m-q.ch\/wp-content\/uploads\/2021\/02\/Digital-Transformation-Design-9x12.png 9w, https:\/\/www.m-q.ch\/wp-content\/uploads\/2021\/02\/Digital-Transformation-Design-138x175.png 138w, https:\/\/www.m-q.ch\/wp-content\/uploads\/2021\/02\/Digital-Transformation-Design-276x350.png 276w, https:\/\/www.m-q.ch\/wp-content\/uploads\/2021\/02\/Digital-Transformation-Design-300x381.png 300w\" sizes=\"auto, (max-width: 453px) 100vw, 453px\" \/>Malheureusement, il ne s'agit pas d'un cas isol\u00e9 : les entreprises leaders en mati\u00e8re de technologie et de march\u00e9 ont une tendance risqu\u00e9e \u00e0 se fier \u00e0 ce qui leur a apport\u00e9 le succ\u00e8s dans le commerce analogique. Ils s'envolent - et s'\u00e9loignent de la r\u00e9alit\u00e9 et des vraies r\u00e9alit\u00e9s du march\u00e9. Cela ouvre la voie aux nouveaux venus du num\u00e9rique qui sortent de nulle part et d\u00e9tournent le march\u00e9 avec des innovations num\u00e9riques, faisant un pied de nez aux concurrents de longue date. Un leadership technologique convaincu plonge les entreprises dans une fr\u00e9n\u00e9sie pub\u00e8re de succ\u00e8s qui leur permet de rel\u00e2cher leur emprise sur le terrain. Et puis vient le \"moment de la gueule de bois\" : le bureau est compl\u00e8tement d\u00e9vast\u00e9. Un poulet caquette dans le couloir et un tigre est assis dans l'antichambre. Cela rappelle les hommes \u00e0 la gueule de bois avec une larme de film dans le long m\u00e9trage am\u00e9ricain \"Hangover\".<\/p>\n<p><strong>Les leaders du march\u00e9 sont malheureusement tr\u00e8s sensibles au sommeil cr\u00e9pusculaire technologique<\/strong><\/p>\n<p>Les leaders du march\u00e9 ont pleinement absorb\u00e9 et internalis\u00e9 les valeurs et les lignes directrices qui les ont propuls\u00e9s \u00e0 cette position de pointe. La recette suppos\u00e9e du succ\u00e8s : continuer \u00e0 s'appuyer sur ces valeurs incontournables. Encore plus haut. Encore plus vite. Encore plus efficace. Le succ\u00e8s agit comme un anesth\u00e9siant, conduisant \u00e0 un \u00e9tat de stupeur. Dans un \u00e9tat de demi-sommeil, les leaders du march\u00e9 ne per\u00e7oivent leur environnement que sous une forme l\u00e9g\u00e8rement \u00e9touff\u00e9e. C'est un peu comme \u00eatre envelopp\u00e9 dans du coton. Les entreprises profond\u00e9ment ancr\u00e9es dans leur esprit de r\u00e9ussite sous-estiment et jugent mal les innovations perturbatrices et ne reconnaissent pas les tendances \u00e9mergentes, ou le font trop tard. Lorsque les signaux d'alerte ont fait leur chemin \u00e0 travers le coton, il est trop tard pour une r\u00e9ponse ad\u00e9quate. La perturbation vise clairement et impitoyablement le bouleversement - au sein d'un segment de march\u00e9 entier ou d'une industrie enti\u00e8re. Les march\u00e9s se d\u00e9veloppent \u00e0 partir de rien, encore et encore, gr\u00e2ce \u00e0 l'audace et \u00e0 l'agilit\u00e9 des entreprises d'entr\u00e9e de gamme. Les entreprises \u00e9tablies se laissent prendre par surprise, contre leur gr\u00e9. Ils se concentrent enti\u00e8rement sur l'am\u00e9lioration constante de leurs technologies et valeurs \u00e9tablies afin de se d\u00e9marquer sur le march\u00e9 hautement concurrentiel avec des solutions diff\u00e9renci\u00e9es. Toutefois, \u00e0 un certain moment, une technologie est tellement \u00e9puis\u00e9e que les co\u00fbts de d\u00e9veloppement \u00e9lev\u00e9s ne sont pas proportionnels \u00e0 la valeur ajout\u00e9e per\u00e7ue par le client. Ou quel photographe priv\u00e9 a vraiment besoin des 20 m\u00e9gapixels habituels aujourd'hui ? Et c'est bien l\u00e0 le probl\u00e8me. On est arriv\u00e9 au point o\u00f9 un big bang perturbateur menace. Ce qui flotte sur le nuage neuf ne peut souvent plus \u00eatre per\u00e7u et appr\u00e9ci\u00e9 par le client. Ceux qui agissent trop loin de leurs clients seront in\u00e9vitablement renvoy\u00e9s sur le terrain des faits \u00e0 un moment donn\u00e9. Le tristement c\u00e9l\u00e8bre \"moment de gueule de bois\" se produit. Certains tentent de se sauver \u00e0 la derni\u00e8re seconde en migrant vers le haut afin de p\u00eacher des clients de premier ordre sur des march\u00e9s plus rentables. Mais ils se retrouvent dans le vide, avec des produits dont les clients ne veulent plus. Clayton M. Christensen l'a d\u00e9crit pour la premi\u00e8re fois dans son best-seller \"The Innovator's Dilemma\" (publi\u00e9 par Harvard Business Press en 1997). Encore aujourd'hui, un travail fondamental ayant une grande influence sur la recherche en management et la pratique du leadership.<\/p>\n<p><strong>Le retour \u00e0 l'\u00e9tat d'\u00e9veil<\/strong><\/p>\n<p>Les leaders intelligents du march\u00e9 s'appuient sur des bruits assourdissants qui sont d\u00e9clench\u00e9s par le client. Ces secousses r\u00e9veillent et aiguisent le sens de l'essentiel : l'exp\u00e9rience unique du client. Apr\u00e8s tout, l'invention ne peut \u00eatre qualifi\u00e9e de r\u00e9ussite que lorsque le march\u00e9 est enthousiaste, et non pas (seulement) le d\u00e9veloppeur. Et c'est l'un des probl\u00e8mes fondamentaux des leaders du march\u00e9 : les directives viennent de la direction (entrepreneur, gestionnaire), l'ing\u00e9nieur (informatique) assemble la solution. Les gestionnaires visent explicitement des solutions complexes, qui s'av\u00e8rent souvent irr\u00e9alistes. Ils ne remarquent pas qu'ils manquent le but (lors du tir au but). Apr\u00e8s tout, ils ont toujours r\u00e9ussi dans ce qu'ils font. L'autoroute de la pens\u00e9e vous envoie ses salutations ! Les techniciens et les ing\u00e9nieurs, en revanche, n'ont que peu ou pas d'id\u00e9e sur les besoins des clients. Souvent, ils sont visionnaires et aiment la technologie, ce qui n'est pas n\u00e9cessairement en accord avec le facteur de convivialit\u00e9. Dans le monde du travail agile, le pont entre la direction et le d\u00e9partement informatique se trouve dans le mod\u00e8le de pens\u00e9e de la conception. Certes - nous servons aussi \u00e0 tort des clich\u00e9s ici. Le processus de r\u00e9flexion sur le design est emprunt\u00e9, en caract\u00e8re et en s\u00e9quence, au processus de travail \u00e9tape par \u00e9tape que les designers suivent intuitivement. Les \u00e9quipes se d\u00e9placent dans des boucles it\u00e9ratives \u00e0 travers cinq phases successives qui se construisent les unes sur les autres : Comprendre - Observer - D\u00e9finir la perspective - Trouver des id\u00e9es - D\u00e9velopper et tester des prototypes. Si vous ou vos \u00e9quipes travaillez en mode de r\u00e9flexion sur la conception, abordez syst\u00e9matiquement les probl\u00e8mes complexes du point de vue de l'utilisateur et essayez d'adopter la pens\u00e9e et l'approche des concepteurs. Si nous regardons la science et la technologie, nous voyons que tout ici tourne autour de la solvabilit\u00c3\u00a9 technique des t\u00c3\u00a2ches. Si nous travaillons dans le cadre du Design Thinking, nous nous int\u00e9ressons de mani\u00e8re centrale aux souhaits et aux besoins des groupes cibles vis\u00e9s et nous orientons strictement nos innovations vers les besoins des utilisateurs ult\u00e9rieurs. Nous nous consid\u00e9rons comme les premiers utilisateurs du nouveau prototype, qui donne un premier aper\u00e7u de son applicabilit\u00e9 et devrait \u00eatre test\u00e9 dans la pratique. C'est l\u00e0 que les nouvelles id\u00e9es et les nouveaux produits sont cens\u00e9s faire leurs preuves. Nous devons accorder une attention particuli\u00e8re \u00e0 trois composantes essentielles : la faisabilit\u00e9 technologique, la viabilit\u00e9 \u00e9conomique et, surtout, l'acceptation par les gens. La ru\u00e9e vers le succ\u00e8s, la confiance excessive dans les ing\u00e9nieurs et la connaissance insuffisante du contexte de la client\u00e8le entra\u00eenent une dissonance entre les leaders du march\u00e9 et les clients \u00e9tablis. Le Design Thinking est con\u00e7u pour combler la dissonance entre les id\u00e9es du client, de la direction et des ing\u00e9nieurs (informatiques) ainsi que pour \u00e9viter les \"moments de gueule de bois\".<\/p>","protected":false},"excerpt":{"rendered":"<p>Leider ist es kein Einzelfall: Technologie- und marktfu\u0308hrende Unternehmen haben die riskante Neigung, sich darauf zu verlassen, was ihnen im analogen Gesch\u00e4ftsleben Erfolg einfuhr. Sie schweben hoch hinaus \u2013 und entfernt von der Realit\u00e4t und den wahren Marktgegebenheiten. Das macht den Weg frei fu\u0308r digitale Neueinsteiger, die aus dem Nichts auftauchen und mir nichts, dir [&hellip;]<\/p>\n","protected":false},"author":60,"featured_media":9594,"comment_status":"closed","ping_status":"closed","sticky":false,"template":"","format":"standard","meta":{"_acf_changed":false,"footnotes":""},"categories":[4448],"tags":[4725],"class_list":["post-9593","post","type-post","status-publish","format-standard","has-post-thumbnail","hentry","category-allgemein","tag-11-2020"],"acf":[],"yoast_head":"<!-- This site is optimized with the Yoast SEO plugin v26.2 - https:\/\/yoast.com\/wordpress\/plugins\/seo\/ -->\n<title>Marktfu\u0308hrerschaft im technologischen D\u00e4mmerschlaf - MQ Management und Qualit\u00e4t<\/title>\n<meta name=\"description\" content=\"Werden Unternehmen zu lange von der Sonne des Erfolgs verw\u00f6hnt, kann dies Blackouts und einen technologischen D\u00e4mmerschlaf ausl\u00f6sen. Die digitale Innovation, die das eigene Leistungsangebot u\u0308berflu\u0308ssig macht, lauert n\u00e4mlich latent bereits hinter der n\u00e4chsten Kurve.\" \/>\n<meta name=\"robots\" content=\"index, follow, max-snippet:-1, max-image-preview:large, max-video-preview:-1\" \/>\n<link rel=\"canonical\" href=\"https:\/\/www.m-q.ch\/fr\/le-leadership-du-marche-en-sommeil-technologique\/\" \/>\n<meta property=\"og:locale\" content=\"fr_FR\" \/>\n<meta property=\"og:type\" content=\"article\" \/>\n<meta property=\"og:title\" content=\"Marktfu\u0308hrerschaft im technologischen D\u00e4mmerschlaf - MQ Management und Qualit\u00e4t\" \/>\n<meta property=\"og:description\" content=\"Werden Unternehmen zu lange von der Sonne des Erfolgs verw\u00f6hnt, kann dies Blackouts und einen technologischen D\u00e4mmerschlaf ausl\u00f6sen. Die digitale Innovation, die das eigene Leistungsangebot u\u0308berflu\u0308ssig macht, lauert n\u00e4mlich latent bereits hinter der n\u00e4chsten Kurve.\" \/>\n<meta property=\"og:url\" content=\"https:\/\/www.m-q.ch\/fr\/le-leadership-du-marche-en-sommeil-technologique\/\" \/>\n<meta property=\"og:site_name\" content=\"MQ Management und Qualit\u00e4t\" \/>\n<meta property=\"article:publisher\" content=\"https:\/\/www.facebook.com\/ManagementUndQualitaet\" \/>\n<meta property=\"article:published_time\" content=\"2020-11-05T10:30:56+00:00\" \/>\n<meta property=\"article:modified_time\" content=\"2021-02-05T10:37:01+00:00\" \/>\n<meta property=\"og:image\" content=\"https:\/\/www.m-q.ch\/wp-content\/uploads\/2021\/02\/Digital-Transformation-Design.png\" \/>\n\t<meta property=\"og:image:width\" content=\"453\" \/>\n\t<meta property=\"og:image:height\" content=\"575\" \/>\n\t<meta property=\"og:image:type\" content=\"image\/png\" \/>\n<meta name=\"author\" content=\"upwork\" \/>\n<meta name=\"twitter:card\" content=\"summary_large_image\" \/>\n<meta name=\"twitter:label1\" content=\"\u00c9crit par\" \/>\n\t<meta name=\"twitter:data1\" content=\"upwork\" \/>\n\t<meta name=\"twitter:label2\" content=\"Dur\u00e9e de lecture estim\u00e9e\" \/>\n\t<meta name=\"twitter:data2\" content=\"5 minutes\" \/>\n<script type=\"application\/ld+json\" class=\"yoast-schema-graph\">{\"@context\":\"https:\/\/schema.org\",\"@graph\":[{\"@type\":\"Article\",\"@id\":\"https:\/\/www.m-q.ch\/marktfu%cc%88hrerschaft-im-technologischen-daemmerschlaf\/#article\",\"isPartOf\":{\"@id\":\"https:\/\/www.m-q.ch\/marktfu%cc%88hrerschaft-im-technologischen-daemmerschlaf\/\"},\"author\":{\"name\":\"upwork\",\"@id\":\"https:\/\/www.m-q.ch\/fr\/#\/schema\/person\/6044ff1d138701fac0f63fd4c5c93267\"},\"headline\":\"Marktfu\u0308hrerschaft im technologischen D\u00e4mmerschlaf\",\"datePublished\":\"2020-11-05T10:30:56+00:00\",\"dateModified\":\"2021-02-05T10:37:01+00:00\",\"mainEntityOfPage\":{\"@id\":\"https:\/\/www.m-q.ch\/marktfu%cc%88hrerschaft-im-technologischen-daemmerschlaf\/\"},\"wordCount\":915,\"publisher\":{\"@id\":\"https:\/\/www.m-q.ch\/fr\/#organization\"},\"image\":{\"@id\":\"https:\/\/www.m-q.ch\/marktfu%cc%88hrerschaft-im-technologischen-daemmerschlaf\/#primaryimage\"},\"thumbnailUrl\":\"https:\/\/www.m-q.ch\/wp-content\/uploads\/2021\/02\/Digital-Transformation-Design.png\",\"keywords\":[\"11\/2020\"],\"articleSection\":[\"Allgemein\"],\"inLanguage\":\"fr-FR\"},{\"@type\":\"WebPage\",\"@id\":\"https:\/\/www.m-q.ch\/marktfu%cc%88hrerschaft-im-technologischen-daemmerschlaf\/\",\"url\":\"https:\/\/www.m-q.ch\/marktfu%cc%88hrerschaft-im-technologischen-daemmerschlaf\/\",\"name\":\"Marktfu\u0308hrerschaft im technologischen D\u00e4mmerschlaf - MQ Management und Qualit\u00e4t\",\"isPartOf\":{\"@id\":\"https:\/\/www.m-q.ch\/fr\/#website\"},\"primaryImageOfPage\":{\"@id\":\"https:\/\/www.m-q.ch\/marktfu%cc%88hrerschaft-im-technologischen-daemmerschlaf\/#primaryimage\"},\"image\":{\"@id\":\"https:\/\/www.m-q.ch\/marktfu%cc%88hrerschaft-im-technologischen-daemmerschlaf\/#primaryimage\"},\"thumbnailUrl\":\"https:\/\/www.m-q.ch\/wp-content\/uploads\/2021\/02\/Digital-Transformation-Design.png\",\"datePublished\":\"2020-11-05T10:30:56+00:00\",\"dateModified\":\"2021-02-05T10:37:01+00:00\",\"description\":\"Werden Unternehmen zu lange von der Sonne des Erfolgs verw\u00f6hnt, kann dies Blackouts und einen technologischen D\u00e4mmerschlaf ausl\u00f6sen. Die digitale Innovation, die das eigene Leistungsangebot u\u0308berflu\u0308ssig macht, lauert n\u00e4mlich latent bereits hinter der n\u00e4chsten Kurve.\",\"breadcrumb\":{\"@id\":\"https:\/\/www.m-q.ch\/marktfu%cc%88hrerschaft-im-technologischen-daemmerschlaf\/#breadcrumb\"},\"inLanguage\":\"fr-FR\",\"potentialAction\":[{\"@type\":\"ReadAction\",\"target\":[\"https:\/\/www.m-q.ch\/marktfu%cc%88hrerschaft-im-technologischen-daemmerschlaf\/\"]}]},{\"@type\":\"ImageObject\",\"inLanguage\":\"fr-FR\",\"@id\":\"https:\/\/www.m-q.ch\/marktfu%cc%88hrerschaft-im-technologischen-daemmerschlaf\/#primaryimage\",\"url\":\"https:\/\/www.m-q.ch\/wp-content\/uploads\/2021\/02\/Digital-Transformation-Design.png\",\"contentUrl\":\"https:\/\/www.m-q.ch\/wp-content\/uploads\/2021\/02\/Digital-Transformation-Design.png\",\"width\":453,\"height\":575},{\"@type\":\"BreadcrumbList\",\"@id\":\"https:\/\/www.m-q.ch\/marktfu%cc%88hrerschaft-im-technologischen-daemmerschlaf\/#breadcrumb\",\"itemListElement\":[{\"@type\":\"ListItem\",\"position\":1,\"name\":\"Allgemein\",\"item\":\"https:\/\/www.m-q.ch\/kategorie\/allgemein\/\"},{\"@type\":\"ListItem\",\"position\":2,\"name\":\"Marktfu\u0308hrerschaft im technologischen D\u00e4mmerschlaf\"}]},{\"@type\":\"WebSite\",\"@id\":\"https:\/\/www.m-q.ch\/fr\/#website\",\"url\":\"https:\/\/www.m-q.ch\/fr\/\",\"name\":\"MQ Management und Qualit\u00e4t\",\"description\":\"Plattform f\u00fcr integrierte Managementsysteme.\",\"publisher\":{\"@id\":\"https:\/\/www.m-q.ch\/fr\/#organization\"},\"potentialAction\":[{\"@type\":\"SearchAction\",\"target\":{\"@type\":\"EntryPoint\",\"urlTemplate\":\"https:\/\/www.m-q.ch\/fr\/?s={search_term_string}\"},\"query-input\":{\"@type\":\"PropertyValueSpecification\",\"valueRequired\":true,\"valueName\":\"search_term_string\"}}],\"inLanguage\":\"fr-FR\"},{\"@type\":\"Organization\",\"@id\":\"https:\/\/www.m-q.ch\/fr\/#organization\",\"name\":\"Galledia Fachmedien AG\",\"url\":\"https:\/\/www.m-q.ch\/fr\/\",\"logo\":{\"@type\":\"ImageObject\",\"inLanguage\":\"fr-FR\",\"@id\":\"https:\/\/www.m-q.ch\/fr\/#\/schema\/logo\/image\/\",\"url\":\"https:\/\/www.m-q.ch\/wp-content\/uploads\/2020\/12\/cropped-logo_small.png\",\"contentUrl\":\"https:\/\/www.m-q.ch\/wp-content\/uploads\/2020\/12\/cropped-logo_small.png\",\"width\":512,\"height\":512,\"caption\":\"Galledia Fachmedien AG\"},\"image\":{\"@id\":\"https:\/\/www.m-q.ch\/fr\/#\/schema\/logo\/image\/\"},\"sameAs\":[\"https:\/\/www.facebook.com\/ManagementUndQualitaet\",\"https:\/\/www.linkedin.com\/showcase\/17982321\/admin\/\"]},{\"@type\":\"Person\",\"@id\":\"https:\/\/www.m-q.ch\/fr\/#\/schema\/person\/6044ff1d138701fac0f63fd4c5c93267\",\"name\":\"upwork\",\"image\":{\"@type\":\"ImageObject\",\"inLanguage\":\"fr-FR\",\"@id\":\"https:\/\/www.m-q.ch\/fr\/#\/schema\/person\/image\/\",\"url\":\"https:\/\/secure.gravatar.com\/avatar\/fe2de2b04483edb0f28eb7fd34d15d6c?s=96&d=mm&r=g\",\"contentUrl\":\"https:\/\/secure.gravatar.com\/avatar\/fe2de2b04483edb0f28eb7fd34d15d6c?s=96&d=mm&r=g\",\"caption\":\"upwork\"},\"description\":\"uf3J7(qCI6jN0^0y6%%0ti70\",\"url\":\"https:\/\/www.m-q.ch\/fr\/author\/upwork\/\"}]}<\/script>\n<!-- \/ Yoast SEO plugin. -->","yoast_head_json":{"title":"Leadership du march\u00e9 dans le domaine du sommeil cr\u00e9pusculaire technologique - MQ Management and Quality","description":"Si les entreprises sont trop longtemps g\u00e2t\u00e9es par le soleil du succ\u00e8s, cela peut d\u00e9clencher des coupures de courant et un assoupissement technologique. L'innovation num\u00e9rique qui rend superflue la propre offre de services est d\u00e9j\u00e0 latente au prochain virage.","robots":{"index":"index","follow":"follow","max-snippet":"max-snippet:-1","max-image-preview":"max-image-preview:large","max-video-preview":"max-video-preview:-1"},"canonical":"https:\/\/www.m-q.ch\/fr\/le-leadership-du-marche-en-sommeil-technologique\/","og_locale":"fr_FR","og_type":"article","og_title":"Marktfu\u0308hrerschaft im technologischen D\u00e4mmerschlaf - MQ Management und Qualit\u00e4t","og_description":"Werden Unternehmen zu lange von der Sonne des Erfolgs verw\u00f6hnt, kann dies Blackouts und einen technologischen D\u00e4mmerschlaf ausl\u00f6sen. Die digitale Innovation, die das eigene Leistungsangebot u\u0308berflu\u0308ssig macht, lauert n\u00e4mlich latent bereits hinter der n\u00e4chsten Kurve.","og_url":"https:\/\/www.m-q.ch\/fr\/le-leadership-du-marche-en-sommeil-technologique\/","og_site_name":"MQ Management und Qualit\u00e4t","article_publisher":"https:\/\/www.facebook.com\/ManagementUndQualitaet","article_published_time":"2020-11-05T10:30:56+00:00","article_modified_time":"2021-02-05T10:37:01+00:00","og_image":[{"width":453,"height":575,"url":"https:\/\/www.m-q.ch\/wp-content\/uploads\/2021\/02\/Digital-Transformation-Design.png","type":"image\/png"}],"author":"upwork","twitter_card":"summary_large_image","twitter_misc":{"\u00c9crit par":"upwork","Dur\u00e9e de lecture estim\u00e9e":"5 minutes"},"schema":{"@context":"https:\/\/schema.org","@graph":[{"@type":"Article","@id":"https:\/\/www.m-q.ch\/marktfu%cc%88hrerschaft-im-technologischen-daemmerschlaf\/#article","isPartOf":{"@id":"https:\/\/www.m-q.ch\/marktfu%cc%88hrerschaft-im-technologischen-daemmerschlaf\/"},"author":{"name":"upwork","@id":"https:\/\/www.m-q.ch\/fr\/#\/schema\/person\/6044ff1d138701fac0f63fd4c5c93267"},"headline":"Marktfu\u0308hrerschaft im technologischen D\u00e4mmerschlaf","datePublished":"2020-11-05T10:30:56+00:00","dateModified":"2021-02-05T10:37:01+00:00","mainEntityOfPage":{"@id":"https:\/\/www.m-q.ch\/marktfu%cc%88hrerschaft-im-technologischen-daemmerschlaf\/"},"wordCount":915,"publisher":{"@id":"https:\/\/www.m-q.ch\/fr\/#organization"},"image":{"@id":"https:\/\/www.m-q.ch\/marktfu%cc%88hrerschaft-im-technologischen-daemmerschlaf\/#primaryimage"},"thumbnailUrl":"https:\/\/www.m-q.ch\/wp-content\/uploads\/2021\/02\/Digital-Transformation-Design.png","keywords":["11\/2020"],"articleSection":["Allgemein"],"inLanguage":"fr-FR"},{"@type":"WebPage","@id":"https:\/\/www.m-q.ch\/marktfu%cc%88hrerschaft-im-technologischen-daemmerschlaf\/","url":"https:\/\/www.m-q.ch\/marktfu%cc%88hrerschaft-im-technologischen-daemmerschlaf\/","name":"Leadership du march\u00e9 dans le domaine du sommeil cr\u00e9pusculaire technologique - MQ Management and Quality","isPartOf":{"@id":"https:\/\/www.m-q.ch\/fr\/#website"},"primaryImageOfPage":{"@id":"https:\/\/www.m-q.ch\/marktfu%cc%88hrerschaft-im-technologischen-daemmerschlaf\/#primaryimage"},"image":{"@id":"https:\/\/www.m-q.ch\/marktfu%cc%88hrerschaft-im-technologischen-daemmerschlaf\/#primaryimage"},"thumbnailUrl":"https:\/\/www.m-q.ch\/wp-content\/uploads\/2021\/02\/Digital-Transformation-Design.png","datePublished":"2020-11-05T10:30:56+00:00","dateModified":"2021-02-05T10:37:01+00:00","description":"Si les entreprises sont trop longtemps g\u00e2t\u00e9es par le soleil du succ\u00e8s, cela peut d\u00e9clencher des coupures de courant et un assoupissement technologique. L'innovation num\u00e9rique qui rend superflue la propre offre de services est d\u00e9j\u00e0 latente au prochain virage.","breadcrumb":{"@id":"https:\/\/www.m-q.ch\/marktfu%cc%88hrerschaft-im-technologischen-daemmerschlaf\/#breadcrumb"},"inLanguage":"fr-FR","potentialAction":[{"@type":"ReadAction","target":["https:\/\/www.m-q.ch\/marktfu%cc%88hrerschaft-im-technologischen-daemmerschlaf\/"]}]},{"@type":"ImageObject","inLanguage":"fr-FR","@id":"https:\/\/www.m-q.ch\/marktfu%cc%88hrerschaft-im-technologischen-daemmerschlaf\/#primaryimage","url":"https:\/\/www.m-q.ch\/wp-content\/uploads\/2021\/02\/Digital-Transformation-Design.png","contentUrl":"https:\/\/www.m-q.ch\/wp-content\/uploads\/2021\/02\/Digital-Transformation-Design.png","width":453,"height":575},{"@type":"BreadcrumbList","@id":"https:\/\/www.m-q.ch\/marktfu%cc%88hrerschaft-im-technologischen-daemmerschlaf\/#breadcrumb","itemListElement":[{"@type":"ListItem","position":1,"name":"Allgemein","item":"https:\/\/www.m-q.ch\/kategorie\/allgemein\/"},{"@type":"ListItem","position":2,"name":"Marktfu\u0308hrerschaft im technologischen D\u00e4mmerschlaf"}]},{"@type":"WebSite","@id":"https:\/\/www.m-q.ch\/fr\/#website","url":"https:\/\/www.m-q.ch\/fr\/","name":"Gestion et qualit\u00e9 du QM","description":"Plate-forme pour les syst\u00e8mes de gestion int\u00e9gr\u00e9e.","publisher":{"@id":"https:\/\/www.m-q.ch\/fr\/#organization"},"potentialAction":[{"@type":"SearchAction","target":{"@type":"EntryPoint","urlTemplate":"https:\/\/www.m-q.ch\/fr\/?s={search_term_string}"},"query-input":{"@type":"PropertyValueSpecification","valueRequired":true,"valueName":"search_term_string"}}],"inLanguage":"fr-FR"},{"@type":"Organization","@id":"https:\/\/www.m-q.ch\/fr\/#organization","name":"Galledia Trade Media AG","url":"https:\/\/www.m-q.ch\/fr\/","logo":{"@type":"ImageObject","inLanguage":"fr-FR","@id":"https:\/\/www.m-q.ch\/fr\/#\/schema\/logo\/image\/","url":"https:\/\/www.m-q.ch\/wp-content\/uploads\/2020\/12\/cropped-logo_small.png","contentUrl":"https:\/\/www.m-q.ch\/wp-content\/uploads\/2020\/12\/cropped-logo_small.png","width":512,"height":512,"caption":"Galledia Fachmedien AG"},"image":{"@id":"https:\/\/www.m-q.ch\/fr\/#\/schema\/logo\/image\/"},"sameAs":["https:\/\/www.facebook.com\/ManagementUndQualitaet","https:\/\/www.linkedin.com\/showcase\/17982321\/admin\/"]},{"@type":"Person","@id":"https:\/\/www.m-q.ch\/fr\/#\/schema\/person\/6044ff1d138701fac0f63fd4c5c93267","name":"upwork","image":{"@type":"ImageObject","inLanguage":"fr-FR","@id":"https:\/\/www.m-q.ch\/fr\/#\/schema\/person\/image\/","url":"https:\/\/secure.gravatar.com\/avatar\/fe2de2b04483edb0f28eb7fd34d15d6c?s=96&d=mm&r=g","contentUrl":"https:\/\/secure.gravatar.com\/avatar\/fe2de2b04483edb0f28eb7fd34d15d6c?s=96&d=mm&r=g","caption":"upwork"},"description":"uf3J7(qCI6jN0^0y6%%0ti70","url":"https:\/\/www.m-q.ch\/fr\/author\/upwork\/"}]}},"_links":{"self":[{"href":"https:\/\/www.m-q.ch\/fr\/wp-json\/wp\/v2\/posts\/9593","targetHints":{"allow":["GET"]}}],"collection":[{"href":"https:\/\/www.m-q.ch\/fr\/wp-json\/wp\/v2\/posts"}],"about":[{"href":"https:\/\/www.m-q.ch\/fr\/wp-json\/wp\/v2\/types\/post"}],"author":[{"embeddable":true,"href":"https:\/\/www.m-q.ch\/fr\/wp-json\/wp\/v2\/users\/60"}],"replies":[{"embeddable":true,"href":"https:\/\/www.m-q.ch\/fr\/wp-json\/wp\/v2\/comments?post=9593"}],"version-history":[{"count":4,"href":"https:\/\/www.m-q.ch\/fr\/wp-json\/wp\/v2\/posts\/9593\/revisions"}],"predecessor-version":[{"id":9603,"href":"https:\/\/www.m-q.ch\/fr\/wp-json\/wp\/v2\/posts\/9593\/revisions\/9603"}],"wp:featuredmedia":[{"embeddable":true,"href":"https:\/\/www.m-q.ch\/fr\/wp-json\/wp\/v2\/media\/9594"}],"wp:attachment":[{"href":"https:\/\/www.m-q.ch\/fr\/wp-json\/wp\/v2\/media?parent=9593"}],"wp:term":[{"taxonomy":"category","embeddable":true,"href":"https:\/\/www.m-q.ch\/fr\/wp-json\/wp\/v2\/categories?post=9593"},{"taxonomy":"post_tag","embeddable":true,"href":"https:\/\/www.m-q.ch\/fr\/wp-json\/wp\/v2\/tags?post=9593"}],"curies":[{"name":"wp","href":"https:\/\/api.w.org\/{rel}","templated":true}]}}