{"id":9607,"date":"2020-11-06T17:01:08","date_gmt":"2020-11-06T16:01:08","guid":{"rendered":"https:\/\/www.m-q.ch\/?p=9607"},"modified":"2021-02-09T08:54:03","modified_gmt":"2021-02-09T07:54:03","slug":"outils-de-gestion-harmonises-pour-le-groupe","status":"publish","type":"post","link":"https:\/\/www.m-q.ch\/fr\/management-tools-fuer-die-gruppe-harmonisiert\/","title":{"rendered":"Des outils de gestion harmonis\u00e9s pour le groupe"},"content":{"rendered":"<p><img loading=\"lazy\" decoding=\"async\" class=\"alignnone  wp-image-9613\" src=\"https:\/\/www.m-q.ch\/wp-content\/uploads\/2020\/11\/Sample-Article-1.jpg\" alt=\"\" width=\"845\" height=\"632\" srcset=\"https:\/\/www.m-q.ch\/wp-content\/uploads\/2020\/11\/Sample-Article-1.jpg 571w, https:\/\/www.m-q.ch\/wp-content\/uploads\/2020\/11\/Sample-Article-1-16x12.jpg 16w, https:\/\/www.m-q.ch\/wp-content\/uploads\/2020\/11\/Sample-Article-1-234x175.jpg 234w, https:\/\/www.m-q.ch\/wp-content\/uploads\/2020\/11\/Sample-Article-1-468x350.jpg 468w, https:\/\/www.m-q.ch\/wp-content\/uploads\/2020\/11\/Sample-Article-1-300x224.jpg 300w\" sizes=\"auto, (max-width: 845px) 100vw, 845px\" \/><\/p>\n<p>Apr\u00e8s plusieurs rachats, l'entreprise familiale fond\u00e9e en 1936 a form\u00e9 le groupe Thommen au d\u00e9but de l'ann\u00e9e 2020 avec 23 sites r\u00e9partis en Suisse, en Allemagne, en Belgique et en Italie. Le secteur suisse du recyclage est repr\u00e9sent\u00e9 par la marque Thommen avec ses 10 sites rebaptis\u00e9s, le secteur du commerce international par la marque Metallum et les d\u00e9chets \u00e9lectroniques par la marque Immark. Le Dr Tobias Thommen (TT), PDG, explique le contexte de cette d\u00e9cision. Et Rolf Sonderegger (RS), responsable de la qualit\u00e9, d\u00e9crit comment le syst\u00e8me de gestion \u00e0 l'\u00e9chelle du groupe a \u00e9t\u00e9 mis en place.<\/p>\n<p><strong>Comment en est-on arriv\u00e9 l\u00e0 ?<\/strong><\/p>\n<p>TT : Ce fut un long processus de mise en balance, car d'une part, il y avait des entreprises ancr\u00e9es dans la r\u00e9gion dont certains clients ignoraient l'affiliation au groupe Thommen. D'autre part, je voulais m'assurer que toutes les entreprises Thommen travaillaient selon les normes Thommen. Notre objectif est d'\u00e9liminer correctement les mat\u00e9riaux recyclables et de les r\u00e9int\u00e9grer dans le cycle de production en tant que mati\u00e8res premi\u00e8res secondaires. En restructurant et en standardisant les applications logicielles dans les domaines de l'ERP, des finances, de l'enregistrement du temps et des syst\u00e8mes de gestion, j'ai enfin pu lancer un changement de nom en toute bonne conscience. La nouvelle marque a \u00e9t\u00e9 lanc\u00e9e en septembre 2019 lors de la manifestation des employ\u00e9s \u00e0 Kaiseraugst.<\/p>\n<p><strong>Quels sont les effets de la nouvelle structure de la soci\u00e9t\u00e9 ?<\/strong><\/p>\n<p>TT : Les exemples ci-dessous illustrent la transformation :<\/p>\n<ul>\n<li>Propri\u00e9t\u00e9 : Thommen est toujours une soci\u00e9t\u00e9 anonyme familiale, g\u00e9r\u00e9e par la troisi\u00e8me g\u00e9n\u00e9ration de la famille Thommen.<\/li>\n<li>Gestion : les responsabilit\u00e9s historiques et locales ont \u00e9t\u00e9 normalis\u00e9es et harmonis\u00e9es dans l'ensemble du groupe, ce qui a permis de renforcer consid\u00e9rablement le sentiment du groupe. Le groupe Thommen est g\u00e9r\u00e9 par un comit\u00e9 ex\u00e9cutif du groupe compos\u00e9 de six repr\u00e9sentants des trois marques.<\/li>\n<li>Logistique : au sein du groupe Thommen, les clients peuvent faire recycler leurs mat\u00e9riaux par le chemin le plus court. Ils n'ont qu'un seul interlocuteur pour leurs diff\u00e9rents probl\u00e8mes de d\u00e9chets. Avec le changement de nom en Thommen, nous avons, par exemple, centralis\u00e9 et uniformis\u00e9 les dispositions dans la r\u00e9gion de Berne. Cela nous permet de r\u00e9pondre plus rapidement et plus efficacement aux demandes des clients et de faire circuler les conteneurs de mani\u00e8re optimale.<\/li>\n<li>Pr\u00e9sence sur le march\u00e9 et communication<strong>: <\/strong>L'affiliation des sites Thommen et des trois marques est d\u00e9sormais clairement signal\u00e9e tant en interne qu'en externe. Le marketing central assure des conditions de concurrence \u00e9quitables dans l'ensemble du groupe. La communication marketing, les sites web et l'identit\u00e9 visuelle de la marque Thommen ont \u00e9t\u00e9 normalis\u00e9s. Celles des deux autres marques seront progressivement adapt\u00e9es. \u00c0 l'avenir, une application de communication interne favorisera la compr\u00e9hension du groupe et simplifiera la communication avec et entre les employ\u00e9s.<\/li>\n<li>Ventes : nous avons cr\u00e9\u00e9 ici des postes sp\u00e9cifiques avec diff\u00e9rents profils d'exigences. Ces titulaires de postes agissent comme des chefs de produit ou des directeurs de division qui prennent les d\u00e9cisions finales pour leur division.<\/li>\n<li>Contr\u00f4le de gestion : avec l'introduction d'un syst\u00e8me de gestion de groupe, les diff\u00e9rents syst\u00e8mes existants ont \u00e9t\u00e9 remplac\u00e9s par l'outil ConSense QM. \u00c0 l'avenir, cela permettra de comparer les processus (en particulier les processus de cr\u00e9ation de valeur) et, si possible, de les normaliser. Il en va de m\u00eame pour les documents (instructions de travail, listes de contr\u00f4le, etc.). En outre, les nouveaux processus et documents peuvent \u00eatre adress\u00e9s directement aux employ\u00e9s concern\u00e9s et confirm\u00e9s par eux.<\/li>\n<\/ul>\n<p><strong>Qu'offre le nouveau syst\u00e8me de gestion \u00e0 l'\u00e9chelle du groupe ? <\/strong><\/p>\n<p>RS : Il est essentiel que l'architecture du syst\u00e8me et tous les flux de travail associ\u00e9s examinent d'abord comment d\u00e9finir exactement la structure de l'entreprise, le paysage des processus et le r\u00f4le des titulaires de fonctions. Jusqu'\u00e0 pr\u00e9sent, les processus et les documents du syst\u00e8me de gestion \u00e9taient conserv\u00e9s dans diverses applications (Word, Visio, Intranet, etc.) et stock\u00e9s dans des endroits tr\u00e8s divers. Avec l'introduction du nouveau logiciel, cette situation est maintenant termin\u00e9e. Tous les processus et documents sont stock\u00e9s de mani\u00e8re centralis\u00e9e dans un seul outil et sont accessibles tr\u00e8s facilement. Nous utilisons cet outil non seulement pour cartographier les processus et pour les documents contr\u00f4l\u00e9s, mais aussi pour g\u00e9rer les documents de v\u00e9rification, les documents de formation, les manuels et les rapports.<\/p>\n<p><strong>Vos premi\u00e8res exp\u00e9riences avec le nouveau logiciel ? <\/strong><\/p>\n<p>RS : Gr\u00e2ce \u00e0 des cours de formation pratique, Con- Sense a cr\u00e9\u00e9 une base solide pour le d\u00e9veloppement ult\u00e9rieur du syst\u00e8me, qui s'explique en grande partie de lui-m\u00eame. En outre, les modules d'audit et de gestion des mesures ont \u00e9t\u00e9 introduits au d\u00e9but de l'ann\u00e9e 2020, ce qui permet une gestion efficace de ces instruments. Les mesures peuvent \u00e9galement \u00eatre confi\u00e9es \u00e0 une personne responsable. Cela facilite le suivi de la mise en \u0153uvre. Les listes Excel en attente n'existent plus ....<\/p>\n<p><strong>Comment le projet a-t-il \u00e9t\u00e9 r\u00e9alis\u00e9 ?<\/strong><\/p>\n<p>RS : \u00c0 l'automne 2018, le conseil d'administration a donn\u00e9 l'ordre de mettre en place un syst\u00e8me de gestion de groupe pour les normes ISO 9001, 14001 et 45001. Dans une premi\u00e8re phase, tous les sites en Suisse devaient \u00eatre int\u00e9gr\u00e9s. Avec un soutien ext\u00e9rieur, un avant-projet a \u00e9t\u00e9 \u00e9labor\u00e9 en d\u00e9cembre 2018, pour lequel le conseil d'administration a donn\u00e9 son approbation au d\u00e9but du mois de f\u00e9vrier 2019. Toutefois, le projet n'a pas pu \u00eatre mis en \u0153uvre avec les solutions logicielles existantes. Nous avons donc \u00e9tabli un catalogue des besoins et l'avons envoy\u00e9 \u00e0 sept fournisseurs d'outils de gestion de la qualit\u00e9. Apr\u00e8s une \u00e9valuation minutieuse, le logiciel de ConSense GmbH a \u00e9t\u00e9 choisi. Les principaux arguments en faveur de cette solution \u00e9taient les suivants : un logiciel moderne et tourn\u00e9 vers l'avenir, une application simple pour les utilisateurs, le multilinguisme avec un programme de traduction int\u00e9gr\u00e9 ainsi qu'une manipulation simple pour la personne qui saisit les processus et les documents. Le logiciel a \u00e9t\u00e9 command\u00e9 en juin 2019. Une session de formation de quatre jours a eu lieu fin juillet 2019. En collaboration avec la direction, nous avons d\u00e9velopp\u00e9 un tout nouveau paysage de processus et d\u00e9fini les principaux th\u00e8mes du processus. Les bases de l'enregistrement dans l'outil de gestion de la qualit\u00e9 de ConSense ont ainsi \u00e9t\u00e9 jet\u00e9es. Quels effets le logiciel a-t-il eu sur la recertification de l'entreprise ? RS : Au moment de la recertification \u00e0 la mi-mars 2020, environ 600 processus et documents avaient \u00e9t\u00e9 enregistr\u00e9s dans le nouvel outil et les employ\u00e9s impliqu\u00e9s dans l'audit avaient \u00e9t\u00e9 form\u00e9s. La certification a ensuite \u00e9t\u00e9 obtenue. Notre prochain objectif est de faire en sorte que tous les processus et documents soient enregistr\u00e9s et que tous les employ\u00e9s soient form\u00e9s d'ici \u00e0 la fin de 2020. Nous avons impliqu\u00e9 les auditeurs de la SQS dans le projet d\u00e8s le d\u00e9but. Le week-end pr\u00e9c\u00e9dant la certification, le verrouillage inattendu de la Corona s'est mis en place. Apr\u00e8s consultation des auditeurs, la premi\u00e8re partie (1,5 jour) a \u00e9t\u00e9 r\u00e9alis\u00e9e avec un programme r\u00e9duit sur place \u00e0 Kaiseraugst. Nous avons pu r\u00e9aliser la deuxi\u00e8me partie de la certification (4 jours) gr\u00e2ce \u00e0 une \u00e9valuation \u00e0 distance par vid\u00e9oconf\u00e9rence. Cette proc\u00e9dure, cr\u00e9\u00e9e pour les situations d'urgence, a permis de mener \u00e0 bien la certification.<\/p>\n<p>&nbsp;<\/p>","protected":false},"excerpt":{"rendered":"<p>Nach mehreren \u00dcbernahmen formierte sich der 1936 gegr\u00fcndete Familienbetrieb Anfang 2020 zur Thommen Group mit 23 Standorten, verteilt auf die Schweiz, Deutschland sowie Belgien und Italien. F\u00fcr das Schweizer Recyclinggesch\u00e4ft steht die Marke Thommen mit ihren 10 umfirmierten Standorten, f\u00fcr das internationale Handelsgesch\u00e4ft die Marke Metallum und f\u00fcr den Elektronikschrott die Marke Immark. CEO Dr. [&hellip;]<\/p>\n","protected":false},"author":60,"featured_media":9613,"comment_status":"closed","ping_status":"closed","sticky":false,"template":"","format":"standard","meta":{"_acf_changed":false,"footnotes":""},"categories":[4448],"tags":[4725],"class_list":["post-9607","post","type-post","status-publish","format-standard","has-post-thumbnail","hentry","category-allgemein","tag-11-2020"],"acf":[],"yoast_head":"<!-- This site is optimized with the Yoast SEO plugin v26.2 - https:\/\/yoast.com\/wordpress\/plugins\/seo\/ -->\n<title>Management-Tools f\u00fcr die Gruppe harmonisiert - MQ Management und Qualit\u00e4t<\/title>\n<meta name=\"description\" content=\"Organisches Wachstum, neue Gesch\u00e4ftsfelder und Akquisitionen k\u00f6nnen Firmen markant ver\u00e4ndern. \u00dcber die Jahre gewachsene Strukturen m\u00fcssen deshalb angepasst werden. Das Recycling-Unternehmen Thommen Group hat diesen Schritt erfolgreich vollzogen.\" \/>\n<meta name=\"robots\" content=\"index, follow, max-snippet:-1, max-image-preview:large, max-video-preview:-1\" \/>\n<link rel=\"canonical\" href=\"https:\/\/www.m-q.ch\/fr\/outils-de-gestion-harmonises-pour-le-groupe\/\" \/>\n<meta property=\"og:locale\" content=\"fr_FR\" \/>\n<meta property=\"og:type\" content=\"article\" \/>\n<meta property=\"og:title\" content=\"Management-Tools f\u00fcr die Gruppe harmonisiert - MQ Management und Qualit\u00e4t\" \/>\n<meta property=\"og:description\" content=\"Organisches Wachstum, neue Gesch\u00e4ftsfelder und Akquisitionen k\u00f6nnen Firmen markant ver\u00e4ndern. \u00dcber die Jahre gewachsene Strukturen m\u00fcssen deshalb angepasst werden. Das Recycling-Unternehmen Thommen Group hat diesen Schritt erfolgreich vollzogen.\" \/>\n<meta property=\"og:url\" content=\"https:\/\/www.m-q.ch\/fr\/outils-de-gestion-harmonises-pour-le-groupe\/\" \/>\n<meta property=\"og:site_name\" content=\"MQ Management und Qualit\u00e4t\" \/>\n<meta property=\"article:publisher\" content=\"https:\/\/www.facebook.com\/ManagementUndQualitaet\" \/>\n<meta property=\"article:published_time\" content=\"2020-11-06T16:01:08+00:00\" \/>\n<meta property=\"article:modified_time\" content=\"2021-02-09T07:54:03+00:00\" \/>\n<meta property=\"og:image\" content=\"https:\/\/www.m-q.ch\/wp-content\/uploads\/2020\/11\/Sample-Article-1.jpg\" \/>\n\t<meta property=\"og:image:width\" content=\"571\" \/>\n\t<meta property=\"og:image:height\" content=\"427\" \/>\n\t<meta property=\"og:image:type\" content=\"image\/jpeg\" \/>\n<meta name=\"author\" content=\"upwork\" \/>\n<meta name=\"twitter:card\" content=\"summary_large_image\" \/>\n<meta name=\"twitter:label1\" content=\"\u00c9crit par\" \/>\n\t<meta name=\"twitter:data1\" content=\"upwork\" \/>\n\t<meta name=\"twitter:label2\" content=\"Dur\u00e9e de lecture estim\u00e9e\" \/>\n\t<meta name=\"twitter:data2\" content=\"5 minutes\" \/>\n<script type=\"application\/ld+json\" class=\"yoast-schema-graph\">{\"@context\":\"https:\/\/schema.org\",\"@graph\":[{\"@type\":\"Article\",\"@id\":\"https:\/\/www.m-q.ch\/management-tools-fuer-die-gruppe-harmonisiert\/#article\",\"isPartOf\":{\"@id\":\"https:\/\/www.m-q.ch\/management-tools-fuer-die-gruppe-harmonisiert\/\"},\"author\":{\"name\":\"upwork\",\"@id\":\"https:\/\/www.m-q.ch\/fr\/#\/schema\/person\/6044ff1d138701fac0f63fd4c5c93267\"},\"headline\":\"Management-Tools f\u00fcr die Gruppe harmonisiert\",\"datePublished\":\"2020-11-06T16:01:08+00:00\",\"dateModified\":\"2021-02-09T07:54:03+00:00\",\"mainEntityOfPage\":{\"@id\":\"https:\/\/www.m-q.ch\/management-tools-fuer-die-gruppe-harmonisiert\/\"},\"wordCount\":967,\"publisher\":{\"@id\":\"https:\/\/www.m-q.ch\/fr\/#organization\"},\"image\":{\"@id\":\"https:\/\/www.m-q.ch\/management-tools-fuer-die-gruppe-harmonisiert\/#primaryimage\"},\"thumbnailUrl\":\"https:\/\/www.m-q.ch\/wp-content\/uploads\/2020\/11\/Sample-Article-1.jpg\",\"keywords\":[\"11\/2020\"],\"articleSection\":[\"Allgemein\"],\"inLanguage\":\"fr-FR\"},{\"@type\":\"WebPage\",\"@id\":\"https:\/\/www.m-q.ch\/management-tools-fuer-die-gruppe-harmonisiert\/\",\"url\":\"https:\/\/www.m-q.ch\/management-tools-fuer-die-gruppe-harmonisiert\/\",\"name\":\"Management-Tools f\u00fcr die Gruppe harmonisiert - MQ Management und Qualit\u00e4t\",\"isPartOf\":{\"@id\":\"https:\/\/www.m-q.ch\/fr\/#website\"},\"primaryImageOfPage\":{\"@id\":\"https:\/\/www.m-q.ch\/management-tools-fuer-die-gruppe-harmonisiert\/#primaryimage\"},\"image\":{\"@id\":\"https:\/\/www.m-q.ch\/management-tools-fuer-die-gruppe-harmonisiert\/#primaryimage\"},\"thumbnailUrl\":\"https:\/\/www.m-q.ch\/wp-content\/uploads\/2020\/11\/Sample-Article-1.jpg\",\"datePublished\":\"2020-11-06T16:01:08+00:00\",\"dateModified\":\"2021-02-09T07:54:03+00:00\",\"description\":\"Organisches Wachstum, neue Gesch\u00e4ftsfelder und Akquisitionen k\u00f6nnen Firmen markant ver\u00e4ndern. \u00dcber die Jahre gewachsene Strukturen m\u00fcssen deshalb angepasst werden. Das Recycling-Unternehmen Thommen Group hat diesen Schritt erfolgreich vollzogen.\",\"breadcrumb\":{\"@id\":\"https:\/\/www.m-q.ch\/management-tools-fuer-die-gruppe-harmonisiert\/#breadcrumb\"},\"inLanguage\":\"fr-FR\",\"potentialAction\":[{\"@type\":\"ReadAction\",\"target\":[\"https:\/\/www.m-q.ch\/management-tools-fuer-die-gruppe-harmonisiert\/\"]}]},{\"@type\":\"ImageObject\",\"inLanguage\":\"fr-FR\",\"@id\":\"https:\/\/www.m-q.ch\/management-tools-fuer-die-gruppe-harmonisiert\/#primaryimage\",\"url\":\"https:\/\/www.m-q.ch\/wp-content\/uploads\/2020\/11\/Sample-Article-1.jpg\",\"contentUrl\":\"https:\/\/www.m-q.ch\/wp-content\/uploads\/2020\/11\/Sample-Article-1.jpg\",\"width\":571,\"height\":427},{\"@type\":\"BreadcrumbList\",\"@id\":\"https:\/\/www.m-q.ch\/management-tools-fuer-die-gruppe-harmonisiert\/#breadcrumb\",\"itemListElement\":[{\"@type\":\"ListItem\",\"position\":1,\"name\":\"Allgemein\",\"item\":\"https:\/\/www.m-q.ch\/kategorie\/allgemein\/\"},{\"@type\":\"ListItem\",\"position\":2,\"name\":\"Management-Tools f\u00fcr die Gruppe harmonisiert\"}]},{\"@type\":\"WebSite\",\"@id\":\"https:\/\/www.m-q.ch\/fr\/#website\",\"url\":\"https:\/\/www.m-q.ch\/fr\/\",\"name\":\"MQ Management und Qualit\u00e4t\",\"description\":\"Plattform f\u00fcr integrierte Managementsysteme.\",\"publisher\":{\"@id\":\"https:\/\/www.m-q.ch\/fr\/#organization\"},\"potentialAction\":[{\"@type\":\"SearchAction\",\"target\":{\"@type\":\"EntryPoint\",\"urlTemplate\":\"https:\/\/www.m-q.ch\/fr\/?s={search_term_string}\"},\"query-input\":{\"@type\":\"PropertyValueSpecification\",\"valueRequired\":true,\"valueName\":\"search_term_string\"}}],\"inLanguage\":\"fr-FR\"},{\"@type\":\"Organization\",\"@id\":\"https:\/\/www.m-q.ch\/fr\/#organization\",\"name\":\"Galledia Fachmedien AG\",\"url\":\"https:\/\/www.m-q.ch\/fr\/\",\"logo\":{\"@type\":\"ImageObject\",\"inLanguage\":\"fr-FR\",\"@id\":\"https:\/\/www.m-q.ch\/fr\/#\/schema\/logo\/image\/\",\"url\":\"https:\/\/www.m-q.ch\/wp-content\/uploads\/2020\/12\/cropped-logo_small.png\",\"contentUrl\":\"https:\/\/www.m-q.ch\/wp-content\/uploads\/2020\/12\/cropped-logo_small.png\",\"width\":512,\"height\":512,\"caption\":\"Galledia Fachmedien AG\"},\"image\":{\"@id\":\"https:\/\/www.m-q.ch\/fr\/#\/schema\/logo\/image\/\"},\"sameAs\":[\"https:\/\/www.facebook.com\/ManagementUndQualitaet\",\"https:\/\/www.linkedin.com\/showcase\/17982321\/admin\/\"]},{\"@type\":\"Person\",\"@id\":\"https:\/\/www.m-q.ch\/fr\/#\/schema\/person\/6044ff1d138701fac0f63fd4c5c93267\",\"name\":\"upwork\",\"image\":{\"@type\":\"ImageObject\",\"inLanguage\":\"fr-FR\",\"@id\":\"https:\/\/www.m-q.ch\/fr\/#\/schema\/person\/image\/\",\"url\":\"https:\/\/secure.gravatar.com\/avatar\/fe2de2b04483edb0f28eb7fd34d15d6c?s=96&d=mm&r=g\",\"contentUrl\":\"https:\/\/secure.gravatar.com\/avatar\/fe2de2b04483edb0f28eb7fd34d15d6c?s=96&d=mm&r=g\",\"caption\":\"upwork\"},\"description\":\"uf3J7(qCI6jN0^0y6%%0ti70\",\"url\":\"https:\/\/www.m-q.ch\/fr\/author\/upwork\/\"}]}<\/script>\n<!-- \/ Yoast SEO plugin. -->","yoast_head_json":{"title":"Outils de gestion harmonis\u00e9s pour le groupe - MQ Management et Qualit\u00e9","description":"La croissance organique, les nouveaux domaines d'activit\u00e9 et les acquisitions peuvent modifier consid\u00e9rablement les entreprises. Les structures qui se sont d\u00e9velopp\u00e9es au fil des ans doivent donc \u00eatre adapt\u00e9es. L'entreprise de recyclage Thommen Group a franchi cette \u00e9tape avec succ\u00e8s.","robots":{"index":"index","follow":"follow","max-snippet":"max-snippet:-1","max-image-preview":"max-image-preview:large","max-video-preview":"max-video-preview:-1"},"canonical":"https:\/\/www.m-q.ch\/fr\/outils-de-gestion-harmonises-pour-le-groupe\/","og_locale":"fr_FR","og_type":"article","og_title":"Management-Tools f\u00fcr die Gruppe harmonisiert - MQ Management und Qualit\u00e4t","og_description":"Organisches Wachstum, neue Gesch\u00e4ftsfelder und Akquisitionen k\u00f6nnen Firmen markant ver\u00e4ndern. \u00dcber die Jahre gewachsene Strukturen m\u00fcssen deshalb angepasst werden. Das Recycling-Unternehmen Thommen Group hat diesen Schritt erfolgreich vollzogen.","og_url":"https:\/\/www.m-q.ch\/fr\/outils-de-gestion-harmonises-pour-le-groupe\/","og_site_name":"MQ Management und Qualit\u00e4t","article_publisher":"https:\/\/www.facebook.com\/ManagementUndQualitaet","article_published_time":"2020-11-06T16:01:08+00:00","article_modified_time":"2021-02-09T07:54:03+00:00","og_image":[{"width":571,"height":427,"url":"https:\/\/www.m-q.ch\/wp-content\/uploads\/2020\/11\/Sample-Article-1.jpg","type":"image\/jpeg"}],"author":"upwork","twitter_card":"summary_large_image","twitter_misc":{"\u00c9crit par":"upwork","Dur\u00e9e de lecture estim\u00e9e":"5 minutes"},"schema":{"@context":"https:\/\/schema.org","@graph":[{"@type":"Article","@id":"https:\/\/www.m-q.ch\/management-tools-fuer-die-gruppe-harmonisiert\/#article","isPartOf":{"@id":"https:\/\/www.m-q.ch\/management-tools-fuer-die-gruppe-harmonisiert\/"},"author":{"name":"upwork","@id":"https:\/\/www.m-q.ch\/fr\/#\/schema\/person\/6044ff1d138701fac0f63fd4c5c93267"},"headline":"Management-Tools f\u00fcr die Gruppe harmonisiert","datePublished":"2020-11-06T16:01:08+00:00","dateModified":"2021-02-09T07:54:03+00:00","mainEntityOfPage":{"@id":"https:\/\/www.m-q.ch\/management-tools-fuer-die-gruppe-harmonisiert\/"},"wordCount":967,"publisher":{"@id":"https:\/\/www.m-q.ch\/fr\/#organization"},"image":{"@id":"https:\/\/www.m-q.ch\/management-tools-fuer-die-gruppe-harmonisiert\/#primaryimage"},"thumbnailUrl":"https:\/\/www.m-q.ch\/wp-content\/uploads\/2020\/11\/Sample-Article-1.jpg","keywords":["11\/2020"],"articleSection":["Allgemein"],"inLanguage":"fr-FR"},{"@type":"WebPage","@id":"https:\/\/www.m-q.ch\/management-tools-fuer-die-gruppe-harmonisiert\/","url":"https:\/\/www.m-q.ch\/management-tools-fuer-die-gruppe-harmonisiert\/","name":"Outils de gestion harmonis\u00e9s pour le groupe - MQ Management et Qualit\u00e9","isPartOf":{"@id":"https:\/\/www.m-q.ch\/fr\/#website"},"primaryImageOfPage":{"@id":"https:\/\/www.m-q.ch\/management-tools-fuer-die-gruppe-harmonisiert\/#primaryimage"},"image":{"@id":"https:\/\/www.m-q.ch\/management-tools-fuer-die-gruppe-harmonisiert\/#primaryimage"},"thumbnailUrl":"https:\/\/www.m-q.ch\/wp-content\/uploads\/2020\/11\/Sample-Article-1.jpg","datePublished":"2020-11-06T16:01:08+00:00","dateModified":"2021-02-09T07:54:03+00:00","description":"La croissance organique, les nouveaux domaines d'activit\u00e9 et les acquisitions peuvent modifier consid\u00e9rablement les entreprises. Les structures qui se sont d\u00e9velopp\u00e9es au fil des ans doivent donc \u00eatre adapt\u00e9es. L'entreprise de recyclage Thommen Group a franchi cette \u00e9tape avec succ\u00e8s.","breadcrumb":{"@id":"https:\/\/www.m-q.ch\/management-tools-fuer-die-gruppe-harmonisiert\/#breadcrumb"},"inLanguage":"fr-FR","potentialAction":[{"@type":"ReadAction","target":["https:\/\/www.m-q.ch\/management-tools-fuer-die-gruppe-harmonisiert\/"]}]},{"@type":"ImageObject","inLanguage":"fr-FR","@id":"https:\/\/www.m-q.ch\/management-tools-fuer-die-gruppe-harmonisiert\/#primaryimage","url":"https:\/\/www.m-q.ch\/wp-content\/uploads\/2020\/11\/Sample-Article-1.jpg","contentUrl":"https:\/\/www.m-q.ch\/wp-content\/uploads\/2020\/11\/Sample-Article-1.jpg","width":571,"height":427},{"@type":"BreadcrumbList","@id":"https:\/\/www.m-q.ch\/management-tools-fuer-die-gruppe-harmonisiert\/#breadcrumb","itemListElement":[{"@type":"ListItem","position":1,"name":"Allgemein","item":"https:\/\/www.m-q.ch\/kategorie\/allgemein\/"},{"@type":"ListItem","position":2,"name":"Management-Tools f\u00fcr die Gruppe harmonisiert"}]},{"@type":"WebSite","@id":"https:\/\/www.m-q.ch\/fr\/#website","url":"https:\/\/www.m-q.ch\/fr\/","name":"Gestion et qualit\u00e9 du QM","description":"Plate-forme pour les syst\u00e8mes de gestion int\u00e9gr\u00e9e.","publisher":{"@id":"https:\/\/www.m-q.ch\/fr\/#organization"},"potentialAction":[{"@type":"SearchAction","target":{"@type":"EntryPoint","urlTemplate":"https:\/\/www.m-q.ch\/fr\/?s={search_term_string}"},"query-input":{"@type":"PropertyValueSpecification","valueRequired":true,"valueName":"search_term_string"}}],"inLanguage":"fr-FR"},{"@type":"Organization","@id":"https:\/\/www.m-q.ch\/fr\/#organization","name":"Galledia Trade Media AG","url":"https:\/\/www.m-q.ch\/fr\/","logo":{"@type":"ImageObject","inLanguage":"fr-FR","@id":"https:\/\/www.m-q.ch\/fr\/#\/schema\/logo\/image\/","url":"https:\/\/www.m-q.ch\/wp-content\/uploads\/2020\/12\/cropped-logo_small.png","contentUrl":"https:\/\/www.m-q.ch\/wp-content\/uploads\/2020\/12\/cropped-logo_small.png","width":512,"height":512,"caption":"Galledia Fachmedien AG"},"image":{"@id":"https:\/\/www.m-q.ch\/fr\/#\/schema\/logo\/image\/"},"sameAs":["https:\/\/www.facebook.com\/ManagementUndQualitaet","https:\/\/www.linkedin.com\/showcase\/17982321\/admin\/"]},{"@type":"Person","@id":"https:\/\/www.m-q.ch\/fr\/#\/schema\/person\/6044ff1d138701fac0f63fd4c5c93267","name":"upwork","image":{"@type":"ImageObject","inLanguage":"fr-FR","@id":"https:\/\/www.m-q.ch\/fr\/#\/schema\/person\/image\/","url":"https:\/\/secure.gravatar.com\/avatar\/fe2de2b04483edb0f28eb7fd34d15d6c?s=96&d=mm&r=g","contentUrl":"https:\/\/secure.gravatar.com\/avatar\/fe2de2b04483edb0f28eb7fd34d15d6c?s=96&d=mm&r=g","caption":"upwork"},"description":"uf3J7(qCI6jN0^0y6%%0ti70","url":"https:\/\/www.m-q.ch\/fr\/author\/upwork\/"}]}},"_links":{"self":[{"href":"https:\/\/www.m-q.ch\/fr\/wp-json\/wp\/v2\/posts\/9607","targetHints":{"allow":["GET"]}}],"collection":[{"href":"https:\/\/www.m-q.ch\/fr\/wp-json\/wp\/v2\/posts"}],"about":[{"href":"https:\/\/www.m-q.ch\/fr\/wp-json\/wp\/v2\/types\/post"}],"author":[{"embeddable":true,"href":"https:\/\/www.m-q.ch\/fr\/wp-json\/wp\/v2\/users\/60"}],"replies":[{"embeddable":true,"href":"https:\/\/www.m-q.ch\/fr\/wp-json\/wp\/v2\/comments?post=9607"}],"version-history":[{"count":6,"href":"https:\/\/www.m-q.ch\/fr\/wp-json\/wp\/v2\/posts\/9607\/revisions"}],"predecessor-version":[{"id":10036,"href":"https:\/\/www.m-q.ch\/fr\/wp-json\/wp\/v2\/posts\/9607\/revisions\/10036"}],"wp:featuredmedia":[{"embeddable":true,"href":"https:\/\/www.m-q.ch\/fr\/wp-json\/wp\/v2\/media\/9613"}],"wp:attachment":[{"href":"https:\/\/www.m-q.ch\/fr\/wp-json\/wp\/v2\/media?parent=9607"}],"wp:term":[{"taxonomy":"category","embeddable":true,"href":"https:\/\/www.m-q.ch\/fr\/wp-json\/wp\/v2\/categories?post=9607"},{"taxonomy":"post_tag","embeddable":true,"href":"https:\/\/www.m-q.ch\/fr\/wp-json\/wp\/v2\/tags?post=9607"}],"curies":[{"name":"wp","href":"https:\/\/api.w.org\/{rel}","templated":true}]}}