{"id":9807,"date":"2019-04-05T10:09:16","date_gmt":"2019-04-05T08:09:16","guid":{"rendered":"https:\/\/www.m-q.ch\/?p=9807"},"modified":"2021-02-08T16:39:08","modified_gmt":"2021-02-08T15:39:08","slug":"indicateurs-et-reporting-environnemental","status":"publish","type":"post","link":"https:\/\/www.m-q.ch\/fr\/indicateurs-et-reporting-environnemental\/","title":{"rendered":"Indicateurs et reporting environnemental"},"content":{"rendered":"<p><img loading=\"lazy\" decoding=\"async\" class=\"alignnone size-full wp-image-9809\" src=\"https:\/\/www.m-q.ch\/wp-content\/uploads\/2021\/02\/Indicateurs-et-reporting-environnemental-1.jpg\" alt=\"Indicateurs et reporting environnemental\" width=\"885\" height=\"576\" srcset=\"https:\/\/www.m-q.ch\/wp-content\/uploads\/2021\/02\/Indicateurs-et-reporting-environnemental-1.jpg 885w, https:\/\/www.m-q.ch\/wp-content\/uploads\/2021\/02\/Indicateurs-et-reporting-environnemental-1-768x500.jpg 768w, https:\/\/www.m-q.ch\/wp-content\/uploads\/2021\/02\/Indicateurs-et-reporting-environnemental-1-16x10.jpg 16w, https:\/\/www.m-q.ch\/wp-content\/uploads\/2021\/02\/Indicateurs-et-reporting-environnemental-1-269x175.jpg 269w, https:\/\/www.m-q.ch\/wp-content\/uploads\/2021\/02\/Indicateurs-et-reporting-environnemental-1-538x350.jpg 538w, https:\/\/www.m-q.ch\/wp-content\/uploads\/2021\/02\/Indicateurs-et-reporting-environnemental-1-300x195.jpg 300w\" sizes=\"auto, (max-width: 885px) 100vw, 885px\" \/><\/p>\n<p>Avant de pouvoir am\u00e9liorer ou m\u00eame communiquer, une entreprise doit comprendre son propre syst\u00e8me, identifier ses impacts environnementaux significatifs, et mesurer et documenter les \u00e9l\u00e9ments cl\u00e9s. Pour ce faire, elle a besoin d'indicateurs qui lui permettent de quantifier ses impacts, d'\u00e9valuer leur importance par rapport \u00e0 d'autres questions environnementales et de se comparer \u00e0 d'autres organisations dans ou en dehors de son secteur.<\/p>\n<p>&nbsp;<\/p>\n<p>La mise en place de bons indicateurs (litres d'eau n\u00e9cessaires pour produire un kilogramme de caf\u00e9, kilogrammes de CO2 produits pour approvisionner un client, pourcentage de fournisseurs de fruits certifi\u00e9s \"biologiques\", etc.) prend souvent du temps et n\u00e9cessite des ressources.) prend souvent du temps et n\u00e9cessite des ressources, mais c'est ce qui lui permet de suivre l'\u00e9volution de son impact environnemental dans le temps.<\/p>\n<p>&nbsp;<\/p>\n<p>Ce n'est que lorsqu'elle aura compris en d\u00e9tail son impact environnemental tout au long de sa cha\u00eene de production \u00e0 valeur ajout\u00e9e qu'elle pourra prendre les bonnes d\u00e9cisions et fournir des informations sur des questions aussi complexes que le climat, la biodiversit\u00e9 et les emballages plastiques.<\/p>\n<p><strong>Un outil pour le management <\/strong><br \/>\nSur le plan financier, personne ne peut cr\u00e9er une entreprise sans disposer d'un budget et d'un syst\u00e8me de suivi r\u00e9gulier, parfois tr\u00e8s d\u00e9taill\u00e9. La loi exige m\u00eame qu'une soci\u00e9t\u00e9 soit publique, priv\u00e9e ou m\u00eame une association. Sans ces informations de base, il serait impossible de g\u00e9rer une entreprise et de prendre les bonnes d\u00e9cisions.<\/p>\n<p>&nbsp;<\/p>\n<p>Il en va de m\u00eame pour l'environnement. Ce n'est qu'en disposant d'informations solides et quantifi\u00e9es sur son impact environnemental qu'une entreprise peut am\u00e9liorer ses performances environnementales au fil du temps. Elle peut alors faire les bons choix en termes de processus et de technologie, investir au bon moment et au bon endroit, et s'assurer que ses d\u00e9cisions entra\u00eenent une r\u00e9elle am\u00e9lioration.<\/p>\n<p>&nbsp;<\/p>\n<p>\u00c0 cette fin, elle combine des indicateurs g\u00e9n\u00e9raux permettant de suivre ses performances environnementales sur plusieurs ann\u00e9es et des indicateurs plus sp\u00e9cifiques li\u00e9s aux projets mis en place. Elle veillera \u00e0 ce que les indicateurs g\u00e9n\u00e9raux soient affect\u00e9s \u00e0 ses impacts environnementaux les plus significatifs.<\/p>\n<p>&nbsp;<\/p>\n<p>Sans indicateurs adapt\u00e9s, les questions environnementales ne peuvent pas \u00eatre int\u00e9gr\u00e9es dans la gestion, ou alors elles seront limit\u00e9es \u00e0 des mesures annexes ou cosm\u00e9tiques.<\/p>\n<p><strong>Une base pour la communication <\/strong><br \/>\nTant en termes de communication externe qu'interne, les indicateurs permettent de montrer quels sont les d\u00e9fis environnementaux de l'entreprise et dans quelle mesure elle y travaille. Les indicateurs de communication doivent \u00eatre bien choisis de mani\u00e8re \u00e0 \u00eatre compr\u00e9hensibles, cr\u00e9dibles et avoir un sens par rapport aux activit\u00e9s de l'entreprise.<\/p>\n<p>&nbsp;<\/p>\n<p>Il est \u00e9galement important de les relier au produit de telle sorte que le client puisse faire le lien avec son propre impact et le comparer avec les autres alternatives qui sont propos\u00e9es. Il peut \u00eatre int\u00e9ressant dans ce contexte de collaborer avec des organisations externes, tout en offrant une vue d'ensemble et une comparaison entre les concurrents. Elle peut se faire par l'interm\u00e9diaire d'ONG ou d'associations industrielles.<\/p>\n<p><strong>Un outil transversal dans l'entreprise <\/strong><br \/>\nComme on peut le constater, les indicateurs et le reporting environnemental doivent \u00eatre mis en \u0153uvre et utilis\u00e9s de mani\u00e8re transversale au sein de l'entreprise. Si leur mise en \u0153uvre et leur mesure rel\u00e8vent souvent de la responsabilit\u00e9 du responsable environnemental ou de professionnels sp\u00e9cialis\u00e9s, leur utilisation doit \u00eatre assur\u00e9e par la direction, et il doit y avoir une forte coop\u00e9ration, tant avec la production qu'avec la communication, afin d'avoir une approche coh\u00e9rente et int\u00e9gr\u00e9e, et de ne pas tomber dans le greenwashing.<\/p>\n<p>&nbsp;<\/p>\n<p>De mani\u00e8re pragmatique, on veillera \u00e9galement \u00e0 rester aussi simple que m\u00f6glich, trop d'information tue l'information, et dans le domaine, la simplicit\u00e9 est signe de ma\u00eetrise.<\/p>","protected":false},"excerpt":{"rendered":"<p>Avant de pouvoir s\u2019am\u00e9liorer ou m\u00eame de songer \u00e0 communiquer, une entreprise doit comprendre son propre syst\u00e8me, identifier ses impacts significatifs sur l\u2019environnement, et mesurer et documenter les \u00e9l\u00e9ments cl\u00e9s. Pour cela, elle a besoin d\u2019indicateurs qui lui permettent de quantifier ses impacts, d\u2019\u00e9valuer leur importance par rapport aux autres th\u00e9matiques environnementales, et de se [&hellip;]<\/p>\n","protected":false},"author":62,"featured_media":9809,"comment_status":"closed","ping_status":"closed","sticky":false,"template":"","format":"standard","meta":{"_acf_changed":false,"footnotes":""},"categories":[5],"tags":[4730],"class_list":["post-9807","post","type-post","status-publish","format-standard","has-post-thumbnail","hentry","category-business_excellence","tag-04-2019"],"acf":[],"yoast_head":"<!-- This site is optimized with the Yoast SEO plugin v26.2 - https:\/\/yoast.com\/wordpress\/plugins\/seo\/ -->\n<title>Indicateurs et reporting environnemental - MQ Management und Qualit\u00e4t<\/title>\n<meta name=\"description\" content=\"Les th\u00e8mes du climat, de la biodiversit\u00e9 et des emballages plastiques fontaujourd\u2019hui la une des journaux. Les consommateurs et les clients se questionnentde plus en plus, et attendent de leurs fournisseurs des r\u00e9ponses d\u2019une part enmati\u00e8re d\u2019information et de transparence, et d\u2019autre part en ce qui concernel\u2019am\u00e9lioration et les solutions. Face \u00e0 cela, les entreprises sont souvent dans unpremier temps d\u00e9munies, sans compter que l\u2019environnement ne se limite pas \u00e0ces trois th\u00e9matiques, mais concerne tout autant les th\u00e8mes de l\u2019eau, de l\u2019air,de l\u2019\u00e9nergie, ou encore de la consommation de ressources.\" \/>\n<meta name=\"robots\" content=\"index, follow, max-snippet:-1, max-image-preview:large, max-video-preview:-1\" \/>\n<link rel=\"canonical\" href=\"https:\/\/www.m-q.ch\/fr\/indicateurs-et-reporting-environnemental\/\" \/>\n<meta property=\"og:locale\" content=\"fr_FR\" \/>\n<meta property=\"og:type\" content=\"article\" \/>\n<meta property=\"og:title\" content=\"Indicateurs et reporting environnemental - MQ Management und Qualit\u00e4t\" \/>\n<meta property=\"og:description\" content=\"Les th\u00e8mes du climat, de la biodiversit\u00e9 et des emballages plastiques fontaujourd\u2019hui la une des journaux. Les consommateurs et les clients se questionnentde plus en plus, et attendent de leurs fournisseurs des r\u00e9ponses d\u2019une part enmati\u00e8re d\u2019information et de transparence, et d\u2019autre part en ce qui concernel\u2019am\u00e9lioration et les solutions. Face \u00e0 cela, les entreprises sont souvent dans unpremier temps d\u00e9munies, sans compter que l\u2019environnement ne se limite pas \u00e0ces trois th\u00e9matiques, mais concerne tout autant les th\u00e8mes de l\u2019eau, de l\u2019air,de l\u2019\u00e9nergie, ou encore de la consommation de ressources.\" \/>\n<meta property=\"og:url\" content=\"https:\/\/www.m-q.ch\/fr\/indicateurs-et-reporting-environnemental\/\" \/>\n<meta property=\"og:site_name\" content=\"MQ Management und Qualit\u00e4t\" \/>\n<meta property=\"article:publisher\" content=\"https:\/\/www.facebook.com\/ManagementUndQualitaet\" \/>\n<meta property=\"article:published_time\" content=\"2019-04-05T08:09:16+00:00\" \/>\n<meta property=\"article:modified_time\" content=\"2021-02-08T15:39:08+00:00\" \/>\n<meta property=\"og:image\" content=\"https:\/\/www.m-q.ch\/wp-content\/uploads\/2021\/02\/Indicateurs-et-reporting-environnemental-1.jpg\" \/>\n\t<meta property=\"og:image:width\" content=\"885\" \/>\n\t<meta property=\"og:image:height\" content=\"576\" \/>\n\t<meta property=\"og:image:type\" content=\"image\/jpeg\" \/>\n<meta name=\"author\" content=\"upwork_2\" \/>\n<meta name=\"twitter:card\" content=\"summary_large_image\" \/>\n<meta name=\"twitter:label1\" content=\"\u00c9crit par\" \/>\n\t<meta name=\"twitter:data1\" content=\"upwork_2\" \/>\n\t<meta name=\"twitter:label2\" content=\"Dur\u00e9e de lecture estim\u00e9e\" \/>\n\t<meta name=\"twitter:data2\" content=\"3 minutes\" \/>\n<script type=\"application\/ld+json\" class=\"yoast-schema-graph\">{\"@context\":\"https:\/\/schema.org\",\"@graph\":[{\"@type\":\"Article\",\"@id\":\"https:\/\/www.m-q.ch\/indicateurs-et-reporting-environnemental\/#article\",\"isPartOf\":{\"@id\":\"https:\/\/www.m-q.ch\/indicateurs-et-reporting-environnemental\/\"},\"author\":{\"name\":\"upwork_2\",\"@id\":\"https:\/\/www.m-q.ch\/fr\/#\/schema\/person\/71f647a41e4a3e361e6230f5134f3ba9\"},\"headline\":\"Indicateurs et reporting environnemental\",\"datePublished\":\"2019-04-05T08:09:16+00:00\",\"dateModified\":\"2021-02-08T15:39:08+00:00\",\"mainEntityOfPage\":{\"@id\":\"https:\/\/www.m-q.ch\/indicateurs-et-reporting-environnemental\/\"},\"wordCount\":699,\"publisher\":{\"@id\":\"https:\/\/www.m-q.ch\/fr\/#organization\"},\"image\":{\"@id\":\"https:\/\/www.m-q.ch\/indicateurs-et-reporting-environnemental\/#primaryimage\"},\"thumbnailUrl\":\"https:\/\/www.m-q.ch\/wp-content\/uploads\/2021\/02\/Indicateurs-et-reporting-environnemental-1.jpg\",\"keywords\":[\"04\/2019\"],\"articleSection\":[\"Business Excellence\"],\"inLanguage\":\"fr-FR\"},{\"@type\":\"WebPage\",\"@id\":\"https:\/\/www.m-q.ch\/indicateurs-et-reporting-environnemental\/\",\"url\":\"https:\/\/www.m-q.ch\/indicateurs-et-reporting-environnemental\/\",\"name\":\"Indicateurs et reporting environnemental - MQ Management und Qualit\u00e4t\",\"isPartOf\":{\"@id\":\"https:\/\/www.m-q.ch\/fr\/#website\"},\"primaryImageOfPage\":{\"@id\":\"https:\/\/www.m-q.ch\/indicateurs-et-reporting-environnemental\/#primaryimage\"},\"image\":{\"@id\":\"https:\/\/www.m-q.ch\/indicateurs-et-reporting-environnemental\/#primaryimage\"},\"thumbnailUrl\":\"https:\/\/www.m-q.ch\/wp-content\/uploads\/2021\/02\/Indicateurs-et-reporting-environnemental-1.jpg\",\"datePublished\":\"2019-04-05T08:09:16+00:00\",\"dateModified\":\"2021-02-08T15:39:08+00:00\",\"description\":\"Les th\u00e8mes du climat, de la biodiversit\u00e9 et des emballages plastiques fontaujourd\u2019hui la une des journaux. Les consommateurs et les clients se questionnentde plus en plus, et attendent de leurs fournisseurs des r\u00e9ponses d\u2019une part enmati\u00e8re d\u2019information et de transparence, et d\u2019autre part en ce qui concernel\u2019am\u00e9lioration et les solutions. Face \u00e0 cela, les entreprises sont souvent dans unpremier temps d\u00e9munies, sans compter que l\u2019environnement ne se limite pas \u00e0ces trois th\u00e9matiques, mais concerne tout autant les th\u00e8mes de l\u2019eau, de l\u2019air,de l\u2019\u00e9nergie, ou encore de la consommation de ressources.\",\"breadcrumb\":{\"@id\":\"https:\/\/www.m-q.ch\/indicateurs-et-reporting-environnemental\/#breadcrumb\"},\"inLanguage\":\"fr-FR\",\"potentialAction\":[{\"@type\":\"ReadAction\",\"target\":[\"https:\/\/www.m-q.ch\/indicateurs-et-reporting-environnemental\/\"]}]},{\"@type\":\"ImageObject\",\"inLanguage\":\"fr-FR\",\"@id\":\"https:\/\/www.m-q.ch\/indicateurs-et-reporting-environnemental\/#primaryimage\",\"url\":\"https:\/\/www.m-q.ch\/wp-content\/uploads\/2021\/02\/Indicateurs-et-reporting-environnemental-1.jpg\",\"contentUrl\":\"https:\/\/www.m-q.ch\/wp-content\/uploads\/2021\/02\/Indicateurs-et-reporting-environnemental-1.jpg\",\"width\":885,\"height\":576},{\"@type\":\"BreadcrumbList\",\"@id\":\"https:\/\/www.m-q.ch\/indicateurs-et-reporting-environnemental\/#breadcrumb\",\"itemListElement\":[{\"@type\":\"ListItem\",\"position\":1,\"name\":\"Business Excellence\",\"item\":\"https:\/\/www.m-q.ch\/kategorie\/business_excellence\/\"},{\"@type\":\"ListItem\",\"position\":2,\"name\":\"Indicateurs et reporting environnemental\"}]},{\"@type\":\"WebSite\",\"@id\":\"https:\/\/www.m-q.ch\/fr\/#website\",\"url\":\"https:\/\/www.m-q.ch\/fr\/\",\"name\":\"MQ Management und Qualit\u00e4t\",\"description\":\"Plattform f\u00fcr integrierte Managementsysteme.\",\"publisher\":{\"@id\":\"https:\/\/www.m-q.ch\/fr\/#organization\"},\"potentialAction\":[{\"@type\":\"SearchAction\",\"target\":{\"@type\":\"EntryPoint\",\"urlTemplate\":\"https:\/\/www.m-q.ch\/fr\/?s={search_term_string}\"},\"query-input\":{\"@type\":\"PropertyValueSpecification\",\"valueRequired\":true,\"valueName\":\"search_term_string\"}}],\"inLanguage\":\"fr-FR\"},{\"@type\":\"Organization\",\"@id\":\"https:\/\/www.m-q.ch\/fr\/#organization\",\"name\":\"Galledia Fachmedien AG\",\"url\":\"https:\/\/www.m-q.ch\/fr\/\",\"logo\":{\"@type\":\"ImageObject\",\"inLanguage\":\"fr-FR\",\"@id\":\"https:\/\/www.m-q.ch\/fr\/#\/schema\/logo\/image\/\",\"url\":\"https:\/\/www.m-q.ch\/wp-content\/uploads\/2020\/12\/cropped-logo_small.png\",\"contentUrl\":\"https:\/\/www.m-q.ch\/wp-content\/uploads\/2020\/12\/cropped-logo_small.png\",\"width\":512,\"height\":512,\"caption\":\"Galledia Fachmedien AG\"},\"image\":{\"@id\":\"https:\/\/www.m-q.ch\/fr\/#\/schema\/logo\/image\/\"},\"sameAs\":[\"https:\/\/www.facebook.com\/ManagementUndQualitaet\",\"https:\/\/www.linkedin.com\/showcase\/17982321\/admin\/\"]},{\"@type\":\"Person\",\"@id\":\"https:\/\/www.m-q.ch\/fr\/#\/schema\/person\/71f647a41e4a3e361e6230f5134f3ba9\",\"name\":\"upwork_2\",\"image\":{\"@type\":\"ImageObject\",\"inLanguage\":\"fr-FR\",\"@id\":\"https:\/\/www.m-q.ch\/fr\/#\/schema\/person\/image\/\",\"url\":\"https:\/\/secure.gravatar.com\/avatar\/777b90ab56092bbf3c85feacda5c1bce?s=96&d=mm&r=g\",\"contentUrl\":\"https:\/\/secure.gravatar.com\/avatar\/777b90ab56092bbf3c85feacda5c1bce?s=96&d=mm&r=g\",\"caption\":\"upwork_2\"},\"url\":\"https:\/\/www.m-q.ch\/fr\/author\/upwork_2\/\"}]}<\/script>\n<!-- \/ Yoast SEO plugin. -->","yoast_head_json":{"title":"Indicateurs et reporting environnemental - MQ Management and quality","description":"Les questions du climat, de la biodiversit\u00e9 et des emballages plastiques dominent d\u00e9sormais l'actualit\u00e9. Les consommateurs et les clients posent de plus en plus de questions et attendent de leurs fournisseurs qu'ils r\u00e9pondent, d'une part, par l'information et la transparence et, d'autre part, en ce qui concerne les am\u00e9liorations et les solutions. Face \u00e0 cela, les entreprises sont souvent diabolis\u00e9es \u00e0 un rythme sans pr\u00e9c\u00e9dent, bien que l'environnement ne se limite pas \u00e0 trois questions seulement, mais concerne aussi des probl\u00e8mes tels que l'eau, l'air, l'\u00e9nergie et m\u00eame la consommation des ressources.","robots":{"index":"index","follow":"follow","max-snippet":"max-snippet:-1","max-image-preview":"max-image-preview:large","max-video-preview":"max-video-preview:-1"},"canonical":"https:\/\/www.m-q.ch\/fr\/indicateurs-et-reporting-environnemental\/","og_locale":"fr_FR","og_type":"article","og_title":"Indicateurs et reporting environnemental - MQ Management und Qualit\u00e4t","og_description":"Les th\u00e8mes du climat, de la biodiversit\u00e9 et des emballages plastiques fontaujourd\u2019hui la une des journaux. Les consommateurs et les clients se questionnentde plus en plus, et attendent de leurs fournisseurs des r\u00e9ponses d\u2019une part enmati\u00e8re d\u2019information et de transparence, et d\u2019autre part en ce qui concernel\u2019am\u00e9lioration et les solutions. Face \u00e0 cela, les entreprises sont souvent dans unpremier temps d\u00e9munies, sans compter que l\u2019environnement ne se limite pas \u00e0ces trois th\u00e9matiques, mais concerne tout autant les th\u00e8mes de l\u2019eau, de l\u2019air,de l\u2019\u00e9nergie, ou encore de la consommation de ressources.","og_url":"https:\/\/www.m-q.ch\/fr\/indicateurs-et-reporting-environnemental\/","og_site_name":"MQ Management und Qualit\u00e4t","article_publisher":"https:\/\/www.facebook.com\/ManagementUndQualitaet","article_published_time":"2019-04-05T08:09:16+00:00","article_modified_time":"2021-02-08T15:39:08+00:00","og_image":[{"width":885,"height":576,"url":"https:\/\/www.m-q.ch\/wp-content\/uploads\/2021\/02\/Indicateurs-et-reporting-environnemental-1.jpg","type":"image\/jpeg"}],"author":"upwork_2","twitter_card":"summary_large_image","twitter_misc":{"\u00c9crit par":"upwork_2","Dur\u00e9e de lecture estim\u00e9e":"3 minutes"},"schema":{"@context":"https:\/\/schema.org","@graph":[{"@type":"Article","@id":"https:\/\/www.m-q.ch\/indicateurs-et-reporting-environnemental\/#article","isPartOf":{"@id":"https:\/\/www.m-q.ch\/indicateurs-et-reporting-environnemental\/"},"author":{"name":"upwork_2","@id":"https:\/\/www.m-q.ch\/fr\/#\/schema\/person\/71f647a41e4a3e361e6230f5134f3ba9"},"headline":"Indicateurs et reporting environnemental","datePublished":"2019-04-05T08:09:16+00:00","dateModified":"2021-02-08T15:39:08+00:00","mainEntityOfPage":{"@id":"https:\/\/www.m-q.ch\/indicateurs-et-reporting-environnemental\/"},"wordCount":699,"publisher":{"@id":"https:\/\/www.m-q.ch\/fr\/#organization"},"image":{"@id":"https:\/\/www.m-q.ch\/indicateurs-et-reporting-environnemental\/#primaryimage"},"thumbnailUrl":"https:\/\/www.m-q.ch\/wp-content\/uploads\/2021\/02\/Indicateurs-et-reporting-environnemental-1.jpg","keywords":["04\/2019"],"articleSection":["Business Excellence"],"inLanguage":"fr-FR"},{"@type":"WebPage","@id":"https:\/\/www.m-q.ch\/indicateurs-et-reporting-environnemental\/","url":"https:\/\/www.m-q.ch\/indicateurs-et-reporting-environnemental\/","name":"Indicateurs et reporting environnemental - MQ Management and quality","isPartOf":{"@id":"https:\/\/www.m-q.ch\/fr\/#website"},"primaryImageOfPage":{"@id":"https:\/\/www.m-q.ch\/indicateurs-et-reporting-environnemental\/#primaryimage"},"image":{"@id":"https:\/\/www.m-q.ch\/indicateurs-et-reporting-environnemental\/#primaryimage"},"thumbnailUrl":"https:\/\/www.m-q.ch\/wp-content\/uploads\/2021\/02\/Indicateurs-et-reporting-environnemental-1.jpg","datePublished":"2019-04-05T08:09:16+00:00","dateModified":"2021-02-08T15:39:08+00:00","description":"Les questions du climat, de la biodiversit\u00e9 et des emballages plastiques dominent d\u00e9sormais l'actualit\u00e9. Les consommateurs et les clients posent de plus en plus de questions et attendent de leurs fournisseurs qu'ils r\u00e9pondent, d'une part, par l'information et la transparence et, d'autre part, en ce qui concerne les am\u00e9liorations et les solutions. Face \u00e0 cela, les entreprises sont souvent diabolis\u00e9es \u00e0 un rythme sans pr\u00e9c\u00e9dent, bien que l'environnement ne se limite pas \u00e0 trois questions seulement, mais concerne aussi des probl\u00e8mes tels que l'eau, l'air, l'\u00e9nergie et m\u00eame la consommation des ressources.","breadcrumb":{"@id":"https:\/\/www.m-q.ch\/indicateurs-et-reporting-environnemental\/#breadcrumb"},"inLanguage":"fr-FR","potentialAction":[{"@type":"ReadAction","target":["https:\/\/www.m-q.ch\/indicateurs-et-reporting-environnemental\/"]}]},{"@type":"ImageObject","inLanguage":"fr-FR","@id":"https:\/\/www.m-q.ch\/indicateurs-et-reporting-environnemental\/#primaryimage","url":"https:\/\/www.m-q.ch\/wp-content\/uploads\/2021\/02\/Indicateurs-et-reporting-environnemental-1.jpg","contentUrl":"https:\/\/www.m-q.ch\/wp-content\/uploads\/2021\/02\/Indicateurs-et-reporting-environnemental-1.jpg","width":885,"height":576},{"@type":"BreadcrumbList","@id":"https:\/\/www.m-q.ch\/indicateurs-et-reporting-environnemental\/#breadcrumb","itemListElement":[{"@type":"ListItem","position":1,"name":"Business Excellence","item":"https:\/\/www.m-q.ch\/kategorie\/business_excellence\/"},{"@type":"ListItem","position":2,"name":"Indicateurs et reporting environnemental"}]},{"@type":"WebSite","@id":"https:\/\/www.m-q.ch\/fr\/#website","url":"https:\/\/www.m-q.ch\/fr\/","name":"Gestion et qualit\u00e9 du QM","description":"Plate-forme pour les syst\u00e8mes de gestion int\u00e9gr\u00e9e.","publisher":{"@id":"https:\/\/www.m-q.ch\/fr\/#organization"},"potentialAction":[{"@type":"SearchAction","target":{"@type":"EntryPoint","urlTemplate":"https:\/\/www.m-q.ch\/fr\/?s={search_term_string}"},"query-input":{"@type":"PropertyValueSpecification","valueRequired":true,"valueName":"search_term_string"}}],"inLanguage":"fr-FR"},{"@type":"Organization","@id":"https:\/\/www.m-q.ch\/fr\/#organization","name":"Galledia Trade Media AG","url":"https:\/\/www.m-q.ch\/fr\/","logo":{"@type":"ImageObject","inLanguage":"fr-FR","@id":"https:\/\/www.m-q.ch\/fr\/#\/schema\/logo\/image\/","url":"https:\/\/www.m-q.ch\/wp-content\/uploads\/2020\/12\/cropped-logo_small.png","contentUrl":"https:\/\/www.m-q.ch\/wp-content\/uploads\/2020\/12\/cropped-logo_small.png","width":512,"height":512,"caption":"Galledia Fachmedien AG"},"image":{"@id":"https:\/\/www.m-q.ch\/fr\/#\/schema\/logo\/image\/"},"sameAs":["https:\/\/www.facebook.com\/ManagementUndQualitaet","https:\/\/www.linkedin.com\/showcase\/17982321\/admin\/"]},{"@type":"Person","@id":"https:\/\/www.m-q.ch\/fr\/#\/schema\/person\/71f647a41e4a3e361e6230f5134f3ba9","name":"upwork_2","image":{"@type":"ImageObject","inLanguage":"fr-FR","@id":"https:\/\/www.m-q.ch\/fr\/#\/schema\/person\/image\/","url":"https:\/\/secure.gravatar.com\/avatar\/777b90ab56092bbf3c85feacda5c1bce?s=96&d=mm&r=g","contentUrl":"https:\/\/secure.gravatar.com\/avatar\/777b90ab56092bbf3c85feacda5c1bce?s=96&d=mm&r=g","caption":"upwork_2"},"url":"https:\/\/www.m-q.ch\/fr\/author\/upwork_2\/"}]}},"_links":{"self":[{"href":"https:\/\/www.m-q.ch\/fr\/wp-json\/wp\/v2\/posts\/9807","targetHints":{"allow":["GET"]}}],"collection":[{"href":"https:\/\/www.m-q.ch\/fr\/wp-json\/wp\/v2\/posts"}],"about":[{"href":"https:\/\/www.m-q.ch\/fr\/wp-json\/wp\/v2\/types\/post"}],"author":[{"embeddable":true,"href":"https:\/\/www.m-q.ch\/fr\/wp-json\/wp\/v2\/users\/62"}],"replies":[{"embeddable":true,"href":"https:\/\/www.m-q.ch\/fr\/wp-json\/wp\/v2\/comments?post=9807"}],"version-history":[{"count":1,"href":"https:\/\/www.m-q.ch\/fr\/wp-json\/wp\/v2\/posts\/9807\/revisions"}],"predecessor-version":[{"id":9810,"href":"https:\/\/www.m-q.ch\/fr\/wp-json\/wp\/v2\/posts\/9807\/revisions\/9810"}],"wp:featuredmedia":[{"embeddable":true,"href":"https:\/\/www.m-q.ch\/fr\/wp-json\/wp\/v2\/media\/9809"}],"wp:attachment":[{"href":"https:\/\/www.m-q.ch\/fr\/wp-json\/wp\/v2\/media?parent=9807"}],"wp:term":[{"taxonomy":"category","embeddable":true,"href":"https:\/\/www.m-q.ch\/fr\/wp-json\/wp\/v2\/categories?post=9807"},{"taxonomy":"post_tag","embeddable":true,"href":"https:\/\/www.m-q.ch\/fr\/wp-json\/wp\/v2\/tags?post=9807"}],"curies":[{"name":"wp","href":"https:\/\/api.w.org\/{rel}","templated":true}]}}