{"id":9863,"date":"2019-07-30T12:16:42","date_gmt":"2019-07-30T10:16:42","guid":{"rendered":"https:\/\/www.m-q.ch\/?p=9863"},"modified":"2021-02-08T16:44:12","modified_gmt":"2021-02-08T15:44:12","slug":"la-normalisation-relie-le-monde","status":"publish","type":"post","link":"https:\/\/www.m-q.ch\/fr\/normung-verbindet-die-welt\/","title":{"rendered":"\"La normalisation relie le monde\""},"content":{"rendered":"<p><img loading=\"lazy\" decoding=\"async\" class=\"alignnone size-full wp-image-9864\" src=\"https:\/\/www.m-q.ch\/wp-content\/uploads\/2021\/02\/Normung-verbindet-die-Welt.jpg\" alt=\"&quot;La normalisation relie le monde&quot;\" width=\"800\" height=\"967\" srcset=\"https:\/\/www.m-q.ch\/wp-content\/uploads\/2021\/02\/Normung-verbindet-die-Welt.jpg 800w, https:\/\/www.m-q.ch\/wp-content\/uploads\/2021\/02\/Normung-verbindet-die-Welt-768x928.jpg 768w, https:\/\/www.m-q.ch\/wp-content\/uploads\/2021\/02\/Normung-verbindet-die-Welt-10x12.jpg 10w, https:\/\/www.m-q.ch\/wp-content\/uploads\/2021\/02\/Normung-verbindet-die-Welt-145x175.jpg 145w, https:\/\/www.m-q.ch\/wp-content\/uploads\/2021\/02\/Normung-verbindet-die-Welt-290x350.jpg 290w, https:\/\/www.m-q.ch\/wp-content\/uploads\/2021\/02\/Normung-verbindet-die-Welt-662x800.jpg 662w, https:\/\/www.m-q.ch\/wp-content\/uploads\/2021\/02\/Normung-verbindet-die-Welt-300x363.jpg 300w\" sizes=\"auto, (max-width: 800px) 100vw, 800px\" \/><\/p>\n<p>&nbsp;<\/p>\n<p>Le lieu de la salle des transformateurs \u00e0 Ba den n'a pas \u00e9t\u00e9 choisi par hasard. En 1919, des transformateurs y ont \u00e9t\u00e9 fabriqu\u00e9s par la BBC de l'\u00e9poque (aujourd'hui ABB). Et c'est la BBC qui a fond\u00e9 la \"Commission suisse de normalisation\" le 2 juillet 1919, avec d'autres v\u00e9n\u00e9rables entreprises industrielles suisses telles que Sulzer et Escher Wyss. Son but : cr\u00e9er des normes qui seraient valables pour l'ensemble de l'industrie. Il serait difficile d'imaginer aujourd'hui qu'un canton suisse ait jamais eu ses propres normes, par exemple pour le dimensionnement des prises de courant...<\/p>\n<p>&nbsp;<\/p>\n<p>Pour beaucoup, les normes peuvent \u00eatre un sujet aride et bureaucratique. Mais \"la normalisation relie le monde\", a d\u00e9clar\u00e9 le pr\u00e9sident de la SNV, J\u00fcrg Werner, dans son discours d'ouverture. Et Stefan Ramseier, directeur du centre de recherche ABB \u00e0 Baden-D\u00e4ttwil, a soulign\u00e9 dans son allocution de bienvenue la n\u00e9cessit\u00e9 de communiquer lorsqu'il s'agit de mettre en \u0153uvre les normes n\u00e9cessaires, qui visent en fin de compte \u00e0 nous faciliter la vie. Environ 26 000 normes sont en vigueur aujourd'hui, dont 1 000 sont des normes purement suisses.<\/p>\n<p><strong>Norme 5G pour la poursuite de la mise en r\u00e9seau<\/strong><br \/>\nLe fait que les normes ne sont pas des syst\u00e8mes rigides, mais qu'elles sont soumises \u00e0 des changements constants, a \u00e9t\u00e9 d\u00e9montr\u00e9 lors de l'\u00e9v\u00e9nement anniversaire de la SNV au cours de quatre \"s\u00e9ances d'inspiration\" - chacune d'entre elles ayant eu lieu dans une salle diff\u00e9rente. Le public doit donc bouger - tout comme le fait le d\u00e9veloppement industriel. Un des moteurs du d\u00e9veloppement technologique - et aussi un de ses r\u00e9sultats - est la norme de communication mobile 5G, par exemple, que Matthias Jungen de Swisscom a expliqu\u00e9. La 5G ne constitue pas seulement la condition technologique pr\u00e9alable \u00e0 l'Internet des objets, c'est-\u00e0-dire \u00e0 la communication machine-machine, mais elle ouvre \u00e9galement de nouvelles possibilit\u00e9s plus souples de transmission des donn\u00e9es, par exemple par le biais de ce que l'on appelle le \"d\u00e9coupage du r\u00e9seau\", qui permet de r\u00e9server certaines zones du r\u00e9seau \u00e0 un usage sp\u00e9cifique.<\/p>\n<p><strong>Pas de \"th\u00e9\u00e2tre de l'innovation\", s'il vous pla\u00eet ...<\/strong><br \/>\nOn parle aussi beaucoup de l'innovation en rapport avec la num\u00e9risation. Jean-Philippe Hagmann en a expos\u00e9 beaucoup comme du pur \"th\u00e9\u00e2tre d'innovation\", bien que souvent involontaire. Nombre de ces \"laboratoires d'innovation\" ou \"centres num\u00e9riques\" ne sont \"qu'une toile de fond\", selon M. Hagmann, qui a \u00e9galement \u00e9crit un livre sur le sujet. Il estime que de nombreuses entreprises ont beaucoup de retard \u00e0 rattraper en mati\u00e8re de capacit\u00e9 d'innovation. Au lieu de se concentrer sur les \"id\u00e9es\", il serait pr\u00e9f\u00e9rable de se concentrer sur les \"d\u00e9couvertes\". Une meilleure compr\u00e9hension du processus d'innovation est n\u00e9cessaire : \"Faire \"\u00e7a\" bien avant de faire \"\u00e7a\" bien\", dit l'orateur. Il est \u00e9galement important de clarifier qui doit jouer quel r\u00f4le dans ce \"th\u00e9\u00e2tre de l'innovation\". Hagmann consid\u00e8re que le \"constructeur de ponts\" est ici crucial, c'est-\u00e0-dire le r\u00f4le qui garantit que les avant-gardistes et les facilitateurs d'une organisation peuvent se comprendre correctement.<\/p>\n<p><strong>Des drones et des robots<\/strong><br \/>\nDans la grande salle, l'accent a \u00e9t\u00e9 mis sur une innovation qui s'est impos\u00e9e depuis longtemps : les drones. Ils sont d\u00e9j\u00e0 largement utilis\u00e9s aujourd'hui : Comme moyen de transport, comme instrument de surveillance - partout o\u00f9 les besoins doivent \u00eatre satisfaits depuis l'air avec peu d'efforts. Cependant : Les drones ont \u00e9galement cr\u00e9\u00e9 de nouveaux risques, comme Dominique C. Brack l'a expliqu\u00e9 de mani\u00e8re impressionnante dans sa pr\u00e9sentation. L'espionnage et m\u00eame la paralysie d'a\u00e9roports entiers, comme cela s'est produit r\u00e9cemment \u00e0 Lon don Gatwick, sont des sc\u00e9narios d'op\u00e9rations de drones ind\u00e9sirables. Les mesures de d\u00e9fense contre ce ph\u00e9nom\u00e8ne ne sont pas encore pleinement d\u00e9velopp\u00e9es, comme le souligne Dominique C. Brack a fait une d\u00e9monstration avec un \"exercice de tir\" : deux participants n'ont pas r\u00e9ussi \u00e0 abattre un drone jouet avec des fusils jouets, malgr\u00e9 une bonne pr\u00e9cision de vis\u00e9e ...<\/p>\n<p>&nbsp;<\/p>\n<p>La robotique et l'\u00e9lectromobilit\u00e9 \u00e9taient les sujets de la derni\u00e8re \"Inspiration Session\". Andreas Hufschmid et Adrian Wachholz ont montr\u00e9 comment ABB, par exemple, fournit d\u00e9j\u00e0 des technologies dans ces deux domaines qui sont utilis\u00e9es dans l'industrie et les transports. Toujours guid\u00e9 par l'objectif : conserver les ressources - qu'elles soient humaines ou naturelles. \u25a0<\/p>","protected":false},"excerpt":{"rendered":"<p>&nbsp; Der Veranstaltungsort in der Trafohalle in Ba\u00ad den war nicht zuf\u00e4llig gew\u00e4hlt. 1919 wurden dort von der damaligen BBC (heute ABB) Transformatoren hergestellt. Und die BBC war es auch, die am 2. Juli 1919 zusammen mit anderen altehrw\u00fcrdigen Schweizer Indus\u00ad trieunternehmen wie Sulzer oder Escher\u00ad Wyss die \u00abSchweizer Normalien\u00adKommis\u00ad sion\u00bb gr\u00fcndete. Der Zweck: Standards [&hellip;]<\/p>\n","protected":false},"author":62,"featured_media":9864,"comment_status":"closed","ping_status":"closed","sticky":false,"template":"","format":"standard","meta":{"_acf_changed":false,"footnotes":""},"categories":[4448],"tags":[4732],"class_list":["post-9863","post","type-post","status-publish","format-standard","has-post-thumbnail","hentry","category-allgemein","tag-06-2019"],"acf":[],"yoast_head":"<!-- This site is optimized with the Yoast SEO plugin v26.2 - https:\/\/yoast.com\/wordpress\/plugins\/seo\/ -->\n<title>\u00abNormung verbindet die Welt\u00bb - MQ Management und Qualit\u00e4t<\/title>\n<meta name=\"description\" content=\"Am 23. Mai 2019 beging die Schweizerische Normen-Vereinigung SNV in Baden ihren Jubil\u00e4umsanlass zum 100-j\u00e4hrigen Bestehen dieser Institution. Seit einem Jahrhundert ist die SNV die Schweizer Vertreterin der weltweiten und europ\u00e4ischen Normung und handelt zum Nutzen der Wirtschaft und Gesellschaft in unserem Land.\" \/>\n<meta name=\"robots\" content=\"index, follow, max-snippet:-1, max-image-preview:large, max-video-preview:-1\" \/>\n<link rel=\"canonical\" href=\"https:\/\/www.m-q.ch\/fr\/la-normalisation-relie-le-monde\/\" \/>\n<meta property=\"og:locale\" content=\"fr_FR\" \/>\n<meta property=\"og:type\" content=\"article\" \/>\n<meta property=\"og:title\" content=\"\u00abNormung verbindet die Welt\u00bb - MQ Management und Qualit\u00e4t\" \/>\n<meta property=\"og:description\" content=\"Am 23. Mai 2019 beging die Schweizerische Normen-Vereinigung SNV in Baden ihren Jubil\u00e4umsanlass zum 100-j\u00e4hrigen Bestehen dieser Institution. Seit einem Jahrhundert ist die SNV die Schweizer Vertreterin der weltweiten und europ\u00e4ischen Normung und handelt zum Nutzen der Wirtschaft und Gesellschaft in unserem Land.\" \/>\n<meta property=\"og:url\" content=\"https:\/\/www.m-q.ch\/fr\/la-normalisation-relie-le-monde\/\" \/>\n<meta property=\"og:site_name\" content=\"MQ Management und Qualit\u00e4t\" \/>\n<meta property=\"article:publisher\" content=\"https:\/\/www.facebook.com\/ManagementUndQualitaet\" \/>\n<meta property=\"article:published_time\" content=\"2019-07-30T10:16:42+00:00\" \/>\n<meta property=\"article:modified_time\" content=\"2021-02-08T15:44:12+00:00\" \/>\n<meta property=\"og:image\" content=\"https:\/\/www.m-q.ch\/wp-content\/uploads\/2021\/02\/Normung-verbindet-die-Welt.jpg\" \/>\n\t<meta property=\"og:image:width\" content=\"800\" \/>\n\t<meta property=\"og:image:height\" content=\"967\" \/>\n\t<meta property=\"og:image:type\" content=\"image\/jpeg\" \/>\n<meta name=\"author\" content=\"upwork_2\" \/>\n<meta name=\"twitter:card\" content=\"summary_large_image\" \/>\n<meta name=\"twitter:label1\" content=\"\u00c9crit par\" \/>\n\t<meta name=\"twitter:data1\" content=\"upwork_2\" \/>\n\t<meta name=\"twitter:label2\" content=\"Dur\u00e9e de lecture estim\u00e9e\" \/>\n\t<meta name=\"twitter:data2\" content=\"3 minutes\" \/>\n<script type=\"application\/ld+json\" class=\"yoast-schema-graph\">{\"@context\":\"https:\/\/schema.org\",\"@graph\":[{\"@type\":\"Article\",\"@id\":\"https:\/\/www.m-q.ch\/normung-verbindet-die-welt\/#article\",\"isPartOf\":{\"@id\":\"https:\/\/www.m-q.ch\/normung-verbindet-die-welt\/\"},\"author\":{\"name\":\"upwork_2\",\"@id\":\"https:\/\/www.m-q.ch\/fr\/#\/schema\/person\/71f647a41e4a3e361e6230f5134f3ba9\"},\"headline\":\"\u00abNormung verbindet die Welt\u00bb\",\"datePublished\":\"2019-07-30T10:16:42+00:00\",\"dateModified\":\"2021-02-08T15:44:12+00:00\",\"mainEntityOfPage\":{\"@id\":\"https:\/\/www.m-q.ch\/normung-verbindet-die-welt\/\"},\"wordCount\":617,\"publisher\":{\"@id\":\"https:\/\/www.m-q.ch\/fr\/#organization\"},\"image\":{\"@id\":\"https:\/\/www.m-q.ch\/normung-verbindet-die-welt\/#primaryimage\"},\"thumbnailUrl\":\"https:\/\/www.m-q.ch\/wp-content\/uploads\/2021\/02\/Normung-verbindet-die-Welt.jpg\",\"keywords\":[\"06\/2019\"],\"articleSection\":[\"Allgemein\"],\"inLanguage\":\"fr-FR\"},{\"@type\":\"WebPage\",\"@id\":\"https:\/\/www.m-q.ch\/normung-verbindet-die-welt\/\",\"url\":\"https:\/\/www.m-q.ch\/normung-verbindet-die-welt\/\",\"name\":\"\u00abNormung verbindet die Welt\u00bb - MQ Management und Qualit\u00e4t\",\"isPartOf\":{\"@id\":\"https:\/\/www.m-q.ch\/fr\/#website\"},\"primaryImageOfPage\":{\"@id\":\"https:\/\/www.m-q.ch\/normung-verbindet-die-welt\/#primaryimage\"},\"image\":{\"@id\":\"https:\/\/www.m-q.ch\/normung-verbindet-die-welt\/#primaryimage\"},\"thumbnailUrl\":\"https:\/\/www.m-q.ch\/wp-content\/uploads\/2021\/02\/Normung-verbindet-die-Welt.jpg\",\"datePublished\":\"2019-07-30T10:16:42+00:00\",\"dateModified\":\"2021-02-08T15:44:12+00:00\",\"description\":\"Am 23. Mai 2019 beging die Schweizerische Normen-Vereinigung SNV in Baden ihren Jubil\u00e4umsanlass zum 100-j\u00e4hrigen Bestehen dieser Institution. Seit einem Jahrhundert ist die SNV die Schweizer Vertreterin der weltweiten und europ\u00e4ischen Normung und handelt zum Nutzen der Wirtschaft und Gesellschaft in unserem Land.\",\"breadcrumb\":{\"@id\":\"https:\/\/www.m-q.ch\/normung-verbindet-die-welt\/#breadcrumb\"},\"inLanguage\":\"fr-FR\",\"potentialAction\":[{\"@type\":\"ReadAction\",\"target\":[\"https:\/\/www.m-q.ch\/normung-verbindet-die-welt\/\"]}]},{\"@type\":\"ImageObject\",\"inLanguage\":\"fr-FR\",\"@id\":\"https:\/\/www.m-q.ch\/normung-verbindet-die-welt\/#primaryimage\",\"url\":\"https:\/\/www.m-q.ch\/wp-content\/uploads\/2021\/02\/Normung-verbindet-die-Welt.jpg\",\"contentUrl\":\"https:\/\/www.m-q.ch\/wp-content\/uploads\/2021\/02\/Normung-verbindet-die-Welt.jpg\",\"width\":800,\"height\":967,\"caption\":\"\u00abNormung verbindet die Welt\u00bb\"},{\"@type\":\"BreadcrumbList\",\"@id\":\"https:\/\/www.m-q.ch\/normung-verbindet-die-welt\/#breadcrumb\",\"itemListElement\":[{\"@type\":\"ListItem\",\"position\":1,\"name\":\"Allgemein\",\"item\":\"https:\/\/www.m-q.ch\/kategorie\/allgemein\/\"},{\"@type\":\"ListItem\",\"position\":2,\"name\":\"\u00abNormung verbindet die Welt\u00bb\"}]},{\"@type\":\"WebSite\",\"@id\":\"https:\/\/www.m-q.ch\/fr\/#website\",\"url\":\"https:\/\/www.m-q.ch\/fr\/\",\"name\":\"MQ Management und Qualit\u00e4t\",\"description\":\"Plattform f\u00fcr integrierte Managementsysteme.\",\"publisher\":{\"@id\":\"https:\/\/www.m-q.ch\/fr\/#organization\"},\"potentialAction\":[{\"@type\":\"SearchAction\",\"target\":{\"@type\":\"EntryPoint\",\"urlTemplate\":\"https:\/\/www.m-q.ch\/fr\/?s={search_term_string}\"},\"query-input\":{\"@type\":\"PropertyValueSpecification\",\"valueRequired\":true,\"valueName\":\"search_term_string\"}}],\"inLanguage\":\"fr-FR\"},{\"@type\":\"Organization\",\"@id\":\"https:\/\/www.m-q.ch\/fr\/#organization\",\"name\":\"Galledia Fachmedien AG\",\"url\":\"https:\/\/www.m-q.ch\/fr\/\",\"logo\":{\"@type\":\"ImageObject\",\"inLanguage\":\"fr-FR\",\"@id\":\"https:\/\/www.m-q.ch\/fr\/#\/schema\/logo\/image\/\",\"url\":\"https:\/\/www.m-q.ch\/wp-content\/uploads\/2020\/12\/cropped-logo_small.png\",\"contentUrl\":\"https:\/\/www.m-q.ch\/wp-content\/uploads\/2020\/12\/cropped-logo_small.png\",\"width\":512,\"height\":512,\"caption\":\"Galledia Fachmedien AG\"},\"image\":{\"@id\":\"https:\/\/www.m-q.ch\/fr\/#\/schema\/logo\/image\/\"},\"sameAs\":[\"https:\/\/www.facebook.com\/ManagementUndQualitaet\",\"https:\/\/www.linkedin.com\/showcase\/17982321\/admin\/\"]},{\"@type\":\"Person\",\"@id\":\"https:\/\/www.m-q.ch\/fr\/#\/schema\/person\/71f647a41e4a3e361e6230f5134f3ba9\",\"name\":\"upwork_2\",\"image\":{\"@type\":\"ImageObject\",\"inLanguage\":\"fr-FR\",\"@id\":\"https:\/\/www.m-q.ch\/fr\/#\/schema\/person\/image\/\",\"url\":\"https:\/\/secure.gravatar.com\/avatar\/777b90ab56092bbf3c85feacda5c1bce?s=96&d=mm&r=g\",\"contentUrl\":\"https:\/\/secure.gravatar.com\/avatar\/777b90ab56092bbf3c85feacda5c1bce?s=96&d=mm&r=g\",\"caption\":\"upwork_2\"},\"url\":\"https:\/\/www.m-q.ch\/fr\/author\/upwork_2\/\"}]}<\/script>\n<!-- \/ Yoast SEO plugin. -->","yoast_head_json":{"title":"\"La normalisation relie le monde\" - Gestion et qualit\u00e9 de la qualit\u00e9 des produits","description":"Le 23 mai 2019, l'Association suisse de normalisation (SNV) a c\u00e9l\u00e9br\u00e9 son 100e anniversaire \u00e0 Baden. Depuis un si\u00e8cle, la SNV est le repr\u00e9sentant suisse de la normalisation mondiale et europ\u00e9enne, agissant au profit de l'\u00e9conomie et de la soci\u00e9t\u00e9 de notre pays.","robots":{"index":"index","follow":"follow","max-snippet":"max-snippet:-1","max-image-preview":"max-image-preview:large","max-video-preview":"max-video-preview:-1"},"canonical":"https:\/\/www.m-q.ch\/fr\/la-normalisation-relie-le-monde\/","og_locale":"fr_FR","og_type":"article","og_title":"\u00abNormung verbindet die Welt\u00bb - MQ Management und Qualit\u00e4t","og_description":"Am 23. Mai 2019 beging die Schweizerische Normen-Vereinigung SNV in Baden ihren Jubil\u00e4umsanlass zum 100-j\u00e4hrigen Bestehen dieser Institution. Seit einem Jahrhundert ist die SNV die Schweizer Vertreterin der weltweiten und europ\u00e4ischen Normung und handelt zum Nutzen der Wirtschaft und Gesellschaft in unserem Land.","og_url":"https:\/\/www.m-q.ch\/fr\/la-normalisation-relie-le-monde\/","og_site_name":"MQ Management und Qualit\u00e4t","article_publisher":"https:\/\/www.facebook.com\/ManagementUndQualitaet","article_published_time":"2019-07-30T10:16:42+00:00","article_modified_time":"2021-02-08T15:44:12+00:00","og_image":[{"width":800,"height":967,"url":"https:\/\/www.m-q.ch\/wp-content\/uploads\/2021\/02\/Normung-verbindet-die-Welt.jpg","type":"image\/jpeg"}],"author":"upwork_2","twitter_card":"summary_large_image","twitter_misc":{"\u00c9crit par":"upwork_2","Dur\u00e9e de lecture estim\u00e9e":"3 minutes"},"schema":{"@context":"https:\/\/schema.org","@graph":[{"@type":"Article","@id":"https:\/\/www.m-q.ch\/normung-verbindet-die-welt\/#article","isPartOf":{"@id":"https:\/\/www.m-q.ch\/normung-verbindet-die-welt\/"},"author":{"name":"upwork_2","@id":"https:\/\/www.m-q.ch\/fr\/#\/schema\/person\/71f647a41e4a3e361e6230f5134f3ba9"},"headline":"\u00abNormung verbindet die Welt\u00bb","datePublished":"2019-07-30T10:16:42+00:00","dateModified":"2021-02-08T15:44:12+00:00","mainEntityOfPage":{"@id":"https:\/\/www.m-q.ch\/normung-verbindet-die-welt\/"},"wordCount":617,"publisher":{"@id":"https:\/\/www.m-q.ch\/fr\/#organization"},"image":{"@id":"https:\/\/www.m-q.ch\/normung-verbindet-die-welt\/#primaryimage"},"thumbnailUrl":"https:\/\/www.m-q.ch\/wp-content\/uploads\/2021\/02\/Normung-verbindet-die-Welt.jpg","keywords":["06\/2019"],"articleSection":["Allgemein"],"inLanguage":"fr-FR"},{"@type":"WebPage","@id":"https:\/\/www.m-q.ch\/normung-verbindet-die-welt\/","url":"https:\/\/www.m-q.ch\/normung-verbindet-die-welt\/","name":"\"La normalisation relie le monde\" - Gestion et qualit\u00e9 de la qualit\u00e9 des produits","isPartOf":{"@id":"https:\/\/www.m-q.ch\/fr\/#website"},"primaryImageOfPage":{"@id":"https:\/\/www.m-q.ch\/normung-verbindet-die-welt\/#primaryimage"},"image":{"@id":"https:\/\/www.m-q.ch\/normung-verbindet-die-welt\/#primaryimage"},"thumbnailUrl":"https:\/\/www.m-q.ch\/wp-content\/uploads\/2021\/02\/Normung-verbindet-die-Welt.jpg","datePublished":"2019-07-30T10:16:42+00:00","dateModified":"2021-02-08T15:44:12+00:00","description":"Le 23 mai 2019, l'Association suisse de normalisation (SNV) a c\u00e9l\u00e9br\u00e9 son 100e anniversaire \u00e0 Baden. Depuis un si\u00e8cle, la SNV est le repr\u00e9sentant suisse de la normalisation mondiale et europ\u00e9enne, agissant au profit de l'\u00e9conomie et de la soci\u00e9t\u00e9 de notre pays.","breadcrumb":{"@id":"https:\/\/www.m-q.ch\/normung-verbindet-die-welt\/#breadcrumb"},"inLanguage":"fr-FR","potentialAction":[{"@type":"ReadAction","target":["https:\/\/www.m-q.ch\/normung-verbindet-die-welt\/"]}]},{"@type":"ImageObject","inLanguage":"fr-FR","@id":"https:\/\/www.m-q.ch\/normung-verbindet-die-welt\/#primaryimage","url":"https:\/\/www.m-q.ch\/wp-content\/uploads\/2021\/02\/Normung-verbindet-die-Welt.jpg","contentUrl":"https:\/\/www.m-q.ch\/wp-content\/uploads\/2021\/02\/Normung-verbindet-die-Welt.jpg","width":800,"height":967,"caption":"\u00abNormung verbindet die Welt\u00bb"},{"@type":"BreadcrumbList","@id":"https:\/\/www.m-q.ch\/normung-verbindet-die-welt\/#breadcrumb","itemListElement":[{"@type":"ListItem","position":1,"name":"Allgemein","item":"https:\/\/www.m-q.ch\/kategorie\/allgemein\/"},{"@type":"ListItem","position":2,"name":"\u00abNormung verbindet die Welt\u00bb"}]},{"@type":"WebSite","@id":"https:\/\/www.m-q.ch\/fr\/#website","url":"https:\/\/www.m-q.ch\/fr\/","name":"Gestion et qualit\u00e9 du QM","description":"Plate-forme pour les syst\u00e8mes de gestion int\u00e9gr\u00e9e.","publisher":{"@id":"https:\/\/www.m-q.ch\/fr\/#organization"},"potentialAction":[{"@type":"SearchAction","target":{"@type":"EntryPoint","urlTemplate":"https:\/\/www.m-q.ch\/fr\/?s={search_term_string}"},"query-input":{"@type":"PropertyValueSpecification","valueRequired":true,"valueName":"search_term_string"}}],"inLanguage":"fr-FR"},{"@type":"Organization","@id":"https:\/\/www.m-q.ch\/fr\/#organization","name":"Galledia Trade Media AG","url":"https:\/\/www.m-q.ch\/fr\/","logo":{"@type":"ImageObject","inLanguage":"fr-FR","@id":"https:\/\/www.m-q.ch\/fr\/#\/schema\/logo\/image\/","url":"https:\/\/www.m-q.ch\/wp-content\/uploads\/2020\/12\/cropped-logo_small.png","contentUrl":"https:\/\/www.m-q.ch\/wp-content\/uploads\/2020\/12\/cropped-logo_small.png","width":512,"height":512,"caption":"Galledia Fachmedien AG"},"image":{"@id":"https:\/\/www.m-q.ch\/fr\/#\/schema\/logo\/image\/"},"sameAs":["https:\/\/www.facebook.com\/ManagementUndQualitaet","https:\/\/www.linkedin.com\/showcase\/17982321\/admin\/"]},{"@type":"Person","@id":"https:\/\/www.m-q.ch\/fr\/#\/schema\/person\/71f647a41e4a3e361e6230f5134f3ba9","name":"upwork_2","image":{"@type":"ImageObject","inLanguage":"fr-FR","@id":"https:\/\/www.m-q.ch\/fr\/#\/schema\/person\/image\/","url":"https:\/\/secure.gravatar.com\/avatar\/777b90ab56092bbf3c85feacda5c1bce?s=96&d=mm&r=g","contentUrl":"https:\/\/secure.gravatar.com\/avatar\/777b90ab56092bbf3c85feacda5c1bce?s=96&d=mm&r=g","caption":"upwork_2"},"url":"https:\/\/www.m-q.ch\/fr\/author\/upwork_2\/"}]}},"_links":{"self":[{"href":"https:\/\/www.m-q.ch\/fr\/wp-json\/wp\/v2\/posts\/9863","targetHints":{"allow":["GET"]}}],"collection":[{"href":"https:\/\/www.m-q.ch\/fr\/wp-json\/wp\/v2\/posts"}],"about":[{"href":"https:\/\/www.m-q.ch\/fr\/wp-json\/wp\/v2\/types\/post"}],"author":[{"embeddable":true,"href":"https:\/\/www.m-q.ch\/fr\/wp-json\/wp\/v2\/users\/62"}],"replies":[{"embeddable":true,"href":"https:\/\/www.m-q.ch\/fr\/wp-json\/wp\/v2\/comments?post=9863"}],"version-history":[{"count":2,"href":"https:\/\/www.m-q.ch\/fr\/wp-json\/wp\/v2\/posts\/9863\/revisions"}],"predecessor-version":[{"id":9924,"href":"https:\/\/www.m-q.ch\/fr\/wp-json\/wp\/v2\/posts\/9863\/revisions\/9924"}],"wp:featuredmedia":[{"embeddable":true,"href":"https:\/\/www.m-q.ch\/fr\/wp-json\/wp\/v2\/media\/9864"}],"wp:attachment":[{"href":"https:\/\/www.m-q.ch\/fr\/wp-json\/wp\/v2\/media?parent=9863"}],"wp:term":[{"taxonomy":"category","embeddable":true,"href":"https:\/\/www.m-q.ch\/fr\/wp-json\/wp\/v2\/categories?post=9863"},{"taxonomy":"post_tag","embeddable":true,"href":"https:\/\/www.m-q.ch\/fr\/wp-json\/wp\/v2\/tags?post=9863"}],"curies":[{"name":"wp","href":"https:\/\/api.w.org\/{rel}","templated":true}]}}