{"id":9866,"date":"2019-06-03T12:21:11","date_gmt":"2019-06-03T10:21:11","guid":{"rendered":"https:\/\/www.m-q.ch\/?p=9866"},"modified":"2021-02-08T16:35:00","modified_gmt":"2021-02-08T15:35:00","slug":"pas-de-prix-habituel","status":"publish","type":"post","link":"https:\/\/www.m-q.ch\/fr\/kein-gewoehn-licher-award\/","title":{"rendered":"Pas de prix ordinaire"},"content":{"rendered":"<p><img loading=\"lazy\" decoding=\"async\" class=\"alignnone size-full wp-image-9867\" src=\"https:\/\/www.m-q.ch\/wp-content\/uploads\/2021\/02\/Kein-gewoehn-licher-Award.jpg\" alt=\"Pas de prix ordinaire\" width=\"800\" height=\"947\" srcset=\"\" sizes=\"auto, (max-width: 800px) 100vw, 800px\" data-srcset=\"\" \/><\/p>\n<p>Le jury s'est r\u00e9uni et a s\u00e9lectionn\u00e9 les laur\u00e9ats parmi les nomin\u00e9s pour le Prix suisse d'excellence ESPRIX. Le 21 juin 2019, la c\u00e9r\u00e9monie de remise des prix aura lieu lors de la c\u00e9l\u00e9bration du 20e anniversaire de la Fondation ESPRIX Excellence au B\u00fcrgenstock Resort, au-dessus du lac des Quatre-Cantons. Un cadre digne, donc, puisque les trois organisations nomin\u00e9es ont vraiment atteint un sommet qui ne peut \u00eatre facilement surmont\u00e9.<\/p>\n<p>&nbsp;<\/p>\n<p>Le prix suisse des entreprises ESPRIX a \u00e9t\u00e9 lanc\u00e9 en 1998. L'objectif du prix \u00e9tait et reste de promouvoir la qualit\u00e9 sup\u00e9rieure dans tous les domaines de l'entreprise et de motiver les milieux d'affaires suisses et liechtensteinois \u00e0 r\u00e9aliser des performances entrepreneuriales de haut niveau par le biais de la comp\u00e9tition.<\/p>\n<p><strong>Cadre de gestion de la qualit\u00e9<\/strong><br \/>\nMais comment obtenir de tels \"r\u00e9sultats sup\u00e9rieurs \u00e0 la moyenne\" ? Un instrument pour cela est le \"chemin de l'excellence\" coh\u00e9rent selon le mod\u00e8le EFQM. Chaque ann\u00e9e, une grande vari\u00e9t\u00e9 d'organisations en Suisse et dans la Principaut\u00e9 du Liechtenstein participent au programme de reconnaissance de l'EFQM, la Fondation europ\u00e9enne pour la gestion de la qualit\u00e9. Cette fondation a \u00e9t\u00e9 cr\u00e9\u00e9e en 1988 - avec le soutien de la Commission europ\u00e9enne - pour d\u00e9velopper un cadre europ\u00e9en de gestion de la qualit\u00e9. En Suisse, l'EFQM est repr\u00e9sent\u00e9e par la Fondation ES-PRIX et la SAQ en tant que sponsors professionnels. Le mod\u00e8le d'excellence EFQM aide les entreprises \u00e0 d\u00e9velopper, maintenir et augmenter leurs performances et leur force concurrentielle.<\/p>\n<p><strong>rendre les r\u00e9sultats v\u00e9rifiables<\/strong><br \/>\nEn principe, toute organisation \u00e9conomiquement active peut appliquer le mod\u00e8le EFQM. Derri\u00e8re ce mod\u00e8le se trouve l'approche de l'excellence en affaires dans le sens d'un processus d'am\u00e9lioration continue sur la voie du succ\u00e8s durable des entreprises. Le mod\u00e8le donne d'excellents r\u00e9sultats par \u00e9tapes d\u00e9finies et avec un niveau d'ambition croissant. Les r\u00e9sultats sont v\u00e9rifi\u00e9s par des \u00e9valuateurs ind\u00e9pendants de l'EFQM et rendus comparables sur la base de diff\u00e9rents crit\u00e8res. De cette mani\u00e8re, les organisations peuvent proc\u00e9der \u00e0 une \u00e9valuation comparative efficace et recevoir des indications concr\u00e8tes sur les possibilit\u00e9s d'am\u00e9lioration.<\/p>\n<p><strong>D\u00e9di\u00e9 \u00e0 l'excellence en affaires<\/strong><br \/>\nEn fin de compte, la question est de savoir quels sont les facteurs et les crit\u00e8res d\u00e9cisifs pour le succ\u00e8s d'excellentes organisations. Les trois entreprises que nous pr\u00e9sentons dans les pages suivantes se sont pos\u00e9es ces questions \u00e0 plusieurs reprises. Sous les yeux et les oreilles critiques des \u00e9valuateurs de l'EFQM - qui, soit dit en passant, travaillent pour la plupart \u00e0 titre honorifique - ils ont d\u00e9voil\u00e9 leurs cartes au cours d'un processus de plusieurs jours et ont donn\u00e9 un aper\u00e7u des recoins les plus intimes de leurs organisations. Une telle vue de l'ext\u00e9rieur est probablement l'\u00e9l\u00e9ment le plus pr\u00e9cieux du processus d'am\u00e9lioration continue. Pour tous les trois, la participation au concours repr\u00e9sente une \u00e9tape suppl\u00e9mentaire sur la voie de la maturit\u00e9 - c'est-\u00e0-dire de l'excellence - de l'organisation \u00e0 un niveau \u00e9lev\u00e9. Quiconque rencontre une entreprise qui se pare du logo EFQM peut s'attendre \u00e0 une qualit\u00e9 exceptionnelle qui va au-del\u00e0 des normes applicables.<\/p>","protected":false},"excerpt":{"rendered":"<p>Die Jury hat getagt und unter den Nominatio- nen f\u00fcr den ESPRIX Swiss Award for Excel- lence die Gewinner auserkoren. Am 21. Juni 2019 findet im Rahmen der 20-Jahr-Jubil\u00e4- umsfeier der Stiftung ESPRIX Excellence Su- isse im B\u00fcrgenstock Resort hoch \u00fcber dem Vierwaldst\u00e4ttersee die Preisverleihung statt. Ein w\u00fcrdiger Rahmen also, haben doch die drei nominierten [&hellip;]<\/p>\n","protected":false},"author":62,"featured_media":9867,"comment_status":"closed","ping_status":"closed","sticky":false,"template":"","format":"standard","meta":{"_acf_changed":false,"footnotes":""},"categories":[4448],"tags":[4732],"class_list":["post-9866","post","type-post","status-publish","format-standard","has-post-thumbnail","hentry","category-allgemein","tag-06-2019"],"acf":[],"yoast_head":"<!-- This site is optimized with the Yoast SEO plugin v26.2 - https:\/\/yoast.com\/wordpress\/plugins\/seo\/ -->\n<title>Kein gew\u00f6hn\u00ad licher Award - MQ Management und Qualit\u00e4t<\/title>\n<meta name=\"description\" content=\"Der ESPRIX Swiss Award for Excellence ist eine Aus- zeichnung f\u00fcr \u00abdie Besten unter den Guten\u00bb. Seit 20 Jahren wird dieser Qualit\u00e4tspreis an Unterneh- men und Organisationen verliehen, die erfolgreich das EFQM Excellence-Modell anwenden.\" \/>\n<meta name=\"robots\" content=\"index, follow, max-snippet:-1, max-image-preview:large, max-video-preview:-1\" \/>\n<link rel=\"canonical\" href=\"https:\/\/www.m-q.ch\/fr\/pas-de-prix-habituel\/\" \/>\n<meta property=\"og:locale\" content=\"fr_FR\" \/>\n<meta property=\"og:type\" content=\"article\" \/>\n<meta property=\"og:title\" content=\"Kein gew\u00f6hn\u00ad licher Award - MQ Management und Qualit\u00e4t\" \/>\n<meta property=\"og:description\" content=\"Der ESPRIX Swiss Award for Excellence ist eine Aus- zeichnung f\u00fcr \u00abdie Besten unter den Guten\u00bb. Seit 20 Jahren wird dieser Qualit\u00e4tspreis an Unterneh- men und Organisationen verliehen, die erfolgreich das EFQM Excellence-Modell anwenden.\" \/>\n<meta property=\"og:url\" content=\"https:\/\/www.m-q.ch\/fr\/pas-de-prix-habituel\/\" \/>\n<meta property=\"og:site_name\" content=\"MQ Management und Qualit\u00e4t\" \/>\n<meta property=\"article:publisher\" content=\"https:\/\/www.facebook.com\/ManagementUndQualitaet\" \/>\n<meta property=\"article:published_time\" content=\"2019-06-03T10:21:11+00:00\" \/>\n<meta property=\"article:modified_time\" content=\"2021-02-08T15:35:00+00:00\" \/>\n<meta property=\"og:image\" content=\"https:\/\/www.m-q.ch\/wp-content\/uploads\/2021\/02\/Kein-gewoehn\u00ad-licher-Award.jpg\" \/>\n\t<meta property=\"og:image:width\" content=\"800\" \/>\n\t<meta property=\"og:image:height\" content=\"947\" \/>\n\t<meta property=\"og:image:type\" content=\"image\/jpeg\" \/>\n<meta name=\"author\" content=\"upwork_2\" \/>\n<meta name=\"twitter:card\" content=\"summary_large_image\" \/>\n<meta name=\"twitter:label1\" content=\"\u00c9crit par\" \/>\n\t<meta name=\"twitter:data1\" content=\"upwork_2\" \/>\n\t<meta name=\"twitter:label2\" content=\"Dur\u00e9e de lecture estim\u00e9e\" \/>\n\t<meta name=\"twitter:data2\" content=\"2 minutes\" \/>\n<script type=\"application\/ld+json\" class=\"yoast-schema-graph\">{\"@context\":\"https:\/\/schema.org\",\"@graph\":[{\"@type\":\"Article\",\"@id\":\"https:\/\/www.m-q.ch\/kein-gewoehn-licher-award\/#article\",\"isPartOf\":{\"@id\":\"https:\/\/www.m-q.ch\/kein-gewoehn-licher-award\/\"},\"author\":{\"name\":\"upwork_2\",\"@id\":\"https:\/\/www.m-q.ch\/fr\/#\/schema\/person\/71f647a41e4a3e361e6230f5134f3ba9\"},\"headline\":\"Kein gew\u00f6hn\u00ad licher Award\",\"datePublished\":\"2019-06-03T10:21:11+00:00\",\"dateModified\":\"2021-02-08T15:35:00+00:00\",\"mainEntityOfPage\":{\"@id\":\"https:\/\/www.m-q.ch\/kein-gewoehn-licher-award\/\"},\"wordCount\":476,\"publisher\":{\"@id\":\"https:\/\/www.m-q.ch\/fr\/#organization\"},\"image\":{\"@id\":\"https:\/\/www.m-q.ch\/kein-gewoehn-licher-award\/#primaryimage\"},\"thumbnailUrl\":\"https:\/\/www.m-q.ch\/wp-content\/uploads\/2021\/02\/Kein-gewoehn\u00ad-licher-Award.jpg\",\"keywords\":[\"06\/2019\"],\"articleSection\":[\"Allgemein\"],\"inLanguage\":\"fr-FR\"},{\"@type\":\"WebPage\",\"@id\":\"https:\/\/www.m-q.ch\/kein-gewoehn-licher-award\/\",\"url\":\"https:\/\/www.m-q.ch\/kein-gewoehn-licher-award\/\",\"name\":\"Kein gew\u00f6hn\u00ad licher Award - MQ Management und Qualit\u00e4t\",\"isPartOf\":{\"@id\":\"https:\/\/www.m-q.ch\/fr\/#website\"},\"primaryImageOfPage\":{\"@id\":\"https:\/\/www.m-q.ch\/kein-gewoehn-licher-award\/#primaryimage\"},\"image\":{\"@id\":\"https:\/\/www.m-q.ch\/kein-gewoehn-licher-award\/#primaryimage\"},\"thumbnailUrl\":\"https:\/\/www.m-q.ch\/wp-content\/uploads\/2021\/02\/Kein-gewoehn\u00ad-licher-Award.jpg\",\"datePublished\":\"2019-06-03T10:21:11+00:00\",\"dateModified\":\"2021-02-08T15:35:00+00:00\",\"description\":\"Der ESPRIX Swiss Award for Excellence ist eine Aus- zeichnung f\u00fcr \u00abdie Besten unter den Guten\u00bb. Seit 20 Jahren wird dieser Qualit\u00e4tspreis an Unterneh- men und Organisationen verliehen, die erfolgreich das EFQM Excellence-Modell anwenden.\",\"breadcrumb\":{\"@id\":\"https:\/\/www.m-q.ch\/kein-gewoehn-licher-award\/#breadcrumb\"},\"inLanguage\":\"fr-FR\",\"potentialAction\":[{\"@type\":\"ReadAction\",\"target\":[\"https:\/\/www.m-q.ch\/kein-gewoehn-licher-award\/\"]}]},{\"@type\":\"ImageObject\",\"inLanguage\":\"fr-FR\",\"@id\":\"https:\/\/www.m-q.ch\/kein-gewoehn-licher-award\/#primaryimage\",\"url\":\"https:\/\/www.m-q.ch\/wp-content\/uploads\/2021\/02\/Kein-gewoehn\u00ad-licher-Award.jpg\",\"contentUrl\":\"https:\/\/www.m-q.ch\/wp-content\/uploads\/2021\/02\/Kein-gewoehn\u00ad-licher-Award.jpg\",\"width\":800,\"height\":947,\"caption\":\"Kein gew\u00f6hn\u00ad licher Award\"},{\"@type\":\"BreadcrumbList\",\"@id\":\"https:\/\/www.m-q.ch\/kein-gewoehn-licher-award\/#breadcrumb\",\"itemListElement\":[{\"@type\":\"ListItem\",\"position\":1,\"name\":\"Allgemein\",\"item\":\"https:\/\/www.m-q.ch\/kategorie\/allgemein\/\"},{\"@type\":\"ListItem\",\"position\":2,\"name\":\"Kein gew\u00f6hn\u00ad licher Award\"}]},{\"@type\":\"WebSite\",\"@id\":\"https:\/\/www.m-q.ch\/fr\/#website\",\"url\":\"https:\/\/www.m-q.ch\/fr\/\",\"name\":\"MQ Management und Qualit\u00e4t\",\"description\":\"Plattform f\u00fcr integrierte Managementsysteme.\",\"publisher\":{\"@id\":\"https:\/\/www.m-q.ch\/fr\/#organization\"},\"potentialAction\":[{\"@type\":\"SearchAction\",\"target\":{\"@type\":\"EntryPoint\",\"urlTemplate\":\"https:\/\/www.m-q.ch\/fr\/?s={search_term_string}\"},\"query-input\":{\"@type\":\"PropertyValueSpecification\",\"valueRequired\":true,\"valueName\":\"search_term_string\"}}],\"inLanguage\":\"fr-FR\"},{\"@type\":\"Organization\",\"@id\":\"https:\/\/www.m-q.ch\/fr\/#organization\",\"name\":\"Galledia Fachmedien AG\",\"url\":\"https:\/\/www.m-q.ch\/fr\/\",\"logo\":{\"@type\":\"ImageObject\",\"inLanguage\":\"fr-FR\",\"@id\":\"https:\/\/www.m-q.ch\/fr\/#\/schema\/logo\/image\/\",\"url\":\"https:\/\/www.m-q.ch\/wp-content\/uploads\/2020\/12\/cropped-logo_small.png\",\"contentUrl\":\"https:\/\/www.m-q.ch\/wp-content\/uploads\/2020\/12\/cropped-logo_small.png\",\"width\":512,\"height\":512,\"caption\":\"Galledia Fachmedien AG\"},\"image\":{\"@id\":\"https:\/\/www.m-q.ch\/fr\/#\/schema\/logo\/image\/\"},\"sameAs\":[\"https:\/\/www.facebook.com\/ManagementUndQualitaet\",\"https:\/\/www.linkedin.com\/showcase\/17982321\/admin\/\"]},{\"@type\":\"Person\",\"@id\":\"https:\/\/www.m-q.ch\/fr\/#\/schema\/person\/71f647a41e4a3e361e6230f5134f3ba9\",\"name\":\"upwork_2\",\"image\":{\"@type\":\"ImageObject\",\"inLanguage\":\"fr-FR\",\"@id\":\"https:\/\/www.m-q.ch\/fr\/#\/schema\/person\/image\/\",\"url\":\"https:\/\/secure.gravatar.com\/avatar\/777b90ab56092bbf3c85feacda5c1bce?s=96&d=mm&r=g\",\"contentUrl\":\"https:\/\/secure.gravatar.com\/avatar\/777b90ab56092bbf3c85feacda5c1bce?s=96&d=mm&r=g\",\"caption\":\"upwork_2\"},\"url\":\"https:\/\/www.m-q.ch\/fr\/author\/upwork_2\/\"}]}<\/script>\n<!-- \/ Yoast SEO plugin. -->","yoast_head_json":{"title":"Une r\u00e9compense hors du commun - MQ Management and Quality","description":"Le prix suisse d'excellence ESPRIX est une distinction pour \"les meilleurs parmi les bons\". Depuis 20 ans, ce prix de la qualit\u00e9 est d\u00e9cern\u00e9 aux entreprises et organisations qui appliquent avec succ\u00e8s le mod\u00e8le d'excellence EFQM.","robots":{"index":"index","follow":"follow","max-snippet":"max-snippet:-1","max-image-preview":"max-image-preview:large","max-video-preview":"max-video-preview:-1"},"canonical":"https:\/\/www.m-q.ch\/fr\/pas-de-prix-habituel\/","og_locale":"fr_FR","og_type":"article","og_title":"Kein gew\u00f6hn\u00ad licher Award - MQ Management und Qualit\u00e4t","og_description":"Der ESPRIX Swiss Award for Excellence ist eine Aus- zeichnung f\u00fcr \u00abdie Besten unter den Guten\u00bb. Seit 20 Jahren wird dieser Qualit\u00e4tspreis an Unterneh- men und Organisationen verliehen, die erfolgreich das EFQM Excellence-Modell anwenden.","og_url":"https:\/\/www.m-q.ch\/fr\/pas-de-prix-habituel\/","og_site_name":"MQ Management und Qualit\u00e4t","article_publisher":"https:\/\/www.facebook.com\/ManagementUndQualitaet","article_published_time":"2019-06-03T10:21:11+00:00","article_modified_time":"2021-02-08T15:35:00+00:00","og_image":[{"width":800,"height":947,"url":"https:\/\/www.m-q.ch\/wp-content\/uploads\/2021\/02\/Kein-gewoehn\u00ad-licher-Award.jpg","type":"image\/jpeg"}],"author":"upwork_2","twitter_card":"summary_large_image","twitter_misc":{"\u00c9crit par":"upwork_2","Dur\u00e9e de lecture estim\u00e9e":"2 minutes"},"schema":{"@context":"https:\/\/schema.org","@graph":[{"@type":"Article","@id":"https:\/\/www.m-q.ch\/kein-gewoehn-licher-award\/#article","isPartOf":{"@id":"https:\/\/www.m-q.ch\/kein-gewoehn-licher-award\/"},"author":{"name":"upwork_2","@id":"https:\/\/www.m-q.ch\/fr\/#\/schema\/person\/71f647a41e4a3e361e6230f5134f3ba9"},"headline":"Kein gew\u00f6hn\u00ad licher Award","datePublished":"2019-06-03T10:21:11+00:00","dateModified":"2021-02-08T15:35:00+00:00","mainEntityOfPage":{"@id":"https:\/\/www.m-q.ch\/kein-gewoehn-licher-award\/"},"wordCount":476,"publisher":{"@id":"https:\/\/www.m-q.ch\/fr\/#organization"},"image":{"@id":"https:\/\/www.m-q.ch\/kein-gewoehn-licher-award\/#primaryimage"},"thumbnailUrl":"https:\/\/www.m-q.ch\/wp-content\/uploads\/2021\/02\/Kein-gewoehn\u00ad-licher-Award.jpg","keywords":["06\/2019"],"articleSection":["Allgemein"],"inLanguage":"fr-FR"},{"@type":"WebPage","@id":"https:\/\/www.m-q.ch\/kein-gewoehn-licher-award\/","url":"https:\/\/www.m-q.ch\/kein-gewoehn-licher-award\/","name":"Une r\u00e9compense hors du commun - MQ Management and Quality","isPartOf":{"@id":"https:\/\/www.m-q.ch\/fr\/#website"},"primaryImageOfPage":{"@id":"https:\/\/www.m-q.ch\/kein-gewoehn-licher-award\/#primaryimage"},"image":{"@id":"https:\/\/www.m-q.ch\/kein-gewoehn-licher-award\/#primaryimage"},"thumbnailUrl":"https:\/\/www.m-q.ch\/wp-content\/uploads\/2021\/02\/Kein-gewoehn\u00ad-licher-Award.jpg","datePublished":"2019-06-03T10:21:11+00:00","dateModified":"2021-02-08T15:35:00+00:00","description":"Le prix suisse d'excellence ESPRIX est une distinction pour \"les meilleurs parmi les bons\". Depuis 20 ans, ce prix de la qualit\u00e9 est d\u00e9cern\u00e9 aux entreprises et organisations qui appliquent avec succ\u00e8s le mod\u00e8le d'excellence EFQM.","breadcrumb":{"@id":"https:\/\/www.m-q.ch\/kein-gewoehn-licher-award\/#breadcrumb"},"inLanguage":"fr-FR","potentialAction":[{"@type":"ReadAction","target":["https:\/\/www.m-q.ch\/kein-gewoehn-licher-award\/"]}]},{"@type":"ImageObject","inLanguage":"fr-FR","@id":"https:\/\/www.m-q.ch\/kein-gewoehn-licher-award\/#primaryimage","url":"https:\/\/www.m-q.ch\/wp-content\/uploads\/2021\/02\/Kein-gewoehn\u00ad-licher-Award.jpg","contentUrl":"https:\/\/www.m-q.ch\/wp-content\/uploads\/2021\/02\/Kein-gewoehn\u00ad-licher-Award.jpg","width":800,"height":947,"caption":"Kein gew\u00f6hn\u00ad licher Award"},{"@type":"BreadcrumbList","@id":"https:\/\/www.m-q.ch\/kein-gewoehn-licher-award\/#breadcrumb","itemListElement":[{"@type":"ListItem","position":1,"name":"Allgemein","item":"https:\/\/www.m-q.ch\/kategorie\/allgemein\/"},{"@type":"ListItem","position":2,"name":"Kein gew\u00f6hn\u00ad licher Award"}]},{"@type":"WebSite","@id":"https:\/\/www.m-q.ch\/fr\/#website","url":"https:\/\/www.m-q.ch\/fr\/","name":"Gestion et qualit\u00e9 du QM","description":"Plate-forme pour les syst\u00e8mes de gestion int\u00e9gr\u00e9e.","publisher":{"@id":"https:\/\/www.m-q.ch\/fr\/#organization"},"potentialAction":[{"@type":"SearchAction","target":{"@type":"EntryPoint","urlTemplate":"https:\/\/www.m-q.ch\/fr\/?s={search_term_string}"},"query-input":{"@type":"PropertyValueSpecification","valueRequired":true,"valueName":"search_term_string"}}],"inLanguage":"fr-FR"},{"@type":"Organization","@id":"https:\/\/www.m-q.ch\/fr\/#organization","name":"Galledia Trade Media AG","url":"https:\/\/www.m-q.ch\/fr\/","logo":{"@type":"ImageObject","inLanguage":"fr-FR","@id":"https:\/\/www.m-q.ch\/fr\/#\/schema\/logo\/image\/","url":"https:\/\/www.m-q.ch\/wp-content\/uploads\/2020\/12\/cropped-logo_small.png","contentUrl":"https:\/\/www.m-q.ch\/wp-content\/uploads\/2020\/12\/cropped-logo_small.png","width":512,"height":512,"caption":"Galledia Fachmedien AG"},"image":{"@id":"https:\/\/www.m-q.ch\/fr\/#\/schema\/logo\/image\/"},"sameAs":["https:\/\/www.facebook.com\/ManagementUndQualitaet","https:\/\/www.linkedin.com\/showcase\/17982321\/admin\/"]},{"@type":"Person","@id":"https:\/\/www.m-q.ch\/fr\/#\/schema\/person\/71f647a41e4a3e361e6230f5134f3ba9","name":"upwork_2","image":{"@type":"ImageObject","inLanguage":"fr-FR","@id":"https:\/\/www.m-q.ch\/fr\/#\/schema\/person\/image\/","url":"https:\/\/secure.gravatar.com\/avatar\/777b90ab56092bbf3c85feacda5c1bce?s=96&d=mm&r=g","contentUrl":"https:\/\/secure.gravatar.com\/avatar\/777b90ab56092bbf3c85feacda5c1bce?s=96&d=mm&r=g","caption":"upwork_2"},"url":"https:\/\/www.m-q.ch\/fr\/author\/upwork_2\/"}]}},"_links":{"self":[{"href":"https:\/\/www.m-q.ch\/fr\/wp-json\/wp\/v2\/posts\/9866","targetHints":{"allow":["GET"]}}],"collection":[{"href":"https:\/\/www.m-q.ch\/fr\/wp-json\/wp\/v2\/posts"}],"about":[{"href":"https:\/\/www.m-q.ch\/fr\/wp-json\/wp\/v2\/types\/post"}],"author":[{"embeddable":true,"href":"https:\/\/www.m-q.ch\/fr\/wp-json\/wp\/v2\/users\/62"}],"replies":[{"embeddable":true,"href":"https:\/\/www.m-q.ch\/fr\/wp-json\/wp\/v2\/comments?post=9866"}],"version-history":[{"count":3,"href":"https:\/\/www.m-q.ch\/fr\/wp-json\/wp\/v2\/posts\/9866\/revisions"}],"predecessor-version":[{"id":9925,"href":"https:\/\/www.m-q.ch\/fr\/wp-json\/wp\/v2\/posts\/9866\/revisions\/9925"}],"wp:featuredmedia":[{"embeddable":true,"href":"https:\/\/www.m-q.ch\/fr\/wp-json\/wp\/v2\/media\/9867"}],"wp:attachment":[{"href":"https:\/\/www.m-q.ch\/fr\/wp-json\/wp\/v2\/media?parent=9866"}],"wp:term":[{"taxonomy":"category","embeddable":true,"href":"https:\/\/www.m-q.ch\/fr\/wp-json\/wp\/v2\/categories?post=9866"},{"taxonomy":"post_tag","embeddable":true,"href":"https:\/\/www.m-q.ch\/fr\/wp-json\/wp\/v2\/tags?post=9866"}],"curies":[{"name":"wp","href":"https:\/\/api.w.org\/{rel}","templated":true}]}}