{"id":9872,"date":"2019-06-05T12:27:01","date_gmt":"2019-06-05T10:27:01","guid":{"rendered":"https:\/\/www.m-q.ch\/?p=9872"},"modified":"2021-02-08T16:35:05","modified_gmt":"2021-02-08T15:35:05","slug":"un-phare-dans-le-secteur","status":"publish","type":"post","link":"https:\/\/www.m-q.ch\/fr\/ein-leuchtturm-in-der-branche\/","title":{"rendered":"\"Un phare dans l'industrie\""},"content":{"rendered":"<p><img loading=\"lazy\" decoding=\"async\" class=\"alignnone size-full wp-image-9873\" src=\"https:\/\/www.m-q.ch\/wp-content\/uploads\/2021\/02\/Ein-Leuchtturm-in-der-Branche.jpg\" alt=\"&quot;Un phare dans l&#039;industrie&quot;\" width=\"800\" height=\"445\" srcset=\"https:\/\/www.m-q.ch\/wp-content\/uploads\/2021\/02\/Ein-Leuchtturm-in-der-Branche.jpg 800w, https:\/\/www.m-q.ch\/wp-content\/uploads\/2021\/02\/Ein-Leuchtturm-in-der-Branche-768x427.jpg 768w, https:\/\/www.m-q.ch\/wp-content\/uploads\/2021\/02\/Ein-Leuchtturm-in-der-Branche-16x9.jpg 16w, https:\/\/www.m-q.ch\/wp-content\/uploads\/2021\/02\/Ein-Leuchtturm-in-der-Branche-315x175.jpg 315w, https:\/\/www.m-q.ch\/wp-content\/uploads\/2021\/02\/Ein-Leuchtturm-in-der-Branche-629x350.jpg 629w, https:\/\/www.m-q.ch\/wp-content\/uploads\/2021\/02\/Ein-Leuchtturm-in-der-Branche-300x167.jpg 300w\" sizes=\"auto, (max-width: 800px) 100vw, 800px\" \/><\/p>\n<p>Toute personne travaillant dans le secteur de la construction et ayant suivi une formation professionnelle sup\u00e9rieure aujourd'hui conna\u00eet probablement le \"Campus Sursee\". Chaque ann\u00e9e, 15 000 participants suivent une formation compl\u00e9mentaire au Centre de formation \u00e0 la construction. Mais d'autres organisateurs de conf\u00e9rences, cours, s\u00e9minaires, etc. trouvent \u00e9galement une infrastructure de pointe au Centre de s\u00e9minaires du Campus Sursee. Le propri\u00e9taire du Bildungszentrum Bau AG et du Seminarzentrum AG est la Fondation Campus Sursee. L'objectif de la fondation est, selon ses propres d\u00e9clarations, \"le renforcement durable de l'\u00e9ducation et de la formation et ainsi le profilage du principal m\u00e9tier de la construction\".<\/p>\n<p><strong>Changement de strat\u00e9gie pour une meilleure utilisation des capacit\u00e9s<\/strong><br \/>\nLe Centre de formation \u00e0 la construction a \u00e9t\u00e9 cr\u00e9\u00e9 par l'Association suisse des ma\u00eetres constructeurs. L'association souhaitait cr\u00e9er un centre de formation pour toute la Suisse. En 1972, cette id\u00e9e est devenue r\u00e9alit\u00e9 : le campus de Sursee a ouvert ses portes. Jusqu'aux ann\u00e9es 2000, des milliers de sp\u00e9cialistes en herbe de la construction - ma\u00e7ons, constructeurs de routes, directeurs de travaux, etc. Mais l'infrastructure de restauration et de s\u00e9minaires, qui \u00e9tait d\u00e9j\u00e0 bonne \u00e0 l'\u00e9poque, devait \u00eatre utilis\u00e9e \u00e0 une capacit\u00e9 encore plus grande. En 2006, un changement de strat\u00e9gie a donc eu lieu : le Sursee Campus est devenu un centre de s\u00e9minaires et de conf\u00e9rences et, avec l'ouverture de l'ar\u00e8ne sportive il y a deux mois, le Sursee Campus a pos\u00e9 un nouveau jalon. Elle s'impose ainsi \u00e0 la fois dans le secteur du sport professionnel comme lieu d'entra\u00eenement et de comp\u00e9tition et dans le sport populaire comme un \u00e9quipement sportif public pour les associations, les \u00e9coles et la r\u00e9gion.<\/p>\n<p><strong>Le d\u00e9veloppement sur une base durable<\/strong><br \/>\nD'importants investissements ont \u00e9t\u00e9 associ\u00e9s \u00e0 ce changement, et pas seulement en termes de construction. Un syst\u00e8me clair de gestion des processus conforme \u00e0 la norme ISO 9001 a \u00e9galement \u00e9t\u00e9 introduit. La culture d'entreprise devait \u00e9galement se d\u00e9velopper de mani\u00e8re positive. \"Le mod\u00e8le EFQM est parfaitement adapt\u00e9 \u00e0 cet objectif\", d\u00e9clare Thomas Stocker, directeur g\u00e9n\u00e9ral du Bildungszentrum Bau AG. Dans le cadre de son propre dipl\u00f4me de MAS, il a trait\u00e9 de la mise en \u0153uvre pratique de ce mod\u00e8le dans sa th\u00e8se finale (voir l'interview). Aujourd'hui, le campus de Sursee est \"excellent\" dans divers domaines : un taux de rotation du personnel - selon les termes de Thomas Stocker - presque \"suspectement bas\" en raison de la grande satisfaction des employ\u00e9s ou des normes les plus \u00e9lev\u00e9es en mati\u00e8re d'\u00e9cologie ne sont que quelques exemples. L'Office f\u00e9d\u00e9ral de l'\u00e9nergie (OFEN) a r\u00e9cemment d\u00e9cern\u00e9 au campus de Sursee le certificat \"Site 2000 watts\". Cette certification est \u00e9galement le r\u00e9sultat d'un objectif qui a \u00e9t\u00e9 \u00e0 la base de tous les plans d'expansion et de r\u00e9novation : l'am\u00e9lioration continue et durable.<\/p>\n<p><strong>En conversation : Thomas Stocker, directeur g\u00e9n\u00e9ral du Bildungszentrum Bau AG<\/strong><br \/>\n<em><strong>M. Stocker, que signifie pour vous le terme \"excellence\" ?<\/strong><\/em><br \/>\nPour moi, l'excellence signifie d\u00e9passer les attentes du client. En outre, il s'agit aussi de pouvoir d\u00e9velopper la libert\u00e9 d'entreprendre par l'excellence.<\/p>\n<p>&nbsp;<\/p>\n<p><em><strong>Le Campus Sursee travaille selon le mod\u00e8le EFQM depuis 2015. En 2017, vous avez d\u00e9j\u00e0 atteint le niveau R4E**** et vous \u00eates maintenant nomin\u00e9 pour le prix. Vous \u00eates donc assez \"sportif\" sur la route.<\/strong><\/em><br \/>\nLa question est toujours de savoir par o\u00f9 commencer. En 2015, nous avons proc\u00e9d\u00e9 \u00e0 une premi\u00e8re \u00e9valuation de la maturit\u00e9 et avons constat\u00e9 que nous \u00e9tions d\u00e9j\u00e0 \u00e0 un niveau \u00e9lev\u00e9 : Nous sommes d\u00e9j\u00e0 \u00e0 un niveau \u00e9lev\u00e9. C'est pourquoi il \u00e9tait logique de faire de ce prix un objectif. Mais je voudrais que ce soit clair : Nous ne recherchons pas l'excellence pour le bien du mod\u00e8le, mais pour le d\u00e9veloppement durable de l'entreprise.<\/p>\n<p>&nbsp;<\/p>\n<p><em><strong>Quels d\u00e9fis avez-vous pu surmonter \"mieux\" gr\u00e2ce au mod\u00e8le ?<\/strong><\/em><br \/>\nCe mod\u00e8le facilite l'engagement \u00e0 l'am\u00e9lioration continue. Mais le plus grand obstacle pour nous aussi \u00e9tait : comment faire comprendre cela \u00e0 tous les employ\u00e9s ? En tout cas, nous avons r\u00e9ussi \u00e0 amener les employ\u00e9s \u00e0 penser par eux-m\u00eames. Tout le monde a pu s'impliquer. Les rapports sur notre auto-\u00e9valuation nous ont \u00e9galement soutenus dans cette d\u00e9marche.<\/p>\n<p>&nbsp;<\/p>\n<p><em><strong>N\u00e9anmoins, le mod\u00e8le EFQM a toujours la r\u00e9putation d'\u00eatre trop complexe pour beaucoup de gens.<\/strong><\/em><br \/>\nBien s\u00fbr, les bases du mod\u00e8le sont \u00e9crites dans un langage qui est difficilement compr\u00e9hensible pour les employ\u00e9s \"ordinaires\". Ma premi\u00e8re exp\u00e9rience a \u00e9galement montr\u00e9 que le cercle PDCA, par exemple, a mis du temps \u00e0 \u00eatre mis en \u0153uvre de mani\u00e8re coh\u00e9rente, m\u00eame au niveau de la gestion.<\/p>\n<p>&nbsp;<\/p>\n<p><em><strong>Et aujourd'hui, le mod\u00e8le facilite la recertification des normes ISO ?<\/strong><\/em><br \/>\nC'est effectivement le cas. Il ne faut pas oublier que les normes ISO sont une mati\u00e8re relativement statique ; elles d\u00e9finissent ce qui doit \u00eatre rempli. Mais je ne vois pas l'ISO et l'EFQM comme deux syst\u00e8mes concurrents, car - utilis\u00e9s correctement - ils s'imbriquent.<\/p>\n<p>&nbsp;<\/p>\n<p><em><strong>Dans quelle mesure consid\u00e9rez-vous le mod\u00e8le EFQM comme un bon moyen de rester comp\u00e9titif dans votre secteur ?<\/strong><\/em><br \/>\nJ'en suis convaincu. Je vois le campus de Sursee comme un phare dans notre industrie. Elle montre que des travaux durables sont \u00e9galement r\u00e9alis\u00e9s dans le secteur de la construction. De nombreuses entreprises du secteur de la construction sont certifi\u00e9es ISO. Il serait logique d'int\u00e9grer davantage le mod\u00e8le dans la formation des sp\u00e9cialistes de la construction. L'Association des ma\u00eetres constructeurs a d\u00e9j\u00e0 commenc\u00e9 \u00e0 y r\u00e9fl\u00e9chir. Personnellement, je peux recommander \u00e0 chaque entreprise d'introduire le mod\u00e8le EFQM. En attendant, il existe de nombreuses bonnes formations pour obtenir les outils n\u00e9cessaires. Mais cela reste important : Il est essentiel d'impliquer les employ\u00e9s !<\/p>","protected":false},"excerpt":{"rendered":"<p>Wer in der Baubranche heute eine h\u00f6here Be- rufsausbildung absolviert, dem d\u00fcrfte \u00abCam- pus Sursee\u00bb ein Begriff sein. J\u00e4hrlich absolvie- ren 15 000 Teilnehmende eine Weiterbildung am Bildungszentrum Bau. Aber auch andere Organisatoren von Tagungen, Kursen, Semi- naren usw. finden eine Topinfrastruktur am Campus Sursee Seminarzentrum. Besitzerin der Bildungszentrum Bau AG und der Semi- narzentrum [&hellip;]<\/p>\n","protected":false},"author":62,"featured_media":9873,"comment_status":"closed","ping_status":"closed","sticky":false,"template":"","format":"standard","meta":{"_acf_changed":false,"footnotes":""},"categories":[4448],"tags":[4732],"class_list":["post-9872","post","type-post","status-publish","format-standard","has-post-thumbnail","hentry","category-allgemein","tag-06-2019"],"acf":[],"yoast_head":"<!-- This site is optimized with the Yoast SEO plugin v26.2 - https:\/\/yoast.com\/wordpress\/plugins\/seo\/ -->\n<title>\u00abEin Leuchtturm in der Branche\u00bb - MQ Management und Qualit\u00e4t<\/title>\n<meta name=\"description\" content=\"Vom Masterplan zu gelebter Business Excellence: So l\u00e4sst sich der Weg umschreiben, den der Campus Sursee seit 2015 mit dem EFQM-Modell gegangen ist.\" \/>\n<meta name=\"robots\" content=\"index, follow, max-snippet:-1, max-image-preview:large, max-video-preview:-1\" \/>\n<link rel=\"canonical\" href=\"https:\/\/www.m-q.ch\/fr\/un-phare-dans-le-secteur\/\" \/>\n<meta property=\"og:locale\" content=\"fr_FR\" \/>\n<meta property=\"og:type\" content=\"article\" \/>\n<meta property=\"og:title\" content=\"\u00abEin Leuchtturm in der Branche\u00bb - MQ Management und Qualit\u00e4t\" \/>\n<meta property=\"og:description\" content=\"Vom Masterplan zu gelebter Business Excellence: So l\u00e4sst sich der Weg umschreiben, den der Campus Sursee seit 2015 mit dem EFQM-Modell gegangen ist.\" \/>\n<meta property=\"og:url\" content=\"https:\/\/www.m-q.ch\/fr\/un-phare-dans-le-secteur\/\" \/>\n<meta property=\"og:site_name\" content=\"MQ Management und Qualit\u00e4t\" \/>\n<meta property=\"article:publisher\" content=\"https:\/\/www.facebook.com\/ManagementUndQualitaet\" \/>\n<meta property=\"article:published_time\" content=\"2019-06-05T10:27:01+00:00\" \/>\n<meta property=\"article:modified_time\" content=\"2021-02-08T15:35:05+00:00\" \/>\n<meta property=\"og:image\" content=\"https:\/\/www.m-q.ch\/wp-content\/uploads\/2021\/02\/Ein-Leuchtturm-in-der-Branche.jpg\" \/>\n\t<meta property=\"og:image:width\" content=\"800\" \/>\n\t<meta property=\"og:image:height\" content=\"445\" \/>\n\t<meta property=\"og:image:type\" content=\"image\/jpeg\" \/>\n<meta name=\"author\" content=\"upwork_2\" \/>\n<meta name=\"twitter:card\" content=\"summary_large_image\" \/>\n<meta name=\"twitter:label1\" content=\"\u00c9crit par\" \/>\n\t<meta name=\"twitter:data1\" content=\"upwork_2\" \/>\n\t<meta name=\"twitter:label2\" content=\"Dur\u00e9e de lecture estim\u00e9e\" \/>\n\t<meta name=\"twitter:data2\" content=\"4 minutes\" \/>\n<script type=\"application\/ld+json\" class=\"yoast-schema-graph\">{\"@context\":\"https:\/\/schema.org\",\"@graph\":[{\"@type\":\"Article\",\"@id\":\"https:\/\/www.m-q.ch\/ein-leuchtturm-in-der-branche\/#article\",\"isPartOf\":{\"@id\":\"https:\/\/www.m-q.ch\/ein-leuchtturm-in-der-branche\/\"},\"author\":{\"name\":\"upwork_2\",\"@id\":\"https:\/\/www.m-q.ch\/fr\/#\/schema\/person\/71f647a41e4a3e361e6230f5134f3ba9\"},\"headline\":\"\u00abEin Leuchtturm in der Branche\u00bb\",\"datePublished\":\"2019-06-05T10:27:01+00:00\",\"dateModified\":\"2021-02-08T15:35:05+00:00\",\"mainEntityOfPage\":{\"@id\":\"https:\/\/www.m-q.ch\/ein-leuchtturm-in-der-branche\/\"},\"wordCount\":823,\"publisher\":{\"@id\":\"https:\/\/www.m-q.ch\/fr\/#organization\"},\"image\":{\"@id\":\"https:\/\/www.m-q.ch\/ein-leuchtturm-in-der-branche\/#primaryimage\"},\"thumbnailUrl\":\"https:\/\/www.m-q.ch\/wp-content\/uploads\/2021\/02\/Ein-Leuchtturm-in-der-Branche.jpg\",\"keywords\":[\"06\/2019\"],\"articleSection\":[\"Allgemein\"],\"inLanguage\":\"fr-FR\"},{\"@type\":\"WebPage\",\"@id\":\"https:\/\/www.m-q.ch\/ein-leuchtturm-in-der-branche\/\",\"url\":\"https:\/\/www.m-q.ch\/ein-leuchtturm-in-der-branche\/\",\"name\":\"\u00abEin Leuchtturm in der Branche\u00bb - MQ Management und Qualit\u00e4t\",\"isPartOf\":{\"@id\":\"https:\/\/www.m-q.ch\/fr\/#website\"},\"primaryImageOfPage\":{\"@id\":\"https:\/\/www.m-q.ch\/ein-leuchtturm-in-der-branche\/#primaryimage\"},\"image\":{\"@id\":\"https:\/\/www.m-q.ch\/ein-leuchtturm-in-der-branche\/#primaryimage\"},\"thumbnailUrl\":\"https:\/\/www.m-q.ch\/wp-content\/uploads\/2021\/02\/Ein-Leuchtturm-in-der-Branche.jpg\",\"datePublished\":\"2019-06-05T10:27:01+00:00\",\"dateModified\":\"2021-02-08T15:35:05+00:00\",\"description\":\"Vom Masterplan zu gelebter Business Excellence: So l\u00e4sst sich der Weg umschreiben, den der Campus Sursee seit 2015 mit dem EFQM-Modell gegangen ist.\",\"breadcrumb\":{\"@id\":\"https:\/\/www.m-q.ch\/ein-leuchtturm-in-der-branche\/#breadcrumb\"},\"inLanguage\":\"fr-FR\",\"potentialAction\":[{\"@type\":\"ReadAction\",\"target\":[\"https:\/\/www.m-q.ch\/ein-leuchtturm-in-der-branche\/\"]}]},{\"@type\":\"ImageObject\",\"inLanguage\":\"fr-FR\",\"@id\":\"https:\/\/www.m-q.ch\/ein-leuchtturm-in-der-branche\/#primaryimage\",\"url\":\"https:\/\/www.m-q.ch\/wp-content\/uploads\/2021\/02\/Ein-Leuchtturm-in-der-Branche.jpg\",\"contentUrl\":\"https:\/\/www.m-q.ch\/wp-content\/uploads\/2021\/02\/Ein-Leuchtturm-in-der-Branche.jpg\",\"width\":800,\"height\":445,\"caption\":\"\u00abEin Leuchtturm in der Branche\u00bb\"},{\"@type\":\"BreadcrumbList\",\"@id\":\"https:\/\/www.m-q.ch\/ein-leuchtturm-in-der-branche\/#breadcrumb\",\"itemListElement\":[{\"@type\":\"ListItem\",\"position\":1,\"name\":\"Allgemein\",\"item\":\"https:\/\/www.m-q.ch\/kategorie\/allgemein\/\"},{\"@type\":\"ListItem\",\"position\":2,\"name\":\"\u00abEin Leuchtturm in der Branche\u00bb\"}]},{\"@type\":\"WebSite\",\"@id\":\"https:\/\/www.m-q.ch\/fr\/#website\",\"url\":\"https:\/\/www.m-q.ch\/fr\/\",\"name\":\"MQ Management und Qualit\u00e4t\",\"description\":\"Plattform f\u00fcr integrierte Managementsysteme.\",\"publisher\":{\"@id\":\"https:\/\/www.m-q.ch\/fr\/#organization\"},\"potentialAction\":[{\"@type\":\"SearchAction\",\"target\":{\"@type\":\"EntryPoint\",\"urlTemplate\":\"https:\/\/www.m-q.ch\/fr\/?s={search_term_string}\"},\"query-input\":{\"@type\":\"PropertyValueSpecification\",\"valueRequired\":true,\"valueName\":\"search_term_string\"}}],\"inLanguage\":\"fr-FR\"},{\"@type\":\"Organization\",\"@id\":\"https:\/\/www.m-q.ch\/fr\/#organization\",\"name\":\"Galledia Fachmedien AG\",\"url\":\"https:\/\/www.m-q.ch\/fr\/\",\"logo\":{\"@type\":\"ImageObject\",\"inLanguage\":\"fr-FR\",\"@id\":\"https:\/\/www.m-q.ch\/fr\/#\/schema\/logo\/image\/\",\"url\":\"https:\/\/www.m-q.ch\/wp-content\/uploads\/2020\/12\/cropped-logo_small.png\",\"contentUrl\":\"https:\/\/www.m-q.ch\/wp-content\/uploads\/2020\/12\/cropped-logo_small.png\",\"width\":512,\"height\":512,\"caption\":\"Galledia Fachmedien AG\"},\"image\":{\"@id\":\"https:\/\/www.m-q.ch\/fr\/#\/schema\/logo\/image\/\"},\"sameAs\":[\"https:\/\/www.facebook.com\/ManagementUndQualitaet\",\"https:\/\/www.linkedin.com\/showcase\/17982321\/admin\/\"]},{\"@type\":\"Person\",\"@id\":\"https:\/\/www.m-q.ch\/fr\/#\/schema\/person\/71f647a41e4a3e361e6230f5134f3ba9\",\"name\":\"upwork_2\",\"image\":{\"@type\":\"ImageObject\",\"inLanguage\":\"fr-FR\",\"@id\":\"https:\/\/www.m-q.ch\/fr\/#\/schema\/person\/image\/\",\"url\":\"https:\/\/secure.gravatar.com\/avatar\/777b90ab56092bbf3c85feacda5c1bce?s=96&d=mm&r=g\",\"contentUrl\":\"https:\/\/secure.gravatar.com\/avatar\/777b90ab56092bbf3c85feacda5c1bce?s=96&d=mm&r=g\",\"caption\":\"upwork_2\"},\"url\":\"https:\/\/www.m-q.ch\/fr\/author\/upwork_2\/\"}]}<\/script>\n<!-- \/ Yoast SEO plugin. -->","yoast_head_json":{"title":"\"Un phare dans l'industrie\" - MQ Management et qualit\u00e9","description":"Du plan directeur \u00e0 l'excellence commerciale vivante : c'est ainsi que le Campus de Sursee d\u00e9crit le chemin parcouru avec le mod\u00e8le EFQM depuis 2015.","robots":{"index":"index","follow":"follow","max-snippet":"max-snippet:-1","max-image-preview":"max-image-preview:large","max-video-preview":"max-video-preview:-1"},"canonical":"https:\/\/www.m-q.ch\/fr\/un-phare-dans-le-secteur\/","og_locale":"fr_FR","og_type":"article","og_title":"\u00abEin Leuchtturm in der Branche\u00bb - MQ Management und Qualit\u00e4t","og_description":"Vom Masterplan zu gelebter Business Excellence: So l\u00e4sst sich der Weg umschreiben, den der Campus Sursee seit 2015 mit dem EFQM-Modell gegangen ist.","og_url":"https:\/\/www.m-q.ch\/fr\/un-phare-dans-le-secteur\/","og_site_name":"MQ Management und Qualit\u00e4t","article_publisher":"https:\/\/www.facebook.com\/ManagementUndQualitaet","article_published_time":"2019-06-05T10:27:01+00:00","article_modified_time":"2021-02-08T15:35:05+00:00","og_image":[{"width":800,"height":445,"url":"https:\/\/www.m-q.ch\/wp-content\/uploads\/2021\/02\/Ein-Leuchtturm-in-der-Branche.jpg","type":"image\/jpeg"}],"author":"upwork_2","twitter_card":"summary_large_image","twitter_misc":{"\u00c9crit par":"upwork_2","Dur\u00e9e de lecture estim\u00e9e":"4 minutes"},"schema":{"@context":"https:\/\/schema.org","@graph":[{"@type":"Article","@id":"https:\/\/www.m-q.ch\/ein-leuchtturm-in-der-branche\/#article","isPartOf":{"@id":"https:\/\/www.m-q.ch\/ein-leuchtturm-in-der-branche\/"},"author":{"name":"upwork_2","@id":"https:\/\/www.m-q.ch\/fr\/#\/schema\/person\/71f647a41e4a3e361e6230f5134f3ba9"},"headline":"\u00abEin Leuchtturm in der Branche\u00bb","datePublished":"2019-06-05T10:27:01+00:00","dateModified":"2021-02-08T15:35:05+00:00","mainEntityOfPage":{"@id":"https:\/\/www.m-q.ch\/ein-leuchtturm-in-der-branche\/"},"wordCount":823,"publisher":{"@id":"https:\/\/www.m-q.ch\/fr\/#organization"},"image":{"@id":"https:\/\/www.m-q.ch\/ein-leuchtturm-in-der-branche\/#primaryimage"},"thumbnailUrl":"https:\/\/www.m-q.ch\/wp-content\/uploads\/2021\/02\/Ein-Leuchtturm-in-der-Branche.jpg","keywords":["06\/2019"],"articleSection":["Allgemein"],"inLanguage":"fr-FR"},{"@type":"WebPage","@id":"https:\/\/www.m-q.ch\/ein-leuchtturm-in-der-branche\/","url":"https:\/\/www.m-q.ch\/ein-leuchtturm-in-der-branche\/","name":"\"Un phare dans l'industrie\" - MQ Management et qualit\u00e9","isPartOf":{"@id":"https:\/\/www.m-q.ch\/fr\/#website"},"primaryImageOfPage":{"@id":"https:\/\/www.m-q.ch\/ein-leuchtturm-in-der-branche\/#primaryimage"},"image":{"@id":"https:\/\/www.m-q.ch\/ein-leuchtturm-in-der-branche\/#primaryimage"},"thumbnailUrl":"https:\/\/www.m-q.ch\/wp-content\/uploads\/2021\/02\/Ein-Leuchtturm-in-der-Branche.jpg","datePublished":"2019-06-05T10:27:01+00:00","dateModified":"2021-02-08T15:35:05+00:00","description":"Du plan directeur \u00e0 l'excellence commerciale vivante : c'est ainsi que le Campus de Sursee d\u00e9crit le chemin parcouru avec le mod\u00e8le EFQM depuis 2015.","breadcrumb":{"@id":"https:\/\/www.m-q.ch\/ein-leuchtturm-in-der-branche\/#breadcrumb"},"inLanguage":"fr-FR","potentialAction":[{"@type":"ReadAction","target":["https:\/\/www.m-q.ch\/ein-leuchtturm-in-der-branche\/"]}]},{"@type":"ImageObject","inLanguage":"fr-FR","@id":"https:\/\/www.m-q.ch\/ein-leuchtturm-in-der-branche\/#primaryimage","url":"https:\/\/www.m-q.ch\/wp-content\/uploads\/2021\/02\/Ein-Leuchtturm-in-der-Branche.jpg","contentUrl":"https:\/\/www.m-q.ch\/wp-content\/uploads\/2021\/02\/Ein-Leuchtturm-in-der-Branche.jpg","width":800,"height":445,"caption":"\u00abEin Leuchtturm in der Branche\u00bb"},{"@type":"BreadcrumbList","@id":"https:\/\/www.m-q.ch\/ein-leuchtturm-in-der-branche\/#breadcrumb","itemListElement":[{"@type":"ListItem","position":1,"name":"Allgemein","item":"https:\/\/www.m-q.ch\/kategorie\/allgemein\/"},{"@type":"ListItem","position":2,"name":"\u00abEin Leuchtturm in der Branche\u00bb"}]},{"@type":"WebSite","@id":"https:\/\/www.m-q.ch\/fr\/#website","url":"https:\/\/www.m-q.ch\/fr\/","name":"Gestion et qualit\u00e9 du QM","description":"Plate-forme pour les syst\u00e8mes de gestion int\u00e9gr\u00e9e.","publisher":{"@id":"https:\/\/www.m-q.ch\/fr\/#organization"},"potentialAction":[{"@type":"SearchAction","target":{"@type":"EntryPoint","urlTemplate":"https:\/\/www.m-q.ch\/fr\/?s={search_term_string}"},"query-input":{"@type":"PropertyValueSpecification","valueRequired":true,"valueName":"search_term_string"}}],"inLanguage":"fr-FR"},{"@type":"Organization","@id":"https:\/\/www.m-q.ch\/fr\/#organization","name":"Galledia Trade Media AG","url":"https:\/\/www.m-q.ch\/fr\/","logo":{"@type":"ImageObject","inLanguage":"fr-FR","@id":"https:\/\/www.m-q.ch\/fr\/#\/schema\/logo\/image\/","url":"https:\/\/www.m-q.ch\/wp-content\/uploads\/2020\/12\/cropped-logo_small.png","contentUrl":"https:\/\/www.m-q.ch\/wp-content\/uploads\/2020\/12\/cropped-logo_small.png","width":512,"height":512,"caption":"Galledia Fachmedien AG"},"image":{"@id":"https:\/\/www.m-q.ch\/fr\/#\/schema\/logo\/image\/"},"sameAs":["https:\/\/www.facebook.com\/ManagementUndQualitaet","https:\/\/www.linkedin.com\/showcase\/17982321\/admin\/"]},{"@type":"Person","@id":"https:\/\/www.m-q.ch\/fr\/#\/schema\/person\/71f647a41e4a3e361e6230f5134f3ba9","name":"upwork_2","image":{"@type":"ImageObject","inLanguage":"fr-FR","@id":"https:\/\/www.m-q.ch\/fr\/#\/schema\/person\/image\/","url":"https:\/\/secure.gravatar.com\/avatar\/777b90ab56092bbf3c85feacda5c1bce?s=96&d=mm&r=g","contentUrl":"https:\/\/secure.gravatar.com\/avatar\/777b90ab56092bbf3c85feacda5c1bce?s=96&d=mm&r=g","caption":"upwork_2"},"url":"https:\/\/www.m-q.ch\/fr\/author\/upwork_2\/"}]}},"_links":{"self":[{"href":"https:\/\/www.m-q.ch\/fr\/wp-json\/wp\/v2\/posts\/9872","targetHints":{"allow":["GET"]}}],"collection":[{"href":"https:\/\/www.m-q.ch\/fr\/wp-json\/wp\/v2\/posts"}],"about":[{"href":"https:\/\/www.m-q.ch\/fr\/wp-json\/wp\/v2\/types\/post"}],"author":[{"embeddable":true,"href":"https:\/\/www.m-q.ch\/fr\/wp-json\/wp\/v2\/users\/62"}],"replies":[{"embeddable":true,"href":"https:\/\/www.m-q.ch\/fr\/wp-json\/wp\/v2\/comments?post=9872"}],"version-history":[{"count":3,"href":"https:\/\/www.m-q.ch\/fr\/wp-json\/wp\/v2\/posts\/9872\/revisions"}],"predecessor-version":[{"id":9927,"href":"https:\/\/www.m-q.ch\/fr\/wp-json\/wp\/v2\/posts\/9872\/revisions\/9927"}],"wp:featuredmedia":[{"embeddable":true,"href":"https:\/\/www.m-q.ch\/fr\/wp-json\/wp\/v2\/media\/9873"}],"wp:attachment":[{"href":"https:\/\/www.m-q.ch\/fr\/wp-json\/wp\/v2\/media?parent=9872"}],"wp:term":[{"taxonomy":"category","embeddable":true,"href":"https:\/\/www.m-q.ch\/fr\/wp-json\/wp\/v2\/categories?post=9872"},{"taxonomy":"post_tag","embeddable":true,"href":"https:\/\/www.m-q.ch\/fr\/wp-json\/wp\/v2\/tags?post=9872"}],"curies":[{"name":"wp","href":"https:\/\/api.w.org\/{rel}","templated":true}]}}