{"id":9962,"date":"2019-06-27T15:04:27","date_gmt":"2019-06-27T13:04:27","guid":{"rendered":"https:\/\/www.m-q.ch\/?p=9962"},"modified":"2021-02-08T16:36:11","modified_gmt":"2021-02-08T15:36:11","slug":"qs-monde-en-mutation","status":"publish","type":"post","link":"https:\/\/www.m-q.ch\/fr\/qs-welt-im-wandel\/","title":{"rendered":"Le monde de l'AQ en mutation"},"content":{"rendered":"<p><img loading=\"lazy\" decoding=\"async\" class=\"alignnone size-full wp-image-9964\" src=\"https:\/\/www.m-q.ch\/wp-content\/uploads\/2021\/02\/QS-Welt-im-Wandel.jpg\" alt=\"Le monde de l&#039;AQ en mutation\" width=\"800\" height=\"579\" srcset=\"https:\/\/www.m-q.ch\/wp-content\/uploads\/2021\/02\/QS-Welt-im-Wandel.jpg 800w, https:\/\/www.m-q.ch\/wp-content\/uploads\/2021\/02\/QS-Welt-im-Wandel-768x556.jpg 768w, https:\/\/www.m-q.ch\/wp-content\/uploads\/2021\/02\/QS-Welt-im-Wandel-16x12.jpg 16w, https:\/\/www.m-q.ch\/wp-content\/uploads\/2021\/02\/QS-Welt-im-Wandel-242x175.jpg 242w, https:\/\/www.m-q.ch\/wp-content\/uploads\/2021\/02\/QS-Welt-im-Wandel-484x350.jpg 484w, https:\/\/www.m-q.ch\/wp-content\/uploads\/2021\/02\/QS-Welt-im-Wandel-300x217.jpg 300w\" sizes=\"auto, (max-width: 800px) 100vw, 800px\" \/><\/p>\n<p>L'automatisation croissante et la mise en r\u00e9seau permanente des syst\u00e8mes de production industrielle stimulent le march\u00e9 de l'assurance qualit\u00e9 (AQ), qui est donc en constante \u00e9volution. Cela \u00e9tait clairement visible chez de nombreux exposants.<\/p>\n<p><strong>Tout d'une seule source<\/strong><br \/>\nCes derni\u00e8res ann\u00e9es, plusieurs fabricants d'instruments de mesure ont uni leurs forces et fusionn\u00e9. L'une des raisons est certainement que le client peut commander, utiliser et entretenir diff\u00e9rents appareils de mesure aupr\u00e8s d'une seule source.<\/p>\n<p>&nbsp;<\/p>\n<p>Hexagon Metrology avait d\u00e9j\u00e0 \u00e9largi sa gamme pour inclure la projection de franges avec l'acquisition d'Aicon. Zeiss a \u00e9galement \u00e9largi sa gamme existante de syst\u00e8mes de projection p\u00e9riph\u00e9rique avec l'acquisition du fabricant de projection p\u00e9riph\u00e9rique Steinbichler et, pas plus tard qu'en avril de cette ann\u00e9e, avec le rachat de GOM. La soci\u00e9t\u00e9 Alicona a \u00e9t\u00e9 rachet\u00e9e par Bruker \u00e0 la fin de l'ann\u00e9e derni\u00e8re. Cela a ajout\u00e9 \u00e0 la large gamme de syst\u00e8mes de mesure de Bruker avec la variation de focalisation d'Alicona. Malgr\u00e9 cette tendance, les petites entreprises sp\u00e9cialis\u00e9es semblent \u00e9galement pouvoir survivre sur le march\u00e9. Leur force r\u00e9side souvent dans la solution plus individuelle pour le client final.<\/p>\n<p><strong>Renishaw et Wenzel renforcent leur coop\u00e9ration<\/strong><br \/>\nLors du contr\u00f4le de cette ann\u00e9e, le groupe Wenzel et Renishaw ont convenu d'intensifier leur coop\u00e9ration. Gr\u00e2ce \u00e0 cette coop\u00e9ration, le testeur Equateur de Renishaw, d\u00e9j\u00e0 disponible, pourra \u00e9galement \u00eatre command\u00e9 directement par le c\u00e9l\u00e8bre logiciel de programmation et d'\u00e9valuation Wenzel WM | Quartis. Le testeur \u00c9quateur fait d\u00e9sormais partie du portefeuille de Wenzel. Les donn\u00e9es sur les pi\u00e8ces acquises avec l'\u00e9quateur sont utilis\u00e9es, par exemple, pour actualiser en permanence et automatiquement la correction d'outil sur la machine-outil concern\u00e9e. Gr\u00e2ce aux am\u00e9liorations continues, un processus de production plus stable est possible et, en m\u00eame temps, une documentation compl\u00e8te pour chaque pi\u00e8ce est \u00e9tablie.<\/p>\n<p><strong>De la CAO au plan de mesure et inversement<\/strong><br \/>\nAujourd'hui, les dessins en 2D ou les mod\u00e8les CAO en 3D avec des informations sur la fabrication des produits (PMI) sont g\u00e9n\u00e9ralement utilis\u00e9s dans le d\u00e9veloppement de nouveaux produits. \u00c0 partir de ces donn\u00e9es, des plans de mesure sont d\u00e9finis dans le cadre du contr\u00f4le qualit\u00e9 et les pi\u00e8ces sont inspect\u00e9es. Si des changements sont apport\u00e9s aux plans de mesure au cours de ce processus, il n'y a actuellement aucun moyen de transmettre facilement ces changements au d\u00e9partement du d\u00e9veloppement.<\/p>\n<p>&nbsp;<\/p>\n<p>PolyWorks|PMI+Loop sera une nouvelle interface entre PolyWorks et la plate-forme CAO existante du client. Il fournit des modules compl\u00e9mentaires pour les logiciels de CAO qui comprennent les fonctions suivantes :<\/p>\n<p>&nbsp;<\/p>\n<p>-cr\u00e9er et r\u00e9viser les plans de mesure 3D de PolyWorks dans l'environnement CAO existant<br \/>\n-Importer les plans de mesure modifi\u00e9s dans Poly-Works vers un logiciel de CAO<\/p>\n<p>&nbsp;<\/p>\n<p><strong>Mesurer les flancs \u00e0 plus de 90<\/strong><br \/>\nJusqu'\u00e0 pr\u00e9sent, il n'\u00e9tait pas possible de toucher lat\u00e9ralement les surfaces verticales avec le syst\u00e8me de mesure optique des coordonn\u00e9es \u00b5MM de Bruker Alicona. Au lieu de cela, il a fallu recourir \u00e0 des syst\u00e8mes de mesure tactiles, \u00e0 la tomographie par ordinateur ou \u00e0 des solutions optiques individuelles. La nouvelle version permet d\u00e9sormais \u00e9galement de mesurer les flancs \u00e0 plus de 90\u00b0 et donc de sonder lat\u00e9ralement des composants (par exemple des micro-per\u00e7ages ou des contours). Il n'est pas n\u00e9cessaire de faire tourner l'\u00e9chantillon pendant la mesure.<\/p>\n<p>&nbsp;<\/p>\n<p>Le rapport diam\u00e8tre\/profondeur des trous varie de 1:3 \u00e0 1:10, le diam\u00e8tre mesurable est de 0,1 \u00e0 2 mm. Les diff\u00e9rentes caract\u00e9ristiques sont mesur\u00e9es sur une grande surface avec une densit\u00e9 de points de mesure \u00e9lev\u00e9e, ce qui permet \u00e9galement de mesurer la rugosit\u00e9 conform\u00e9ment aux normes EN ISO 4287\/88 et 25178.<\/p>\n<p><strong>L'intelligence artificielle dans l'assurance qualit\u00e9<\/strong><br \/>\nL'apprentissage machine est un terme g\u00e9n\u00e9rique qui d\u00e9signe l'apprentissage artificiel \u00e0 partir de l'exp\u00e9rience. Nous, les humains, apprenons particuli\u00e8rement vite et en partie inconsciemment par exp\u00e9rience. Par exemple, nous pouvons reconna\u00eetre une tasse de caf\u00e9 m\u00eame si elle a une forme, une taille ou une couleur diff\u00e9rente. L'ordinateur, comme nous, doit d'abord apprendre cela. \u00c0 cette fin, l'ordinateur re\u00e7oit, par exemple, un grand nombre d'images pr\u00e9sentant des d\u00e9fauts de surface (par exemple, une tasse de caf\u00e9).<\/p>\n<p>&nbsp;<\/p>\n<p>rayures) sont pr\u00e9sent\u00e9s. Le syst\u00e8me apprend ainsi que les d\u00e9fauts qui s'\u00e9cartent de ces images repr\u00e9sentent \u00e9galement un d\u00e9faut. Le syst\u00e8me sait donc \u00e0 quoi peut ressembler une \u00e9raflure, m\u00eame s'il ne l'a jamais vue.<\/p>\n<p>&nbsp;<\/p>\n<p>Lors du forum de l'\u00e9v\u00e9nement Fraunhofer IPA, une inspection de surface a \u00e9t\u00e9 utilis\u00e9e pour d\u00e9montrer comment l'apprentissage machine peut \u00eatre utilis\u00e9 dans l'assurance qualit\u00e9. Pour ce faire, les composants ont \u00e9t\u00e9 plac\u00e9s sur un plateau tournant et la surface a \u00e9t\u00e9 enti\u00e8rement captur\u00e9e par une cam\u00e9ra pendant la rotation. L'\u00e9valuation adaptative de l'image qui en r\u00e9sulte est bas\u00e9e sur la capacit\u00e9 de l'homme \u00e0 reconna\u00eetre les irr\u00e9gularit\u00e9s, m\u00eame sur des surfaces peu famili\u00e8res. \u00c0 condition que les d\u00e9fauts n'occupent qu'une petite partie de la surface totale, le logiciel avec ses algorithmes d'auto-apprentissage les per\u00e7oit comme des d\u00e9viations par rapport \u00e0 l'arri\u00e8re-plan.<\/p>\n<p>&nbsp;<\/p>\n<p>Bas\u00e9 sur un processus d'apprentissage non supervis\u00e9, le syst\u00e8me d'inspection optique s'adapte automatiquement aux structures de surface changeantes et permet une inspection \u00e0 100 % dans le cadre d'un processus de fabrication.<\/p>\n<p><strong>Machine de mesure des coordonn\u00e9es \u00e0 bras articul\u00e9 \u00e0 8 axes<\/strong><br \/>\nUne machine de mesure de coordonn\u00e9es \u00e0 bras articul\u00e9 est limit\u00e9e par les articulations individuelles dans les positions possibles par rapport \u00e0 la pi\u00e8ce. Souvent, la machine de mesure des coordonn\u00e9es \u00e0 bras articul\u00e9 doit \u00eatre d\u00e9plac\u00e9e. Cela conduit \u00e0 une incertitude de mesure accrue et signifie une d\u00e9pense de temps suppl\u00e9mentaire.<\/p>\n<p>&nbsp;<\/p>\n<p>Le syst\u00e8me Quantum 8 axes de Fa- ro combine la machine de mesure des coordonn\u00e9es \u00e0 bras articul\u00e9 avec un huiti\u00e8me axe int\u00e9gr\u00e9 fonctionnellement mais physiquement s\u00e9par\u00e9. Cet axe rotatif peut \u00eatre directement reli\u00e9 au Faroarm et devient ainsi un axe suppl\u00e9mentaire int\u00e9gr\u00e9. Cela signifie que toute position autour de la pi\u00e8ce peut \u00eatre atteinte sans avoir \u00e0 d\u00e9placer la machine de mesure.<\/p>\n<p><strong>Technologie de mesure pour l'e-mobilit\u00e9<\/strong><br \/>\nAvec Zeiss eSolutions, Zeiss propose des solutions pour une assurance qualit\u00e9 sans faille de l'ensemble de la cha\u00eene cin\u00e9matique des v\u00e9hicules hybrides, \u00e9lectriques et \u00e0 pile \u00e0 combustible. Zeiss r\u00e9pond ainsi \u00e0 la transformation rapide de l'industrie automobile, qui passe de la mobilit\u00e9 fossile \u00e0 l'\u00e9lectromobilit\u00e9. Cette transformation a \u00e9galement des cons\u00e9quences sur le groupe motopropulseur. Alors qu'auparavant, le moteur \u00e0 combustion, y compris le syst\u00e8me d'\u00e9chappement et les transmissions tr\u00e8s complexes jusqu'\u00e0 neuf \u00e9tages assuraient la propulsion, celle-ci sera \u00e0 l'avenir assur\u00e9e par la batterie, l'\u00e9lectronique de puissance, le moteur \u00e9lectrique et une transmission \u00e0 un seul \u00e9tage.<\/p>\n<p>&nbsp;<\/p>\n<p>Par rapport aux moteurs \u00e0 combustion, les moteurs \u00e9lectriques sont compacts et l\u00e9gers. Cependant, ils combinent des vitesses de rotation \u00e9lev\u00e9es et des couples \u00e9normes, m\u00eame \u00e0 l'arr\u00eat. Avec ces moteurs, tous les composants doivent s'engrener avec pr\u00e9cision afin de combiner autant de puissance que possible avec une faible usure. Cela signifie que les co\u00fbts de maintenance peuvent \u00eatre maintenus \u00e0 un niveau tr\u00e8s bas.<\/p>\n<p>&nbsp;<\/p>\n<p>Zeiss eSolutions comprend ces quatre composants de base - batterie et \u00e9lectronique de puissance ainsi que moteur \u00e9lectrique et transmission. \"Nous sommes le seul fournisseur de gamme compl\u00e8te qui couvre l'assurance qualit\u00e9 pour l'ensemble du groupe motopropulseur d'un v\u00e9hicule \u00e9lectrique\", assure le Dr Robert Zarnetta, responsable des applications industrielles.<\/p>","protected":false},"excerpt":{"rendered":"<p>Die zunehmende Automatisierung und durchg\u00e4ngige Vernetzung industrieller Pro- duktionssysteme treibt den Markt der Quali- t\u00e4tssicherung (QS), der dadurch einem fort- laufenden Wandel unterliegt. Dies war bei vielen Ausstellern deutlich sichtbar. Alles aus einer Hand In den letzten Jahren haben mehrere Messge- r\u00e4te-Hersteller ihre Kr\u00e4fte vereint und sich zusammengeschlossen. Einer der Gr\u00fcnde ist sicherlich, dass der [&hellip;]<\/p>\n","protected":false},"author":62,"featured_media":9964,"comment_status":"closed","ping_status":"closed","sticky":false,"template":"","format":"standard","meta":{"_acf_changed":false,"footnotes":""},"categories":[4448],"tags":[4732],"class_list":["post-9962","post","type-post","status-publish","format-standard","has-post-thumbnail","hentry","category-allgemein","tag-06-2019"],"acf":[],"yoast_head":"<!-- This site is optimized with the Yoast SEO plugin v26.2 - https:\/\/yoast.com\/wordpress\/plugins\/seo\/ -->\n<title>QS-Welt im Wandel - MQ Management und Qualit\u00e4t<\/title>\n<meta name=\"description\" content=\"Vom 7. bis 10. Mai 2019 stand die Messe Stuttgart ganz im Zeichen der Qualit\u00e4ts- sicherung. Mit 871 Ausstellern aus 33 L\u00e4ndern und \u00fcber 27 000 Besuchern war die Messe wiederum ein Erfolg.\" \/>\n<meta name=\"robots\" content=\"index, follow, max-snippet:-1, max-image-preview:large, max-video-preview:-1\" \/>\n<link rel=\"canonical\" href=\"https:\/\/www.m-q.ch\/fr\/qs-monde-en-mutation\/\" \/>\n<meta property=\"og:locale\" content=\"fr_FR\" \/>\n<meta property=\"og:type\" content=\"article\" \/>\n<meta property=\"og:title\" content=\"QS-Welt im Wandel - MQ Management und Qualit\u00e4t\" \/>\n<meta property=\"og:description\" content=\"Vom 7. bis 10. Mai 2019 stand die Messe Stuttgart ganz im Zeichen der Qualit\u00e4ts- sicherung. Mit 871 Ausstellern aus 33 L\u00e4ndern und \u00fcber 27 000 Besuchern war die Messe wiederum ein Erfolg.\" \/>\n<meta property=\"og:url\" content=\"https:\/\/www.m-q.ch\/fr\/qs-monde-en-mutation\/\" \/>\n<meta property=\"og:site_name\" content=\"MQ Management und Qualit\u00e4t\" \/>\n<meta property=\"article:publisher\" content=\"https:\/\/www.facebook.com\/ManagementUndQualitaet\" \/>\n<meta property=\"article:published_time\" content=\"2019-06-27T13:04:27+00:00\" \/>\n<meta property=\"article:modified_time\" content=\"2021-02-08T15:36:11+00:00\" \/>\n<meta property=\"og:image\" content=\"https:\/\/www.m-q.ch\/wp-content\/uploads\/2021\/02\/QS-Welt-im-Wandel.jpg\" \/>\n\t<meta property=\"og:image:width\" content=\"800\" \/>\n\t<meta property=\"og:image:height\" content=\"579\" \/>\n\t<meta property=\"og:image:type\" content=\"image\/jpeg\" \/>\n<meta name=\"author\" content=\"upwork_2\" \/>\n<meta name=\"twitter:card\" content=\"summary_large_image\" \/>\n<meta name=\"twitter:label1\" content=\"\u00c9crit par\" \/>\n\t<meta name=\"twitter:data1\" content=\"upwork_2\" \/>\n\t<meta name=\"twitter:label2\" content=\"Dur\u00e9e de lecture estim\u00e9e\" \/>\n\t<meta name=\"twitter:data2\" content=\"5 minutes\" \/>\n<script type=\"application\/ld+json\" class=\"yoast-schema-graph\">{\"@context\":\"https:\/\/schema.org\",\"@graph\":[{\"@type\":\"Article\",\"@id\":\"https:\/\/www.m-q.ch\/qs-welt-im-wandel\/#article\",\"isPartOf\":{\"@id\":\"https:\/\/www.m-q.ch\/qs-welt-im-wandel\/\"},\"author\":{\"name\":\"upwork_2\",\"@id\":\"https:\/\/www.m-q.ch\/fr\/#\/schema\/person\/71f647a41e4a3e361e6230f5134f3ba9\"},\"headline\":\"QS-Welt im Wandel\",\"datePublished\":\"2019-06-27T13:04:27+00:00\",\"dateModified\":\"2021-02-08T15:36:11+00:00\",\"mainEntityOfPage\":{\"@id\":\"https:\/\/www.m-q.ch\/qs-welt-im-wandel\/\"},\"wordCount\":1081,\"publisher\":{\"@id\":\"https:\/\/www.m-q.ch\/fr\/#organization\"},\"image\":{\"@id\":\"https:\/\/www.m-q.ch\/qs-welt-im-wandel\/#primaryimage\"},\"thumbnailUrl\":\"https:\/\/www.m-q.ch\/wp-content\/uploads\/2021\/02\/QS-Welt-im-Wandel.jpg\",\"keywords\":[\"06\/2019\"],\"articleSection\":[\"Allgemein\"],\"inLanguage\":\"fr-FR\"},{\"@type\":\"WebPage\",\"@id\":\"https:\/\/www.m-q.ch\/qs-welt-im-wandel\/\",\"url\":\"https:\/\/www.m-q.ch\/qs-welt-im-wandel\/\",\"name\":\"QS-Welt im Wandel - MQ Management und Qualit\u00e4t\",\"isPartOf\":{\"@id\":\"https:\/\/www.m-q.ch\/fr\/#website\"},\"primaryImageOfPage\":{\"@id\":\"https:\/\/www.m-q.ch\/qs-welt-im-wandel\/#primaryimage\"},\"image\":{\"@id\":\"https:\/\/www.m-q.ch\/qs-welt-im-wandel\/#primaryimage\"},\"thumbnailUrl\":\"https:\/\/www.m-q.ch\/wp-content\/uploads\/2021\/02\/QS-Welt-im-Wandel.jpg\",\"datePublished\":\"2019-06-27T13:04:27+00:00\",\"dateModified\":\"2021-02-08T15:36:11+00:00\",\"description\":\"Vom 7. bis 10. Mai 2019 stand die Messe Stuttgart ganz im Zeichen der Qualit\u00e4ts- sicherung. Mit 871 Ausstellern aus 33 L\u00e4ndern und \u00fcber 27 000 Besuchern war die Messe wiederum ein Erfolg.\",\"breadcrumb\":{\"@id\":\"https:\/\/www.m-q.ch\/qs-welt-im-wandel\/#breadcrumb\"},\"inLanguage\":\"fr-FR\",\"potentialAction\":[{\"@type\":\"ReadAction\",\"target\":[\"https:\/\/www.m-q.ch\/qs-welt-im-wandel\/\"]}]},{\"@type\":\"ImageObject\",\"inLanguage\":\"fr-FR\",\"@id\":\"https:\/\/www.m-q.ch\/qs-welt-im-wandel\/#primaryimage\",\"url\":\"https:\/\/www.m-q.ch\/wp-content\/uploads\/2021\/02\/QS-Welt-im-Wandel.jpg\",\"contentUrl\":\"https:\/\/www.m-q.ch\/wp-content\/uploads\/2021\/02\/QS-Welt-im-Wandel.jpg\",\"width\":800,\"height\":579,\"caption\":\"QS-Welt im Wandel\"},{\"@type\":\"BreadcrumbList\",\"@id\":\"https:\/\/www.m-q.ch\/qs-welt-im-wandel\/#breadcrumb\",\"itemListElement\":[{\"@type\":\"ListItem\",\"position\":1,\"name\":\"Allgemein\",\"item\":\"https:\/\/www.m-q.ch\/kategorie\/allgemein\/\"},{\"@type\":\"ListItem\",\"position\":2,\"name\":\"QS-Welt im Wandel\"}]},{\"@type\":\"WebSite\",\"@id\":\"https:\/\/www.m-q.ch\/fr\/#website\",\"url\":\"https:\/\/www.m-q.ch\/fr\/\",\"name\":\"MQ Management und Qualit\u00e4t\",\"description\":\"Plattform f\u00fcr integrierte Managementsysteme.\",\"publisher\":{\"@id\":\"https:\/\/www.m-q.ch\/fr\/#organization\"},\"potentialAction\":[{\"@type\":\"SearchAction\",\"target\":{\"@type\":\"EntryPoint\",\"urlTemplate\":\"https:\/\/www.m-q.ch\/fr\/?s={search_term_string}\"},\"query-input\":{\"@type\":\"PropertyValueSpecification\",\"valueRequired\":true,\"valueName\":\"search_term_string\"}}],\"inLanguage\":\"fr-FR\"},{\"@type\":\"Organization\",\"@id\":\"https:\/\/www.m-q.ch\/fr\/#organization\",\"name\":\"Galledia Fachmedien AG\",\"url\":\"https:\/\/www.m-q.ch\/fr\/\",\"logo\":{\"@type\":\"ImageObject\",\"inLanguage\":\"fr-FR\",\"@id\":\"https:\/\/www.m-q.ch\/fr\/#\/schema\/logo\/image\/\",\"url\":\"https:\/\/www.m-q.ch\/wp-content\/uploads\/2020\/12\/cropped-logo_small.png\",\"contentUrl\":\"https:\/\/www.m-q.ch\/wp-content\/uploads\/2020\/12\/cropped-logo_small.png\",\"width\":512,\"height\":512,\"caption\":\"Galledia Fachmedien AG\"},\"image\":{\"@id\":\"https:\/\/www.m-q.ch\/fr\/#\/schema\/logo\/image\/\"},\"sameAs\":[\"https:\/\/www.facebook.com\/ManagementUndQualitaet\",\"https:\/\/www.linkedin.com\/showcase\/17982321\/admin\/\"]},{\"@type\":\"Person\",\"@id\":\"https:\/\/www.m-q.ch\/fr\/#\/schema\/person\/71f647a41e4a3e361e6230f5134f3ba9\",\"name\":\"upwork_2\",\"image\":{\"@type\":\"ImageObject\",\"inLanguage\":\"fr-FR\",\"@id\":\"https:\/\/www.m-q.ch\/fr\/#\/schema\/person\/image\/\",\"url\":\"https:\/\/secure.gravatar.com\/avatar\/777b90ab56092bbf3c85feacda5c1bce?s=96&d=mm&r=g\",\"contentUrl\":\"https:\/\/secure.gravatar.com\/avatar\/777b90ab56092bbf3c85feacda5c1bce?s=96&d=mm&r=g\",\"caption\":\"upwork_2\"},\"url\":\"https:\/\/www.m-q.ch\/fr\/author\/upwork_2\/\"}]}<\/script>\n<!-- \/ Yoast SEO plugin. -->","yoast_head_json":{"title":"QA World in Transition - Gestion et qualit\u00e9 du QM","description":"Du 7 au 10 mai 2019, la Messe Stuttgart a \u00e9t\u00e9 consacr\u00e9e \u00e0 l'assurance qualit\u00e9. Avec 871 exposants de 33 pays et plus de 27 000 visiteurs, le salon a une nouvelle fois \u00e9t\u00e9 un succ\u00e8s.","robots":{"index":"index","follow":"follow","max-snippet":"max-snippet:-1","max-image-preview":"max-image-preview:large","max-video-preview":"max-video-preview:-1"},"canonical":"https:\/\/www.m-q.ch\/fr\/qs-monde-en-mutation\/","og_locale":"fr_FR","og_type":"article","og_title":"QS-Welt im Wandel - MQ Management und Qualit\u00e4t","og_description":"Vom 7. bis 10. Mai 2019 stand die Messe Stuttgart ganz im Zeichen der Qualit\u00e4ts- sicherung. Mit 871 Ausstellern aus 33 L\u00e4ndern und \u00fcber 27 000 Besuchern war die Messe wiederum ein Erfolg.","og_url":"https:\/\/www.m-q.ch\/fr\/qs-monde-en-mutation\/","og_site_name":"MQ Management und Qualit\u00e4t","article_publisher":"https:\/\/www.facebook.com\/ManagementUndQualitaet","article_published_time":"2019-06-27T13:04:27+00:00","article_modified_time":"2021-02-08T15:36:11+00:00","og_image":[{"width":800,"height":579,"url":"https:\/\/www.m-q.ch\/wp-content\/uploads\/2021\/02\/QS-Welt-im-Wandel.jpg","type":"image\/jpeg"}],"author":"upwork_2","twitter_card":"summary_large_image","twitter_misc":{"\u00c9crit par":"upwork_2","Dur\u00e9e de lecture estim\u00e9e":"5 minutes"},"schema":{"@context":"https:\/\/schema.org","@graph":[{"@type":"Article","@id":"https:\/\/www.m-q.ch\/qs-welt-im-wandel\/#article","isPartOf":{"@id":"https:\/\/www.m-q.ch\/qs-welt-im-wandel\/"},"author":{"name":"upwork_2","@id":"https:\/\/www.m-q.ch\/fr\/#\/schema\/person\/71f647a41e4a3e361e6230f5134f3ba9"},"headline":"QS-Welt im Wandel","datePublished":"2019-06-27T13:04:27+00:00","dateModified":"2021-02-08T15:36:11+00:00","mainEntityOfPage":{"@id":"https:\/\/www.m-q.ch\/qs-welt-im-wandel\/"},"wordCount":1081,"publisher":{"@id":"https:\/\/www.m-q.ch\/fr\/#organization"},"image":{"@id":"https:\/\/www.m-q.ch\/qs-welt-im-wandel\/#primaryimage"},"thumbnailUrl":"https:\/\/www.m-q.ch\/wp-content\/uploads\/2021\/02\/QS-Welt-im-Wandel.jpg","keywords":["06\/2019"],"articleSection":["Allgemein"],"inLanguage":"fr-FR"},{"@type":"WebPage","@id":"https:\/\/www.m-q.ch\/qs-welt-im-wandel\/","url":"https:\/\/www.m-q.ch\/qs-welt-im-wandel\/","name":"QA World in Transition - Gestion et qualit\u00e9 du QM","isPartOf":{"@id":"https:\/\/www.m-q.ch\/fr\/#website"},"primaryImageOfPage":{"@id":"https:\/\/www.m-q.ch\/qs-welt-im-wandel\/#primaryimage"},"image":{"@id":"https:\/\/www.m-q.ch\/qs-welt-im-wandel\/#primaryimage"},"thumbnailUrl":"https:\/\/www.m-q.ch\/wp-content\/uploads\/2021\/02\/QS-Welt-im-Wandel.jpg","datePublished":"2019-06-27T13:04:27+00:00","dateModified":"2021-02-08T15:36:11+00:00","description":"Du 7 au 10 mai 2019, la Messe Stuttgart a \u00e9t\u00e9 consacr\u00e9e \u00e0 l'assurance qualit\u00e9. Avec 871 exposants de 33 pays et plus de 27 000 visiteurs, le salon a une nouvelle fois \u00e9t\u00e9 un succ\u00e8s.","breadcrumb":{"@id":"https:\/\/www.m-q.ch\/qs-welt-im-wandel\/#breadcrumb"},"inLanguage":"fr-FR","potentialAction":[{"@type":"ReadAction","target":["https:\/\/www.m-q.ch\/qs-welt-im-wandel\/"]}]},{"@type":"ImageObject","inLanguage":"fr-FR","@id":"https:\/\/www.m-q.ch\/qs-welt-im-wandel\/#primaryimage","url":"https:\/\/www.m-q.ch\/wp-content\/uploads\/2021\/02\/QS-Welt-im-Wandel.jpg","contentUrl":"https:\/\/www.m-q.ch\/wp-content\/uploads\/2021\/02\/QS-Welt-im-Wandel.jpg","width":800,"height":579,"caption":"QS-Welt im Wandel"},{"@type":"BreadcrumbList","@id":"https:\/\/www.m-q.ch\/qs-welt-im-wandel\/#breadcrumb","itemListElement":[{"@type":"ListItem","position":1,"name":"Allgemein","item":"https:\/\/www.m-q.ch\/kategorie\/allgemein\/"},{"@type":"ListItem","position":2,"name":"QS-Welt im Wandel"}]},{"@type":"WebSite","@id":"https:\/\/www.m-q.ch\/fr\/#website","url":"https:\/\/www.m-q.ch\/fr\/","name":"Gestion et qualit\u00e9 du QM","description":"Plate-forme pour les syst\u00e8mes de gestion int\u00e9gr\u00e9e.","publisher":{"@id":"https:\/\/www.m-q.ch\/fr\/#organization"},"potentialAction":[{"@type":"SearchAction","target":{"@type":"EntryPoint","urlTemplate":"https:\/\/www.m-q.ch\/fr\/?s={search_term_string}"},"query-input":{"@type":"PropertyValueSpecification","valueRequired":true,"valueName":"search_term_string"}}],"inLanguage":"fr-FR"},{"@type":"Organization","@id":"https:\/\/www.m-q.ch\/fr\/#organization","name":"Galledia Trade Media AG","url":"https:\/\/www.m-q.ch\/fr\/","logo":{"@type":"ImageObject","inLanguage":"fr-FR","@id":"https:\/\/www.m-q.ch\/fr\/#\/schema\/logo\/image\/","url":"https:\/\/www.m-q.ch\/wp-content\/uploads\/2020\/12\/cropped-logo_small.png","contentUrl":"https:\/\/www.m-q.ch\/wp-content\/uploads\/2020\/12\/cropped-logo_small.png","width":512,"height":512,"caption":"Galledia Fachmedien AG"},"image":{"@id":"https:\/\/www.m-q.ch\/fr\/#\/schema\/logo\/image\/"},"sameAs":["https:\/\/www.facebook.com\/ManagementUndQualitaet","https:\/\/www.linkedin.com\/showcase\/17982321\/admin\/"]},{"@type":"Person","@id":"https:\/\/www.m-q.ch\/fr\/#\/schema\/person\/71f647a41e4a3e361e6230f5134f3ba9","name":"upwork_2","image":{"@type":"ImageObject","inLanguage":"fr-FR","@id":"https:\/\/www.m-q.ch\/fr\/#\/schema\/person\/image\/","url":"https:\/\/secure.gravatar.com\/avatar\/777b90ab56092bbf3c85feacda5c1bce?s=96&d=mm&r=g","contentUrl":"https:\/\/secure.gravatar.com\/avatar\/777b90ab56092bbf3c85feacda5c1bce?s=96&d=mm&r=g","caption":"upwork_2"},"url":"https:\/\/www.m-q.ch\/fr\/author\/upwork_2\/"}]}},"_links":{"self":[{"href":"https:\/\/www.m-q.ch\/fr\/wp-json\/wp\/v2\/posts\/9962","targetHints":{"allow":["GET"]}}],"collection":[{"href":"https:\/\/www.m-q.ch\/fr\/wp-json\/wp\/v2\/posts"}],"about":[{"href":"https:\/\/www.m-q.ch\/fr\/wp-json\/wp\/v2\/types\/post"}],"author":[{"embeddable":true,"href":"https:\/\/www.m-q.ch\/fr\/wp-json\/wp\/v2\/users\/62"}],"replies":[{"embeddable":true,"href":"https:\/\/www.m-q.ch\/fr\/wp-json\/wp\/v2\/comments?post=9962"}],"version-history":[{"count":2,"href":"https:\/\/www.m-q.ch\/fr\/wp-json\/wp\/v2\/posts\/9962\/revisions"}],"predecessor-version":[{"id":9965,"href":"https:\/\/www.m-q.ch\/fr\/wp-json\/wp\/v2\/posts\/9962\/revisions\/9965"}],"wp:featuredmedia":[{"embeddable":true,"href":"https:\/\/www.m-q.ch\/fr\/wp-json\/wp\/v2\/media\/9964"}],"wp:attachment":[{"href":"https:\/\/www.m-q.ch\/fr\/wp-json\/wp\/v2\/media?parent=9962"}],"wp:term":[{"taxonomy":"category","embeddable":true,"href":"https:\/\/www.m-q.ch\/fr\/wp-json\/wp\/v2\/categories?post=9962"},{"taxonomy":"post_tag","embeddable":true,"href":"https:\/\/www.m-q.ch\/fr\/wp-json\/wp\/v2\/tags?post=9962"}],"curies":[{"name":"wp","href":"https:\/\/api.w.org\/{rel}","templated":true}]}}