{"id":9995,"date":"2020-11-12T05:37:00","date_gmt":"2020-11-12T04:37:00","guid":{"rendered":"https:\/\/www.m-q.ch\/?p=9995"},"modified":"2021-02-09T08:54:17","modified_gmt":"2021-02-09T07:54:17","slug":"protegez-vos-employes-conformement-aux-normes","status":"publish","type":"post","link":"https:\/\/www.m-q.ch\/fr\/schuetzen-sie-ihre-mitarbeitenden-normgerecht\/","title":{"rendered":"Prot\u00e9gez-vous vos employ\u00e9s conform\u00e9ment aux normes ?"},"content":{"rendered":"<p><img loading=\"lazy\" decoding=\"async\" class=\"alignnone  wp-image-9996\" src=\"https:\/\/www.m-q.ch\/wp-content\/uploads\/2021\/02\/01.jpg\" alt=\"\" width=\"767\" height=\"598\" srcset=\"https:\/\/www.m-q.ch\/wp-content\/uploads\/2021\/02\/01.jpg 573w, https:\/\/www.m-q.ch\/wp-content\/uploads\/2021\/02\/01-16x12.jpg 16w, https:\/\/www.m-q.ch\/wp-content\/uploads\/2021\/02\/01-224x175.jpg 224w, https:\/\/www.m-q.ch\/wp-content\/uploads\/2021\/02\/01-449x350.jpg 449w, https:\/\/www.m-q.ch\/wp-content\/uploads\/2021\/02\/01-300x234.jpg 300w\" sizes=\"auto, (max-width: 767px) 100vw, 767px\" \/><\/p>\n<p>La sant\u00e9 au travail touche toutes les entreprises - et pas seulement en p\u00e9riode de coronavirus. Le chemin vers une norme internationale uniforme pour la gestion de la protection de la sant\u00e9 a \u00e9t\u00e9 relativement ardu : la premi\u00e8re version de la norme OHSAS 18001 a \u00e9t\u00e9 publi\u00e9e en 1999 et r\u00e9vis\u00e9e en 2007. Il \u00e9tait bas\u00e9 sur une norme britannique, qui a ensuite \u00e9t\u00e9 adopt\u00e9e par un certain nombre de pays. L'\u00e9laboration d'une norme ISO sur la sant\u00e9 et la s\u00e9curit\u00e9 au travail a d'abord \u00e9chou\u00e9. Cependant, l'ISO a ensuite d\u00e9cid\u00e9 en 2013 de d\u00e9velopper une norme unique. Le r\u00e9sultat est la norme ISO 45001, publi\u00e9e en 2018, qui est bas\u00e9e sur la norme OHSAS 18001 et a la m\u00eame structure que les normes de syst\u00e8me de gestion ISO 9001:2015 et ISO 14001:2015 (Structure de haut niveau).<\/p>\n<p><strong>Les contenus les plus importants de la norme <\/strong><\/p>\n<p>La norme ISO 45001:2018 s'adresse \u00e0 toutes les entreprises, quelles que soient leur taille et leur activit\u00e9. La norme permet aux organisations d'\u00e9tablir un syst\u00e8me de gestion de la sant\u00e9 et de la s\u00e9curit\u00e9 au travail. Cela les aide \u00e0 g\u00e9rer leurs risques en mati\u00e8re de sant\u00e9 et de s\u00e9curit\u00e9 au travail et \u00e0 am\u00e9liorer leurs performances dans ce domaine gr\u00e2ce \u00e0 l'\u00e9laboration et \u00e0 la mise en \u0153uvre de strat\u00e9gies et d'objectifs efficaces. Selon iso.org, les principaux avantages potentiels de l'utilisation de la norme sont les suivants<\/p>\n<ul>\n<li>R\u00e9duction des incidents sur le lieu de travail<\/li>\n<li>R\u00e9duction de l'absent\u00e9isme et de la rotation du personnel, ce qui entra\u00eene une augmentation de la productivit\u00e9<\/li>\n<li>R\u00e9duction des co\u00fbts des primes d'assurance<\/li>\n<li>Cr\u00e9er une culture de la sant\u00e9 et de la s\u00e9curit\u00e9, en encourageant les employ\u00e9s \u00e0 jouer un r\u00f4le actif dans leur propre sant\u00e9 et s\u00e9curit\u00e9 au travail<\/li>\n<li>Un leadership et un engagement accrus en faveur d'une am\u00e9lioration proactive des performances en mati\u00e8re de sant\u00e9 et de s\u00e9curit\u00e9<\/li>\n<li>Capacit\u00e9 \u00e0 r\u00e9pondre aux exigences l\u00e9gales et r\u00e9glementaires<\/li>\n<li>Am\u00e9lioration de la r\u00e9putation<\/li>\n<li>Am\u00e9lioration du moral<\/li>\n<\/ul>\n<p>En principe, la norme ISO 45001 permet, par exemple, d'\u00e9laborer et de mettre en \u0153uvre une politique de sant\u00e9 et de s\u00e9curit\u00e9 au travail et des objectifs en mati\u00e8re de sant\u00e9 et de s\u00e9curit\u00e9 au travail. Elle soutient l'introduction de processus syst\u00e9matiques qui tiennent compte du contexte de l'entreprise, de ses risques et opportunit\u00e9s, et des exigences l\u00e9gales et autres applicables \u00e0 l'entreprise. Enfin et surtout, la norme sert \u00e0 identifier les dangers et \u00e0 \u00e9valuer les risques et les opportunit\u00e9s associ\u00e9s aux activit\u00e9s de l'entreprise, et \u00e0 mettre en \u0153uvre des mesures pour les \u00e9liminer. Gr\u00e2ce \u00e0 sa structure de haut niveau, la norme ISO 45001 peut \u00eatre facilement int\u00e9gr\u00e9e dans les syst\u00e8mes de gestion existants bas\u00e9s sur la norme ISO 9001.<\/p>\n<p><strong>Saisir l'opportunit\u00e9 de la recertification <\/strong><\/p>\n<p>Qu'est-ce que cela signifie pour les entreprises ? Les entreprises qui travaillent d\u00e9j\u00e0 en conformit\u00e9 avec la norme OHSAS 18001 auront la vie facile. \"Les entreprises qui souhaitent adopter la norme ne devraient avoir aucune difficult\u00e9 \u00e0 se convertir, car ses exigences sont conformes \u00e0 celles de la norme OHSAS 18001\", \u00e9crit la SQS, l'un des principaux organismes de certification suisses. Ainsi, toute personne qui souhaite passer \u00e0 la norme ISO 45001 et obtenir la certification peut le faire jusqu'au 11 septembre 2021. Le d\u00e9lai initial du 31 mars 2021 a \u00e9t\u00e9 prolong\u00e9 de six mois en raison de la Covide- 19. Le certificat OHSAS-18001:2007 peut \u00eatre maintenu parall\u00e8lement \u00e0 la certification ISO-45001:2018 pendant la p\u00e9riode de transition. Toutefois, la SQS souligne que cette proc\u00e9dure implique un travail suppl\u00e9mentaire. Si la l\u00e9gislation\/r\u00e9glementation locale exige une certification OHSAS 18001 accr\u00e9dit\u00e9e et que la l\u00e9gislation\/r\u00e9glementation n'a pas \u00e9t\u00e9 modifi\u00e9e par rapport \u00e0 la norme ISO 45001, la validit\u00e9 de la certification accr\u00e9dit\u00e9e selon OHSAS 18001 (ou une norme nationale \u00e9quivalente) peut \u00eatre prolong\u00e9e conform\u00e9ment au r\u00e8glement de l'IAF, \u00e9crit encore la SQS.<\/p>\n<p><strong>Proc\u00e9dure de conversion du syst\u00e8me de gestion <\/strong><\/p>\n<p>Pour ceux qui voudraient maintenant passer \u00e0 la norme ISO 45001 et qui ne l'ont pas encore fait, la proc\u00e9dure suivante est recommand\u00e9e :<\/p>\n<p>Effectuez une analyse du contexte de la SST dans votre organisation (par exemple, la participation des parties prenantes) et des facteurs internes et externes qui pourraient avoir un impact sur votre organisation.<\/p>\n<ul>\n<li>D\u00e9finissez la port\u00e9e du syst\u00e8me et r\u00e9fl\u00e9chissez \u00e0 ce que vous voulez r\u00e9aliser avec votre syst\u00e8me de gestion.<\/li>\n<li>D\u00e9finissez votre politique et vos objectifs en mati\u00e8re de sant\u00e9 et de s\u00e9curit\u00e9.<\/li>\n<li>D\u00e9finissez le d\u00e9lai dans lequel vous souhaitez mettre en \u0153uvre votre syst\u00e8me et planifiez la mani\u00e8re dont vous allez y parvenir.<\/li>\n<li>D\u00e9terminer toute comp\u00e9tence et\/ou ressource\/\u00e9cart \u00e0 combler avant de mettre en \u0153uvre la norme.<\/li>\n<\/ul>\n<p>Les organismes de certification peuvent apporter leur soutien dans la d\u00e9finition du processus de migration. Ainsi, rien ne s'oppose \u00e0 une nouvelle certification ou \u00e0 une recertification r\u00e9ussie.<\/p>","protected":false},"excerpt":{"rendered":"<p>Gesundheit am Arbeitsplatz betrifft alle Unternehmen \u2013 nicht nur in Zeiten des Coronavirus. Der Weg zu einer international einheitlichen Norm f\u00fcr das Gesundheitsschutzmanagement war relativ steinig: 1999 wurde zwar die erste Version von OHSAS 18001 publiziert und 2007 \u00fcberarbeitet. Sie beruhte auf einem britischen Standard, an dem sich einige L\u00e4nder in der Folge ebenfalls orientierten. [&hellip;]<\/p>\n","protected":false},"author":60,"featured_media":9996,"comment_status":"closed","ping_status":"closed","sticky":false,"template":"","format":"standard","meta":{"_acf_changed":false,"footnotes":""},"categories":[5],"tags":[4725],"class_list":["post-9995","post","type-post","status-publish","format-standard","has-post-thumbnail","hentry","category-business_excellence","tag-11-2020"],"acf":[],"yoast_head":"<!-- This site is optimized with the Yoast SEO plugin v26.2 - https:\/\/yoast.com\/wordpress\/plugins\/seo\/ -->\n<title>Sch\u00fctzen Sie Ihre Mitarbeitenden normgerecht? - MQ Management und Qualit\u00e4t<\/title>\n<meta name=\"description\" content=\"Die ISO hat am 12. M\u00e4rz 2018 den neuen Standard ISO 45001 f\u00fcr Arbeits- und Gesundheitsschutzmanagementsysteme publiziert. Sie l\u00f6st die Occupational Health and Safety Assessment Series (OHSAS) 18001:2007 ab. Die \u00dcbergangsfrist dauert noch bis September 2021.\" \/>\n<meta name=\"robots\" content=\"index, follow, max-snippet:-1, max-image-preview:large, max-video-preview:-1\" \/>\n<link rel=\"canonical\" href=\"https:\/\/www.m-q.ch\/fr\/protegez-vos-employes-conformement-aux-normes\/\" \/>\n<meta property=\"og:locale\" content=\"fr_FR\" \/>\n<meta property=\"og:type\" content=\"article\" \/>\n<meta property=\"og:title\" content=\"Sch\u00fctzen Sie Ihre Mitarbeitenden normgerecht? - MQ Management und Qualit\u00e4t\" \/>\n<meta property=\"og:description\" content=\"Die ISO hat am 12. M\u00e4rz 2018 den neuen Standard ISO 45001 f\u00fcr Arbeits- und Gesundheitsschutzmanagementsysteme publiziert. Sie l\u00f6st die Occupational Health and Safety Assessment Series (OHSAS) 18001:2007 ab. Die \u00dcbergangsfrist dauert noch bis September 2021.\" \/>\n<meta property=\"og:url\" content=\"https:\/\/www.m-q.ch\/fr\/protegez-vos-employes-conformement-aux-normes\/\" \/>\n<meta property=\"og:site_name\" content=\"MQ Management und Qualit\u00e4t\" \/>\n<meta property=\"article:publisher\" content=\"https:\/\/www.facebook.com\/ManagementUndQualitaet\" \/>\n<meta property=\"article:published_time\" content=\"2020-11-12T04:37:00+00:00\" \/>\n<meta property=\"article:modified_time\" content=\"2021-02-09T07:54:17+00:00\" \/>\n<meta property=\"og:image\" content=\"https:\/\/www.m-q.ch\/wp-content\/uploads\/2021\/02\/01.jpg\" \/>\n\t<meta property=\"og:image:width\" content=\"573\" \/>\n\t<meta property=\"og:image:height\" content=\"447\" \/>\n\t<meta property=\"og:image:type\" content=\"image\/jpeg\" \/>\n<meta name=\"author\" content=\"upwork\" \/>\n<meta name=\"twitter:card\" content=\"summary_large_image\" \/>\n<meta name=\"twitter:label1\" content=\"\u00c9crit par\" \/>\n\t<meta name=\"twitter:data1\" content=\"upwork\" \/>\n\t<meta name=\"twitter:label2\" content=\"Dur\u00e9e de lecture estim\u00e9e\" \/>\n\t<meta name=\"twitter:data2\" content=\"3 minutes\" \/>\n<script type=\"application\/ld+json\" class=\"yoast-schema-graph\">{\"@context\":\"https:\/\/schema.org\",\"@graph\":[{\"@type\":\"Article\",\"@id\":\"https:\/\/www.m-q.ch\/schuetzen-sie-ihre-mitarbeitenden-normgerecht\/#article\",\"isPartOf\":{\"@id\":\"https:\/\/www.m-q.ch\/schuetzen-sie-ihre-mitarbeitenden-normgerecht\/\"},\"author\":{\"name\":\"upwork\",\"@id\":\"https:\/\/www.m-q.ch\/fr\/#\/schema\/person\/6044ff1d138701fac0f63fd4c5c93267\"},\"headline\":\"Sch\u00fctzen Sie Ihre Mitarbeitenden normgerecht?\",\"datePublished\":\"2020-11-12T04:37:00+00:00\",\"dateModified\":\"2021-02-09T07:54:17+00:00\",\"mainEntityOfPage\":{\"@id\":\"https:\/\/www.m-q.ch\/schuetzen-sie-ihre-mitarbeitenden-normgerecht\/\"},\"wordCount\":661,\"publisher\":{\"@id\":\"https:\/\/www.m-q.ch\/fr\/#organization\"},\"image\":{\"@id\":\"https:\/\/www.m-q.ch\/schuetzen-sie-ihre-mitarbeitenden-normgerecht\/#primaryimage\"},\"thumbnailUrl\":\"https:\/\/www.m-q.ch\/wp-content\/uploads\/2021\/02\/01.jpg\",\"keywords\":[\"11\/2020\"],\"articleSection\":[\"Business Excellence\"],\"inLanguage\":\"fr-FR\"},{\"@type\":\"WebPage\",\"@id\":\"https:\/\/www.m-q.ch\/schuetzen-sie-ihre-mitarbeitenden-normgerecht\/\",\"url\":\"https:\/\/www.m-q.ch\/schuetzen-sie-ihre-mitarbeitenden-normgerecht\/\",\"name\":\"Sch\u00fctzen Sie Ihre Mitarbeitenden normgerecht? - MQ Management und Qualit\u00e4t\",\"isPartOf\":{\"@id\":\"https:\/\/www.m-q.ch\/fr\/#website\"},\"primaryImageOfPage\":{\"@id\":\"https:\/\/www.m-q.ch\/schuetzen-sie-ihre-mitarbeitenden-normgerecht\/#primaryimage\"},\"image\":{\"@id\":\"https:\/\/www.m-q.ch\/schuetzen-sie-ihre-mitarbeitenden-normgerecht\/#primaryimage\"},\"thumbnailUrl\":\"https:\/\/www.m-q.ch\/wp-content\/uploads\/2021\/02\/01.jpg\",\"datePublished\":\"2020-11-12T04:37:00+00:00\",\"dateModified\":\"2021-02-09T07:54:17+00:00\",\"description\":\"Die ISO hat am 12. M\u00e4rz 2018 den neuen Standard ISO 45001 f\u00fcr Arbeits- und Gesundheitsschutzmanagementsysteme publiziert. Sie l\u00f6st die Occupational Health and Safety Assessment Series (OHSAS) 18001:2007 ab. Die \u00dcbergangsfrist dauert noch bis September 2021.\",\"breadcrumb\":{\"@id\":\"https:\/\/www.m-q.ch\/schuetzen-sie-ihre-mitarbeitenden-normgerecht\/#breadcrumb\"},\"inLanguage\":\"fr-FR\",\"potentialAction\":[{\"@type\":\"ReadAction\",\"target\":[\"https:\/\/www.m-q.ch\/schuetzen-sie-ihre-mitarbeitenden-normgerecht\/\"]}]},{\"@type\":\"ImageObject\",\"inLanguage\":\"fr-FR\",\"@id\":\"https:\/\/www.m-q.ch\/schuetzen-sie-ihre-mitarbeitenden-normgerecht\/#primaryimage\",\"url\":\"https:\/\/www.m-q.ch\/wp-content\/uploads\/2021\/02\/01.jpg\",\"contentUrl\":\"https:\/\/www.m-q.ch\/wp-content\/uploads\/2021\/02\/01.jpg\",\"width\":573,\"height\":447},{\"@type\":\"BreadcrumbList\",\"@id\":\"https:\/\/www.m-q.ch\/schuetzen-sie-ihre-mitarbeitenden-normgerecht\/#breadcrumb\",\"itemListElement\":[{\"@type\":\"ListItem\",\"position\":1,\"name\":\"Business Excellence\",\"item\":\"https:\/\/www.m-q.ch\/kategorie\/business_excellence\/\"},{\"@type\":\"ListItem\",\"position\":2,\"name\":\"Sch\u00fctzen Sie Ihre Mitarbeitenden normgerecht?\"}]},{\"@type\":\"WebSite\",\"@id\":\"https:\/\/www.m-q.ch\/fr\/#website\",\"url\":\"https:\/\/www.m-q.ch\/fr\/\",\"name\":\"MQ Management und Qualit\u00e4t\",\"description\":\"Plattform f\u00fcr integrierte Managementsysteme.\",\"publisher\":{\"@id\":\"https:\/\/www.m-q.ch\/fr\/#organization\"},\"potentialAction\":[{\"@type\":\"SearchAction\",\"target\":{\"@type\":\"EntryPoint\",\"urlTemplate\":\"https:\/\/www.m-q.ch\/fr\/?s={search_term_string}\"},\"query-input\":{\"@type\":\"PropertyValueSpecification\",\"valueRequired\":true,\"valueName\":\"search_term_string\"}}],\"inLanguage\":\"fr-FR\"},{\"@type\":\"Organization\",\"@id\":\"https:\/\/www.m-q.ch\/fr\/#organization\",\"name\":\"Galledia Fachmedien AG\",\"url\":\"https:\/\/www.m-q.ch\/fr\/\",\"logo\":{\"@type\":\"ImageObject\",\"inLanguage\":\"fr-FR\",\"@id\":\"https:\/\/www.m-q.ch\/fr\/#\/schema\/logo\/image\/\",\"url\":\"https:\/\/www.m-q.ch\/wp-content\/uploads\/2020\/12\/cropped-logo_small.png\",\"contentUrl\":\"https:\/\/www.m-q.ch\/wp-content\/uploads\/2020\/12\/cropped-logo_small.png\",\"width\":512,\"height\":512,\"caption\":\"Galledia Fachmedien AG\"},\"image\":{\"@id\":\"https:\/\/www.m-q.ch\/fr\/#\/schema\/logo\/image\/\"},\"sameAs\":[\"https:\/\/www.facebook.com\/ManagementUndQualitaet\",\"https:\/\/www.linkedin.com\/showcase\/17982321\/admin\/\"]},{\"@type\":\"Person\",\"@id\":\"https:\/\/www.m-q.ch\/fr\/#\/schema\/person\/6044ff1d138701fac0f63fd4c5c93267\",\"name\":\"upwork\",\"image\":{\"@type\":\"ImageObject\",\"inLanguage\":\"fr-FR\",\"@id\":\"https:\/\/www.m-q.ch\/fr\/#\/schema\/person\/image\/\",\"url\":\"https:\/\/secure.gravatar.com\/avatar\/fe2de2b04483edb0f28eb7fd34d15d6c?s=96&d=mm&r=g\",\"contentUrl\":\"https:\/\/secure.gravatar.com\/avatar\/fe2de2b04483edb0f28eb7fd34d15d6c?s=96&d=mm&r=g\",\"caption\":\"upwork\"},\"description\":\"uf3J7(qCI6jN0^0y6%%0ti70\",\"url\":\"https:\/\/www.m-q.ch\/fr\/author\/upwork\/\"}]}<\/script>\n<!-- \/ Yoast SEO plugin. -->","yoast_head_json":{"title":"Prot\u00e9gez-vous vos employ\u00e9s conform\u00e9ment aux normes ? - Gestion et qualit\u00e9 du QM","description":"L'ISO a publi\u00e9 la nouvelle norme ISO 45001 pour les syst\u00e8mes de gestion de la sant\u00e9 et de la s\u00e9curit\u00e9 au travail le 12 mars 2018. Elle remplace la s\u00e9rie d'\u00e9valuation de la sant\u00e9 et de la s\u00e9curit\u00e9 au travail (OHSAS) 18001:2007. La p\u00e9riode de transition dure jusqu'en septembre 2021.","robots":{"index":"index","follow":"follow","max-snippet":"max-snippet:-1","max-image-preview":"max-image-preview:large","max-video-preview":"max-video-preview:-1"},"canonical":"https:\/\/www.m-q.ch\/fr\/protegez-vos-employes-conformement-aux-normes\/","og_locale":"fr_FR","og_type":"article","og_title":"Sch\u00fctzen Sie Ihre Mitarbeitenden normgerecht? - MQ Management und Qualit\u00e4t","og_description":"Die ISO hat am 12. M\u00e4rz 2018 den neuen Standard ISO 45001 f\u00fcr Arbeits- und Gesundheitsschutzmanagementsysteme publiziert. Sie l\u00f6st die Occupational Health and Safety Assessment Series (OHSAS) 18001:2007 ab. Die \u00dcbergangsfrist dauert noch bis September 2021.","og_url":"https:\/\/www.m-q.ch\/fr\/protegez-vos-employes-conformement-aux-normes\/","og_site_name":"MQ Management und Qualit\u00e4t","article_publisher":"https:\/\/www.facebook.com\/ManagementUndQualitaet","article_published_time":"2020-11-12T04:37:00+00:00","article_modified_time":"2021-02-09T07:54:17+00:00","og_image":[{"width":573,"height":447,"url":"https:\/\/www.m-q.ch\/wp-content\/uploads\/2021\/02\/01.jpg","type":"image\/jpeg"}],"author":"upwork","twitter_card":"summary_large_image","twitter_misc":{"\u00c9crit par":"upwork","Dur\u00e9e de lecture estim\u00e9e":"3 minutes"},"schema":{"@context":"https:\/\/schema.org","@graph":[{"@type":"Article","@id":"https:\/\/www.m-q.ch\/schuetzen-sie-ihre-mitarbeitenden-normgerecht\/#article","isPartOf":{"@id":"https:\/\/www.m-q.ch\/schuetzen-sie-ihre-mitarbeitenden-normgerecht\/"},"author":{"name":"upwork","@id":"https:\/\/www.m-q.ch\/fr\/#\/schema\/person\/6044ff1d138701fac0f63fd4c5c93267"},"headline":"Sch\u00fctzen Sie Ihre Mitarbeitenden normgerecht?","datePublished":"2020-11-12T04:37:00+00:00","dateModified":"2021-02-09T07:54:17+00:00","mainEntityOfPage":{"@id":"https:\/\/www.m-q.ch\/schuetzen-sie-ihre-mitarbeitenden-normgerecht\/"},"wordCount":661,"publisher":{"@id":"https:\/\/www.m-q.ch\/fr\/#organization"},"image":{"@id":"https:\/\/www.m-q.ch\/schuetzen-sie-ihre-mitarbeitenden-normgerecht\/#primaryimage"},"thumbnailUrl":"https:\/\/www.m-q.ch\/wp-content\/uploads\/2021\/02\/01.jpg","keywords":["11\/2020"],"articleSection":["Business Excellence"],"inLanguage":"fr-FR"},{"@type":"WebPage","@id":"https:\/\/www.m-q.ch\/schuetzen-sie-ihre-mitarbeitenden-normgerecht\/","url":"https:\/\/www.m-q.ch\/schuetzen-sie-ihre-mitarbeitenden-normgerecht\/","name":"Prot\u00e9gez-vous vos employ\u00e9s conform\u00e9ment aux normes ? - Gestion et qualit\u00e9 du QM","isPartOf":{"@id":"https:\/\/www.m-q.ch\/fr\/#website"},"primaryImageOfPage":{"@id":"https:\/\/www.m-q.ch\/schuetzen-sie-ihre-mitarbeitenden-normgerecht\/#primaryimage"},"image":{"@id":"https:\/\/www.m-q.ch\/schuetzen-sie-ihre-mitarbeitenden-normgerecht\/#primaryimage"},"thumbnailUrl":"https:\/\/www.m-q.ch\/wp-content\/uploads\/2021\/02\/01.jpg","datePublished":"2020-11-12T04:37:00+00:00","dateModified":"2021-02-09T07:54:17+00:00","description":"L'ISO a publi\u00e9 la nouvelle norme ISO 45001 pour les syst\u00e8mes de gestion de la sant\u00e9 et de la s\u00e9curit\u00e9 au travail le 12 mars 2018. Elle remplace la s\u00e9rie d'\u00e9valuation de la sant\u00e9 et de la s\u00e9curit\u00e9 au travail (OHSAS) 18001:2007. La p\u00e9riode de transition dure jusqu'en septembre 2021.","breadcrumb":{"@id":"https:\/\/www.m-q.ch\/schuetzen-sie-ihre-mitarbeitenden-normgerecht\/#breadcrumb"},"inLanguage":"fr-FR","potentialAction":[{"@type":"ReadAction","target":["https:\/\/www.m-q.ch\/schuetzen-sie-ihre-mitarbeitenden-normgerecht\/"]}]},{"@type":"ImageObject","inLanguage":"fr-FR","@id":"https:\/\/www.m-q.ch\/schuetzen-sie-ihre-mitarbeitenden-normgerecht\/#primaryimage","url":"https:\/\/www.m-q.ch\/wp-content\/uploads\/2021\/02\/01.jpg","contentUrl":"https:\/\/www.m-q.ch\/wp-content\/uploads\/2021\/02\/01.jpg","width":573,"height":447},{"@type":"BreadcrumbList","@id":"https:\/\/www.m-q.ch\/schuetzen-sie-ihre-mitarbeitenden-normgerecht\/#breadcrumb","itemListElement":[{"@type":"ListItem","position":1,"name":"Business Excellence","item":"https:\/\/www.m-q.ch\/kategorie\/business_excellence\/"},{"@type":"ListItem","position":2,"name":"Sch\u00fctzen Sie Ihre Mitarbeitenden normgerecht?"}]},{"@type":"WebSite","@id":"https:\/\/www.m-q.ch\/fr\/#website","url":"https:\/\/www.m-q.ch\/fr\/","name":"Gestion et qualit\u00e9 du QM","description":"Plate-forme pour les syst\u00e8mes de gestion int\u00e9gr\u00e9e.","publisher":{"@id":"https:\/\/www.m-q.ch\/fr\/#organization"},"potentialAction":[{"@type":"SearchAction","target":{"@type":"EntryPoint","urlTemplate":"https:\/\/www.m-q.ch\/fr\/?s={search_term_string}"},"query-input":{"@type":"PropertyValueSpecification","valueRequired":true,"valueName":"search_term_string"}}],"inLanguage":"fr-FR"},{"@type":"Organization","@id":"https:\/\/www.m-q.ch\/fr\/#organization","name":"Galledia Trade Media AG","url":"https:\/\/www.m-q.ch\/fr\/","logo":{"@type":"ImageObject","inLanguage":"fr-FR","@id":"https:\/\/www.m-q.ch\/fr\/#\/schema\/logo\/image\/","url":"https:\/\/www.m-q.ch\/wp-content\/uploads\/2020\/12\/cropped-logo_small.png","contentUrl":"https:\/\/www.m-q.ch\/wp-content\/uploads\/2020\/12\/cropped-logo_small.png","width":512,"height":512,"caption":"Galledia Fachmedien AG"},"image":{"@id":"https:\/\/www.m-q.ch\/fr\/#\/schema\/logo\/image\/"},"sameAs":["https:\/\/www.facebook.com\/ManagementUndQualitaet","https:\/\/www.linkedin.com\/showcase\/17982321\/admin\/"]},{"@type":"Person","@id":"https:\/\/www.m-q.ch\/fr\/#\/schema\/person\/6044ff1d138701fac0f63fd4c5c93267","name":"upwork","image":{"@type":"ImageObject","inLanguage":"fr-FR","@id":"https:\/\/www.m-q.ch\/fr\/#\/schema\/person\/image\/","url":"https:\/\/secure.gravatar.com\/avatar\/fe2de2b04483edb0f28eb7fd34d15d6c?s=96&d=mm&r=g","contentUrl":"https:\/\/secure.gravatar.com\/avatar\/fe2de2b04483edb0f28eb7fd34d15d6c?s=96&d=mm&r=g","caption":"upwork"},"description":"uf3J7(qCI6jN0^0y6%%0ti70","url":"https:\/\/www.m-q.ch\/fr\/author\/upwork\/"}]}},"_links":{"self":[{"href":"https:\/\/www.m-q.ch\/fr\/wp-json\/wp\/v2\/posts\/9995","targetHints":{"allow":["GET"]}}],"collection":[{"href":"https:\/\/www.m-q.ch\/fr\/wp-json\/wp\/v2\/posts"}],"about":[{"href":"https:\/\/www.m-q.ch\/fr\/wp-json\/wp\/v2\/types\/post"}],"author":[{"embeddable":true,"href":"https:\/\/www.m-q.ch\/fr\/wp-json\/wp\/v2\/users\/60"}],"replies":[{"embeddable":true,"href":"https:\/\/www.m-q.ch\/fr\/wp-json\/wp\/v2\/comments?post=9995"}],"version-history":[{"count":2,"href":"https:\/\/www.m-q.ch\/fr\/wp-json\/wp\/v2\/posts\/9995\/revisions"}],"predecessor-version":[{"id":10037,"href":"https:\/\/www.m-q.ch\/fr\/wp-json\/wp\/v2\/posts\/9995\/revisions\/10037"}],"wp:featuredmedia":[{"embeddable":true,"href":"https:\/\/www.m-q.ch\/fr\/wp-json\/wp\/v2\/media\/9996"}],"wp:attachment":[{"href":"https:\/\/www.m-q.ch\/fr\/wp-json\/wp\/v2\/media?parent=9995"}],"wp:term":[{"taxonomy":"category","embeddable":true,"href":"https:\/\/www.m-q.ch\/fr\/wp-json\/wp\/v2\/categories?post=9995"},{"taxonomy":"post_tag","embeddable":true,"href":"https:\/\/www.m-q.ch\/fr\/wp-json\/wp\/v2\/tags?post=9995"}],"curies":[{"name":"wp","href":"https:\/\/api.w.org\/{rel}","templated":true}]}}