{"id":10010,"date":"2020-11-20T06:52:19","date_gmt":"2020-11-20T05:52:19","guid":{"rendered":"https:\/\/www.m-q.ch\/?p=10010"},"modified":"2021-02-09T09:20:57","modified_gmt":"2021-02-09T08:20:57","slug":"gli-standard-contro-rischi-come-il-covid-19","status":"publish","type":"post","link":"https:\/\/www.m-q.ch\/it\/die-normen-gegen-risiken-wie-covid-19\/","title":{"rendered":"Le norme contro i rischi come COVID-19"},"content":{"rendered":"<p><img loading=\"lazy\" decoding=\"async\" class=\"alignnone wp-image-10011\" src=\"https:\/\/www.m-q.ch\/wp-content\/uploads\/2021\/02\/06.jpg\" alt=\"\" width=\"839\" height=\"658\" srcset=\"https:\/\/www.m-q.ch\/wp-content\/uploads\/2021\/02\/06.jpg 565w, https:\/\/www.m-q.ch\/wp-content\/uploads\/2021\/02\/06-16x12.jpg 16w, https:\/\/www.m-q.ch\/wp-content\/uploads\/2021\/02\/06-223x175.jpg 223w, https:\/\/www.m-q.ch\/wp-content\/uploads\/2021\/02\/06-446x350.jpg 446w, https:\/\/www.m-q.ch\/wp-content\/uploads\/2021\/02\/06-300x235.jpg 300w\" sizes=\"auto, (max-width: 839px) 100vw, 839px\" \/><\/p>\n<p>Per ridurre l'impatto negativo dell'uomo sul nostro pianeta, abbiamo bisogno di volont\u00e0 politica, di misure concrete, ma certamente anche di norme e strumenti adeguati. Questi includono le norme internazionali, dice l'ISO. Gli standard internazionali dell'ISO, della Commissione Elettrotecnica Internazionale (IEC) e dell'Unione Internazionale delle Telecomunicazioni (ITU), cos\u00ec come gli standard europei e molti standard nazionali e altri marchi di qualit\u00e0 affrontano le sfide tecniche e le soluzioni appropriate. Un prerequisito importante, tuttavia, \u00e8 un linguaggio comune per gli standard.<\/p>\n<p>Esistono standard per quasi tutte le industrie, per prodotti e servizi. Il settore delle costruzioni, per esempio, ha molte interfacce e opportunit\u00e0 per proteggere l'ambiente. Per gli sforzi globali per proteggere il pianeta, abbiamo bisogno non solo, ma anche di norme. Definiscono metodi di misurazione e protocolli standardizzati - anche oltre i confini politici e linguistici.<\/p>\n<p>Gli standard internazionali contribuiscono alla condivisione delle conoscenze e delle competenze sia nei paesi industrializzati che in quelli in via di sviluppo, coprendo un'ampia gamma di aspetti della protezione ambientale, della biodiversit\u00e0, della conservazione dell'energia e, non da ultimo, della qualit\u00e0 dell'acqua e dell'aria. L'ISO \u00e8 convinto che l'uso diffuso di standard riconosciuti a livello internazionale aiuta a ridurre l'impatto ambientale della produzione e dei processi industriali, a facilitare il riutilizzo di risorse limitate e a fornire una guida anche in crisi come le attuali ondate di COVID 19.<\/p>\n<p><strong>Dove le norme ci proteggono <\/strong><\/p>\n<p>Gli straordinari eventi del 2020 possono aver portato alcuni settori ad una battuta d'arresto e causato grandi sconvolgimenti in molti altri, ma c'\u00e8 troppo in gioco per ISO per aspettare semplicemente di implementare gli standard. Nel comunicato stampa per la Giornata Mondiale degli Standard 2020, c'\u00e8 una frase chiave: \"Per ridurre l'impatto umano sul nostro pianeta, abbiamo bisogno di volont\u00e0 politica, azioni concrete e gli strumenti giusti. Gli standard internazionali sono uno di questi strumenti\". Ma il nostro mondo pu\u00f2 essere protetto con degli standard? Si pu\u00f2? Lo slogan, tuttavia, arriva pi\u00f9 attuale che mai dall'ISO di Ginevra.<\/p>\n<p><strong>Rafforzare la standardizzazione in tempi di crisi <\/strong><\/p>\n<p>La Terra, afferma l'ISO nel suo comunicato stampa della Giornata Mondiale delle Norme, \u00e8 \"come una nave piena di vita\" nella vastit\u00e0 del nostro sistema solare. La vita sulla Terra dipende direttamente dall'energia che viene dal sole. Nell'ultimo secolo, tuttavia, le attivit\u00e0 umane e industriali su larga scala della nostra civilt\u00e0 moderna hanno prodotto gas serra, rifiuti e sostanze chimiche che prima non esistevano in questo tipo e quantit\u00e0, e che ora minacciano l'esistenza del pianeta Terra. Ma non sono solo le sostanze chimiche, ma anche il nostro uso di cibo animale e la pandemia di Corona che ci stanno dando un inequivocabile e doloroso ricordo della minaccia di quest'anno. Cosa fare per il cambiamento climatico? In tutto il pianeta stiamo sentendo gli effetti negativi sul nostro clima e quindi su tutte le forme di vita. Anche se ci sono persone, persino nazioni, che ancora si rifiutano di ammetterlo: La terra si sta riscaldando, abbiamo tempo estremo, pi\u00f9 siccit\u00e0 e aridit\u00e0, pi\u00f9 inondazioni, pi\u00f9 uragani e pi\u00f9 forti piogge - questo sta diventando sempre pi\u00f9 evidente anche qui a casa. Allo stesso tempo, la crescita della popolazione globale e la crescente urbanizzazione richiedono un uso responsabile delle risorse limitate. Mangiare animali selvatici dalle zone della giungla non \u00e8 certo la soluzione - come stiamo vedendo con l'emergere di sempre pi\u00f9 nuovi virus. Sta nel giusto radicamento delle norme.<\/p>","protected":false},"excerpt":{"rendered":"<p>Um die negativen Auswirkungen des Menschen auf unseren Planeten zu verringern, brauchen wir den politischen Willen, konkrete Massnahmen, aber sicher auch die richtigen Normen und Instrumente. Dazu geh\u00f6ren internationale Standards, sagt die ISO. Die internationalen Normen der ISO, der International Electrotechnical Commission (IEC) und der Internationalen Fernmeldeunion (ITU), ebenso europ\u00e4ische Normen und viele nationale Normen [&hellip;]<\/p>\n","protected":false},"author":60,"featured_media":10011,"comment_status":"closed","ping_status":"closed","sticky":false,"template":"","format":"standard","meta":{"_acf_changed":false,"footnotes":""},"categories":[4],"tags":[4725],"class_list":["post-10010","post","type-post","status-publish","format-standard","has-post-thumbnail","hentry","category-risikomanagement","tag-11-2020"],"acf":[],"yoast_head":"<!-- This site is optimized with the Yoast SEO plugin v26.2 - https:\/\/yoast.com\/wordpress\/plugins\/seo\/ -->\n<title>Die Normen gegen Risiken wie COVID-19 - MQ Management und Qualit\u00e4t<\/title>\n<meta name=\"description\" content=\"\u00abProtecting the planet with standards\u00bb, so hiess das Motto zum Weltnormentag der Internationalen Organisation f\u00fcr Normung (ISO). Sie hatte ihren Gedenktag am 14. Oktober 2020 unter das Thema Umweltschutz gestellt. Im Fokus stehen dabei nicht unbedingt \u00abnur\u00bb Umweltnormen, sondern auch international anerkannte Normen, die unsere Sicherheit und Gesundheit ber\u00fccksichtigen.\" \/>\n<meta name=\"robots\" content=\"index, follow, max-snippet:-1, max-image-preview:large, max-video-preview:-1\" \/>\n<link rel=\"canonical\" href=\"https:\/\/www.m-q.ch\/it\/gli-standard-contro-rischi-come-il-covid-19\/\" \/>\n<meta property=\"og:locale\" content=\"it_IT\" \/>\n<meta property=\"og:type\" content=\"article\" \/>\n<meta property=\"og:title\" content=\"Die Normen gegen Risiken wie COVID-19 - MQ Management und Qualit\u00e4t\" \/>\n<meta property=\"og:description\" content=\"\u00abProtecting the planet with standards\u00bb, so hiess das Motto zum Weltnormentag der Internationalen Organisation f\u00fcr Normung (ISO). Sie hatte ihren Gedenktag am 14. Oktober 2020 unter das Thema Umweltschutz gestellt. Im Fokus stehen dabei nicht unbedingt \u00abnur\u00bb Umweltnormen, sondern auch international anerkannte Normen, die unsere Sicherheit und Gesundheit ber\u00fccksichtigen.\" \/>\n<meta property=\"og:url\" content=\"https:\/\/www.m-q.ch\/it\/gli-standard-contro-rischi-come-il-covid-19\/\" \/>\n<meta property=\"og:site_name\" content=\"MQ Management und Qualit\u00e4t\" \/>\n<meta property=\"article:publisher\" content=\"https:\/\/www.facebook.com\/ManagementUndQualitaet\" \/>\n<meta property=\"article:published_time\" content=\"2020-11-20T05:52:19+00:00\" \/>\n<meta property=\"article:modified_time\" content=\"2021-02-09T08:20:57+00:00\" \/>\n<meta property=\"og:image\" content=\"https:\/\/www.m-q.ch\/wp-content\/uploads\/2021\/02\/06.jpg\" \/>\n\t<meta property=\"og:image:width\" content=\"565\" \/>\n\t<meta property=\"og:image:height\" content=\"443\" \/>\n\t<meta property=\"og:image:type\" content=\"image\/jpeg\" \/>\n<meta name=\"author\" content=\"upwork\" \/>\n<meta name=\"twitter:card\" content=\"summary_large_image\" \/>\n<meta name=\"twitter:label1\" content=\"Scritto da\" \/>\n\t<meta name=\"twitter:data1\" content=\"upwork\" \/>\n\t<meta name=\"twitter:label2\" content=\"Tempo di lettura stimato\" \/>\n\t<meta name=\"twitter:data2\" content=\"3 minuti\" \/>\n<script type=\"application\/ld+json\" class=\"yoast-schema-graph\">{\"@context\":\"https:\/\/schema.org\",\"@graph\":[{\"@type\":\"Article\",\"@id\":\"https:\/\/www.m-q.ch\/die-normen-gegen-risiken-wie-covid-19\/#article\",\"isPartOf\":{\"@id\":\"https:\/\/www.m-q.ch\/die-normen-gegen-risiken-wie-covid-19\/\"},\"author\":{\"name\":\"upwork\",\"@id\":\"https:\/\/www.m-q.ch\/fr\/#\/schema\/person\/6044ff1d138701fac0f63fd4c5c93267\"},\"headline\":\"Die Normen gegen Risiken wie COVID-19\",\"datePublished\":\"2020-11-20T05:52:19+00:00\",\"dateModified\":\"2021-02-09T08:20:57+00:00\",\"mainEntityOfPage\":{\"@id\":\"https:\/\/www.m-q.ch\/die-normen-gegen-risiken-wie-covid-19\/\"},\"wordCount\":569,\"publisher\":{\"@id\":\"https:\/\/www.m-q.ch\/fr\/#organization\"},\"image\":{\"@id\":\"https:\/\/www.m-q.ch\/die-normen-gegen-risiken-wie-covid-19\/#primaryimage\"},\"thumbnailUrl\":\"https:\/\/www.m-q.ch\/wp-content\/uploads\/2021\/02\/06.jpg\",\"keywords\":[\"11\/2020\"],\"articleSection\":[\"Risikomanagement\"],\"inLanguage\":\"it-IT\"},{\"@type\":\"WebPage\",\"@id\":\"https:\/\/www.m-q.ch\/die-normen-gegen-risiken-wie-covid-19\/\",\"url\":\"https:\/\/www.m-q.ch\/die-normen-gegen-risiken-wie-covid-19\/\",\"name\":\"Die Normen gegen Risiken wie COVID-19 - MQ Management und Qualit\u00e4t\",\"isPartOf\":{\"@id\":\"https:\/\/www.m-q.ch\/fr\/#website\"},\"primaryImageOfPage\":{\"@id\":\"https:\/\/www.m-q.ch\/die-normen-gegen-risiken-wie-covid-19\/#primaryimage\"},\"image\":{\"@id\":\"https:\/\/www.m-q.ch\/die-normen-gegen-risiken-wie-covid-19\/#primaryimage\"},\"thumbnailUrl\":\"https:\/\/www.m-q.ch\/wp-content\/uploads\/2021\/02\/06.jpg\",\"datePublished\":\"2020-11-20T05:52:19+00:00\",\"dateModified\":\"2021-02-09T08:20:57+00:00\",\"description\":\"\u00abProtecting the planet with standards\u00bb, so hiess das Motto zum Weltnormentag der Internationalen Organisation f\u00fcr Normung (ISO). Sie hatte ihren Gedenktag am 14. Oktober 2020 unter das Thema Umweltschutz gestellt. Im Fokus stehen dabei nicht unbedingt \u00abnur\u00bb Umweltnormen, sondern auch international anerkannte Normen, die unsere Sicherheit und Gesundheit ber\u00fccksichtigen.\",\"breadcrumb\":{\"@id\":\"https:\/\/www.m-q.ch\/die-normen-gegen-risiken-wie-covid-19\/#breadcrumb\"},\"inLanguage\":\"it-IT\",\"potentialAction\":[{\"@type\":\"ReadAction\",\"target\":[\"https:\/\/www.m-q.ch\/die-normen-gegen-risiken-wie-covid-19\/\"]}]},{\"@type\":\"ImageObject\",\"inLanguage\":\"it-IT\",\"@id\":\"https:\/\/www.m-q.ch\/die-normen-gegen-risiken-wie-covid-19\/#primaryimage\",\"url\":\"https:\/\/www.m-q.ch\/wp-content\/uploads\/2021\/02\/06.jpg\",\"contentUrl\":\"https:\/\/www.m-q.ch\/wp-content\/uploads\/2021\/02\/06.jpg\",\"width\":565,\"height\":443},{\"@type\":\"BreadcrumbList\",\"@id\":\"https:\/\/www.m-q.ch\/die-normen-gegen-risiken-wie-covid-19\/#breadcrumb\",\"itemListElement\":[{\"@type\":\"ListItem\",\"position\":1,\"name\":\"Risikomanagement\",\"item\":\"https:\/\/www.m-q.ch\/kategorie\/risikomanagement\/\"},{\"@type\":\"ListItem\",\"position\":2,\"name\":\"Die Normen gegen Risiken wie COVID-19\"}]},{\"@type\":\"WebSite\",\"@id\":\"https:\/\/www.m-q.ch\/fr\/#website\",\"url\":\"https:\/\/www.m-q.ch\/fr\/\",\"name\":\"MQ Management und Qualit\u00e4t\",\"description\":\"Plattform f\u00fcr integrierte Managementsysteme.\",\"publisher\":{\"@id\":\"https:\/\/www.m-q.ch\/fr\/#organization\"},\"potentialAction\":[{\"@type\":\"SearchAction\",\"target\":{\"@type\":\"EntryPoint\",\"urlTemplate\":\"https:\/\/www.m-q.ch\/fr\/?s={search_term_string}\"},\"query-input\":{\"@type\":\"PropertyValueSpecification\",\"valueRequired\":true,\"valueName\":\"search_term_string\"}}],\"inLanguage\":\"it-IT\"},{\"@type\":\"Organization\",\"@id\":\"https:\/\/www.m-q.ch\/fr\/#organization\",\"name\":\"Galledia Fachmedien AG\",\"url\":\"https:\/\/www.m-q.ch\/fr\/\",\"logo\":{\"@type\":\"ImageObject\",\"inLanguage\":\"it-IT\",\"@id\":\"https:\/\/www.m-q.ch\/fr\/#\/schema\/logo\/image\/\",\"url\":\"https:\/\/www.m-q.ch\/wp-content\/uploads\/2020\/12\/cropped-logo_small.png\",\"contentUrl\":\"https:\/\/www.m-q.ch\/wp-content\/uploads\/2020\/12\/cropped-logo_small.png\",\"width\":512,\"height\":512,\"caption\":\"Galledia Fachmedien AG\"},\"image\":{\"@id\":\"https:\/\/www.m-q.ch\/fr\/#\/schema\/logo\/image\/\"},\"sameAs\":[\"https:\/\/www.facebook.com\/ManagementUndQualitaet\",\"https:\/\/www.linkedin.com\/showcase\/17982321\/admin\/\"]},{\"@type\":\"Person\",\"@id\":\"https:\/\/www.m-q.ch\/fr\/#\/schema\/person\/6044ff1d138701fac0f63fd4c5c93267\",\"name\":\"upwork\",\"image\":{\"@type\":\"ImageObject\",\"inLanguage\":\"it-IT\",\"@id\":\"https:\/\/www.m-q.ch\/fr\/#\/schema\/person\/image\/\",\"url\":\"https:\/\/secure.gravatar.com\/avatar\/fe2de2b04483edb0f28eb7fd34d15d6c?s=96&d=mm&r=g\",\"contentUrl\":\"https:\/\/secure.gravatar.com\/avatar\/fe2de2b04483edb0f28eb7fd34d15d6c?s=96&d=mm&r=g\",\"caption\":\"upwork\"},\"description\":\"uf3J7(qCI6jN0^0y6%%0ti70\",\"url\":\"https:\/\/www.m-q.ch\/it\/author\/upwork\/\"}]}<\/script>\n<!-- \/ Yoast SEO plugin. -->","yoast_head_json":{"title":"Le norme contro i rischi come COVID-19 - MQ Management and Quality","description":"\"Proteggere il pianeta con gli standard\" \u00e8 stato il motto della Giornata Mondiale degli Standard dell'Organizzazione Internazionale per la Standardizzazione (ISO). Aveva scelto il tema della protezione dell'ambiente per la sua giornata commemorativa il 14 ottobre 2020. L'attenzione non \u00e8 necessariamente \"solo\" sugli standard ambientali, ma anche su quelli riconosciuti a livello internazionale che tengono conto della nostra salute e sicurezza.","robots":{"index":"index","follow":"follow","max-snippet":"max-snippet:-1","max-image-preview":"max-image-preview:large","max-video-preview":"max-video-preview:-1"},"canonical":"https:\/\/www.m-q.ch\/it\/gli-standard-contro-rischi-come-il-covid-19\/","og_locale":"it_IT","og_type":"article","og_title":"Die Normen gegen Risiken wie COVID-19 - MQ Management und Qualit\u00e4t","og_description":"\u00abProtecting the planet with standards\u00bb, so hiess das Motto zum Weltnormentag der Internationalen Organisation f\u00fcr Normung (ISO). Sie hatte ihren Gedenktag am 14. Oktober 2020 unter das Thema Umweltschutz gestellt. Im Fokus stehen dabei nicht unbedingt \u00abnur\u00bb Umweltnormen, sondern auch international anerkannte Normen, die unsere Sicherheit und Gesundheit ber\u00fccksichtigen.","og_url":"https:\/\/www.m-q.ch\/it\/gli-standard-contro-rischi-come-il-covid-19\/","og_site_name":"MQ Management und Qualit\u00e4t","article_publisher":"https:\/\/www.facebook.com\/ManagementUndQualitaet","article_published_time":"2020-11-20T05:52:19+00:00","article_modified_time":"2021-02-09T08:20:57+00:00","og_image":[{"width":565,"height":443,"url":"https:\/\/www.m-q.ch\/wp-content\/uploads\/2021\/02\/06.jpg","type":"image\/jpeg"}],"author":"upwork","twitter_card":"summary_large_image","twitter_misc":{"Scritto da":"upwork","Tempo di lettura stimato":"3 minuti"},"schema":{"@context":"https:\/\/schema.org","@graph":[{"@type":"Article","@id":"https:\/\/www.m-q.ch\/die-normen-gegen-risiken-wie-covid-19\/#article","isPartOf":{"@id":"https:\/\/www.m-q.ch\/die-normen-gegen-risiken-wie-covid-19\/"},"author":{"name":"upwork","@id":"https:\/\/www.m-q.ch\/fr\/#\/schema\/person\/6044ff1d138701fac0f63fd4c5c93267"},"headline":"Die Normen gegen Risiken wie COVID-19","datePublished":"2020-11-20T05:52:19+00:00","dateModified":"2021-02-09T08:20:57+00:00","mainEntityOfPage":{"@id":"https:\/\/www.m-q.ch\/die-normen-gegen-risiken-wie-covid-19\/"},"wordCount":569,"publisher":{"@id":"https:\/\/www.m-q.ch\/fr\/#organization"},"image":{"@id":"https:\/\/www.m-q.ch\/die-normen-gegen-risiken-wie-covid-19\/#primaryimage"},"thumbnailUrl":"https:\/\/www.m-q.ch\/wp-content\/uploads\/2021\/02\/06.jpg","keywords":["11\/2020"],"articleSection":["Risikomanagement"],"inLanguage":"it-IT"},{"@type":"WebPage","@id":"https:\/\/www.m-q.ch\/die-normen-gegen-risiken-wie-covid-19\/","url":"https:\/\/www.m-q.ch\/die-normen-gegen-risiken-wie-covid-19\/","name":"Le norme contro i rischi come COVID-19 - MQ Management and Quality","isPartOf":{"@id":"https:\/\/www.m-q.ch\/fr\/#website"},"primaryImageOfPage":{"@id":"https:\/\/www.m-q.ch\/die-normen-gegen-risiken-wie-covid-19\/#primaryimage"},"image":{"@id":"https:\/\/www.m-q.ch\/die-normen-gegen-risiken-wie-covid-19\/#primaryimage"},"thumbnailUrl":"https:\/\/www.m-q.ch\/wp-content\/uploads\/2021\/02\/06.jpg","datePublished":"2020-11-20T05:52:19+00:00","dateModified":"2021-02-09T08:20:57+00:00","description":"\"Proteggere il pianeta con gli standard\" \u00e8 stato il motto della Giornata Mondiale degli Standard dell'Organizzazione Internazionale per la Standardizzazione (ISO). Aveva scelto il tema della protezione dell'ambiente per la sua giornata commemorativa il 14 ottobre 2020. L'attenzione non \u00e8 necessariamente \"solo\" sugli standard ambientali, ma anche su quelli riconosciuti a livello internazionale che tengono conto della nostra salute e sicurezza.","breadcrumb":{"@id":"https:\/\/www.m-q.ch\/die-normen-gegen-risiken-wie-covid-19\/#breadcrumb"},"inLanguage":"it-IT","potentialAction":[{"@type":"ReadAction","target":["https:\/\/www.m-q.ch\/die-normen-gegen-risiken-wie-covid-19\/"]}]},{"@type":"ImageObject","inLanguage":"it-IT","@id":"https:\/\/www.m-q.ch\/die-normen-gegen-risiken-wie-covid-19\/#primaryimage","url":"https:\/\/www.m-q.ch\/wp-content\/uploads\/2021\/02\/06.jpg","contentUrl":"https:\/\/www.m-q.ch\/wp-content\/uploads\/2021\/02\/06.jpg","width":565,"height":443},{"@type":"BreadcrumbList","@id":"https:\/\/www.m-q.ch\/die-normen-gegen-risiken-wie-covid-19\/#breadcrumb","itemListElement":[{"@type":"ListItem","position":1,"name":"Risikomanagement","item":"https:\/\/www.m-q.ch\/kategorie\/risikomanagement\/"},{"@type":"ListItem","position":2,"name":"Die Normen gegen Risiken wie COVID-19"}]},{"@type":"WebSite","@id":"https:\/\/www.m-q.ch\/fr\/#website","url":"https:\/\/www.m-q.ch\/fr\/","name":"Gestione e qualit\u00e0 MQ","description":"Piattaforma per sistemi di gestione integrati.","publisher":{"@id":"https:\/\/www.m-q.ch\/fr\/#organization"},"potentialAction":[{"@type":"SearchAction","target":{"@type":"EntryPoint","urlTemplate":"https:\/\/www.m-q.ch\/fr\/?s={search_term_string}"},"query-input":{"@type":"PropertyValueSpecification","valueRequired":true,"valueName":"search_term_string"}}],"inLanguage":"it-IT"},{"@type":"Organization","@id":"https:\/\/www.m-q.ch\/fr\/#organization","name":"Galledia Fachmedien AG","url":"https:\/\/www.m-q.ch\/fr\/","logo":{"@type":"ImageObject","inLanguage":"it-IT","@id":"https:\/\/www.m-q.ch\/fr\/#\/schema\/logo\/image\/","url":"https:\/\/www.m-q.ch\/wp-content\/uploads\/2020\/12\/cropped-logo_small.png","contentUrl":"https:\/\/www.m-q.ch\/wp-content\/uploads\/2020\/12\/cropped-logo_small.png","width":512,"height":512,"caption":"Galledia Fachmedien AG"},"image":{"@id":"https:\/\/www.m-q.ch\/fr\/#\/schema\/logo\/image\/"},"sameAs":["https:\/\/www.facebook.com\/ManagementUndQualitaet","https:\/\/www.linkedin.com\/showcase\/17982321\/admin\/"]},{"@type":"Person","@id":"https:\/\/www.m-q.ch\/fr\/#\/schema\/person\/6044ff1d138701fac0f63fd4c5c93267","name":"upwork","image":{"@type":"ImageObject","inLanguage":"it-IT","@id":"https:\/\/www.m-q.ch\/fr\/#\/schema\/person\/image\/","url":"https:\/\/secure.gravatar.com\/avatar\/fe2de2b04483edb0f28eb7fd34d15d6c?s=96&d=mm&r=g","contentUrl":"https:\/\/secure.gravatar.com\/avatar\/fe2de2b04483edb0f28eb7fd34d15d6c?s=96&d=mm&r=g","caption":"upwork"},"description":"uf3J7(qCI6jN0^0y6%%0ti70","url":"https:\/\/www.m-q.ch\/it\/author\/upwork\/"}]}},"_links":{"self":[{"href":"https:\/\/www.m-q.ch\/it\/wp-json\/wp\/v2\/posts\/10010","targetHints":{"allow":["GET"]}}],"collection":[{"href":"https:\/\/www.m-q.ch\/it\/wp-json\/wp\/v2\/posts"}],"about":[{"href":"https:\/\/www.m-q.ch\/it\/wp-json\/wp\/v2\/types\/post"}],"author":[{"embeddable":true,"href":"https:\/\/www.m-q.ch\/it\/wp-json\/wp\/v2\/users\/60"}],"replies":[{"embeddable":true,"href":"https:\/\/www.m-q.ch\/it\/wp-json\/wp\/v2\/comments?post=10010"}],"version-history":[{"count":3,"href":"https:\/\/www.m-q.ch\/it\/wp-json\/wp\/v2\/posts\/10010\/revisions"}],"predecessor-version":[{"id":10063,"href":"https:\/\/www.m-q.ch\/it\/wp-json\/wp\/v2\/posts\/10010\/revisions\/10063"}],"wp:featuredmedia":[{"embeddable":true,"href":"https:\/\/www.m-q.ch\/it\/wp-json\/wp\/v2\/media\/10011"}],"wp:attachment":[{"href":"https:\/\/www.m-q.ch\/it\/wp-json\/wp\/v2\/media?parent=10010"}],"wp:term":[{"taxonomy":"category","embeddable":true,"href":"https:\/\/www.m-q.ch\/it\/wp-json\/wp\/v2\/categories?post=10010"},{"taxonomy":"post_tag","embeddable":true,"href":"https:\/\/www.m-q.ch\/it\/wp-json\/wp\/v2\/tags?post=10010"}],"curies":[{"name":"wp","href":"https:\/\/api.w.org\/{rel}","templated":true}]}}