{"id":10175,"date":"2020-09-04T11:46:53","date_gmt":"2020-09-04T09:46:53","guid":{"rendered":"https:\/\/www.m-q.ch\/?p=10175"},"modified":"2021-02-11T15:53:23","modified_gmt":"2021-02-11T14:53:23","slug":"la-performance-oui-ma-durevole","status":"publish","type":"post","link":"https:\/\/www.m-q.ch\/it\/la-performance-oui-mais-durable\/","title":{"rendered":"La performance oui, ma durevole!"},"content":{"rendered":"<p><img loading=\"lazy\" decoding=\"async\" class=\"alignnone  wp-image-10177\" src=\"https:\/\/www.m-q.ch\/wp-content\/uploads\/2021\/02\/01-2.jpg\" alt=\"\" width=\"833\" height=\"639\" srcset=\"https:\/\/www.m-q.ch\/wp-content\/uploads\/2021\/02\/01-2.jpg 343w, https:\/\/www.m-q.ch\/wp-content\/uploads\/2021\/02\/01-2-16x12.jpg 16w, https:\/\/www.m-q.ch\/wp-content\/uploads\/2021\/02\/01-2-228x175.jpg 228w, https:\/\/www.m-q.ch\/wp-content\/uploads\/2021\/02\/01-2-300x230.jpg 300w\" sizes=\"auto, (max-width: 833px) 100vw, 833px\" \/><\/p>\n<p>Ottenere una performance durevole non significa n\u00e9 un miracolo, n\u00e9 una magia, ma un rigore in ogni momento e un impegno di tutti gli attori.<\/p>\n<p><strong>I pilastri della durabilit\u00e0<\/strong><\/p>\n<p>Per essere durevole, una performance di alto livello deve essere applicata su pi\u00f9 pistoni:<\/p>\n<ul>\n<li>Pianificazione strategica sostenibile: Pianificazione strategica non significa prendere decisioni nel futuro, ma piuttosto prendere decisioni oggi che avranno conseguenze nel futuro (bottom-up e top-down, Hoshin Kanri ...).<\/li>\n<li>Riconfigurazione dei flussi e dei processi che favoriscono una soddisfazione durevole delle parti prenatali.<\/li>\n<li>Pilotaggio della performance: come mettere in atto un sistema di pilotaggio della performance durevole? Come organizzare e gestire le crisi (pandemie, ecc.)?<\/li>\n<li>Organizzazione durevole: quale organizzazione operativa favorisce la risoluzione dei problemi e il miglioramento continuo?<\/li>\n<li>Gestione delle risorse: responsabilizzazione, autonomizzazione, iniziativa, impegno, motivazione, soddisfazione al lavoro (felicit\u00e0 al lavoro, prevenzione del burn-out e della noia)<\/li>\n<li>Sviluppo di una cultura della performance durevole: Change Management, apprendistato per errore, gestione partecipativa, formazione e comunicazione<\/li>\n<li>Responsabilit\u00e0 sociale e performance durevole: necessit\u00e0 di diminuire rapidamente gli impatti ecologici e sociali negativi delle imprese, in una transizione verso un'economia e una societ\u00e0 della durata (Qualit\u00e0 totale e responsabilit\u00e0 aziendale, certificazione sociale B-Corp, Ambiente, Lean&amp;Green)<\/li>\n<\/ul>\n<p>In breve: la performance durevole \u00e8 una ricerca perp\u00e9tuelle d'equilibrio tra gli aspetti economici, sociali e ambientali. \u00c8 logicamente legata alla responsabilit\u00e0 sociale, perch\u00e9 sta diventando indispensabile per ridurre rapidamente gli impatti ambientali e sociali negativi delle aziende in una transizione verso un'economia e una societ\u00e0 della sostenibilit\u00e0.<\/p>\n<p>Punti forti del programma<\/p>\n<p>L'evento \u00e8 particolarmente rivolto alle aziende industriali e ai servizi che vogliono avere uno sviluppo sostenibile. Ecco gli elementi del programma conosciuti oggi:<\/p>\n<ul>\n<li>L'associazione Ecoparc e il programma Eco Entreprise presenteranno una panoramica degli sforzi di pi\u00f9 di 200 aziende nel campo dello sviluppo sostenibile e della responsabilit\u00e0 sociale, cos\u00ec come le tendenze. Relatori del CHUV, Polyval, T\u00e9l\u00e9Verbier e eHnv presenteranno i loro progetti.<\/li>\n<\/ul>\n<p>Gli organizzatori hanno anche il piacere di accoglierli:<\/p>\n<ul>\n<li>Thomas Wiesel, umorista francese. Al di l\u00e0 dei suoi finti-semblanti di prima classe, il giornalista declama con uno stile autentico e minimalista le sue battute cisellari, senza paragonare nessuno, e soprattutto non luim\u00eame.<\/li>\n<li>Jean-Pierre Egger, ex sportivo di alto livello e partecipante ai giochi olimpici, allenatore d'\u00e9lite, allenatore e consulente di Swiss Olympic. Forma i dirigenti d'azienda sul modello del percorso verso l'eccellenza che ha sviluppato.<\/li>\n<\/ul>\n<p>Pi\u00f9 ampie informazioni sono disponibili sul sito www.forep.ch e sono aggiornate in permanenza. \u00c8 anche possibile partecipare alla conferenza virtualmente, e le condizioni saranno annunciate a breve. Ed \u00e8 evidente che le norme sanitarie in vigore a questa data saranno rispettate.<\/p>","protected":false},"excerpt":{"rendered":"<p>Obtenir une performance durable ne rel\u00e8ve ni du miracle, ni de la magie, mais d\u2019une rigueur de tous les jours et d\u2019un engagement de tous les acteurs. Les piliers de la durabilit\u00e9 Pour \u00eatre durable, une performance de haut niveau doit s\u2019appuyer sur plusieurs piliers: Planification strat\u00e9gique durable: La planification strat\u00e9gique ne veut pas dire [&hellip;]<\/p>\n","protected":false},"author":60,"featured_media":10177,"comment_status":"closed","ping_status":"closed","sticky":false,"template":"","format":"standard","meta":{"_acf_changed":false,"footnotes":""},"categories":[4448],"tags":[4764],"class_list":["post-10175","post","type-post","status-publish","format-standard","has-post-thumbnail","hentry","category-allgemein","tag-08-09-2020"],"acf":[],"yoast_head":"<!-- This site is optimized with the Yoast SEO plugin v26.2 - https:\/\/yoast.com\/wordpress\/plugins\/seo\/ -->\n<title>La performance oui, mais durable! - MQ Management und Qualit\u00e4t<\/title>\n<meta name=\"description\" content=\"Le prochain FOREP \u2013 Forum Excellence &amp; Performance \u2013 aura lieu le 29 octobre 2020 \u00e0 la salle La Marive, \u00e0 Yverdon-les-Bains, et portera sur la th\u00e9matique suivante: \u00abLa performance oui, mais durable!\u00bb\" \/>\n<meta name=\"robots\" content=\"index, follow, max-snippet:-1, max-image-preview:large, max-video-preview:-1\" \/>\n<link rel=\"canonical\" href=\"https:\/\/www.m-q.ch\/it\/la-performance-oui-ma-durevole\/\" \/>\n<meta property=\"og:locale\" content=\"it_IT\" \/>\n<meta property=\"og:type\" content=\"article\" \/>\n<meta property=\"og:title\" content=\"La performance oui, mais durable! - MQ Management und Qualit\u00e4t\" \/>\n<meta property=\"og:description\" content=\"Le prochain FOREP \u2013 Forum Excellence &amp; Performance \u2013 aura lieu le 29 octobre 2020 \u00e0 la salle La Marive, \u00e0 Yverdon-les-Bains, et portera sur la th\u00e9matique suivante: \u00abLa performance oui, mais durable!\u00bb\" \/>\n<meta property=\"og:url\" content=\"https:\/\/www.m-q.ch\/it\/la-performance-oui-ma-durevole\/\" \/>\n<meta property=\"og:site_name\" content=\"MQ Management und Qualit\u00e4t\" \/>\n<meta property=\"article:publisher\" content=\"https:\/\/www.facebook.com\/ManagementUndQualitaet\" \/>\n<meta property=\"article:published_time\" content=\"2020-09-04T09:46:53+00:00\" \/>\n<meta property=\"article:modified_time\" content=\"2021-02-11T14:53:23+00:00\" \/>\n<meta property=\"og:image\" content=\"https:\/\/www.m-q.ch\/wp-content\/uploads\/2021\/02\/01-2.jpg\" \/>\n\t<meta property=\"og:image:width\" content=\"343\" \/>\n\t<meta property=\"og:image:height\" content=\"263\" \/>\n\t<meta property=\"og:image:type\" content=\"image\/jpeg\" \/>\n<meta name=\"author\" content=\"upwork\" \/>\n<meta name=\"twitter:card\" content=\"summary_large_image\" \/>\n<meta name=\"twitter:label1\" content=\"Scritto da\" \/>\n\t<meta name=\"twitter:data1\" content=\"upwork\" \/>\n\t<meta name=\"twitter:label2\" content=\"Tempo di lettura stimato\" \/>\n\t<meta name=\"twitter:data2\" content=\"3 minuti\" \/>\n<script type=\"application\/ld+json\" class=\"yoast-schema-graph\">{\"@context\":\"https:\/\/schema.org\",\"@graph\":[{\"@type\":\"Article\",\"@id\":\"https:\/\/www.m-q.ch\/la-performance-oui-mais-durable\/#article\",\"isPartOf\":{\"@id\":\"https:\/\/www.m-q.ch\/la-performance-oui-mais-durable\/\"},\"author\":{\"name\":\"upwork\",\"@id\":\"https:\/\/www.m-q.ch\/fr\/#\/schema\/person\/6044ff1d138701fac0f63fd4c5c93267\"},\"headline\":\"La performance oui, mais durable!\",\"datePublished\":\"2020-09-04T09:46:53+00:00\",\"dateModified\":\"2021-02-11T14:53:23+00:00\",\"mainEntityOfPage\":{\"@id\":\"https:\/\/www.m-q.ch\/la-performance-oui-mais-durable\/\"},\"wordCount\":521,\"publisher\":{\"@id\":\"https:\/\/www.m-q.ch\/fr\/#organization\"},\"image\":{\"@id\":\"https:\/\/www.m-q.ch\/la-performance-oui-mais-durable\/#primaryimage\"},\"thumbnailUrl\":\"https:\/\/www.m-q.ch\/wp-content\/uploads\/2021\/02\/01-2.jpg\",\"keywords\":[\"08-09\/2020\"],\"articleSection\":[\"Allgemein\"],\"inLanguage\":\"it-IT\"},{\"@type\":\"WebPage\",\"@id\":\"https:\/\/www.m-q.ch\/la-performance-oui-mais-durable\/\",\"url\":\"https:\/\/www.m-q.ch\/la-performance-oui-mais-durable\/\",\"name\":\"La performance oui, mais durable! - MQ Management und Qualit\u00e4t\",\"isPartOf\":{\"@id\":\"https:\/\/www.m-q.ch\/fr\/#website\"},\"primaryImageOfPage\":{\"@id\":\"https:\/\/www.m-q.ch\/la-performance-oui-mais-durable\/#primaryimage\"},\"image\":{\"@id\":\"https:\/\/www.m-q.ch\/la-performance-oui-mais-durable\/#primaryimage\"},\"thumbnailUrl\":\"https:\/\/www.m-q.ch\/wp-content\/uploads\/2021\/02\/01-2.jpg\",\"datePublished\":\"2020-09-04T09:46:53+00:00\",\"dateModified\":\"2021-02-11T14:53:23+00:00\",\"description\":\"Le prochain FOREP \u2013 Forum Excellence & Performance \u2013 aura lieu le 29 octobre 2020 \u00e0 la salle La Marive, \u00e0 Yverdon-les-Bains, et portera sur la th\u00e9matique suivante: \u00abLa performance oui, mais durable!\u00bb\",\"breadcrumb\":{\"@id\":\"https:\/\/www.m-q.ch\/la-performance-oui-mais-durable\/#breadcrumb\"},\"inLanguage\":\"it-IT\",\"potentialAction\":[{\"@type\":\"ReadAction\",\"target\":[\"https:\/\/www.m-q.ch\/la-performance-oui-mais-durable\/\"]}]},{\"@type\":\"ImageObject\",\"inLanguage\":\"it-IT\",\"@id\":\"https:\/\/www.m-q.ch\/la-performance-oui-mais-durable\/#primaryimage\",\"url\":\"https:\/\/www.m-q.ch\/wp-content\/uploads\/2021\/02\/01-2.jpg\",\"contentUrl\":\"https:\/\/www.m-q.ch\/wp-content\/uploads\/2021\/02\/01-2.jpg\",\"width\":343,\"height\":263},{\"@type\":\"BreadcrumbList\",\"@id\":\"https:\/\/www.m-q.ch\/la-performance-oui-mais-durable\/#breadcrumb\",\"itemListElement\":[{\"@type\":\"ListItem\",\"position\":1,\"name\":\"Allgemein\",\"item\":\"https:\/\/www.m-q.ch\/kategorie\/allgemein\/\"},{\"@type\":\"ListItem\",\"position\":2,\"name\":\"La performance oui, mais durable!\"}]},{\"@type\":\"WebSite\",\"@id\":\"https:\/\/www.m-q.ch\/fr\/#website\",\"url\":\"https:\/\/www.m-q.ch\/fr\/\",\"name\":\"MQ Management und Qualit\u00e4t\",\"description\":\"Plattform f\u00fcr integrierte Managementsysteme.\",\"publisher\":{\"@id\":\"https:\/\/www.m-q.ch\/fr\/#organization\"},\"potentialAction\":[{\"@type\":\"SearchAction\",\"target\":{\"@type\":\"EntryPoint\",\"urlTemplate\":\"https:\/\/www.m-q.ch\/fr\/?s={search_term_string}\"},\"query-input\":{\"@type\":\"PropertyValueSpecification\",\"valueRequired\":true,\"valueName\":\"search_term_string\"}}],\"inLanguage\":\"it-IT\"},{\"@type\":\"Organization\",\"@id\":\"https:\/\/www.m-q.ch\/fr\/#organization\",\"name\":\"Galledia Fachmedien AG\",\"url\":\"https:\/\/www.m-q.ch\/fr\/\",\"logo\":{\"@type\":\"ImageObject\",\"inLanguage\":\"it-IT\",\"@id\":\"https:\/\/www.m-q.ch\/fr\/#\/schema\/logo\/image\/\",\"url\":\"https:\/\/www.m-q.ch\/wp-content\/uploads\/2020\/12\/cropped-logo_small.png\",\"contentUrl\":\"https:\/\/www.m-q.ch\/wp-content\/uploads\/2020\/12\/cropped-logo_small.png\",\"width\":512,\"height\":512,\"caption\":\"Galledia Fachmedien AG\"},\"image\":{\"@id\":\"https:\/\/www.m-q.ch\/fr\/#\/schema\/logo\/image\/\"},\"sameAs\":[\"https:\/\/www.facebook.com\/ManagementUndQualitaet\",\"https:\/\/www.linkedin.com\/showcase\/17982321\/admin\/\"]},{\"@type\":\"Person\",\"@id\":\"https:\/\/www.m-q.ch\/fr\/#\/schema\/person\/6044ff1d138701fac0f63fd4c5c93267\",\"name\":\"upwork\",\"image\":{\"@type\":\"ImageObject\",\"inLanguage\":\"it-IT\",\"@id\":\"https:\/\/www.m-q.ch\/fr\/#\/schema\/person\/image\/\",\"url\":\"https:\/\/secure.gravatar.com\/avatar\/fe2de2b04483edb0f28eb7fd34d15d6c?s=96&d=mm&r=g\",\"contentUrl\":\"https:\/\/secure.gravatar.com\/avatar\/fe2de2b04483edb0f28eb7fd34d15d6c?s=96&d=mm&r=g\",\"caption\":\"upwork\"},\"description\":\"uf3J7(qCI6jN0^0y6%%0ti70\",\"url\":\"https:\/\/www.m-q.ch\/it\/author\/upwork\/\"}]}<\/script>\n<!-- \/ Yoast SEO plugin. -->","yoast_head_json":{"title":"La performance oui, ma durevole! - MQ Gestione e qualit\u00e0","description":"Il prossimo FOREP - Forum Excellence &amp; Performance - avr\u00e0 luogo il 29 ottobre 2020 presso la sala La Marive, a Yverdon-les-Bains, e si svolger\u00e0 sulla tematica seguente: \"La performance oui, ma durevole!","robots":{"index":"index","follow":"follow","max-snippet":"max-snippet:-1","max-image-preview":"max-image-preview:large","max-video-preview":"max-video-preview:-1"},"canonical":"https:\/\/www.m-q.ch\/it\/la-performance-oui-ma-durevole\/","og_locale":"it_IT","og_type":"article","og_title":"La performance oui, mais durable! - MQ Management und Qualit\u00e4t","og_description":"Le prochain FOREP \u2013 Forum Excellence & Performance \u2013 aura lieu le 29 octobre 2020 \u00e0 la salle La Marive, \u00e0 Yverdon-les-Bains, et portera sur la th\u00e9matique suivante: \u00abLa performance oui, mais durable!\u00bb","og_url":"https:\/\/www.m-q.ch\/it\/la-performance-oui-ma-durevole\/","og_site_name":"MQ Management und Qualit\u00e4t","article_publisher":"https:\/\/www.facebook.com\/ManagementUndQualitaet","article_published_time":"2020-09-04T09:46:53+00:00","article_modified_time":"2021-02-11T14:53:23+00:00","og_image":[{"width":343,"height":263,"url":"https:\/\/www.m-q.ch\/wp-content\/uploads\/2021\/02\/01-2.jpg","type":"image\/jpeg"}],"author":"upwork","twitter_card":"summary_large_image","twitter_misc":{"Scritto da":"upwork","Tempo di lettura stimato":"3 minuti"},"schema":{"@context":"https:\/\/schema.org","@graph":[{"@type":"Article","@id":"https:\/\/www.m-q.ch\/la-performance-oui-mais-durable\/#article","isPartOf":{"@id":"https:\/\/www.m-q.ch\/la-performance-oui-mais-durable\/"},"author":{"name":"upwork","@id":"https:\/\/www.m-q.ch\/fr\/#\/schema\/person\/6044ff1d138701fac0f63fd4c5c93267"},"headline":"La performance oui, mais durable!","datePublished":"2020-09-04T09:46:53+00:00","dateModified":"2021-02-11T14:53:23+00:00","mainEntityOfPage":{"@id":"https:\/\/www.m-q.ch\/la-performance-oui-mais-durable\/"},"wordCount":521,"publisher":{"@id":"https:\/\/www.m-q.ch\/fr\/#organization"},"image":{"@id":"https:\/\/www.m-q.ch\/la-performance-oui-mais-durable\/#primaryimage"},"thumbnailUrl":"https:\/\/www.m-q.ch\/wp-content\/uploads\/2021\/02\/01-2.jpg","keywords":["08-09\/2020"],"articleSection":["Allgemein"],"inLanguage":"it-IT"},{"@type":"WebPage","@id":"https:\/\/www.m-q.ch\/la-performance-oui-mais-durable\/","url":"https:\/\/www.m-q.ch\/la-performance-oui-mais-durable\/","name":"La performance oui, ma durevole! - MQ Gestione e qualit\u00e0","isPartOf":{"@id":"https:\/\/www.m-q.ch\/fr\/#website"},"primaryImageOfPage":{"@id":"https:\/\/www.m-q.ch\/la-performance-oui-mais-durable\/#primaryimage"},"image":{"@id":"https:\/\/www.m-q.ch\/la-performance-oui-mais-durable\/#primaryimage"},"thumbnailUrl":"https:\/\/www.m-q.ch\/wp-content\/uploads\/2021\/02\/01-2.jpg","datePublished":"2020-09-04T09:46:53+00:00","dateModified":"2021-02-11T14:53:23+00:00","description":"Il prossimo FOREP - Forum Excellence &amp; Performance - avr\u00e0 luogo il 29 ottobre 2020 presso la sala La Marive, a Yverdon-les-Bains, e si svolger\u00e0 sulla tematica seguente: \"La performance oui, ma durevole!","breadcrumb":{"@id":"https:\/\/www.m-q.ch\/la-performance-oui-mais-durable\/#breadcrumb"},"inLanguage":"it-IT","potentialAction":[{"@type":"ReadAction","target":["https:\/\/www.m-q.ch\/la-performance-oui-mais-durable\/"]}]},{"@type":"ImageObject","inLanguage":"it-IT","@id":"https:\/\/www.m-q.ch\/la-performance-oui-mais-durable\/#primaryimage","url":"https:\/\/www.m-q.ch\/wp-content\/uploads\/2021\/02\/01-2.jpg","contentUrl":"https:\/\/www.m-q.ch\/wp-content\/uploads\/2021\/02\/01-2.jpg","width":343,"height":263},{"@type":"BreadcrumbList","@id":"https:\/\/www.m-q.ch\/la-performance-oui-mais-durable\/#breadcrumb","itemListElement":[{"@type":"ListItem","position":1,"name":"Allgemein","item":"https:\/\/www.m-q.ch\/kategorie\/allgemein\/"},{"@type":"ListItem","position":2,"name":"La performance oui, mais durable!"}]},{"@type":"WebSite","@id":"https:\/\/www.m-q.ch\/fr\/#website","url":"https:\/\/www.m-q.ch\/fr\/","name":"Gestione e qualit\u00e0 MQ","description":"Piattaforma per sistemi di gestione integrati.","publisher":{"@id":"https:\/\/www.m-q.ch\/fr\/#organization"},"potentialAction":[{"@type":"SearchAction","target":{"@type":"EntryPoint","urlTemplate":"https:\/\/www.m-q.ch\/fr\/?s={search_term_string}"},"query-input":{"@type":"PropertyValueSpecification","valueRequired":true,"valueName":"search_term_string"}}],"inLanguage":"it-IT"},{"@type":"Organization","@id":"https:\/\/www.m-q.ch\/fr\/#organization","name":"Galledia Fachmedien AG","url":"https:\/\/www.m-q.ch\/fr\/","logo":{"@type":"ImageObject","inLanguage":"it-IT","@id":"https:\/\/www.m-q.ch\/fr\/#\/schema\/logo\/image\/","url":"https:\/\/www.m-q.ch\/wp-content\/uploads\/2020\/12\/cropped-logo_small.png","contentUrl":"https:\/\/www.m-q.ch\/wp-content\/uploads\/2020\/12\/cropped-logo_small.png","width":512,"height":512,"caption":"Galledia Fachmedien AG"},"image":{"@id":"https:\/\/www.m-q.ch\/fr\/#\/schema\/logo\/image\/"},"sameAs":["https:\/\/www.facebook.com\/ManagementUndQualitaet","https:\/\/www.linkedin.com\/showcase\/17982321\/admin\/"]},{"@type":"Person","@id":"https:\/\/www.m-q.ch\/fr\/#\/schema\/person\/6044ff1d138701fac0f63fd4c5c93267","name":"upwork","image":{"@type":"ImageObject","inLanguage":"it-IT","@id":"https:\/\/www.m-q.ch\/fr\/#\/schema\/person\/image\/","url":"https:\/\/secure.gravatar.com\/avatar\/fe2de2b04483edb0f28eb7fd34d15d6c?s=96&d=mm&r=g","contentUrl":"https:\/\/secure.gravatar.com\/avatar\/fe2de2b04483edb0f28eb7fd34d15d6c?s=96&d=mm&r=g","caption":"upwork"},"description":"uf3J7(qCI6jN0^0y6%%0ti70","url":"https:\/\/www.m-q.ch\/it\/author\/upwork\/"}]}},"_links":{"self":[{"href":"https:\/\/www.m-q.ch\/it\/wp-json\/wp\/v2\/posts\/10175","targetHints":{"allow":["GET"]}}],"collection":[{"href":"https:\/\/www.m-q.ch\/it\/wp-json\/wp\/v2\/posts"}],"about":[{"href":"https:\/\/www.m-q.ch\/it\/wp-json\/wp\/v2\/types\/post"}],"author":[{"embeddable":true,"href":"https:\/\/www.m-q.ch\/it\/wp-json\/wp\/v2\/users\/60"}],"replies":[{"embeddable":true,"href":"https:\/\/www.m-q.ch\/it\/wp-json\/wp\/v2\/comments?post=10175"}],"version-history":[{"count":1,"href":"https:\/\/www.m-q.ch\/it\/wp-json\/wp\/v2\/posts\/10175\/revisions"}],"predecessor-version":[{"id":10183,"href":"https:\/\/www.m-q.ch\/it\/wp-json\/wp\/v2\/posts\/10175\/revisions\/10183"}],"wp:featuredmedia":[{"embeddable":true,"href":"https:\/\/www.m-q.ch\/it\/wp-json\/wp\/v2\/media\/10177"}],"wp:attachment":[{"href":"https:\/\/www.m-q.ch\/it\/wp-json\/wp\/v2\/media?parent=10175"}],"wp:term":[{"taxonomy":"category","embeddable":true,"href":"https:\/\/www.m-q.ch\/it\/wp-json\/wp\/v2\/categories?post=10175"},{"taxonomy":"post_tag","embeddable":true,"href":"https:\/\/www.m-q.ch\/it\/wp-json\/wp\/v2\/tags?post=10175"}],"curies":[{"name":"wp","href":"https:\/\/api.w.org\/{rel}","templated":true}]}}