{"id":10185,"date":"2020-09-06T11:58:16","date_gmt":"2020-09-06T09:58:16","guid":{"rendered":"https:\/\/www.m-q.ch\/?p=10185"},"modified":"2021-02-11T15:53:19","modified_gmt":"2021-02-11T14:53:19","slug":"performance-si-ma-sostenibile","status":"publish","type":"post","link":"https:\/\/www.m-q.ch\/it\/leistung-ja-aber-nachhaltig\/","title":{"rendered":"Performance s\u00ec, ma sostenibile!"},"content":{"rendered":"<p><img loading=\"lazy\" decoding=\"async\" class=\"alignnone  wp-image-10186\" src=\"https:\/\/www.m-q.ch\/wp-content\/uploads\/2021\/02\/02-2.jpg\" alt=\"\" width=\"816\" height=\"1015\" srcset=\"https:\/\/www.m-q.ch\/wp-content\/uploads\/2021\/02\/02-2.jpg 316w, https:\/\/www.m-q.ch\/wp-content\/uploads\/2021\/02\/02-2-10x12.jpg 10w, https:\/\/www.m-q.ch\/wp-content\/uploads\/2021\/02\/02-2-141x175.jpg 141w, https:\/\/www.m-q.ch\/wp-content\/uploads\/2021\/02\/02-2-281x350.jpg 281w, https:\/\/www.m-q.ch\/wp-content\/uploads\/2021\/02\/02-2-300x373.jpg 300w\" sizes=\"auto, (max-width: 816px) 100vw, 816px\" \/><\/p>\n<p>Raggiungere una performance duratura non \u00e8 n\u00e9 un miracolo n\u00e9 una magia, ma si basa sullo sforzo quotidiano e sull'impegno di tutte le parti interessate.<\/p>\n<p><strong>Pilastri della sostenibilit\u00e0 <\/strong><\/p>\n<p>Per essere sostenibile, un alto livello di performance deve essere basato su diversi pilastri:<\/p>\n<ul>\n<li>Pianificazione strategica sostenibile: Pianificazione strategica non significa prendere decisioni nel futuro, ma prendere decisioni oggi che avranno conseguenze per il futuro (bottom-up e top-down, Hoshin Kanri ...).<\/li>\n<li>Riconfigurare le operazioni e i processi che promuovono la soddisfazione sostenibile degli stakeholder.<\/li>\n<li>Gestione delle prestazioni: come impostare un sistema di gestione delle prestazioni sostenibile? Come organizzare e gestire al meglio le crisi (pandemie ...)?<\/li>\n<li>Organizzazione sostenibile: quale organizzazione operativa promuove il problem solving e il miglioramento continuo?<\/li>\n<li>Gestione delle risorse: empowerment, abilitazione, iniziativa, impegno, motivazione, realizzazione sul lavoro (soddisfazione sul lavoro, prevenzione del burn-out e della noia)<\/li>\n<li>Diffusione di una cultura della performance sostenibile: gestione del cambiamento, apprendimento attraverso gli errori, gestione partecipativa, formazione e comunicazione.<\/li>\n<li>Responsabilit\u00e0 sociale d'impresa e performance sostenibile: la necessit\u00e0 di ridurre rapidamente gli impatti ambientali e sociali negativi del business nella transizione verso un'economia e una societ\u00e0 sostenibile (Qualit\u00e0 totale e responsabilit\u00e0 d'impresa, certificazione sociale B-Corp, Ambiente, Lean&amp;Green)<\/li>\n<\/ul>\n<p>In breve, la performance sostenibile \u00e8 una ricerca costante di un equilibrio tra aspetti economici, sociali e ambientali. Va logicamente di pari passo con la responsabilit\u00e0 sociale, poich\u00e9 diventa sempre pi\u00f9 importante ridurre rapidamente gli impatti ambientali e sociali negativi delle aziende nella transizione verso un'economia e una societ\u00e0 sostenibile.<\/p>\n<p><strong>Punti salienti del programma <\/strong><\/p>\n<p>L'evento \u00e8 rivolto in particolare alle aziende industriali e di servizi che vogliono adottare un approccio sostenibile. Ecco gli elementi del programma conosciuti finora:<\/p>\n<ul>\n<li>L'associazione Ecoparc e Eco Entreprise presenteranno una panoramica degli approcci di pi\u00f9 di 200 aziende nel campo dello sviluppo sostenibile e della responsabilit\u00e0 sociale e delle tendenze. Relatori del CHUV, Polyval, T\u00e9l\u00e9Verbier e eHnv presenteranno i loro approcci.<\/li>\n<\/ul>\n<p>Gli organizzatori sono anche lieti di avere i seguenti relatori:<\/p>\n<ul>\n<li>Thomas Wiesel, cabarettista della Svizzera francese. Dietro la sua mimica di prima classe, spara le sue battute cesellate con uno stile autentico e minimalista, senza risparmiare nessuno, soprattutto se stesso.<\/li>\n<li>Jean-Pierre Egger, ex atleta di punta e partecipante olimpico, allenatore d'\u00e9lite, allenatore e consulente di Swiss Olympic. Forma dirigenti aziendali sul percorso di eccellenza che ha sviluppato.<\/li>\n<\/ul>\n<p>Ulteriori informazioni sono disponibili su www. forep.ch e saranno aggiornate continuamente. \u00c8 anche possibile partecipare alla conferenza virtualmente, le condizioni saranno annunciate a breve. Va da s\u00e9 che i regolamenti d'igiene in vigore in quel momento saranno rispettati.<\/p>","protected":false},"excerpt":{"rendered":"<p>Das Erreichen einer dauerhaften Leistung ist weder ein Wunder noch eine Magie, sondern beruht auf t\u00e4glichem Einsatz und dem Engagement aller Akteure. S\u00e4ulen der Nachhaltigkeit Um nachhaltig zu sein, muss sich ein hohes Leistungsniveau auf mehrere S\u00e4ulen st\u00fctzen: Nachhaltige strategische Planung: Strategische Planung bedeutet nicht, Entscheidungen in der Zukunft zu treffen, sondern heute Entscheidungen zu [&hellip;]<\/p>\n","protected":false},"author":60,"featured_media":10186,"comment_status":"closed","ping_status":"closed","sticky":false,"template":"","format":"standard","meta":{"_acf_changed":false,"footnotes":""},"categories":[4448],"tags":[4764],"class_list":["post-10185","post","type-post","status-publish","format-standard","has-post-thumbnail","hentry","category-allgemein","tag-08-09-2020"],"acf":[],"yoast_head":"<!-- This site is optimized with the Yoast SEO plugin v26.2 - https:\/\/yoast.com\/wordpress\/plugins\/seo\/ -->\n<title>Leistung ja, aber nachhaltig! - MQ Management und Qualit\u00e4t<\/title>\n<meta name=\"description\" content=\"Das kommende FOREP (Forum Excellence &amp; Performance), veranstaltet durch die SAQ unter Federf\u00fchrung der Sektionen aus der Romandie, findet dieses Jahr am 29. Oktober 2020 wiederum in Yverdon-les-Bains statt. Das Thema lautet dieses Mal: Leistung ja, aber nachhaltig.\" \/>\n<meta name=\"robots\" content=\"index, follow, max-snippet:-1, max-image-preview:large, max-video-preview:-1\" \/>\n<link rel=\"canonical\" href=\"https:\/\/www.m-q.ch\/it\/performance-si-ma-sostenibile\/\" \/>\n<meta property=\"og:locale\" content=\"it_IT\" \/>\n<meta property=\"og:type\" content=\"article\" \/>\n<meta property=\"og:title\" content=\"Leistung ja, aber nachhaltig! - MQ Management und Qualit\u00e4t\" \/>\n<meta property=\"og:description\" content=\"Das kommende FOREP (Forum Excellence &amp; Performance), veranstaltet durch die SAQ unter Federf\u00fchrung der Sektionen aus der Romandie, findet dieses Jahr am 29. Oktober 2020 wiederum in Yverdon-les-Bains statt. Das Thema lautet dieses Mal: Leistung ja, aber nachhaltig.\" \/>\n<meta property=\"og:url\" content=\"https:\/\/www.m-q.ch\/it\/performance-si-ma-sostenibile\/\" \/>\n<meta property=\"og:site_name\" content=\"MQ Management und Qualit\u00e4t\" \/>\n<meta property=\"article:publisher\" content=\"https:\/\/www.facebook.com\/ManagementUndQualitaet\" \/>\n<meta property=\"article:published_time\" content=\"2020-09-06T09:58:16+00:00\" \/>\n<meta property=\"article:modified_time\" content=\"2021-02-11T14:53:19+00:00\" \/>\n<meta property=\"og:image\" content=\"https:\/\/www.m-q.ch\/wp-content\/uploads\/2021\/02\/02-2.jpg\" \/>\n\t<meta property=\"og:image:width\" content=\"316\" \/>\n\t<meta property=\"og:image:height\" content=\"393\" \/>\n\t<meta property=\"og:image:type\" content=\"image\/jpeg\" \/>\n<meta name=\"author\" content=\"upwork\" \/>\n<meta name=\"twitter:card\" content=\"summary_large_image\" \/>\n<meta name=\"twitter:label1\" content=\"Scritto da\" \/>\n\t<meta name=\"twitter:data1\" content=\"upwork\" \/>\n\t<meta name=\"twitter:label2\" content=\"Tempo di lettura stimato\" \/>\n\t<meta name=\"twitter:data2\" content=\"2 minuti\" \/>\n<script type=\"application\/ld+json\" class=\"yoast-schema-graph\">{\"@context\":\"https:\/\/schema.org\",\"@graph\":[{\"@type\":\"Article\",\"@id\":\"https:\/\/www.m-q.ch\/leistung-ja-aber-nachhaltig\/#article\",\"isPartOf\":{\"@id\":\"https:\/\/www.m-q.ch\/leistung-ja-aber-nachhaltig\/\"},\"author\":{\"name\":\"upwork\",\"@id\":\"https:\/\/www.m-q.ch\/fr\/#\/schema\/person\/6044ff1d138701fac0f63fd4c5c93267\"},\"headline\":\"Leistung ja, aber nachhaltig!\",\"datePublished\":\"2020-09-06T09:58:16+00:00\",\"dateModified\":\"2021-02-11T14:53:19+00:00\",\"mainEntityOfPage\":{\"@id\":\"https:\/\/www.m-q.ch\/leistung-ja-aber-nachhaltig\/\"},\"wordCount\":421,\"publisher\":{\"@id\":\"https:\/\/www.m-q.ch\/fr\/#organization\"},\"image\":{\"@id\":\"https:\/\/www.m-q.ch\/leistung-ja-aber-nachhaltig\/#primaryimage\"},\"thumbnailUrl\":\"https:\/\/www.m-q.ch\/wp-content\/uploads\/2021\/02\/02-2.jpg\",\"keywords\":[\"08-09\/2020\"],\"articleSection\":[\"Allgemein\"],\"inLanguage\":\"it-IT\"},{\"@type\":\"WebPage\",\"@id\":\"https:\/\/www.m-q.ch\/leistung-ja-aber-nachhaltig\/\",\"url\":\"https:\/\/www.m-q.ch\/leistung-ja-aber-nachhaltig\/\",\"name\":\"Leistung ja, aber nachhaltig! - MQ Management und Qualit\u00e4t\",\"isPartOf\":{\"@id\":\"https:\/\/www.m-q.ch\/fr\/#website\"},\"primaryImageOfPage\":{\"@id\":\"https:\/\/www.m-q.ch\/leistung-ja-aber-nachhaltig\/#primaryimage\"},\"image\":{\"@id\":\"https:\/\/www.m-q.ch\/leistung-ja-aber-nachhaltig\/#primaryimage\"},\"thumbnailUrl\":\"https:\/\/www.m-q.ch\/wp-content\/uploads\/2021\/02\/02-2.jpg\",\"datePublished\":\"2020-09-06T09:58:16+00:00\",\"dateModified\":\"2021-02-11T14:53:19+00:00\",\"description\":\"Das kommende FOREP (Forum Excellence & Performance), veranstaltet durch die SAQ unter Federf\u00fchrung der Sektionen aus der Romandie, findet dieses Jahr am 29. Oktober 2020 wiederum in Yverdon-les-Bains statt. Das Thema lautet dieses Mal: Leistung ja, aber nachhaltig.\",\"breadcrumb\":{\"@id\":\"https:\/\/www.m-q.ch\/leistung-ja-aber-nachhaltig\/#breadcrumb\"},\"inLanguage\":\"it-IT\",\"potentialAction\":[{\"@type\":\"ReadAction\",\"target\":[\"https:\/\/www.m-q.ch\/leistung-ja-aber-nachhaltig\/\"]}]},{\"@type\":\"ImageObject\",\"inLanguage\":\"it-IT\",\"@id\":\"https:\/\/www.m-q.ch\/leistung-ja-aber-nachhaltig\/#primaryimage\",\"url\":\"https:\/\/www.m-q.ch\/wp-content\/uploads\/2021\/02\/02-2.jpg\",\"contentUrl\":\"https:\/\/www.m-q.ch\/wp-content\/uploads\/2021\/02\/02-2.jpg\",\"width\":316,\"height\":393},{\"@type\":\"BreadcrumbList\",\"@id\":\"https:\/\/www.m-q.ch\/leistung-ja-aber-nachhaltig\/#breadcrumb\",\"itemListElement\":[{\"@type\":\"ListItem\",\"position\":1,\"name\":\"Allgemein\",\"item\":\"https:\/\/www.m-q.ch\/kategorie\/allgemein\/\"},{\"@type\":\"ListItem\",\"position\":2,\"name\":\"Leistung ja, aber nachhaltig!\"}]},{\"@type\":\"WebSite\",\"@id\":\"https:\/\/www.m-q.ch\/fr\/#website\",\"url\":\"https:\/\/www.m-q.ch\/fr\/\",\"name\":\"MQ Management und Qualit\u00e4t\",\"description\":\"Plattform f\u00fcr integrierte Managementsysteme.\",\"publisher\":{\"@id\":\"https:\/\/www.m-q.ch\/fr\/#organization\"},\"potentialAction\":[{\"@type\":\"SearchAction\",\"target\":{\"@type\":\"EntryPoint\",\"urlTemplate\":\"https:\/\/www.m-q.ch\/fr\/?s={search_term_string}\"},\"query-input\":{\"@type\":\"PropertyValueSpecification\",\"valueRequired\":true,\"valueName\":\"search_term_string\"}}],\"inLanguage\":\"it-IT\"},{\"@type\":\"Organization\",\"@id\":\"https:\/\/www.m-q.ch\/fr\/#organization\",\"name\":\"Galledia Fachmedien AG\",\"url\":\"https:\/\/www.m-q.ch\/fr\/\",\"logo\":{\"@type\":\"ImageObject\",\"inLanguage\":\"it-IT\",\"@id\":\"https:\/\/www.m-q.ch\/fr\/#\/schema\/logo\/image\/\",\"url\":\"https:\/\/www.m-q.ch\/wp-content\/uploads\/2020\/12\/cropped-logo_small.png\",\"contentUrl\":\"https:\/\/www.m-q.ch\/wp-content\/uploads\/2020\/12\/cropped-logo_small.png\",\"width\":512,\"height\":512,\"caption\":\"Galledia Fachmedien AG\"},\"image\":{\"@id\":\"https:\/\/www.m-q.ch\/fr\/#\/schema\/logo\/image\/\"},\"sameAs\":[\"https:\/\/www.facebook.com\/ManagementUndQualitaet\",\"https:\/\/www.linkedin.com\/showcase\/17982321\/admin\/\"]},{\"@type\":\"Person\",\"@id\":\"https:\/\/www.m-q.ch\/fr\/#\/schema\/person\/6044ff1d138701fac0f63fd4c5c93267\",\"name\":\"upwork\",\"image\":{\"@type\":\"ImageObject\",\"inLanguage\":\"it-IT\",\"@id\":\"https:\/\/www.m-q.ch\/fr\/#\/schema\/person\/image\/\",\"url\":\"https:\/\/secure.gravatar.com\/avatar\/fe2de2b04483edb0f28eb7fd34d15d6c?s=96&d=mm&r=g\",\"contentUrl\":\"https:\/\/secure.gravatar.com\/avatar\/fe2de2b04483edb0f28eb7fd34d15d6c?s=96&d=mm&r=g\",\"caption\":\"upwork\"},\"description\":\"uf3J7(qCI6jN0^0y6%%0ti70\",\"url\":\"https:\/\/www.m-q.ch\/it\/author\/upwork\/\"}]}<\/script>\n<!-- \/ Yoast SEO plugin. -->","yoast_head_json":{"title":"Performance s\u00ec, ma sostenibile! - MQ Gestione e qualit\u00e0","description":"Il prossimo FOREP (Forum Excellence &amp; Performance), organizzato dalla SAQ sotto la guida delle sezioni della Svizzera francese, si svolger\u00e0 anche quest'anno il 29 ottobre 2020 a Yverdon-les-Bains. Il tema questa volta \u00e8: Performance s\u00ec, ma sostenibile.","robots":{"index":"index","follow":"follow","max-snippet":"max-snippet:-1","max-image-preview":"max-image-preview:large","max-video-preview":"max-video-preview:-1"},"canonical":"https:\/\/www.m-q.ch\/it\/performance-si-ma-sostenibile\/","og_locale":"it_IT","og_type":"article","og_title":"Leistung ja, aber nachhaltig! - MQ Management und Qualit\u00e4t","og_description":"Das kommende FOREP (Forum Excellence & Performance), veranstaltet durch die SAQ unter Federf\u00fchrung der Sektionen aus der Romandie, findet dieses Jahr am 29. Oktober 2020 wiederum in Yverdon-les-Bains statt. Das Thema lautet dieses Mal: Leistung ja, aber nachhaltig.","og_url":"https:\/\/www.m-q.ch\/it\/performance-si-ma-sostenibile\/","og_site_name":"MQ Management und Qualit\u00e4t","article_publisher":"https:\/\/www.facebook.com\/ManagementUndQualitaet","article_published_time":"2020-09-06T09:58:16+00:00","article_modified_time":"2021-02-11T14:53:19+00:00","og_image":[{"width":316,"height":393,"url":"https:\/\/www.m-q.ch\/wp-content\/uploads\/2021\/02\/02-2.jpg","type":"image\/jpeg"}],"author":"upwork","twitter_card":"summary_large_image","twitter_misc":{"Scritto da":"upwork","Tempo di lettura stimato":"2 minuti"},"schema":{"@context":"https:\/\/schema.org","@graph":[{"@type":"Article","@id":"https:\/\/www.m-q.ch\/leistung-ja-aber-nachhaltig\/#article","isPartOf":{"@id":"https:\/\/www.m-q.ch\/leistung-ja-aber-nachhaltig\/"},"author":{"name":"upwork","@id":"https:\/\/www.m-q.ch\/fr\/#\/schema\/person\/6044ff1d138701fac0f63fd4c5c93267"},"headline":"Leistung ja, aber nachhaltig!","datePublished":"2020-09-06T09:58:16+00:00","dateModified":"2021-02-11T14:53:19+00:00","mainEntityOfPage":{"@id":"https:\/\/www.m-q.ch\/leistung-ja-aber-nachhaltig\/"},"wordCount":421,"publisher":{"@id":"https:\/\/www.m-q.ch\/fr\/#organization"},"image":{"@id":"https:\/\/www.m-q.ch\/leistung-ja-aber-nachhaltig\/#primaryimage"},"thumbnailUrl":"https:\/\/www.m-q.ch\/wp-content\/uploads\/2021\/02\/02-2.jpg","keywords":["08-09\/2020"],"articleSection":["Allgemein"],"inLanguage":"it-IT"},{"@type":"WebPage","@id":"https:\/\/www.m-q.ch\/leistung-ja-aber-nachhaltig\/","url":"https:\/\/www.m-q.ch\/leistung-ja-aber-nachhaltig\/","name":"Performance s\u00ec, ma sostenibile! - MQ Gestione e qualit\u00e0","isPartOf":{"@id":"https:\/\/www.m-q.ch\/fr\/#website"},"primaryImageOfPage":{"@id":"https:\/\/www.m-q.ch\/leistung-ja-aber-nachhaltig\/#primaryimage"},"image":{"@id":"https:\/\/www.m-q.ch\/leistung-ja-aber-nachhaltig\/#primaryimage"},"thumbnailUrl":"https:\/\/www.m-q.ch\/wp-content\/uploads\/2021\/02\/02-2.jpg","datePublished":"2020-09-06T09:58:16+00:00","dateModified":"2021-02-11T14:53:19+00:00","description":"Il prossimo FOREP (Forum Excellence &amp; Performance), organizzato dalla SAQ sotto la guida delle sezioni della Svizzera francese, si svolger\u00e0 anche quest'anno il 29 ottobre 2020 a Yverdon-les-Bains. Il tema questa volta \u00e8: Performance s\u00ec, ma sostenibile.","breadcrumb":{"@id":"https:\/\/www.m-q.ch\/leistung-ja-aber-nachhaltig\/#breadcrumb"},"inLanguage":"it-IT","potentialAction":[{"@type":"ReadAction","target":["https:\/\/www.m-q.ch\/leistung-ja-aber-nachhaltig\/"]}]},{"@type":"ImageObject","inLanguage":"it-IT","@id":"https:\/\/www.m-q.ch\/leistung-ja-aber-nachhaltig\/#primaryimage","url":"https:\/\/www.m-q.ch\/wp-content\/uploads\/2021\/02\/02-2.jpg","contentUrl":"https:\/\/www.m-q.ch\/wp-content\/uploads\/2021\/02\/02-2.jpg","width":316,"height":393},{"@type":"BreadcrumbList","@id":"https:\/\/www.m-q.ch\/leistung-ja-aber-nachhaltig\/#breadcrumb","itemListElement":[{"@type":"ListItem","position":1,"name":"Allgemein","item":"https:\/\/www.m-q.ch\/kategorie\/allgemein\/"},{"@type":"ListItem","position":2,"name":"Leistung ja, aber nachhaltig!"}]},{"@type":"WebSite","@id":"https:\/\/www.m-q.ch\/fr\/#website","url":"https:\/\/www.m-q.ch\/fr\/","name":"Gestione e qualit\u00e0 MQ","description":"Piattaforma per sistemi di gestione integrati.","publisher":{"@id":"https:\/\/www.m-q.ch\/fr\/#organization"},"potentialAction":[{"@type":"SearchAction","target":{"@type":"EntryPoint","urlTemplate":"https:\/\/www.m-q.ch\/fr\/?s={search_term_string}"},"query-input":{"@type":"PropertyValueSpecification","valueRequired":true,"valueName":"search_term_string"}}],"inLanguage":"it-IT"},{"@type":"Organization","@id":"https:\/\/www.m-q.ch\/fr\/#organization","name":"Galledia Fachmedien AG","url":"https:\/\/www.m-q.ch\/fr\/","logo":{"@type":"ImageObject","inLanguage":"it-IT","@id":"https:\/\/www.m-q.ch\/fr\/#\/schema\/logo\/image\/","url":"https:\/\/www.m-q.ch\/wp-content\/uploads\/2020\/12\/cropped-logo_small.png","contentUrl":"https:\/\/www.m-q.ch\/wp-content\/uploads\/2020\/12\/cropped-logo_small.png","width":512,"height":512,"caption":"Galledia Fachmedien AG"},"image":{"@id":"https:\/\/www.m-q.ch\/fr\/#\/schema\/logo\/image\/"},"sameAs":["https:\/\/www.facebook.com\/ManagementUndQualitaet","https:\/\/www.linkedin.com\/showcase\/17982321\/admin\/"]},{"@type":"Person","@id":"https:\/\/www.m-q.ch\/fr\/#\/schema\/person\/6044ff1d138701fac0f63fd4c5c93267","name":"upwork","image":{"@type":"ImageObject","inLanguage":"it-IT","@id":"https:\/\/www.m-q.ch\/fr\/#\/schema\/person\/image\/","url":"https:\/\/secure.gravatar.com\/avatar\/fe2de2b04483edb0f28eb7fd34d15d6c?s=96&d=mm&r=g","contentUrl":"https:\/\/secure.gravatar.com\/avatar\/fe2de2b04483edb0f28eb7fd34d15d6c?s=96&d=mm&r=g","caption":"upwork"},"description":"uf3J7(qCI6jN0^0y6%%0ti70","url":"https:\/\/www.m-q.ch\/it\/author\/upwork\/"}]}},"_links":{"self":[{"href":"https:\/\/www.m-q.ch\/it\/wp-json\/wp\/v2\/posts\/10185","targetHints":{"allow":["GET"]}}],"collection":[{"href":"https:\/\/www.m-q.ch\/it\/wp-json\/wp\/v2\/posts"}],"about":[{"href":"https:\/\/www.m-q.ch\/it\/wp-json\/wp\/v2\/types\/post"}],"author":[{"embeddable":true,"href":"https:\/\/www.m-q.ch\/it\/wp-json\/wp\/v2\/users\/60"}],"replies":[{"embeddable":true,"href":"https:\/\/www.m-q.ch\/it\/wp-json\/wp\/v2\/comments?post=10185"}],"version-history":[{"count":1,"href":"https:\/\/www.m-q.ch\/it\/wp-json\/wp\/v2\/posts\/10185\/revisions"}],"predecessor-version":[{"id":10188,"href":"https:\/\/www.m-q.ch\/it\/wp-json\/wp\/v2\/posts\/10185\/revisions\/10188"}],"wp:featuredmedia":[{"embeddable":true,"href":"https:\/\/www.m-q.ch\/it\/wp-json\/wp\/v2\/media\/10186"}],"wp:attachment":[{"href":"https:\/\/www.m-q.ch\/it\/wp-json\/wp\/v2\/media?parent=10185"}],"wp:term":[{"taxonomy":"category","embeddable":true,"href":"https:\/\/www.m-q.ch\/it\/wp-json\/wp\/v2\/categories?post=10185"},{"taxonomy":"post_tag","embeddable":true,"href":"https:\/\/www.m-q.ch\/it\/wp-json\/wp\/v2\/tags?post=10185"}],"curies":[{"name":"wp","href":"https:\/\/api.w.org\/{rel}","templated":true}]}}