{"id":10189,"date":"2020-09-10T12:06:56","date_gmt":"2020-09-10T10:06:56","guid":{"rendered":"https:\/\/www.m-q.ch\/?p=10189"},"modified":"2021-02-11T15:53:13","modified_gmt":"2021-02-11T14:53:13","slug":"promuovere-il-proprio-talento-paga","status":"publish","type":"post","link":"https:\/\/www.m-q.ch\/it\/foerderung-eigener-talente-zahlt-sich-aus\/","title":{"rendered":"Promuovere i propri talenti paga"},"content":{"rendered":"<p><img loading=\"lazy\" decoding=\"async\" class=\"alignnone  wp-image-10191\" src=\"https:\/\/www.m-q.ch\/wp-content\/uploads\/2021\/02\/03-2.jpg\" alt=\"\" width=\"820\" height=\"667\" srcset=\"https:\/\/www.m-q.ch\/wp-content\/uploads\/2021\/02\/03-2.jpg 198w, https:\/\/www.m-q.ch\/wp-content\/uploads\/2021\/02\/03-2-16x12.jpg 16w\" sizes=\"auto, (max-width: 820px) 100vw, 820px\" \/><\/p>\n<p>Non \u00e8 una prognosi, ma \u00e8 da tempo diventata realt\u00e0: la carenza di lavoratori qualificati nel settore sanitario sta aumentando drammaticamente. Ogni anno, solo in Svizzera, c'\u00e8 una carenza di quasi 3000 nuovi infermieri. Questo ha gravi conseguenze per il carico di lavoro, gli ospedali e i pazienti. La carenza di personale infermieristico \u00e8 ormai un problema globale. Secondo l'Organizzazione Mondiale della Sanit\u00e0 (OMS), ci sar\u00e0 una carenza di nove milioni di infermieri e ostetriche in tutto il mondo entro il 2030.<\/p>\n<p><strong>Nuove sfide<\/strong><\/p>\n<p>Oggi, la crescente complessit\u00e0 e l'incertezza sono condizioni chiave per un'ampia variet\u00e0 di aziende. Presentano costantemente nuove sfide al personale dirigente e richiedono un comportamento agile. Questo sviluppo si nota chiaramente nelle organizzazioni sanitarie. Oltre alla carenza di lavoratori qualificati, ci sono tendenze come l'economizzazione e la pressione per risparmiare, la digitalizzazione, la globalizzazione e i cambiamenti demografici. Infine, ma non meno importante, una crescente messa in discussione delle gerarchie classiche sta emergendo anche nel settore sanitario.<\/p>\n<p>Agli sviluppi a pi\u00f9 livelli bisogna rispondere con misure adeguate. Di centrale importanza \u00e8 il miglioramento delle condizioni quadro professionali. Questo vale in particolare per aumentare l'attrattiva della professione infermieristica. Questo include luoghi di lavoro favorevoli alla famiglia, modelli individuali di orario di lavoro e rendere pi\u00f9 facile il ritorno al lavoro dopo il congedo di maternit\u00e0 e il congedo parentale. Questa flessibilit\u00e0 richiesta d\u00e0 ai dipendenti l'opportunit\u00e0 di modellare il loro lavoro in un modo orientato alla vita. La soddisfazione del lavoro aumenta e la migrazione di lavoratori qualificati verso altri campi professionali pu\u00f2 essere evitata a lungo termine.<\/p>\n<p>Per i manager, un approccio sicuro e altrettanto agile al cambiamento \u00e8 una delle competenze fondamentali. La leadership competente del personale attraverso complessi processi di cambiamento \u00e8 un compito impegnativo.<\/p>\n<p><strong>Aumentare la responsabilit\u00e0 <\/strong><\/p>\n<p>I requisiti professionali, economici, organizzativi e di personale per il personale dirigente negli ospedali sono aumentati notevolmente negli ultimi anni. Come manager, sei anche responsabile della progettazione efficiente ed economica dei processi - con la massima qualit\u00e0 possibile di cura del paziente. La pi\u00f9 grande sfida per un manager oggi \u00e8 quella di motivare i propri dipendenti in modo che possano eseguire in modo ottimale nelle condizioni cambiate. Nel fare ci\u00f2, si deve tener conto delle esigenze economiche della direzione dell'ospedale, cos\u00ec come della gestione della qualit\u00e0 e delle sue richieste: Una buona gestione dei dipendenti e l'arte di motivare costituiscono la base di una performance di successo nella cura dei pazienti.<\/p>\n<p>I leader di successo combinano una vasta gamma di competenze: Oltre a solide conoscenze specialistiche, queste includono abilit\u00e0 personali e sociali, ma anche qualit\u00e0 manageriali. Nella loro formazione e perfezionamento, i futuri manager imparano una variet\u00e0 di strumenti di gestione che possono essere direttamente applicati nella pratica. Approfondiscono la loro conoscenza del management in aree specifiche dell'assistenza sanitaria e imparano a conoscere i requisiti chiave posti ai manager e riflettono continuamente sulla loro comprensione della leadership.<\/p>\n<p><strong>Promozione e sviluppo del personale <\/strong><\/p>\n<p>Non devono essere sempre i dipendenti esterni a condurre un'organizzazione al successo. Molte aziende hanno personale di talento che, con il giusto incoraggiamento, pu\u00f2 essere autorizzato ad assumere nuovi compiti e a fornire le prestazioni desiderate. I termini chiave sono: Sviluppo dei dipendenti e sviluppo delle risorse umane. Mentre lo sviluppo del personale serve all'azienda assicurando che i dipendenti siano impiegati e formati in modo ideale, lo sviluppo dei dipendenti non beneficia solo l'azienda, ma anche i dipendenti. Se i dipendenti vengono impiegati e promossi in modo che il campo di attivit\u00e0 corrisponda alle loro capacit\u00e0, questo assicura che siano motivati e che facciano uno sforzo superiore alla media: Conducono i progetti al successo sotto la propria responsabilit\u00e0 e contribuiscono cos\u00ec al successo della loro azienda.<\/p>\n<p><strong>\"Can, will, may\" <\/strong><\/p>\n<p>Quali sono le motivazioni dei dipendenti? Se li includi nelle decisioni di gestione in modo partecipativo, fornisci a te stesso e alla tua squadra un aumento qualitativo negli aspetti di trasparenza e accettazione. Il focus qui \u00e8 su tre aspetti della performance: \"pu\u00f2\", \"far\u00e0\" e \"pu\u00f2\":<\/p>\n<ol>\n<li>L'\"abilit\u00e0\" di una persona descrive le sue competenze individuali, acquisite nel corso della vita in base alle sue capacit\u00e0, che le permettono di svolgere un certo lavoro grazie alle sue competenze.<\/li>\n<li>Il \"pu\u00f2\" di una persona include regole e norme di comportamento scritte e non scritte. Questi sono determinati dall'azienda, dalla posizione o dal manager. Per esempio, un manager pu\u00f2 prendere decisioni solo all'interno di un quadro definito a cui ha diritto come manager secondo il profilo professionale.<\/li>\n<li>La \"volont\u00e0\" di una persona rappresenta i suoi obiettivi e le sue motivazioni individuali, a cui mira con il suo comportamento. Si tratta di obiettivi soggettivi che possono essere realizzati, per esempio, attraverso un'ulteriore formazione professionale in una particolare area.<\/li>\n<\/ol>\n<p>Nella gestione aziendale, ci sono vari metodi per influenzare specificamente la \"capacit\u00e0\", il \"permesso\" e il \"desiderio\" di un dipendente:<\/p>\n<ol>\n<li>L'\"abilit\u00e0\" pu\u00f2 essere sviluppata attraverso una formazione ulteriore, misure di sviluppo del personale o opzioni di allargamento del lavoro orientate alla domanda.<\/li>\n<li>Il \"pu\u00f2\" \u00e8 definito dalla job description e dalla cultura aziendale e viene modificato proprio sotto forma di misure di change management.<\/li>\n<li>Se si vuole capire come il \"volere\" pu\u00f2 essere influenzato, bisogna prima sapere come si configura la struttura motivazionale di una particolare persona. \u00c8 il risultato di obiettivi espliciti, spesso razionali, e di motivazioni implicite, prevalentemente emotive. L'intersezione di questi \u00e8 chiamata motivazione intrinseca, che pu\u00f2 essere stimolata o inibita estrinsecamente.<\/li>\n<\/ol>\n<p>Opportunit\u00e0 di sviluppo dei dipendenti Ci sono numerose opportunit\u00e0 per lo sviluppo dei dipendenti. Questi includono:<\/p>\n<ul>\n<li>Sviluppo dei talenti: i migliori talenti del settore sono ricercati e corteggiati nel mercato del lavoro. Le aziende che promuovono il proprio talento sono un passo avanti alla concorrenza e prevengono possibili fluttuazioni. Il vantaggio: chi promuove in-house spesso scopre talenti nei dipendenti che prima erano rimasti nascosti e inutilizzati.<\/li>\n<li>Formazione: Tutti i mezzi e i metodi che rafforzano le competenze dei dipendenti e permettono loro di padroneggiare con successo i loro compiti sono formazione. Oltre alle qualifiche tecniche e manageriali, l'informatica e le soft skills come l'aspetto e la comunicazione sono componenti importanti in questo contesto. Le formazioni sono anche adatte ad essere svolte in gruppo. Le formazioni interne con altre aree e\/o gruppi professionali offrono, oltre ai contenuti, una migliore comprensione dei bisogni di altre aree e gruppi professionali. Questo promuove il lavoro sistemico, il networking e lo scambio informale di informazioni.<\/li>\n<li>Sviluppo del personale dirigente: Il mercato del personale dirigente nel settore sanitario \u00e8 altamente competitivo. Qui si applica lo stesso principio che per lo sviluppo del talento. Coloro che formano e sviluppano i dipendenti all'interno dell'azienda possono anche prepararli per successive posizioni manageriali nel loro ambiente. I manager che provengono dall'interno dell'azienda conoscono molto bene i dipendenti e i processi di lavoro nel contesto locale e sono particolarmente preziosi per l'azienda.<\/li>\n<li>Allargamento del lavoro: l'allargamento del lavoro rende il lavoro quotidiano dei dipendenti pi\u00f9 eccitante e vario, il che aumenta la soddisfazione sul lavoro. La monotonia deve essere evitata e la soddisfazione aumentata. Sia il rendimento che la flessibilit\u00e0 dei dipendenti aumentano e liberano risorse per la formazione continua. L'azienda beneficia di una migliore pianificazione del personale e di dipendenti che possono essere impiegati in modo pi\u00f9 flessibile.<\/li>\n<li>Gestione del progetto: la gestione del progetto \u00e8 la disciplina chiave per implementare un cambiamento rapido. I project manager plasmano il futuro attraverso progetti innovativi e contribuiscono cos\u00ec in modo significativo al successo dell'azienda. Per avere successo in questo caso, l'ambiente del progetto deve essere analizzato correttamente e influenzato in modo mirato. Nello scambio con tutti i partner del progetto, la propria competenza sociale e la capacit\u00e0 di riflettere sono importanti.<\/li>\n<\/ul>\n<p><strong>Maggiore soddisfazione sul lavoro <\/strong><\/p>\n<p>I manager che riescono a dare ai loro dipendenti il tempo necessario per le prestazioni di base, l'ulteriore formazione e lo sviluppo avranno pi\u00f9 successo in futuro. Il tempo e il denaro spesi per la formazione dei dipendenti rafforza la cultura aziendale dell'azienda e crea un valore aggiunto sostenibile. La prospettiva individuale di potersi sviluppare ulteriormente assicura una maggiore soddisfazione nel processo lavorativo. Questo si riflette nella produttivit\u00e0 ed \u00e8 una forte motivazione per rimanere nell'azienda a lungo termine, con la quale ci si identifica come un top performer.<\/p>","protected":false},"excerpt":{"rendered":"<p>Er ist keine Prognose, sondern l\u00e4ngst Realit\u00e4t: Der Fachkr\u00e4ftemangel im Gesundheitswesen steigt dramatisch. Jedes Jahr fehlen allein in der Schweiz fast 3000 neue Pflegekr\u00e4fte. F\u00fcr die Arbeitsbelastung, die Spit\u00e4ler und die Patientinnen und Patienten hat dies gravierende Folgen. Der Personalmangel in der Pflege ist inzwischen ein globales Problem. Weltweit fehlen gem\u00e4ss der Weltgesundheitsorganisation (WHO) bis [&hellip;]<\/p>\n","protected":false},"author":60,"featured_media":10191,"comment_status":"closed","ping_status":"closed","sticky":false,"template":"","format":"standard","meta":{"_acf_changed":false,"footnotes":""},"categories":[5],"tags":[4764],"class_list":["post-10189","post","type-post","status-publish","format-standard","has-post-thumbnail","hentry","category-business_excellence","tag-08-09-2020"],"acf":[],"yoast_head":"<!-- This site is optimized with the Yoast SEO plugin v26.2 - https:\/\/yoast.com\/wordpress\/plugins\/seo\/ -->\n<title>F\u00f6rderung eigener Talente zahlt sich aus - MQ Management und Qualit\u00e4t<\/title>\n<meta name=\"description\" content=\"Die Covid-19-Pandemie r\u00fcckte die Berufe im Gesundheitswesen verst\u00e4rkt in den Fokus. Bei allem Applaus f\u00fcr das Pflegepersonal in Spit\u00e4lern geht gerne vergessen, dass der Gesundheitssektor zwar boomt, aber gleichzeitig immer kostenintensiver wird. Zudem fehlen dringend ben\u00f6tigte Fachkr\u00e4fte.\" \/>\n<meta name=\"robots\" content=\"index, follow, max-snippet:-1, max-image-preview:large, max-video-preview:-1\" \/>\n<link rel=\"canonical\" href=\"https:\/\/www.m-q.ch\/it\/promuovere-il-proprio-talento-paga\/\" \/>\n<meta property=\"og:locale\" content=\"it_IT\" \/>\n<meta property=\"og:type\" content=\"article\" \/>\n<meta property=\"og:title\" content=\"F\u00f6rderung eigener Talente zahlt sich aus - MQ Management und Qualit\u00e4t\" \/>\n<meta property=\"og:description\" content=\"Die Covid-19-Pandemie r\u00fcckte die Berufe im Gesundheitswesen verst\u00e4rkt in den Fokus. Bei allem Applaus f\u00fcr das Pflegepersonal in Spit\u00e4lern geht gerne vergessen, dass der Gesundheitssektor zwar boomt, aber gleichzeitig immer kostenintensiver wird. Zudem fehlen dringend ben\u00f6tigte Fachkr\u00e4fte.\" \/>\n<meta property=\"og:url\" content=\"https:\/\/www.m-q.ch\/it\/promuovere-il-proprio-talento-paga\/\" \/>\n<meta property=\"og:site_name\" content=\"MQ Management und Qualit\u00e4t\" \/>\n<meta property=\"article:publisher\" content=\"https:\/\/www.facebook.com\/ManagementUndQualitaet\" \/>\n<meta property=\"article:published_time\" content=\"2020-09-10T10:06:56+00:00\" \/>\n<meta property=\"article:modified_time\" content=\"2021-02-11T14:53:13+00:00\" \/>\n<meta property=\"og:image\" content=\"https:\/\/www.m-q.ch\/wp-content\/uploads\/2021\/02\/03-2.jpg\" \/>\n\t<meta property=\"og:image:width\" content=\"198\" \/>\n\t<meta property=\"og:image:height\" content=\"161\" \/>\n\t<meta property=\"og:image:type\" content=\"image\/jpeg\" \/>\n<meta name=\"author\" content=\"upwork\" \/>\n<meta name=\"twitter:card\" content=\"summary_large_image\" \/>\n<meta name=\"twitter:label1\" content=\"Scritto da\" \/>\n\t<meta name=\"twitter:data1\" content=\"upwork\" \/>\n\t<meta name=\"twitter:label2\" content=\"Tempo di lettura stimato\" \/>\n\t<meta name=\"twitter:data2\" content=\"6 minuti\" \/>\n<script type=\"application\/ld+json\" class=\"yoast-schema-graph\">{\"@context\":\"https:\/\/schema.org\",\"@graph\":[{\"@type\":\"Article\",\"@id\":\"https:\/\/www.m-q.ch\/foerderung-eigener-talente-zahlt-sich-aus\/#article\",\"isPartOf\":{\"@id\":\"https:\/\/www.m-q.ch\/foerderung-eigener-talente-zahlt-sich-aus\/\"},\"author\":{\"name\":\"upwork\",\"@id\":\"https:\/\/www.m-q.ch\/fr\/#\/schema\/person\/6044ff1d138701fac0f63fd4c5c93267\"},\"headline\":\"F\u00f6rderung eigener Talente zahlt sich aus\",\"datePublished\":\"2020-09-10T10:06:56+00:00\",\"dateModified\":\"2021-02-11T14:53:13+00:00\",\"mainEntityOfPage\":{\"@id\":\"https:\/\/www.m-q.ch\/foerderung-eigener-talente-zahlt-sich-aus\/\"},\"wordCount\":1306,\"publisher\":{\"@id\":\"https:\/\/www.m-q.ch\/fr\/#organization\"},\"image\":{\"@id\":\"https:\/\/www.m-q.ch\/foerderung-eigener-talente-zahlt-sich-aus\/#primaryimage\"},\"thumbnailUrl\":\"https:\/\/www.m-q.ch\/wp-content\/uploads\/2021\/02\/03-2.jpg\",\"keywords\":[\"08-09\/2020\"],\"articleSection\":[\"Business Excellence\"],\"inLanguage\":\"it-IT\"},{\"@type\":\"WebPage\",\"@id\":\"https:\/\/www.m-q.ch\/foerderung-eigener-talente-zahlt-sich-aus\/\",\"url\":\"https:\/\/www.m-q.ch\/foerderung-eigener-talente-zahlt-sich-aus\/\",\"name\":\"F\u00f6rderung eigener Talente zahlt sich aus - MQ Management und Qualit\u00e4t\",\"isPartOf\":{\"@id\":\"https:\/\/www.m-q.ch\/fr\/#website\"},\"primaryImageOfPage\":{\"@id\":\"https:\/\/www.m-q.ch\/foerderung-eigener-talente-zahlt-sich-aus\/#primaryimage\"},\"image\":{\"@id\":\"https:\/\/www.m-q.ch\/foerderung-eigener-talente-zahlt-sich-aus\/#primaryimage\"},\"thumbnailUrl\":\"https:\/\/www.m-q.ch\/wp-content\/uploads\/2021\/02\/03-2.jpg\",\"datePublished\":\"2020-09-10T10:06:56+00:00\",\"dateModified\":\"2021-02-11T14:53:13+00:00\",\"description\":\"Die Covid-19-Pandemie r\u00fcckte die Berufe im Gesundheitswesen verst\u00e4rkt in den Fokus. Bei allem Applaus f\u00fcr das Pflegepersonal in Spit\u00e4lern geht gerne vergessen, dass der Gesundheitssektor zwar boomt, aber gleichzeitig immer kostenintensiver wird. Zudem fehlen dringend ben\u00f6tigte Fachkr\u00e4fte.\",\"breadcrumb\":{\"@id\":\"https:\/\/www.m-q.ch\/foerderung-eigener-talente-zahlt-sich-aus\/#breadcrumb\"},\"inLanguage\":\"it-IT\",\"potentialAction\":[{\"@type\":\"ReadAction\",\"target\":[\"https:\/\/www.m-q.ch\/foerderung-eigener-talente-zahlt-sich-aus\/\"]}]},{\"@type\":\"ImageObject\",\"inLanguage\":\"it-IT\",\"@id\":\"https:\/\/www.m-q.ch\/foerderung-eigener-talente-zahlt-sich-aus\/#primaryimage\",\"url\":\"https:\/\/www.m-q.ch\/wp-content\/uploads\/2021\/02\/03-2.jpg\",\"contentUrl\":\"https:\/\/www.m-q.ch\/wp-content\/uploads\/2021\/02\/03-2.jpg\",\"width\":198,\"height\":161},{\"@type\":\"BreadcrumbList\",\"@id\":\"https:\/\/www.m-q.ch\/foerderung-eigener-talente-zahlt-sich-aus\/#breadcrumb\",\"itemListElement\":[{\"@type\":\"ListItem\",\"position\":1,\"name\":\"Business Excellence\",\"item\":\"https:\/\/www.m-q.ch\/kategorie\/business_excellence\/\"},{\"@type\":\"ListItem\",\"position\":2,\"name\":\"F\u00f6rderung eigener Talente zahlt sich aus\"}]},{\"@type\":\"WebSite\",\"@id\":\"https:\/\/www.m-q.ch\/fr\/#website\",\"url\":\"https:\/\/www.m-q.ch\/fr\/\",\"name\":\"MQ Management und Qualit\u00e4t\",\"description\":\"Plattform f\u00fcr integrierte Managementsysteme.\",\"publisher\":{\"@id\":\"https:\/\/www.m-q.ch\/fr\/#organization\"},\"potentialAction\":[{\"@type\":\"SearchAction\",\"target\":{\"@type\":\"EntryPoint\",\"urlTemplate\":\"https:\/\/www.m-q.ch\/fr\/?s={search_term_string}\"},\"query-input\":{\"@type\":\"PropertyValueSpecification\",\"valueRequired\":true,\"valueName\":\"search_term_string\"}}],\"inLanguage\":\"it-IT\"},{\"@type\":\"Organization\",\"@id\":\"https:\/\/www.m-q.ch\/fr\/#organization\",\"name\":\"Galledia Fachmedien AG\",\"url\":\"https:\/\/www.m-q.ch\/fr\/\",\"logo\":{\"@type\":\"ImageObject\",\"inLanguage\":\"it-IT\",\"@id\":\"https:\/\/www.m-q.ch\/fr\/#\/schema\/logo\/image\/\",\"url\":\"https:\/\/www.m-q.ch\/wp-content\/uploads\/2020\/12\/cropped-logo_small.png\",\"contentUrl\":\"https:\/\/www.m-q.ch\/wp-content\/uploads\/2020\/12\/cropped-logo_small.png\",\"width\":512,\"height\":512,\"caption\":\"Galledia Fachmedien AG\"},\"image\":{\"@id\":\"https:\/\/www.m-q.ch\/fr\/#\/schema\/logo\/image\/\"},\"sameAs\":[\"https:\/\/www.facebook.com\/ManagementUndQualitaet\",\"https:\/\/www.linkedin.com\/showcase\/17982321\/admin\/\"]},{\"@type\":\"Person\",\"@id\":\"https:\/\/www.m-q.ch\/fr\/#\/schema\/person\/6044ff1d138701fac0f63fd4c5c93267\",\"name\":\"upwork\",\"image\":{\"@type\":\"ImageObject\",\"inLanguage\":\"it-IT\",\"@id\":\"https:\/\/www.m-q.ch\/fr\/#\/schema\/person\/image\/\",\"url\":\"https:\/\/secure.gravatar.com\/avatar\/fe2de2b04483edb0f28eb7fd34d15d6c?s=96&d=mm&r=g\",\"contentUrl\":\"https:\/\/secure.gravatar.com\/avatar\/fe2de2b04483edb0f28eb7fd34d15d6c?s=96&d=mm&r=g\",\"caption\":\"upwork\"},\"description\":\"uf3J7(qCI6jN0^0y6%%0ti70\",\"url\":\"https:\/\/www.m-q.ch\/it\/author\/upwork\/\"}]}<\/script>\n<!-- \/ Yoast SEO plugin. -->","yoast_head_json":{"title":"Promuovere i propri talenti paga - MQ Management und Qualit\u00e4t","description":"La pandemia del Covid 19 ha messo in evidenza le professioni sanitarie. Per tutti gli applausi agli infermieri ospedalieri, si dimentica spesso che il settore sanitario \u00e8 in piena espansione, ma allo stesso tempo sta diventando sempre pi\u00f9 costoso. Inoltre, c'\u00e8 una carenza di specialisti urgentemente necessari.","robots":{"index":"index","follow":"follow","max-snippet":"max-snippet:-1","max-image-preview":"max-image-preview:large","max-video-preview":"max-video-preview:-1"},"canonical":"https:\/\/www.m-q.ch\/it\/promuovere-il-proprio-talento-paga\/","og_locale":"it_IT","og_type":"article","og_title":"F\u00f6rderung eigener Talente zahlt sich aus - MQ Management und Qualit\u00e4t","og_description":"Die Covid-19-Pandemie r\u00fcckte die Berufe im Gesundheitswesen verst\u00e4rkt in den Fokus. Bei allem Applaus f\u00fcr das Pflegepersonal in Spit\u00e4lern geht gerne vergessen, dass der Gesundheitssektor zwar boomt, aber gleichzeitig immer kostenintensiver wird. Zudem fehlen dringend ben\u00f6tigte Fachkr\u00e4fte.","og_url":"https:\/\/www.m-q.ch\/it\/promuovere-il-proprio-talento-paga\/","og_site_name":"MQ Management und Qualit\u00e4t","article_publisher":"https:\/\/www.facebook.com\/ManagementUndQualitaet","article_published_time":"2020-09-10T10:06:56+00:00","article_modified_time":"2021-02-11T14:53:13+00:00","og_image":[{"width":198,"height":161,"url":"https:\/\/www.m-q.ch\/wp-content\/uploads\/2021\/02\/03-2.jpg","type":"image\/jpeg"}],"author":"upwork","twitter_card":"summary_large_image","twitter_misc":{"Scritto da":"upwork","Tempo di lettura stimato":"6 minuti"},"schema":{"@context":"https:\/\/schema.org","@graph":[{"@type":"Article","@id":"https:\/\/www.m-q.ch\/foerderung-eigener-talente-zahlt-sich-aus\/#article","isPartOf":{"@id":"https:\/\/www.m-q.ch\/foerderung-eigener-talente-zahlt-sich-aus\/"},"author":{"name":"upwork","@id":"https:\/\/www.m-q.ch\/fr\/#\/schema\/person\/6044ff1d138701fac0f63fd4c5c93267"},"headline":"F\u00f6rderung eigener Talente zahlt sich aus","datePublished":"2020-09-10T10:06:56+00:00","dateModified":"2021-02-11T14:53:13+00:00","mainEntityOfPage":{"@id":"https:\/\/www.m-q.ch\/foerderung-eigener-talente-zahlt-sich-aus\/"},"wordCount":1306,"publisher":{"@id":"https:\/\/www.m-q.ch\/fr\/#organization"},"image":{"@id":"https:\/\/www.m-q.ch\/foerderung-eigener-talente-zahlt-sich-aus\/#primaryimage"},"thumbnailUrl":"https:\/\/www.m-q.ch\/wp-content\/uploads\/2021\/02\/03-2.jpg","keywords":["08-09\/2020"],"articleSection":["Business Excellence"],"inLanguage":"it-IT"},{"@type":"WebPage","@id":"https:\/\/www.m-q.ch\/foerderung-eigener-talente-zahlt-sich-aus\/","url":"https:\/\/www.m-q.ch\/foerderung-eigener-talente-zahlt-sich-aus\/","name":"Promuovere i propri talenti paga - MQ Management und Qualit\u00e4t","isPartOf":{"@id":"https:\/\/www.m-q.ch\/fr\/#website"},"primaryImageOfPage":{"@id":"https:\/\/www.m-q.ch\/foerderung-eigener-talente-zahlt-sich-aus\/#primaryimage"},"image":{"@id":"https:\/\/www.m-q.ch\/foerderung-eigener-talente-zahlt-sich-aus\/#primaryimage"},"thumbnailUrl":"https:\/\/www.m-q.ch\/wp-content\/uploads\/2021\/02\/03-2.jpg","datePublished":"2020-09-10T10:06:56+00:00","dateModified":"2021-02-11T14:53:13+00:00","description":"La pandemia del Covid 19 ha messo in evidenza le professioni sanitarie. Per tutti gli applausi agli infermieri ospedalieri, si dimentica spesso che il settore sanitario \u00e8 in piena espansione, ma allo stesso tempo sta diventando sempre pi\u00f9 costoso. Inoltre, c'\u00e8 una carenza di specialisti urgentemente necessari.","breadcrumb":{"@id":"https:\/\/www.m-q.ch\/foerderung-eigener-talente-zahlt-sich-aus\/#breadcrumb"},"inLanguage":"it-IT","potentialAction":[{"@type":"ReadAction","target":["https:\/\/www.m-q.ch\/foerderung-eigener-talente-zahlt-sich-aus\/"]}]},{"@type":"ImageObject","inLanguage":"it-IT","@id":"https:\/\/www.m-q.ch\/foerderung-eigener-talente-zahlt-sich-aus\/#primaryimage","url":"https:\/\/www.m-q.ch\/wp-content\/uploads\/2021\/02\/03-2.jpg","contentUrl":"https:\/\/www.m-q.ch\/wp-content\/uploads\/2021\/02\/03-2.jpg","width":198,"height":161},{"@type":"BreadcrumbList","@id":"https:\/\/www.m-q.ch\/foerderung-eigener-talente-zahlt-sich-aus\/#breadcrumb","itemListElement":[{"@type":"ListItem","position":1,"name":"Business Excellence","item":"https:\/\/www.m-q.ch\/kategorie\/business_excellence\/"},{"@type":"ListItem","position":2,"name":"F\u00f6rderung eigener Talente zahlt sich aus"}]},{"@type":"WebSite","@id":"https:\/\/www.m-q.ch\/fr\/#website","url":"https:\/\/www.m-q.ch\/fr\/","name":"Gestione e qualit\u00e0 MQ","description":"Piattaforma per sistemi di gestione integrati.","publisher":{"@id":"https:\/\/www.m-q.ch\/fr\/#organization"},"potentialAction":[{"@type":"SearchAction","target":{"@type":"EntryPoint","urlTemplate":"https:\/\/www.m-q.ch\/fr\/?s={search_term_string}"},"query-input":{"@type":"PropertyValueSpecification","valueRequired":true,"valueName":"search_term_string"}}],"inLanguage":"it-IT"},{"@type":"Organization","@id":"https:\/\/www.m-q.ch\/fr\/#organization","name":"Galledia Fachmedien AG","url":"https:\/\/www.m-q.ch\/fr\/","logo":{"@type":"ImageObject","inLanguage":"it-IT","@id":"https:\/\/www.m-q.ch\/fr\/#\/schema\/logo\/image\/","url":"https:\/\/www.m-q.ch\/wp-content\/uploads\/2020\/12\/cropped-logo_small.png","contentUrl":"https:\/\/www.m-q.ch\/wp-content\/uploads\/2020\/12\/cropped-logo_small.png","width":512,"height":512,"caption":"Galledia Fachmedien AG"},"image":{"@id":"https:\/\/www.m-q.ch\/fr\/#\/schema\/logo\/image\/"},"sameAs":["https:\/\/www.facebook.com\/ManagementUndQualitaet","https:\/\/www.linkedin.com\/showcase\/17982321\/admin\/"]},{"@type":"Person","@id":"https:\/\/www.m-q.ch\/fr\/#\/schema\/person\/6044ff1d138701fac0f63fd4c5c93267","name":"upwork","image":{"@type":"ImageObject","inLanguage":"it-IT","@id":"https:\/\/www.m-q.ch\/fr\/#\/schema\/person\/image\/","url":"https:\/\/secure.gravatar.com\/avatar\/fe2de2b04483edb0f28eb7fd34d15d6c?s=96&d=mm&r=g","contentUrl":"https:\/\/secure.gravatar.com\/avatar\/fe2de2b04483edb0f28eb7fd34d15d6c?s=96&d=mm&r=g","caption":"upwork"},"description":"uf3J7(qCI6jN0^0y6%%0ti70","url":"https:\/\/www.m-q.ch\/it\/author\/upwork\/"}]}},"_links":{"self":[{"href":"https:\/\/www.m-q.ch\/it\/wp-json\/wp\/v2\/posts\/10189","targetHints":{"allow":["GET"]}}],"collection":[{"href":"https:\/\/www.m-q.ch\/it\/wp-json\/wp\/v2\/posts"}],"about":[{"href":"https:\/\/www.m-q.ch\/it\/wp-json\/wp\/v2\/types\/post"}],"author":[{"embeddable":true,"href":"https:\/\/www.m-q.ch\/it\/wp-json\/wp\/v2\/users\/60"}],"replies":[{"embeddable":true,"href":"https:\/\/www.m-q.ch\/it\/wp-json\/wp\/v2\/comments?post=10189"}],"version-history":[{"count":1,"href":"https:\/\/www.m-q.ch\/it\/wp-json\/wp\/v2\/posts\/10189\/revisions"}],"predecessor-version":[{"id":10195,"href":"https:\/\/www.m-q.ch\/it\/wp-json\/wp\/v2\/posts\/10189\/revisions\/10195"}],"wp:featuredmedia":[{"embeddable":true,"href":"https:\/\/www.m-q.ch\/it\/wp-json\/wp\/v2\/media\/10191"}],"wp:attachment":[{"href":"https:\/\/www.m-q.ch\/it\/wp-json\/wp\/v2\/media?parent=10189"}],"wp:term":[{"taxonomy":"category","embeddable":true,"href":"https:\/\/www.m-q.ch\/it\/wp-json\/wp\/v2\/categories?post=10189"},{"taxonomy":"post_tag","embeddable":true,"href":"https:\/\/www.m-q.ch\/it\/wp-json\/wp\/v2\/tags?post=10189"}],"curies":[{"name":"wp","href":"https:\/\/api.w.org\/{rel}","templated":true}]}}