{"id":10337,"date":"2020-07-07T07:17:54","date_gmt":"2020-07-07T05:17:54","guid":{"rendered":"https:\/\/www.m-q.ch\/?p=10337"},"modified":"2021-02-10T07:18:21","modified_gmt":"2021-02-10T06:18:21","slug":"come-la-gestione-dei-dipendenti-continuera-dopo-il-blocco","status":"publish","type":"post","link":"https:\/\/www.m-q.ch\/it\/wie-es-mit-der-mitarbeiterfuehrung-nach-dem-lockdown-weitergeht\/","title":{"rendered":"Cosa c'\u00e8 dopo la gestione dei dipendenti dopo il blocco"},"content":{"rendered":"<p><img loading=\"lazy\" decoding=\"async\" class=\"alignnone wp-image-10338\" src=\"https:\/\/www.m-q.ch\/wp-content\/uploads\/2021\/02\/04-3.jpg\" alt=\"\" width=\"811\" height=\"484\" srcset=\"https:\/\/www.m-q.ch\/wp-content\/uploads\/2021\/02\/04-3.jpg 717w, https:\/\/www.m-q.ch\/wp-content\/uploads\/2021\/02\/04-3-16x10.jpg 16w, https:\/\/www.m-q.ch\/wp-content\/uploads\/2021\/02\/04-3-293x175.jpg 293w, https:\/\/www.m-q.ch\/wp-content\/uploads\/2021\/02\/04-3-586x350.jpg 586w, https:\/\/www.m-q.ch\/wp-content\/uploads\/2021\/02\/04-3-300x179.jpg 300w\" sizes=\"auto, (max-width: 811px) 100vw, 811px\" \/><\/p>\n<p>I mondi di vita dei dipendenti delle aziende sono diversi, cos\u00ec come le loro esperienze biograficamente determinate e i loro sistemi di valori. Ecco perch\u00e9 reagiscono emotivamente in modo diverso agli stessi eventi. Questo \u00e8 particolarmente evidente in situazioni eccezionali come la crisi di Corona. Mentre alcune persone hanno temuto la fine della loro vita nelle ultime settimane, in parte a causa delle immagini delle cliniche italiane, altri si sono goduti la chiusura e il bel tempo e hanno pensato: Anche questa catastrofe passer\u00e0.<\/p>\n<p>Nelle settimane successive al blocco, i manager delle risorse umane e i dirigenti sono stati di solito solo indirettamente confrontati con questi estremi di emozione, poich\u00e9 i loro dipendenti stavano spesso lavorando con orari ridotti o in uffici domestici. Ma ora stanno tornando sempre pi\u00f9 spesso al loro posto di lavoro in azienda.<\/p>\n<p><strong>Suggerimento 1: essere consapevoli della diversit\u00e0 delle vite e delle esperienze dei rimpatriati. <\/strong><\/p>\n<p>Su questo, alcuni \"rimpatriati\" si rallegrano, altri hanno sentimenti contrastanti, se non paura - per esempio,<\/p>\n<ul>\n<li>perch\u00e9 hanno paura di un'infezione sul posto di lavoro o<\/li>\n<li>perch\u00e9 a casa ci sono i loro figli, le cui scuole sono ancora chiuse, o<\/li>\n<li>perch\u00e9 si chiedono: cosa c'\u00e8 dopo per l'azienda? Quali cambiamenti dovr\u00f2 affrontare? Forse anche la disoccupazione?<\/li>\n<\/ul>\n<p>Siate consapevoli delle differenze nelle vite e nelle esperienze dei vostri dipendenti, perch\u00e9 solo allora potrete reagire in modo appropriato a loro.<\/p>\n<p><strong>Suggerimento 2: Siate pronti a far nascere tensioni e a far salire le emozioni a volte.<\/strong><\/p>\n<p>Non \u00e8 raro che le diverse percezioni e sentimenti portino a tensioni all'interno della forza lavoro. Per esempio, i responsabili delle risorse umane riferiscono che i dipendenti nelle loro aziende discutono in modo piuttosto controverso sulla misura in cui il lavoro in un ufficio a domicilio dovrebbe essere ancora possibile nel periodo post-Corona. O che gli impiegati della produzione sono infastiditi dal fatto che devono gi\u00e0 \"presentarsi\" mentre gli impiegati dell'ufficio sono ancora nell'home office.<\/p>\n<p>I manager e i dipartimenti delle risorse umane devono essere preparati a questi dibattiti; devono anche essere preparati al fatto che i dipendenti reagiscono in modo pi\u00f9 emotivamente sensibile rispetto al periodo precedente al blocco.<\/p>\n<p><strong> Suggerimento 3: Aspettatevi che i dipendenti non mostrino apertamente i loro sentimenti, ma che si impegnino in \"finte battaglie\". <\/strong><\/p>\n<p>I dipendenti di solito sanno per esperienza che quando una persona mostra emozioni in un'azienda, viene spesso interpretata come debolezza dai suoi interlocutori. Pertanto, si sforzano di mostrare poco coinvolgimento emotivo sul posto di lavoro. Nascondono i loro sentimenti dietro argomenti apparentemente razionali.<\/p>\n<p>Ecco perch\u00e9 le aziende spesso discutono all'infinito di questioni banali. E se le persone non raggiungono i loro obiettivi in questo modo, spesso cercano di farlo in modo indiretto - per esempio, interpretando deliberatamente male le risoluzioni e dimenticando i compiti. Aspettatevi questo comportamento evasivo.<\/p>\n<p><strong> Suggerimento 4: Cercate di parlare con i vostri dipendenti e mostrate loro che prendete sul serio le loro preoccupazioni.<\/strong><\/p>\n<p>Il rischio che gli impiegati mostrino un comportamento evasivo \u00e8 maggiore quanto pi\u00f9 si sentono incerti sulla loro situazione. Quindi, cercate attivamente la conversazione con i dipendenti. Per quanto possibile, parlate loro apertamente della situazione in cui si trova l'azienda e di ci\u00f2 che significa per loro - per esempio, dicendo: \"La nostra azienda attualmente ha problemi A e B e sta affrontando sfide C e D\". Per noi questo significa che ....\"<\/p>\n<p>Inoltre, riconoscete che siete solo un essere umano in carne ed ossa, per esempio, dicendo ai dipendenti: \"Anche io sono sotto pressione in questo momento. Quindi, per favore, non mettete ogni parola e ogni mia reazione scortese sulla scala d'oro.<\/p>\n<p>Inoltre, spiegate loro ancora e ancora che anche i massimi responsabili decisionali della vostra azienda sanno solo in misura limitata cosa riserva il futuro e stanno, per cos\u00ec dire, guidando a vista. Dovreste farlo soprattutto quando i piani sono ancora una volta buttati a mare. Altrimenti, questo alimenter\u00e0 le paure e il risentimento dei dipendenti.<\/p>\n<p><strong> Suggerimento 5: Renditi conto che il tuo compito \u00e8 anche quello di fornire supporto emotivo ai tuoi dipendenti. <\/strong><\/p>\n<p>In alcuni settori, i top decision maker si aspettano che le entrate delle loro aziende calino del 20 o anche del 30% nel lungo termine. Ecco perch\u00e9 i loro incontri includono anche argomenti come:<\/p>\n<ul>\n<li>Dobbiamo chiudere alcune unit\u00e0 di business?<\/li>\n<li>Dobbiamo licenziare i dipendenti?<\/li>\n<\/ul>\n<p>Tuttavia, i top manager non lo comunicano ancora pubblicamente (anche ai loro manager subordinati) perch\u00e9 si trovano nella seguente situazione: Rendere pubbliche le loro considerazioni prematuramente potrebbe avere conseguenze negative per l'azienda - ad esempio, per le sue relazioni con i clienti, l'immagine, le opzioni di finanziamento, ecc.<\/p>\n<p>Quindi, come manager in una \"posizione a sandwich\", non puoi escludere completamente tali decisioni. Nelle discussioni con i dipendenti, riconoscete che non sapete con il 100% di certezza cosa accadr\u00e0 dopo, ma promettete loro: \"Vi informer\u00f2 su tutte le questioni che vi riguardano il pi\u00f9 presto possibile\".<\/p>\n<p>Siate consapevoli, tuttavia, che la vostra funzione come manager \u00e8 anche quella di offrire sostegno ai vostri dipendenti insicuri. Quindi, per quanto possibile, dovreste sempre irradiare fiducia nel vostro contatto con i dipendenti: \"Ce la faremo, se...\". Questo richieder\u00e0 a volte un po' di azione da parte vostra. Ma cerchi di attenersi il pi\u00f9 possibile alla verit\u00e0 nelle sue dichiarazioni pubbliche, anche per non perdere la sua credibilit\u00e0.<\/p>\n<p><strong>Suggerimento 6: Sii consapevole del tuo sistema di valori e rifletti regolarmente sul tuo comportamento. <\/strong><\/p>\n<p>\u00c8 importante nelle prossime settimane e mesi che i manager - proprio perch\u00e9 essi stessi sono sotto pressione - riflettano regolarmente:<\/p>\n<ul>\n<li>Qual \u00e8 il mio sistema di valori e cosa caratterizza la mia situazione di vita e di lavoro? E:<\/li>\n<li>In cosa differiscono dalla mia controparte?<\/li>\n<\/ul>\n<p>Altrimenti, c'\u00e8 un grande pericolo che tu reagisca irrazionalmente o con frasi assassine a comportamenti o espressioni emotive della tua controparte che ti irritano, come ad esempio: \"Ora non arrabbiarti cos\u00ec\". Tali affermazioni feriscono l'altra persona. Alla fine distruggono ci\u00f2 che i manager vogliono dai loro dipendenti:<\/p>\n<ul>\n<li>Identificazione con il loro compito e con l'azienda, e<\/li>\n<li>la volont\u00e0 di impegnarsi in questo.<\/li>\n<\/ul>\n<p>\u00c8 anche importante riflettere sul proprio sistema di valori in modo da avere una bussola interiore per riflettere sul proprio comportamento e riaggiustarlo se necessario. Perch\u00e9 una cosa \u00e8 chiara: nei prossimi mesi vi troverete spesso di fronte a situazioni e sfide che non vi aspettavate. Quindi hai bisogno di una bussola interiore. Altrimenti ti farai oscillare come una canna al vento, e non solo dal punto di vista dei dipendenti.<\/p>","protected":false},"excerpt":{"rendered":"<p>Die Lebenswelten der Mitarbeiter von Unternehmen sind verschieden, auch ihre biografisch bedingten Erfahrungen und Wertesysteme. Deshalb reagieren sie auch auf dieselben Ereignisse emotional verschieden. Das zeigt sich gerade in Ausnahmesituationen wie der Corona-Krise. W\u00e4hrend die einen in den zur\u00fcckliegenden Wochen unter anderem aufgrund der Bilder aus italienischen Kliniken, \u00fcberspitzt formuliert, ihr baldiges Lebensende bef\u00fcrchteten, genossen [&hellip;]<\/p>\n","protected":false},"author":60,"featured_media":10338,"comment_status":"closed","ping_status":"closed","sticky":false,"template":"","format":"standard","meta":{"_acf_changed":false,"footnotes":""},"categories":[5],"tags":[4739],"class_list":["post-10337","post","type-post","status-publish","format-standard","has-post-thumbnail","hentry","category-business_excellence","tag-07-2020"],"acf":[],"yoast_head":"<!-- This site is optimized with the Yoast SEO plugin v26.2 - https:\/\/yoast.com\/wordpress\/plugins\/seo\/ -->\n<title>Wie es mit der Mitarbeiterf\u00fchrung nach dem Lockdown weitergeht - MQ Management und Qualit\u00e4t<\/title>\n<meta name=\"description\" content=\"Mit der Lockerung des Lockdowns kehren viele Mitarbeiter, die bisher in Kurzarbeit waren oder im Homeoffice arbeiteten, wieder an ihre \u00abnormalen\u00bb Arbeitsst\u00e4tten zur\u00fcck \u2013 oft mit gemischten Gef\u00fchlen. Das macht das F\u00fchren der Mitarbeiter schwierig.\" \/>\n<meta name=\"robots\" content=\"index, follow, max-snippet:-1, max-image-preview:large, max-video-preview:-1\" \/>\n<link rel=\"canonical\" href=\"https:\/\/www.m-q.ch\/it\/come-la-gestione-dei-dipendenti-continuera-dopo-il-blocco\/\" \/>\n<meta property=\"og:locale\" content=\"it_IT\" \/>\n<meta property=\"og:type\" content=\"article\" \/>\n<meta property=\"og:title\" content=\"Wie es mit der Mitarbeiterf\u00fchrung nach dem Lockdown weitergeht - MQ Management und Qualit\u00e4t\" \/>\n<meta property=\"og:description\" content=\"Mit der Lockerung des Lockdowns kehren viele Mitarbeiter, die bisher in Kurzarbeit waren oder im Homeoffice arbeiteten, wieder an ihre \u00abnormalen\u00bb Arbeitsst\u00e4tten zur\u00fcck \u2013 oft mit gemischten Gef\u00fchlen. Das macht das F\u00fchren der Mitarbeiter schwierig.\" \/>\n<meta property=\"og:url\" content=\"https:\/\/www.m-q.ch\/it\/come-la-gestione-dei-dipendenti-continuera-dopo-il-blocco\/\" \/>\n<meta property=\"og:site_name\" content=\"MQ Management und Qualit\u00e4t\" \/>\n<meta property=\"article:publisher\" content=\"https:\/\/www.facebook.com\/ManagementUndQualitaet\" \/>\n<meta property=\"article:published_time\" content=\"2020-07-07T05:17:54+00:00\" \/>\n<meta property=\"article:modified_time\" content=\"2021-02-10T06:18:21+00:00\" \/>\n<meta property=\"og:image\" content=\"https:\/\/www.m-q.ch\/wp-content\/uploads\/2021\/02\/04-3.jpg\" \/>\n\t<meta property=\"og:image:width\" content=\"717\" \/>\n\t<meta property=\"og:image:height\" content=\"428\" \/>\n\t<meta property=\"og:image:type\" content=\"image\/jpeg\" \/>\n<meta name=\"author\" content=\"upwork\" \/>\n<meta name=\"twitter:card\" content=\"summary_large_image\" \/>\n<meta name=\"twitter:label1\" content=\"Scritto da\" \/>\n\t<meta name=\"twitter:data1\" content=\"upwork\" \/>\n\t<meta name=\"twitter:label2\" content=\"Tempo di lettura stimato\" \/>\n\t<meta name=\"twitter:data2\" content=\"5 minuti\" \/>\n<script type=\"application\/ld+json\" class=\"yoast-schema-graph\">{\"@context\":\"https:\/\/schema.org\",\"@graph\":[{\"@type\":\"Article\",\"@id\":\"https:\/\/www.m-q.ch\/wie-es-mit-der-mitarbeiterfuehrung-nach-dem-lockdown-weitergeht\/#article\",\"isPartOf\":{\"@id\":\"https:\/\/www.m-q.ch\/wie-es-mit-der-mitarbeiterfuehrung-nach-dem-lockdown-weitergeht\/\"},\"author\":{\"name\":\"upwork\",\"@id\":\"https:\/\/www.m-q.ch\/fr\/#\/schema\/person\/6044ff1d138701fac0f63fd4c5c93267\"},\"headline\":\"Wie es mit der Mitarbeiterf\u00fchrung nach dem Lockdown weitergeht\",\"datePublished\":\"2020-07-07T05:17:54+00:00\",\"dateModified\":\"2021-02-10T06:18:21+00:00\",\"mainEntityOfPage\":{\"@id\":\"https:\/\/www.m-q.ch\/wie-es-mit-der-mitarbeiterfuehrung-nach-dem-lockdown-weitergeht\/\"},\"wordCount\":1055,\"publisher\":{\"@id\":\"https:\/\/www.m-q.ch\/fr\/#organization\"},\"image\":{\"@id\":\"https:\/\/www.m-q.ch\/wie-es-mit-der-mitarbeiterfuehrung-nach-dem-lockdown-weitergeht\/#primaryimage\"},\"thumbnailUrl\":\"https:\/\/www.m-q.ch\/wp-content\/uploads\/2021\/02\/04-3.jpg\",\"keywords\":[\"07\/2020\"],\"articleSection\":[\"Business Excellence\"],\"inLanguage\":\"it-IT\"},{\"@type\":\"WebPage\",\"@id\":\"https:\/\/www.m-q.ch\/wie-es-mit-der-mitarbeiterfuehrung-nach-dem-lockdown-weitergeht\/\",\"url\":\"https:\/\/www.m-q.ch\/wie-es-mit-der-mitarbeiterfuehrung-nach-dem-lockdown-weitergeht\/\",\"name\":\"Wie es mit der Mitarbeiterf\u00fchrung nach dem Lockdown weitergeht - MQ Management und Qualit\u00e4t\",\"isPartOf\":{\"@id\":\"https:\/\/www.m-q.ch\/fr\/#website\"},\"primaryImageOfPage\":{\"@id\":\"https:\/\/www.m-q.ch\/wie-es-mit-der-mitarbeiterfuehrung-nach-dem-lockdown-weitergeht\/#primaryimage\"},\"image\":{\"@id\":\"https:\/\/www.m-q.ch\/wie-es-mit-der-mitarbeiterfuehrung-nach-dem-lockdown-weitergeht\/#primaryimage\"},\"thumbnailUrl\":\"https:\/\/www.m-q.ch\/wp-content\/uploads\/2021\/02\/04-3.jpg\",\"datePublished\":\"2020-07-07T05:17:54+00:00\",\"dateModified\":\"2021-02-10T06:18:21+00:00\",\"description\":\"Mit der Lockerung des Lockdowns kehren viele Mitarbeiter, die bisher in Kurzarbeit waren oder im Homeoffice arbeiteten, wieder an ihre \u00abnormalen\u00bb Arbeitsst\u00e4tten zur\u00fcck \u2013 oft mit gemischten Gef\u00fchlen. Das macht das F\u00fchren der Mitarbeiter schwierig.\",\"breadcrumb\":{\"@id\":\"https:\/\/www.m-q.ch\/wie-es-mit-der-mitarbeiterfuehrung-nach-dem-lockdown-weitergeht\/#breadcrumb\"},\"inLanguage\":\"it-IT\",\"potentialAction\":[{\"@type\":\"ReadAction\",\"target\":[\"https:\/\/www.m-q.ch\/wie-es-mit-der-mitarbeiterfuehrung-nach-dem-lockdown-weitergeht\/\"]}]},{\"@type\":\"ImageObject\",\"inLanguage\":\"it-IT\",\"@id\":\"https:\/\/www.m-q.ch\/wie-es-mit-der-mitarbeiterfuehrung-nach-dem-lockdown-weitergeht\/#primaryimage\",\"url\":\"https:\/\/www.m-q.ch\/wp-content\/uploads\/2021\/02\/04-3.jpg\",\"contentUrl\":\"https:\/\/www.m-q.ch\/wp-content\/uploads\/2021\/02\/04-3.jpg\",\"width\":717,\"height\":428},{\"@type\":\"BreadcrumbList\",\"@id\":\"https:\/\/www.m-q.ch\/wie-es-mit-der-mitarbeiterfuehrung-nach-dem-lockdown-weitergeht\/#breadcrumb\",\"itemListElement\":[{\"@type\":\"ListItem\",\"position\":1,\"name\":\"Business Excellence\",\"item\":\"https:\/\/www.m-q.ch\/kategorie\/business_excellence\/\"},{\"@type\":\"ListItem\",\"position\":2,\"name\":\"Wie es mit der Mitarbeiterf\u00fchrung nach dem Lockdown weitergeht\"}]},{\"@type\":\"WebSite\",\"@id\":\"https:\/\/www.m-q.ch\/fr\/#website\",\"url\":\"https:\/\/www.m-q.ch\/fr\/\",\"name\":\"MQ Management und Qualit\u00e4t\",\"description\":\"Plattform f\u00fcr integrierte Managementsysteme.\",\"publisher\":{\"@id\":\"https:\/\/www.m-q.ch\/fr\/#organization\"},\"potentialAction\":[{\"@type\":\"SearchAction\",\"target\":{\"@type\":\"EntryPoint\",\"urlTemplate\":\"https:\/\/www.m-q.ch\/fr\/?s={search_term_string}\"},\"query-input\":{\"@type\":\"PropertyValueSpecification\",\"valueRequired\":true,\"valueName\":\"search_term_string\"}}],\"inLanguage\":\"it-IT\"},{\"@type\":\"Organization\",\"@id\":\"https:\/\/www.m-q.ch\/fr\/#organization\",\"name\":\"Galledia Fachmedien AG\",\"url\":\"https:\/\/www.m-q.ch\/fr\/\",\"logo\":{\"@type\":\"ImageObject\",\"inLanguage\":\"it-IT\",\"@id\":\"https:\/\/www.m-q.ch\/fr\/#\/schema\/logo\/image\/\",\"url\":\"https:\/\/www.m-q.ch\/wp-content\/uploads\/2020\/12\/cropped-logo_small.png\",\"contentUrl\":\"https:\/\/www.m-q.ch\/wp-content\/uploads\/2020\/12\/cropped-logo_small.png\",\"width\":512,\"height\":512,\"caption\":\"Galledia Fachmedien AG\"},\"image\":{\"@id\":\"https:\/\/www.m-q.ch\/fr\/#\/schema\/logo\/image\/\"},\"sameAs\":[\"https:\/\/www.facebook.com\/ManagementUndQualitaet\",\"https:\/\/www.linkedin.com\/showcase\/17982321\/admin\/\"]},{\"@type\":\"Person\",\"@id\":\"https:\/\/www.m-q.ch\/fr\/#\/schema\/person\/6044ff1d138701fac0f63fd4c5c93267\",\"name\":\"upwork\",\"image\":{\"@type\":\"ImageObject\",\"inLanguage\":\"it-IT\",\"@id\":\"https:\/\/www.m-q.ch\/fr\/#\/schema\/person\/image\/\",\"url\":\"https:\/\/secure.gravatar.com\/avatar\/fe2de2b04483edb0f28eb7fd34d15d6c?s=96&d=mm&r=g\",\"contentUrl\":\"https:\/\/secure.gravatar.com\/avatar\/fe2de2b04483edb0f28eb7fd34d15d6c?s=96&d=mm&r=g\",\"caption\":\"upwork\"},\"description\":\"uf3J7(qCI6jN0^0y6%%0ti70\",\"url\":\"https:\/\/www.m-q.ch\/it\/author\/upwork\/\"}]}<\/script>\n<!-- \/ Yoast SEO plugin. -->","yoast_head_json":{"title":"Cosa c'\u00e8 dopo il blocco nella gestione dei dipendenti - MQ Management und Qualit\u00e4t","description":"Con l'allentamento della serrata, molti impiegati che prima erano in orario ridotto o lavoravano da casa stanno tornando ai loro \"normali\" posti di lavoro - spesso con sentimenti contrastanti. Questo rende difficile la gestione dei dipendenti.","robots":{"index":"index","follow":"follow","max-snippet":"max-snippet:-1","max-image-preview":"max-image-preview:large","max-video-preview":"max-video-preview:-1"},"canonical":"https:\/\/www.m-q.ch\/it\/come-la-gestione-dei-dipendenti-continuera-dopo-il-blocco\/","og_locale":"it_IT","og_type":"article","og_title":"Wie es mit der Mitarbeiterf\u00fchrung nach dem Lockdown weitergeht - MQ Management und Qualit\u00e4t","og_description":"Mit der Lockerung des Lockdowns kehren viele Mitarbeiter, die bisher in Kurzarbeit waren oder im Homeoffice arbeiteten, wieder an ihre \u00abnormalen\u00bb Arbeitsst\u00e4tten zur\u00fcck \u2013 oft mit gemischten Gef\u00fchlen. Das macht das F\u00fchren der Mitarbeiter schwierig.","og_url":"https:\/\/www.m-q.ch\/it\/come-la-gestione-dei-dipendenti-continuera-dopo-il-blocco\/","og_site_name":"MQ Management und Qualit\u00e4t","article_publisher":"https:\/\/www.facebook.com\/ManagementUndQualitaet","article_published_time":"2020-07-07T05:17:54+00:00","article_modified_time":"2021-02-10T06:18:21+00:00","og_image":[{"width":717,"height":428,"url":"https:\/\/www.m-q.ch\/wp-content\/uploads\/2021\/02\/04-3.jpg","type":"image\/jpeg"}],"author":"upwork","twitter_card":"summary_large_image","twitter_misc":{"Scritto da":"upwork","Tempo di lettura stimato":"5 minuti"},"schema":{"@context":"https:\/\/schema.org","@graph":[{"@type":"Article","@id":"https:\/\/www.m-q.ch\/wie-es-mit-der-mitarbeiterfuehrung-nach-dem-lockdown-weitergeht\/#article","isPartOf":{"@id":"https:\/\/www.m-q.ch\/wie-es-mit-der-mitarbeiterfuehrung-nach-dem-lockdown-weitergeht\/"},"author":{"name":"upwork","@id":"https:\/\/www.m-q.ch\/fr\/#\/schema\/person\/6044ff1d138701fac0f63fd4c5c93267"},"headline":"Wie es mit der Mitarbeiterf\u00fchrung nach dem Lockdown weitergeht","datePublished":"2020-07-07T05:17:54+00:00","dateModified":"2021-02-10T06:18:21+00:00","mainEntityOfPage":{"@id":"https:\/\/www.m-q.ch\/wie-es-mit-der-mitarbeiterfuehrung-nach-dem-lockdown-weitergeht\/"},"wordCount":1055,"publisher":{"@id":"https:\/\/www.m-q.ch\/fr\/#organization"},"image":{"@id":"https:\/\/www.m-q.ch\/wie-es-mit-der-mitarbeiterfuehrung-nach-dem-lockdown-weitergeht\/#primaryimage"},"thumbnailUrl":"https:\/\/www.m-q.ch\/wp-content\/uploads\/2021\/02\/04-3.jpg","keywords":["07\/2020"],"articleSection":["Business Excellence"],"inLanguage":"it-IT"},{"@type":"WebPage","@id":"https:\/\/www.m-q.ch\/wie-es-mit-der-mitarbeiterfuehrung-nach-dem-lockdown-weitergeht\/","url":"https:\/\/www.m-q.ch\/wie-es-mit-der-mitarbeiterfuehrung-nach-dem-lockdown-weitergeht\/","name":"Cosa c'\u00e8 dopo il blocco nella gestione dei dipendenti - MQ Management und Qualit\u00e4t","isPartOf":{"@id":"https:\/\/www.m-q.ch\/fr\/#website"},"primaryImageOfPage":{"@id":"https:\/\/www.m-q.ch\/wie-es-mit-der-mitarbeiterfuehrung-nach-dem-lockdown-weitergeht\/#primaryimage"},"image":{"@id":"https:\/\/www.m-q.ch\/wie-es-mit-der-mitarbeiterfuehrung-nach-dem-lockdown-weitergeht\/#primaryimage"},"thumbnailUrl":"https:\/\/www.m-q.ch\/wp-content\/uploads\/2021\/02\/04-3.jpg","datePublished":"2020-07-07T05:17:54+00:00","dateModified":"2021-02-10T06:18:21+00:00","description":"Con l'allentamento della serrata, molti impiegati che prima erano in orario ridotto o lavoravano da casa stanno tornando ai loro \"normali\" posti di lavoro - spesso con sentimenti contrastanti. Questo rende difficile la gestione dei dipendenti.","breadcrumb":{"@id":"https:\/\/www.m-q.ch\/wie-es-mit-der-mitarbeiterfuehrung-nach-dem-lockdown-weitergeht\/#breadcrumb"},"inLanguage":"it-IT","potentialAction":[{"@type":"ReadAction","target":["https:\/\/www.m-q.ch\/wie-es-mit-der-mitarbeiterfuehrung-nach-dem-lockdown-weitergeht\/"]}]},{"@type":"ImageObject","inLanguage":"it-IT","@id":"https:\/\/www.m-q.ch\/wie-es-mit-der-mitarbeiterfuehrung-nach-dem-lockdown-weitergeht\/#primaryimage","url":"https:\/\/www.m-q.ch\/wp-content\/uploads\/2021\/02\/04-3.jpg","contentUrl":"https:\/\/www.m-q.ch\/wp-content\/uploads\/2021\/02\/04-3.jpg","width":717,"height":428},{"@type":"BreadcrumbList","@id":"https:\/\/www.m-q.ch\/wie-es-mit-der-mitarbeiterfuehrung-nach-dem-lockdown-weitergeht\/#breadcrumb","itemListElement":[{"@type":"ListItem","position":1,"name":"Business Excellence","item":"https:\/\/www.m-q.ch\/kategorie\/business_excellence\/"},{"@type":"ListItem","position":2,"name":"Wie es mit der Mitarbeiterf\u00fchrung nach dem Lockdown weitergeht"}]},{"@type":"WebSite","@id":"https:\/\/www.m-q.ch\/fr\/#website","url":"https:\/\/www.m-q.ch\/fr\/","name":"Gestione e qualit\u00e0 MQ","description":"Piattaforma per sistemi di gestione integrati.","publisher":{"@id":"https:\/\/www.m-q.ch\/fr\/#organization"},"potentialAction":[{"@type":"SearchAction","target":{"@type":"EntryPoint","urlTemplate":"https:\/\/www.m-q.ch\/fr\/?s={search_term_string}"},"query-input":{"@type":"PropertyValueSpecification","valueRequired":true,"valueName":"search_term_string"}}],"inLanguage":"it-IT"},{"@type":"Organization","@id":"https:\/\/www.m-q.ch\/fr\/#organization","name":"Galledia Fachmedien AG","url":"https:\/\/www.m-q.ch\/fr\/","logo":{"@type":"ImageObject","inLanguage":"it-IT","@id":"https:\/\/www.m-q.ch\/fr\/#\/schema\/logo\/image\/","url":"https:\/\/www.m-q.ch\/wp-content\/uploads\/2020\/12\/cropped-logo_small.png","contentUrl":"https:\/\/www.m-q.ch\/wp-content\/uploads\/2020\/12\/cropped-logo_small.png","width":512,"height":512,"caption":"Galledia Fachmedien AG"},"image":{"@id":"https:\/\/www.m-q.ch\/fr\/#\/schema\/logo\/image\/"},"sameAs":["https:\/\/www.facebook.com\/ManagementUndQualitaet","https:\/\/www.linkedin.com\/showcase\/17982321\/admin\/"]},{"@type":"Person","@id":"https:\/\/www.m-q.ch\/fr\/#\/schema\/person\/6044ff1d138701fac0f63fd4c5c93267","name":"upwork","image":{"@type":"ImageObject","inLanguage":"it-IT","@id":"https:\/\/www.m-q.ch\/fr\/#\/schema\/person\/image\/","url":"https:\/\/secure.gravatar.com\/avatar\/fe2de2b04483edb0f28eb7fd34d15d6c?s=96&d=mm&r=g","contentUrl":"https:\/\/secure.gravatar.com\/avatar\/fe2de2b04483edb0f28eb7fd34d15d6c?s=96&d=mm&r=g","caption":"upwork"},"description":"uf3J7(qCI6jN0^0y6%%0ti70","url":"https:\/\/www.m-q.ch\/it\/author\/upwork\/"}]}},"_links":{"self":[{"href":"https:\/\/www.m-q.ch\/it\/wp-json\/wp\/v2\/posts\/10337","targetHints":{"allow":["GET"]}}],"collection":[{"href":"https:\/\/www.m-q.ch\/it\/wp-json\/wp\/v2\/posts"}],"about":[{"href":"https:\/\/www.m-q.ch\/it\/wp-json\/wp\/v2\/types\/post"}],"author":[{"embeddable":true,"href":"https:\/\/www.m-q.ch\/it\/wp-json\/wp\/v2\/users\/60"}],"replies":[{"embeddable":true,"href":"https:\/\/www.m-q.ch\/it\/wp-json\/wp\/v2\/comments?post=10337"}],"version-history":[{"count":1,"href":"https:\/\/www.m-q.ch\/it\/wp-json\/wp\/v2\/posts\/10337\/revisions"}],"predecessor-version":[{"id":10339,"href":"https:\/\/www.m-q.ch\/it\/wp-json\/wp\/v2\/posts\/10337\/revisions\/10339"}],"wp:featuredmedia":[{"embeddable":true,"href":"https:\/\/www.m-q.ch\/it\/wp-json\/wp\/v2\/media\/10338"}],"wp:attachment":[{"href":"https:\/\/www.m-q.ch\/it\/wp-json\/wp\/v2\/media?parent=10337"}],"wp:term":[{"taxonomy":"category","embeddable":true,"href":"https:\/\/www.m-q.ch\/it\/wp-json\/wp\/v2\/categories?post=10337"},{"taxonomy":"post_tag","embeddable":true,"href":"https:\/\/www.m-q.ch\/it\/wp-json\/wp\/v2\/tags?post=10337"}],"curies":[{"name":"wp","href":"https:\/\/api.w.org\/{rel}","templated":true}]}}