{"id":10385,"date":"2020-06-02T08:52:34","date_gmt":"2020-06-02T06:52:34","guid":{"rendered":"https:\/\/www.m-q.ch\/?p=10385"},"modified":"2021-02-10T09:09:18","modified_gmt":"2021-02-10T08:09:18","slug":"giornata-svizzera-della-qualita-2020-sui-canali-digitali-2","status":"publish","type":"post","link":"https:\/\/www.m-q.ch\/it\/tag-der-schweizer-qualitaet-2020-auf-digitalen-wegen-2\/","title":{"rendered":"Giornata della qualit\u00e0 svizzera 2020 sui percorsi digitali"},"content":{"rendered":"<p><img loading=\"lazy\" decoding=\"async\" class=\"alignnone  wp-image-10389\" src=\"https:\/\/www.m-q.ch\/wp-content\/uploads\/2021\/02\/01-4.jpg\" alt=\"\" width=\"809\" height=\"603\" srcset=\"https:\/\/www.m-q.ch\/wp-content\/uploads\/2021\/02\/01-4.jpg 302w, https:\/\/www.m-q.ch\/wp-content\/uploads\/2021\/02\/01-4-16x12.jpg 16w, https:\/\/www.m-q.ch\/wp-content\/uploads\/2021\/02\/01-4-235x175.jpg 235w, https:\/\/www.m-q.ch\/wp-content\/uploads\/2021\/02\/01-4-300x224.jpg 300w\" sizes=\"auto, (max-width: 809px) 100vw, 809px\" \/><\/p>\n<p>Per la prima volta, l'amministratrice della SAQ Marlyse Roulin ha dato il benvenuto agli ospiti della Giornata svizzera della qualit\u00e0 (TSQ 2020). Ed \u00e8 stata anche una prima sotto un altro aspetto: la tradizionale giornata della qualit\u00e0 svizzera ha avuto luogo come un evento live completamente digitale e sovraregionale nel Kursaal di Berna, che poteva essere vissuto per intero in streaming. \u00c8 stato un rischio - ma un rischio che pu\u00f2 essere descritto come un grande successo.<\/p>\n<p><strong> \"AI: opportunit\u00e0 o rischio?\"<\/strong><\/p>\n<p>Adatto alla prima \u00e8 stato anche il tema scelto: \"Intelligenza Artificiale (AI): opportunit\u00e0 o rischio?\" - Una domanda che si \u00e8 posta anche Marlyse Roulin nel suo discorso di apertura. Ha sottolineato soprattutto le opportunit\u00e0 offerte dalle nuove tecnologie. Tuttavia, questi sarebbero disponibili solo se le aziende creassero sempre pi\u00f9 strutture agili e si allontanassero dal pensiero a silos. Ed \u00e8 importante tenersi aggiornati sui progressi dell'IA. Con la Giornata svizzera della qualit\u00e0 di quest'anno, il SAQ ha dato un contributo in tal senso. Anche il consigliere federale Guy Parmelin si \u00e8 rivolto al pubblico sugli schermi con un saluto dettagliato sull'IA.<\/p>\n<p>Nella prima presentazione della mattina, Dalith Steiger di SwissCognitive ha sottoposto il tema della conferenza a un \"controllo della realt\u00e0\". L'IA \u00e8 essenzialmente un'estensione del crescente collegamento in rete degli oggetti. Non si tratta pi\u00f9 solo del puro scambio di dati, ma di \"fare qualcosa con i dati\". Rendere sempre pi\u00f9 prodotti \"intelligenti\" \u00e8 una grande opportunit\u00e0 per le aziende di tutte le dimensioni. L'IA permette di far fare agli algoritmi ci\u00f2 che gli umani non amano fare, di risparmiare tempo e di eliminare i pericoli. Questo apre le porte alla vera competenza fondamentale dell'uomo: la creativit\u00e0.<\/p>\n<p>Alcuni di questi aspetti sono stati affrontati di nuovo nella successiva tavola rotonda. Ewa Ming, Gregory Lukowski e Dalith Steiger hanno parlato con il leader della discussione Andy Fitze sulla questione di cosa l'IA potrebbe fare meglio - anche in termini di qualit\u00e0. I partecipanti alla discussione hanno convenuto che si tratta soprattutto di differenziare i dati buoni da quelli cattivi. Dalith Steiger ha anche sottolineato che non si deve pensare che la tecnologia KIT far\u00e0 improvvisamente funzionare il mondo da sola. Sono ancora necessari approcci creativi ed etici per controllare e utilizzare i processi digitali.<\/p>\n<p><strong>Perch\u00e9 la standardizzazione per l'IA?<\/strong><\/p>\n<p>Filiz Elmas \u00e8 responsabile dello sviluppo della business unit per l'intelligenza artificiale (AI) presso DIN dal 1\u00b0 giugno 2019. Il suo compito \u00e8 quello di catturare le sinergie di tutti i progetti AI in corso in collaborazione con i project manager responsabili e di progettare i progetti in modo tale che i benefici della standardizzazione per il business, la ricerca e la societ\u00e0 nel campo dell'AI siano in primo piano.<\/p>\n<p>La digitalizzazione live-stream della societ\u00e0 ha recentemente evidenziato l'importanza della regolamentazione globale degli standard nel contesto digitale. Filiz Elmas ha parlato a TSQ 2020 dell'importanza degli standard e delle norme per l'IA. \"C'\u00e8 bisogno di una strategia AI tra i governi\". Pi\u00f9 importante, ha detto, \u00e8 il coinvolgimento di personale informato DIN, standard ed esperti di standardizzazione per aiutare a strutturare il paesaggio AI creando un quadro chiaro per l'azione, insieme ad altri regolamenti governativi.<\/p>\n<p><strong>La digitalizzazione nella pratica - a vantaggio della qualit\u00e0 <\/strong><\/p>\n<p>Nel pomeriggio, l'attenzione si \u00e8 concentrata sulla digitalizzazione - non solo sotto forma di AI - nella pratica. In primo luogo, Ruedi Bigler, maestro agricoltore, presidente di Aaremilch e vicepresidente dell'organizzazione del settore lattiero, ha fornito una panoramica della sua azienda agricola all'avanguardia (vedi pag. 6).<\/p>\n<p>Pascale Lenz di IBM ha mostrato come i compiti delle risorse umane sono gestiti in una grande azienda con l'aiuto di vari strumenti. Anche qui: Si tratta di dati e della loro analisi intelligente. Grazie a questi, i dipendenti possono essere promossi e preparati per i passi di carriera. Con l'aiuto di strumenti di e-learning, IBM fornisce anche la formazione necessaria per permettere ai suoi dipendenti di raggiungere gli obiettivi che si sono prefissati. Dominik Weibel della eMDe Blechfabrik ha poi spiegato i processi di produzione nella sua azienda: Sulla base di Microsoft SharePoint e in combinazione con i codici QR, grandi parti della gestione della carta sono collegate, il che rende la gestione dei processi trasparente e indipendente dalle diverse piattaforme. Il fatto che i prodotti come gli alimenti stanno diventando pi\u00f9 sicuri grazie alla digitalizzazione e alle applicazioni AI \u00e8 stato poi dimostrato da Stefan Kellenberger della B\u00fchler AG di Uzwil. Una delle loro macchine \u00e8 in grado di rilevare 250.000 chicchi di riso al secondo e di smistare quelli che non soddisfano i criteri di qualit\u00e0.<\/p>\n<p><strong>Competenza fondamentale umana \"creativit\u00e0<\/strong><\/p>\n<p>Alla fine, Gerriet Danz ha invitato il pubblico a una \"Expedition Innovation\". Ha dimostrato che il cambiamento \u00e8 un motore decisivo della creativit\u00e0. Usando vari esempi, ha dimostrato che qualcosa di nuovo e di successo spesso emerge quando le cose possono essere collegate in un modo nuovo. In questo senso, ha detto, si pu\u00f2 imparare molto dai bambini: \"Loro iniziano e basta, mentre gli adulti discutono prima su come si deve mettere insieme una squadra\". Con la creativit\u00e0, i confini possono essere superati.<\/p>\n<p>Questa stimolante conferenza ha concluso l'eccezionale Giornata svizzera della qualit\u00e0 2020. Nel suo discorso conclusivo, il presidente della SAQ Ruedi Lustenberger ha sottolineato che gli sviluppi non possono essere fermati. \"Lo sviluppo accade\". Ma: \"Non si pu\u00f2 proibire alle persone intelligenti di pensare. Perch\u00e9 senza l'intelligenza umana, non ci sarebbe nemmeno l'intelligenza artificiale\".<\/p>\n<p>Il prossimo Swiss Quality Day \u00e8 previsto per il 4 maggio 2021, sul tema \"Economia circolare\". Certamente, alcune esperienze positive del livestream di quest'anno saranno incorporate nel concetto del prossimo evento. Si spera che lo scambio personale tra i partecipanti sia di nuovo possibile. Perch\u00e9 il networking via livestream non \u00e8 lo stesso...<\/p>","protected":false},"excerpt":{"rendered":"<p>Zum ersten Mal durfte SAQ-Gesch\u00e4ftsf\u00fchrerin Marlyse Roulin zum Tag der Schweizer Qualit\u00e4t (TSQ 2020) begr\u00fcssen. Und auch in anderer Hinsicht handelte es sich um eine Premiere: Der traditionelle Tag der Schweizer Qualit\u00e4t ging als voll digitaler, \u00fcberregionaler Live- Event \u00fcber die B\u00fchne im Berner Kursaal, erlebbar in voller L\u00e4nge via Stream. Es war ein Wagnis [&hellip;]<\/p>\n","protected":false},"author":60,"featured_media":10389,"comment_status":"closed","ping_status":"closed","sticky":false,"template":"","format":"standard","meta":{"_acf_changed":false,"footnotes":""},"categories":[4448],"tags":[4743],"class_list":["post-10385","post","type-post","status-publish","format-standard","has-post-thumbnail","hentry","category-allgemein","tag-06-2020"],"acf":[],"yoast_head":"<!-- This site is optimized with the Yoast SEO plugin v26.2 - https:\/\/yoast.com\/wordpress\/plugins\/seo\/ -->\n<title>Tag der Schweizer Qualit\u00e4t 2020 auf digitalen Wegen - MQ Management und Qualit\u00e4t<\/title>\n<meta name=\"description\" content=\"Einen Tag der Schweizer Qualit\u00e4t wie jenen vom 13. Mai 2020 gab es so noch nie. Weil aufgrund der Corona-Pandemie-Massnahmenkeine Grossveranstaltungen erlaubt waren, gab es eine Premiere: Die SAQ ging mit der beliebten Tagung erstmals livevia Stream. MQ war dabei und fasst die Highlights zusammen.\" \/>\n<meta name=\"robots\" content=\"index, follow, max-snippet:-1, max-image-preview:large, max-video-preview:-1\" \/>\n<link rel=\"canonical\" href=\"https:\/\/www.m-q.ch\/it\/giornata-svizzera-della-qualita-2020-sui-canali-digitali-2\/\" \/>\n<meta property=\"og:locale\" content=\"it_IT\" \/>\n<meta property=\"og:type\" content=\"article\" \/>\n<meta property=\"og:title\" content=\"Tag der Schweizer Qualit\u00e4t 2020 auf digitalen Wegen - MQ Management und Qualit\u00e4t\" \/>\n<meta property=\"og:description\" content=\"Einen Tag der Schweizer Qualit\u00e4t wie jenen vom 13. Mai 2020 gab es so noch nie. Weil aufgrund der Corona-Pandemie-Massnahmenkeine Grossveranstaltungen erlaubt waren, gab es eine Premiere: Die SAQ ging mit der beliebten Tagung erstmals livevia Stream. MQ war dabei und fasst die Highlights zusammen.\" \/>\n<meta property=\"og:url\" content=\"https:\/\/www.m-q.ch\/it\/giornata-svizzera-della-qualita-2020-sui-canali-digitali-2\/\" \/>\n<meta property=\"og:site_name\" content=\"MQ Management und Qualit\u00e4t\" \/>\n<meta property=\"article:publisher\" content=\"https:\/\/www.facebook.com\/ManagementUndQualitaet\" \/>\n<meta property=\"article:published_time\" content=\"2020-06-02T06:52:34+00:00\" \/>\n<meta property=\"article:modified_time\" content=\"2021-02-10T08:09:18+00:00\" \/>\n<meta property=\"og:image\" content=\"https:\/\/www.m-q.ch\/wp-content\/uploads\/2021\/02\/01-4.jpg\" \/>\n\t<meta property=\"og:image:width\" content=\"302\" \/>\n\t<meta property=\"og:image:height\" content=\"225\" \/>\n\t<meta property=\"og:image:type\" content=\"image\/jpeg\" \/>\n<meta name=\"author\" content=\"upwork\" \/>\n<meta name=\"twitter:card\" content=\"summary_large_image\" \/>\n<meta name=\"twitter:label1\" content=\"Scritto da\" \/>\n\t<meta name=\"twitter:data1\" content=\"upwork\" \/>\n\t<meta name=\"twitter:label2\" content=\"Tempo di lettura stimato\" \/>\n\t<meta name=\"twitter:data2\" content=\"4 minuti\" \/>\n<script type=\"application\/ld+json\" class=\"yoast-schema-graph\">{\"@context\":\"https:\/\/schema.org\",\"@graph\":[{\"@type\":\"Article\",\"@id\":\"https:\/\/www.m-q.ch\/tag-der-schweizer-qualitaet-2020-auf-digitalen-wegen-2\/#article\",\"isPartOf\":{\"@id\":\"https:\/\/www.m-q.ch\/tag-der-schweizer-qualitaet-2020-auf-digitalen-wegen-2\/\"},\"author\":{\"name\":\"upwork\",\"@id\":\"https:\/\/www.m-q.ch\/fr\/#\/schema\/person\/6044ff1d138701fac0f63fd4c5c93267\"},\"headline\":\"Tag der Schweizer Qualit\u00e4t 2020 auf digitalen Wegen\",\"datePublished\":\"2020-06-02T06:52:34+00:00\",\"dateModified\":\"2021-02-10T08:09:18+00:00\",\"mainEntityOfPage\":{\"@id\":\"https:\/\/www.m-q.ch\/tag-der-schweizer-qualitaet-2020-auf-digitalen-wegen-2\/\"},\"wordCount\":905,\"publisher\":{\"@id\":\"https:\/\/www.m-q.ch\/fr\/#organization\"},\"image\":{\"@id\":\"https:\/\/www.m-q.ch\/tag-der-schweizer-qualitaet-2020-auf-digitalen-wegen-2\/#primaryimage\"},\"thumbnailUrl\":\"https:\/\/www.m-q.ch\/wp-content\/uploads\/2021\/02\/01-4.jpg\",\"keywords\":[\"06\/2020\"],\"articleSection\":[\"Allgemein\"],\"inLanguage\":\"it-IT\"},{\"@type\":\"WebPage\",\"@id\":\"https:\/\/www.m-q.ch\/tag-der-schweizer-qualitaet-2020-auf-digitalen-wegen-2\/\",\"url\":\"https:\/\/www.m-q.ch\/tag-der-schweizer-qualitaet-2020-auf-digitalen-wegen-2\/\",\"name\":\"Tag der Schweizer Qualit\u00e4t 2020 auf digitalen Wegen - MQ Management und Qualit\u00e4t\",\"isPartOf\":{\"@id\":\"https:\/\/www.m-q.ch\/fr\/#website\"},\"primaryImageOfPage\":{\"@id\":\"https:\/\/www.m-q.ch\/tag-der-schweizer-qualitaet-2020-auf-digitalen-wegen-2\/#primaryimage\"},\"image\":{\"@id\":\"https:\/\/www.m-q.ch\/tag-der-schweizer-qualitaet-2020-auf-digitalen-wegen-2\/#primaryimage\"},\"thumbnailUrl\":\"https:\/\/www.m-q.ch\/wp-content\/uploads\/2021\/02\/01-4.jpg\",\"datePublished\":\"2020-06-02T06:52:34+00:00\",\"dateModified\":\"2021-02-10T08:09:18+00:00\",\"description\":\"Einen Tag der Schweizer Qualit\u00e4t wie jenen vom 13. Mai 2020 gab es so noch nie. Weil aufgrund der Corona-Pandemie-Massnahmenkeine Grossveranstaltungen erlaubt waren, gab es eine Premiere: Die SAQ ging mit der beliebten Tagung erstmals livevia Stream. MQ war dabei und fasst die Highlights zusammen.\",\"breadcrumb\":{\"@id\":\"https:\/\/www.m-q.ch\/tag-der-schweizer-qualitaet-2020-auf-digitalen-wegen-2\/#breadcrumb\"},\"inLanguage\":\"it-IT\",\"potentialAction\":[{\"@type\":\"ReadAction\",\"target\":[\"https:\/\/www.m-q.ch\/tag-der-schweizer-qualitaet-2020-auf-digitalen-wegen-2\/\"]}]},{\"@type\":\"ImageObject\",\"inLanguage\":\"it-IT\",\"@id\":\"https:\/\/www.m-q.ch\/tag-der-schweizer-qualitaet-2020-auf-digitalen-wegen-2\/#primaryimage\",\"url\":\"https:\/\/www.m-q.ch\/wp-content\/uploads\/2021\/02\/01-4.jpg\",\"contentUrl\":\"https:\/\/www.m-q.ch\/wp-content\/uploads\/2021\/02\/01-4.jpg\",\"width\":302,\"height\":225},{\"@type\":\"BreadcrumbList\",\"@id\":\"https:\/\/www.m-q.ch\/tag-der-schweizer-qualitaet-2020-auf-digitalen-wegen-2\/#breadcrumb\",\"itemListElement\":[{\"@type\":\"ListItem\",\"position\":1,\"name\":\"Allgemein\",\"item\":\"https:\/\/www.m-q.ch\/kategorie\/allgemein\/\"},{\"@type\":\"ListItem\",\"position\":2,\"name\":\"Tag der Schweizer Qualit\u00e4t 2020 auf digitalen Wegen\"}]},{\"@type\":\"WebSite\",\"@id\":\"https:\/\/www.m-q.ch\/fr\/#website\",\"url\":\"https:\/\/www.m-q.ch\/fr\/\",\"name\":\"MQ Management und Qualit\u00e4t\",\"description\":\"Plattform f\u00fcr integrierte Managementsysteme.\",\"publisher\":{\"@id\":\"https:\/\/www.m-q.ch\/fr\/#organization\"},\"potentialAction\":[{\"@type\":\"SearchAction\",\"target\":{\"@type\":\"EntryPoint\",\"urlTemplate\":\"https:\/\/www.m-q.ch\/fr\/?s={search_term_string}\"},\"query-input\":{\"@type\":\"PropertyValueSpecification\",\"valueRequired\":true,\"valueName\":\"search_term_string\"}}],\"inLanguage\":\"it-IT\"},{\"@type\":\"Organization\",\"@id\":\"https:\/\/www.m-q.ch\/fr\/#organization\",\"name\":\"Galledia Fachmedien AG\",\"url\":\"https:\/\/www.m-q.ch\/fr\/\",\"logo\":{\"@type\":\"ImageObject\",\"inLanguage\":\"it-IT\",\"@id\":\"https:\/\/www.m-q.ch\/fr\/#\/schema\/logo\/image\/\",\"url\":\"https:\/\/www.m-q.ch\/wp-content\/uploads\/2020\/12\/cropped-logo_small.png\",\"contentUrl\":\"https:\/\/www.m-q.ch\/wp-content\/uploads\/2020\/12\/cropped-logo_small.png\",\"width\":512,\"height\":512,\"caption\":\"Galledia Fachmedien AG\"},\"image\":{\"@id\":\"https:\/\/www.m-q.ch\/fr\/#\/schema\/logo\/image\/\"},\"sameAs\":[\"https:\/\/www.facebook.com\/ManagementUndQualitaet\",\"https:\/\/www.linkedin.com\/showcase\/17982321\/admin\/\"]},{\"@type\":\"Person\",\"@id\":\"https:\/\/www.m-q.ch\/fr\/#\/schema\/person\/6044ff1d138701fac0f63fd4c5c93267\",\"name\":\"upwork\",\"image\":{\"@type\":\"ImageObject\",\"inLanguage\":\"it-IT\",\"@id\":\"https:\/\/www.m-q.ch\/fr\/#\/schema\/person\/image\/\",\"url\":\"https:\/\/secure.gravatar.com\/avatar\/fe2de2b04483edb0f28eb7fd34d15d6c?s=96&d=mm&r=g\",\"contentUrl\":\"https:\/\/secure.gravatar.com\/avatar\/fe2de2b04483edb0f28eb7fd34d15d6c?s=96&d=mm&r=g\",\"caption\":\"upwork\"},\"description\":\"uf3J7(qCI6jN0^0y6%%0ti70\",\"url\":\"https:\/\/www.m-q.ch\/it\/author\/upwork\/\"}]}<\/script>\n<!-- \/ Yoast SEO plugin. -->","yoast_head_json":{"title":"Giornata svizzera della qualit\u00e0 2020 sui percorsi digitali - MQ Management und Qualit\u00e4t","description":"Non c'\u00e8 mai stata una giornata della qualit\u00e0 svizzera come quella del 13 maggio 2020. Dato che non erano permessi grandi eventi a causa delle misure pandemiche di Corona, c'\u00e8 stata una prima: il SAQ \u00e8 andato in livevia stream con la conferenza popolare per la prima volta. MQ era presente e riassume i punti salienti.","robots":{"index":"index","follow":"follow","max-snippet":"max-snippet:-1","max-image-preview":"max-image-preview:large","max-video-preview":"max-video-preview:-1"},"canonical":"https:\/\/www.m-q.ch\/it\/giornata-svizzera-della-qualita-2020-sui-canali-digitali-2\/","og_locale":"it_IT","og_type":"article","og_title":"Tag der Schweizer Qualit\u00e4t 2020 auf digitalen Wegen - MQ Management und Qualit\u00e4t","og_description":"Einen Tag der Schweizer Qualit\u00e4t wie jenen vom 13. Mai 2020 gab es so noch nie. Weil aufgrund der Corona-Pandemie-Massnahmenkeine Grossveranstaltungen erlaubt waren, gab es eine Premiere: Die SAQ ging mit der beliebten Tagung erstmals livevia Stream. MQ war dabei und fasst die Highlights zusammen.","og_url":"https:\/\/www.m-q.ch\/it\/giornata-svizzera-della-qualita-2020-sui-canali-digitali-2\/","og_site_name":"MQ Management und Qualit\u00e4t","article_publisher":"https:\/\/www.facebook.com\/ManagementUndQualitaet","article_published_time":"2020-06-02T06:52:34+00:00","article_modified_time":"2021-02-10T08:09:18+00:00","og_image":[{"width":302,"height":225,"url":"https:\/\/www.m-q.ch\/wp-content\/uploads\/2021\/02\/01-4.jpg","type":"image\/jpeg"}],"author":"upwork","twitter_card":"summary_large_image","twitter_misc":{"Scritto da":"upwork","Tempo di lettura stimato":"4 minuti"},"schema":{"@context":"https:\/\/schema.org","@graph":[{"@type":"Article","@id":"https:\/\/www.m-q.ch\/tag-der-schweizer-qualitaet-2020-auf-digitalen-wegen-2\/#article","isPartOf":{"@id":"https:\/\/www.m-q.ch\/tag-der-schweizer-qualitaet-2020-auf-digitalen-wegen-2\/"},"author":{"name":"upwork","@id":"https:\/\/www.m-q.ch\/fr\/#\/schema\/person\/6044ff1d138701fac0f63fd4c5c93267"},"headline":"Tag der Schweizer Qualit\u00e4t 2020 auf digitalen Wegen","datePublished":"2020-06-02T06:52:34+00:00","dateModified":"2021-02-10T08:09:18+00:00","mainEntityOfPage":{"@id":"https:\/\/www.m-q.ch\/tag-der-schweizer-qualitaet-2020-auf-digitalen-wegen-2\/"},"wordCount":905,"publisher":{"@id":"https:\/\/www.m-q.ch\/fr\/#organization"},"image":{"@id":"https:\/\/www.m-q.ch\/tag-der-schweizer-qualitaet-2020-auf-digitalen-wegen-2\/#primaryimage"},"thumbnailUrl":"https:\/\/www.m-q.ch\/wp-content\/uploads\/2021\/02\/01-4.jpg","keywords":["06\/2020"],"articleSection":["Allgemein"],"inLanguage":"it-IT"},{"@type":"WebPage","@id":"https:\/\/www.m-q.ch\/tag-der-schweizer-qualitaet-2020-auf-digitalen-wegen-2\/","url":"https:\/\/www.m-q.ch\/tag-der-schweizer-qualitaet-2020-auf-digitalen-wegen-2\/","name":"Giornata svizzera della qualit\u00e0 2020 sui percorsi digitali - MQ Management und Qualit\u00e4t","isPartOf":{"@id":"https:\/\/www.m-q.ch\/fr\/#website"},"primaryImageOfPage":{"@id":"https:\/\/www.m-q.ch\/tag-der-schweizer-qualitaet-2020-auf-digitalen-wegen-2\/#primaryimage"},"image":{"@id":"https:\/\/www.m-q.ch\/tag-der-schweizer-qualitaet-2020-auf-digitalen-wegen-2\/#primaryimage"},"thumbnailUrl":"https:\/\/www.m-q.ch\/wp-content\/uploads\/2021\/02\/01-4.jpg","datePublished":"2020-06-02T06:52:34+00:00","dateModified":"2021-02-10T08:09:18+00:00","description":"Non c'\u00e8 mai stata una giornata della qualit\u00e0 svizzera come quella del 13 maggio 2020. Dato che non erano permessi grandi eventi a causa delle misure pandemiche di Corona, c'\u00e8 stata una prima: il SAQ \u00e8 andato in livevia stream con la conferenza popolare per la prima volta. MQ era presente e riassume i punti salienti.","breadcrumb":{"@id":"https:\/\/www.m-q.ch\/tag-der-schweizer-qualitaet-2020-auf-digitalen-wegen-2\/#breadcrumb"},"inLanguage":"it-IT","potentialAction":[{"@type":"ReadAction","target":["https:\/\/www.m-q.ch\/tag-der-schweizer-qualitaet-2020-auf-digitalen-wegen-2\/"]}]},{"@type":"ImageObject","inLanguage":"it-IT","@id":"https:\/\/www.m-q.ch\/tag-der-schweizer-qualitaet-2020-auf-digitalen-wegen-2\/#primaryimage","url":"https:\/\/www.m-q.ch\/wp-content\/uploads\/2021\/02\/01-4.jpg","contentUrl":"https:\/\/www.m-q.ch\/wp-content\/uploads\/2021\/02\/01-4.jpg","width":302,"height":225},{"@type":"BreadcrumbList","@id":"https:\/\/www.m-q.ch\/tag-der-schweizer-qualitaet-2020-auf-digitalen-wegen-2\/#breadcrumb","itemListElement":[{"@type":"ListItem","position":1,"name":"Allgemein","item":"https:\/\/www.m-q.ch\/kategorie\/allgemein\/"},{"@type":"ListItem","position":2,"name":"Tag der Schweizer Qualit\u00e4t 2020 auf digitalen Wegen"}]},{"@type":"WebSite","@id":"https:\/\/www.m-q.ch\/fr\/#website","url":"https:\/\/www.m-q.ch\/fr\/","name":"Gestione e qualit\u00e0 MQ","description":"Piattaforma per sistemi di gestione integrati.","publisher":{"@id":"https:\/\/www.m-q.ch\/fr\/#organization"},"potentialAction":[{"@type":"SearchAction","target":{"@type":"EntryPoint","urlTemplate":"https:\/\/www.m-q.ch\/fr\/?s={search_term_string}"},"query-input":{"@type":"PropertyValueSpecification","valueRequired":true,"valueName":"search_term_string"}}],"inLanguage":"it-IT"},{"@type":"Organization","@id":"https:\/\/www.m-q.ch\/fr\/#organization","name":"Galledia Fachmedien AG","url":"https:\/\/www.m-q.ch\/fr\/","logo":{"@type":"ImageObject","inLanguage":"it-IT","@id":"https:\/\/www.m-q.ch\/fr\/#\/schema\/logo\/image\/","url":"https:\/\/www.m-q.ch\/wp-content\/uploads\/2020\/12\/cropped-logo_small.png","contentUrl":"https:\/\/www.m-q.ch\/wp-content\/uploads\/2020\/12\/cropped-logo_small.png","width":512,"height":512,"caption":"Galledia Fachmedien AG"},"image":{"@id":"https:\/\/www.m-q.ch\/fr\/#\/schema\/logo\/image\/"},"sameAs":["https:\/\/www.facebook.com\/ManagementUndQualitaet","https:\/\/www.linkedin.com\/showcase\/17982321\/admin\/"]},{"@type":"Person","@id":"https:\/\/www.m-q.ch\/fr\/#\/schema\/person\/6044ff1d138701fac0f63fd4c5c93267","name":"upwork","image":{"@type":"ImageObject","inLanguage":"it-IT","@id":"https:\/\/www.m-q.ch\/fr\/#\/schema\/person\/image\/","url":"https:\/\/secure.gravatar.com\/avatar\/fe2de2b04483edb0f28eb7fd34d15d6c?s=96&d=mm&r=g","contentUrl":"https:\/\/secure.gravatar.com\/avatar\/fe2de2b04483edb0f28eb7fd34d15d6c?s=96&d=mm&r=g","caption":"upwork"},"description":"uf3J7(qCI6jN0^0y6%%0ti70","url":"https:\/\/www.m-q.ch\/it\/author\/upwork\/"}]}},"_links":{"self":[{"href":"https:\/\/www.m-q.ch\/it\/wp-json\/wp\/v2\/posts\/10385","targetHints":{"allow":["GET"]}}],"collection":[{"href":"https:\/\/www.m-q.ch\/it\/wp-json\/wp\/v2\/posts"}],"about":[{"href":"https:\/\/www.m-q.ch\/it\/wp-json\/wp\/v2\/types\/post"}],"author":[{"embeddable":true,"href":"https:\/\/www.m-q.ch\/it\/wp-json\/wp\/v2\/users\/60"}],"replies":[{"embeddable":true,"href":"https:\/\/www.m-q.ch\/it\/wp-json\/wp\/v2\/comments?post=10385"}],"version-history":[{"count":2,"href":"https:\/\/www.m-q.ch\/it\/wp-json\/wp\/v2\/posts\/10385\/revisions"}],"predecessor-version":[{"id":10394,"href":"https:\/\/www.m-q.ch\/it\/wp-json\/wp\/v2\/posts\/10385\/revisions\/10394"}],"wp:featuredmedia":[{"embeddable":true,"href":"https:\/\/www.m-q.ch\/it\/wp-json\/wp\/v2\/media\/10389"}],"wp:attachment":[{"href":"https:\/\/www.m-q.ch\/it\/wp-json\/wp\/v2\/media?parent=10385"}],"wp:term":[{"taxonomy":"category","embeddable":true,"href":"https:\/\/www.m-q.ch\/it\/wp-json\/wp\/v2\/categories?post=10385"},{"taxonomy":"post_tag","embeddable":true,"href":"https:\/\/www.m-q.ch\/it\/wp-json\/wp\/v2\/tags?post=10385"}],"curies":[{"name":"wp","href":"https:\/\/api.w.org\/{rel}","templated":true}]}}