{"id":10395,"date":"2020-06-05T09:09:28","date_gmt":"2020-06-05T07:09:28","guid":{"rendered":"https:\/\/www.m-q.ch\/?p=10395"},"modified":"2021-02-10T09:19:58","modified_gmt":"2021-02-10T08:19:58","slug":"imparare-e-disimparare","status":"publish","type":"post","link":"https:\/\/www.m-q.ch\/it\/lernen-und-verlernen-koennen\/","title":{"rendered":"\"Essere in grado di imparare e disimparare\""},"content":{"rendered":"<p><img loading=\"lazy\" decoding=\"async\" class=\"alignnone  wp-image-10399\" src=\"https:\/\/www.m-q.ch\/wp-content\/uploads\/2021\/02\/02-4.jpg\" alt=\"\" width=\"831\" height=\"1111\" srcset=\"https:\/\/www.m-q.ch\/wp-content\/uploads\/2021\/02\/02-4.jpg 199w, https:\/\/www.m-q.ch\/wp-content\/uploads\/2021\/02\/02-4-9x12.jpg 9w, https:\/\/www.m-q.ch\/wp-content\/uploads\/2021\/02\/02-4-131x175.jpg 131w\" sizes=\"auto, (max-width: 831px) 100vw, 831px\" \/><\/p>\n<p>Il Prof. Dr. Fredmund Malik \u00e8 il fondatore, proprietario e presidente di Malik, un'azienda rinomata per soluzioni olistiche di gestione generale, leadership e governance. L'abilitato professore imprenditoriale e pluripremiato autore di bestseller ha stabilito per anni degli standard di gestione professionale con la sua azienda. I suoi sistemi di gestione basati sulla cibernetica sono considerati in tutto il mondo come strumenti altamente sviluppati per il funzionamento affidabile delle organizzazioni.<\/p>\n<p><strong>Professor Malik, probabilmente la questione pi\u00f9 delicata dell'idoneit\u00e0 professionale \u00e8 l'accorciamento dell'emivita della conoscenza. Come affrontarlo? <\/strong><\/p>\n<p><strong>Fredmund Malik:<\/strong> Rilassato, disinibito, desideroso di imparare, pronto ad affrontare cose nuove, pronto a imparare. E questa volont\u00e0 fondamentale di imparare, se vuole portare al successo, non deve essere solo finalizzata all'acquisizione di nuove conoscenze. Per essere veramente in forma per il fitness professionale richiesto in futuro, \u00e8 fondamentalmente importante imparare a imparare in modo efficiente. Solo allora guadagneremo la capacit\u00e0 di far fronte all'obsolescenza sempre pi\u00f9 rapida della nostra conoscenza dei contenuti. Non lasciare che la questione spinosa dell'idoneit\u00e0 professionale che lei solleva diventi una questione problematica richiede a tutti noi di diventare esperti di apprendimento. Tutti noi dobbiamo imparare ad apprendere nuove conoscenze pi\u00f9 velocemente e meglio.<\/p>\n<p><strong>Perch\u00e9 sottolinea questo? <\/strong><\/p>\n<p>Perch\u00e9 il vero potenziale per il futuro sta in questa capacit\u00e0, sia a livello personale che per le aziende. Il fatto \u00e8 che la maggior parte delle persone non ha mai veramente imparato ad imparare, indipendentemente dal loro attuale livello di istruzione. Dal primo giorno di scuola al dottorato, abbiamo imparato principalmente il contenuto, compresi i metodi e le competenze definite dal contenuto, come leggere, scrivere, aritmetica, ma non come imparare efficacemente. E per peggiorare le cose, abbiamo tutti imparato pi\u00f9 o meno allo stesso modo. Pertanto, quasi nessuno \u00e8 consapevole che in et\u00e0 adulta non ci sono due persone che imparano allo stesso modo.<\/p>\n<p><strong>Cosa significa questo in pratica? <\/strong><\/p>\n<p>Io stesso ho formato manager per pi\u00f9 di 40 anni, in et\u00e0 molto diverse, in tutti i tipi di organizzazioni e livelli di gestione. E la pratica me lo dimostra chiaramente: ognuno impara in modo diverso, ma non lo sa. Quindi ognuno deve capire da solo come impara meglio. E con questo intendo un apprendimento efficace, in modo tale che possano anche applicare ci\u00f2 che hanno imparato, che possano imparare cose nuove, e non meno importante, che possano attivamente dimenticare il vecchio e scartarlo quando lo sviluppo ci \u00e8 passato sopra.<\/p>\n<p><strong>Lei allude alla necessit\u00e0 di disimparare?<\/strong><\/p>\n<p>Esattamente! Mantenere l'idoneit\u00e0 professionale significa imparare e disimparare. Anche il disimparare deve essere imparato. Altrimenti il nuovo non avr\u00e0 mai successo, perch\u00e9 il vecchio, che \u00e8 diventato per lo pi\u00f9 carne e sangue, cio\u00e8 \u00e8 diventato una cara abitudine ed \u00e8 profondamente radicato nei riflessi, deve essere rimosso dalla mente. Il secondo pericolo fondamentale per l'idoneit\u00e0 professionale sta nell'orientamento inconscio verso ci\u00f2 che prima era valido, ma non lo \u00e8 pi\u00f9 - e non deve pi\u00f9 esserlo se le persone e le aziende non vogliono subire danni.<\/p>\n<p><strong> Professor Malik, disimparare significa buttare a mare tutto ci\u00f2 che si applicava una volta?<\/strong><\/p>\n<p>Questo \u00e8 il modo in cui viene spesso presentato, ma in realt\u00e0 \u00e8 un'assurdit\u00e0. Non tutta la conoscenza diventa rapidamente obsoleta. Per niente a vantaggio della questione, ci sono parecchie persone che si rendono importanti con tali affermazioni. Il pi\u00f9 delle volte, tra l'altro, \u00e8 detto da chi di solito non conosce abbastanza le aree tematiche in questione. E questo \u00e8 particolarmente dilagante nella nebbia di ci\u00f2 che il mainstream crede che siano il management e la leadership.<\/p>\n<p><strong>La sua controproposta? <\/strong><\/p>\n<p>Il mio metodo personale per riconoscere l'obsolescenza reale rispetto all'obsolescenza solo dichiarata \u00e8 quello che chiamo principio euristico, cio\u00e8 chiedersi: \"S\u00ec, \u00e8 proprio vero...?\" Oggi si parla molto di algoritmi, ma quasi per niente della loro \"sorella gemella\", l'euristica. Gli algoritmi sono regole per una ricerca intelligente e di successo. Le euristiche sono regole per una ricerca intelligente e di successo. Cos\u00ec, quando sento che qualcosa ora \u00e8 completamente nuovo e totalmente rivoluzionario e che tutto il resto \u00e8 ormai irrimediabilmente superato, allora questa euristica, questo \"trucco di apprendimento\" aiuta: S\u00ec, \u00e8 proprio vero...? E poi si cerca invece di pregare semplicemente. Oggi, con Internet, la ricerca intelligente \u00e8 un piacere, perch\u00e9 \u00e8 proprio l\u00ec che si trovano non solo le cose giuste e veramente nuove, ma anche le sciocchezze collettive, la vanagloria e la stupidit\u00e0. Quindi, il fitness professionale vive assolutamente anche della capacit\u00e0 di saper cercare in modo intelligente.<\/p>\n<p>Nelle scienze naturali, nella tecnologia e nella medicina, abbiamo un'enorme quantit\u00e0 di nuove conoscenze... ...ma questo non significa, per carit\u00e0, che tutte le conoscenze precedenti siano quindi superate e obsolete. Pensate alla legge di gravit\u00e0 di Isaac Newton, che pubblic\u00f2 nel 1687. \u00c8 ancora valido. E proprio per questo, sono stati fatti enormi progressi basati su di essa, ben oltre Newton. Ed \u00e8 interessante notare che, specialmente nel campo pi\u00f9 innovativo di oggi - la digitalizzazione e l'informatica - i fondamenti degli anni '40 non solo sono ancora validi, ma vengono applicati solo ora perch\u00e9 ora abbiamo la tecnologia necessaria per farlo. Le basi sono state gettate poco dopo la seconda guerra mondiale nella cibernetica al Massachusetts Institute of Technology di Boston: L'importanza degli anelli di controllo, il principio di feedback e le leggi della complessit\u00e0. Nulla di tutto ci\u00f2 \u00e8 superato; pu\u00f2 essere ampiamente utilizzato oggi in primo luogo - e siamo ancora nelle primissime fasi del processo. Tuttavia, molti dei migliori informatici non lo sanno. Lo vedo ogni giorno nelle aziende a cui diamo consigli sulle strategie di sicurezza informatica, per esempio. E bisogna anche ricordare che il nuovo non viene dal digitale, ma da ci\u00f2 che il digitale rende possibile in modo nuovo, cio\u00e8 il networking; questo a sua volta porta alla complessit\u00e0.<\/p>\n<p><strong>Una delle componenti evolutivamente pi\u00f9 antiche della conoscenza \u00e8 l'esperienza. Come dovrebbe essere trattato? <\/strong><\/p>\n<p>Proprio come la natura l'ha saggiamente disegnata rendendo le persone mortali: L'esperienza dell'individuo muore con lui, e la generazione successiva, a cui si cerca di trasmettere questa esperienza, pu\u00f2 costruire su di essa e fare nuove esperienze, compresi nuovi errori, invece che sempre gli stessi. Il principio della ricerca non \u00e8 semplicemente \"prova ed errore\", come si sostiene sempre, ma \"prova ed errore e, costruendo sull'errore, nuova prova e nuovo errore....\" Quindi parte di questo principio \u00e8 che i nuovi tentativi si basano sugli errori precedenti, non partono da zero. L'esperienza, se volete, \u00e8 un processo dinamico. L'esperienza che ricade sempre su se stessa non va molto lontano. L'esperienza, invece, che costruisce sugli errori e va avanti da l\u00ec, arriva a nuovi e migliori risultati molto rapidamente. A proposito, questo pu\u00f2 essere dimostrato anche sperimentalmente. L'esperienza acquisita attraverso test intelligenti e l'eliminazione degli errori ha un alto valore. Tuttavia, questo ha poco in comune con la tanto citata \"cultura dell'errore\" di oggi, perch\u00e9 non distingue quasi mai tra diversi tipi di errori.<\/p>\n<p><strong> Professor Malik, essere e rimanere professionalmente in forma dipende in ultima analisi dalla capacit\u00e0 di trattare se stessi in modo adeguato, non \u00e8 vero? <\/strong><\/p>\n<p>Questo \u00e8 il fondamento del fitness professionale. L'idoneit\u00e0 professionale richiede efficacia nell'autogestione. E di nuovo, non viene senza imparare e disimparare! Ottenere e rimanere in forma fisicamente, emotivamente e mentalmente, rispettivamente, e intellettualmente \u00e8 il compito dietro il compito, per cos\u00ec dire. E questo compito non \u00e8 privo di sfide. Per quanto sia importante conoscere i propri punti di forza, \u00e8 altrettanto importante per l'idoneit\u00e0 professionale conoscere i propri punti deboli. E a questo proposito intendo quelli nel proprio comportamento, nel trattare con se stessi. La mia esperienza professionale mi mostra sempre che se la forma fisica professionale lascia a desiderare, \u00e8 sempre un segno che qualcuno non si sta comportando in modo saggio.<\/p>","protected":false},"excerpt":{"rendered":"<p>Prof. Dr. Fredmund Malik ist Gr\u00fcnder, Inhaber und Chairman von Malik, einem renommierten Unternehmen f\u00fcr ganzheitliche General Management-, Leadership- und Governance- L\u00f6sungen. Der habilitierte Unternehmer- Professor und mehrfach ausgezeichnete Bestsellerautor setzt seit Jahren mit seinem Unternehmen Standards f\u00fcr professionelles Management. Seine Kybernetik-basierten Management-Systeme gelten weltweit als hochentwickelte Instrumente f\u00fcr das zuverl\u00e4ssige Funktionieren von Organisationen. Professor [&hellip;]<\/p>\n","protected":false},"author":60,"featured_media":10399,"comment_status":"closed","ping_status":"closed","sticky":false,"template":"","format":"standard","meta":{"_acf_changed":false,"footnotes":""},"categories":[5],"tags":[4743],"class_list":["post-10395","post","type-post","status-publish","format-standard","has-post-thumbnail","hentry","category-business_excellence","tag-06-2020"],"acf":[],"yoast_head":"<!-- This site is optimized with the Yoast SEO plugin v26.2 - https:\/\/yoast.com\/wordpress\/plugins\/seo\/ -->\n<title>\u00abLernen und verlernen k\u00f6nnen\u00bb - MQ Management und Qualit\u00e4t<\/title>\n<meta name=\"description\" content=\"Im \u00f6sterreichischen Vorarlberg geboren, als Gr\u00fcnder und Inhaber des BeratungsunternehmensMalik mit Hauptsitz in St. Gallen bekannt geworden, z\u00e4hlt ProfessorDr. Fredmund Malik heute zu den bekanntesten Managementexperten. Bemerkenswertsind seine Gedanken zur Pflege beruflicher Fitness.\" \/>\n<meta name=\"robots\" content=\"index, follow, max-snippet:-1, max-image-preview:large, max-video-preview:-1\" \/>\n<link rel=\"canonical\" href=\"https:\/\/www.m-q.ch\/it\/imparare-e-disimparare\/\" \/>\n<meta property=\"og:locale\" content=\"it_IT\" \/>\n<meta property=\"og:type\" content=\"article\" \/>\n<meta property=\"og:title\" content=\"\u00abLernen und verlernen k\u00f6nnen\u00bb - MQ Management und Qualit\u00e4t\" \/>\n<meta property=\"og:description\" content=\"Im \u00f6sterreichischen Vorarlberg geboren, als Gr\u00fcnder und Inhaber des BeratungsunternehmensMalik mit Hauptsitz in St. Gallen bekannt geworden, z\u00e4hlt ProfessorDr. Fredmund Malik heute zu den bekanntesten Managementexperten. Bemerkenswertsind seine Gedanken zur Pflege beruflicher Fitness.\" \/>\n<meta property=\"og:url\" content=\"https:\/\/www.m-q.ch\/it\/imparare-e-disimparare\/\" \/>\n<meta property=\"og:site_name\" content=\"MQ Management und Qualit\u00e4t\" \/>\n<meta property=\"article:publisher\" content=\"https:\/\/www.facebook.com\/ManagementUndQualitaet\" \/>\n<meta property=\"article:published_time\" content=\"2020-06-05T07:09:28+00:00\" \/>\n<meta property=\"article:modified_time\" content=\"2021-02-10T08:19:58+00:00\" \/>\n<meta property=\"og:image\" content=\"https:\/\/www.m-q.ch\/wp-content\/uploads\/2021\/02\/02-4.jpg\" \/>\n\t<meta property=\"og:image:width\" content=\"199\" \/>\n\t<meta property=\"og:image:height\" content=\"266\" \/>\n\t<meta property=\"og:image:type\" content=\"image\/jpeg\" \/>\n<meta name=\"author\" content=\"upwork\" \/>\n<meta name=\"twitter:card\" content=\"summary_large_image\" \/>\n<meta name=\"twitter:label1\" content=\"Scritto da\" \/>\n\t<meta name=\"twitter:data1\" content=\"upwork\" \/>\n\t<meta name=\"twitter:label2\" content=\"Tempo di lettura stimato\" \/>\n\t<meta name=\"twitter:data2\" content=\"6 minuti\" \/>\n<script type=\"application\/ld+json\" class=\"yoast-schema-graph\">{\"@context\":\"https:\/\/schema.org\",\"@graph\":[{\"@type\":\"Article\",\"@id\":\"https:\/\/www.m-q.ch\/lernen-und-verlernen-koennen\/#article\",\"isPartOf\":{\"@id\":\"https:\/\/www.m-q.ch\/lernen-und-verlernen-koennen\/\"},\"author\":{\"name\":\"upwork\",\"@id\":\"https:\/\/www.m-q.ch\/fr\/#\/schema\/person\/6044ff1d138701fac0f63fd4c5c93267\"},\"headline\":\"\u00abLernen und verlernen k\u00f6nnen\u00bb\",\"datePublished\":\"2020-06-05T07:09:28+00:00\",\"dateModified\":\"2021-02-10T08:19:58+00:00\",\"mainEntityOfPage\":{\"@id\":\"https:\/\/www.m-q.ch\/lernen-und-verlernen-koennen\/\"},\"wordCount\":1288,\"publisher\":{\"@id\":\"https:\/\/www.m-q.ch\/fr\/#organization\"},\"image\":{\"@id\":\"https:\/\/www.m-q.ch\/lernen-und-verlernen-koennen\/#primaryimage\"},\"thumbnailUrl\":\"https:\/\/www.m-q.ch\/wp-content\/uploads\/2021\/02\/02-4.jpg\",\"keywords\":[\"06\/2020\"],\"articleSection\":[\"Business Excellence\"],\"inLanguage\":\"it-IT\"},{\"@type\":\"WebPage\",\"@id\":\"https:\/\/www.m-q.ch\/lernen-und-verlernen-koennen\/\",\"url\":\"https:\/\/www.m-q.ch\/lernen-und-verlernen-koennen\/\",\"name\":\"\u00abLernen und verlernen k\u00f6nnen\u00bb - MQ Management und Qualit\u00e4t\",\"isPartOf\":{\"@id\":\"https:\/\/www.m-q.ch\/fr\/#website\"},\"primaryImageOfPage\":{\"@id\":\"https:\/\/www.m-q.ch\/lernen-und-verlernen-koennen\/#primaryimage\"},\"image\":{\"@id\":\"https:\/\/www.m-q.ch\/lernen-und-verlernen-koennen\/#primaryimage\"},\"thumbnailUrl\":\"https:\/\/www.m-q.ch\/wp-content\/uploads\/2021\/02\/02-4.jpg\",\"datePublished\":\"2020-06-05T07:09:28+00:00\",\"dateModified\":\"2021-02-10T08:19:58+00:00\",\"description\":\"Im \u00f6sterreichischen Vorarlberg geboren, als Gr\u00fcnder und Inhaber des BeratungsunternehmensMalik mit Hauptsitz in St. Gallen bekannt geworden, z\u00e4hlt ProfessorDr. Fredmund Malik heute zu den bekanntesten Managementexperten. Bemerkenswertsind seine Gedanken zur Pflege beruflicher Fitness.\",\"breadcrumb\":{\"@id\":\"https:\/\/www.m-q.ch\/lernen-und-verlernen-koennen\/#breadcrumb\"},\"inLanguage\":\"it-IT\",\"potentialAction\":[{\"@type\":\"ReadAction\",\"target\":[\"https:\/\/www.m-q.ch\/lernen-und-verlernen-koennen\/\"]}]},{\"@type\":\"ImageObject\",\"inLanguage\":\"it-IT\",\"@id\":\"https:\/\/www.m-q.ch\/lernen-und-verlernen-koennen\/#primaryimage\",\"url\":\"https:\/\/www.m-q.ch\/wp-content\/uploads\/2021\/02\/02-4.jpg\",\"contentUrl\":\"https:\/\/www.m-q.ch\/wp-content\/uploads\/2021\/02\/02-4.jpg\",\"width\":199,\"height\":266},{\"@type\":\"BreadcrumbList\",\"@id\":\"https:\/\/www.m-q.ch\/lernen-und-verlernen-koennen\/#breadcrumb\",\"itemListElement\":[{\"@type\":\"ListItem\",\"position\":1,\"name\":\"Business Excellence\",\"item\":\"https:\/\/www.m-q.ch\/kategorie\/business_excellence\/\"},{\"@type\":\"ListItem\",\"position\":2,\"name\":\"\u00abLernen und verlernen k\u00f6nnen\u00bb\"}]},{\"@type\":\"WebSite\",\"@id\":\"https:\/\/www.m-q.ch\/fr\/#website\",\"url\":\"https:\/\/www.m-q.ch\/fr\/\",\"name\":\"MQ Management und Qualit\u00e4t\",\"description\":\"Plattform f\u00fcr integrierte Managementsysteme.\",\"publisher\":{\"@id\":\"https:\/\/www.m-q.ch\/fr\/#organization\"},\"potentialAction\":[{\"@type\":\"SearchAction\",\"target\":{\"@type\":\"EntryPoint\",\"urlTemplate\":\"https:\/\/www.m-q.ch\/fr\/?s={search_term_string}\"},\"query-input\":{\"@type\":\"PropertyValueSpecification\",\"valueRequired\":true,\"valueName\":\"search_term_string\"}}],\"inLanguage\":\"it-IT\"},{\"@type\":\"Organization\",\"@id\":\"https:\/\/www.m-q.ch\/fr\/#organization\",\"name\":\"Galledia Fachmedien AG\",\"url\":\"https:\/\/www.m-q.ch\/fr\/\",\"logo\":{\"@type\":\"ImageObject\",\"inLanguage\":\"it-IT\",\"@id\":\"https:\/\/www.m-q.ch\/fr\/#\/schema\/logo\/image\/\",\"url\":\"https:\/\/www.m-q.ch\/wp-content\/uploads\/2020\/12\/cropped-logo_small.png\",\"contentUrl\":\"https:\/\/www.m-q.ch\/wp-content\/uploads\/2020\/12\/cropped-logo_small.png\",\"width\":512,\"height\":512,\"caption\":\"Galledia Fachmedien AG\"},\"image\":{\"@id\":\"https:\/\/www.m-q.ch\/fr\/#\/schema\/logo\/image\/\"},\"sameAs\":[\"https:\/\/www.facebook.com\/ManagementUndQualitaet\",\"https:\/\/www.linkedin.com\/showcase\/17982321\/admin\/\"]},{\"@type\":\"Person\",\"@id\":\"https:\/\/www.m-q.ch\/fr\/#\/schema\/person\/6044ff1d138701fac0f63fd4c5c93267\",\"name\":\"upwork\",\"image\":{\"@type\":\"ImageObject\",\"inLanguage\":\"it-IT\",\"@id\":\"https:\/\/www.m-q.ch\/fr\/#\/schema\/person\/image\/\",\"url\":\"https:\/\/secure.gravatar.com\/avatar\/fe2de2b04483edb0f28eb7fd34d15d6c?s=96&d=mm&r=g\",\"contentUrl\":\"https:\/\/secure.gravatar.com\/avatar\/fe2de2b04483edb0f28eb7fd34d15d6c?s=96&d=mm&r=g\",\"caption\":\"upwork\"},\"description\":\"uf3J7(qCI6jN0^0y6%%0ti70\",\"url\":\"https:\/\/www.m-q.ch\/it\/author\/upwork\/\"}]}<\/script>\n<!-- \/ Yoast SEO plugin. -->","yoast_head_json":{"title":"\"Imparare e poter disimparare\" - MQ Management and Quality","description":"Nato nel Vorarlberg, Austria, e conosciuto come fondatore e proprietario della societ\u00e0 di consulenza Malik con sede a San Gallo, il professor Fredmund Malik \u00e8 uno dei pi\u00f9 noti esperti di management di oggi. I suoi pensieri sul mantenimento della forma professionale sono degni di nota.","robots":{"index":"index","follow":"follow","max-snippet":"max-snippet:-1","max-image-preview":"max-image-preview:large","max-video-preview":"max-video-preview:-1"},"canonical":"https:\/\/www.m-q.ch\/it\/imparare-e-disimparare\/","og_locale":"it_IT","og_type":"article","og_title":"\u00abLernen und verlernen k\u00f6nnen\u00bb - MQ Management und Qualit\u00e4t","og_description":"Im \u00f6sterreichischen Vorarlberg geboren, als Gr\u00fcnder und Inhaber des BeratungsunternehmensMalik mit Hauptsitz in St. Gallen bekannt geworden, z\u00e4hlt ProfessorDr. Fredmund Malik heute zu den bekanntesten Managementexperten. Bemerkenswertsind seine Gedanken zur Pflege beruflicher Fitness.","og_url":"https:\/\/www.m-q.ch\/it\/imparare-e-disimparare\/","og_site_name":"MQ Management und Qualit\u00e4t","article_publisher":"https:\/\/www.facebook.com\/ManagementUndQualitaet","article_published_time":"2020-06-05T07:09:28+00:00","article_modified_time":"2021-02-10T08:19:58+00:00","og_image":[{"width":199,"height":266,"url":"https:\/\/www.m-q.ch\/wp-content\/uploads\/2021\/02\/02-4.jpg","type":"image\/jpeg"}],"author":"upwork","twitter_card":"summary_large_image","twitter_misc":{"Scritto da":"upwork","Tempo di lettura stimato":"6 minuti"},"schema":{"@context":"https:\/\/schema.org","@graph":[{"@type":"Article","@id":"https:\/\/www.m-q.ch\/lernen-und-verlernen-koennen\/#article","isPartOf":{"@id":"https:\/\/www.m-q.ch\/lernen-und-verlernen-koennen\/"},"author":{"name":"upwork","@id":"https:\/\/www.m-q.ch\/fr\/#\/schema\/person\/6044ff1d138701fac0f63fd4c5c93267"},"headline":"\u00abLernen und verlernen k\u00f6nnen\u00bb","datePublished":"2020-06-05T07:09:28+00:00","dateModified":"2021-02-10T08:19:58+00:00","mainEntityOfPage":{"@id":"https:\/\/www.m-q.ch\/lernen-und-verlernen-koennen\/"},"wordCount":1288,"publisher":{"@id":"https:\/\/www.m-q.ch\/fr\/#organization"},"image":{"@id":"https:\/\/www.m-q.ch\/lernen-und-verlernen-koennen\/#primaryimage"},"thumbnailUrl":"https:\/\/www.m-q.ch\/wp-content\/uploads\/2021\/02\/02-4.jpg","keywords":["06\/2020"],"articleSection":["Business Excellence"],"inLanguage":"it-IT"},{"@type":"WebPage","@id":"https:\/\/www.m-q.ch\/lernen-und-verlernen-koennen\/","url":"https:\/\/www.m-q.ch\/lernen-und-verlernen-koennen\/","name":"\"Imparare e poter disimparare\" - MQ Management and Quality","isPartOf":{"@id":"https:\/\/www.m-q.ch\/fr\/#website"},"primaryImageOfPage":{"@id":"https:\/\/www.m-q.ch\/lernen-und-verlernen-koennen\/#primaryimage"},"image":{"@id":"https:\/\/www.m-q.ch\/lernen-und-verlernen-koennen\/#primaryimage"},"thumbnailUrl":"https:\/\/www.m-q.ch\/wp-content\/uploads\/2021\/02\/02-4.jpg","datePublished":"2020-06-05T07:09:28+00:00","dateModified":"2021-02-10T08:19:58+00:00","description":"Nato nel Vorarlberg, Austria, e conosciuto come fondatore e proprietario della societ\u00e0 di consulenza Malik con sede a San Gallo, il professor Fredmund Malik \u00e8 uno dei pi\u00f9 noti esperti di management di oggi. I suoi pensieri sul mantenimento della forma professionale sono degni di nota.","breadcrumb":{"@id":"https:\/\/www.m-q.ch\/lernen-und-verlernen-koennen\/#breadcrumb"},"inLanguage":"it-IT","potentialAction":[{"@type":"ReadAction","target":["https:\/\/www.m-q.ch\/lernen-und-verlernen-koennen\/"]}]},{"@type":"ImageObject","inLanguage":"it-IT","@id":"https:\/\/www.m-q.ch\/lernen-und-verlernen-koennen\/#primaryimage","url":"https:\/\/www.m-q.ch\/wp-content\/uploads\/2021\/02\/02-4.jpg","contentUrl":"https:\/\/www.m-q.ch\/wp-content\/uploads\/2021\/02\/02-4.jpg","width":199,"height":266},{"@type":"BreadcrumbList","@id":"https:\/\/www.m-q.ch\/lernen-und-verlernen-koennen\/#breadcrumb","itemListElement":[{"@type":"ListItem","position":1,"name":"Business Excellence","item":"https:\/\/www.m-q.ch\/kategorie\/business_excellence\/"},{"@type":"ListItem","position":2,"name":"\u00abLernen und verlernen k\u00f6nnen\u00bb"}]},{"@type":"WebSite","@id":"https:\/\/www.m-q.ch\/fr\/#website","url":"https:\/\/www.m-q.ch\/fr\/","name":"Gestione e qualit\u00e0 MQ","description":"Piattaforma per sistemi di gestione integrati.","publisher":{"@id":"https:\/\/www.m-q.ch\/fr\/#organization"},"potentialAction":[{"@type":"SearchAction","target":{"@type":"EntryPoint","urlTemplate":"https:\/\/www.m-q.ch\/fr\/?s={search_term_string}"},"query-input":{"@type":"PropertyValueSpecification","valueRequired":true,"valueName":"search_term_string"}}],"inLanguage":"it-IT"},{"@type":"Organization","@id":"https:\/\/www.m-q.ch\/fr\/#organization","name":"Galledia Fachmedien AG","url":"https:\/\/www.m-q.ch\/fr\/","logo":{"@type":"ImageObject","inLanguage":"it-IT","@id":"https:\/\/www.m-q.ch\/fr\/#\/schema\/logo\/image\/","url":"https:\/\/www.m-q.ch\/wp-content\/uploads\/2020\/12\/cropped-logo_small.png","contentUrl":"https:\/\/www.m-q.ch\/wp-content\/uploads\/2020\/12\/cropped-logo_small.png","width":512,"height":512,"caption":"Galledia Fachmedien AG"},"image":{"@id":"https:\/\/www.m-q.ch\/fr\/#\/schema\/logo\/image\/"},"sameAs":["https:\/\/www.facebook.com\/ManagementUndQualitaet","https:\/\/www.linkedin.com\/showcase\/17982321\/admin\/"]},{"@type":"Person","@id":"https:\/\/www.m-q.ch\/fr\/#\/schema\/person\/6044ff1d138701fac0f63fd4c5c93267","name":"upwork","image":{"@type":"ImageObject","inLanguage":"it-IT","@id":"https:\/\/www.m-q.ch\/fr\/#\/schema\/person\/image\/","url":"https:\/\/secure.gravatar.com\/avatar\/fe2de2b04483edb0f28eb7fd34d15d6c?s=96&d=mm&r=g","contentUrl":"https:\/\/secure.gravatar.com\/avatar\/fe2de2b04483edb0f28eb7fd34d15d6c?s=96&d=mm&r=g","caption":"upwork"},"description":"uf3J7(qCI6jN0^0y6%%0ti70","url":"https:\/\/www.m-q.ch\/it\/author\/upwork\/"}]}},"_links":{"self":[{"href":"https:\/\/www.m-q.ch\/it\/wp-json\/wp\/v2\/posts\/10395","targetHints":{"allow":["GET"]}}],"collection":[{"href":"https:\/\/www.m-q.ch\/it\/wp-json\/wp\/v2\/posts"}],"about":[{"href":"https:\/\/www.m-q.ch\/it\/wp-json\/wp\/v2\/types\/post"}],"author":[{"embeddable":true,"href":"https:\/\/www.m-q.ch\/it\/wp-json\/wp\/v2\/users\/60"}],"replies":[{"embeddable":true,"href":"https:\/\/www.m-q.ch\/it\/wp-json\/wp\/v2\/comments?post=10395"}],"version-history":[{"count":2,"href":"https:\/\/www.m-q.ch\/it\/wp-json\/wp\/v2\/posts\/10395\/revisions"}],"predecessor-version":[{"id":10405,"href":"https:\/\/www.m-q.ch\/it\/wp-json\/wp\/v2\/posts\/10395\/revisions\/10405"}],"wp:featuredmedia":[{"embeddable":true,"href":"https:\/\/www.m-q.ch\/it\/wp-json\/wp\/v2\/media\/10399"}],"wp:attachment":[{"href":"https:\/\/www.m-q.ch\/it\/wp-json\/wp\/v2\/media?parent=10395"}],"wp:term":[{"taxonomy":"category","embeddable":true,"href":"https:\/\/www.m-q.ch\/it\/wp-json\/wp\/v2\/categories?post=10395"},{"taxonomy":"post_tag","embeddable":true,"href":"https:\/\/www.m-q.ch\/it\/wp-json\/wp\/v2\/tags?post=10395"}],"curies":[{"name":"wp","href":"https:\/\/api.w.org\/{rel}","templated":true}]}}