{"id":10446,"date":"2020-06-21T10:32:34","date_gmt":"2020-06-21T08:32:34","guid":{"rendered":"https:\/\/www.m-q.ch\/?p=10446"},"modified":"2021-02-10T10:52:33","modified_gmt":"2021-02-10T09:52:33","slug":"siete-pronti-a-lavorare-insieme-durante-una-crisi","status":"publish","type":"post","link":"https:\/\/www.m-q.ch\/it\/sind-sie-auf-die-zusammenarbeit-waehrend-einer-krise-vorbereitet\/","title":{"rendered":"Siete pronti a lavorare insieme durante una crisi?"},"content":{"rendered":"<p><img loading=\"lazy\" decoding=\"async\" class=\"alignnone wp-image-10447\" src=\"https:\/\/www.m-q.ch\/wp-content\/uploads\/2021\/02\/09-3.jpg\" alt=\"\" width=\"828\" height=\"568\" srcset=\"https:\/\/www.m-q.ch\/wp-content\/uploads\/2021\/02\/09-3.jpg 536w, https:\/\/www.m-q.ch\/wp-content\/uploads\/2021\/02\/09-3-16x12.jpg 16w, https:\/\/www.m-q.ch\/wp-content\/uploads\/2021\/02\/09-3-255x175.jpg 255w, https:\/\/www.m-q.ch\/wp-content\/uploads\/2021\/02\/09-3-510x350.jpg 510w, https:\/\/www.m-q.ch\/wp-content\/uploads\/2021\/02\/09-3-300x206.jpg 300w\" sizes=\"auto, (max-width: 828px) 100vw, 828px\" \/><\/p>\n<p>In Italia, che ha subito una quarantena nazionale molto intensa, \u00e8 stato registrato un traffico internet molto pi\u00f9 elevato all'inizio. Gli addetti ai lavori suppongono che almeno il 30% degli utenti di PC domestici siano stati vittime di minacce informatiche (ad esempio, attacchi di phishing). Sia le organizzazioni che i privati di tutto il mondo dipendono da un'infrastruttura IT funzionante.<\/p>\n<p>Nella maggior parte dei casi, la salute e la sicurezza dei dipendenti e dei clienti \u00e8 una priorit\u00e0 assoluta per le aziende, ma condurre gli affari a casa e da soli pu\u00f2 anche avere un impatto negativo sulle prestazioni aziendali. Incoraggiare i dipendenti a lavorare da casa pu\u00f2 avere un impatto sulla performance aziendale complessiva, sulla qualit\u00e0 e sulla sicurezza.<\/p>\n<p>I rischi risiedono da un lato nell'infrastruttura IT, che non \u00e8 necessariamente preparata per il lavoro decentralizzato. Inoltre, anche il personale dovrebbe essere formato per i nuovi requisiti.<\/p>\n<p>Le prestazioni, l'affidabilit\u00e0 o la sicurezza dell'infrastruttura IT sono cruciali in questo caso.<\/p>\n<p><strong> Infrastruttura IT per il lavoro decentralizzato<\/strong><\/p>\n<p>I responsabili dell'IT e dell'informazione di un'azienda devono quindi assicurarsi che i seguenti compiti siano risolti:<\/p>\n<ul>\n<li>Gli impiegati hanno le autorizzazioni necessarie per poter lavorare in modo produttivo.<\/li>\n<li>Le licenze necessarie sono a posto e l'autenticazione a pi\u00f9 fattori assicura che solo le persone autorizzate abbiano accesso ai dati aziendali.<\/li>\n<li>Quando i dipendenti usano i loro dispositivi privati, dovrebbero soddisfare gli standard minimi di sicurezza e avere un software di protezione. Questo include anche l'installazione degli ultimi aggiornamenti sul proprio sistema.<\/li>\n<li>I dipendenti devono essere sensibilizzati e consapevoli dei pi\u00f9 importanti pericoli legati alla sicurezza (phishing, malware, ecc.).<\/li>\n<\/ul>\n<p><strong>Requisiti per il personale<\/strong><\/p>\n<p>Il lavoro distribuito, e l'home office in particolare, porta nuove sfide a tutti i livelli della gerarchia:<\/p>\n<ul>\n<li>Manca il contatto rapido, semplice e spontaneo. Fondamentalmente, il contatto e anche lo scambio informale di informazioni \u00e8 ridotto. Questo comporta il pericolo dell'isolamento.<\/li>\n<li>Improvvisamente, la comunicazione avviene principalmente attraverso mezzi e strumenti elettronici.<\/li>\n<li>A causa dei contatti e degli scambi ridotti, la valutazione delle prestazioni \u00e8 pi\u00f9 difficile.<\/li>\n<li>Il coordinamento con i dipendenti o le squadre \u00e8 pi\u00f9 difficile e spesso richiede pi\u00f9 tempo.<\/li>\n<li>Per guidare con successo una squadra decentralizzata, devono essere soddisfatti i seguenti punti:<\/li>\n<li>Senza un senso di comunit\u00e0 o di spirito di squadra, non funziona molto. Soprattutto nella fase di avvio, bisogna investire molto tempo nella costruzione della squadra.<\/li>\n<li>Le strutture forniscono orientamento: riunioni regolari o altri appuntamenti aiutano a strutturare la giornata e i compiti da un lato, e a mantenere i contatti interpersonali dall'altro.<\/li>\n<li>Stabilire regole chiare: Per esempio, entro quanto tempo si deve rispondere alle richieste, quali sono le aspettative riguardo ai tempi di presenza fissi? Chi riferisce a chi, chi informa e chi ha accesso a quali dati?<\/li>\n<\/ul>\n<p>Poich\u00e9 lo scambio informale e rapido \u00e8 limitato e tutti lavorano in modo decentralizzato, \u00e8 anche importante documentare i risultati in modo uniforme e sistematico.<\/p>\n<p>Non bisogna dimenticare che non tutti i dipendenti hanno lo stesso know-how tecnico e le competenze corrispondenti nel trattare con gli strumenti digitali. Pertanto, la formazione dei dipendenti coinvolti (e anche dei supervisori) \u00e8 ancora pi\u00f9 importante per garantire che tutti partano bene nella nuova forma di lavoro.<\/p>\n<p><strong>Misure tecniche e organizzative appropriate<\/strong><\/p>\n<p>Allo stesso modo, importanti principi di protezione dei dati devono continuare ad essere rispettati. Questo pu\u00f2 comportare delle conseguenze in caso di inadempienza.<\/p>\n<p>Anche se il dipendente lavora da casa, continua a trattare dati personali per e per conto del datore di lavoro. Il datore di lavoro rimane quindi responsabile del trattamento di questi dati in un modo che rispetti i requisiti di protezione dei dati. Di conseguenza, egli deve garantire la sicurezza dei dati mediante misure tecniche e organizzative adeguate, conformemente all'art. 7 della legge sulla protezione dei dati (DSG).<\/p>\n<p>Se il regolamento sulla protezione dei dati (DSGVO) \u00e8 applicabile alla vostra attivit\u00e0, l'art. 24 (1) DSGVO prevede le stesse regole.<\/p>\n<p>Quando si trattano dati personali, per esempio, bisogna fare attenzione che i membri della famiglia non abbiano accesso a questi dati - il blocco dello schermo quando si lascia il posto di lavoro vale quindi anche a casa. I documenti in forma cartacea devono essere conservati in modo sicuro, o in un armadio con serratura o almeno in una stanza separata con serratura. In nessun caso i file che non sono pi\u00f9 necessari devono finire nella carta straccia di casa; devono essere conservati in modo sicuro e poi distrutti nell'ufficio del datore di lavoro in conformit\u00e0 con i regolamenti interni. Possono essere distrutti nell'ufficio di casa se si usa un distruggidocumenti con il livello di sicurezza appropriato. Per accedere ai sistemi del datore di lavoro, \u00e8 meglio usare una rete privata virtuale (VPN) per garantire la trasmissione criptata dei dati.<\/p>\n<p>A seconda del settore in cui si opera, diversi dati vengono elaborati con diversi gradi di sensibilit\u00e0. Quando si trattano dati personali che richiedono una protezione speciale, come i dati sanitari, le regole sulla sicurezza dei dati hanno una priorit\u00e0 particolarmente alta e non devono essere trascurate in nessun caso.<\/p>\n<p>Per assicurare standard di sicurezza sufficientemente alti, il datore di lavoro dovrebbe stabilire chiare regole d'uso per iscritto in chiare linee guida aziendali come un'istruzione utente. In questo modo, gli impiegati sanno quali misure devono prendere per il loro ufficio a casa.<\/p>\n<p><strong> Strumenti per la collaborazione digitale <\/strong><\/p>\n<p>L'incaricato della protezione dei dati del Cantone di Zurigo ha esaminato alcuni degli strumenti di collaborazione digitale pi\u00f9 popolari per la loro conformit\u00e0 alla protezione dei dati. La lista pu\u00f2 essere consultata al seguente link: https:\/\/dsb.zh.ch\/internet\/datenschutzbeauftragter\/ en\/themen\/digitale-zusammenarbeit. html<\/p>\n<p><strong>Lavorare sui propri dispositivi <\/strong><\/p>\n<p>Se si permette ai dipendenti di lavorare con il proprio smartphone e\/o laptop, si devono osservare ulteriori precauzioni per la protezione dei dati. Per questo, \u00e8 meglio consultare l'articolo di Swiss Infosec news intitolato \"BYOD - Private work devices in business\" di luglio 2019.<\/p>\n<p><strong>Conclusione <\/strong><\/p>\n<p>In sintesi, si pu\u00f2 affermare che gli uffici domestici possono certamente essere progettati in modo conforme alla protezione dei dati. \u00c8 importante che tutti i dipendenti sappiano quali misure devono prendere per garantire la sicurezza dei dati a casa. Bisogna anche assicurarsi che i canali di comunicazione selezionati siano conformi ai requisiti di protezione dei dati. In linea di principio, tutti i punti rilevanti per la protezione dei dati devono essere chiariti prima che un datore di lavoro permetta l'home office. L'attuale situazione eccezionale ha probabilmente portato ad un uso privato regolare, anche prima che i dipendenti abbiano familiarizzato con i regolamenti pertinenti. \u00c8 quindi imperativo emettere direttive appropriate il pi\u00f9 presto possibile.<\/p>\n<p>Swiss Infosec AG (Data Protection Competence Center) sar\u00e0 lieta di rispondere alle vostre domande e di assistervi nel rispetto delle specifiche direttive svizzere in materia di protezione dei dati e DSGVO<\/p>\n<p>&nbsp;<\/p>","protected":false},"excerpt":{"rendered":"<p>In Italien, das eine sehr intensive landesweite Quarant\u00e4ne durchmachte, verzeichnete man schon fr\u00fch einen viel h\u00f6heren Datenverkehr im Internet. Insider gehen davon aus, dass mindestens 30 Prozent der Home-PC-Anwender Opfer von Cyber-Bedrohungen (z.B. Phishing-Angriffen) wurden. Sowohl Organisationen wie auch Privatpersonen auf der ganzen Welt sind von einer funktionierenden IT-Infrastruktur abh\u00e4ngig. In den meisten F\u00e4llen hat [&hellip;]<\/p>\n","protected":false},"author":60,"featured_media":10447,"comment_status":"closed","ping_status":"closed","sticky":false,"template":"","format":"standard","meta":{"_acf_changed":false,"footnotes":""},"categories":[4],"tags":[4743],"class_list":["post-10446","post","type-post","status-publish","format-standard","has-post-thumbnail","hentry","category-risikomanagement","tag-06-2020"],"acf":[],"yoast_head":"<!-- This site is optimized with the Yoast SEO plugin v26.2 - https:\/\/yoast.com\/wordpress\/plugins\/seo\/ -->\n<title>Sind Sie auf die Zusammenarbeit w\u00e4hrend einer Krise vorbereitet? - MQ Management und Qualit\u00e4t<\/title>\n<meta name=\"description\" content=\"Selbstverst\u00e4ndlich, nicht nur in Zeiten von Corona und Krankheitsf\u00e4llen wird vermehrtvon Homeoffice gesprochen. Allerdings, wie arbeitet ein Anwalt oder einBeamtervon einem dezentralen Ort aus, f\u00fcr welche Berufe bietet sich das Systeman und welche guten und sicheren L\u00f6sungen finden sich auf dem Markt? DenneffizientesArbeiten aus der Ferne sollte durchdacht sein.\" \/>\n<meta name=\"robots\" content=\"index, follow, max-snippet:-1, max-image-preview:large, max-video-preview:-1\" \/>\n<link rel=\"canonical\" href=\"https:\/\/www.m-q.ch\/it\/siete-pronti-a-lavorare-insieme-durante-una-crisi\/\" \/>\n<meta property=\"og:locale\" content=\"it_IT\" \/>\n<meta property=\"og:type\" content=\"article\" \/>\n<meta property=\"og:title\" content=\"Sind Sie auf die Zusammenarbeit w\u00e4hrend einer Krise vorbereitet? - MQ Management und Qualit\u00e4t\" \/>\n<meta property=\"og:description\" content=\"Selbstverst\u00e4ndlich, nicht nur in Zeiten von Corona und Krankheitsf\u00e4llen wird vermehrtvon Homeoffice gesprochen. Allerdings, wie arbeitet ein Anwalt oder einBeamtervon einem dezentralen Ort aus, f\u00fcr welche Berufe bietet sich das Systeman und welche guten und sicheren L\u00f6sungen finden sich auf dem Markt? DenneffizientesArbeiten aus der Ferne sollte durchdacht sein.\" \/>\n<meta property=\"og:url\" content=\"https:\/\/www.m-q.ch\/it\/siete-pronti-a-lavorare-insieme-durante-una-crisi\/\" \/>\n<meta property=\"og:site_name\" content=\"MQ Management und Qualit\u00e4t\" \/>\n<meta property=\"article:publisher\" content=\"https:\/\/www.facebook.com\/ManagementUndQualitaet\" \/>\n<meta property=\"article:published_time\" content=\"2020-06-21T08:32:34+00:00\" \/>\n<meta property=\"article:modified_time\" content=\"2021-02-10T09:52:33+00:00\" \/>\n<meta property=\"og:image\" content=\"https:\/\/www.m-q.ch\/wp-content\/uploads\/2021\/02\/09-3.jpg\" \/>\n\t<meta property=\"og:image:width\" content=\"536\" \/>\n\t<meta property=\"og:image:height\" content=\"368\" \/>\n\t<meta property=\"og:image:type\" content=\"image\/jpeg\" \/>\n<meta name=\"author\" content=\"upwork\" \/>\n<meta name=\"twitter:card\" content=\"summary_large_image\" \/>\n<meta name=\"twitter:label1\" content=\"Scritto da\" \/>\n\t<meta name=\"twitter:data1\" content=\"upwork\" \/>\n\t<meta name=\"twitter:label2\" content=\"Tempo di lettura stimato\" \/>\n\t<meta name=\"twitter:data2\" content=\"5 minuti\" \/>\n<script type=\"application\/ld+json\" class=\"yoast-schema-graph\">{\"@context\":\"https:\/\/schema.org\",\"@graph\":[{\"@type\":\"Article\",\"@id\":\"https:\/\/www.m-q.ch\/sind-sie-auf-die-zusammenarbeit-waehrend-einer-krise-vorbereitet\/#article\",\"isPartOf\":{\"@id\":\"https:\/\/www.m-q.ch\/sind-sie-auf-die-zusammenarbeit-waehrend-einer-krise-vorbereitet\/\"},\"author\":{\"name\":\"upwork\",\"@id\":\"https:\/\/www.m-q.ch\/fr\/#\/schema\/person\/6044ff1d138701fac0f63fd4c5c93267\"},\"headline\":\"Sind Sie auf die Zusammenarbeit w\u00e4hrend einer Krise vorbereitet?\",\"datePublished\":\"2020-06-21T08:32:34+00:00\",\"dateModified\":\"2021-02-10T09:52:33+00:00\",\"mainEntityOfPage\":{\"@id\":\"https:\/\/www.m-q.ch\/sind-sie-auf-die-zusammenarbeit-waehrend-einer-krise-vorbereitet\/\"},\"wordCount\":1014,\"publisher\":{\"@id\":\"https:\/\/www.m-q.ch\/fr\/#organization\"},\"image\":{\"@id\":\"https:\/\/www.m-q.ch\/sind-sie-auf-die-zusammenarbeit-waehrend-einer-krise-vorbereitet\/#primaryimage\"},\"thumbnailUrl\":\"https:\/\/www.m-q.ch\/wp-content\/uploads\/2021\/02\/09-3.jpg\",\"keywords\":[\"06\/2020\"],\"articleSection\":[\"Risikomanagement\"],\"inLanguage\":\"it-IT\"},{\"@type\":\"WebPage\",\"@id\":\"https:\/\/www.m-q.ch\/sind-sie-auf-die-zusammenarbeit-waehrend-einer-krise-vorbereitet\/\",\"url\":\"https:\/\/www.m-q.ch\/sind-sie-auf-die-zusammenarbeit-waehrend-einer-krise-vorbereitet\/\",\"name\":\"Sind Sie auf die Zusammenarbeit w\u00e4hrend einer Krise vorbereitet? - MQ Management und Qualit\u00e4t\",\"isPartOf\":{\"@id\":\"https:\/\/www.m-q.ch\/fr\/#website\"},\"primaryImageOfPage\":{\"@id\":\"https:\/\/www.m-q.ch\/sind-sie-auf-die-zusammenarbeit-waehrend-einer-krise-vorbereitet\/#primaryimage\"},\"image\":{\"@id\":\"https:\/\/www.m-q.ch\/sind-sie-auf-die-zusammenarbeit-waehrend-einer-krise-vorbereitet\/#primaryimage\"},\"thumbnailUrl\":\"https:\/\/www.m-q.ch\/wp-content\/uploads\/2021\/02\/09-3.jpg\",\"datePublished\":\"2020-06-21T08:32:34+00:00\",\"dateModified\":\"2021-02-10T09:52:33+00:00\",\"description\":\"Selbstverst\u00e4ndlich, nicht nur in Zeiten von Corona und Krankheitsf\u00e4llen wird vermehrtvon Homeoffice gesprochen. Allerdings, wie arbeitet ein Anwalt oder einBeamtervon einem dezentralen Ort aus, f\u00fcr welche Berufe bietet sich das Systeman und welche guten und sicheren L\u00f6sungen finden sich auf dem Markt? DenneffizientesArbeiten aus der Ferne sollte durchdacht sein.\",\"breadcrumb\":{\"@id\":\"https:\/\/www.m-q.ch\/sind-sie-auf-die-zusammenarbeit-waehrend-einer-krise-vorbereitet\/#breadcrumb\"},\"inLanguage\":\"it-IT\",\"potentialAction\":[{\"@type\":\"ReadAction\",\"target\":[\"https:\/\/www.m-q.ch\/sind-sie-auf-die-zusammenarbeit-waehrend-einer-krise-vorbereitet\/\"]}]},{\"@type\":\"ImageObject\",\"inLanguage\":\"it-IT\",\"@id\":\"https:\/\/www.m-q.ch\/sind-sie-auf-die-zusammenarbeit-waehrend-einer-krise-vorbereitet\/#primaryimage\",\"url\":\"https:\/\/www.m-q.ch\/wp-content\/uploads\/2021\/02\/09-3.jpg\",\"contentUrl\":\"https:\/\/www.m-q.ch\/wp-content\/uploads\/2021\/02\/09-3.jpg\",\"width\":536,\"height\":368},{\"@type\":\"BreadcrumbList\",\"@id\":\"https:\/\/www.m-q.ch\/sind-sie-auf-die-zusammenarbeit-waehrend-einer-krise-vorbereitet\/#breadcrumb\",\"itemListElement\":[{\"@type\":\"ListItem\",\"position\":1,\"name\":\"Risikomanagement\",\"item\":\"https:\/\/www.m-q.ch\/kategorie\/risikomanagement\/\"},{\"@type\":\"ListItem\",\"position\":2,\"name\":\"Sind Sie auf die Zusammenarbeit w\u00e4hrend einer Krise vorbereitet?\"}]},{\"@type\":\"WebSite\",\"@id\":\"https:\/\/www.m-q.ch\/fr\/#website\",\"url\":\"https:\/\/www.m-q.ch\/fr\/\",\"name\":\"MQ Management und Qualit\u00e4t\",\"description\":\"Plattform f\u00fcr integrierte Managementsysteme.\",\"publisher\":{\"@id\":\"https:\/\/www.m-q.ch\/fr\/#organization\"},\"potentialAction\":[{\"@type\":\"SearchAction\",\"target\":{\"@type\":\"EntryPoint\",\"urlTemplate\":\"https:\/\/www.m-q.ch\/fr\/?s={search_term_string}\"},\"query-input\":{\"@type\":\"PropertyValueSpecification\",\"valueRequired\":true,\"valueName\":\"search_term_string\"}}],\"inLanguage\":\"it-IT\"},{\"@type\":\"Organization\",\"@id\":\"https:\/\/www.m-q.ch\/fr\/#organization\",\"name\":\"Galledia Fachmedien AG\",\"url\":\"https:\/\/www.m-q.ch\/fr\/\",\"logo\":{\"@type\":\"ImageObject\",\"inLanguage\":\"it-IT\",\"@id\":\"https:\/\/www.m-q.ch\/fr\/#\/schema\/logo\/image\/\",\"url\":\"https:\/\/www.m-q.ch\/wp-content\/uploads\/2020\/12\/cropped-logo_small.png\",\"contentUrl\":\"https:\/\/www.m-q.ch\/wp-content\/uploads\/2020\/12\/cropped-logo_small.png\",\"width\":512,\"height\":512,\"caption\":\"Galledia Fachmedien AG\"},\"image\":{\"@id\":\"https:\/\/www.m-q.ch\/fr\/#\/schema\/logo\/image\/\"},\"sameAs\":[\"https:\/\/www.facebook.com\/ManagementUndQualitaet\",\"https:\/\/www.linkedin.com\/showcase\/17982321\/admin\/\"]},{\"@type\":\"Person\",\"@id\":\"https:\/\/www.m-q.ch\/fr\/#\/schema\/person\/6044ff1d138701fac0f63fd4c5c93267\",\"name\":\"upwork\",\"image\":{\"@type\":\"ImageObject\",\"inLanguage\":\"it-IT\",\"@id\":\"https:\/\/www.m-q.ch\/fr\/#\/schema\/person\/image\/\",\"url\":\"https:\/\/secure.gravatar.com\/avatar\/fe2de2b04483edb0f28eb7fd34d15d6c?s=96&d=mm&r=g\",\"contentUrl\":\"https:\/\/secure.gravatar.com\/avatar\/fe2de2b04483edb0f28eb7fd34d15d6c?s=96&d=mm&r=g\",\"caption\":\"upwork\"},\"description\":\"uf3J7(qCI6jN0^0y6%%0ti70\",\"url\":\"https:\/\/www.m-q.ch\/it\/author\/upwork\/\"}]}<\/script>\n<!-- \/ Yoast SEO plugin. -->","yoast_head_json":{"title":"Siete pronti a lavorare insieme durante una crisi? - MQ Gestione e qualit\u00e0","description":"Naturalmente, non \u00e8 solo in tempi di Corona e di malattia che si parla sempre pi\u00f9 di uffici a domicilio. Tuttavia, come lavora un avvocato o un funzionario pubblico da un luogo remoto, per quali professioni il sistema \u00e8 adatto e quali soluzioni buone e sicure si possono trovare sul mercato? Il lavoro a distanza efficiente dovrebbe essere ben pensato.","robots":{"index":"index","follow":"follow","max-snippet":"max-snippet:-1","max-image-preview":"max-image-preview:large","max-video-preview":"max-video-preview:-1"},"canonical":"https:\/\/www.m-q.ch\/it\/siete-pronti-a-lavorare-insieme-durante-una-crisi\/","og_locale":"it_IT","og_type":"article","og_title":"Sind Sie auf die Zusammenarbeit w\u00e4hrend einer Krise vorbereitet? - MQ Management und Qualit\u00e4t","og_description":"Selbstverst\u00e4ndlich, nicht nur in Zeiten von Corona und Krankheitsf\u00e4llen wird vermehrtvon Homeoffice gesprochen. Allerdings, wie arbeitet ein Anwalt oder einBeamtervon einem dezentralen Ort aus, f\u00fcr welche Berufe bietet sich das Systeman und welche guten und sicheren L\u00f6sungen finden sich auf dem Markt? DenneffizientesArbeiten aus der Ferne sollte durchdacht sein.","og_url":"https:\/\/www.m-q.ch\/it\/siete-pronti-a-lavorare-insieme-durante-una-crisi\/","og_site_name":"MQ Management und Qualit\u00e4t","article_publisher":"https:\/\/www.facebook.com\/ManagementUndQualitaet","article_published_time":"2020-06-21T08:32:34+00:00","article_modified_time":"2021-02-10T09:52:33+00:00","og_image":[{"width":536,"height":368,"url":"https:\/\/www.m-q.ch\/wp-content\/uploads\/2021\/02\/09-3.jpg","type":"image\/jpeg"}],"author":"upwork","twitter_card":"summary_large_image","twitter_misc":{"Scritto da":"upwork","Tempo di lettura stimato":"5 minuti"},"schema":{"@context":"https:\/\/schema.org","@graph":[{"@type":"Article","@id":"https:\/\/www.m-q.ch\/sind-sie-auf-die-zusammenarbeit-waehrend-einer-krise-vorbereitet\/#article","isPartOf":{"@id":"https:\/\/www.m-q.ch\/sind-sie-auf-die-zusammenarbeit-waehrend-einer-krise-vorbereitet\/"},"author":{"name":"upwork","@id":"https:\/\/www.m-q.ch\/fr\/#\/schema\/person\/6044ff1d138701fac0f63fd4c5c93267"},"headline":"Sind Sie auf die Zusammenarbeit w\u00e4hrend einer Krise vorbereitet?","datePublished":"2020-06-21T08:32:34+00:00","dateModified":"2021-02-10T09:52:33+00:00","mainEntityOfPage":{"@id":"https:\/\/www.m-q.ch\/sind-sie-auf-die-zusammenarbeit-waehrend-einer-krise-vorbereitet\/"},"wordCount":1014,"publisher":{"@id":"https:\/\/www.m-q.ch\/fr\/#organization"},"image":{"@id":"https:\/\/www.m-q.ch\/sind-sie-auf-die-zusammenarbeit-waehrend-einer-krise-vorbereitet\/#primaryimage"},"thumbnailUrl":"https:\/\/www.m-q.ch\/wp-content\/uploads\/2021\/02\/09-3.jpg","keywords":["06\/2020"],"articleSection":["Risikomanagement"],"inLanguage":"it-IT"},{"@type":"WebPage","@id":"https:\/\/www.m-q.ch\/sind-sie-auf-die-zusammenarbeit-waehrend-einer-krise-vorbereitet\/","url":"https:\/\/www.m-q.ch\/sind-sie-auf-die-zusammenarbeit-waehrend-einer-krise-vorbereitet\/","name":"Siete pronti a lavorare insieme durante una crisi? - MQ Gestione e qualit\u00e0","isPartOf":{"@id":"https:\/\/www.m-q.ch\/fr\/#website"},"primaryImageOfPage":{"@id":"https:\/\/www.m-q.ch\/sind-sie-auf-die-zusammenarbeit-waehrend-einer-krise-vorbereitet\/#primaryimage"},"image":{"@id":"https:\/\/www.m-q.ch\/sind-sie-auf-die-zusammenarbeit-waehrend-einer-krise-vorbereitet\/#primaryimage"},"thumbnailUrl":"https:\/\/www.m-q.ch\/wp-content\/uploads\/2021\/02\/09-3.jpg","datePublished":"2020-06-21T08:32:34+00:00","dateModified":"2021-02-10T09:52:33+00:00","description":"Naturalmente, non \u00e8 solo in tempi di Corona e di malattia che si parla sempre pi\u00f9 di uffici a domicilio. Tuttavia, come lavora un avvocato o un funzionario pubblico da un luogo remoto, per quali professioni il sistema \u00e8 adatto e quali soluzioni buone e sicure si possono trovare sul mercato? Il lavoro a distanza efficiente dovrebbe essere ben pensato.","breadcrumb":{"@id":"https:\/\/www.m-q.ch\/sind-sie-auf-die-zusammenarbeit-waehrend-einer-krise-vorbereitet\/#breadcrumb"},"inLanguage":"it-IT","potentialAction":[{"@type":"ReadAction","target":["https:\/\/www.m-q.ch\/sind-sie-auf-die-zusammenarbeit-waehrend-einer-krise-vorbereitet\/"]}]},{"@type":"ImageObject","inLanguage":"it-IT","@id":"https:\/\/www.m-q.ch\/sind-sie-auf-die-zusammenarbeit-waehrend-einer-krise-vorbereitet\/#primaryimage","url":"https:\/\/www.m-q.ch\/wp-content\/uploads\/2021\/02\/09-3.jpg","contentUrl":"https:\/\/www.m-q.ch\/wp-content\/uploads\/2021\/02\/09-3.jpg","width":536,"height":368},{"@type":"BreadcrumbList","@id":"https:\/\/www.m-q.ch\/sind-sie-auf-die-zusammenarbeit-waehrend-einer-krise-vorbereitet\/#breadcrumb","itemListElement":[{"@type":"ListItem","position":1,"name":"Risikomanagement","item":"https:\/\/www.m-q.ch\/kategorie\/risikomanagement\/"},{"@type":"ListItem","position":2,"name":"Sind Sie auf die Zusammenarbeit w\u00e4hrend einer Krise vorbereitet?"}]},{"@type":"WebSite","@id":"https:\/\/www.m-q.ch\/fr\/#website","url":"https:\/\/www.m-q.ch\/fr\/","name":"Gestione e qualit\u00e0 MQ","description":"Piattaforma per sistemi di gestione integrati.","publisher":{"@id":"https:\/\/www.m-q.ch\/fr\/#organization"},"potentialAction":[{"@type":"SearchAction","target":{"@type":"EntryPoint","urlTemplate":"https:\/\/www.m-q.ch\/fr\/?s={search_term_string}"},"query-input":{"@type":"PropertyValueSpecification","valueRequired":true,"valueName":"search_term_string"}}],"inLanguage":"it-IT"},{"@type":"Organization","@id":"https:\/\/www.m-q.ch\/fr\/#organization","name":"Galledia Fachmedien AG","url":"https:\/\/www.m-q.ch\/fr\/","logo":{"@type":"ImageObject","inLanguage":"it-IT","@id":"https:\/\/www.m-q.ch\/fr\/#\/schema\/logo\/image\/","url":"https:\/\/www.m-q.ch\/wp-content\/uploads\/2020\/12\/cropped-logo_small.png","contentUrl":"https:\/\/www.m-q.ch\/wp-content\/uploads\/2020\/12\/cropped-logo_small.png","width":512,"height":512,"caption":"Galledia Fachmedien AG"},"image":{"@id":"https:\/\/www.m-q.ch\/fr\/#\/schema\/logo\/image\/"},"sameAs":["https:\/\/www.facebook.com\/ManagementUndQualitaet","https:\/\/www.linkedin.com\/showcase\/17982321\/admin\/"]},{"@type":"Person","@id":"https:\/\/www.m-q.ch\/fr\/#\/schema\/person\/6044ff1d138701fac0f63fd4c5c93267","name":"upwork","image":{"@type":"ImageObject","inLanguage":"it-IT","@id":"https:\/\/www.m-q.ch\/fr\/#\/schema\/person\/image\/","url":"https:\/\/secure.gravatar.com\/avatar\/fe2de2b04483edb0f28eb7fd34d15d6c?s=96&d=mm&r=g","contentUrl":"https:\/\/secure.gravatar.com\/avatar\/fe2de2b04483edb0f28eb7fd34d15d6c?s=96&d=mm&r=g","caption":"upwork"},"description":"uf3J7(qCI6jN0^0y6%%0ti70","url":"https:\/\/www.m-q.ch\/it\/author\/upwork\/"}]}},"_links":{"self":[{"href":"https:\/\/www.m-q.ch\/it\/wp-json\/wp\/v2\/posts\/10446","targetHints":{"allow":["GET"]}}],"collection":[{"href":"https:\/\/www.m-q.ch\/it\/wp-json\/wp\/v2\/posts"}],"about":[{"href":"https:\/\/www.m-q.ch\/it\/wp-json\/wp\/v2\/types\/post"}],"author":[{"embeddable":true,"href":"https:\/\/www.m-q.ch\/it\/wp-json\/wp\/v2\/users\/60"}],"replies":[{"embeddable":true,"href":"https:\/\/www.m-q.ch\/it\/wp-json\/wp\/v2\/comments?post=10446"}],"version-history":[{"count":3,"href":"https:\/\/www.m-q.ch\/it\/wp-json\/wp\/v2\/posts\/10446\/revisions"}],"predecessor-version":[{"id":10460,"href":"https:\/\/www.m-q.ch\/it\/wp-json\/wp\/v2\/posts\/10446\/revisions\/10460"}],"wp:featuredmedia":[{"embeddable":true,"href":"https:\/\/www.m-q.ch\/it\/wp-json\/wp\/v2\/media\/10447"}],"wp:attachment":[{"href":"https:\/\/www.m-q.ch\/it\/wp-json\/wp\/v2\/media?parent=10446"}],"wp:term":[{"taxonomy":"category","embeddable":true,"href":"https:\/\/www.m-q.ch\/it\/wp-json\/wp\/v2\/categories?post=10446"},{"taxonomy":"post_tag","embeddable":true,"href":"https:\/\/www.m-q.ch\/it\/wp-json\/wp\/v2\/tags?post=10446"}],"curies":[{"name":"wp","href":"https:\/\/api.w.org\/{rel}","templated":true}]}}