{"id":10484,"date":"2020-05-02T11:36:58","date_gmt":"2020-05-02T09:36:58","guid":{"rendered":"https:\/\/www.m-q.ch\/?p=10484"},"modified":"2021-02-10T11:47:51","modified_gmt":"2021-02-10T10:47:51","slug":"ki-un-controllo-della-realta","status":"publish","type":"post","link":"https:\/\/www.m-q.ch\/it\/ki-ein-reality-check\/","title":{"rendered":"\" AI - un controllo della realt\u00e0 \""},"content":{"rendered":"<p><img loading=\"lazy\" decoding=\"async\" class=\"alignnone  wp-image-10486\" src=\"https:\/\/www.m-q.ch\/wp-content\/uploads\/2021\/02\/01-5.jpg\" alt=\"\" width=\"822\" height=\"1934\" srcset=\"https:\/\/www.m-q.ch\/wp-content\/uploads\/2021\/02\/01-5.jpg 320w, https:\/\/www.m-q.ch\/wp-content\/uploads\/2021\/02\/01-5-5x12.jpg 5w, https:\/\/www.m-q.ch\/wp-content\/uploads\/2021\/02\/01-5-74x175.jpg 74w, https:\/\/www.m-q.ch\/wp-content\/uploads\/2021\/02\/01-5-149x350.jpg 149w, https:\/\/www.m-q.ch\/wp-content\/uploads\/2021\/02\/01-5-300x706.jpg 300w\" sizes=\"auto, (max-width: 822px) 100vw, 822px\" \/><\/p>\n<p>La storia di successo economico della \"Svizzera\" ha sempre saputo affermarsi grazie all'inventiva di imprenditori innovativi e alle caratteristiche di qualit\u00e0. \"Le nostre universit\u00e0, le start-up, i laboratori AI aziendali e le PMI formano un ecosistema AI rilevante\", sono convinti anche i due managing partner e co-fondatori della pluripremiata start-up \"SwissCognitive - The Global AI Hub\".<\/p>\n<p>Dalith Steiger e Andy Fitze (vedi fine del testo, p. 6) non solo condividono la passione per le tecnologie cognitive, ma come imprenditori si impegnano anche per un posto di lavoro svizzero competitivo e per le \"giovani generazioni\". A tal fine, i due hanno lanciato il movimento CognitiveValley - \"One AI Voice for Switzerland\" - nel 2019.<\/p>\n<p>Durante la \"Giornata della qualit\u00e0 svizzera 2020\", gli imprenditori mostreranno quanto i giganti della tecnologia siano avanzati in termini di uso intelligente dei dati.<\/p>\n<p>Cosa significa questo per le PMI svizzere? Cosa \u00e8 positivo? Dove sono le pietre d'inciampo? Cosa \u00e8 cambiato grazie a Covid-19? Infine, le domande chiave sono: l'AI aumenta la qualit\u00e0 dei nostri servizi e prodotti? E cosa significa questo per i dipendenti?<\/p>\n<p><strong>Ricercatori, imprenditori, singoli specialisti - chi beneficia della tua rete?<\/strong><\/p>\n<p><em> Dalith Steiger:<\/em> SwissCognitive \"The Global AI Hub\" \u00e8 una piattaforma di rete di competenze per l'intelligenza artificiale, AI, e sta in particolare per un forte posto di lavoro svizzero.<\/p>\n<p>Tutte le parti dell'ecosistema possono trarre profitto, indipendentemente dalla loro maturit\u00e0 in materia di IA. Tuttavia, coloro che partecipano attivamente al futuro ne beneficiano maggiormente.<\/p>\n<p>Educare la gente sulle opzioni efficaci e portare la questione a un livello tangibile \u00e8 il nostro obiettivo.<\/p>\n<p><em>Andy Fitze:<\/em> Costruiamo ponti tra le imprese, il mondo accademico e gli specialisti. L'ampia discussione sulle sfide etiche e le implicazioni per la societ\u00e0 sono altrettanto importanti per noi quanto evidenziare le reali opportunit\u00e0 per nuove aree di business. Visitiamo le aziende, teniamo conferenze e organizziamo workshop per le direzioni delle aziende, i consigli di amministrazione, cos\u00ec come per i loro clienti e dipendenti.<\/p>\n<p><strong>Come fa SwissCognitive a permettere scambi di AI per aziende di tutte le dimensioni? <\/strong><\/p>\n<p><em>Andy Fitze:<\/em> Il nostro credo \u00e8 \"Perch\u00e9 aspettare? Agisci ora! E condividi per il successo!\". Queste non sono solo parole, ci muoviamo e incoraggiamo i nostri clienti a condividere con tutti l'AI. E non solo sulle \"migliori pratiche\", ma anche sui \"peggiori fallimenti\", quindi i nostri workshop sono anche su come superare gli ostacoli della digitalizzazione. Dalith Steiger: Coinvolgiamo attivamente i nostri partner nella nostra rete per rafforzare e promuovere l'ecosistema AI in Svizzera. Siamo una piattaforma di scambio assolutamente orientata al contenuto e alla pratica. Lo scambio avviene in formati propri ed esterni. Nella Giornata della qualit\u00e0 svizzera, il 13 maggio 2020, ci troverete al Congresso SAQ, dove saremo anche partner virtuale del programma.<\/p>\n<p>La Svizzera \u00e8 un paese di PMI e questa \u00e8 la forza del nostro paese. Ecco perch\u00e9 \u00e8 importante che tutti abbiano accesso alle tecnologie cognitive e intelligenti. La digitalizzazione aiuta le PMI a sviluppare prodotti e servizi tradizionali e anche a renderli pi\u00f9 intelligenti.<\/p>\n<p>Qual \u00e8 stata la sua esperienza con l'IA prima di Covid-19 e qual \u00e8 l'atteggiamento delle aziende svizzere verso l'IA da marzo 2020? Dalith Steiger: Le aziende innovative e gli esperti che potevano permetterselo avevano gi\u00e0 parzialmente investito in tecnologie cognitive prima della crisi. Ora siamo stati catapultati violentemente fuori dalla nostra zona di comfort. La volont\u00e0 di usare nuove tecnologie e approcci innovativi \u00e8 aumentata. Le aziende che prima avevano poca o nessuna esposizione al potenziale della digitalizzazione stanno facendo i loro primi passi. Vediamo un campo di applicazione pi\u00f9 ampio intorno alla digitalizzazione.<\/p>\n<p><strong>Conosci qualche azienda che ha beneficiato dei nuovi strumenti digitali durante la crisi di Corona? <\/strong><\/p>\n<p><em>Dalith Steiger:<\/em> S\u00ec, fondamentalmente tutti coloro che usano l'IA per sfruttare la quantit\u00e0 immensamente crescente di dati a vantaggio del loro business. Andy Fitze: Molte aziende che finora hanno prestato poca attenzione al loro potenziale con la digitalizzazione stanno cercando nuove opportunit\u00e0. Non \u00e8 assolutamente necessario che l'IA sia coinvolta. Molte aziende hanno dovuto andare online per costrizione, per esempio, le scuole e gli insegnanti hanno dovuto fare i conti con le possibilit\u00e0 online e usarle senza una fase di test. Il pragmatismo dell'individuo \u00e8 aumentato.<\/p>\n<p><strong>Vede ancora differenze nello sviluppo dell'IA nelle singole regioni della Svizzera? <\/strong><\/p>\n<p><em>Dalith Steiger:<\/em> Ci piace guardare la Svizzera nel suo insieme. Le nostre piccole dimensioni sono un grande vantaggio. Siamo simili per dimensioni alla Silicon Valley. Le distanze sono brevi e la rete \u00e8 forte. Possiamo parlare di pi\u00f9 di hotspot AI. Noi svizzeri possiamo essere orgogliosi delle competenze AI riconosciute a livello mondiale dell'ETH\/EPFL, dell'Universit\u00e0 di Zurigo e Basilea, delle Universit\u00e0 di Scienze Applicate e Arti di Lucerna e Rapperswil, dell'IDEAP nel Welschland e Dalle Molle in Ticino, per citarne solo alcune. Inoltre, ci sono i vari Corporate AI Labs.<\/p>\n<p><em>Andy Fitze:<\/em> Siamo convinti che la Svizzera possa diventare un centro di eccellenza per l'intelligenza artificiale. Nella ricerca e nello sviluppo, nelle aziende globali, nelle PMI e nelle start-up, l'IA \u00e8 gi\u00e0 un fattore importante e riconosciuto nell'economia svizzera. Ora \u00e8 il momento di avere voce in capitolo nel dialogo internazionale.<\/p>\n<p>Nel 2019, abbiamo avviato l'etichetta CognitiveValley all'EPFL di Losanna per un movimento globale di AI. La Svizzera, e le universit\u00e0 svizzere di scienze applicate in particolare, hanno una voce importante sulla scena globale dell'IA.<\/p>\n<p><strong>Ci sono anche regole o standard che si stanno aprendo, in particolare in Svizzera, per quanto riguarda la gestione delle tecnologie AI?<\/strong><\/p>\n<p><em>Dalith Steiger:<\/em> Le competenze nell'istruzione e nella ricerca hanno un ruolo importante da svolgere per affrontare le sfide dell'IA. Nel frattempo, c'\u00e8 un gruppo di lavoro interdipartimentale in Svizzera che prepara gli svizzeri alle sfide nel contesto dell'IA. Inoltre, la Svizzera \u00e8 predestinata a diventare il luogo del mondo in cui si discutono e si decidono questioni etiche, regole e \"codici di condotta\" relativi all'IA, per esempio con l'ONU nella sua sede di Ginevra. Godiamo di una reputazione globale per essere neutrali e affidabili. Possiamo creare il quadro necessario per diventare una sorta di \"centro di gravit\u00e0\" nelle discussioni intorno alle questioni etiche e morali.<\/p>\n<p><strong>Quali scenari futuri vede per lo sviluppo dell'IA in Svizzera - per quanto riguarda l'economia svizzera in generale? <\/strong><\/p>\n<p><em>Andy Fitze:<\/em> Abbiamo gi\u00e0 buone applicazioni industriali di AI, ora \u00e8 il momento giusto per saltare sul carro, per rendere i nostri prodotti e servizi intelligenti. Oltre al potenziale di ottimizzazione e all'aumento dell'efficienza, le nuove tecnologie aprono la possibilit\u00e0 di nuove industrie con un'alta quota di esportazione. Questo a sua volta sar\u00e0 in grado di aumentare il nostro PIL e rafforzare in modo sostenibile il nostro posto di lavoro per le generazioni a venire.<\/p>\n<p>La velocit\u00e0 in altri paesi sta aumentando, e le nostre PMI possono cogliere l'opportunit\u00e0 ora. Per esempio, le associazioni possono promuovere le PMI in questo settore. \u00c8 anche importante scoprire quali possono essere i primi passi sensati.<\/p>\n<p><strong>L'IA ha ancora difficolt\u00e0 con la popolazione svizzera - per esempio in termini di fiducia nella nuova tecnologia o di possibili lacune nella sicurezza? <\/strong><\/p>\n<p><em>Andy Fitze:<\/em> La fiducia nelle tecnologie e il loro impatto sulla societ\u00e0 sono prerequisiti molto importanti per il loro sviluppo e la loro implementazione. La popolazione svizzera vuole capire le cose e avere dibattiti tecnologici. Come si pu\u00f2 vedere, per esempio, in argomenti come l'impatto della frequenza del G5. La popolazione si preoccupa ed \u00e8 interessata. Lo sviluppo della maturit\u00e0, tuttavia, ha bisogno di molto tempo e di un'educazione intensiva.<\/p>\n<p><em>Dalith Steiger:<\/em> Se vogliamo essere competitivi a livello globale e costruire industrie locali con tecnologie cognitive, dobbiamo accelerare il processo. La volont\u00e0 di usare le nuove tecnologie \u00e8 un prerequisito per questo. Il periodo di Corona ci mette sotto ulteriore pressione. Siamo costretti ad agire economicamente e a fornire fiducia anticipata. Ora dobbiamo agire. Dove prima c'era molta ignoranza e scetticismo, ora troviamo apertura e una maggiore volont\u00e0 di innovare.<\/p>\n<p>Ora tocca a ciascuno di noi contribuire intelligentemente a plasmare il nostro futuro e quello della nostra economia.<\/p>","protected":false},"excerpt":{"rendered":"<p>Die wirtschaftliche Erfolgsgeschichte \u00abSchweiz\u00bb konnte sich immer wieder durch den Erfindergeist von innovativen Unternehmern und durch Qualit\u00e4tsmerkmale etablieren. \u00abUnsere Hochschulen, Start-ups, Corporate AI Labs und KMU bilden ein relevantes KI-\u00d6kosystem\u00bb, sind auch die zwei Managing-Partner und Mitbegr\u00fcnder des mehrfach ausgezeichneten Start- ups \u00abSwissCognitive \u2013 The Global AI Hub\u00bb \u00fcberzeugt. Dalith Steiger und Andy Fitze (siehe [&hellip;]<\/p>\n","protected":false},"author":60,"featured_media":10486,"comment_status":"closed","ping_status":"closed","sticky":false,"template":"","format":"standard","meta":{"_acf_changed":false,"footnotes":""},"categories":[4448],"tags":[4745],"class_list":["post-10484","post","type-post","status-publish","format-standard","has-post-thumbnail","hentry","category-allgemein","tag-05-2020"],"acf":[],"yoast_head":"<!-- This site is optimized with the Yoast SEO plugin v26.2 - https:\/\/yoast.com\/wordpress\/plugins\/seo\/ -->\n<title>\u00ab KI \u2013 ein Reality Check \u00bb - MQ Management und Qualit\u00e4t<\/title>\n<meta name=\"description\" content=\"K\u00fcnstliche Intelligenz (KI) pr\u00e4gt die gesellschaftliche sowie wirtschaftliche Transformationinzwischen massiv. \u00abWir k\u00f6nnen alle davon profitieren\u00bb, sind Dalith Steigerund Andy Fitze, Co-Founder von SwissCognitive und KI-Experten, \u00fcberzeugt. Im Interviewmit Management und Qualit\u00e4t sprechen sie \u00fcber weit fortgeschrittene L\u00f6sungen,die auch KMUs in der Schweiz weiterbringen.\" \/>\n<meta name=\"robots\" content=\"index, follow, max-snippet:-1, max-image-preview:large, max-video-preview:-1\" \/>\n<link rel=\"canonical\" href=\"https:\/\/www.m-q.ch\/it\/ki-un-controllo-della-realta\/\" \/>\n<meta property=\"og:locale\" content=\"it_IT\" \/>\n<meta property=\"og:type\" content=\"article\" \/>\n<meta property=\"og:title\" content=\"\u00ab KI \u2013 ein Reality Check \u00bb - MQ Management und Qualit\u00e4t\" \/>\n<meta property=\"og:description\" content=\"K\u00fcnstliche Intelligenz (KI) pr\u00e4gt die gesellschaftliche sowie wirtschaftliche Transformationinzwischen massiv. \u00abWir k\u00f6nnen alle davon profitieren\u00bb, sind Dalith Steigerund Andy Fitze, Co-Founder von SwissCognitive und KI-Experten, \u00fcberzeugt. Im Interviewmit Management und Qualit\u00e4t sprechen sie \u00fcber weit fortgeschrittene L\u00f6sungen,die auch KMUs in der Schweiz weiterbringen.\" \/>\n<meta property=\"og:url\" content=\"https:\/\/www.m-q.ch\/it\/ki-un-controllo-della-realta\/\" \/>\n<meta property=\"og:site_name\" content=\"MQ Management und Qualit\u00e4t\" \/>\n<meta property=\"article:publisher\" content=\"https:\/\/www.facebook.com\/ManagementUndQualitaet\" \/>\n<meta property=\"article:published_time\" content=\"2020-05-02T09:36:58+00:00\" \/>\n<meta property=\"article:modified_time\" content=\"2021-02-10T10:47:51+00:00\" \/>\n<meta property=\"og:image\" content=\"https:\/\/www.m-q.ch\/wp-content\/uploads\/2021\/02\/01-5.jpg\" \/>\n\t<meta property=\"og:image:width\" content=\"320\" \/>\n\t<meta property=\"og:image:height\" content=\"753\" \/>\n\t<meta property=\"og:image:type\" content=\"image\/jpeg\" \/>\n<meta name=\"author\" content=\"upwork\" \/>\n<meta name=\"twitter:card\" content=\"summary_large_image\" \/>\n<meta name=\"twitter:label1\" content=\"Scritto da\" \/>\n\t<meta name=\"twitter:data1\" content=\"upwork\" \/>\n\t<meta name=\"twitter:label2\" content=\"Tempo di lettura stimato\" \/>\n\t<meta name=\"twitter:data2\" content=\"7 minuti\" \/>\n<script type=\"application\/ld+json\" class=\"yoast-schema-graph\">{\"@context\":\"https:\/\/schema.org\",\"@graph\":[{\"@type\":\"Article\",\"@id\":\"https:\/\/www.m-q.ch\/ki-ein-reality-check\/#article\",\"isPartOf\":{\"@id\":\"https:\/\/www.m-q.ch\/ki-ein-reality-check\/\"},\"author\":{\"name\":\"upwork\",\"@id\":\"https:\/\/www.m-q.ch\/fr\/#\/schema\/person\/6044ff1d138701fac0f63fd4c5c93267\"},\"headline\":\"\u00ab KI \u2013 ein Reality Check \u00bb\",\"datePublished\":\"2020-05-02T09:36:58+00:00\",\"dateModified\":\"2021-02-10T10:47:51+00:00\",\"mainEntityOfPage\":{\"@id\":\"https:\/\/www.m-q.ch\/ki-ein-reality-check\/\"},\"wordCount\":1343,\"publisher\":{\"@id\":\"https:\/\/www.m-q.ch\/fr\/#organization\"},\"image\":{\"@id\":\"https:\/\/www.m-q.ch\/ki-ein-reality-check\/#primaryimage\"},\"thumbnailUrl\":\"https:\/\/www.m-q.ch\/wp-content\/uploads\/2021\/02\/01-5.jpg\",\"keywords\":[\"05\/2020\"],\"articleSection\":[\"Allgemein\"],\"inLanguage\":\"it-IT\"},{\"@type\":\"WebPage\",\"@id\":\"https:\/\/www.m-q.ch\/ki-ein-reality-check\/\",\"url\":\"https:\/\/www.m-q.ch\/ki-ein-reality-check\/\",\"name\":\"\u00ab KI \u2013 ein Reality Check \u00bb - MQ Management und Qualit\u00e4t\",\"isPartOf\":{\"@id\":\"https:\/\/www.m-q.ch\/fr\/#website\"},\"primaryImageOfPage\":{\"@id\":\"https:\/\/www.m-q.ch\/ki-ein-reality-check\/#primaryimage\"},\"image\":{\"@id\":\"https:\/\/www.m-q.ch\/ki-ein-reality-check\/#primaryimage\"},\"thumbnailUrl\":\"https:\/\/www.m-q.ch\/wp-content\/uploads\/2021\/02\/01-5.jpg\",\"datePublished\":\"2020-05-02T09:36:58+00:00\",\"dateModified\":\"2021-02-10T10:47:51+00:00\",\"description\":\"K\u00fcnstliche Intelligenz (KI) pr\u00e4gt die gesellschaftliche sowie wirtschaftliche Transformationinzwischen massiv. \u00abWir k\u00f6nnen alle davon profitieren\u00bb, sind Dalith Steigerund Andy Fitze, Co-Founder von SwissCognitive und KI-Experten, \u00fcberzeugt. Im Interviewmit Management und Qualit\u00e4t sprechen sie \u00fcber weit fortgeschrittene L\u00f6sungen,die auch KMUs in der Schweiz weiterbringen.\",\"breadcrumb\":{\"@id\":\"https:\/\/www.m-q.ch\/ki-ein-reality-check\/#breadcrumb\"},\"inLanguage\":\"it-IT\",\"potentialAction\":[{\"@type\":\"ReadAction\",\"target\":[\"https:\/\/www.m-q.ch\/ki-ein-reality-check\/\"]}]},{\"@type\":\"ImageObject\",\"inLanguage\":\"it-IT\",\"@id\":\"https:\/\/www.m-q.ch\/ki-ein-reality-check\/#primaryimage\",\"url\":\"https:\/\/www.m-q.ch\/wp-content\/uploads\/2021\/02\/01-5.jpg\",\"contentUrl\":\"https:\/\/www.m-q.ch\/wp-content\/uploads\/2021\/02\/01-5.jpg\",\"width\":320,\"height\":753},{\"@type\":\"BreadcrumbList\",\"@id\":\"https:\/\/www.m-q.ch\/ki-ein-reality-check\/#breadcrumb\",\"itemListElement\":[{\"@type\":\"ListItem\",\"position\":1,\"name\":\"Allgemein\",\"item\":\"https:\/\/www.m-q.ch\/kategorie\/allgemein\/\"},{\"@type\":\"ListItem\",\"position\":2,\"name\":\"\u00ab KI \u2013 ein Reality Check \u00bb\"}]},{\"@type\":\"WebSite\",\"@id\":\"https:\/\/www.m-q.ch\/fr\/#website\",\"url\":\"https:\/\/www.m-q.ch\/fr\/\",\"name\":\"MQ Management und Qualit\u00e4t\",\"description\":\"Plattform f\u00fcr integrierte Managementsysteme.\",\"publisher\":{\"@id\":\"https:\/\/www.m-q.ch\/fr\/#organization\"},\"potentialAction\":[{\"@type\":\"SearchAction\",\"target\":{\"@type\":\"EntryPoint\",\"urlTemplate\":\"https:\/\/www.m-q.ch\/fr\/?s={search_term_string}\"},\"query-input\":{\"@type\":\"PropertyValueSpecification\",\"valueRequired\":true,\"valueName\":\"search_term_string\"}}],\"inLanguage\":\"it-IT\"},{\"@type\":\"Organization\",\"@id\":\"https:\/\/www.m-q.ch\/fr\/#organization\",\"name\":\"Galledia Fachmedien AG\",\"url\":\"https:\/\/www.m-q.ch\/fr\/\",\"logo\":{\"@type\":\"ImageObject\",\"inLanguage\":\"it-IT\",\"@id\":\"https:\/\/www.m-q.ch\/fr\/#\/schema\/logo\/image\/\",\"url\":\"https:\/\/www.m-q.ch\/wp-content\/uploads\/2020\/12\/cropped-logo_small.png\",\"contentUrl\":\"https:\/\/www.m-q.ch\/wp-content\/uploads\/2020\/12\/cropped-logo_small.png\",\"width\":512,\"height\":512,\"caption\":\"Galledia Fachmedien AG\"},\"image\":{\"@id\":\"https:\/\/www.m-q.ch\/fr\/#\/schema\/logo\/image\/\"},\"sameAs\":[\"https:\/\/www.facebook.com\/ManagementUndQualitaet\",\"https:\/\/www.linkedin.com\/showcase\/17982321\/admin\/\"]},{\"@type\":\"Person\",\"@id\":\"https:\/\/www.m-q.ch\/fr\/#\/schema\/person\/6044ff1d138701fac0f63fd4c5c93267\",\"name\":\"upwork\",\"image\":{\"@type\":\"ImageObject\",\"inLanguage\":\"it-IT\",\"@id\":\"https:\/\/www.m-q.ch\/fr\/#\/schema\/person\/image\/\",\"url\":\"https:\/\/secure.gravatar.com\/avatar\/fe2de2b04483edb0f28eb7fd34d15d6c?s=96&d=mm&r=g\",\"contentUrl\":\"https:\/\/secure.gravatar.com\/avatar\/fe2de2b04483edb0f28eb7fd34d15d6c?s=96&d=mm&r=g\",\"caption\":\"upwork\"},\"description\":\"uf3J7(qCI6jN0^0y6%%0ti70\",\"url\":\"https:\/\/www.m-q.ch\/it\/author\/upwork\/\"}]}<\/script>\n<!-- \/ Yoast SEO plugin. -->","yoast_head_json":{"title":"\"AI - un controllo della realt\u00e0\" - MQ Management and Quality","description":"L'intelligenza artificiale (AI) sta ora plasmando la trasformazione sociale ed economica su vasta scala. \"Possiamo tutti beneficiarne\", ne sono convinti Dalith Steiger e Andy Fitze, cofondatori di SwissCognitive ed esperti di IA. In un'intervista con Management und Qualit\u00e4t, parlano di soluzioni avanzate che aiutano anche le PMI in Svizzera.","robots":{"index":"index","follow":"follow","max-snippet":"max-snippet:-1","max-image-preview":"max-image-preview:large","max-video-preview":"max-video-preview:-1"},"canonical":"https:\/\/www.m-q.ch\/it\/ki-un-controllo-della-realta\/","og_locale":"it_IT","og_type":"article","og_title":"\u00ab KI \u2013 ein Reality Check \u00bb - MQ Management und Qualit\u00e4t","og_description":"K\u00fcnstliche Intelligenz (KI) pr\u00e4gt die gesellschaftliche sowie wirtschaftliche Transformationinzwischen massiv. \u00abWir k\u00f6nnen alle davon profitieren\u00bb, sind Dalith Steigerund Andy Fitze, Co-Founder von SwissCognitive und KI-Experten, \u00fcberzeugt. Im Interviewmit Management und Qualit\u00e4t sprechen sie \u00fcber weit fortgeschrittene L\u00f6sungen,die auch KMUs in der Schweiz weiterbringen.","og_url":"https:\/\/www.m-q.ch\/it\/ki-un-controllo-della-realta\/","og_site_name":"MQ Management und Qualit\u00e4t","article_publisher":"https:\/\/www.facebook.com\/ManagementUndQualitaet","article_published_time":"2020-05-02T09:36:58+00:00","article_modified_time":"2021-02-10T10:47:51+00:00","og_image":[{"width":320,"height":753,"url":"https:\/\/www.m-q.ch\/wp-content\/uploads\/2021\/02\/01-5.jpg","type":"image\/jpeg"}],"author":"upwork","twitter_card":"summary_large_image","twitter_misc":{"Scritto da":"upwork","Tempo di lettura stimato":"7 minuti"},"schema":{"@context":"https:\/\/schema.org","@graph":[{"@type":"Article","@id":"https:\/\/www.m-q.ch\/ki-ein-reality-check\/#article","isPartOf":{"@id":"https:\/\/www.m-q.ch\/ki-ein-reality-check\/"},"author":{"name":"upwork","@id":"https:\/\/www.m-q.ch\/fr\/#\/schema\/person\/6044ff1d138701fac0f63fd4c5c93267"},"headline":"\u00ab KI \u2013 ein Reality Check \u00bb","datePublished":"2020-05-02T09:36:58+00:00","dateModified":"2021-02-10T10:47:51+00:00","mainEntityOfPage":{"@id":"https:\/\/www.m-q.ch\/ki-ein-reality-check\/"},"wordCount":1343,"publisher":{"@id":"https:\/\/www.m-q.ch\/fr\/#organization"},"image":{"@id":"https:\/\/www.m-q.ch\/ki-ein-reality-check\/#primaryimage"},"thumbnailUrl":"https:\/\/www.m-q.ch\/wp-content\/uploads\/2021\/02\/01-5.jpg","keywords":["05\/2020"],"articleSection":["Allgemein"],"inLanguage":"it-IT"},{"@type":"WebPage","@id":"https:\/\/www.m-q.ch\/ki-ein-reality-check\/","url":"https:\/\/www.m-q.ch\/ki-ein-reality-check\/","name":"\"AI - un controllo della realt\u00e0\" - MQ Management and Quality","isPartOf":{"@id":"https:\/\/www.m-q.ch\/fr\/#website"},"primaryImageOfPage":{"@id":"https:\/\/www.m-q.ch\/ki-ein-reality-check\/#primaryimage"},"image":{"@id":"https:\/\/www.m-q.ch\/ki-ein-reality-check\/#primaryimage"},"thumbnailUrl":"https:\/\/www.m-q.ch\/wp-content\/uploads\/2021\/02\/01-5.jpg","datePublished":"2020-05-02T09:36:58+00:00","dateModified":"2021-02-10T10:47:51+00:00","description":"L'intelligenza artificiale (AI) sta ora plasmando la trasformazione sociale ed economica su vasta scala. \"Possiamo tutti beneficiarne\", ne sono convinti Dalith Steiger e Andy Fitze, cofondatori di SwissCognitive ed esperti di IA. In un'intervista con Management und Qualit\u00e4t, parlano di soluzioni avanzate che aiutano anche le PMI in Svizzera.","breadcrumb":{"@id":"https:\/\/www.m-q.ch\/ki-ein-reality-check\/#breadcrumb"},"inLanguage":"it-IT","potentialAction":[{"@type":"ReadAction","target":["https:\/\/www.m-q.ch\/ki-ein-reality-check\/"]}]},{"@type":"ImageObject","inLanguage":"it-IT","@id":"https:\/\/www.m-q.ch\/ki-ein-reality-check\/#primaryimage","url":"https:\/\/www.m-q.ch\/wp-content\/uploads\/2021\/02\/01-5.jpg","contentUrl":"https:\/\/www.m-q.ch\/wp-content\/uploads\/2021\/02\/01-5.jpg","width":320,"height":753},{"@type":"BreadcrumbList","@id":"https:\/\/www.m-q.ch\/ki-ein-reality-check\/#breadcrumb","itemListElement":[{"@type":"ListItem","position":1,"name":"Allgemein","item":"https:\/\/www.m-q.ch\/kategorie\/allgemein\/"},{"@type":"ListItem","position":2,"name":"\u00ab KI \u2013 ein Reality Check \u00bb"}]},{"@type":"WebSite","@id":"https:\/\/www.m-q.ch\/fr\/#website","url":"https:\/\/www.m-q.ch\/fr\/","name":"Gestione e qualit\u00e0 MQ","description":"Piattaforma per sistemi di gestione integrati.","publisher":{"@id":"https:\/\/www.m-q.ch\/fr\/#organization"},"potentialAction":[{"@type":"SearchAction","target":{"@type":"EntryPoint","urlTemplate":"https:\/\/www.m-q.ch\/fr\/?s={search_term_string}"},"query-input":{"@type":"PropertyValueSpecification","valueRequired":true,"valueName":"search_term_string"}}],"inLanguage":"it-IT"},{"@type":"Organization","@id":"https:\/\/www.m-q.ch\/fr\/#organization","name":"Galledia Fachmedien AG","url":"https:\/\/www.m-q.ch\/fr\/","logo":{"@type":"ImageObject","inLanguage":"it-IT","@id":"https:\/\/www.m-q.ch\/fr\/#\/schema\/logo\/image\/","url":"https:\/\/www.m-q.ch\/wp-content\/uploads\/2020\/12\/cropped-logo_small.png","contentUrl":"https:\/\/www.m-q.ch\/wp-content\/uploads\/2020\/12\/cropped-logo_small.png","width":512,"height":512,"caption":"Galledia Fachmedien AG"},"image":{"@id":"https:\/\/www.m-q.ch\/fr\/#\/schema\/logo\/image\/"},"sameAs":["https:\/\/www.facebook.com\/ManagementUndQualitaet","https:\/\/www.linkedin.com\/showcase\/17982321\/admin\/"]},{"@type":"Person","@id":"https:\/\/www.m-q.ch\/fr\/#\/schema\/person\/6044ff1d138701fac0f63fd4c5c93267","name":"upwork","image":{"@type":"ImageObject","inLanguage":"it-IT","@id":"https:\/\/www.m-q.ch\/fr\/#\/schema\/person\/image\/","url":"https:\/\/secure.gravatar.com\/avatar\/fe2de2b04483edb0f28eb7fd34d15d6c?s=96&d=mm&r=g","contentUrl":"https:\/\/secure.gravatar.com\/avatar\/fe2de2b04483edb0f28eb7fd34d15d6c?s=96&d=mm&r=g","caption":"upwork"},"description":"uf3J7(qCI6jN0^0y6%%0ti70","url":"https:\/\/www.m-q.ch\/it\/author\/upwork\/"}]}},"_links":{"self":[{"href":"https:\/\/www.m-q.ch\/it\/wp-json\/wp\/v2\/posts\/10484","targetHints":{"allow":["GET"]}}],"collection":[{"href":"https:\/\/www.m-q.ch\/it\/wp-json\/wp\/v2\/posts"}],"about":[{"href":"https:\/\/www.m-q.ch\/it\/wp-json\/wp\/v2\/types\/post"}],"author":[{"embeddable":true,"href":"https:\/\/www.m-q.ch\/it\/wp-json\/wp\/v2\/users\/60"}],"replies":[{"embeddable":true,"href":"https:\/\/www.m-q.ch\/it\/wp-json\/wp\/v2\/comments?post=10484"}],"version-history":[{"count":1,"href":"https:\/\/www.m-q.ch\/it\/wp-json\/wp\/v2\/posts\/10484\/revisions"}],"predecessor-version":[{"id":10488,"href":"https:\/\/www.m-q.ch\/it\/wp-json\/wp\/v2\/posts\/10484\/revisions\/10488"}],"wp:featuredmedia":[{"embeddable":true,"href":"https:\/\/www.m-q.ch\/it\/wp-json\/wp\/v2\/media\/10486"}],"wp:attachment":[{"href":"https:\/\/www.m-q.ch\/it\/wp-json\/wp\/v2\/media?parent=10484"}],"wp:term":[{"taxonomy":"category","embeddable":true,"href":"https:\/\/www.m-q.ch\/it\/wp-json\/wp\/v2\/categories?post=10484"},{"taxonomy":"post_tag","embeddable":true,"href":"https:\/\/www.m-q.ch\/it\/wp-json\/wp\/v2\/tags?post=10484"}],"curies":[{"name":"wp","href":"https:\/\/api.w.org\/{rel}","templated":true}]}}