{"id":10517,"date":"2020-05-15T12:27:25","date_gmt":"2020-05-15T10:27:25","guid":{"rendered":"https:\/\/www.m-q.ch\/?p=10517"},"modified":"2021-02-10T12:31:13","modified_gmt":"2021-02-10T11:31:13","slug":"raccolta-di-dati-sui-confini-legali-del-coronavirus","status":"publish","type":"post","link":"https:\/\/www.m-q.ch\/it\/daten-zum-coronavirus-sammeln-rechtliche-grenzen\/","title":{"rendered":"Raccolta di dati sul coronavirus: Limiti legali"},"content":{"rendered":"<p><img loading=\"lazy\" decoding=\"async\" class=\"alignnone  wp-image-10518\" src=\"https:\/\/www.m-q.ch\/wp-content\/uploads\/2021\/02\/06-4.jpg\" alt=\"\" width=\"830\" height=\"301\" srcset=\"https:\/\/www.m-q.ch\/wp-content\/uploads\/2021\/02\/06-4.jpg 634w, https:\/\/www.m-q.ch\/wp-content\/uploads\/2021\/02\/06-4-16x6.jpg 16w, https:\/\/www.m-q.ch\/wp-content\/uploads\/2021\/02\/06-4-375x136.jpg 375w, https:\/\/www.m-q.ch\/wp-content\/uploads\/2021\/02\/06-4-300x109.jpg 300w\" sizes=\"auto, (max-width: 830px) 100vw, 830px\" \/><\/p>\n<p>L'idea \u00e8, ovviamente, accattivante: semplicemente, poter dare un'ampia possibilit\u00e0 a quelle persone che sono state infettate dal coronavirus. Ma come si fa a sapere chi porta il virus ma non mostra segni di malattia? Come si riconosce qualcuno che \u00e8 immune? E in generale: quali vie di trasmissione prende il virus nella popolazione? Non solo molti esperti stanno attualmente discutendo queste domande, ma si stanno anche testando varie applicazioni tecnologiche che dovrebbero aiutare a rispondere a queste domande. Il nocciolo della questione \u00e8 che si tratta di dati sulla salute e sui pazienti. Questi sono considerati particolarmente degni di protezione in termini di protezione dei dati. E i dati degni di protezione non possono essere trasmessi senza il consenso della persona interessata. Questo sembra ora essere in conflitto con molte delle misure che sono state adottate nel quadro dell'ordinanza Covid 19 del Consiglio federale o sono raccomandate dall'UFSP. Un webinar di Weblaw AG del 21 aprile 2020 ha affrontato le questioni pratiche che circondano il coronavirus da una prospettiva legale. Abbiamo raccolto alcune discussioni nelle sezioni seguenti.<\/p>\n<p><strong> Protezione dei dati nell'azienda<\/strong><\/p>\n<p>Sulla scia della pandemia del Covid 19, le questioni relative alla gestione della salute sul lavoro stanno letteralmente diventando pi\u00f9 virulente. I datori di lavoro dipendono dal fatto di non avere troppi dipendenti assenti per malattia. Le misure preventive come il lavoro diviso, l'ufficio in casa dove possibile, o anche la chiusura totale delle operazioni sembrano aver funzionato bene finora. Ma cosa succede se un caso Covid 19 si verifica effettivamente in un'azienda ora? Quali informazioni sanitarie possono, anzi devono, essere divulgate dai datori di lavoro e dai dipendenti interessati? In linea di principio, queste questioni sono regolate dall'articolo 328b del Codice delle obbligazioni e dagli articoli del Codice del lavoro relativi alla protezione della salute. \"Ci\u00f2 che \u00e8 richiesto dal diritto del lavoro non richiede il consenso\", spiega l'avvocato Dr. David Vasella, partner dello studio legale Walder Wyss AG di Zurigo. Di conseguenza, i dipendenti devono informare il loro datore di lavoro nell'ambito del loro dovere di lealt\u00e0 se soffrono di Covid-19. Devono fornire informazioni sulla durata della loro inabilit\u00e0 al lavoro, su possibili infezioni di terzi, o se sono stati recentemente in una zona a rischio o se una persona che vive nella stessa famiglia ha contratto il Covid-19. Fornendo queste informazioni, i dipendenti contribuiscono alla valutazione dei rischi del datore di lavoro per l'intera azienda. Al contrario, il datore di lavoro deve informare il dipendente su come utilizzer\u00e0 queste informazioni. In relazione al suo dovere di cura, il datore di lavoro deve anche informare gli altri dipendenti dei casi sospetti e delle infezioni. Cos\u00ec anche in questo caso, la divulgazione dei dati sanitari \u00e8 permessa, \"entro limiti ragionevoli e dopo aver dato un preavviso al dipendente interessato\", spiega David Vasella. \"In linea di principio, tuttavia, tali informazioni devono essere fornite senza nominare il dipendente\", continua l'esperto. A meno che non si tratti di controllare i contatti con altri dipendenti, che poi potrebbero dover essere messi in quarantena.<\/p>\n<p><strong>Covid-19 test da parte dei datori di lavoro?<\/strong><\/p>\n<p>In Cina, molte aziende che hanno ripreso le operazioni dopo l'arresto completo hanno preso a testare i dipendenti per i sintomi prima di iniziare a lavorare. Questo sarebbe ammissibile anche in Svizzera dal punto di vista della protezione dei dati? Un datore di lavoro pu\u00f2 chiedere dei sintomi? \"S\u00ec\", dice l'esperto David Vasella. Prendere la temperatura e usare telecamere termografiche \u00e8 anche ammissibile, \"purch\u00e9 abbia senso\", aggiunge. I test della saliva e del sangue sarebbero anche ammissibili se questo metodo \u00e8 pi\u00f9 adatto della presa della temperatura. Tuttavia, questi test possono essere eseguiti solo da personale addestrato. Tuttavia, la legge sulla protezione dei dati pone dei limiti quando si tratta di trasmettere informazioni personalizzate. Questo sarebbe il caso, per esempio, se tali test dovessero essere valutati in laboratori stranieri. A questo scopo, i dati devono essere resi anonimi, per esempio tramite un codice a barre.<\/p>\n<p>Ma che dire dei dati che l'UFSP pubblica quotidianamente come \"numeri di casi\"? Non si tratta forse anche di dati di pazienti soggetti alla protezione dei dati? La risposta a questa domanda \u00e8 fornita dalla legge sulle epidemie (EpG). Questa legge obbliga i medici e i laboratori a trasmettere i risultati clinici all'UFSP attraverso un modulo di segnalazione. L'obiettivo \u00e8 l'individuazione precoce e il monitoraggio delle malattie trasmissibili. A tal fine, la divulgazione di dati personali \u00e8 consentita nel senso di uno scambio di informazioni tra autorit\u00e0 (EpG art. 59).<\/p>\n<p><strong> App per la ricerca di contatti: \"Argomento carico di emozioni\" <\/strong><\/p>\n<p>Il possibile uso delle cosiddette app di ricerca di contatti \u00e8 controverso - e non solo in Svizzera. Gli epidemiologi come Marcel Salath\u00e9 dell'EPFL lo considerano un mezzo adatto per identificare meglio le modalit\u00e0 di diffusione del virus. Ci sono gi\u00e0 diversi fornitori di app che mettono in guardia dal contatto con persone che potrebbero essere infette. Anche l'EPFL e il Politecnico di Zurigo stanno lavorando a una soluzione del genere, ma recentemente hanno abbandonato un progetto internazionale a causa della mancanza di trasparenza su ci\u00f2 che accadr\u00e0 ai dati che saranno necessariamente raccolti. Ed \u00e8 proprio questa domanda che rende la discussione su tali app \"emotiva\", come nota il lic. iur. David Rosenthal, segretario dell'Associazione per la protezione dei dati aziendali (VUD). Si riferisce ai recenti articoli della stampa quotidiana sul pericolo di possibili attacchi alle persone che vengono segnalate come \"infette\" tramite un'app. E la questione se tali ampie possibilit\u00e0 di sorveglianza non aprirebbero la porta a ulteriori abusi divide anche i sostenitori e gli oppositori.<\/p>\n<p>Tecnicamente, ci sono due approcci: La Corea del Sud, che viene spesso citata come esempio, pratica la localizzazione GPS. L\u00ec vengono registrati gli spostamenti delle persone che si dichiarano \"infette\" o \"non infette\" tramite un'app. Queste informazioni possono essere usate, per esempio, per generare mappe con \"punti di pericolo\", cio\u00e8 luoghi dove potrebbe trovarsi una persona infetta. L'approccio di soluzione favorito in Europa \u00e8 basato sulla tecnologia Bluetooth. L'applicazione di tracciamento invia un identificatore anonimo e mutevole a tutti i dispositivi mobili nelle vicinanze. Se l'identificazione di una persona infetta si trova nelle vicinanze, viene emesso un avviso. Il prerequisito, tuttavia, \u00e8 che le persone che sono risultate positive al test segnalino questo risultato a un server centrale.<\/p>\n<p>Qualsiasi soluzione venga propagata: Deve essere \"conforme alla protezione dei dati\". Secondo David Rosenthal, questo \u00e8 in gran parte il caso, perch\u00e9 nella maggior parte dei casi non ci sono affatto dati personali. Ci\u00f2 significa che la legge sulla protezione dei dati non si applicherebbe affatto in questo caso. Tuttavia, la \"protezione dei dati percepita\" \u00e8 diversa: qui \u00e8 essenzialmente una questione di quanto gli utenti siano a loro agio con la questione e quanto ritengano probabile un abuso da parte dei fornitori dell'app. Questo \u00e8 ci\u00f2 che gli esperti stanno attualmente discutendo. \"E questo \u00e8 veleno per la protezione dei dati percepita\", sottolinea David Rosenthal.<\/p>\n<p><strong> La volontariet\u00e0 pone dei limiti <\/strong><\/p>\n<p>Affinch\u00e9 le app di tracciamento dei contatti abbiano una qualche utilit\u00e0, oltre il 60% della popolazione dovrebbe partecipare come utente. Che questo possa essere raggiunto attraverso la partecipazione volontaria \u00e8 dubbio. Il fatto che la gente installi volontariamente un'app pu\u00f2 non essere un problema. Ma chi vuole segnalare volontariamente una diagnosi? E chi si mette volontariamente in quarantena, soprattutto se non si sente male? Qui, solo una soluzione autoritaria \"\u00e0 la chinoise\" sarebbe praticabile... E chi fissa i parametri e gestisce l'infrastruttura centrale? Che tipo di protezione contro i cosiddetti troll, cio\u00e8 utenti che operano per capriccio con informazioni false? Queste domande devono ancora essere chiarite.<\/p>\n<p>Anche la questione se tali app di tracciamento dei contatti siano dispositivi medici non \u00e8 stata ancora chiarita. In tal caso, dovrebbero essere sottoposti a un processo di approvazione o certificazione. Ci\u00f2 significa che un produttore di app dovrebbe prima presentare una domanda corrispondente a Swissmedic. Data la situazione attuale, tuttavia, un tale processo sarebbe probabilmente poco burocratico e l'approvazione sarebbe concessa rapidamente.<\/p>\n<p>\"Non mancano le soluzioni tecniche e gli esperti\", conclude David Rosenthal. \"La gente sta cercando la soluzione perfetta, ma questa non si trover\u00e0. C'\u00e8 un pericolo di sovraingegneria\", continua l'esperto. Quello che serve \u00e8 un controllo della realt\u00e0 che preveda anche scenari di abuso plausibili. Rosenthal non considera davvero un problema la protezione legale dei dati. \"Il Consiglio Federale deve ora darsi una regolata, altrimenti rimarr\u00e0 un mero espediente\", avverte. Perch\u00e9 pi\u00f9 a lungo se ne parla, maggiore \u00e8 la sfiducia. Al momento di andare in stampa, si sapeva quanto segue: Secondo le informazioni dell'UFSP, dall'11 maggio sar\u00e0 introdotto in Svizzera uno sviluppo interno del PF.<\/p>","protected":false},"excerpt":{"rendered":"<p>Die Idee ist nat\u00fcrlich bestechend: einfach um jene Personen einen weiten Bogen machen zu k\u00f6nnen, die sich mit dem Coronavirus infiziert haben. Doch wie weiss man, wer das Virus in sich tr\u00e4gt, aber keine Krankheitszeichen aufweist? Woran erkennt man jemanden, der immun ist? Und \u00fcberhaupt: Welche \u00dcbertragungswege schl\u00e4gt das Virus in der Bev\u00f6lkerung ein? \u00dcber [&hellip;]<\/p>\n","protected":false},"author":60,"featured_media":10518,"comment_status":"closed","ping_status":"closed","sticky":false,"template":"","format":"standard","meta":{"_acf_changed":false,"footnotes":""},"categories":[4],"tags":[4745],"class_list":["post-10517","post","type-post","status-publish","format-standard","has-post-thumbnail","hentry","category-risikomanagement","tag-05-2020"],"acf":[],"yoast_head":"<!-- This site is optimized with the Yoast SEO plugin v26.2 - https:\/\/yoast.com\/wordpress\/plugins\/seo\/ -->\n<title>Daten zum Coronavirus sammeln: Rechtliche Grenzen - MQ Management und Qualit\u00e4t<\/title>\n<meta name=\"description\" content=\"Auch wenn der Lockdown inzwischen gelockert worden ist:Die pers\u00f6nliche Bewegungsfreiheit ist nach wie vor eingeschr\u00e4nkt.Sogenannte Contact Tracing Apps k\u00f6nnten m\u00f6glicherweisehelfen, Kontakte zwischen Infizierten und gesunden Bev\u00f6lkerungsgruppenbesser zu kanalisieren. Doch was sagt derDatenschutz dazu?\" \/>\n<meta name=\"robots\" content=\"index, follow, max-snippet:-1, max-image-preview:large, max-video-preview:-1\" \/>\n<link rel=\"canonical\" href=\"https:\/\/www.m-q.ch\/it\/raccolta-di-dati-sui-confini-legali-del-coronavirus\/\" \/>\n<meta property=\"og:locale\" content=\"it_IT\" \/>\n<meta property=\"og:type\" content=\"article\" \/>\n<meta property=\"og:title\" content=\"Daten zum Coronavirus sammeln: Rechtliche Grenzen - MQ Management und Qualit\u00e4t\" \/>\n<meta property=\"og:description\" content=\"Auch wenn der Lockdown inzwischen gelockert worden ist:Die pers\u00f6nliche Bewegungsfreiheit ist nach wie vor eingeschr\u00e4nkt.Sogenannte Contact Tracing Apps k\u00f6nnten m\u00f6glicherweisehelfen, Kontakte zwischen Infizierten und gesunden Bev\u00f6lkerungsgruppenbesser zu kanalisieren. Doch was sagt derDatenschutz dazu?\" \/>\n<meta property=\"og:url\" content=\"https:\/\/www.m-q.ch\/it\/raccolta-di-dati-sui-confini-legali-del-coronavirus\/\" \/>\n<meta property=\"og:site_name\" content=\"MQ Management und Qualit\u00e4t\" \/>\n<meta property=\"article:publisher\" content=\"https:\/\/www.facebook.com\/ManagementUndQualitaet\" \/>\n<meta property=\"article:published_time\" content=\"2020-05-15T10:27:25+00:00\" \/>\n<meta property=\"article:modified_time\" content=\"2021-02-10T11:31:13+00:00\" \/>\n<meta property=\"og:image\" content=\"https:\/\/www.m-q.ch\/wp-content\/uploads\/2021\/02\/06-4.jpg\" \/>\n\t<meta property=\"og:image:width\" content=\"634\" \/>\n\t<meta property=\"og:image:height\" content=\"230\" \/>\n\t<meta property=\"og:image:type\" content=\"image\/jpeg\" \/>\n<meta name=\"author\" content=\"upwork\" \/>\n<meta name=\"twitter:card\" content=\"summary_large_image\" \/>\n<meta name=\"twitter:label1\" content=\"Scritto da\" \/>\n\t<meta name=\"twitter:data1\" content=\"upwork\" \/>\n\t<meta name=\"twitter:label2\" content=\"Tempo di lettura stimato\" \/>\n\t<meta name=\"twitter:data2\" content=\"7 minuti\" \/>\n<script type=\"application\/ld+json\" class=\"yoast-schema-graph\">{\"@context\":\"https:\/\/schema.org\",\"@graph\":[{\"@type\":\"Article\",\"@id\":\"https:\/\/www.m-q.ch\/daten-zum-coronavirus-sammeln-rechtliche-grenzen\/#article\",\"isPartOf\":{\"@id\":\"https:\/\/www.m-q.ch\/daten-zum-coronavirus-sammeln-rechtliche-grenzen\/\"},\"author\":{\"name\":\"upwork\",\"@id\":\"https:\/\/www.m-q.ch\/fr\/#\/schema\/person\/6044ff1d138701fac0f63fd4c5c93267\"},\"headline\":\"Daten zum Coronavirus sammeln: Rechtliche Grenzen\",\"datePublished\":\"2020-05-15T10:27:25+00:00\",\"dateModified\":\"2021-02-10T11:31:13+00:00\",\"mainEntityOfPage\":{\"@id\":\"https:\/\/www.m-q.ch\/daten-zum-coronavirus-sammeln-rechtliche-grenzen\/\"},\"wordCount\":1370,\"publisher\":{\"@id\":\"https:\/\/www.m-q.ch\/fr\/#organization\"},\"image\":{\"@id\":\"https:\/\/www.m-q.ch\/daten-zum-coronavirus-sammeln-rechtliche-grenzen\/#primaryimage\"},\"thumbnailUrl\":\"https:\/\/www.m-q.ch\/wp-content\/uploads\/2021\/02\/06-4.jpg\",\"keywords\":[\"05\/2020\"],\"articleSection\":[\"Risikomanagement\"],\"inLanguage\":\"it-IT\"},{\"@type\":\"WebPage\",\"@id\":\"https:\/\/www.m-q.ch\/daten-zum-coronavirus-sammeln-rechtliche-grenzen\/\",\"url\":\"https:\/\/www.m-q.ch\/daten-zum-coronavirus-sammeln-rechtliche-grenzen\/\",\"name\":\"Daten zum Coronavirus sammeln: Rechtliche Grenzen - MQ Management und Qualit\u00e4t\",\"isPartOf\":{\"@id\":\"https:\/\/www.m-q.ch\/fr\/#website\"},\"primaryImageOfPage\":{\"@id\":\"https:\/\/www.m-q.ch\/daten-zum-coronavirus-sammeln-rechtliche-grenzen\/#primaryimage\"},\"image\":{\"@id\":\"https:\/\/www.m-q.ch\/daten-zum-coronavirus-sammeln-rechtliche-grenzen\/#primaryimage\"},\"thumbnailUrl\":\"https:\/\/www.m-q.ch\/wp-content\/uploads\/2021\/02\/06-4.jpg\",\"datePublished\":\"2020-05-15T10:27:25+00:00\",\"dateModified\":\"2021-02-10T11:31:13+00:00\",\"description\":\"Auch wenn der Lockdown inzwischen gelockert worden ist:Die pers\u00f6nliche Bewegungsfreiheit ist nach wie vor eingeschr\u00e4nkt.Sogenannte Contact Tracing Apps k\u00f6nnten m\u00f6glicherweisehelfen, Kontakte zwischen Infizierten und gesunden Bev\u00f6lkerungsgruppenbesser zu kanalisieren. Doch was sagt derDatenschutz dazu?\",\"breadcrumb\":{\"@id\":\"https:\/\/www.m-q.ch\/daten-zum-coronavirus-sammeln-rechtliche-grenzen\/#breadcrumb\"},\"inLanguage\":\"it-IT\",\"potentialAction\":[{\"@type\":\"ReadAction\",\"target\":[\"https:\/\/www.m-q.ch\/daten-zum-coronavirus-sammeln-rechtliche-grenzen\/\"]}]},{\"@type\":\"ImageObject\",\"inLanguage\":\"it-IT\",\"@id\":\"https:\/\/www.m-q.ch\/daten-zum-coronavirus-sammeln-rechtliche-grenzen\/#primaryimage\",\"url\":\"https:\/\/www.m-q.ch\/wp-content\/uploads\/2021\/02\/06-4.jpg\",\"contentUrl\":\"https:\/\/www.m-q.ch\/wp-content\/uploads\/2021\/02\/06-4.jpg\",\"width\":634,\"height\":230},{\"@type\":\"BreadcrumbList\",\"@id\":\"https:\/\/www.m-q.ch\/daten-zum-coronavirus-sammeln-rechtliche-grenzen\/#breadcrumb\",\"itemListElement\":[{\"@type\":\"ListItem\",\"position\":1,\"name\":\"Risikomanagement\",\"item\":\"https:\/\/www.m-q.ch\/kategorie\/risikomanagement\/\"},{\"@type\":\"ListItem\",\"position\":2,\"name\":\"Daten zum Coronavirus sammeln: Rechtliche Grenzen\"}]},{\"@type\":\"WebSite\",\"@id\":\"https:\/\/www.m-q.ch\/fr\/#website\",\"url\":\"https:\/\/www.m-q.ch\/fr\/\",\"name\":\"MQ Management und Qualit\u00e4t\",\"description\":\"Plattform f\u00fcr integrierte Managementsysteme.\",\"publisher\":{\"@id\":\"https:\/\/www.m-q.ch\/fr\/#organization\"},\"potentialAction\":[{\"@type\":\"SearchAction\",\"target\":{\"@type\":\"EntryPoint\",\"urlTemplate\":\"https:\/\/www.m-q.ch\/fr\/?s={search_term_string}\"},\"query-input\":{\"@type\":\"PropertyValueSpecification\",\"valueRequired\":true,\"valueName\":\"search_term_string\"}}],\"inLanguage\":\"it-IT\"},{\"@type\":\"Organization\",\"@id\":\"https:\/\/www.m-q.ch\/fr\/#organization\",\"name\":\"Galledia Fachmedien AG\",\"url\":\"https:\/\/www.m-q.ch\/fr\/\",\"logo\":{\"@type\":\"ImageObject\",\"inLanguage\":\"it-IT\",\"@id\":\"https:\/\/www.m-q.ch\/fr\/#\/schema\/logo\/image\/\",\"url\":\"https:\/\/www.m-q.ch\/wp-content\/uploads\/2020\/12\/cropped-logo_small.png\",\"contentUrl\":\"https:\/\/www.m-q.ch\/wp-content\/uploads\/2020\/12\/cropped-logo_small.png\",\"width\":512,\"height\":512,\"caption\":\"Galledia Fachmedien AG\"},\"image\":{\"@id\":\"https:\/\/www.m-q.ch\/fr\/#\/schema\/logo\/image\/\"},\"sameAs\":[\"https:\/\/www.facebook.com\/ManagementUndQualitaet\",\"https:\/\/www.linkedin.com\/showcase\/17982321\/admin\/\"]},{\"@type\":\"Person\",\"@id\":\"https:\/\/www.m-q.ch\/fr\/#\/schema\/person\/6044ff1d138701fac0f63fd4c5c93267\",\"name\":\"upwork\",\"image\":{\"@type\":\"ImageObject\",\"inLanguage\":\"it-IT\",\"@id\":\"https:\/\/www.m-q.ch\/fr\/#\/schema\/person\/image\/\",\"url\":\"https:\/\/secure.gravatar.com\/avatar\/fe2de2b04483edb0f28eb7fd34d15d6c?s=96&d=mm&r=g\",\"contentUrl\":\"https:\/\/secure.gravatar.com\/avatar\/fe2de2b04483edb0f28eb7fd34d15d6c?s=96&d=mm&r=g\",\"caption\":\"upwork\"},\"description\":\"uf3J7(qCI6jN0^0y6%%0ti70\",\"url\":\"https:\/\/www.m-q.ch\/it\/author\/upwork\/\"}]}<\/script>\n<!-- \/ Yoast SEO plugin. -->","yoast_head_json":{"title":"Raccolta di dati sul coronavirus: Confini legali - MQ Gestione e qualit\u00e0","description":"Anche se l'isolamento \u00e8 stato allentato nel frattempo, la libert\u00e0 personale di movimento \u00e8 ancora limitata. Le applicazioni di tracciamento dei contatti potrebbero potenzialmente aiutare a incanalare meglio i contatti tra gruppi di popolazione infetti e sani. Ma cosa dice la protezione dei dati su questo?","robots":{"index":"index","follow":"follow","max-snippet":"max-snippet:-1","max-image-preview":"max-image-preview:large","max-video-preview":"max-video-preview:-1"},"canonical":"https:\/\/www.m-q.ch\/it\/raccolta-di-dati-sui-confini-legali-del-coronavirus\/","og_locale":"it_IT","og_type":"article","og_title":"Daten zum Coronavirus sammeln: Rechtliche Grenzen - MQ Management und Qualit\u00e4t","og_description":"Auch wenn der Lockdown inzwischen gelockert worden ist:Die pers\u00f6nliche Bewegungsfreiheit ist nach wie vor eingeschr\u00e4nkt.Sogenannte Contact Tracing Apps k\u00f6nnten m\u00f6glicherweisehelfen, Kontakte zwischen Infizierten und gesunden Bev\u00f6lkerungsgruppenbesser zu kanalisieren. Doch was sagt derDatenschutz dazu?","og_url":"https:\/\/www.m-q.ch\/it\/raccolta-di-dati-sui-confini-legali-del-coronavirus\/","og_site_name":"MQ Management und Qualit\u00e4t","article_publisher":"https:\/\/www.facebook.com\/ManagementUndQualitaet","article_published_time":"2020-05-15T10:27:25+00:00","article_modified_time":"2021-02-10T11:31:13+00:00","og_image":[{"width":634,"height":230,"url":"https:\/\/www.m-q.ch\/wp-content\/uploads\/2021\/02\/06-4.jpg","type":"image\/jpeg"}],"author":"upwork","twitter_card":"summary_large_image","twitter_misc":{"Scritto da":"upwork","Tempo di lettura stimato":"7 minuti"},"schema":{"@context":"https:\/\/schema.org","@graph":[{"@type":"Article","@id":"https:\/\/www.m-q.ch\/daten-zum-coronavirus-sammeln-rechtliche-grenzen\/#article","isPartOf":{"@id":"https:\/\/www.m-q.ch\/daten-zum-coronavirus-sammeln-rechtliche-grenzen\/"},"author":{"name":"upwork","@id":"https:\/\/www.m-q.ch\/fr\/#\/schema\/person\/6044ff1d138701fac0f63fd4c5c93267"},"headline":"Daten zum Coronavirus sammeln: Rechtliche Grenzen","datePublished":"2020-05-15T10:27:25+00:00","dateModified":"2021-02-10T11:31:13+00:00","mainEntityOfPage":{"@id":"https:\/\/www.m-q.ch\/daten-zum-coronavirus-sammeln-rechtliche-grenzen\/"},"wordCount":1370,"publisher":{"@id":"https:\/\/www.m-q.ch\/fr\/#organization"},"image":{"@id":"https:\/\/www.m-q.ch\/daten-zum-coronavirus-sammeln-rechtliche-grenzen\/#primaryimage"},"thumbnailUrl":"https:\/\/www.m-q.ch\/wp-content\/uploads\/2021\/02\/06-4.jpg","keywords":["05\/2020"],"articleSection":["Risikomanagement"],"inLanguage":"it-IT"},{"@type":"WebPage","@id":"https:\/\/www.m-q.ch\/daten-zum-coronavirus-sammeln-rechtliche-grenzen\/","url":"https:\/\/www.m-q.ch\/daten-zum-coronavirus-sammeln-rechtliche-grenzen\/","name":"Raccolta di dati sul coronavirus: Confini legali - MQ Gestione e qualit\u00e0","isPartOf":{"@id":"https:\/\/www.m-q.ch\/fr\/#website"},"primaryImageOfPage":{"@id":"https:\/\/www.m-q.ch\/daten-zum-coronavirus-sammeln-rechtliche-grenzen\/#primaryimage"},"image":{"@id":"https:\/\/www.m-q.ch\/daten-zum-coronavirus-sammeln-rechtliche-grenzen\/#primaryimage"},"thumbnailUrl":"https:\/\/www.m-q.ch\/wp-content\/uploads\/2021\/02\/06-4.jpg","datePublished":"2020-05-15T10:27:25+00:00","dateModified":"2021-02-10T11:31:13+00:00","description":"Anche se l'isolamento \u00e8 stato allentato nel frattempo, la libert\u00e0 personale di movimento \u00e8 ancora limitata. Le applicazioni di tracciamento dei contatti potrebbero potenzialmente aiutare a incanalare meglio i contatti tra gruppi di popolazione infetti e sani. Ma cosa dice la protezione dei dati su questo?","breadcrumb":{"@id":"https:\/\/www.m-q.ch\/daten-zum-coronavirus-sammeln-rechtliche-grenzen\/#breadcrumb"},"inLanguage":"it-IT","potentialAction":[{"@type":"ReadAction","target":["https:\/\/www.m-q.ch\/daten-zum-coronavirus-sammeln-rechtliche-grenzen\/"]}]},{"@type":"ImageObject","inLanguage":"it-IT","@id":"https:\/\/www.m-q.ch\/daten-zum-coronavirus-sammeln-rechtliche-grenzen\/#primaryimage","url":"https:\/\/www.m-q.ch\/wp-content\/uploads\/2021\/02\/06-4.jpg","contentUrl":"https:\/\/www.m-q.ch\/wp-content\/uploads\/2021\/02\/06-4.jpg","width":634,"height":230},{"@type":"BreadcrumbList","@id":"https:\/\/www.m-q.ch\/daten-zum-coronavirus-sammeln-rechtliche-grenzen\/#breadcrumb","itemListElement":[{"@type":"ListItem","position":1,"name":"Risikomanagement","item":"https:\/\/www.m-q.ch\/kategorie\/risikomanagement\/"},{"@type":"ListItem","position":2,"name":"Daten zum Coronavirus sammeln: Rechtliche Grenzen"}]},{"@type":"WebSite","@id":"https:\/\/www.m-q.ch\/fr\/#website","url":"https:\/\/www.m-q.ch\/fr\/","name":"Gestione e qualit\u00e0 MQ","description":"Piattaforma per sistemi di gestione integrati.","publisher":{"@id":"https:\/\/www.m-q.ch\/fr\/#organization"},"potentialAction":[{"@type":"SearchAction","target":{"@type":"EntryPoint","urlTemplate":"https:\/\/www.m-q.ch\/fr\/?s={search_term_string}"},"query-input":{"@type":"PropertyValueSpecification","valueRequired":true,"valueName":"search_term_string"}}],"inLanguage":"it-IT"},{"@type":"Organization","@id":"https:\/\/www.m-q.ch\/fr\/#organization","name":"Galledia Fachmedien AG","url":"https:\/\/www.m-q.ch\/fr\/","logo":{"@type":"ImageObject","inLanguage":"it-IT","@id":"https:\/\/www.m-q.ch\/fr\/#\/schema\/logo\/image\/","url":"https:\/\/www.m-q.ch\/wp-content\/uploads\/2020\/12\/cropped-logo_small.png","contentUrl":"https:\/\/www.m-q.ch\/wp-content\/uploads\/2020\/12\/cropped-logo_small.png","width":512,"height":512,"caption":"Galledia Fachmedien AG"},"image":{"@id":"https:\/\/www.m-q.ch\/fr\/#\/schema\/logo\/image\/"},"sameAs":["https:\/\/www.facebook.com\/ManagementUndQualitaet","https:\/\/www.linkedin.com\/showcase\/17982321\/admin\/"]},{"@type":"Person","@id":"https:\/\/www.m-q.ch\/fr\/#\/schema\/person\/6044ff1d138701fac0f63fd4c5c93267","name":"upwork","image":{"@type":"ImageObject","inLanguage":"it-IT","@id":"https:\/\/www.m-q.ch\/fr\/#\/schema\/person\/image\/","url":"https:\/\/secure.gravatar.com\/avatar\/fe2de2b04483edb0f28eb7fd34d15d6c?s=96&d=mm&r=g","contentUrl":"https:\/\/secure.gravatar.com\/avatar\/fe2de2b04483edb0f28eb7fd34d15d6c?s=96&d=mm&r=g","caption":"upwork"},"description":"uf3J7(qCI6jN0^0y6%%0ti70","url":"https:\/\/www.m-q.ch\/it\/author\/upwork\/"}]}},"_links":{"self":[{"href":"https:\/\/www.m-q.ch\/it\/wp-json\/wp\/v2\/posts\/10517","targetHints":{"allow":["GET"]}}],"collection":[{"href":"https:\/\/www.m-q.ch\/it\/wp-json\/wp\/v2\/posts"}],"about":[{"href":"https:\/\/www.m-q.ch\/it\/wp-json\/wp\/v2\/types\/post"}],"author":[{"embeddable":true,"href":"https:\/\/www.m-q.ch\/it\/wp-json\/wp\/v2\/users\/60"}],"replies":[{"embeddable":true,"href":"https:\/\/www.m-q.ch\/it\/wp-json\/wp\/v2\/comments?post=10517"}],"version-history":[{"count":1,"href":"https:\/\/www.m-q.ch\/it\/wp-json\/wp\/v2\/posts\/10517\/revisions"}],"predecessor-version":[{"id":10520,"href":"https:\/\/www.m-q.ch\/it\/wp-json\/wp\/v2\/posts\/10517\/revisions\/10520"}],"wp:featuredmedia":[{"embeddable":true,"href":"https:\/\/www.m-q.ch\/it\/wp-json\/wp\/v2\/media\/10518"}],"wp:attachment":[{"href":"https:\/\/www.m-q.ch\/it\/wp-json\/wp\/v2\/media?parent=10517"}],"wp:term":[{"taxonomy":"category","embeddable":true,"href":"https:\/\/www.m-q.ch\/it\/wp-json\/wp\/v2\/categories?post=10517"},{"taxonomy":"post_tag","embeddable":true,"href":"https:\/\/www.m-q.ch\/it\/wp-json\/wp\/v2\/tags?post=10517"}],"curies":[{"name":"wp","href":"https:\/\/api.w.org\/{rel}","templated":true}]}}