{"id":10526,"date":"2020-05-18T12:36:27","date_gmt":"2020-05-18T10:36:27","guid":{"rendered":"https:\/\/www.m-q.ch\/?p=10526"},"modified":"2021-02-10T12:41:10","modified_gmt":"2021-02-10T11:41:10","slug":"i-capi-svizzeri-cambiano-meno-spesso","status":"publish","type":"post","link":"https:\/\/www.m-q.ch\/it\/schweizer-chefs-wechseln-weniger-oft\/","title":{"rendered":"I capi svizzeri cambiano meno spesso"},"content":{"rendered":"<p><img loading=\"lazy\" decoding=\"async\" class=\"alignnone  wp-image-10527\" src=\"https:\/\/www.m-q.ch\/wp-content\/uploads\/2021\/02\/08-5.jpg\" alt=\"\" width=\"814\" height=\"931\" srcset=\"https:\/\/www.m-q.ch\/wp-content\/uploads\/2021\/02\/08-5.jpg 237w, https:\/\/www.m-q.ch\/wp-content\/uploads\/2021\/02\/08-5-10x12.jpg 10w, https:\/\/www.m-q.ch\/wp-content\/uploads\/2021\/02\/08-5-153x175.jpg 153w\" sizes=\"auto, (max-width: 814px) 100vw, 814px\" \/><\/p>\n<p>In Svizzera, il 10,4% delle 116 aziende intervistate ha avuto meno cambi di CEO nel 2018 rispetto al 2014, con una durata media di un CEO svizzero di 6,9 anni (globale: 6,4 anni). Nell'ambito dello studio \"CEO Success\" di Strategy&amp;, la societ\u00e0 di consulenza strategica di PwC, sono stati analizzati i cambiamenti al vertice delle 2500 maggiori aziende quotate nel mondo. In Germania, Austria e Svizzera (regione DACH), il tasso di cambiamento nel 2018 \u00e8 stato del 16%, in Germania anche pi\u00f9 del 20%.<\/p>\n<p>Su una media globale, il 17,5% degli amministratori delegati ha lasciato il proprio posto, la cifra pi\u00f9 alta da quando la serie di studi \u00e8 iniziata nel 2000.<\/p>\n<p><strong>La governance aziendale diventa pi\u00f9 centrale <\/strong><\/p>\n<p>La governance aziendale sta diventando sempre pi\u00f9 importante. In termini di cambiamenti forzati di CEO, per la prima volta pi\u00f9 capi d'azienda in tutto il mondo hanno dovuto lasciare a causa di cattiva condotta etica (39%) che a causa di risultati finanziari scadenti (35%). In un confronto internazionale, i CEO che si sono succeduti nella regione DACH nel 2018 sono i leader aziendali pi\u00f9 giovani, con un'et\u00e0 media di 50 anni (globale: 53).<\/p>\n<p>Con il 35%, le aziende DACH hanno la pi\u00f9 grande proporzione di CEO esterni all'azienda a livello mondiale (globale: 17%), mentre in Svizzera solo uno dei dodici successori \u00e8 un outsider dell'azienda. \"Con le promozioni interne, le aziende svizzere riducono deliberatamente i rischi associati a un cambio di leadership. Una successione interna ha il vantaggio che il nuovo CEO conosce gi\u00e0 l'azienda e la sua cultura e pu\u00f2 prendere le redini senza un lungo periodo di introduzione\", commenta il Dr. Peter Gassmann, responsabile europeo di Strategy&amp;.<\/p>\n<p>\"Ciononostante, i nuovi amministratori delegati devono affrontare grandi compiti in tutti i settori. In particolare, sullo sfondo di un peggioramento delle prospettive economiche, la continua evoluzione del modello di business verso il digitale deve essere una priorit\u00e0.\"<\/p>\n<p><strong>Predomina l'esperienza internazionale<\/strong><\/p>\n<p>Anche l'esperienza internazionale \u00e8 sempre pi\u00f9 richiesta nei CV dei manager: il 60 per cento dei nuovi amministratori delegati nei paesi di lingua tedesca ha lavorato in precedenza in altre regioni del mondo, che \u00e8 significativamente pi\u00f9 alto della media globale del 33 per cento. Inoltre, pi\u00f9 del doppio dei nuovi CEO nominati nella regione DACH provengono dall'estero (32%) rispetto alla media globale (15%).<\/p>\n<p>\"A causa dell'alta densit\u00e0 di aziende attive a livello internazionale, la Svizzera ha una percentuale particolarmente alta di CEO con esperienza all'estero o di altre nazionalit\u00e0. Il forte networking globale delle aziende locali richiede competenze interculturali, soprattutto a livello di management\", dice il Dr. Daniel Diemers, partner di Strategy&amp; Switzerland. Quando si tratta di diversit\u00e0 di genere, le aziende dei paesi di lingua tedesca non hanno mostrato alcuna volont\u00e0 di progredire. Come nel 2015-2017, solo una donna \u00e8 stata nominata CEO nel 2018 nelle 300 aziende DACH intervistate. La quota femminile \u00e8 cos\u00ec scesa per la quarta volta consecutiva ad appena il 2,1%, mentre la proporzione di amministratori delegati donne a livello globale \u00e8 scesa dal 6,0 (2017) al 4,9% (2018).<\/p>\n<p><strong> Gli amministratori delegati a lungo termine hanno pi\u00f9 successo? <\/strong><\/p>\n<p>Nonostante i molti cambiamenti nella media globale, un'analisi speciale degli anni dal 2004 al 2018 mostra che il 19 per cento dei capi d'azienda in partenza in tutto il mondo erano i cosiddetti CEO a lungo termine: Hanno tenuto la carica per dieci anni o pi\u00f9. Oltre alla loro lunga permanenza al vertice, questi amministratori delegati erano anche significativamente diversi dai loro pari in termini di prestazioni. Con un rendimento azionario mediano del 5,7%, hanno ottenuto risultati finanziari significativamente migliori della media (3,3%).<\/p>\n<p>I successori di questi alti dirigenti, d'altra parte, hanno avuto un periodo piuttosto difficile al vertice dell'azienda. Di solito sono stati in grado di ottenere solo risultati finanziari peggiori e hanno dovuto lasciare il loro posto dopo una media di soli 5,3 anni, il che \u00e8 avvenuto anche molto pi\u00f9 frequentemente in modo non pianificato: il 35% dei CEO successori sono stati costretti a lasciare, mentre solo il 19% dei CEO a lungo termine hanno dovuto lasciare prematuramente.<\/p>\n<p>\"Dati i sempre crescenti tassi di turnover dei CEO a livello globale, uno sguardo ai CEO a lungo termine \u00e8 particolarmente interessante. Gli eccezionali risultati finanziari che hanno raggiunto in media sollevano la questione di quanto tempo un manager ha bisogno al vertice dell'azienda per essere in grado di attuare con successo i suoi piani. A volte l'attuale durata media di 6,4 anni a livello globale non \u00e8 sufficiente per attuare con successo decisioni strategiche a lungo termine\", spiega il Dr. Peter Gassmann.<\/p>\n<p>Con il 35%, le aziende del DACH hanno la pi\u00f9 grande proporzione di CEO provenienti dall'esterno dell'azienda a livello mondiale (globale: 17%), mentre in Svizzera solo un successore su dodici \u00e8 un outsider dell'azienda. (Fonte: PwC)f<\/p>","protected":false},"excerpt":{"rendered":"<p>In der Schweiz standen 2018 mit 10,4 Prozent neu besetzten Chefposten so wenige Wechsel in den untersuchten 116 Unternehmen an wie zuletzt 2014. Die durchschnittliche Amtszeit eines Schweizer CEOs betrug dabei 6,9 Jahre (global: 6,4 Jahre). Im Rahmen der \u00abCEO Success\u00bb-Studie von Strategy&amp;, der Strategieberatung von PwC, wurden Ver\u00e4nderungen an den Spitzen der 2500 gr\u00f6ssten [&hellip;]<\/p>\n","protected":false},"author":60,"featured_media":10527,"comment_status":"closed","ping_status":"closed","sticky":false,"template":"","format":"standard","meta":{"_acf_changed":false,"footnotes":""},"categories":[4],"tags":[4745],"class_list":["post-10526","post","type-post","status-publish","format-standard","has-post-thumbnail","hentry","category-risikomanagement","tag-05-2020"],"acf":[],"yoast_head":"<!-- This site is optimized with the Yoast SEO plugin v26.2 - https:\/\/yoast.com\/wordpress\/plugins\/seo\/ -->\n<title>Schweizer Chefs wechseln weniger oft - MQ Management und Qualit\u00e4t<\/title>\n<meta name=\"description\" content=\"Schweizer CEOs sitzen deutlich sicherer im Chefsessel als ihre globalen Kollegen.Das zeigt die \u00abCEO Success\u00bb-Studie der Strategieberatung von PwC.\" \/>\n<meta name=\"robots\" content=\"index, follow, max-snippet:-1, max-image-preview:large, max-video-preview:-1\" \/>\n<link rel=\"canonical\" href=\"https:\/\/www.m-q.ch\/it\/i-capi-svizzeri-cambiano-meno-spesso\/\" \/>\n<meta property=\"og:locale\" content=\"it_IT\" \/>\n<meta property=\"og:type\" content=\"article\" \/>\n<meta property=\"og:title\" content=\"Schweizer Chefs wechseln weniger oft - MQ Management und Qualit\u00e4t\" \/>\n<meta property=\"og:description\" content=\"Schweizer CEOs sitzen deutlich sicherer im Chefsessel als ihre globalen Kollegen.Das zeigt die \u00abCEO Success\u00bb-Studie der Strategieberatung von PwC.\" \/>\n<meta property=\"og:url\" content=\"https:\/\/www.m-q.ch\/it\/i-capi-svizzeri-cambiano-meno-spesso\/\" \/>\n<meta property=\"og:site_name\" content=\"MQ Management und Qualit\u00e4t\" \/>\n<meta property=\"article:publisher\" content=\"https:\/\/www.facebook.com\/ManagementUndQualitaet\" \/>\n<meta property=\"article:published_time\" content=\"2020-05-18T10:36:27+00:00\" \/>\n<meta property=\"article:modified_time\" content=\"2021-02-10T11:41:10+00:00\" \/>\n<meta property=\"og:image\" content=\"https:\/\/www.m-q.ch\/wp-content\/uploads\/2021\/02\/08-5.jpg\" \/>\n\t<meta property=\"og:image:width\" content=\"237\" \/>\n\t<meta property=\"og:image:height\" content=\"271\" \/>\n\t<meta property=\"og:image:type\" content=\"image\/jpeg\" \/>\n<meta name=\"author\" content=\"upwork\" \/>\n<meta name=\"twitter:card\" content=\"summary_large_image\" \/>\n<meta name=\"twitter:label1\" content=\"Scritto da\" \/>\n\t<meta name=\"twitter:data1\" content=\"upwork\" \/>\n\t<meta name=\"twitter:label2\" content=\"Tempo di lettura stimato\" \/>\n\t<meta name=\"twitter:data2\" content=\"3 minuti\" \/>\n<script type=\"application\/ld+json\" class=\"yoast-schema-graph\">{\"@context\":\"https:\/\/schema.org\",\"@graph\":[{\"@type\":\"Article\",\"@id\":\"https:\/\/www.m-q.ch\/schweizer-chefs-wechseln-weniger-oft\/#article\",\"isPartOf\":{\"@id\":\"https:\/\/www.m-q.ch\/schweizer-chefs-wechseln-weniger-oft\/\"},\"author\":{\"name\":\"upwork\",\"@id\":\"https:\/\/www.m-q.ch\/fr\/#\/schema\/person\/6044ff1d138701fac0f63fd4c5c93267\"},\"headline\":\"Schweizer Chefs wechseln weniger oft\",\"datePublished\":\"2020-05-18T10:36:27+00:00\",\"dateModified\":\"2021-02-10T11:41:10+00:00\",\"mainEntityOfPage\":{\"@id\":\"https:\/\/www.m-q.ch\/schweizer-chefs-wechseln-weniger-oft\/\"},\"wordCount\":655,\"publisher\":{\"@id\":\"https:\/\/www.m-q.ch\/fr\/#organization\"},\"image\":{\"@id\":\"https:\/\/www.m-q.ch\/schweizer-chefs-wechseln-weniger-oft\/#primaryimage\"},\"thumbnailUrl\":\"https:\/\/www.m-q.ch\/wp-content\/uploads\/2021\/02\/08-5.jpg\",\"keywords\":[\"05\/2020\"],\"articleSection\":[\"Risikomanagement\"],\"inLanguage\":\"it-IT\"},{\"@type\":\"WebPage\",\"@id\":\"https:\/\/www.m-q.ch\/schweizer-chefs-wechseln-weniger-oft\/\",\"url\":\"https:\/\/www.m-q.ch\/schweizer-chefs-wechseln-weniger-oft\/\",\"name\":\"Schweizer Chefs wechseln weniger oft - MQ Management und Qualit\u00e4t\",\"isPartOf\":{\"@id\":\"https:\/\/www.m-q.ch\/fr\/#website\"},\"primaryImageOfPage\":{\"@id\":\"https:\/\/www.m-q.ch\/schweizer-chefs-wechseln-weniger-oft\/#primaryimage\"},\"image\":{\"@id\":\"https:\/\/www.m-q.ch\/schweizer-chefs-wechseln-weniger-oft\/#primaryimage\"},\"thumbnailUrl\":\"https:\/\/www.m-q.ch\/wp-content\/uploads\/2021\/02\/08-5.jpg\",\"datePublished\":\"2020-05-18T10:36:27+00:00\",\"dateModified\":\"2021-02-10T11:41:10+00:00\",\"description\":\"Schweizer CEOs sitzen deutlich sicherer im Chefsessel als ihre globalen Kollegen.Das zeigt die \u00abCEO Success\u00bb-Studie der Strategieberatung von PwC.\",\"breadcrumb\":{\"@id\":\"https:\/\/www.m-q.ch\/schweizer-chefs-wechseln-weniger-oft\/#breadcrumb\"},\"inLanguage\":\"it-IT\",\"potentialAction\":[{\"@type\":\"ReadAction\",\"target\":[\"https:\/\/www.m-q.ch\/schweizer-chefs-wechseln-weniger-oft\/\"]}]},{\"@type\":\"ImageObject\",\"inLanguage\":\"it-IT\",\"@id\":\"https:\/\/www.m-q.ch\/schweizer-chefs-wechseln-weniger-oft\/#primaryimage\",\"url\":\"https:\/\/www.m-q.ch\/wp-content\/uploads\/2021\/02\/08-5.jpg\",\"contentUrl\":\"https:\/\/www.m-q.ch\/wp-content\/uploads\/2021\/02\/08-5.jpg\",\"width\":237,\"height\":271},{\"@type\":\"BreadcrumbList\",\"@id\":\"https:\/\/www.m-q.ch\/schweizer-chefs-wechseln-weniger-oft\/#breadcrumb\",\"itemListElement\":[{\"@type\":\"ListItem\",\"position\":1,\"name\":\"Risikomanagement\",\"item\":\"https:\/\/www.m-q.ch\/kategorie\/risikomanagement\/\"},{\"@type\":\"ListItem\",\"position\":2,\"name\":\"Schweizer Chefs wechseln weniger oft\"}]},{\"@type\":\"WebSite\",\"@id\":\"https:\/\/www.m-q.ch\/fr\/#website\",\"url\":\"https:\/\/www.m-q.ch\/fr\/\",\"name\":\"MQ Management und Qualit\u00e4t\",\"description\":\"Plattform f\u00fcr integrierte Managementsysteme.\",\"publisher\":{\"@id\":\"https:\/\/www.m-q.ch\/fr\/#organization\"},\"potentialAction\":[{\"@type\":\"SearchAction\",\"target\":{\"@type\":\"EntryPoint\",\"urlTemplate\":\"https:\/\/www.m-q.ch\/fr\/?s={search_term_string}\"},\"query-input\":{\"@type\":\"PropertyValueSpecification\",\"valueRequired\":true,\"valueName\":\"search_term_string\"}}],\"inLanguage\":\"it-IT\"},{\"@type\":\"Organization\",\"@id\":\"https:\/\/www.m-q.ch\/fr\/#organization\",\"name\":\"Galledia Fachmedien AG\",\"url\":\"https:\/\/www.m-q.ch\/fr\/\",\"logo\":{\"@type\":\"ImageObject\",\"inLanguage\":\"it-IT\",\"@id\":\"https:\/\/www.m-q.ch\/fr\/#\/schema\/logo\/image\/\",\"url\":\"https:\/\/www.m-q.ch\/wp-content\/uploads\/2020\/12\/cropped-logo_small.png\",\"contentUrl\":\"https:\/\/www.m-q.ch\/wp-content\/uploads\/2020\/12\/cropped-logo_small.png\",\"width\":512,\"height\":512,\"caption\":\"Galledia Fachmedien AG\"},\"image\":{\"@id\":\"https:\/\/www.m-q.ch\/fr\/#\/schema\/logo\/image\/\"},\"sameAs\":[\"https:\/\/www.facebook.com\/ManagementUndQualitaet\",\"https:\/\/www.linkedin.com\/showcase\/17982321\/admin\/\"]},{\"@type\":\"Person\",\"@id\":\"https:\/\/www.m-q.ch\/fr\/#\/schema\/person\/6044ff1d138701fac0f63fd4c5c93267\",\"name\":\"upwork\",\"image\":{\"@type\":\"ImageObject\",\"inLanguage\":\"it-IT\",\"@id\":\"https:\/\/www.m-q.ch\/fr\/#\/schema\/person\/image\/\",\"url\":\"https:\/\/secure.gravatar.com\/avatar\/fe2de2b04483edb0f28eb7fd34d15d6c?s=96&d=mm&r=g\",\"contentUrl\":\"https:\/\/secure.gravatar.com\/avatar\/fe2de2b04483edb0f28eb7fd34d15d6c?s=96&d=mm&r=g\",\"caption\":\"upwork\"},\"description\":\"uf3J7(qCI6jN0^0y6%%0ti70\",\"url\":\"https:\/\/www.m-q.ch\/it\/author\/upwork\/\"}]}<\/script>\n<!-- \/ Yoast SEO plugin. -->","yoast_head_json":{"title":"I capi svizzeri cambiano meno spesso - MQ Management und Qualit\u00e4t","description":"I CEO svizzeri sono molto pi\u00f9 sicuri sulla sedia del capo rispetto ai loro colleghi globali, secondo lo studio \"CEO Success\" della societ\u00e0 di consulenza strategica PwC.","robots":{"index":"index","follow":"follow","max-snippet":"max-snippet:-1","max-image-preview":"max-image-preview:large","max-video-preview":"max-video-preview:-1"},"canonical":"https:\/\/www.m-q.ch\/it\/i-capi-svizzeri-cambiano-meno-spesso\/","og_locale":"it_IT","og_type":"article","og_title":"Schweizer Chefs wechseln weniger oft - MQ Management und Qualit\u00e4t","og_description":"Schweizer CEOs sitzen deutlich sicherer im Chefsessel als ihre globalen Kollegen.Das zeigt die \u00abCEO Success\u00bb-Studie der Strategieberatung von PwC.","og_url":"https:\/\/www.m-q.ch\/it\/i-capi-svizzeri-cambiano-meno-spesso\/","og_site_name":"MQ Management und Qualit\u00e4t","article_publisher":"https:\/\/www.facebook.com\/ManagementUndQualitaet","article_published_time":"2020-05-18T10:36:27+00:00","article_modified_time":"2021-02-10T11:41:10+00:00","og_image":[{"width":237,"height":271,"url":"https:\/\/www.m-q.ch\/wp-content\/uploads\/2021\/02\/08-5.jpg","type":"image\/jpeg"}],"author":"upwork","twitter_card":"summary_large_image","twitter_misc":{"Scritto da":"upwork","Tempo di lettura stimato":"3 minuti"},"schema":{"@context":"https:\/\/schema.org","@graph":[{"@type":"Article","@id":"https:\/\/www.m-q.ch\/schweizer-chefs-wechseln-weniger-oft\/#article","isPartOf":{"@id":"https:\/\/www.m-q.ch\/schweizer-chefs-wechseln-weniger-oft\/"},"author":{"name":"upwork","@id":"https:\/\/www.m-q.ch\/fr\/#\/schema\/person\/6044ff1d138701fac0f63fd4c5c93267"},"headline":"Schweizer Chefs wechseln weniger oft","datePublished":"2020-05-18T10:36:27+00:00","dateModified":"2021-02-10T11:41:10+00:00","mainEntityOfPage":{"@id":"https:\/\/www.m-q.ch\/schweizer-chefs-wechseln-weniger-oft\/"},"wordCount":655,"publisher":{"@id":"https:\/\/www.m-q.ch\/fr\/#organization"},"image":{"@id":"https:\/\/www.m-q.ch\/schweizer-chefs-wechseln-weniger-oft\/#primaryimage"},"thumbnailUrl":"https:\/\/www.m-q.ch\/wp-content\/uploads\/2021\/02\/08-5.jpg","keywords":["05\/2020"],"articleSection":["Risikomanagement"],"inLanguage":"it-IT"},{"@type":"WebPage","@id":"https:\/\/www.m-q.ch\/schweizer-chefs-wechseln-weniger-oft\/","url":"https:\/\/www.m-q.ch\/schweizer-chefs-wechseln-weniger-oft\/","name":"I capi svizzeri cambiano meno spesso - MQ Management und Qualit\u00e4t","isPartOf":{"@id":"https:\/\/www.m-q.ch\/fr\/#website"},"primaryImageOfPage":{"@id":"https:\/\/www.m-q.ch\/schweizer-chefs-wechseln-weniger-oft\/#primaryimage"},"image":{"@id":"https:\/\/www.m-q.ch\/schweizer-chefs-wechseln-weniger-oft\/#primaryimage"},"thumbnailUrl":"https:\/\/www.m-q.ch\/wp-content\/uploads\/2021\/02\/08-5.jpg","datePublished":"2020-05-18T10:36:27+00:00","dateModified":"2021-02-10T11:41:10+00:00","description":"I CEO svizzeri sono molto pi\u00f9 sicuri sulla sedia del capo rispetto ai loro colleghi globali, secondo lo studio \"CEO Success\" della societ\u00e0 di consulenza strategica PwC.","breadcrumb":{"@id":"https:\/\/www.m-q.ch\/schweizer-chefs-wechseln-weniger-oft\/#breadcrumb"},"inLanguage":"it-IT","potentialAction":[{"@type":"ReadAction","target":["https:\/\/www.m-q.ch\/schweizer-chefs-wechseln-weniger-oft\/"]}]},{"@type":"ImageObject","inLanguage":"it-IT","@id":"https:\/\/www.m-q.ch\/schweizer-chefs-wechseln-weniger-oft\/#primaryimage","url":"https:\/\/www.m-q.ch\/wp-content\/uploads\/2021\/02\/08-5.jpg","contentUrl":"https:\/\/www.m-q.ch\/wp-content\/uploads\/2021\/02\/08-5.jpg","width":237,"height":271},{"@type":"BreadcrumbList","@id":"https:\/\/www.m-q.ch\/schweizer-chefs-wechseln-weniger-oft\/#breadcrumb","itemListElement":[{"@type":"ListItem","position":1,"name":"Risikomanagement","item":"https:\/\/www.m-q.ch\/kategorie\/risikomanagement\/"},{"@type":"ListItem","position":2,"name":"Schweizer Chefs wechseln weniger oft"}]},{"@type":"WebSite","@id":"https:\/\/www.m-q.ch\/fr\/#website","url":"https:\/\/www.m-q.ch\/fr\/","name":"Gestione e qualit\u00e0 MQ","description":"Piattaforma per sistemi di gestione integrati.","publisher":{"@id":"https:\/\/www.m-q.ch\/fr\/#organization"},"potentialAction":[{"@type":"SearchAction","target":{"@type":"EntryPoint","urlTemplate":"https:\/\/www.m-q.ch\/fr\/?s={search_term_string}"},"query-input":{"@type":"PropertyValueSpecification","valueRequired":true,"valueName":"search_term_string"}}],"inLanguage":"it-IT"},{"@type":"Organization","@id":"https:\/\/www.m-q.ch\/fr\/#organization","name":"Galledia Fachmedien AG","url":"https:\/\/www.m-q.ch\/fr\/","logo":{"@type":"ImageObject","inLanguage":"it-IT","@id":"https:\/\/www.m-q.ch\/fr\/#\/schema\/logo\/image\/","url":"https:\/\/www.m-q.ch\/wp-content\/uploads\/2020\/12\/cropped-logo_small.png","contentUrl":"https:\/\/www.m-q.ch\/wp-content\/uploads\/2020\/12\/cropped-logo_small.png","width":512,"height":512,"caption":"Galledia Fachmedien AG"},"image":{"@id":"https:\/\/www.m-q.ch\/fr\/#\/schema\/logo\/image\/"},"sameAs":["https:\/\/www.facebook.com\/ManagementUndQualitaet","https:\/\/www.linkedin.com\/showcase\/17982321\/admin\/"]},{"@type":"Person","@id":"https:\/\/www.m-q.ch\/fr\/#\/schema\/person\/6044ff1d138701fac0f63fd4c5c93267","name":"upwork","image":{"@type":"ImageObject","inLanguage":"it-IT","@id":"https:\/\/www.m-q.ch\/fr\/#\/schema\/person\/image\/","url":"https:\/\/secure.gravatar.com\/avatar\/fe2de2b04483edb0f28eb7fd34d15d6c?s=96&d=mm&r=g","contentUrl":"https:\/\/secure.gravatar.com\/avatar\/fe2de2b04483edb0f28eb7fd34d15d6c?s=96&d=mm&r=g","caption":"upwork"},"description":"uf3J7(qCI6jN0^0y6%%0ti70","url":"https:\/\/www.m-q.ch\/it\/author\/upwork\/"}]}},"_links":{"self":[{"href":"https:\/\/www.m-q.ch\/it\/wp-json\/wp\/v2\/posts\/10526","targetHints":{"allow":["GET"]}}],"collection":[{"href":"https:\/\/www.m-q.ch\/it\/wp-json\/wp\/v2\/posts"}],"about":[{"href":"https:\/\/www.m-q.ch\/it\/wp-json\/wp\/v2\/types\/post"}],"author":[{"embeddable":true,"href":"https:\/\/www.m-q.ch\/it\/wp-json\/wp\/v2\/users\/60"}],"replies":[{"embeddable":true,"href":"https:\/\/www.m-q.ch\/it\/wp-json\/wp\/v2\/comments?post=10526"}],"version-history":[{"count":1,"href":"https:\/\/www.m-q.ch\/it\/wp-json\/wp\/v2\/posts\/10526\/revisions"}],"predecessor-version":[{"id":10531,"href":"https:\/\/www.m-q.ch\/it\/wp-json\/wp\/v2\/posts\/10526\/revisions\/10531"}],"wp:featuredmedia":[{"embeddable":true,"href":"https:\/\/www.m-q.ch\/it\/wp-json\/wp\/v2\/media\/10527"}],"wp:attachment":[{"href":"https:\/\/www.m-q.ch\/it\/wp-json\/wp\/v2\/media?parent=10526"}],"wp:term":[{"taxonomy":"category","embeddable":true,"href":"https:\/\/www.m-q.ch\/it\/wp-json\/wp\/v2\/categories?post=10526"},{"taxonomy":"post_tag","embeddable":true,"href":"https:\/\/www.m-q.ch\/it\/wp-json\/wp\/v2\/tags?post=10526"}],"curies":[{"name":"wp","href":"https:\/\/api.w.org\/{rel}","templated":true}]}}