{"id":10681,"date":"2018-06-23T09:25:14","date_gmt":"2018-06-23T07:25:14","guid":{"rendered":"https:\/\/www.m-q.ch\/?p=10681"},"modified":"2021-02-11T09:59:23","modified_gmt":"2021-02-11T08:59:23","slug":"nello-spirito-dellindustria-4-0","status":"publish","type":"post","link":"https:\/\/www.m-q.ch\/it\/im-zeichen-von-industrie-4-0\/","title":{"rendered":"Sotto il segno di Industria 4.0"},"content":{"rendered":"<p><img loading=\"lazy\" decoding=\"async\" class=\"alignnone size-full wp-image-10691\" src=\"https:\/\/www.m-q.ch\/wp-content\/uploads\/2021\/02\/Im-Zeichen-von-Industrie-4.0.jpg\" alt=\"Sotto il segno di Industria 4.0\" width=\"878\" height=\"1240\" srcset=\"https:\/\/www.m-q.ch\/wp-content\/uploads\/2021\/02\/Im-Zeichen-von-Industrie-4.0.jpg 878w, https:\/\/www.m-q.ch\/wp-content\/uploads\/2021\/02\/Im-Zeichen-von-Industrie-4.0-768x1085.jpg 768w, https:\/\/www.m-q.ch\/wp-content\/uploads\/2021\/02\/Im-Zeichen-von-Industrie-4.0-8x12.jpg 8w, https:\/\/www.m-q.ch\/wp-content\/uploads\/2021\/02\/Im-Zeichen-von-Industrie-4.0-124x175.jpg 124w, https:\/\/www.m-q.ch\/wp-content\/uploads\/2021\/02\/Im-Zeichen-von-Industrie-4.0-248x350.jpg 248w, https:\/\/www.m-q.ch\/wp-content\/uploads\/2021\/02\/Im-Zeichen-von-Industrie-4.0-566x800.jpg 566w, https:\/\/www.m-q.ch\/wp-content\/uploads\/2021\/02\/Im-Zeichen-von-Industrie-4.0-300x424.jpg 300w\" sizes=\"auto, (max-width: 878px) 100vw, 878px\" \/><\/p>\n<p>&nbsp;<\/p>\n<p>&nbsp;<\/p>\n<p>La tendenza verso l'Industria 4.0 continua quest'anno. I sistemi stanno diventando pi\u00f9 veloci, pi\u00f9 facili da automatizzare e i sistemi senza contatto, in particolare, stanno vivendo una grande crescita.<\/p>\n<p><strong>Sistema di misurazione a microcoordinazione<\/strong><br \/>\nCon il nuovo \u03bcCMM, Alicona presenta per la prima volta a Control un sistema di misurazione ottica a micro-coordinazione, celebrando la sua prima mondiale.<\/p>\n<p>&nbsp;<\/p>\n<p>La combinazione di una macchina di misura a coordinate classica e la metrologia ottica della superficie permette di misurare la massa, la posizione, la forma e la rugosit\u00e0 dei componenti con un solo sensore. La macchina di misura a coordinate ottiche offre un'alta precisione geometrica, che permette di misurare i pi\u00f9 piccoli dettagli delle superfici, compresa la determinazione precisa della posizione delle singole misure l'una rispetto all'altra. La precisione 3D secondo ISO 10360-8 \u00e8 E Uni:j:ODS,MPE = (0,8 + L\/600) \u00b5m (L in mm).<\/p>\n<p>&nbsp;<\/p>\n<p>Secondo Alicona, lo spettro delle superfici misurabili comprende tutti i materiali e i compositi comunemente usati nell'industria, come la plastica, PCD, CFRP, ceramica, cromo, silicio, ecc. Si possono misurare sia i componenti opachi che quelli lucidi e riflettenti. Il volume di misurazione \u00e8 310 mm \u00d7 310 mm \u00d7 310 mm. Gli assi a cuscinetto d'aria con azionamento lineare permettono un utilizzo senza usura. Le lenti possono essere cambiate automaticamente.<\/p>\n<p><strong>Nuovo corpo di calibrazione per sistemi ottici e tattili<\/strong><br \/>\nIl nuovo corpo di calibrazione TOPIC \"Arena\" pu\u00f2 essere utilizzato, tra l'altro, per efficienti test intermedi secondo ISO 10360-1 di macchine di misura a micro-coordinazione. Il corpo di prova consiste in sfere otticamente cooperative con un'alta precisione di forma. Grazie alla disposizione sistematica nello spazio, \u00e8 possibile determinare i parametri richiesti di una prova intermedia e di accettazione e conferma secondo ISO 10360-1 con un solo serraggio.<\/p>\n<p>&nbsp;<\/p>\n<p>Questo corpo di taratura \u00e8 stato sviluppato grazie alla proficua collaborazione tra Saphirwerk AG, l'Istituto federale di metrologia METAS, la NTB Interstate University of Applied Sciences Buchs e i partner industriali ETA SA e SFS intec.<\/p>\n<p><strong>Sonda interferometrica Werth WIP<\/strong><br \/>\nCon i sensori ottici convenzionali, le caratteristiche strette e basse, come i vuoti d'aria sui motori elettrici, spesso non sono misurabili. I sensori di distanza laser, i sensori di messa a fuoco cromatica e i sensori confocali, per esempio, falliscono a causa dell'apertura delle lenti e spesso la distanza di lavoro \u00e8 troppo breve per rilevare le caratteristiche senza collisione. Con la sonda interferometrica Werth (WIP), Werth ha nel suo portafoglio un sensore in fibra ottica di alta precisione che permette la misurazione tramite interferenza.<\/p>\n<p>&nbsp;<\/p>\n<p>La sonda di misura \u00e8 una fibra di vetro conduttrice di luce con un diametro standard di 125 \u03bcm. Sono possibili anche diametri pi\u00f9 piccoli. La geometria della sonda pu\u00f2 essere adattata individualmente ai requisiti del compito di misurazione, ad esempio sono possibili sonde diritte o angolate. La rettifica della sonda determina l'angolo di uscita del raggio di misura tra 0\u00b0 e 90\u00b0. Le sonde con un angolo di 90\u00b0 sono utilizzate, per esempio, per misurare le superfici laterali di piccoli fori.<\/p>\n<p>&nbsp;<\/p>\n<p>La versione RS del WIP permette una misura di rotondit\u00e0 di alta precisione con una sonda girevole. Con questo, solo l'asse di rotazione del sensore corretto geometricamente viene spostato. Questo permette misure di rotondit\u00e0 con deviazioni di misura di circa 100 nm. In alternativa, la sonda pu\u00f2 essere spostata su un percorso circolare durante la rotazione con gli assi cartesiani della macchina di misura a coordinate e quindi misurare anche elementi geometrici pi\u00f9 grandi.<\/p>\n<p><strong>Software per la determinazione dell'incertezza di misura (VCMM)<\/strong><br \/>\nUn risultato di misurazione completo include sempre un'incertezza di misurazione oltre al valore misurato. Questa \u00e8 una componente essenziale della garanzia di qualit\u00e0, poich\u00e9 senza l'incertezza di misura non \u00e8 possibile valutare le tolleranze. La sempre maggiore automazione nel corso dell'Industria 4.0 richiede anche un'automazione della determinazione dell'incertezza di misura. Dall'inizio degli anni '90, PTB ha sviluppato una cosiddetta \"macchina di misura a coordinate virtuali\" (VCMM). Da allora, questo \u00e8 stato adattato e ottimizzato alla moderna tecnologia di misurazione.<\/p>\n<p>&nbsp;<\/p>\n<p>La determinazione dell'incertezza di misura di un complesso compito di misurazione 3D con l'aiuto di simulazioni Monte Carlo \u00e8 un metodo efficiente in termini di tempo e di costi. Per determinare l'incertezza di misura, un gran numero di misure ripetute viene simulato con l'aiuto di un computer nella VCMM. Le misure sono simulate in un ambiente virtuale. A questo scopo, i punti di misurazione registrati sono variati secondo distribuzioni di probabilit\u00e0 e parametri di input specificati, formando cos\u00ec una nuvola di punti realistica. Questi dati sono ora valutati allo stesso modo della prima misurazione reale. Un'affermazione statistica pu\u00f2 ora essere fatta ripetendo questo processo pi\u00f9 volte.<\/p>\n<p>&nbsp;<\/p>\n<p>Al fine di verificare l'attuale versione del VCMM (inclusa la scansione) come metodo per la determinazione dell'incertezza di misura specifica del compito, PTB ha eseguito misure di confronto coordinate. Questo \u00e8 un passo importante verso la verifica anticipata del VCMM in modo che possa essere utilizzato nei laboratori di misura e nei laboratori di calibrazione accreditati per la determinazione dell'incertezza di misura.<\/p>\n<p><strong>Tomografo computerizzato GOM<\/strong><br \/>\nCon l'aiuto della tomografia computerizzata (CT), gi\u00e0 oggi sono possibili misurazioni che non possono pi\u00f9 essere coperte con altri principi di misurazione. Per esempio, si possono misurare i componenti fabbricati con la fabbricazione additiva, le cui strutture interne non sono accessibili n\u00e9 al tatto n\u00e9 otticamente.<\/p>\n<p>&nbsp;<\/p>\n<p>La societ\u00e0 GOM offre ora anche la tomografia computerizzata ed \u00e8 quindi entrata piuttosto tardi nel campo. Un sistema cinematico a 5 assi assicura il posizionamento automatico dei componenti. Il sistema \u00e8 calibrato tramite calibrazione fotogrammetrica in tutte le possibili posizioni di misurazione. Un'altra caratteristica \u00e8 che la circolazione dell'aria all'interno della CT assicura che la stessa temperatura prevalga nell'area di lavoro come nell'area di stoccaggio all'esterno della CT. Questo permette condizioni di temperatura controllata senza la necessit\u00e0 di un complesso condizionamento dell'aria all'interno della CT. I dati vengono valutati con il software GOM Inspect, che dall'anno scorso \u00e8 anche in grado di gestire i dati CT di altri produttori.<\/p>\n<p><strong>Sistema CT con camera climatica integrata<\/strong><br \/>\nCon la TC in-situ Diondo, i pezzi possono essere esaminati in condizioni operative realistiche. I produttori di automobili, per esempio, traggono vantaggio da questo metodo combinato: l'alta densit\u00e0 di energia delle batterie agli ioni di litio utilizzate per la mobilit\u00e0 elettrica solleva questioni rilevanti per la sicurezza: come influisce la temperatura sulla struttura interna e sulla geometria? Qual \u00e8 il comportamento a lungo<br \/>\ntemperature persistentemente alte o basse o forti fluttuazioni di temperatura? La TAC in situ fornisce una visione ad alta risoluzione dell'interno della batteria. Questo viene fatto a temperature da -72 a +180 \u00b0C.<\/p>","protected":false},"excerpt":{"rendered":"<p>&nbsp; &nbsp; Auch in diesem Jahr geht der Trend zu Indus-trie 4.0 weiter. Die Systeme werden schneller, einfacher automatisierbar und insbesondere ber\u00fchrungslose Systeme verzeichnen einen grossen Aufschwung. Mikrokoordinatenmesssystem Mit dem neuen \u03bcCMM stellt Alicona an der Control erstmals ein optisches Mikrokoordi-natenmesssystem vor und feierte damit seine Weltpremiere. &nbsp; Die Verbindung eines klassischen Koor-dinatenmessger\u00e4ts und der [&hellip;]<\/p>\n","protected":false},"author":62,"featured_media":10691,"comment_status":"closed","ping_status":"closed","sticky":false,"template":"","format":"standard","meta":{"_acf_changed":false,"footnotes":""},"categories":[4448],"tags":[4752],"class_list":["post-10681","post","type-post","status-publish","format-standard","has-post-thumbnail","hentry","category-allgemein","tag-06-2018"],"acf":[],"yoast_head":"<!-- This site is optimized with the Yoast SEO plugin v26.2 - https:\/\/yoast.com\/wordpress\/plugins\/seo\/ -->\n<title>Im Zeichen von Industrie 4.0 - MQ Management und Qualit\u00e4t<\/title>\n<meta name=\"description\" content=\"Mit 883 Ausstellern aus 31 L\u00e4ndern wurde die Control 2018 nochmals gr\u00f6sser und konnte damit ihren Stellenwert als internationale Leitmesse f\u00fcr die Qualit\u00e4tssiche-rung festigen. Die Internationalit\u00e4t widerspiegelten auch die 28\u2009241 registrierten Fachbesucher aus 98 Nationen. Wir zeigen hier ein paar interessante Messtechnik-produkte, die in Stuttgart vorgestellt wurden.\" \/>\n<meta name=\"robots\" content=\"index, follow, max-snippet:-1, max-image-preview:large, max-video-preview:-1\" \/>\n<link rel=\"canonical\" href=\"https:\/\/www.m-q.ch\/it\/nello-spirito-dellindustria-4-0\/\" \/>\n<meta property=\"og:locale\" content=\"it_IT\" \/>\n<meta property=\"og:type\" content=\"article\" \/>\n<meta property=\"og:title\" content=\"Im Zeichen von Industrie 4.0 - MQ Management und Qualit\u00e4t\" \/>\n<meta property=\"og:description\" content=\"Mit 883 Ausstellern aus 31 L\u00e4ndern wurde die Control 2018 nochmals gr\u00f6sser und konnte damit ihren Stellenwert als internationale Leitmesse f\u00fcr die Qualit\u00e4tssiche-rung festigen. Die Internationalit\u00e4t widerspiegelten auch die 28\u2009241 registrierten Fachbesucher aus 98 Nationen. Wir zeigen hier ein paar interessante Messtechnik-produkte, die in Stuttgart vorgestellt wurden.\" \/>\n<meta property=\"og:url\" content=\"https:\/\/www.m-q.ch\/it\/nello-spirito-dellindustria-4-0\/\" \/>\n<meta property=\"og:site_name\" content=\"MQ Management und Qualit\u00e4t\" \/>\n<meta property=\"article:publisher\" content=\"https:\/\/www.facebook.com\/ManagementUndQualitaet\" \/>\n<meta property=\"article:published_time\" content=\"2018-06-23T07:25:14+00:00\" \/>\n<meta property=\"article:modified_time\" content=\"2021-02-11T08:59:23+00:00\" \/>\n<meta property=\"og:image\" content=\"https:\/\/www.m-q.ch\/wp-content\/uploads\/2021\/02\/Im-Zeichen-von-Industrie-4.0.jpg\" \/>\n\t<meta property=\"og:image:width\" content=\"878\" \/>\n\t<meta property=\"og:image:height\" content=\"1240\" \/>\n\t<meta property=\"og:image:type\" content=\"image\/jpeg\" \/>\n<meta name=\"author\" content=\"upwork_2\" \/>\n<meta name=\"twitter:card\" content=\"summary_large_image\" \/>\n<meta name=\"twitter:label1\" content=\"Scritto da\" \/>\n\t<meta name=\"twitter:data1\" content=\"upwork_2\" \/>\n\t<meta name=\"twitter:label2\" content=\"Tempo di lettura stimato\" \/>\n\t<meta name=\"twitter:data2\" content=\"5 minuti\" \/>\n<script type=\"application\/ld+json\" class=\"yoast-schema-graph\">{\"@context\":\"https:\/\/schema.org\",\"@graph\":[{\"@type\":\"Article\",\"@id\":\"https:\/\/www.m-q.ch\/im-zeichen-von-industrie-4-0\/#article\",\"isPartOf\":{\"@id\":\"https:\/\/www.m-q.ch\/im-zeichen-von-industrie-4-0\/\"},\"author\":{\"name\":\"upwork_2\",\"@id\":\"https:\/\/www.m-q.ch\/fr\/#\/schema\/person\/71f647a41e4a3e361e6230f5134f3ba9\"},\"headline\":\"Im Zeichen von Industrie 4.0\",\"datePublished\":\"2018-06-23T07:25:14+00:00\",\"dateModified\":\"2021-02-11T08:59:23+00:00\",\"mainEntityOfPage\":{\"@id\":\"https:\/\/www.m-q.ch\/im-zeichen-von-industrie-4-0\/\"},\"wordCount\":935,\"publisher\":{\"@id\":\"https:\/\/www.m-q.ch\/fr\/#organization\"},\"image\":{\"@id\":\"https:\/\/www.m-q.ch\/im-zeichen-von-industrie-4-0\/#primaryimage\"},\"thumbnailUrl\":\"https:\/\/www.m-q.ch\/wp-content\/uploads\/2021\/02\/Im-Zeichen-von-Industrie-4.0.jpg\",\"keywords\":[\"06\/2018\"],\"articleSection\":[\"Allgemein\"],\"inLanguage\":\"it-IT\"},{\"@type\":\"WebPage\",\"@id\":\"https:\/\/www.m-q.ch\/im-zeichen-von-industrie-4-0\/\",\"url\":\"https:\/\/www.m-q.ch\/im-zeichen-von-industrie-4-0\/\",\"name\":\"Im Zeichen von Industrie 4.0 - MQ Management und Qualit\u00e4t\",\"isPartOf\":{\"@id\":\"https:\/\/www.m-q.ch\/fr\/#website\"},\"primaryImageOfPage\":{\"@id\":\"https:\/\/www.m-q.ch\/im-zeichen-von-industrie-4-0\/#primaryimage\"},\"image\":{\"@id\":\"https:\/\/www.m-q.ch\/im-zeichen-von-industrie-4-0\/#primaryimage\"},\"thumbnailUrl\":\"https:\/\/www.m-q.ch\/wp-content\/uploads\/2021\/02\/Im-Zeichen-von-Industrie-4.0.jpg\",\"datePublished\":\"2018-06-23T07:25:14+00:00\",\"dateModified\":\"2021-02-11T08:59:23+00:00\",\"description\":\"Mit 883 Ausstellern aus 31 L\u00e4ndern wurde die Control 2018 nochmals gr\u00f6sser und konnte damit ihren Stellenwert als internationale Leitmesse f\u00fcr die Qualit\u00e4tssiche-rung festigen. Die Internationalit\u00e4t widerspiegelten auch die 28\u2009241 registrierten Fachbesucher aus 98 Nationen. Wir zeigen hier ein paar interessante Messtechnik-produkte, die in Stuttgart vorgestellt wurden.\",\"breadcrumb\":{\"@id\":\"https:\/\/www.m-q.ch\/im-zeichen-von-industrie-4-0\/#breadcrumb\"},\"inLanguage\":\"it-IT\",\"potentialAction\":[{\"@type\":\"ReadAction\",\"target\":[\"https:\/\/www.m-q.ch\/im-zeichen-von-industrie-4-0\/\"]}]},{\"@type\":\"ImageObject\",\"inLanguage\":\"it-IT\",\"@id\":\"https:\/\/www.m-q.ch\/im-zeichen-von-industrie-4-0\/#primaryimage\",\"url\":\"https:\/\/www.m-q.ch\/wp-content\/uploads\/2021\/02\/Im-Zeichen-von-Industrie-4.0.jpg\",\"contentUrl\":\"https:\/\/www.m-q.ch\/wp-content\/uploads\/2021\/02\/Im-Zeichen-von-Industrie-4.0.jpg\",\"width\":878,\"height\":1240,\"caption\":\"Im Zeichen von Industrie 4.0\"},{\"@type\":\"BreadcrumbList\",\"@id\":\"https:\/\/www.m-q.ch\/im-zeichen-von-industrie-4-0\/#breadcrumb\",\"itemListElement\":[{\"@type\":\"ListItem\",\"position\":1,\"name\":\"Allgemein\",\"item\":\"https:\/\/www.m-q.ch\/kategorie\/allgemein\/\"},{\"@type\":\"ListItem\",\"position\":2,\"name\":\"Im Zeichen von Industrie 4.0\"}]},{\"@type\":\"WebSite\",\"@id\":\"https:\/\/www.m-q.ch\/fr\/#website\",\"url\":\"https:\/\/www.m-q.ch\/fr\/\",\"name\":\"MQ Management und Qualit\u00e4t\",\"description\":\"Plattform f\u00fcr integrierte Managementsysteme.\",\"publisher\":{\"@id\":\"https:\/\/www.m-q.ch\/fr\/#organization\"},\"potentialAction\":[{\"@type\":\"SearchAction\",\"target\":{\"@type\":\"EntryPoint\",\"urlTemplate\":\"https:\/\/www.m-q.ch\/fr\/?s={search_term_string}\"},\"query-input\":{\"@type\":\"PropertyValueSpecification\",\"valueRequired\":true,\"valueName\":\"search_term_string\"}}],\"inLanguage\":\"it-IT\"},{\"@type\":\"Organization\",\"@id\":\"https:\/\/www.m-q.ch\/fr\/#organization\",\"name\":\"Galledia Fachmedien AG\",\"url\":\"https:\/\/www.m-q.ch\/fr\/\",\"logo\":{\"@type\":\"ImageObject\",\"inLanguage\":\"it-IT\",\"@id\":\"https:\/\/www.m-q.ch\/fr\/#\/schema\/logo\/image\/\",\"url\":\"https:\/\/www.m-q.ch\/wp-content\/uploads\/2020\/12\/cropped-logo_small.png\",\"contentUrl\":\"https:\/\/www.m-q.ch\/wp-content\/uploads\/2020\/12\/cropped-logo_small.png\",\"width\":512,\"height\":512,\"caption\":\"Galledia Fachmedien AG\"},\"image\":{\"@id\":\"https:\/\/www.m-q.ch\/fr\/#\/schema\/logo\/image\/\"},\"sameAs\":[\"https:\/\/www.facebook.com\/ManagementUndQualitaet\",\"https:\/\/www.linkedin.com\/showcase\/17982321\/admin\/\"]},{\"@type\":\"Person\",\"@id\":\"https:\/\/www.m-q.ch\/fr\/#\/schema\/person\/71f647a41e4a3e361e6230f5134f3ba9\",\"name\":\"upwork_2\",\"image\":{\"@type\":\"ImageObject\",\"inLanguage\":\"it-IT\",\"@id\":\"https:\/\/www.m-q.ch\/fr\/#\/schema\/person\/image\/\",\"url\":\"https:\/\/secure.gravatar.com\/avatar\/777b90ab56092bbf3c85feacda5c1bce?s=96&d=mm&r=g\",\"contentUrl\":\"https:\/\/secure.gravatar.com\/avatar\/777b90ab56092bbf3c85feacda5c1bce?s=96&d=mm&r=g\",\"caption\":\"upwork_2\"},\"url\":\"https:\/\/www.m-q.ch\/it\/author\/upwork_2\/\"}]}<\/script>\n<!-- \/ Yoast SEO plugin. -->","yoast_head_json":{"title":"Nel segno di Industria 4.0 - MQ Management e Qualit\u00e0","description":"Con 883 espositori provenienti da 31 paesi, Control 2018 \u00e8 stato ancora una volta pi\u00f9 grande ed \u00e8 stato quindi in grado di consolidare la sua posizione come la principale fiera internazionale per l'assicurazione della qualit\u00e0. L'internazionalit\u00e0 si rifletteva anche nei 28.241 visitatori commerciali registrati da 98 nazioni. Qui mostriamo alcuni interessanti prodotti della tecnologia di misurazione che sono stati presentati a Stoccarda.","robots":{"index":"index","follow":"follow","max-snippet":"max-snippet:-1","max-image-preview":"max-image-preview:large","max-video-preview":"max-video-preview:-1"},"canonical":"https:\/\/www.m-q.ch\/it\/nello-spirito-dellindustria-4-0\/","og_locale":"it_IT","og_type":"article","og_title":"Im Zeichen von Industrie 4.0 - MQ Management und Qualit\u00e4t","og_description":"Mit 883 Ausstellern aus 31 L\u00e4ndern wurde die Control 2018 nochmals gr\u00f6sser und konnte damit ihren Stellenwert als internationale Leitmesse f\u00fcr die Qualit\u00e4tssiche-rung festigen. Die Internationalit\u00e4t widerspiegelten auch die 28\u2009241 registrierten Fachbesucher aus 98 Nationen. Wir zeigen hier ein paar interessante Messtechnik-produkte, die in Stuttgart vorgestellt wurden.","og_url":"https:\/\/www.m-q.ch\/it\/nello-spirito-dellindustria-4-0\/","og_site_name":"MQ Management und Qualit\u00e4t","article_publisher":"https:\/\/www.facebook.com\/ManagementUndQualitaet","article_published_time":"2018-06-23T07:25:14+00:00","article_modified_time":"2021-02-11T08:59:23+00:00","og_image":[{"width":878,"height":1240,"url":"https:\/\/www.m-q.ch\/wp-content\/uploads\/2021\/02\/Im-Zeichen-von-Industrie-4.0.jpg","type":"image\/jpeg"}],"author":"upwork_2","twitter_card":"summary_large_image","twitter_misc":{"Scritto da":"upwork_2","Tempo di lettura stimato":"5 minuti"},"schema":{"@context":"https:\/\/schema.org","@graph":[{"@type":"Article","@id":"https:\/\/www.m-q.ch\/im-zeichen-von-industrie-4-0\/#article","isPartOf":{"@id":"https:\/\/www.m-q.ch\/im-zeichen-von-industrie-4-0\/"},"author":{"name":"upwork_2","@id":"https:\/\/www.m-q.ch\/fr\/#\/schema\/person\/71f647a41e4a3e361e6230f5134f3ba9"},"headline":"Im Zeichen von Industrie 4.0","datePublished":"2018-06-23T07:25:14+00:00","dateModified":"2021-02-11T08:59:23+00:00","mainEntityOfPage":{"@id":"https:\/\/www.m-q.ch\/im-zeichen-von-industrie-4-0\/"},"wordCount":935,"publisher":{"@id":"https:\/\/www.m-q.ch\/fr\/#organization"},"image":{"@id":"https:\/\/www.m-q.ch\/im-zeichen-von-industrie-4-0\/#primaryimage"},"thumbnailUrl":"https:\/\/www.m-q.ch\/wp-content\/uploads\/2021\/02\/Im-Zeichen-von-Industrie-4.0.jpg","keywords":["06\/2018"],"articleSection":["Allgemein"],"inLanguage":"it-IT"},{"@type":"WebPage","@id":"https:\/\/www.m-q.ch\/im-zeichen-von-industrie-4-0\/","url":"https:\/\/www.m-q.ch\/im-zeichen-von-industrie-4-0\/","name":"Nel segno di Industria 4.0 - MQ Management e Qualit\u00e0","isPartOf":{"@id":"https:\/\/www.m-q.ch\/fr\/#website"},"primaryImageOfPage":{"@id":"https:\/\/www.m-q.ch\/im-zeichen-von-industrie-4-0\/#primaryimage"},"image":{"@id":"https:\/\/www.m-q.ch\/im-zeichen-von-industrie-4-0\/#primaryimage"},"thumbnailUrl":"https:\/\/www.m-q.ch\/wp-content\/uploads\/2021\/02\/Im-Zeichen-von-Industrie-4.0.jpg","datePublished":"2018-06-23T07:25:14+00:00","dateModified":"2021-02-11T08:59:23+00:00","description":"Con 883 espositori provenienti da 31 paesi, Control 2018 \u00e8 stato ancora una volta pi\u00f9 grande ed \u00e8 stato quindi in grado di consolidare la sua posizione come la principale fiera internazionale per l'assicurazione della qualit\u00e0. L'internazionalit\u00e0 si rifletteva anche nei 28.241 visitatori commerciali registrati da 98 nazioni. Qui mostriamo alcuni interessanti prodotti della tecnologia di misurazione che sono stati presentati a Stoccarda.","breadcrumb":{"@id":"https:\/\/www.m-q.ch\/im-zeichen-von-industrie-4-0\/#breadcrumb"},"inLanguage":"it-IT","potentialAction":[{"@type":"ReadAction","target":["https:\/\/www.m-q.ch\/im-zeichen-von-industrie-4-0\/"]}]},{"@type":"ImageObject","inLanguage":"it-IT","@id":"https:\/\/www.m-q.ch\/im-zeichen-von-industrie-4-0\/#primaryimage","url":"https:\/\/www.m-q.ch\/wp-content\/uploads\/2021\/02\/Im-Zeichen-von-Industrie-4.0.jpg","contentUrl":"https:\/\/www.m-q.ch\/wp-content\/uploads\/2021\/02\/Im-Zeichen-von-Industrie-4.0.jpg","width":878,"height":1240,"caption":"Im Zeichen von Industrie 4.0"},{"@type":"BreadcrumbList","@id":"https:\/\/www.m-q.ch\/im-zeichen-von-industrie-4-0\/#breadcrumb","itemListElement":[{"@type":"ListItem","position":1,"name":"Allgemein","item":"https:\/\/www.m-q.ch\/kategorie\/allgemein\/"},{"@type":"ListItem","position":2,"name":"Im Zeichen von Industrie 4.0"}]},{"@type":"WebSite","@id":"https:\/\/www.m-q.ch\/fr\/#website","url":"https:\/\/www.m-q.ch\/fr\/","name":"Gestione e qualit\u00e0 MQ","description":"Piattaforma per sistemi di gestione integrati.","publisher":{"@id":"https:\/\/www.m-q.ch\/fr\/#organization"},"potentialAction":[{"@type":"SearchAction","target":{"@type":"EntryPoint","urlTemplate":"https:\/\/www.m-q.ch\/fr\/?s={search_term_string}"},"query-input":{"@type":"PropertyValueSpecification","valueRequired":true,"valueName":"search_term_string"}}],"inLanguage":"it-IT"},{"@type":"Organization","@id":"https:\/\/www.m-q.ch\/fr\/#organization","name":"Galledia Fachmedien AG","url":"https:\/\/www.m-q.ch\/fr\/","logo":{"@type":"ImageObject","inLanguage":"it-IT","@id":"https:\/\/www.m-q.ch\/fr\/#\/schema\/logo\/image\/","url":"https:\/\/www.m-q.ch\/wp-content\/uploads\/2020\/12\/cropped-logo_small.png","contentUrl":"https:\/\/www.m-q.ch\/wp-content\/uploads\/2020\/12\/cropped-logo_small.png","width":512,"height":512,"caption":"Galledia Fachmedien AG"},"image":{"@id":"https:\/\/www.m-q.ch\/fr\/#\/schema\/logo\/image\/"},"sameAs":["https:\/\/www.facebook.com\/ManagementUndQualitaet","https:\/\/www.linkedin.com\/showcase\/17982321\/admin\/"]},{"@type":"Person","@id":"https:\/\/www.m-q.ch\/fr\/#\/schema\/person\/71f647a41e4a3e361e6230f5134f3ba9","name":"upwork_2","image":{"@type":"ImageObject","inLanguage":"it-IT","@id":"https:\/\/www.m-q.ch\/fr\/#\/schema\/person\/image\/","url":"https:\/\/secure.gravatar.com\/avatar\/777b90ab56092bbf3c85feacda5c1bce?s=96&d=mm&r=g","contentUrl":"https:\/\/secure.gravatar.com\/avatar\/777b90ab56092bbf3c85feacda5c1bce?s=96&d=mm&r=g","caption":"upwork_2"},"url":"https:\/\/www.m-q.ch\/it\/author\/upwork_2\/"}]}},"_links":{"self":[{"href":"https:\/\/www.m-q.ch\/it\/wp-json\/wp\/v2\/posts\/10681","targetHints":{"allow":["GET"]}}],"collection":[{"href":"https:\/\/www.m-q.ch\/it\/wp-json\/wp\/v2\/posts"}],"about":[{"href":"https:\/\/www.m-q.ch\/it\/wp-json\/wp\/v2\/types\/post"}],"author":[{"embeddable":true,"href":"https:\/\/www.m-q.ch\/it\/wp-json\/wp\/v2\/users\/62"}],"replies":[{"embeddable":true,"href":"https:\/\/www.m-q.ch\/it\/wp-json\/wp\/v2\/comments?post=10681"}],"version-history":[{"count":1,"href":"https:\/\/www.m-q.ch\/it\/wp-json\/wp\/v2\/posts\/10681\/revisions"}],"predecessor-version":[{"id":10692,"href":"https:\/\/www.m-q.ch\/it\/wp-json\/wp\/v2\/posts\/10681\/revisions\/10692"}],"wp:featuredmedia":[{"embeddable":true,"href":"https:\/\/www.m-q.ch\/it\/wp-json\/wp\/v2\/media\/10691"}],"wp:attachment":[{"href":"https:\/\/www.m-q.ch\/it\/wp-json\/wp\/v2\/media?parent=10681"}],"wp:term":[{"taxonomy":"category","embeddable":true,"href":"https:\/\/www.m-q.ch\/it\/wp-json\/wp\/v2\/categories?post=10681"},{"taxonomy":"post_tag","embeddable":true,"href":"https:\/\/www.m-q.ch\/it\/wp-json\/wp\/v2\/tags?post=10681"}],"curies":[{"name":"wp","href":"https:\/\/api.w.org\/{rel}","templated":true}]}}