{"id":10725,"date":"2020-04-04T11:14:50","date_gmt":"2020-04-04T09:14:50","guid":{"rendered":"https:\/\/www.m-q.ch\/?p=10725"},"modified":"2021-02-11T11:21:57","modified_gmt":"2021-02-11T10:21:57","slug":"perche-abbiamo-bisogno-di-una-bussola-etica","status":"publish","type":"post","link":"https:\/\/www.m-q.ch\/it\/weshalb-wir-einen-ethischen-kompass-brauchen\/","title":{"rendered":"Perch\u00e9 abbiamo bisogno di una bussola etica?"},"content":{"rendered":"<p><img loading=\"lazy\" decoding=\"async\" class=\"alignnone wp-image-10726\" src=\"https:\/\/www.m-q.ch\/wp-content\/uploads\/2021\/02\/01-6.jpg\" alt=\"\" width=\"898\" height=\"374\" srcset=\"https:\/\/www.m-q.ch\/wp-content\/uploads\/2021\/02\/01-6.jpg 686w, https:\/\/www.m-q.ch\/wp-content\/uploads\/2021\/02\/01-6-16x7.jpg 16w, https:\/\/www.m-q.ch\/wp-content\/uploads\/2021\/02\/01-6-375x156.jpg 375w, https:\/\/www.m-q.ch\/wp-content\/uploads\/2021\/02\/01-6-300x125.jpg 300w\" sizes=\"auto, (max-width: 898px) 100vw, 898px\" \/><\/p>\n<p>&nbsp;<\/p>\n<p>Come National Technology Officer e membro del comitato esecutivo di Microsoft Svizzera, Marc Holitscher sostiene clienti selezionati nell'implementazione di modelli di business innovativi. In particolare, lavora a stretto contatto con le aziende del settore finanziario e le supporta nella valutazione olistica delle opportunit\u00e0 e dei rischi rilevanti nell'adozione di scenari basati sul cloud. Inoltre, Marc Holitscher \u00e8 responsabile del posizionamento di argomenti strategici come la cybersecurity o l'intelligenza artificiale con i decisori del settore commerciale e pubblico.<\/p>\n<p><strong> Signor Holitscher, cosa intende per intelligenza artificiale (AI)? <\/strong><\/p>\n<p>L'intelligenza artificiale (AI) \u00e8 una cosiddetta tecnologia abilitante. Ci\u00f2 significa che costituisce la base per ulteriori passi innovativi - e questo in tutti i settori della vita e dell'economia. Il termine stesso AI descrive varie tecnologie che lavorano insieme per completare e rafforzare le capacit\u00e0 umane nel vedere, sentire, analizzare, decidere e agire. Non \u00e8 necessariamente nuovo, ma tre fattori stanno accelerando lo sviluppo dell'IA: grandi dati, il cloud e potenti algoritmi. L'IA \u00e8 destinata a supportare gli umani, non a sostituirli. Il nostro obiettivo \u00e8 quindi che uomini e macchine lavorino insieme nel miglior modo possibile.<\/p>\n<p><strong>Quali industrie sono particolarmente sfidate dall'AI oggi? <\/strong><\/p>\n<p>Non c'\u00e8 settore che non venga trasformato dall'IA. Abbiamo esplorato questa domanda in uno studio congiunto con EY: Soprattutto nel settore delle scienze della vita, il 96% di tutti i dirigenti si aspetta che l'IA abbia un impatto alto o molto alto. Ma le aspettative sono alte anche nel settore dei servizi, e allo stesso modo nella finanza. Analogamente alle aziende, per\u00f2, anche le economie nazionali devono prepararsi. Questo vale anche per la Svizzera. In tutti i settori, i dirigenti si aspettano impulsi positivi per il servizio clienti, l'innovazione dei prodotti, nonch\u00e9 una migliore efficienza delle loro aziende e condizioni di lavoro pi\u00f9 attraenti.<\/p>\n<p><strong>L'AI contiene opportunit\u00e0 per il futuro - dove vede le minacce (dal punto di vista dell'azienda e della societ\u00e0)? <\/strong><\/p>\n<p>Siamo consapevoli della tensione tra le opportunit\u00e0 e le sfide dell'IA. Il nostro punto di partenza \u00e8: le persone devono essere al centro. La tecnologia deve essere progettata per completare ed estendere l'ingegnosit\u00e0 e le capacit\u00e0 umane. \u00c8 proprio per questo che \u00e8 cos\u00ec importante essere proattivi nei confronti dell'IA ed essere in grado di classificarla nelle sue sfumature. Questo \u00e8 vero tanto per le imprese quanto per gli individui. Tutto ci\u00f2 che \u00e8 tecnicamente fattibile \u00e8 anche commercialmente e socialmente desiderabile? Consideriamo, per esempio, l'effetto discriminatorio dell'IA quando \u00e8 costruita su una base di dati distorta. Vediamo sempre pi\u00f9 aziende porsi queste domande e cercare modi basati sui principi per sviluppare la propria gestione del rischio.<\/p>\n<p><strong>Ci sono grandi riserve e paure nella societ\u00e0 di oggi riguardo all'IA - come si pu\u00f2 guadagnare la fiducia del consumatore?<\/strong><\/p>\n<p>Il prerequisito assoluto per l'uso orientato all'uomo dell'IA \u00e8 che si svolga secondo valori e regole chiaramente definiti. Microsoft ha definito sei principi etici per questo scopo. Essi sono: Equit\u00e0, affidabilit\u00e0, privacy e sicurezza, inclusione, trasparenza e responsabilit\u00e0. La trasparenza \u00e8 di centrale importanza qui: la gente deve capire come viene presa una decisione e quali criteri sono stati usati per raggiungerla. Attualmente stiamo investendo molto in questo aspetto della spiegabilit\u00e0.<\/p>\n<p><strong>Cosa consiglia alle aziende e alla societ\u00e0 (economia, politica) per affrontare i pericoli?<\/strong><\/p>\n<p>Personalmente, mi dispiace che il discorso pubblico su questo tema lungimirante sia praticamente inesistente in Svizzera. Ora \u00e8 il momento di prendere decisioni consapevoli riguardo alle condizioni quadro per lo sviluppo e l'uso dell'IA. \u00c8 vero che c'\u00e8 un gruppo di lavoro sull'intelligenza artificiale, che riferisce alla Segreteria di Stato per l'istruzione, la ricerca e l'innovazione. Tuttavia, questo \u00e8 interdipartimentale e lo scambio con il settore privato o la societ\u00e0 civile \u00e8 insufficiente.<\/p>\n<p>Il dialogo e il trasferimento di conoscenze \u00e8 particolarmente importante per il nostro paese perch\u00e9 la Svizzera \u00e8 intrinsecamente ben posizionata con le sue universit\u00e0 e universit\u00e0 di scienze applicate leader e come sede di aziende emergenti di AI. Dovremmo promuovere uno scambio pi\u00f9 intenso, perch\u00e9 la mancanza di consapevolezza dell'applicazione e dell'impatto della tecnologia \u00e8 una delle maggiori sfide.<\/p>\n<p><strong>Come grande attore globale, come affronta la questione dell'IA e dell'etica in Microsoft? Come prende la sua responsabilit\u00e0 in questo contesto? <\/strong><\/p>\n<p>Abbiamo sviluppato sei principi che crediamo debbano guidare lo sviluppo e la diffusione dell'intelligenza artificiale. Ho gi\u00e0 menzionato questi. Fondamentalmente, non si tratta di un servizio a parole. Ci sono processi e controlli concreti in atto che assicurano l'attuazione di questi principi nella nostra organizzazione. Per esempio, valutiamo sempre i progetti AI per determinare se sono etici o meno. Nel processo, potremmo anche decidere di non concludere l'affare.<\/p>\n<p>Inoltre, vogliamo far avanzare ulteriormente il dibattito sociale su questi temi. Questo include, per esempio, la discussione delle aree di applicazione in cui vogliamo regolamentare esplicitamente l'uso dell'intelligenza artificiale. Il riconoscimento facciale \u00e8 ripetutamente citato come esempio.<\/p>\n<p>&nbsp;<\/p>","protected":false},"excerpt":{"rendered":"<p>&nbsp; Als National Technology Officer und Mitglied der Gesch\u00e4ftsleitung von Microsoft Schweiz unterst\u00fctzt Marc Holitscher ausgew\u00e4hlte Kunden bei der Umsetzung innovativer Gesch\u00e4ftsmodelle. Insbesondere arbeitet er eng mit Firmen der Finanzindustrie zusammen und begleitet diese in der ganzheitlichen Beurteilung relevanter Chancen und Risiken bei der Adoption von Cloud-basierten Szenarien. Zudem verantwortet Marc Holitscher die Positionierung strategischer [&hellip;]<\/p>\n","protected":false},"author":60,"featured_media":10726,"comment_status":"closed","ping_status":"closed","sticky":false,"template":"","format":"standard","meta":{"_acf_changed":false,"footnotes":""},"categories":[4448],"tags":[4754],"class_list":["post-10725","post","type-post","status-publish","format-standard","has-post-thumbnail","hentry","category-allgemein","tag-04-2020"],"acf":[],"yoast_head":"<!-- This site is optimized with the Yoast SEO plugin v26.2 - https:\/\/yoast.com\/wordpress\/plugins\/seo\/ -->\n<title>Weshalb wir einen ethischen Kompass brauchen? - MQ Management und Qualit\u00e4t<\/title>\n<meta name=\"description\" content=\"Interview zu den zwei vermeintlich gegens\u00e4tzlichen Disziplinen\u00abEthik\u00bb und \u00abK\u00fcnstliche Intelligenz\u00bb mit Marc Holitscher,National Technology Officer bei Microsoft Schweiz.\" \/>\n<meta name=\"robots\" content=\"index, follow, max-snippet:-1, max-image-preview:large, max-video-preview:-1\" \/>\n<link rel=\"canonical\" href=\"https:\/\/www.m-q.ch\/it\/perche-abbiamo-bisogno-di-una-bussola-etica\/\" \/>\n<meta property=\"og:locale\" content=\"it_IT\" \/>\n<meta property=\"og:type\" content=\"article\" \/>\n<meta property=\"og:title\" content=\"Weshalb wir einen ethischen Kompass brauchen? - MQ Management und Qualit\u00e4t\" \/>\n<meta property=\"og:description\" content=\"Interview zu den zwei vermeintlich gegens\u00e4tzlichen Disziplinen\u00abEthik\u00bb und \u00abK\u00fcnstliche Intelligenz\u00bb mit Marc Holitscher,National Technology Officer bei Microsoft Schweiz.\" \/>\n<meta property=\"og:url\" content=\"https:\/\/www.m-q.ch\/it\/perche-abbiamo-bisogno-di-una-bussola-etica\/\" \/>\n<meta property=\"og:site_name\" content=\"MQ Management und Qualit\u00e4t\" \/>\n<meta property=\"article:publisher\" content=\"https:\/\/www.facebook.com\/ManagementUndQualitaet\" \/>\n<meta property=\"article:published_time\" content=\"2020-04-04T09:14:50+00:00\" \/>\n<meta property=\"article:modified_time\" content=\"2021-02-11T10:21:57+00:00\" \/>\n<meta property=\"og:image\" content=\"https:\/\/www.m-q.ch\/wp-content\/uploads\/2021\/02\/01-6.jpg\" \/>\n\t<meta property=\"og:image:width\" content=\"686\" \/>\n\t<meta property=\"og:image:height\" content=\"286\" \/>\n\t<meta property=\"og:image:type\" content=\"image\/jpeg\" \/>\n<meta name=\"author\" content=\"upwork\" \/>\n<meta name=\"twitter:card\" content=\"summary_large_image\" \/>\n<meta name=\"twitter:label1\" content=\"Scritto da\" \/>\n\t<meta name=\"twitter:data1\" content=\"upwork\" \/>\n\t<meta name=\"twitter:label2\" content=\"Tempo di lettura stimato\" \/>\n\t<meta name=\"twitter:data2\" content=\"4 minuti\" \/>\n<script type=\"application\/ld+json\" class=\"yoast-schema-graph\">{\"@context\":\"https:\/\/schema.org\",\"@graph\":[{\"@type\":\"Article\",\"@id\":\"https:\/\/www.m-q.ch\/weshalb-wir-einen-ethischen-kompass-brauchen\/#article\",\"isPartOf\":{\"@id\":\"https:\/\/www.m-q.ch\/weshalb-wir-einen-ethischen-kompass-brauchen\/\"},\"author\":{\"name\":\"upwork\",\"@id\":\"https:\/\/www.m-q.ch\/fr\/#\/schema\/person\/6044ff1d138701fac0f63fd4c5c93267\"},\"headline\":\"Weshalb wir einen ethischen Kompass brauchen?\",\"datePublished\":\"2020-04-04T09:14:50+00:00\",\"dateModified\":\"2021-02-11T10:21:57+00:00\",\"mainEntityOfPage\":{\"@id\":\"https:\/\/www.m-q.ch\/weshalb-wir-einen-ethischen-kompass-brauchen\/\"},\"wordCount\":826,\"publisher\":{\"@id\":\"https:\/\/www.m-q.ch\/fr\/#organization\"},\"image\":{\"@id\":\"https:\/\/www.m-q.ch\/weshalb-wir-einen-ethischen-kompass-brauchen\/#primaryimage\"},\"thumbnailUrl\":\"https:\/\/www.m-q.ch\/wp-content\/uploads\/2021\/02\/01-6.jpg\",\"keywords\":[\"04\/2020\"],\"articleSection\":[\"Allgemein\"],\"inLanguage\":\"it-IT\"},{\"@type\":\"WebPage\",\"@id\":\"https:\/\/www.m-q.ch\/weshalb-wir-einen-ethischen-kompass-brauchen\/\",\"url\":\"https:\/\/www.m-q.ch\/weshalb-wir-einen-ethischen-kompass-brauchen\/\",\"name\":\"Weshalb wir einen ethischen Kompass brauchen? - MQ Management und Qualit\u00e4t\",\"isPartOf\":{\"@id\":\"https:\/\/www.m-q.ch\/fr\/#website\"},\"primaryImageOfPage\":{\"@id\":\"https:\/\/www.m-q.ch\/weshalb-wir-einen-ethischen-kompass-brauchen\/#primaryimage\"},\"image\":{\"@id\":\"https:\/\/www.m-q.ch\/weshalb-wir-einen-ethischen-kompass-brauchen\/#primaryimage\"},\"thumbnailUrl\":\"https:\/\/www.m-q.ch\/wp-content\/uploads\/2021\/02\/01-6.jpg\",\"datePublished\":\"2020-04-04T09:14:50+00:00\",\"dateModified\":\"2021-02-11T10:21:57+00:00\",\"description\":\"Interview zu den zwei vermeintlich gegens\u00e4tzlichen Disziplinen\u00abEthik\u00bb und \u00abK\u00fcnstliche Intelligenz\u00bb mit Marc Holitscher,National Technology Officer bei Microsoft Schweiz.\",\"breadcrumb\":{\"@id\":\"https:\/\/www.m-q.ch\/weshalb-wir-einen-ethischen-kompass-brauchen\/#breadcrumb\"},\"inLanguage\":\"it-IT\",\"potentialAction\":[{\"@type\":\"ReadAction\",\"target\":[\"https:\/\/www.m-q.ch\/weshalb-wir-einen-ethischen-kompass-brauchen\/\"]}]},{\"@type\":\"ImageObject\",\"inLanguage\":\"it-IT\",\"@id\":\"https:\/\/www.m-q.ch\/weshalb-wir-einen-ethischen-kompass-brauchen\/#primaryimage\",\"url\":\"https:\/\/www.m-q.ch\/wp-content\/uploads\/2021\/02\/01-6.jpg\",\"contentUrl\":\"https:\/\/www.m-q.ch\/wp-content\/uploads\/2021\/02\/01-6.jpg\",\"width\":686,\"height\":286},{\"@type\":\"BreadcrumbList\",\"@id\":\"https:\/\/www.m-q.ch\/weshalb-wir-einen-ethischen-kompass-brauchen\/#breadcrumb\",\"itemListElement\":[{\"@type\":\"ListItem\",\"position\":1,\"name\":\"Allgemein\",\"item\":\"https:\/\/www.m-q.ch\/kategorie\/allgemein\/\"},{\"@type\":\"ListItem\",\"position\":2,\"name\":\"Weshalb wir einen ethischen Kompass brauchen?\"}]},{\"@type\":\"WebSite\",\"@id\":\"https:\/\/www.m-q.ch\/fr\/#website\",\"url\":\"https:\/\/www.m-q.ch\/fr\/\",\"name\":\"MQ Management und Qualit\u00e4t\",\"description\":\"Plattform f\u00fcr integrierte Managementsysteme.\",\"publisher\":{\"@id\":\"https:\/\/www.m-q.ch\/fr\/#organization\"},\"potentialAction\":[{\"@type\":\"SearchAction\",\"target\":{\"@type\":\"EntryPoint\",\"urlTemplate\":\"https:\/\/www.m-q.ch\/fr\/?s={search_term_string}\"},\"query-input\":{\"@type\":\"PropertyValueSpecification\",\"valueRequired\":true,\"valueName\":\"search_term_string\"}}],\"inLanguage\":\"it-IT\"},{\"@type\":\"Organization\",\"@id\":\"https:\/\/www.m-q.ch\/fr\/#organization\",\"name\":\"Galledia Fachmedien AG\",\"url\":\"https:\/\/www.m-q.ch\/fr\/\",\"logo\":{\"@type\":\"ImageObject\",\"inLanguage\":\"it-IT\",\"@id\":\"https:\/\/www.m-q.ch\/fr\/#\/schema\/logo\/image\/\",\"url\":\"https:\/\/www.m-q.ch\/wp-content\/uploads\/2020\/12\/cropped-logo_small.png\",\"contentUrl\":\"https:\/\/www.m-q.ch\/wp-content\/uploads\/2020\/12\/cropped-logo_small.png\",\"width\":512,\"height\":512,\"caption\":\"Galledia Fachmedien AG\"},\"image\":{\"@id\":\"https:\/\/www.m-q.ch\/fr\/#\/schema\/logo\/image\/\"},\"sameAs\":[\"https:\/\/www.facebook.com\/ManagementUndQualitaet\",\"https:\/\/www.linkedin.com\/showcase\/17982321\/admin\/\"]},{\"@type\":\"Person\",\"@id\":\"https:\/\/www.m-q.ch\/fr\/#\/schema\/person\/6044ff1d138701fac0f63fd4c5c93267\",\"name\":\"upwork\",\"image\":{\"@type\":\"ImageObject\",\"inLanguage\":\"it-IT\",\"@id\":\"https:\/\/www.m-q.ch\/fr\/#\/schema\/person\/image\/\",\"url\":\"https:\/\/secure.gravatar.com\/avatar\/fe2de2b04483edb0f28eb7fd34d15d6c?s=96&d=mm&r=g\",\"contentUrl\":\"https:\/\/secure.gravatar.com\/avatar\/fe2de2b04483edb0f28eb7fd34d15d6c?s=96&d=mm&r=g\",\"caption\":\"upwork\"},\"description\":\"uf3J7(qCI6jN0^0y6%%0ti70\",\"url\":\"https:\/\/www.m-q.ch\/it\/author\/upwork\/\"}]}<\/script>\n<!-- \/ Yoast SEO plugin. -->","yoast_head_json":{"title":"Perch\u00e9 abbiamo bisogno di una bussola etica? - MQ Gestione e qualit\u00e0","description":"Intervista con Marc Holitscher, National Technology Officer di Microsoft Svizzera, sulle due discipline apparentemente opposte di \"etica\" e \"intelligenza artificiale\".","robots":{"index":"index","follow":"follow","max-snippet":"max-snippet:-1","max-image-preview":"max-image-preview:large","max-video-preview":"max-video-preview:-1"},"canonical":"https:\/\/www.m-q.ch\/it\/perche-abbiamo-bisogno-di-una-bussola-etica\/","og_locale":"it_IT","og_type":"article","og_title":"Weshalb wir einen ethischen Kompass brauchen? - MQ Management und Qualit\u00e4t","og_description":"Interview zu den zwei vermeintlich gegens\u00e4tzlichen Disziplinen\u00abEthik\u00bb und \u00abK\u00fcnstliche Intelligenz\u00bb mit Marc Holitscher,National Technology Officer bei Microsoft Schweiz.","og_url":"https:\/\/www.m-q.ch\/it\/perche-abbiamo-bisogno-di-una-bussola-etica\/","og_site_name":"MQ Management und Qualit\u00e4t","article_publisher":"https:\/\/www.facebook.com\/ManagementUndQualitaet","article_published_time":"2020-04-04T09:14:50+00:00","article_modified_time":"2021-02-11T10:21:57+00:00","og_image":[{"width":686,"height":286,"url":"https:\/\/www.m-q.ch\/wp-content\/uploads\/2021\/02\/01-6.jpg","type":"image\/jpeg"}],"author":"upwork","twitter_card":"summary_large_image","twitter_misc":{"Scritto da":"upwork","Tempo di lettura stimato":"4 minuti"},"schema":{"@context":"https:\/\/schema.org","@graph":[{"@type":"Article","@id":"https:\/\/www.m-q.ch\/weshalb-wir-einen-ethischen-kompass-brauchen\/#article","isPartOf":{"@id":"https:\/\/www.m-q.ch\/weshalb-wir-einen-ethischen-kompass-brauchen\/"},"author":{"name":"upwork","@id":"https:\/\/www.m-q.ch\/fr\/#\/schema\/person\/6044ff1d138701fac0f63fd4c5c93267"},"headline":"Weshalb wir einen ethischen Kompass brauchen?","datePublished":"2020-04-04T09:14:50+00:00","dateModified":"2021-02-11T10:21:57+00:00","mainEntityOfPage":{"@id":"https:\/\/www.m-q.ch\/weshalb-wir-einen-ethischen-kompass-brauchen\/"},"wordCount":826,"publisher":{"@id":"https:\/\/www.m-q.ch\/fr\/#organization"},"image":{"@id":"https:\/\/www.m-q.ch\/weshalb-wir-einen-ethischen-kompass-brauchen\/#primaryimage"},"thumbnailUrl":"https:\/\/www.m-q.ch\/wp-content\/uploads\/2021\/02\/01-6.jpg","keywords":["04\/2020"],"articleSection":["Allgemein"],"inLanguage":"it-IT"},{"@type":"WebPage","@id":"https:\/\/www.m-q.ch\/weshalb-wir-einen-ethischen-kompass-brauchen\/","url":"https:\/\/www.m-q.ch\/weshalb-wir-einen-ethischen-kompass-brauchen\/","name":"Perch\u00e9 abbiamo bisogno di una bussola etica? - MQ Gestione e qualit\u00e0","isPartOf":{"@id":"https:\/\/www.m-q.ch\/fr\/#website"},"primaryImageOfPage":{"@id":"https:\/\/www.m-q.ch\/weshalb-wir-einen-ethischen-kompass-brauchen\/#primaryimage"},"image":{"@id":"https:\/\/www.m-q.ch\/weshalb-wir-einen-ethischen-kompass-brauchen\/#primaryimage"},"thumbnailUrl":"https:\/\/www.m-q.ch\/wp-content\/uploads\/2021\/02\/01-6.jpg","datePublished":"2020-04-04T09:14:50+00:00","dateModified":"2021-02-11T10:21:57+00:00","description":"Intervista con Marc Holitscher, National Technology Officer di Microsoft Svizzera, sulle due discipline apparentemente opposte di \"etica\" e \"intelligenza artificiale\".","breadcrumb":{"@id":"https:\/\/www.m-q.ch\/weshalb-wir-einen-ethischen-kompass-brauchen\/#breadcrumb"},"inLanguage":"it-IT","potentialAction":[{"@type":"ReadAction","target":["https:\/\/www.m-q.ch\/weshalb-wir-einen-ethischen-kompass-brauchen\/"]}]},{"@type":"ImageObject","inLanguage":"it-IT","@id":"https:\/\/www.m-q.ch\/weshalb-wir-einen-ethischen-kompass-brauchen\/#primaryimage","url":"https:\/\/www.m-q.ch\/wp-content\/uploads\/2021\/02\/01-6.jpg","contentUrl":"https:\/\/www.m-q.ch\/wp-content\/uploads\/2021\/02\/01-6.jpg","width":686,"height":286},{"@type":"BreadcrumbList","@id":"https:\/\/www.m-q.ch\/weshalb-wir-einen-ethischen-kompass-brauchen\/#breadcrumb","itemListElement":[{"@type":"ListItem","position":1,"name":"Allgemein","item":"https:\/\/www.m-q.ch\/kategorie\/allgemein\/"},{"@type":"ListItem","position":2,"name":"Weshalb wir einen ethischen Kompass brauchen?"}]},{"@type":"WebSite","@id":"https:\/\/www.m-q.ch\/fr\/#website","url":"https:\/\/www.m-q.ch\/fr\/","name":"Gestione e qualit\u00e0 MQ","description":"Piattaforma per sistemi di gestione integrati.","publisher":{"@id":"https:\/\/www.m-q.ch\/fr\/#organization"},"potentialAction":[{"@type":"SearchAction","target":{"@type":"EntryPoint","urlTemplate":"https:\/\/www.m-q.ch\/fr\/?s={search_term_string}"},"query-input":{"@type":"PropertyValueSpecification","valueRequired":true,"valueName":"search_term_string"}}],"inLanguage":"it-IT"},{"@type":"Organization","@id":"https:\/\/www.m-q.ch\/fr\/#organization","name":"Galledia Fachmedien AG","url":"https:\/\/www.m-q.ch\/fr\/","logo":{"@type":"ImageObject","inLanguage":"it-IT","@id":"https:\/\/www.m-q.ch\/fr\/#\/schema\/logo\/image\/","url":"https:\/\/www.m-q.ch\/wp-content\/uploads\/2020\/12\/cropped-logo_small.png","contentUrl":"https:\/\/www.m-q.ch\/wp-content\/uploads\/2020\/12\/cropped-logo_small.png","width":512,"height":512,"caption":"Galledia Fachmedien AG"},"image":{"@id":"https:\/\/www.m-q.ch\/fr\/#\/schema\/logo\/image\/"},"sameAs":["https:\/\/www.facebook.com\/ManagementUndQualitaet","https:\/\/www.linkedin.com\/showcase\/17982321\/admin\/"]},{"@type":"Person","@id":"https:\/\/www.m-q.ch\/fr\/#\/schema\/person\/6044ff1d138701fac0f63fd4c5c93267","name":"upwork","image":{"@type":"ImageObject","inLanguage":"it-IT","@id":"https:\/\/www.m-q.ch\/fr\/#\/schema\/person\/image\/","url":"https:\/\/secure.gravatar.com\/avatar\/fe2de2b04483edb0f28eb7fd34d15d6c?s=96&d=mm&r=g","contentUrl":"https:\/\/secure.gravatar.com\/avatar\/fe2de2b04483edb0f28eb7fd34d15d6c?s=96&d=mm&r=g","caption":"upwork"},"description":"uf3J7(qCI6jN0^0y6%%0ti70","url":"https:\/\/www.m-q.ch\/it\/author\/upwork\/"}]}},"_links":{"self":[{"href":"https:\/\/www.m-q.ch\/it\/wp-json\/wp\/v2\/posts\/10725","targetHints":{"allow":["GET"]}}],"collection":[{"href":"https:\/\/www.m-q.ch\/it\/wp-json\/wp\/v2\/posts"}],"about":[{"href":"https:\/\/www.m-q.ch\/it\/wp-json\/wp\/v2\/types\/post"}],"author":[{"embeddable":true,"href":"https:\/\/www.m-q.ch\/it\/wp-json\/wp\/v2\/users\/60"}],"replies":[{"embeddable":true,"href":"https:\/\/www.m-q.ch\/it\/wp-json\/wp\/v2\/comments?post=10725"}],"version-history":[{"count":2,"href":"https:\/\/www.m-q.ch\/it\/wp-json\/wp\/v2\/posts\/10725\/revisions"}],"predecessor-version":[{"id":10729,"href":"https:\/\/www.m-q.ch\/it\/wp-json\/wp\/v2\/posts\/10725\/revisions\/10729"}],"wp:featuredmedia":[{"embeddable":true,"href":"https:\/\/www.m-q.ch\/it\/wp-json\/wp\/v2\/media\/10726"}],"wp:attachment":[{"href":"https:\/\/www.m-q.ch\/it\/wp-json\/wp\/v2\/media?parent=10725"}],"wp:term":[{"taxonomy":"category","embeddable":true,"href":"https:\/\/www.m-q.ch\/it\/wp-json\/wp\/v2\/categories?post=10725"},{"taxonomy":"post_tag","embeddable":true,"href":"https:\/\/www.m-q.ch\/it\/wp-json\/wp\/v2\/tags?post=10725"}],"curies":[{"name":"wp","href":"https:\/\/api.w.org\/{rel}","templated":true}]}}