{"id":10751,"date":"2020-04-13T11:49:08","date_gmt":"2020-04-13T09:49:08","guid":{"rendered":"https:\/\/www.m-q.ch\/?p=10751"},"modified":"2021-02-11T11:52:48","modified_gmt":"2021-02-11T10:52:48","slug":"lauto-organizzazione-nellassistenza-geriatrica-e-infermieristica","status":"publish","type":"post","link":"https:\/\/www.m-q.ch\/it\/selbstorganisation-in-der-alten-und-krankenpflege\/","title":{"rendered":"L'auto-organizzazione nella cura degli anziani e dei malati"},"content":{"rendered":"<p><img loading=\"lazy\" decoding=\"async\" class=\"alignnone  wp-image-10754\" src=\"https:\/\/www.m-q.ch\/wp-content\/uploads\/2021\/02\/05-6.jpg\" alt=\"\" width=\"829\" height=\"707\" srcset=\"https:\/\/www.m-q.ch\/wp-content\/uploads\/2021\/02\/05-6.jpg 225w, https:\/\/www.m-q.ch\/wp-content\/uploads\/2021\/02\/05-6-14x12.jpg 14w, https:\/\/www.m-q.ch\/wp-content\/uploads\/2021\/02\/05-6-205x175.jpg 205w\" sizes=\"auto, (max-width: 829px) 100vw, 829px\" \/><\/p>\n<p>&nbsp;<\/p>\n<p>Nell'organigramma che Karin Koch-Haug richiama sullo schermo, per molte unit\u00e0 manca il nome del manager. \"Questi centri Spitex sono gestiti dalle squadre stesse\", conferma lo specialista infermieristico del centro di Schwamendingen della Spitex Z\u00fcrich Limmat AG. Originariamente, le squadre auto-organizzate erano intese come un test pilota una tantum nel centro di Schwamendingen. Il fornitore di cure olandese \"Buurtzorg\" ha fornito il modello (vedi articolo precedente). Ai primi eventi informativi sul pilota, \u00e8 stato chiaro che molti dipendenti volevano partecipare a questo progetto nonostante i dubbi iniziali e le domande senza risposta, ricorda la specialista in infermieristica Heike Hustig, che era stata coinvolta nel pilota a Schwamendingen fin dall'inizio. Dal 2018, Spitex Z\u00fcrich Limmat AG ha convertito gradualmente tutti i suoi centri Spitex in team auto-organizzati. Quest'anno seguiranno gli ultimi tre centri. Uno dei fattori scatenanti del cambiamento \u00e8 stata la soddisfazione dei clienti, come riferisce Heike Hustig: \"Volevamo aumentare la continuit\u00e0 in modo che i clienti siano sempre assistiti dalla stessa persona, se possibile\". Questo \u00e8 pi\u00f9 facile se la programmazione \u00e8 fatta dal team responsabile.<\/p>\n<p><strong>La libert\u00e0 delle squadre <\/strong><\/p>\n<p>Oggi, le squadre decidono da sole quasi tutte le questioni operative. Non ci sono pi\u00f9 direttori di centro o team leader per il coordinamento. Cos\u00ec, le \u00e9quipe del centro di Schwamendingen hanno diviso tra loro il \"loro quartiere\", di cui ora si occupano autonomamente i clienti. Questo chiarisce anche le responsabilit\u00e0 per l'assistenza ai clienti. I compiti di gestione come la pianificazione (schieramento e turni di lavoro) o le finanze (budget, carico di lavoro) sono distribuiti tra i singoli ruoli (lotti) nella squadra. Questi ruoli si trovano in tutte le squadre; inoltre, una squadra pu\u00f2 creare altri ruoli. Nel centro di Schwamendingen, per esempio, un membro del team \u00e8 responsabile delle applicazioni. E naturalmente, alla fine, la squadra decide quale persona vuole assumere.<\/p>\n<p>Tuttavia, la Spitex Z\u00fcrich Limmat AG non \u00e8 completamente auto-organizzata. C'\u00e8 ancora una gestione centrale per tutta l'azienda e un centro di supporto. Questo assicura importanti funzioni di supporto come la finanza, l'IT o il settore immobiliare. Questi problemi devono essere risolti centralmente perch\u00e9 sono complessi o per motivi di efficienza, come spiega Christina Brunnschweiler, CEO della Spitex Z\u00fcrich Limmat AG. I requisiti legali in Svizzera sono pi\u00f9 complessi che nei Paesi Bassi, dice, riferendosi al modello Buurtzorg.<\/p>\n<p>Oltre all'infrastruttura di base, la direzione specifica anche la produttivit\u00e0 (ore fatturabili) e gli standard di qualit\u00e0. I singoli centri Spitex sono quindi controllati da obiettivi e condizioni quadro. Christina Brunnschweiler usa l'immagine di un appartamento ammobiliato che viene messo a disposizione delle squadre. Tuttavia, le squadre devono fare le proprie pulizie di casa. Sono supportati da vari allenatori. L'HR coach aiuta con le domande del personale e si occupa della preselezione per le assunzioni. Il project coach consiglia sulle questioni strutturali e il quality manager sostiene i team nell'assicurazione della qualit\u00e0. Per quanto riguarda il suo ruolo di CEO, Christina Brunnschweiler dice: \"Abbiamo bisogno di un'autorit\u00e0 che fornisca l'orientamento e stabilisca il quadro. Agisco anche come referente esterno, per esempio per i contratti e le approvazioni dei costi.<\/p>\n<p><strong>Un bilancio <\/strong><\/p>\n<p>Con il cambiamento, i dipendenti si assumono la responsabilit\u00e0 di questioni che altrimenti sono di competenza dei superiori. Anche i biglietti d'auguri per i clienti e i colleghi sono ora curati da un membro del team. Questo richiede un senso del dovere, sottolinea Karin Koch-Haug. \"Ecco perch\u00e9 anche i dipendenti si sono dimessi. Alcune persone vogliono solo fare il loro lavoro e non occuparsi degli affari\", conclude. Tuttavia, la fluttuazione \u00e8 rimasta relativamente bassa.<\/p>\n<p>Molti manager hanno dovuto trovare un nuovo ruolo nell'azienda. Alcuni sono diventati allenatori. Per esempio, un ex direttore del centro ora lavora come project coach. Altri manager hanno lasciato l'azienda. C'erano piani individuali per la transizione. I manager sono stati informati in anticipo in modo che la maggior parte potesse adattarsi. In retrospettiva, Karin Koch-Haug dice che l'introduzione graduale con un centro pilota ha avuto successo. Una conversione simultanea dell'intera azienda all'auto-organizzazione non era realistica a causa del tempo necessario. \"Nonostante il grande entusiasmo, avevamo bisogno di un periodo di adattamento\", spiega. Per esempio, i compiti di gestione sono stati distribuiti solo gradualmente dalle vecchie posizioni alle squadre. Per questo, c'\u00e8 stato il sostegno degli allenatori, che hanno anche moderato le numerose riunioni.<\/p>\n<p><strong>Approfondimenti per altre aziende<\/strong><\/p>\n<p>La Spitex Z\u00fcrich Limmat AG ha scelto un percorso pragmatico e ha cercato un equilibrio tra il puro insegnamento dell'auto-organizzazione e le possibilit\u00e0 in loco. Questo lo distingue da una start-up che pu\u00f2 costruire la sua organizzazione da zero. Diverse voci dal mondo professionale confermano il percorso intrapreso da Spitex Z\u00fcrich Limmat AG consigliando alle aziende di trovare la propria forma di auto-organizzazione su misura. Ultimo ma non meno importante, i requisiti normativi possono limitare le possibilit\u00e0 di auto-organizzazione. Qui, altre industrie, come l'informatica o i media, hanno un vantaggio rispetto al settore sanitario. L'approccio pragmatico della Spitex Z\u00fcrich Limmat AG include il cambiamento graduale, perch\u00e9 l'azienda voleva prima fare esperienza con la nuova forma di organizzazione. Questo \u00e8 stato fatto interamente nello spirito del miglioramento continuo, che ha richiesto un certo sforzo in termini di comunicazione e riflessione. Questo approccio ha il vantaggio che i restanti rami dell'azienda possono prendere le squadre pilota come modello e beneficiare del loro know-how.<\/p>\n<p>L'esempio della Spitex Z\u00fcrich Limmat AG mostra anche quali possono essere i benefici dell'auto-organizzazione: un aumento della soddisfazione dei clienti e una maggiore motivazione dei dipendenti. Per i clienti, il risultato \u00e8 stato un aumento della qualit\u00e0, come dimostrano i sondaggi e i feedback personali. I clienti Care ora hanno sempre la stessa persona di riferimento e possono raggiungerla direttamente tramite un numero di telefono del team. \u00c8 possibile rispondere alle richieste individuali dei clienti in modo rapido e flessibile. \"Ma anche la soddisfazione all'interno del team \u00e8 aumentata\", conferma Karin Koch-Haug. \"Abbiamo molto pi\u00f9 spazio per la creativit\u00e0. Inoltre, rafforza la coesione del team quando possiamo reclutare le nostre stesse persone, per esempio\". Indipendentemente dallo sforzo richiesto dal cambiamento, n\u00e9 Karin Koch-Haug n\u00e9 Heike Hustig vogliono tornare alla vecchia struttura.<\/p>","protected":false},"excerpt":{"rendered":"<p>&nbsp; Auf dem Organigramm, das Karin Koch-Haug am Bildschirm aufruft, fehlt bei vielen Einheiten der Name der Leitungsperson. \u00abDiese Spitex-Zentren werden von den Teams selbst gef\u00fchrt\u00bb, best\u00e4tigt die Pflegefachfrau des Zentrums Schwamendingen der Spitex Z\u00fcrich Limmat AG. Urspr\u00fcnglich waren die selbstorganisierten Teams als einmaliger Pilotversuch im Zentrum Schwamendingen gedacht. Das Vorbild lieferte der niederl\u00e4ndische Pflegeanbieter [&hellip;]<\/p>\n","protected":false},"author":60,"featured_media":10754,"comment_status":"closed","ping_status":"closed","sticky":false,"template":"","format":"standard","meta":{"_acf_changed":false,"footnotes":""},"categories":[4448],"tags":[4754],"class_list":["post-10751","post","type-post","status-publish","format-standard","has-post-thumbnail","hentry","category-allgemein","tag-04-2020"],"acf":[],"yoast_head":"<!-- This site is optimized with the Yoast SEO plugin v26.2 - https:\/\/yoast.com\/wordpress\/plugins\/seo\/ -->\n<title>Selbstorganisation in der Alten- und Krankenpflege - MQ Management und Qualit\u00e4t<\/title>\n<meta name=\"description\" content=\"Selbstorganisation ist in Mode. Zahlreiche Modelle besch\u00e4ftigen Fachwelt undF\u00fchrungskr\u00e4fte. Wie Selbstorganisation in einer Gesundheitsorganisation konkretaussehen kann, zeigt das Beispiel der Spitex Z\u00fcrich Limmat AG.\" \/>\n<meta name=\"robots\" content=\"index, follow, max-snippet:-1, max-image-preview:large, max-video-preview:-1\" \/>\n<link rel=\"canonical\" href=\"https:\/\/www.m-q.ch\/it\/lauto-organizzazione-nellassistenza-geriatrica-e-infermieristica\/\" \/>\n<meta property=\"og:locale\" content=\"it_IT\" \/>\n<meta property=\"og:type\" content=\"article\" \/>\n<meta property=\"og:title\" content=\"Selbstorganisation in der Alten- und Krankenpflege - MQ Management und Qualit\u00e4t\" \/>\n<meta property=\"og:description\" content=\"Selbstorganisation ist in Mode. Zahlreiche Modelle besch\u00e4ftigen Fachwelt undF\u00fchrungskr\u00e4fte. Wie Selbstorganisation in einer Gesundheitsorganisation konkretaussehen kann, zeigt das Beispiel der Spitex Z\u00fcrich Limmat AG.\" \/>\n<meta property=\"og:url\" content=\"https:\/\/www.m-q.ch\/it\/lauto-organizzazione-nellassistenza-geriatrica-e-infermieristica\/\" \/>\n<meta property=\"og:site_name\" content=\"MQ Management und Qualit\u00e4t\" \/>\n<meta property=\"article:publisher\" content=\"https:\/\/www.facebook.com\/ManagementUndQualitaet\" \/>\n<meta property=\"article:published_time\" content=\"2020-04-13T09:49:08+00:00\" \/>\n<meta property=\"article:modified_time\" content=\"2021-02-11T10:52:48+00:00\" \/>\n<meta property=\"og:image\" content=\"https:\/\/www.m-q.ch\/wp-content\/uploads\/2021\/02\/05-6.jpg\" \/>\n\t<meta property=\"og:image:width\" content=\"225\" \/>\n\t<meta property=\"og:image:height\" content=\"192\" \/>\n\t<meta property=\"og:image:type\" content=\"image\/jpeg\" \/>\n<meta name=\"author\" content=\"upwork\" \/>\n<meta name=\"twitter:card\" content=\"summary_large_image\" \/>\n<meta name=\"twitter:label1\" content=\"Scritto da\" \/>\n\t<meta name=\"twitter:data1\" content=\"upwork\" \/>\n\t<meta name=\"twitter:label2\" content=\"Tempo di lettura stimato\" \/>\n\t<meta name=\"twitter:data2\" content=\"5 minuti\" \/>\n<script type=\"application\/ld+json\" class=\"yoast-schema-graph\">{\"@context\":\"https:\/\/schema.org\",\"@graph\":[{\"@type\":\"Article\",\"@id\":\"https:\/\/www.m-q.ch\/selbstorganisation-in-der-alten-und-krankenpflege\/#article\",\"isPartOf\":{\"@id\":\"https:\/\/www.m-q.ch\/selbstorganisation-in-der-alten-und-krankenpflege\/\"},\"author\":{\"name\":\"upwork\",\"@id\":\"https:\/\/www.m-q.ch\/fr\/#\/schema\/person\/6044ff1d138701fac0f63fd4c5c93267\"},\"headline\":\"Selbstorganisation in der Alten- und Krankenpflege\",\"datePublished\":\"2020-04-13T09:49:08+00:00\",\"dateModified\":\"2021-02-11T10:52:48+00:00\",\"mainEntityOfPage\":{\"@id\":\"https:\/\/www.m-q.ch\/selbstorganisation-in-der-alten-und-krankenpflege\/\"},\"wordCount\":1004,\"publisher\":{\"@id\":\"https:\/\/www.m-q.ch\/fr\/#organization\"},\"image\":{\"@id\":\"https:\/\/www.m-q.ch\/selbstorganisation-in-der-alten-und-krankenpflege\/#primaryimage\"},\"thumbnailUrl\":\"https:\/\/www.m-q.ch\/wp-content\/uploads\/2021\/02\/05-6.jpg\",\"keywords\":[\"04\/2020\"],\"articleSection\":[\"Allgemein\"],\"inLanguage\":\"it-IT\"},{\"@type\":\"WebPage\",\"@id\":\"https:\/\/www.m-q.ch\/selbstorganisation-in-der-alten-und-krankenpflege\/\",\"url\":\"https:\/\/www.m-q.ch\/selbstorganisation-in-der-alten-und-krankenpflege\/\",\"name\":\"Selbstorganisation in der Alten- und Krankenpflege - MQ Management und Qualit\u00e4t\",\"isPartOf\":{\"@id\":\"https:\/\/www.m-q.ch\/fr\/#website\"},\"primaryImageOfPage\":{\"@id\":\"https:\/\/www.m-q.ch\/selbstorganisation-in-der-alten-und-krankenpflege\/#primaryimage\"},\"image\":{\"@id\":\"https:\/\/www.m-q.ch\/selbstorganisation-in-der-alten-und-krankenpflege\/#primaryimage\"},\"thumbnailUrl\":\"https:\/\/www.m-q.ch\/wp-content\/uploads\/2021\/02\/05-6.jpg\",\"datePublished\":\"2020-04-13T09:49:08+00:00\",\"dateModified\":\"2021-02-11T10:52:48+00:00\",\"description\":\"Selbstorganisation ist in Mode. Zahlreiche Modelle besch\u00e4ftigen Fachwelt undF\u00fchrungskr\u00e4fte. Wie Selbstorganisation in einer Gesundheitsorganisation konkretaussehen kann, zeigt das Beispiel der Spitex Z\u00fcrich Limmat AG.\",\"breadcrumb\":{\"@id\":\"https:\/\/www.m-q.ch\/selbstorganisation-in-der-alten-und-krankenpflege\/#breadcrumb\"},\"inLanguage\":\"it-IT\",\"potentialAction\":[{\"@type\":\"ReadAction\",\"target\":[\"https:\/\/www.m-q.ch\/selbstorganisation-in-der-alten-und-krankenpflege\/\"]}]},{\"@type\":\"ImageObject\",\"inLanguage\":\"it-IT\",\"@id\":\"https:\/\/www.m-q.ch\/selbstorganisation-in-der-alten-und-krankenpflege\/#primaryimage\",\"url\":\"https:\/\/www.m-q.ch\/wp-content\/uploads\/2021\/02\/05-6.jpg\",\"contentUrl\":\"https:\/\/www.m-q.ch\/wp-content\/uploads\/2021\/02\/05-6.jpg\",\"width\":225,\"height\":192},{\"@type\":\"BreadcrumbList\",\"@id\":\"https:\/\/www.m-q.ch\/selbstorganisation-in-der-alten-und-krankenpflege\/#breadcrumb\",\"itemListElement\":[{\"@type\":\"ListItem\",\"position\":1,\"name\":\"Allgemein\",\"item\":\"https:\/\/www.m-q.ch\/kategorie\/allgemein\/\"},{\"@type\":\"ListItem\",\"position\":2,\"name\":\"Selbstorganisation in der Alten- und Krankenpflege\"}]},{\"@type\":\"WebSite\",\"@id\":\"https:\/\/www.m-q.ch\/fr\/#website\",\"url\":\"https:\/\/www.m-q.ch\/fr\/\",\"name\":\"MQ Management und Qualit\u00e4t\",\"description\":\"Plattform f\u00fcr integrierte Managementsysteme.\",\"publisher\":{\"@id\":\"https:\/\/www.m-q.ch\/fr\/#organization\"},\"potentialAction\":[{\"@type\":\"SearchAction\",\"target\":{\"@type\":\"EntryPoint\",\"urlTemplate\":\"https:\/\/www.m-q.ch\/fr\/?s={search_term_string}\"},\"query-input\":{\"@type\":\"PropertyValueSpecification\",\"valueRequired\":true,\"valueName\":\"search_term_string\"}}],\"inLanguage\":\"it-IT\"},{\"@type\":\"Organization\",\"@id\":\"https:\/\/www.m-q.ch\/fr\/#organization\",\"name\":\"Galledia Fachmedien AG\",\"url\":\"https:\/\/www.m-q.ch\/fr\/\",\"logo\":{\"@type\":\"ImageObject\",\"inLanguage\":\"it-IT\",\"@id\":\"https:\/\/www.m-q.ch\/fr\/#\/schema\/logo\/image\/\",\"url\":\"https:\/\/www.m-q.ch\/wp-content\/uploads\/2020\/12\/cropped-logo_small.png\",\"contentUrl\":\"https:\/\/www.m-q.ch\/wp-content\/uploads\/2020\/12\/cropped-logo_small.png\",\"width\":512,\"height\":512,\"caption\":\"Galledia Fachmedien AG\"},\"image\":{\"@id\":\"https:\/\/www.m-q.ch\/fr\/#\/schema\/logo\/image\/\"},\"sameAs\":[\"https:\/\/www.facebook.com\/ManagementUndQualitaet\",\"https:\/\/www.linkedin.com\/showcase\/17982321\/admin\/\"]},{\"@type\":\"Person\",\"@id\":\"https:\/\/www.m-q.ch\/fr\/#\/schema\/person\/6044ff1d138701fac0f63fd4c5c93267\",\"name\":\"upwork\",\"image\":{\"@type\":\"ImageObject\",\"inLanguage\":\"it-IT\",\"@id\":\"https:\/\/www.m-q.ch\/fr\/#\/schema\/person\/image\/\",\"url\":\"https:\/\/secure.gravatar.com\/avatar\/fe2de2b04483edb0f28eb7fd34d15d6c?s=96&d=mm&r=g\",\"contentUrl\":\"https:\/\/secure.gravatar.com\/avatar\/fe2de2b04483edb0f28eb7fd34d15d6c?s=96&d=mm&r=g\",\"caption\":\"upwork\"},\"description\":\"uf3J7(qCI6jN0^0y6%%0ti70\",\"url\":\"https:\/\/www.m-q.ch\/it\/author\/upwork\/\"}]}<\/script>\n<!-- \/ Yoast SEO plugin. -->","yoast_head_json":{"title":"L'auto-organizzazione nell'assistenza agli anziani e ai malati - MQ Management und Qualit\u00e4t","description":"L'auto-organizzazione \u00e8 di moda. Numerosi modelli stanno occupando l'attenzione di esperti e manager. L'esempio della Spitex Z\u00fcrich Limmat AG mostra come pu\u00f2 essere concretamente l'auto-organizzazione in un'organizzazione sanitaria.","robots":{"index":"index","follow":"follow","max-snippet":"max-snippet:-1","max-image-preview":"max-image-preview:large","max-video-preview":"max-video-preview:-1"},"canonical":"https:\/\/www.m-q.ch\/it\/lauto-organizzazione-nellassistenza-geriatrica-e-infermieristica\/","og_locale":"it_IT","og_type":"article","og_title":"Selbstorganisation in der Alten- und Krankenpflege - MQ Management und Qualit\u00e4t","og_description":"Selbstorganisation ist in Mode. Zahlreiche Modelle besch\u00e4ftigen Fachwelt undF\u00fchrungskr\u00e4fte. Wie Selbstorganisation in einer Gesundheitsorganisation konkretaussehen kann, zeigt das Beispiel der Spitex Z\u00fcrich Limmat AG.","og_url":"https:\/\/www.m-q.ch\/it\/lauto-organizzazione-nellassistenza-geriatrica-e-infermieristica\/","og_site_name":"MQ Management und Qualit\u00e4t","article_publisher":"https:\/\/www.facebook.com\/ManagementUndQualitaet","article_published_time":"2020-04-13T09:49:08+00:00","article_modified_time":"2021-02-11T10:52:48+00:00","og_image":[{"width":225,"height":192,"url":"https:\/\/www.m-q.ch\/wp-content\/uploads\/2021\/02\/05-6.jpg","type":"image\/jpeg"}],"author":"upwork","twitter_card":"summary_large_image","twitter_misc":{"Scritto da":"upwork","Tempo di lettura stimato":"5 minuti"},"schema":{"@context":"https:\/\/schema.org","@graph":[{"@type":"Article","@id":"https:\/\/www.m-q.ch\/selbstorganisation-in-der-alten-und-krankenpflege\/#article","isPartOf":{"@id":"https:\/\/www.m-q.ch\/selbstorganisation-in-der-alten-und-krankenpflege\/"},"author":{"name":"upwork","@id":"https:\/\/www.m-q.ch\/fr\/#\/schema\/person\/6044ff1d138701fac0f63fd4c5c93267"},"headline":"Selbstorganisation in der Alten- und Krankenpflege","datePublished":"2020-04-13T09:49:08+00:00","dateModified":"2021-02-11T10:52:48+00:00","mainEntityOfPage":{"@id":"https:\/\/www.m-q.ch\/selbstorganisation-in-der-alten-und-krankenpflege\/"},"wordCount":1004,"publisher":{"@id":"https:\/\/www.m-q.ch\/fr\/#organization"},"image":{"@id":"https:\/\/www.m-q.ch\/selbstorganisation-in-der-alten-und-krankenpflege\/#primaryimage"},"thumbnailUrl":"https:\/\/www.m-q.ch\/wp-content\/uploads\/2021\/02\/05-6.jpg","keywords":["04\/2020"],"articleSection":["Allgemein"],"inLanguage":"it-IT"},{"@type":"WebPage","@id":"https:\/\/www.m-q.ch\/selbstorganisation-in-der-alten-und-krankenpflege\/","url":"https:\/\/www.m-q.ch\/selbstorganisation-in-der-alten-und-krankenpflege\/","name":"L'auto-organizzazione nell'assistenza agli anziani e ai malati - MQ Management und Qualit\u00e4t","isPartOf":{"@id":"https:\/\/www.m-q.ch\/fr\/#website"},"primaryImageOfPage":{"@id":"https:\/\/www.m-q.ch\/selbstorganisation-in-der-alten-und-krankenpflege\/#primaryimage"},"image":{"@id":"https:\/\/www.m-q.ch\/selbstorganisation-in-der-alten-und-krankenpflege\/#primaryimage"},"thumbnailUrl":"https:\/\/www.m-q.ch\/wp-content\/uploads\/2021\/02\/05-6.jpg","datePublished":"2020-04-13T09:49:08+00:00","dateModified":"2021-02-11T10:52:48+00:00","description":"L'auto-organizzazione \u00e8 di moda. Numerosi modelli stanno occupando l'attenzione di esperti e manager. L'esempio della Spitex Z\u00fcrich Limmat AG mostra come pu\u00f2 essere concretamente l'auto-organizzazione in un'organizzazione sanitaria.","breadcrumb":{"@id":"https:\/\/www.m-q.ch\/selbstorganisation-in-der-alten-und-krankenpflege\/#breadcrumb"},"inLanguage":"it-IT","potentialAction":[{"@type":"ReadAction","target":["https:\/\/www.m-q.ch\/selbstorganisation-in-der-alten-und-krankenpflege\/"]}]},{"@type":"ImageObject","inLanguage":"it-IT","@id":"https:\/\/www.m-q.ch\/selbstorganisation-in-der-alten-und-krankenpflege\/#primaryimage","url":"https:\/\/www.m-q.ch\/wp-content\/uploads\/2021\/02\/05-6.jpg","contentUrl":"https:\/\/www.m-q.ch\/wp-content\/uploads\/2021\/02\/05-6.jpg","width":225,"height":192},{"@type":"BreadcrumbList","@id":"https:\/\/www.m-q.ch\/selbstorganisation-in-der-alten-und-krankenpflege\/#breadcrumb","itemListElement":[{"@type":"ListItem","position":1,"name":"Allgemein","item":"https:\/\/www.m-q.ch\/kategorie\/allgemein\/"},{"@type":"ListItem","position":2,"name":"Selbstorganisation in der Alten- und Krankenpflege"}]},{"@type":"WebSite","@id":"https:\/\/www.m-q.ch\/fr\/#website","url":"https:\/\/www.m-q.ch\/fr\/","name":"Gestione e qualit\u00e0 MQ","description":"Piattaforma per sistemi di gestione integrati.","publisher":{"@id":"https:\/\/www.m-q.ch\/fr\/#organization"},"potentialAction":[{"@type":"SearchAction","target":{"@type":"EntryPoint","urlTemplate":"https:\/\/www.m-q.ch\/fr\/?s={search_term_string}"},"query-input":{"@type":"PropertyValueSpecification","valueRequired":true,"valueName":"search_term_string"}}],"inLanguage":"it-IT"},{"@type":"Organization","@id":"https:\/\/www.m-q.ch\/fr\/#organization","name":"Galledia Fachmedien AG","url":"https:\/\/www.m-q.ch\/fr\/","logo":{"@type":"ImageObject","inLanguage":"it-IT","@id":"https:\/\/www.m-q.ch\/fr\/#\/schema\/logo\/image\/","url":"https:\/\/www.m-q.ch\/wp-content\/uploads\/2020\/12\/cropped-logo_small.png","contentUrl":"https:\/\/www.m-q.ch\/wp-content\/uploads\/2020\/12\/cropped-logo_small.png","width":512,"height":512,"caption":"Galledia Fachmedien AG"},"image":{"@id":"https:\/\/www.m-q.ch\/fr\/#\/schema\/logo\/image\/"},"sameAs":["https:\/\/www.facebook.com\/ManagementUndQualitaet","https:\/\/www.linkedin.com\/showcase\/17982321\/admin\/"]},{"@type":"Person","@id":"https:\/\/www.m-q.ch\/fr\/#\/schema\/person\/6044ff1d138701fac0f63fd4c5c93267","name":"upwork","image":{"@type":"ImageObject","inLanguage":"it-IT","@id":"https:\/\/www.m-q.ch\/fr\/#\/schema\/person\/image\/","url":"https:\/\/secure.gravatar.com\/avatar\/fe2de2b04483edb0f28eb7fd34d15d6c?s=96&d=mm&r=g","contentUrl":"https:\/\/secure.gravatar.com\/avatar\/fe2de2b04483edb0f28eb7fd34d15d6c?s=96&d=mm&r=g","caption":"upwork"},"description":"uf3J7(qCI6jN0^0y6%%0ti70","url":"https:\/\/www.m-q.ch\/it\/author\/upwork\/"}]}},"_links":{"self":[{"href":"https:\/\/www.m-q.ch\/it\/wp-json\/wp\/v2\/posts\/10751","targetHints":{"allow":["GET"]}}],"collection":[{"href":"https:\/\/www.m-q.ch\/it\/wp-json\/wp\/v2\/posts"}],"about":[{"href":"https:\/\/www.m-q.ch\/it\/wp-json\/wp\/v2\/types\/post"}],"author":[{"embeddable":true,"href":"https:\/\/www.m-q.ch\/it\/wp-json\/wp\/v2\/users\/60"}],"replies":[{"embeddable":true,"href":"https:\/\/www.m-q.ch\/it\/wp-json\/wp\/v2\/comments?post=10751"}],"version-history":[{"count":2,"href":"https:\/\/www.m-q.ch\/it\/wp-json\/wp\/v2\/posts\/10751\/revisions"}],"predecessor-version":[{"id":10840,"href":"https:\/\/www.m-q.ch\/it\/wp-json\/wp\/v2\/posts\/10751\/revisions\/10840"}],"wp:featuredmedia":[{"embeddable":true,"href":"https:\/\/www.m-q.ch\/it\/wp-json\/wp\/v2\/media\/10754"}],"wp:attachment":[{"href":"https:\/\/www.m-q.ch\/it\/wp-json\/wp\/v2\/media?parent=10751"}],"wp:term":[{"taxonomy":"category","embeddable":true,"href":"https:\/\/www.m-q.ch\/it\/wp-json\/wp\/v2\/categories?post=10751"},{"taxonomy":"post_tag","embeddable":true,"href":"https:\/\/www.m-q.ch\/it\/wp-json\/wp\/v2\/tags?post=10751"}],"curies":[{"name":"wp","href":"https:\/\/api.w.org\/{rel}","templated":true}]}}