{"id":10929,"date":"2020-03-22T15:19:48","date_gmt":"2020-03-22T14:19:48","guid":{"rendered":"https:\/\/www.m-q.ch\/?p=10929"},"modified":"2021-02-11T15:25:00","modified_gmt":"2021-02-11T14:25:00","slug":"lalleanza-per-la-sicurezza-2019-svu-19","status":"publish","type":"post","link":"https:\/\/www.m-q.ch\/it\/die-sicherheitsverbundsuebung-2019-svu-19\/","title":{"rendered":"L'esercizio dell'Unione di sicurezza 2019 (SVU 19)."},"content":{"rendered":"<p><img loading=\"lazy\" decoding=\"async\" class=\"alignnone  wp-image-10930\" src=\"https:\/\/www.m-q.ch\/wp-content\/uploads\/2021\/02\/10-6.jpg\" alt=\"\" width=\"859\" height=\"620\" srcset=\"https:\/\/www.m-q.ch\/wp-content\/uploads\/2021\/02\/10-6.jpg 198w, https:\/\/www.m-q.ch\/wp-content\/uploads\/2021\/02\/10-6-16x12.jpg 16w\" sizes=\"auto, (max-width: 859px) 100vw, 859px\" \/><\/p>\n<p>&nbsp;<\/p>\n<p>L'esercizio di sicurezza SVU 19 \u00e8 stato progettato per testare come le organizzazioni di sicurezza coinvolte possono gestire una situazione di crisi e come cooperano in una situazione di minaccia che dura per un lungo periodo di tempo. Lo scenario era una minaccia terroristica prolungata attraverso attacchi contro infrastrutture critiche, richieste estorsive e attacchi minacciosi.<\/p>\n<p>Una settimana prima dell'inizio dell'esercizio di inquadramento del personale, il 4 novembre 2019, l'evento di apertura della SVU 19 ha avuto luogo nella caserma di Berna. Qui si sono riuniti pi\u00f9 di 300 membri degli strumenti di politica di sicurezza della Confederazione, dei cantoni e dei comuni. Lo scopo di questo evento di apertura era quello di fornire tutte le ultime informazioni importanti e le istruzioni tecniche su SVU 19, cos\u00ec come dare una panoramica della situazione iniziale in modo che i preparativi necessari potessero essere completati.<\/p>\n<p><strong>L'esercizio di 52 ore <\/strong><\/p>\n<p>I partecipanti hanno ricevuto la situazione iniziale, ossia lo scenario terroristico, l'11 novembre 2019. Alle 7 del mattino di luned\u00ec i membri delle forze di polizia cantonali e i responsabili degli stati maggiori cantonali (KFS) sono venuti a conoscenza di un attacco terroristico alla stazione di Zurigo. Questo aveva subito un grosso danno giorni prima. Non solo 47 persone sono state uccise e 78 ferite, ma gran parte della rete ferroviaria svizzera \u00e8 stata paralizzata. Lo stesso giorno, la situazione gi\u00e0 critica \u00e8 peggiorata:<\/p>\n<p>I partecipanti all'esercitazione hanno dovuto affrontare un'intossicazione alimentare causata dalla tossina botulinica, che ha provocato quattro morti e 60 casi sospetti, il sorvolo di un aereo sconosciuto, che ha richiesto una rapida identificazione, e un grande flusso migratorio al confine meridionale della Svizzera. La sfida era grande, soprattutto perch\u00e9 le forze di sicurezza sono state chiamate anche a preparare il processo fittizio di alta sicurezza che doveva iniziare il 13 novembre 2019 al Tribunale penale federale di Bellinzona.<\/p>\n<p>Questo scenario fittizio, che \u00e8 stato sviluppato con il sostegno della FIS, doveva essere il pi\u00f9 realistico possibile in modo che le varie forze di sicurezza coinvolte potessero lavorare in stretta collaborazione. Ha permesso ai 61 stati maggiori e alle organizzazioni della Confederazione e dei cantoni, cos\u00ec come ad alcune citt\u00e0 e infrastrutture critiche, di testare la loro gestione delle crisi d'emergenza.<\/p>\n<p>Le circa 2100 persone che hanno partecipato all'esercizio di 52 ore hanno lavorato in modo decentralizzato, cio\u00e8 nei loro posti di lavoro abituali. Il comando dell'esercitazione ha lavorato in un centro operativo ad hoc nella caserma di Berna. Composta dalla cellula di osservazione della situazione, dalla cellula di scenario, dalla cellula di contatto, dalla cellula dei media e dalla cellula di valutazione, ha fornito il comando e il controllo dell'esercizio. Durante l'esercizio sono state organizzate visite al centro operativo.<\/p>\n<p>Hanno iniziato l'11 novembre 2019 con una visita alla piattaforma politica della Rete svizzera di sicurezza. Il 12 novembre 2019 \u00e8 stata organizzata una prima visita per una delegazione delle commissioni per la politica di sicurezza e un membro della CIG MFZ, e una seconda visita per i rappresentanti delle ambasciate straniere. Infine, l'ultimo giorno dell'esercizio, \u00e8 stato il turno dei rappresentanti dei media.<\/p>\n<p><strong>Le conseguenze dell'esercizio <\/strong><\/p>\n<p>Le attivit\u00e0 che circondano SVU 19 si sono concluse con l'evento di chiusura del 21 novembre 2019, in cui i principali partecipanti hanno riferito le loro prime impressioni di SVU 19 e lo hanno giudicato molto prezioso per la loro preparazione alle crisi. Un'enfasi particolare \u00e8 stata posta sul fatto che la cooperazione tra le agenzie di sicurezza federali e cantonali potrebbe essere praticata.<\/p>\n<p>Nel caso della polizia, la situazione di minaccia, che era stata fissata nel copione, ha permesso di rivedere e approfondire il coordinamento tra i corpi di polizia e l'Ufficio federale di polizia. Nel caso della protezione civile, questo scenario ha interessato tutte le organizzazioni partner della rete di protezione civile. Il Comando della Protezione Civile si \u00e8 chiesto se fosse necessaria una controparte dello staff del Comando di Polizia per la protezione civile, cosa che sar\u00e0 chiarita dal Comando della Protezione Civile nel seguito dell'esercizio.<\/p>\n<p>Con tre decisioni (fittizie) del Consiglio federale, l'esercito si era preparato a sostenere le autorit\u00e0 civili con una missione di assistenza fino a 8500 uomini dell'esercito, se necessario.<\/p>\n<p>I presidenti del KKJPD, il consigliere cantonale Urs Hofmann, e del RK MZF, il consigliere di Stato Norman Gobbi, hanno parlato dalla piattaforma politica della SVS. Entrambi hanno sottolineato che i benefici di tali esercizi globali potrebbero essere ottimizzati ulteriormente se fosse coinvolto anche il livello politico della Confederazione, perch\u00e9 i cantoni hanno bisogno dei corrispondenti punti di attracco alla Confederazione per la comunicazione politica di crisi. Hanno cos\u00ec confermato l'impressione a questo proposito del direttore dell'esercizio Hans-J\u00fcrg K\u00e4ser, che aveva gi\u00e0 sottolineato all'inizio dell'evento che l'inclusione del livello politico della Confederazione e dei cantoni era essenziale per il coordinamento della comunicazione di crisi.<\/p>\n<p>Tutti i risultati ottenuti durante l'esercizio e il rapporto sulla situazione saranno oggetto di un rapporto finale. Questi risultati saranno utilizzati per elaborare delle raccomandazioni per possibili miglioramenti nella gestione delle crisi in Svizzera, che saranno sottoposte al Consiglio Federale cos\u00ec come alla CCJPD e al RC MZF. Dopo la loro approvazione, il rapporto finale sar\u00e0 pubblicato alla fine del 2020.<\/p>\n<p>Parallelamente al rapporto finale, il DDPS e la FC elaborano congiuntamente la prossima pianificazione generale per le grandi esercitazioni 2021-2027, che sar\u00e0 presentata anche al Consiglio federale e ai Cantoni (tramite la KKJPD e la RK MZF) entro la fine del 2020.<\/p>","protected":false},"excerpt":{"rendered":"<p>&nbsp; Mit der Sicherheitsverbunds\u00fcbung SVU 19 wurde \u00fcberpr\u00fcft, wie die involvierten Sicherheitsorganisationen einen Krisenfall bew\u00e4ltigen k\u00f6nnen und wie sie in einer \u00fcber einen l\u00e4ngeren Zeitraum andauernden Bedrohungslage zusammenarbeiten. Das Szenario war eine lang anhaltende Terrorbedrohung durch Angriffe gegen kritische Infrastrukturen, erpresserische Forderungen und drohende Anschl\u00e4ge. Eine Woche vor Beginn der Stabsrahmen\u00fcbung, am 4. November 2019, [&hellip;]<\/p>\n","protected":false},"author":60,"featured_media":10930,"comment_status":"closed","ping_status":"closed","sticky":false,"template":"","format":"standard","meta":{"_acf_changed":false,"footnotes":""},"categories":[4],"tags":[4760],"class_list":["post-10929","post","type-post","status-publish","format-standard","has-post-thumbnail","hentry","category-risikomanagement","tag-03-2020"],"acf":[],"yoast_head":"<!-- This site is optimized with the Yoast SEO plugin v26.2 - https:\/\/yoast.com\/wordpress\/plugins\/seo\/ -->\n<title>Die Sicherheitsverbunds\u00fcbung 2019 (SVU 19) - MQ Management und Qualit\u00e4t<\/title>\n<meta name=\"description\" content=\"Wie kann die Schweiz eine l\u00e4nger andauernde Terrorbedrohung bew\u00e4ltigen? DiesemThema waren die Sicherheitsverbunds\u00fcbung 2019 (SVU 19) und die Gesamtnotfall\u00fcbung2019 (GNU 19) gewidmet, die vom 11. bis 13. November 2019 beziehungsweise12. bis 14. November 2019 stattfanden. Obgleich die offizielle Auswertungzur Sicherheitsverbunds\u00fcbung 2019 (SVU 19) erst Ende 2020 vorgelegt wird,konnten erste Erkenntnisse aus den \u00dcbungen gezogen werden.\" \/>\n<meta name=\"robots\" content=\"index, follow, max-snippet:-1, max-image-preview:large, max-video-preview:-1\" \/>\n<link rel=\"canonical\" href=\"https:\/\/www.m-q.ch\/it\/lalleanza-per-la-sicurezza-2019-svu-19\/\" \/>\n<meta property=\"og:locale\" content=\"it_IT\" \/>\n<meta property=\"og:type\" content=\"article\" \/>\n<meta property=\"og:title\" content=\"Die Sicherheitsverbunds\u00fcbung 2019 (SVU 19) - MQ Management und Qualit\u00e4t\" \/>\n<meta property=\"og:description\" content=\"Wie kann die Schweiz eine l\u00e4nger andauernde Terrorbedrohung bew\u00e4ltigen? DiesemThema waren die Sicherheitsverbunds\u00fcbung 2019 (SVU 19) und die Gesamtnotfall\u00fcbung2019 (GNU 19) gewidmet, die vom 11. bis 13. November 2019 beziehungsweise12. bis 14. November 2019 stattfanden. Obgleich die offizielle Auswertungzur Sicherheitsverbunds\u00fcbung 2019 (SVU 19) erst Ende 2020 vorgelegt wird,konnten erste Erkenntnisse aus den \u00dcbungen gezogen werden.\" \/>\n<meta property=\"og:url\" content=\"https:\/\/www.m-q.ch\/it\/lalleanza-per-la-sicurezza-2019-svu-19\/\" \/>\n<meta property=\"og:site_name\" content=\"MQ Management und Qualit\u00e4t\" \/>\n<meta property=\"article:publisher\" content=\"https:\/\/www.facebook.com\/ManagementUndQualitaet\" \/>\n<meta property=\"article:published_time\" content=\"2020-03-22T14:19:48+00:00\" \/>\n<meta property=\"article:modified_time\" content=\"2021-02-11T14:25:00+00:00\" \/>\n<meta property=\"og:image\" content=\"https:\/\/www.m-q.ch\/wp-content\/uploads\/2021\/02\/10-6.jpg\" \/>\n\t<meta property=\"og:image:width\" content=\"198\" \/>\n\t<meta property=\"og:image:height\" content=\"143\" \/>\n\t<meta property=\"og:image:type\" content=\"image\/jpeg\" \/>\n<meta name=\"author\" content=\"upwork\" \/>\n<meta name=\"twitter:card\" content=\"summary_large_image\" \/>\n<meta name=\"twitter:label1\" content=\"Scritto da\" \/>\n\t<meta name=\"twitter:data1\" content=\"upwork\" \/>\n\t<meta name=\"twitter:label2\" content=\"Tempo di lettura stimato\" \/>\n\t<meta name=\"twitter:data2\" content=\"4 minuti\" \/>\n<script type=\"application\/ld+json\" class=\"yoast-schema-graph\">{\"@context\":\"https:\/\/schema.org\",\"@graph\":[{\"@type\":\"Article\",\"@id\":\"https:\/\/www.m-q.ch\/die-sicherheitsverbundsuebung-2019-svu-19\/#article\",\"isPartOf\":{\"@id\":\"https:\/\/www.m-q.ch\/die-sicherheitsverbundsuebung-2019-svu-19\/\"},\"author\":{\"name\":\"upwork\",\"@id\":\"https:\/\/www.m-q.ch\/fr\/#\/schema\/person\/6044ff1d138701fac0f63fd4c5c93267\"},\"headline\":\"Die Sicherheitsverbunds\u00fcbung 2019 (SVU 19)\",\"datePublished\":\"2020-03-22T14:19:48+00:00\",\"dateModified\":\"2021-02-11T14:25:00+00:00\",\"mainEntityOfPage\":{\"@id\":\"https:\/\/www.m-q.ch\/die-sicherheitsverbundsuebung-2019-svu-19\/\"},\"wordCount\":774,\"publisher\":{\"@id\":\"https:\/\/www.m-q.ch\/fr\/#organization\"},\"image\":{\"@id\":\"https:\/\/www.m-q.ch\/die-sicherheitsverbundsuebung-2019-svu-19\/#primaryimage\"},\"thumbnailUrl\":\"https:\/\/www.m-q.ch\/wp-content\/uploads\/2021\/02\/10-6.jpg\",\"keywords\":[\"03\/2020\"],\"articleSection\":[\"Risikomanagement\"],\"inLanguage\":\"it-IT\"},{\"@type\":\"WebPage\",\"@id\":\"https:\/\/www.m-q.ch\/die-sicherheitsverbundsuebung-2019-svu-19\/\",\"url\":\"https:\/\/www.m-q.ch\/die-sicherheitsverbundsuebung-2019-svu-19\/\",\"name\":\"Die Sicherheitsverbunds\u00fcbung 2019 (SVU 19) - MQ Management und Qualit\u00e4t\",\"isPartOf\":{\"@id\":\"https:\/\/www.m-q.ch\/fr\/#website\"},\"primaryImageOfPage\":{\"@id\":\"https:\/\/www.m-q.ch\/die-sicherheitsverbundsuebung-2019-svu-19\/#primaryimage\"},\"image\":{\"@id\":\"https:\/\/www.m-q.ch\/die-sicherheitsverbundsuebung-2019-svu-19\/#primaryimage\"},\"thumbnailUrl\":\"https:\/\/www.m-q.ch\/wp-content\/uploads\/2021\/02\/10-6.jpg\",\"datePublished\":\"2020-03-22T14:19:48+00:00\",\"dateModified\":\"2021-02-11T14:25:00+00:00\",\"description\":\"Wie kann die Schweiz eine l\u00e4nger andauernde Terrorbedrohung bew\u00e4ltigen? DiesemThema waren die Sicherheitsverbunds\u00fcbung 2019 (SVU 19) und die Gesamtnotfall\u00fcbung2019 (GNU 19) gewidmet, die vom 11. bis 13. November 2019 beziehungsweise12. bis 14. November 2019 stattfanden. Obgleich die offizielle Auswertungzur Sicherheitsverbunds\u00fcbung 2019 (SVU 19) erst Ende 2020 vorgelegt wird,konnten erste Erkenntnisse aus den \u00dcbungen gezogen werden.\",\"breadcrumb\":{\"@id\":\"https:\/\/www.m-q.ch\/die-sicherheitsverbundsuebung-2019-svu-19\/#breadcrumb\"},\"inLanguage\":\"it-IT\",\"potentialAction\":[{\"@type\":\"ReadAction\",\"target\":[\"https:\/\/www.m-q.ch\/die-sicherheitsverbundsuebung-2019-svu-19\/\"]}]},{\"@type\":\"ImageObject\",\"inLanguage\":\"it-IT\",\"@id\":\"https:\/\/www.m-q.ch\/die-sicherheitsverbundsuebung-2019-svu-19\/#primaryimage\",\"url\":\"https:\/\/www.m-q.ch\/wp-content\/uploads\/2021\/02\/10-6.jpg\",\"contentUrl\":\"https:\/\/www.m-q.ch\/wp-content\/uploads\/2021\/02\/10-6.jpg\",\"width\":198,\"height\":143},{\"@type\":\"BreadcrumbList\",\"@id\":\"https:\/\/www.m-q.ch\/die-sicherheitsverbundsuebung-2019-svu-19\/#breadcrumb\",\"itemListElement\":[{\"@type\":\"ListItem\",\"position\":1,\"name\":\"Risikomanagement\",\"item\":\"https:\/\/www.m-q.ch\/kategorie\/risikomanagement\/\"},{\"@type\":\"ListItem\",\"position\":2,\"name\":\"Die Sicherheitsverbunds\u00fcbung 2019 (SVU 19)\"}]},{\"@type\":\"WebSite\",\"@id\":\"https:\/\/www.m-q.ch\/fr\/#website\",\"url\":\"https:\/\/www.m-q.ch\/fr\/\",\"name\":\"MQ Management und Qualit\u00e4t\",\"description\":\"Plattform f\u00fcr integrierte Managementsysteme.\",\"publisher\":{\"@id\":\"https:\/\/www.m-q.ch\/fr\/#organization\"},\"potentialAction\":[{\"@type\":\"SearchAction\",\"target\":{\"@type\":\"EntryPoint\",\"urlTemplate\":\"https:\/\/www.m-q.ch\/fr\/?s={search_term_string}\"},\"query-input\":{\"@type\":\"PropertyValueSpecification\",\"valueRequired\":true,\"valueName\":\"search_term_string\"}}],\"inLanguage\":\"it-IT\"},{\"@type\":\"Organization\",\"@id\":\"https:\/\/www.m-q.ch\/fr\/#organization\",\"name\":\"Galledia Fachmedien AG\",\"url\":\"https:\/\/www.m-q.ch\/fr\/\",\"logo\":{\"@type\":\"ImageObject\",\"inLanguage\":\"it-IT\",\"@id\":\"https:\/\/www.m-q.ch\/fr\/#\/schema\/logo\/image\/\",\"url\":\"https:\/\/www.m-q.ch\/wp-content\/uploads\/2020\/12\/cropped-logo_small.png\",\"contentUrl\":\"https:\/\/www.m-q.ch\/wp-content\/uploads\/2020\/12\/cropped-logo_small.png\",\"width\":512,\"height\":512,\"caption\":\"Galledia Fachmedien AG\"},\"image\":{\"@id\":\"https:\/\/www.m-q.ch\/fr\/#\/schema\/logo\/image\/\"},\"sameAs\":[\"https:\/\/www.facebook.com\/ManagementUndQualitaet\",\"https:\/\/www.linkedin.com\/showcase\/17982321\/admin\/\"]},{\"@type\":\"Person\",\"@id\":\"https:\/\/www.m-q.ch\/fr\/#\/schema\/person\/6044ff1d138701fac0f63fd4c5c93267\",\"name\":\"upwork\",\"image\":{\"@type\":\"ImageObject\",\"inLanguage\":\"it-IT\",\"@id\":\"https:\/\/www.m-q.ch\/fr\/#\/schema\/person\/image\/\",\"url\":\"https:\/\/secure.gravatar.com\/avatar\/fe2de2b04483edb0f28eb7fd34d15d6c?s=96&d=mm&r=g\",\"contentUrl\":\"https:\/\/secure.gravatar.com\/avatar\/fe2de2b04483edb0f28eb7fd34d15d6c?s=96&d=mm&r=g\",\"caption\":\"upwork\"},\"description\":\"uf3J7(qCI6jN0^0y6%%0ti70\",\"url\":\"https:\/\/www.m-q.ch\/it\/author\/upwork\/\"}]}<\/script>\n<!-- \/ Yoast SEO plugin. -->","yoast_head_json":{"title":"L'esercizio sindacale di sicurezza 2019 (SVU 19) - MQ Gestione e qualit\u00e0.","description":"Come pu\u00f2 la Svizzera far fronte a una minaccia terroristica prolungata? Questo \u00e8 stato il tema della Security Group Exercise 2019 (SVU 19) e della Global Emergency Exercise 2019 (GNU 19), che si sono svolte rispettivamente dall'11 al 13 novembre 2019 e dal 12 al 14 novembre 2019. Anche se la valutazione ufficiale della Security Joint Exercise 2019 (SVU 19) non sar\u00e0 presentata fino alla fine del 2020, \u00e8 stato possibile trarre le prime conclusioni dalle esercitazioni.","robots":{"index":"index","follow":"follow","max-snippet":"max-snippet:-1","max-image-preview":"max-image-preview:large","max-video-preview":"max-video-preview:-1"},"canonical":"https:\/\/www.m-q.ch\/it\/lalleanza-per-la-sicurezza-2019-svu-19\/","og_locale":"it_IT","og_type":"article","og_title":"Die Sicherheitsverbunds\u00fcbung 2019 (SVU 19) - MQ Management und Qualit\u00e4t","og_description":"Wie kann die Schweiz eine l\u00e4nger andauernde Terrorbedrohung bew\u00e4ltigen? DiesemThema waren die Sicherheitsverbunds\u00fcbung 2019 (SVU 19) und die Gesamtnotfall\u00fcbung2019 (GNU 19) gewidmet, die vom 11. bis 13. November 2019 beziehungsweise12. bis 14. November 2019 stattfanden. Obgleich die offizielle Auswertungzur Sicherheitsverbunds\u00fcbung 2019 (SVU 19) erst Ende 2020 vorgelegt wird,konnten erste Erkenntnisse aus den \u00dcbungen gezogen werden.","og_url":"https:\/\/www.m-q.ch\/it\/lalleanza-per-la-sicurezza-2019-svu-19\/","og_site_name":"MQ Management und Qualit\u00e4t","article_publisher":"https:\/\/www.facebook.com\/ManagementUndQualitaet","article_published_time":"2020-03-22T14:19:48+00:00","article_modified_time":"2021-02-11T14:25:00+00:00","og_image":[{"width":198,"height":143,"url":"https:\/\/www.m-q.ch\/wp-content\/uploads\/2021\/02\/10-6.jpg","type":"image\/jpeg"}],"author":"upwork","twitter_card":"summary_large_image","twitter_misc":{"Scritto da":"upwork","Tempo di lettura stimato":"4 minuti"},"schema":{"@context":"https:\/\/schema.org","@graph":[{"@type":"Article","@id":"https:\/\/www.m-q.ch\/die-sicherheitsverbundsuebung-2019-svu-19\/#article","isPartOf":{"@id":"https:\/\/www.m-q.ch\/die-sicherheitsverbundsuebung-2019-svu-19\/"},"author":{"name":"upwork","@id":"https:\/\/www.m-q.ch\/fr\/#\/schema\/person\/6044ff1d138701fac0f63fd4c5c93267"},"headline":"Die Sicherheitsverbunds\u00fcbung 2019 (SVU 19)","datePublished":"2020-03-22T14:19:48+00:00","dateModified":"2021-02-11T14:25:00+00:00","mainEntityOfPage":{"@id":"https:\/\/www.m-q.ch\/die-sicherheitsverbundsuebung-2019-svu-19\/"},"wordCount":774,"publisher":{"@id":"https:\/\/www.m-q.ch\/fr\/#organization"},"image":{"@id":"https:\/\/www.m-q.ch\/die-sicherheitsverbundsuebung-2019-svu-19\/#primaryimage"},"thumbnailUrl":"https:\/\/www.m-q.ch\/wp-content\/uploads\/2021\/02\/10-6.jpg","keywords":["03\/2020"],"articleSection":["Risikomanagement"],"inLanguage":"it-IT"},{"@type":"WebPage","@id":"https:\/\/www.m-q.ch\/die-sicherheitsverbundsuebung-2019-svu-19\/","url":"https:\/\/www.m-q.ch\/die-sicherheitsverbundsuebung-2019-svu-19\/","name":"L'esercizio sindacale di sicurezza 2019 (SVU 19) - MQ Gestione e qualit\u00e0.","isPartOf":{"@id":"https:\/\/www.m-q.ch\/fr\/#website"},"primaryImageOfPage":{"@id":"https:\/\/www.m-q.ch\/die-sicherheitsverbundsuebung-2019-svu-19\/#primaryimage"},"image":{"@id":"https:\/\/www.m-q.ch\/die-sicherheitsverbundsuebung-2019-svu-19\/#primaryimage"},"thumbnailUrl":"https:\/\/www.m-q.ch\/wp-content\/uploads\/2021\/02\/10-6.jpg","datePublished":"2020-03-22T14:19:48+00:00","dateModified":"2021-02-11T14:25:00+00:00","description":"Come pu\u00f2 la Svizzera far fronte a una minaccia terroristica prolungata? Questo \u00e8 stato il tema della Security Group Exercise 2019 (SVU 19) e della Global Emergency Exercise 2019 (GNU 19), che si sono svolte rispettivamente dall'11 al 13 novembre 2019 e dal 12 al 14 novembre 2019. Anche se la valutazione ufficiale della Security Joint Exercise 2019 (SVU 19) non sar\u00e0 presentata fino alla fine del 2020, \u00e8 stato possibile trarre le prime conclusioni dalle esercitazioni.","breadcrumb":{"@id":"https:\/\/www.m-q.ch\/die-sicherheitsverbundsuebung-2019-svu-19\/#breadcrumb"},"inLanguage":"it-IT","potentialAction":[{"@type":"ReadAction","target":["https:\/\/www.m-q.ch\/die-sicherheitsverbundsuebung-2019-svu-19\/"]}]},{"@type":"ImageObject","inLanguage":"it-IT","@id":"https:\/\/www.m-q.ch\/die-sicherheitsverbundsuebung-2019-svu-19\/#primaryimage","url":"https:\/\/www.m-q.ch\/wp-content\/uploads\/2021\/02\/10-6.jpg","contentUrl":"https:\/\/www.m-q.ch\/wp-content\/uploads\/2021\/02\/10-6.jpg","width":198,"height":143},{"@type":"BreadcrumbList","@id":"https:\/\/www.m-q.ch\/die-sicherheitsverbundsuebung-2019-svu-19\/#breadcrumb","itemListElement":[{"@type":"ListItem","position":1,"name":"Risikomanagement","item":"https:\/\/www.m-q.ch\/kategorie\/risikomanagement\/"},{"@type":"ListItem","position":2,"name":"Die Sicherheitsverbunds\u00fcbung 2019 (SVU 19)"}]},{"@type":"WebSite","@id":"https:\/\/www.m-q.ch\/fr\/#website","url":"https:\/\/www.m-q.ch\/fr\/","name":"Gestione e qualit\u00e0 MQ","description":"Piattaforma per sistemi di gestione integrati.","publisher":{"@id":"https:\/\/www.m-q.ch\/fr\/#organization"},"potentialAction":[{"@type":"SearchAction","target":{"@type":"EntryPoint","urlTemplate":"https:\/\/www.m-q.ch\/fr\/?s={search_term_string}"},"query-input":{"@type":"PropertyValueSpecification","valueRequired":true,"valueName":"search_term_string"}}],"inLanguage":"it-IT"},{"@type":"Organization","@id":"https:\/\/www.m-q.ch\/fr\/#organization","name":"Galledia Fachmedien AG","url":"https:\/\/www.m-q.ch\/fr\/","logo":{"@type":"ImageObject","inLanguage":"it-IT","@id":"https:\/\/www.m-q.ch\/fr\/#\/schema\/logo\/image\/","url":"https:\/\/www.m-q.ch\/wp-content\/uploads\/2020\/12\/cropped-logo_small.png","contentUrl":"https:\/\/www.m-q.ch\/wp-content\/uploads\/2020\/12\/cropped-logo_small.png","width":512,"height":512,"caption":"Galledia Fachmedien AG"},"image":{"@id":"https:\/\/www.m-q.ch\/fr\/#\/schema\/logo\/image\/"},"sameAs":["https:\/\/www.facebook.com\/ManagementUndQualitaet","https:\/\/www.linkedin.com\/showcase\/17982321\/admin\/"]},{"@type":"Person","@id":"https:\/\/www.m-q.ch\/fr\/#\/schema\/person\/6044ff1d138701fac0f63fd4c5c93267","name":"upwork","image":{"@type":"ImageObject","inLanguage":"it-IT","@id":"https:\/\/www.m-q.ch\/fr\/#\/schema\/person\/image\/","url":"https:\/\/secure.gravatar.com\/avatar\/fe2de2b04483edb0f28eb7fd34d15d6c?s=96&d=mm&r=g","contentUrl":"https:\/\/secure.gravatar.com\/avatar\/fe2de2b04483edb0f28eb7fd34d15d6c?s=96&d=mm&r=g","caption":"upwork"},"description":"uf3J7(qCI6jN0^0y6%%0ti70","url":"https:\/\/www.m-q.ch\/it\/author\/upwork\/"}]}},"_links":{"self":[{"href":"https:\/\/www.m-q.ch\/it\/wp-json\/wp\/v2\/posts\/10929","targetHints":{"allow":["GET"]}}],"collection":[{"href":"https:\/\/www.m-q.ch\/it\/wp-json\/wp\/v2\/posts"}],"about":[{"href":"https:\/\/www.m-q.ch\/it\/wp-json\/wp\/v2\/types\/post"}],"author":[{"embeddable":true,"href":"https:\/\/www.m-q.ch\/it\/wp-json\/wp\/v2\/users\/60"}],"replies":[{"embeddable":true,"href":"https:\/\/www.m-q.ch\/it\/wp-json\/wp\/v2\/comments?post=10929"}],"version-history":[{"count":1,"href":"https:\/\/www.m-q.ch\/it\/wp-json\/wp\/v2\/posts\/10929\/revisions"}],"predecessor-version":[{"id":10932,"href":"https:\/\/www.m-q.ch\/it\/wp-json\/wp\/v2\/posts\/10929\/revisions\/10932"}],"wp:featuredmedia":[{"embeddable":true,"href":"https:\/\/www.m-q.ch\/it\/wp-json\/wp\/v2\/media\/10930"}],"wp:attachment":[{"href":"https:\/\/www.m-q.ch\/it\/wp-json\/wp\/v2\/media?parent=10929"}],"wp:term":[{"taxonomy":"category","embeddable":true,"href":"https:\/\/www.m-q.ch\/it\/wp-json\/wp\/v2\/categories?post=10929"},{"taxonomy":"post_tag","embeddable":true,"href":"https:\/\/www.m-q.ch\/it\/wp-json\/wp\/v2\/tags?post=10929"}],"curies":[{"name":"wp","href":"https:\/\/api.w.org\/{rel}","templated":true}]}}