{"id":11091,"date":"2017-02-15T11:01:36","date_gmt":"2017-02-15T10:01:36","guid":{"rendered":"https:\/\/www.m-q.ch\/?p=11091"},"modified":"2021-02-12T12:13:49","modified_gmt":"2021-02-12T11:13:49","slug":"i-rischi-informatici-sono-piu-di-un-problema-informatico","status":"publish","type":"post","link":"https:\/\/www.m-q.ch\/it\/cyberrisiken-sind-mehr-als-ein-it-problem\/","title":{"rendered":"I rischi informatici sono pi\u00f9 di un problema informatico"},"content":{"rendered":"<p><img loading=\"lazy\" decoding=\"async\" class=\"alignnone size-full wp-image-11117\" src=\"https:\/\/www.m-q.ch\/wp-content\/uploads\/2021\/02\/Cyberrisiken-sind-mehr-als-ein-IT-Problem.jpg\" alt=\"I rischi informatici sono pi\u00f9 di un problema informatico\" width=\"883\" height=\"339\" srcset=\"https:\/\/www.m-q.ch\/wp-content\/uploads\/2021\/02\/Cyberrisiken-sind-mehr-als-ein-IT-Problem.jpg 883w, https:\/\/www.m-q.ch\/wp-content\/uploads\/2021\/02\/Cyberrisiken-sind-mehr-als-ein-IT-Problem-768x295.jpg 768w, https:\/\/www.m-q.ch\/wp-content\/uploads\/2021\/02\/Cyberrisiken-sind-mehr-als-ein-IT-Problem-16x6.jpg 16w, https:\/\/www.m-q.ch\/wp-content\/uploads\/2021\/02\/Cyberrisiken-sind-mehr-als-ein-IT-Problem-375x144.jpg 375w, https:\/\/www.m-q.ch\/wp-content\/uploads\/2021\/02\/Cyberrisiken-sind-mehr-als-ein-IT-Problem-760x292.jpg 760w, https:\/\/www.m-q.ch\/wp-content\/uploads\/2021\/02\/Cyberrisiken-sind-mehr-als-ein-IT-Problem-300x115.jpg 300w\" sizes=\"auto, (max-width: 883px) 100vw, 883px\" \/><\/p>\n<p>&nbsp;<\/p>\n<p>&nbsp;<\/p>\n<p>L'Allianz Risk Barometer 2017 classifica i rischi informatici tra i dieci maggiori rischi per le aziende per il quarto anno di fila. Le aziende di tutte le dimensioni stanno affrontando una crescente complessit\u00e0 e velocit\u00e0 di cambiamento. A differenza dei rischi tradizionali come i disastri naturali o gli incendi, i rischi informatici di solito non causano danni fisici. Tuttavia, i dati persi o trasmessi in modo errato e i sistemi in panne possono portare i servizi o la produzione a un punto morto e scuotere la fiducia degli investitori, dei clienti e di altre parti interessate.<\/p>\n<p><strong>Identificare le lacune assicurative<\/strong><br \/>\nLe nuove minacce possono spesso portare a lacune di copertura in termini di gestione del rischio e di assicurazione. I cyberattacchi pongono una variet\u00e0 di rischi relativi alla riservatezza, disponibilit\u00e0 o integrit\u00e0 dei dati e dei sistemi. Contrariamente alla credenza popolare, gli incidenti informatici non sono generalmente coperti da polizze assicurative classiche come la perdita di guadagno, la responsabilit\u00e0 o la perdita di fiducia. Finora, le soluzioni di rischio informatico sono state offerte principalmente da assicuratori internazionali come AIG, Allianz, Chubb o Zurich. Va notato che la minaccia posta dai rischi informatici va ben oltre l'hacking, le violazioni della protezione dei dati o il furto di dati. Un guasto tecnico dell'infra-struttura o un errore umano possono anche portare a gravi danni. Secondo uno studio dell'Istituto di Economia delle Assicurazioni dell'Universit\u00e0 di San Gallo, le attuali polizze degli assicuratori coprono le seguenti cause: Attacco di hacker, ricatto, errore umano e, in alcuni casi, errore tecnico. Le coperture di solito includono i costi direttamente attribuibili come la forense (chiarimento, identificazione, assicurazione delle prove), il ripristino del sito web o dei dati dei clienti, cos\u00ec come i costi di interruzione dell'attivit\u00e0 o le controversie legali. Esempi specifici includono il pagamento di riscatti per i trojan di criptazione, le spese di consulenza per la gestione della crisi, i costi per informare i clienti e le spese per ricostruire i dati persi o danneggiati. Gli importi coperti variano da 5 a 50 milioni di franchi.<\/p>\n<p><strong>La perdita di reputazione non \u00e8 assicurabile<\/strong><br \/>\nTuttavia, molte aziende sono ancora pi\u00f9 preoccupate per i costi conseguenti: il danno all'immagine dell'azienda spesso lascia dietro di s\u00e9 una perdita economica altrettanto grande quanto l'interruzione delle operazioni o la perdita di dati. Ma quasi nessun assicuratore copre i danni alla reputazione o la perdita di valore di mercato come risultato di un danno d'immagine. Di solito sono coperti solo gli onorari dei consulenti PR. La ragione principale \u00e8 che gli assicuratori non coprono i danni causati da<\/p>\n<p>&nbsp;<\/p>\n<p><em><strong>\"Nel linguaggio degli assicuratori, le 'perdite di accumulazione' incombono\".<\/strong><\/em><\/p>\n<p>&nbsp;<\/p>\n<p>Non \u00e8 possibile dare una cifra alla perdita di reputazione. \"Ci sono troppi altri fattori incerti in gioco\", spiega la dottoressa Carin Gantenbein, responsabile della responsabilit\u00e0 professionale e Cyber di Zurich Insurance. La stimabilit\u00e0 \u00e8 sempre stata un criterio chiave per l'assicurabilit\u00e0. Se ci sono solo pochi valori empirici sul tipo, la frequenza e l'estensione del danno, l'incertezza della diagnosi e della prognosi \u00e8 alta. I valori dell'esperienza sui rischi informatici sono difficilmente accessibili, poich\u00e9 molte vittime sono riluttanti a fornire informazioni sugli incidenti corrispondenti. Inoltre, i rischi informatici sono soggetti a un alto rischio di cambiamento, per esempio per quanto riguarda le linee guida sulla protezione dei dati. L'iperconnettivit\u00e0 \u00e8 anche critica dal punto di vista della modellazione dei danni informatici. A causa della rete globale, diverse aziende sono di solito colpite da un incidente informatico. Se viene scoperto troppo tardi, il potenziale di danno aumenta esponenzialmente. Nel gergo degli assicuratori, le \"perdite di accumulazione\" sono imminenti, il che rende necessario un supplemento di premio. Pi\u00f9 incerta \u00e8 la stima, pi\u00f9 alti sono i premi e le franchigie e pi\u00f9 basse sono le somme assicurate. La prevenzione e la precauzione sono quindi ancora pi\u00f9 importanti.<\/p>\n<p><strong>aumentare la consapevolezza del problema<\/strong><br \/>\nChiunque consideri che i rischi informatici siano puramente una questione di IT sta commettendo un errore fondamentale. La responsabilit\u00e0 di questo non pu\u00f2 essere delegata agli esperti. Tutti nell'azienda devono essere consapevoli dei rischi. Un'analisi dettagliata dei rischi costituisce la base per identificare e comprendere i pericoli pi\u00f9 importanti. Molte aziende ricorrono all'analisi di scenario per identificare i dati e i sistemi colpiti, le possibili cause e i potenziali gruppi di autori, e per riprodurre i possibili effetti. La misura di protezione pi\u00f9 fondamentale \u00e8 l'\"igiene informatica\" professionale, che protegge i dati e i sistemi e rileva rapidamente gli errori e gli attacchi. L'Ufficio federale per la Si-<\/p>\n<p>&nbsp;<\/p>\n<p><em><strong>\"Se, nonostante le precauzioni, il peggio dovesse accadere, i piani di crisi e di emergenza dovrebbero entrare in azione\".<\/strong><\/em><\/p>\n<p>&nbsp;<\/p>\n<p>L'Ufficio federale tedesco per la sicurezza dell'informazione (BSI) pubblica standard minimi riconosciuti (\"standard BSI\") che possono servire da orientamento.<\/p>\n<p>&nbsp;<\/p>\n<p>Le email ben contraffatte sono difficili da individuare. Questo \u00e8 dimostrato, per esempio, dalle e-mail inviate a nome di Ricardo o UBS. Lo dimostrano, per esempio, le e-mail inviate a nome di Ricardo o UBS, con le quali i truffatori hanno cercato di ottenere le coordinate bancarie dei clienti. Gli attacchi mirati alle aziende spesso cercano di ottenere l'accesso attraverso i dipendenti. Pertanto, la consapevolezza dei rischi dei dipendenti \u00e8 essenziale e deve essere promossa attraverso la formazione. Se, nonostante le precauzioni, il peggio dovesse accadere, si dovrebbe predisporre un piano di crisi e di emergenza che includa dipendenti, clienti e fornitori, limitando cos\u00ec i danni. \u00c8 importante che un processo di gestione dei rischi non rimanga un progetto una tantum, ma sia ancorato nell'azienda. Questo richiede test regolari, work-shops, comunicazione, cos\u00ec come il monitoraggio e l'aggiornamento attraverso i confini e le gerarchie dei dipartimenti. Rafforzare la resilienza agli incidenti informatici dipende dalla comprensione che i rischi informatici riguardano l'intera azienda e sono un problema di tutti.<\/p>","protected":false},"excerpt":{"rendered":"<p>&nbsp; &nbsp; Der Allianz Risk Barometer 2017 z\u00e4hlt Cyber-risiken im vierten Jahr in Folge zu den zehn gr\u00f6ssten Risiken f\u00fcr Unternehmen. Unter-nehmen jeglicher Gr\u00f6sse sehen sich mit einer steigenden Komplexit\u00e4t und Ver\u00e4nderungs-geschwindigkeit konfrontiert. Im Gegensatz zu traditionellen Risiken wie Naturkatastro-phen oder Feuer verursachen Cyberrisiken zwar meist keine physischen Sch\u00e4den. Doch verlorene oder falsch \u00fcbermittelte Daten [&hellip;]<\/p>\n","protected":false},"author":62,"featured_media":11117,"comment_status":"closed","ping_status":"closed","sticky":false,"template":"","format":"standard","meta":{"_acf_changed":false,"footnotes":""},"categories":[4],"tags":[4769],"class_list":["post-11091","post","type-post","status-publish","format-standard","has-post-thumbnail","hentry","category-risikomanagement","tag-1-2-2017"],"acf":[],"yoast_head":"<!-- This site is optimized with the Yoast SEO plugin v26.2 - https:\/\/yoast.com\/wordpress\/plugins\/seo\/ -->\n<title>Cyberrisiken sind mehr als ein IT-Problem - MQ Management und Qualit\u00e4t<\/title>\n<meta name=\"description\" content=\"Firmen, die Cyberrisiken als reine IT-Angelegenheit betrachten, handeln leichtfertig. Denn die m\u00f6glichen Konsequenzen von Zwischenf\u00e4llen sind h\u00e4ufig sehr weitrei-chend und werden von herk\u00f6mmlichen Versicherungen nicht oder nur unzureichend abgedeckt.\" \/>\n<meta name=\"robots\" content=\"index, follow, max-snippet:-1, max-image-preview:large, max-video-preview:-1\" \/>\n<link rel=\"canonical\" href=\"https:\/\/www.m-q.ch\/it\/i-rischi-informatici-sono-piu-di-un-problema-informatico\/\" \/>\n<meta property=\"og:locale\" content=\"it_IT\" \/>\n<meta property=\"og:type\" content=\"article\" \/>\n<meta property=\"og:title\" content=\"Cyberrisiken sind mehr als ein IT-Problem - MQ Management und Qualit\u00e4t\" \/>\n<meta property=\"og:description\" content=\"Firmen, die Cyberrisiken als reine IT-Angelegenheit betrachten, handeln leichtfertig. Denn die m\u00f6glichen Konsequenzen von Zwischenf\u00e4llen sind h\u00e4ufig sehr weitrei-chend und werden von herk\u00f6mmlichen Versicherungen nicht oder nur unzureichend abgedeckt.\" \/>\n<meta property=\"og:url\" content=\"https:\/\/www.m-q.ch\/it\/i-rischi-informatici-sono-piu-di-un-problema-informatico\/\" \/>\n<meta property=\"og:site_name\" content=\"MQ Management und Qualit\u00e4t\" \/>\n<meta property=\"article:publisher\" content=\"https:\/\/www.facebook.com\/ManagementUndQualitaet\" \/>\n<meta property=\"article:published_time\" content=\"2017-02-15T10:01:36+00:00\" \/>\n<meta property=\"article:modified_time\" content=\"2021-02-12T11:13:49+00:00\" \/>\n<meta property=\"og:image\" content=\"https:\/\/www.m-q.ch\/wp-content\/uploads\/2021\/02\/Cyberrisiken-sind-mehr-als-ein-IT-Problem.jpg\" \/>\n\t<meta property=\"og:image:width\" content=\"883\" \/>\n\t<meta property=\"og:image:height\" content=\"339\" \/>\n\t<meta property=\"og:image:type\" content=\"image\/jpeg\" \/>\n<meta name=\"author\" content=\"upwork_2\" \/>\n<meta name=\"twitter:card\" content=\"summary_large_image\" \/>\n<meta name=\"twitter:label1\" content=\"Scritto da\" \/>\n\t<meta name=\"twitter:data1\" content=\"upwork_2\" \/>\n\t<meta name=\"twitter:label2\" content=\"Tempo di lettura stimato\" \/>\n\t<meta name=\"twitter:data2\" content=\"4 minuti\" \/>\n<script type=\"application\/ld+json\" class=\"yoast-schema-graph\">{\"@context\":\"https:\/\/schema.org\",\"@graph\":[{\"@type\":\"Article\",\"@id\":\"https:\/\/www.m-q.ch\/cyberrisiken-sind-mehr-als-ein-it-problem\/#article\",\"isPartOf\":{\"@id\":\"https:\/\/www.m-q.ch\/cyberrisiken-sind-mehr-als-ein-it-problem\/\"},\"author\":{\"name\":\"upwork_2\",\"@id\":\"https:\/\/www.m-q.ch\/fr\/#\/schema\/person\/71f647a41e4a3e361e6230f5134f3ba9\"},\"headline\":\"Cyberrisiken sind mehr als ein IT-Problem\",\"datePublished\":\"2017-02-15T10:01:36+00:00\",\"dateModified\":\"2021-02-12T11:13:49+00:00\",\"mainEntityOfPage\":{\"@id\":\"https:\/\/www.m-q.ch\/cyberrisiken-sind-mehr-als-ein-it-problem\/\"},\"wordCount\":834,\"publisher\":{\"@id\":\"https:\/\/www.m-q.ch\/fr\/#organization\"},\"image\":{\"@id\":\"https:\/\/www.m-q.ch\/cyberrisiken-sind-mehr-als-ein-it-problem\/#primaryimage\"},\"thumbnailUrl\":\"https:\/\/www.m-q.ch\/wp-content\/uploads\/2021\/02\/Cyberrisiken-sind-mehr-als-ein-IT-Problem.jpg\",\"keywords\":[\"1\u20132\/2017\"],\"articleSection\":[\"Risikomanagement\"],\"inLanguage\":\"it-IT\"},{\"@type\":\"WebPage\",\"@id\":\"https:\/\/www.m-q.ch\/cyberrisiken-sind-mehr-als-ein-it-problem\/\",\"url\":\"https:\/\/www.m-q.ch\/cyberrisiken-sind-mehr-als-ein-it-problem\/\",\"name\":\"Cyberrisiken sind mehr als ein IT-Problem - MQ Management und Qualit\u00e4t\",\"isPartOf\":{\"@id\":\"https:\/\/www.m-q.ch\/fr\/#website\"},\"primaryImageOfPage\":{\"@id\":\"https:\/\/www.m-q.ch\/cyberrisiken-sind-mehr-als-ein-it-problem\/#primaryimage\"},\"image\":{\"@id\":\"https:\/\/www.m-q.ch\/cyberrisiken-sind-mehr-als-ein-it-problem\/#primaryimage\"},\"thumbnailUrl\":\"https:\/\/www.m-q.ch\/wp-content\/uploads\/2021\/02\/Cyberrisiken-sind-mehr-als-ein-IT-Problem.jpg\",\"datePublished\":\"2017-02-15T10:01:36+00:00\",\"dateModified\":\"2021-02-12T11:13:49+00:00\",\"description\":\"Firmen, die Cyberrisiken als reine IT-Angelegenheit betrachten, handeln leichtfertig. Denn die m\u00f6glichen Konsequenzen von Zwischenf\u00e4llen sind h\u00e4ufig sehr weitrei-chend und werden von herk\u00f6mmlichen Versicherungen nicht oder nur unzureichend abgedeckt.\",\"breadcrumb\":{\"@id\":\"https:\/\/www.m-q.ch\/cyberrisiken-sind-mehr-als-ein-it-problem\/#breadcrumb\"},\"inLanguage\":\"it-IT\",\"potentialAction\":[{\"@type\":\"ReadAction\",\"target\":[\"https:\/\/www.m-q.ch\/cyberrisiken-sind-mehr-als-ein-it-problem\/\"]}]},{\"@type\":\"ImageObject\",\"inLanguage\":\"it-IT\",\"@id\":\"https:\/\/www.m-q.ch\/cyberrisiken-sind-mehr-als-ein-it-problem\/#primaryimage\",\"url\":\"https:\/\/www.m-q.ch\/wp-content\/uploads\/2021\/02\/Cyberrisiken-sind-mehr-als-ein-IT-Problem.jpg\",\"contentUrl\":\"https:\/\/www.m-q.ch\/wp-content\/uploads\/2021\/02\/Cyberrisiken-sind-mehr-als-ein-IT-Problem.jpg\",\"width\":883,\"height\":339,\"caption\":\"Cyberrisiken sind mehr als ein IT-Problem\"},{\"@type\":\"BreadcrumbList\",\"@id\":\"https:\/\/www.m-q.ch\/cyberrisiken-sind-mehr-als-ein-it-problem\/#breadcrumb\",\"itemListElement\":[{\"@type\":\"ListItem\",\"position\":1,\"name\":\"Risikomanagement\",\"item\":\"https:\/\/www.m-q.ch\/kategorie\/risikomanagement\/\"},{\"@type\":\"ListItem\",\"position\":2,\"name\":\"Cyberrisiken sind mehr als ein IT-Problem\"}]},{\"@type\":\"WebSite\",\"@id\":\"https:\/\/www.m-q.ch\/fr\/#website\",\"url\":\"https:\/\/www.m-q.ch\/fr\/\",\"name\":\"MQ Management und Qualit\u00e4t\",\"description\":\"Plattform f\u00fcr integrierte Managementsysteme.\",\"publisher\":{\"@id\":\"https:\/\/www.m-q.ch\/fr\/#organization\"},\"potentialAction\":[{\"@type\":\"SearchAction\",\"target\":{\"@type\":\"EntryPoint\",\"urlTemplate\":\"https:\/\/www.m-q.ch\/fr\/?s={search_term_string}\"},\"query-input\":{\"@type\":\"PropertyValueSpecification\",\"valueRequired\":true,\"valueName\":\"search_term_string\"}}],\"inLanguage\":\"it-IT\"},{\"@type\":\"Organization\",\"@id\":\"https:\/\/www.m-q.ch\/fr\/#organization\",\"name\":\"Galledia Fachmedien AG\",\"url\":\"https:\/\/www.m-q.ch\/fr\/\",\"logo\":{\"@type\":\"ImageObject\",\"inLanguage\":\"it-IT\",\"@id\":\"https:\/\/www.m-q.ch\/fr\/#\/schema\/logo\/image\/\",\"url\":\"https:\/\/www.m-q.ch\/wp-content\/uploads\/2020\/12\/cropped-logo_small.png\",\"contentUrl\":\"https:\/\/www.m-q.ch\/wp-content\/uploads\/2020\/12\/cropped-logo_small.png\",\"width\":512,\"height\":512,\"caption\":\"Galledia Fachmedien AG\"},\"image\":{\"@id\":\"https:\/\/www.m-q.ch\/fr\/#\/schema\/logo\/image\/\"},\"sameAs\":[\"https:\/\/www.facebook.com\/ManagementUndQualitaet\",\"https:\/\/www.linkedin.com\/showcase\/17982321\/admin\/\"]},{\"@type\":\"Person\",\"@id\":\"https:\/\/www.m-q.ch\/fr\/#\/schema\/person\/71f647a41e4a3e361e6230f5134f3ba9\",\"name\":\"upwork_2\",\"image\":{\"@type\":\"ImageObject\",\"inLanguage\":\"it-IT\",\"@id\":\"https:\/\/www.m-q.ch\/fr\/#\/schema\/person\/image\/\",\"url\":\"https:\/\/secure.gravatar.com\/avatar\/777b90ab56092bbf3c85feacda5c1bce?s=96&d=mm&r=g\",\"contentUrl\":\"https:\/\/secure.gravatar.com\/avatar\/777b90ab56092bbf3c85feacda5c1bce?s=96&d=mm&r=g\",\"caption\":\"upwork_2\"},\"url\":\"https:\/\/www.m-q.ch\/it\/author\/upwork_2\/\"}]}<\/script>\n<!-- \/ Yoast SEO plugin. -->","yoast_head_json":{"title":"I rischi informatici sono pi\u00f9 di un problema informatico - MQ Management and Quality","description":"Le aziende che considerano i rischi informatici come una questione puramente informatica stanno agendo in modo sconsiderato. Questo perch\u00e9 le possibili conseguenze degli incidenti sono spesso di vasta portata e non sono coperte, o lo sono solo in modo inadeguato, dalle polizze assicurative convenzionali.","robots":{"index":"index","follow":"follow","max-snippet":"max-snippet:-1","max-image-preview":"max-image-preview:large","max-video-preview":"max-video-preview:-1"},"canonical":"https:\/\/www.m-q.ch\/it\/i-rischi-informatici-sono-piu-di-un-problema-informatico\/","og_locale":"it_IT","og_type":"article","og_title":"Cyberrisiken sind mehr als ein IT-Problem - MQ Management und Qualit\u00e4t","og_description":"Firmen, die Cyberrisiken als reine IT-Angelegenheit betrachten, handeln leichtfertig. Denn die m\u00f6glichen Konsequenzen von Zwischenf\u00e4llen sind h\u00e4ufig sehr weitrei-chend und werden von herk\u00f6mmlichen Versicherungen nicht oder nur unzureichend abgedeckt.","og_url":"https:\/\/www.m-q.ch\/it\/i-rischi-informatici-sono-piu-di-un-problema-informatico\/","og_site_name":"MQ Management und Qualit\u00e4t","article_publisher":"https:\/\/www.facebook.com\/ManagementUndQualitaet","article_published_time":"2017-02-15T10:01:36+00:00","article_modified_time":"2021-02-12T11:13:49+00:00","og_image":[{"width":883,"height":339,"url":"https:\/\/www.m-q.ch\/wp-content\/uploads\/2021\/02\/Cyberrisiken-sind-mehr-als-ein-IT-Problem.jpg","type":"image\/jpeg"}],"author":"upwork_2","twitter_card":"summary_large_image","twitter_misc":{"Scritto da":"upwork_2","Tempo di lettura stimato":"4 minuti"},"schema":{"@context":"https:\/\/schema.org","@graph":[{"@type":"Article","@id":"https:\/\/www.m-q.ch\/cyberrisiken-sind-mehr-als-ein-it-problem\/#article","isPartOf":{"@id":"https:\/\/www.m-q.ch\/cyberrisiken-sind-mehr-als-ein-it-problem\/"},"author":{"name":"upwork_2","@id":"https:\/\/www.m-q.ch\/fr\/#\/schema\/person\/71f647a41e4a3e361e6230f5134f3ba9"},"headline":"Cyberrisiken sind mehr als ein IT-Problem","datePublished":"2017-02-15T10:01:36+00:00","dateModified":"2021-02-12T11:13:49+00:00","mainEntityOfPage":{"@id":"https:\/\/www.m-q.ch\/cyberrisiken-sind-mehr-als-ein-it-problem\/"},"wordCount":834,"publisher":{"@id":"https:\/\/www.m-q.ch\/fr\/#organization"},"image":{"@id":"https:\/\/www.m-q.ch\/cyberrisiken-sind-mehr-als-ein-it-problem\/#primaryimage"},"thumbnailUrl":"https:\/\/www.m-q.ch\/wp-content\/uploads\/2021\/02\/Cyberrisiken-sind-mehr-als-ein-IT-Problem.jpg","keywords":["1\u20132\/2017"],"articleSection":["Risikomanagement"],"inLanguage":"it-IT"},{"@type":"WebPage","@id":"https:\/\/www.m-q.ch\/cyberrisiken-sind-mehr-als-ein-it-problem\/","url":"https:\/\/www.m-q.ch\/cyberrisiken-sind-mehr-als-ein-it-problem\/","name":"I rischi informatici sono pi\u00f9 di un problema informatico - MQ Management and Quality","isPartOf":{"@id":"https:\/\/www.m-q.ch\/fr\/#website"},"primaryImageOfPage":{"@id":"https:\/\/www.m-q.ch\/cyberrisiken-sind-mehr-als-ein-it-problem\/#primaryimage"},"image":{"@id":"https:\/\/www.m-q.ch\/cyberrisiken-sind-mehr-als-ein-it-problem\/#primaryimage"},"thumbnailUrl":"https:\/\/www.m-q.ch\/wp-content\/uploads\/2021\/02\/Cyberrisiken-sind-mehr-als-ein-IT-Problem.jpg","datePublished":"2017-02-15T10:01:36+00:00","dateModified":"2021-02-12T11:13:49+00:00","description":"Le aziende che considerano i rischi informatici come una questione puramente informatica stanno agendo in modo sconsiderato. Questo perch\u00e9 le possibili conseguenze degli incidenti sono spesso di vasta portata e non sono coperte, o lo sono solo in modo inadeguato, dalle polizze assicurative convenzionali.","breadcrumb":{"@id":"https:\/\/www.m-q.ch\/cyberrisiken-sind-mehr-als-ein-it-problem\/#breadcrumb"},"inLanguage":"it-IT","potentialAction":[{"@type":"ReadAction","target":["https:\/\/www.m-q.ch\/cyberrisiken-sind-mehr-als-ein-it-problem\/"]}]},{"@type":"ImageObject","inLanguage":"it-IT","@id":"https:\/\/www.m-q.ch\/cyberrisiken-sind-mehr-als-ein-it-problem\/#primaryimage","url":"https:\/\/www.m-q.ch\/wp-content\/uploads\/2021\/02\/Cyberrisiken-sind-mehr-als-ein-IT-Problem.jpg","contentUrl":"https:\/\/www.m-q.ch\/wp-content\/uploads\/2021\/02\/Cyberrisiken-sind-mehr-als-ein-IT-Problem.jpg","width":883,"height":339,"caption":"Cyberrisiken sind mehr als ein IT-Problem"},{"@type":"BreadcrumbList","@id":"https:\/\/www.m-q.ch\/cyberrisiken-sind-mehr-als-ein-it-problem\/#breadcrumb","itemListElement":[{"@type":"ListItem","position":1,"name":"Risikomanagement","item":"https:\/\/www.m-q.ch\/kategorie\/risikomanagement\/"},{"@type":"ListItem","position":2,"name":"Cyberrisiken sind mehr als ein IT-Problem"}]},{"@type":"WebSite","@id":"https:\/\/www.m-q.ch\/fr\/#website","url":"https:\/\/www.m-q.ch\/fr\/","name":"Gestione e qualit\u00e0 MQ","description":"Piattaforma per sistemi di gestione integrati.","publisher":{"@id":"https:\/\/www.m-q.ch\/fr\/#organization"},"potentialAction":[{"@type":"SearchAction","target":{"@type":"EntryPoint","urlTemplate":"https:\/\/www.m-q.ch\/fr\/?s={search_term_string}"},"query-input":{"@type":"PropertyValueSpecification","valueRequired":true,"valueName":"search_term_string"}}],"inLanguage":"it-IT"},{"@type":"Organization","@id":"https:\/\/www.m-q.ch\/fr\/#organization","name":"Galledia Fachmedien AG","url":"https:\/\/www.m-q.ch\/fr\/","logo":{"@type":"ImageObject","inLanguage":"it-IT","@id":"https:\/\/www.m-q.ch\/fr\/#\/schema\/logo\/image\/","url":"https:\/\/www.m-q.ch\/wp-content\/uploads\/2020\/12\/cropped-logo_small.png","contentUrl":"https:\/\/www.m-q.ch\/wp-content\/uploads\/2020\/12\/cropped-logo_small.png","width":512,"height":512,"caption":"Galledia Fachmedien AG"},"image":{"@id":"https:\/\/www.m-q.ch\/fr\/#\/schema\/logo\/image\/"},"sameAs":["https:\/\/www.facebook.com\/ManagementUndQualitaet","https:\/\/www.linkedin.com\/showcase\/17982321\/admin\/"]},{"@type":"Person","@id":"https:\/\/www.m-q.ch\/fr\/#\/schema\/person\/71f647a41e4a3e361e6230f5134f3ba9","name":"upwork_2","image":{"@type":"ImageObject","inLanguage":"it-IT","@id":"https:\/\/www.m-q.ch\/fr\/#\/schema\/person\/image\/","url":"https:\/\/secure.gravatar.com\/avatar\/777b90ab56092bbf3c85feacda5c1bce?s=96&d=mm&r=g","contentUrl":"https:\/\/secure.gravatar.com\/avatar\/777b90ab56092bbf3c85feacda5c1bce?s=96&d=mm&r=g","caption":"upwork_2"},"url":"https:\/\/www.m-q.ch\/it\/author\/upwork_2\/"}]}},"_links":{"self":[{"href":"https:\/\/www.m-q.ch\/it\/wp-json\/wp\/v2\/posts\/11091","targetHints":{"allow":["GET"]}}],"collection":[{"href":"https:\/\/www.m-q.ch\/it\/wp-json\/wp\/v2\/posts"}],"about":[{"href":"https:\/\/www.m-q.ch\/it\/wp-json\/wp\/v2\/types\/post"}],"author":[{"embeddable":true,"href":"https:\/\/www.m-q.ch\/it\/wp-json\/wp\/v2\/users\/62"}],"replies":[{"embeddable":true,"href":"https:\/\/www.m-q.ch\/it\/wp-json\/wp\/v2\/comments?post=11091"}],"version-history":[{"count":1,"href":"https:\/\/www.m-q.ch\/it\/wp-json\/wp\/v2\/posts\/11091\/revisions"}],"predecessor-version":[{"id":11118,"href":"https:\/\/www.m-q.ch\/it\/wp-json\/wp\/v2\/posts\/11091\/revisions\/11118"}],"wp:featuredmedia":[{"embeddable":true,"href":"https:\/\/www.m-q.ch\/it\/wp-json\/wp\/v2\/media\/11117"}],"wp:attachment":[{"href":"https:\/\/www.m-q.ch\/it\/wp-json\/wp\/v2\/media?parent=11091"}],"wp:term":[{"taxonomy":"category","embeddable":true,"href":"https:\/\/www.m-q.ch\/it\/wp-json\/wp\/v2\/categories?post=11091"},{"taxonomy":"post_tag","embeddable":true,"href":"https:\/\/www.m-q.ch\/it\/wp-json\/wp\/v2\/tags?post=11091"}],"curies":[{"name":"wp","href":"https:\/\/api.w.org\/{rel}","templated":true}]}}