{"id":11156,"date":"2016-01-05T14:07:27","date_gmt":"2016-01-05T13:07:27","guid":{"rendered":"https:\/\/www.m-q.ch\/?p=11156"},"modified":"2021-02-12T16:01:56","modified_gmt":"2021-02-12T15:01:56","slug":"la-ricompensa-dei-coraggiosi","status":"publish","type":"post","link":"https:\/\/www.m-q.ch\/it\/der-lohn-der-tuechtigen\/","title":{"rendered":"La ricompensa dei coraggiosi"},"content":{"rendered":"<p>Il modo evidente in cui il personale \u00e8 visto e trattato oggi come un fattore di costo e la ricerca incessante di modi per ridurre i costi del personale chiaramente non promuove la volont\u00e0 di eseguire. Lo stesso vale per la sostituzione quasi regolare dei dipendenti pi\u00f9 anziani, che di solito sono pi\u00f9 costosi (e spesso pi\u00f9 resistenti alla politica aziendale), con dipendenti pi\u00f9 giovani che sono pi\u00f9 economici da assumere (e pi\u00f9 facili da gestire).<\/p>\n<p><strong>Pratiche di impiego discutibili<\/strong><br \/>\n\"Volete molto per poco, ma ci stanno spremendo!\" Questa \u00e8 un'altra frase che si sente spesso. Per lo pi\u00f9 nel contesto dell'esperienza che l'obiettivo viene alzato ancora di pi\u00f9 una volta che l'accordo sull'obiettivo \u00e8 stato raggiunto. Le pratiche di impiego spesso molto discutibili degli stagisti, il lavoro temporaneo che \u00e8 diventato quasi una cosa ovvia, l'uso di lavoratori temporanei e l'esecuzione del lavoro attraverso contratti di lavoro e di servizi suscitano anche sentimenti acidi - almeno in Germania. Che tutto quel brontolio interno non alimenta esattamente la volont\u00e0 di andare oltre, c'\u00e8 da meravigliarsi? \"Come e su cosa si pu\u00f2 fondare un'esistenza su questa incertezza?\". \u00c8 un pensiero che spinge e rallenta allo stesso tempo.<\/p>\n<p>&nbsp;<\/p>\n<p>Sentiamo l'altra parte, i datori di lavoro e gli imprenditori. Non \u00e8 che il problema dietro il problema delle prestazioni non si veda. Ma ad esso si sovrappone un altro problema: quello dell'economia globale, con la sua pressione sempre pi\u00f9 opprimente a razionalizzare ed esternalizzare le attivit\u00e0 in luoghi dove la struttura salariale \u00e8 diversa. Questo comporterebbe una pressione sempre maggiore a considerare il personale come un fattore di costo e a trattarlo di conseguenza. Non sono solo gli azionisti che si aspettano sempre di pi\u00f9 da sempre meno persone.<\/p>\n<p><strong>Le conseguenze incombenti della digitalizzazione<\/strong><br \/>\nE poi crescerebbe anche la competizione uomo-macchina. Anche questo non dovrebbe essere tralasciato. La digitalizzazione1 dell'economia, per dirla in termini generali, non rende affatto superflui i lavoratori. Ma sta diventando sempre pi\u00f9 facile e convincente riempire i posti di lavoro con le macchine invece che con le persone. E questo processo di spostamento non \u00e8 affatto forte solo dove le qualifiche sono pi\u00f9 basse.<\/p>\n<p>&nbsp;<\/p>\n<p>Stiamo parlando dell'economia 4.0, l'era nascente della produzione in rete, in cui le macchine comunicano tra loro e anche con i prodotti che producono. Questo include anche la possibilit\u00e0 di produzione personalizzata con stampanti 3D. Gli odontotecnici dei laboratori odontoiatrici, per esempio, probabilmente sentiranno sempre di pi\u00f9 nel prossimo futuro la concorrenza di questa nuova possibilit\u00e0 nella produzione di corone dentali. Anche i Big Data, la capacit\u00e0 in rapida crescita di elaborare enormi quantit\u00e0 di dati, vengono affrontati. Sia nella produzione che nel settore dei servizi in senso lato, i responsabili stanno affrontando cambiamenti rivoluzionari.<\/p>\n<p><strong>Concorrenza globale per i posti di lavoro<\/strong><br \/>\nSi parla gi\u00e0 di un'economia che deve reinventarsi. L'economista austriaco Schumpeter trov\u00f2 un termine molto pi\u00f9 elegante per questo: \"distruzione creativa\". Naturalmente, questo progresso non solo distrugge creativamente posti di lavoro, ma ne crea anche di nuovi. Ma per chi? E: quanto effettivamente? Che ci sar\u00e0 concorrenza tra la forza lavoro animata e la forza lavoro inanimata \u00e8 fuori discussione. E sembra anche che non ci siano dubbi sul fatto che questa competizione emergente promette di essere esplosiva. Lo studio HWWI, in ogni caso, non lascia dubbi su questo.<\/p>\n<p>&nbsp;<\/p>\n<p>Per avere un quadro pi\u00f9 chiaro di ci\u00f2 che sta per accadere, vi rimando a ci\u00f2 che scrive Jim Clifton della societ\u00e0 di sondaggi Gallup nel suo libro \"The Coming Jobs War\": Degli oltre cinque miliardi di persone oltre i 15 anni in futuro, tre miliardi vorranno lavorare, ma i lavori a tempo pieno saranno disponibili solo per 1,2 miliardi. Ci sar\u00e0 una competizione globale per i posti di lavoro disponibili. E poter partecipare a questa competizione - ancora una volta il titolo del libro: \"The Coming Jobs War\" - sar\u00e0 probabilmente possibile solo per coloro che sono disposti a fare uno sforzo. Indipendentemente dal fatto che siano dipendenti o imprenditori a pieno titolo.<\/p>\n<p><strong>Inadatto alle esigenze quotidiane?<\/strong><br \/>\n\"Perch\u00e9 dovrei sforzarmi quando, anche con le migliori prestazioni, tutti i posti di lavoro sono fondamentalmente in palio quando l'azienda deve essere girata ancora una volta perch\u00e9 i costi devono essere tagliati per la cosmesi del bilancio?\" Guardiamo il rovescio della medaglia di questa citazione. Ecco cosa ha da dire la psicoterapeuta zurighese Gisela Ana C\u00f6ppicus: \"Nella pratica psicoterapeutica, vediamo spesso giovani narcisisticamente disturbati, intelligenti ma arroganti, che si nutrono della conoscenza di Internet ma riescono a malapena a mettersi in piedi professionalmente. Danno l'impressione di aspiranti nerd molto intelligenti, ma sono inadatti alle esigenze della vita quotidiana\".<\/p>\n<p>&nbsp;<\/p>\n<p>Le esigenze della vita quotidiana. Infatti, causano problemi perch\u00e9 esigono \"qualcosa\", cio\u00e8 l'impegno. Un problema generazionale? Date un'occhiata allo studio sul lavoro 2015 dei consulenti di gestione EY Ernst &amp; Young. Da un lato, si dice che l'economia ha a disposizione lavoratori altamente impegnati nella generazione degli over 60. E d'altra parte, che i membri della generazione pi\u00f9 giovane sono pi\u00f9 difficili da motivare. Non tutti, ovviamente. Ma a quanto pare un bel po' di loro<\/p>\n<p>&nbsp;<\/p>\n<p>Gli imprenditori, i dirigenti e gli esausti operai dei mestieri specializzati parlano meno apertamente della svogliatezza e della mancanza di interesse della maggior parte di loro, a volte senza fiato. Si lamentano anche della loro mancanza di resilienza e di facolt\u00e0 critiche, cos\u00ec come di un pronunciato egocentrismo e di un senso di diritto che non ha alcuna relazione con le loro prestazioni. Lo stesso vale per il fatto che \"fanno cadere il secchio\" quando suona la campana alla fine della giornata lavorativa. Secondo altri studi, il bisogno di tempo libero \u00e8 molto pi\u00f9 importante della costruzione di una stabilit\u00e0 professionale, che tiene conto anche delle inevitabili interruzioni di carriera e dei nuovi inizi. Nella competizione tra prestazioni e aspirazioni, le prime sembrano ottenere un trattamento peggiore. In un mondo in uno stato di sconvolgimento galoppante, dobbiamo mettere in guardia contro questa miopia.<\/p>\n<p><strong>L'autoefficacia<\/strong><br \/>\nL'impulso principale di questo avvertimento \u00e8 l'indicazione dal lato terapeutico che quando la stabilit\u00e0 esterna si rompe, lo sforzo per raggiungere la stabilit\u00e0 interna diventa sempre pi\u00f9 importante. E la sensazione rassicurante di poter eseguire, di poter affrontare qualcosa e portarlo a termine anche di fronte alla resistenza, insomma, di potersi affermare, gioca un ruolo molto centrale in questo. Per Thomas Weegen, amministratore delegato di Coverdale Unternehmensberatung a Monaco, che conosce bene le perturbazioni, gli sconvolgimenti e le incongruenze dell'economia, \"la performance dovrebbe quindi essere sempre entrambe le cose: un dovere verso il datore di lavoro tanto quanto lo \u00e8 verso se stessi\". Weegen ritiene che l'idea sbagliata che coloro che forniscono una performance decente stanno solo facendo qualcosa per il loro datore di lavoro \u00e8 eccezionalmente autolesionista nelle circostanze attuali.<\/p>\n<p>&nbsp;<\/p>\n<p>Una notevole coincidenza di due dita. Cosa li collega? Tra le altre cose, il nome di Albert Bandura e il suo concetto di \"autoefficacia percepita\". Alla fine degli anni '70, lo psicologo canadese ha introdotto il concetto di aspettative di autoefficacia o self-efficacy. In termini semplici, questo si riferisce alla convinzione stabilizzante che una persona \u00e8 in grado di far fronte a compiti nuovi o difficili sulla base di prestazioni comprovate. Sai che puoi fare qualcosa. Anche quando il vento soffia forte in faccia e la terra trema sotto i piedi.<\/p>\n<p>&nbsp;<\/p>\n<p>L'autoefficacia sta quindi per una convinzione ben fondata nella propria capacit\u00e0 di affrontare la vita. \"E questo dovrebbe sicuramente essere allenato anche attraverso le prestazioni sul lavoro\", dice Weegen. La sensazione di aver saputo affrontare la pressione, l'incertezza e l'imprevedibilit\u00e0 della vita lavorativa diventa il motore decisivo per un nuovo inizio nel caso di un cambio di carriera che ora \u00e8 possibile in qualsiasi momento. Il \"Dorsch\", l'opera standard della psicologia pubblicata recentemente nella sua 17\u00b0 edizione, sottolinea questo punto di vista. A pagina 1507 si dice: \"Un'alta S (= autoefficacia) era associata, tra l'altro, a meno frequenti disturbi d'ansia e depressione, buone prestazioni accademiche e professionali, basse reazioni allo stress, rapida gestione degli eventi critici della vita, alta tolleranza al dolore, miglior sistema immunitario, relazioni sociali soddisfacenti e alto benessere\".<\/p>","protected":false},"excerpt":{"rendered":"<p>D ie Selbstverst\u00e4ndlichkeit, mit der heute Personal als Kostenfaktor gesehen und behandelt wird, und die unabl\u00e4ssige Suche nach M\u00f6glichkeiten zur Senkung der Personalkosten f\u00f6rdert erkennbar nicht die Leistungsbereitschaft. Gleiches bewirkt der beinahe schon regelhafte Austausch der meist teureren (und gegen\u00fcber der Unternehmenspolitik oft auch widersetzlicheren) \u00c4lteren durch preiswerter zu besch\u00e4ftigende (und leichter zu dirigierende) J\u00fcngere. [&hellip;]<\/p>\n","protected":false},"author":66,"featured_media":0,"comment_status":"closed","ping_status":"closed","sticky":false,"template":"","format":"standard","meta":{"_acf_changed":false,"footnotes":""},"categories":[5],"tags":[4771],"class_list":["post-11156","post","type-post","status-publish","format-standard","hentry","category-business_excellence","tag-1-2-2016"],"acf":[],"yoast_head":"<!-- This site is optimized with the Yoast SEO plugin v26.2 - https:\/\/yoast.com\/wordpress\/plugins\/seo\/ -->\n<title>Der Lohn der T\u00fcchtigen - MQ Management und Qualit\u00e4t<\/title>\n<meta name=\"description\" content=\"Weshalb es empfehlenswert ist, die eigene Leistungsbereitschaft nicht gar zu sparsam zu portionieren, worauf diese Empfehlung beruht und was deren Befolgung einbringt.\" \/>\n<meta name=\"robots\" content=\"index, follow, max-snippet:-1, max-image-preview:large, max-video-preview:-1\" \/>\n<link rel=\"canonical\" href=\"https:\/\/www.m-q.ch\/it\/la-ricompensa-dei-coraggiosi\/\" \/>\n<meta property=\"og:locale\" content=\"it_IT\" \/>\n<meta property=\"og:type\" content=\"article\" \/>\n<meta property=\"og:title\" content=\"Der Lohn der T\u00fcchtigen - MQ Management und Qualit\u00e4t\" \/>\n<meta property=\"og:description\" content=\"Weshalb es empfehlenswert ist, die eigene Leistungsbereitschaft nicht gar zu sparsam zu portionieren, worauf diese Empfehlung beruht und was deren Befolgung einbringt.\" \/>\n<meta property=\"og:url\" content=\"https:\/\/www.m-q.ch\/it\/la-ricompensa-dei-coraggiosi\/\" \/>\n<meta property=\"og:site_name\" content=\"MQ Management und Qualit\u00e4t\" \/>\n<meta property=\"article:publisher\" content=\"https:\/\/www.facebook.com\/ManagementUndQualitaet\" \/>\n<meta property=\"article:published_time\" content=\"2016-01-05T13:07:27+00:00\" \/>\n<meta property=\"article:modified_time\" content=\"2021-02-12T15:01:56+00:00\" \/>\n<meta name=\"author\" content=\"upwork_1\" \/>\n<meta name=\"twitter:card\" content=\"summary_large_image\" \/>\n<meta name=\"twitter:label1\" content=\"Scritto da\" \/>\n\t<meta name=\"twitter:data1\" content=\"upwork_1\" \/>\n\t<meta name=\"twitter:label2\" content=\"Tempo di lettura stimato\" \/>\n\t<meta name=\"twitter:data2\" content=\"7 minuti\" \/>\n<script type=\"application\/ld+json\" class=\"yoast-schema-graph\">{\"@context\":\"https:\/\/schema.org\",\"@graph\":[{\"@type\":\"Article\",\"@id\":\"https:\/\/www.m-q.ch\/der-lohn-der-tuechtigen\/#article\",\"isPartOf\":{\"@id\":\"https:\/\/www.m-q.ch\/der-lohn-der-tuechtigen\/\"},\"author\":{\"name\":\"upwork_1\",\"@id\":\"https:\/\/www.m-q.ch\/fr\/#\/schema\/person\/0bdf39ca27d0b9b779f5b8af54b3f7d7\"},\"headline\":\"Der Lohn der T\u00fcchtigen\",\"datePublished\":\"2016-01-05T13:07:27+00:00\",\"dateModified\":\"2021-02-12T15:01:56+00:00\",\"mainEntityOfPage\":{\"@id\":\"https:\/\/www.m-q.ch\/der-lohn-der-tuechtigen\/\"},\"wordCount\":1337,\"publisher\":{\"@id\":\"https:\/\/www.m-q.ch\/fr\/#organization\"},\"keywords\":[\"1\u20132\/2016\"],\"articleSection\":[\"Business Excellence\"],\"inLanguage\":\"it-IT\"},{\"@type\":\"WebPage\",\"@id\":\"https:\/\/www.m-q.ch\/der-lohn-der-tuechtigen\/\",\"url\":\"https:\/\/www.m-q.ch\/der-lohn-der-tuechtigen\/\",\"name\":\"Der Lohn der T\u00fcchtigen - MQ Management und Qualit\u00e4t\",\"isPartOf\":{\"@id\":\"https:\/\/www.m-q.ch\/fr\/#website\"},\"datePublished\":\"2016-01-05T13:07:27+00:00\",\"dateModified\":\"2021-02-12T15:01:56+00:00\",\"description\":\"Weshalb es empfehlenswert ist, die eigene Leistungsbereitschaft nicht gar zu sparsam zu portionieren, worauf diese Empfehlung beruht und was deren Befolgung einbringt.\",\"breadcrumb\":{\"@id\":\"https:\/\/www.m-q.ch\/der-lohn-der-tuechtigen\/#breadcrumb\"},\"inLanguage\":\"it-IT\",\"potentialAction\":[{\"@type\":\"ReadAction\",\"target\":[\"https:\/\/www.m-q.ch\/der-lohn-der-tuechtigen\/\"]}]},{\"@type\":\"BreadcrumbList\",\"@id\":\"https:\/\/www.m-q.ch\/der-lohn-der-tuechtigen\/#breadcrumb\",\"itemListElement\":[{\"@type\":\"ListItem\",\"position\":1,\"name\":\"Business Excellence\",\"item\":\"https:\/\/www.m-q.ch\/kategorie\/business_excellence\/\"},{\"@type\":\"ListItem\",\"position\":2,\"name\":\"Der Lohn der T\u00fcchtigen\"}]},{\"@type\":\"WebSite\",\"@id\":\"https:\/\/www.m-q.ch\/fr\/#website\",\"url\":\"https:\/\/www.m-q.ch\/fr\/\",\"name\":\"MQ Management und Qualit\u00e4t\",\"description\":\"Plattform f\u00fcr integrierte Managementsysteme.\",\"publisher\":{\"@id\":\"https:\/\/www.m-q.ch\/fr\/#organization\"},\"potentialAction\":[{\"@type\":\"SearchAction\",\"target\":{\"@type\":\"EntryPoint\",\"urlTemplate\":\"https:\/\/www.m-q.ch\/fr\/?s={search_term_string}\"},\"query-input\":{\"@type\":\"PropertyValueSpecification\",\"valueRequired\":true,\"valueName\":\"search_term_string\"}}],\"inLanguage\":\"it-IT\"},{\"@type\":\"Organization\",\"@id\":\"https:\/\/www.m-q.ch\/fr\/#organization\",\"name\":\"Galledia Fachmedien AG\",\"url\":\"https:\/\/www.m-q.ch\/fr\/\",\"logo\":{\"@type\":\"ImageObject\",\"inLanguage\":\"it-IT\",\"@id\":\"https:\/\/www.m-q.ch\/fr\/#\/schema\/logo\/image\/\",\"url\":\"https:\/\/www.m-q.ch\/wp-content\/uploads\/2020\/12\/cropped-logo_small.png\",\"contentUrl\":\"https:\/\/www.m-q.ch\/wp-content\/uploads\/2020\/12\/cropped-logo_small.png\",\"width\":512,\"height\":512,\"caption\":\"Galledia Fachmedien AG\"},\"image\":{\"@id\":\"https:\/\/www.m-q.ch\/fr\/#\/schema\/logo\/image\/\"},\"sameAs\":[\"https:\/\/www.facebook.com\/ManagementUndQualitaet\",\"https:\/\/www.linkedin.com\/showcase\/17982321\/admin\/\"]},{\"@type\":\"Person\",\"@id\":\"https:\/\/www.m-q.ch\/fr\/#\/schema\/person\/0bdf39ca27d0b9b779f5b8af54b3f7d7\",\"name\":\"upwork_1\",\"image\":{\"@type\":\"ImageObject\",\"inLanguage\":\"it-IT\",\"@id\":\"https:\/\/www.m-q.ch\/fr\/#\/schema\/person\/image\/\",\"url\":\"https:\/\/secure.gravatar.com\/avatar\/04d4d0fdc5886d535809f17d0eace7f6?s=96&d=mm&r=g\",\"contentUrl\":\"https:\/\/secure.gravatar.com\/avatar\/04d4d0fdc5886d535809f17d0eace7f6?s=96&d=mm&r=g\",\"caption\":\"upwork_1\"},\"url\":\"https:\/\/www.m-q.ch\/it\/author\/upwork_1\/\"}]}<\/script>\n<!-- \/ Yoast SEO plugin. -->","yoast_head_json":{"title":"La ricompensa dei coraggiosi - MQ Management and Quality","description":"Ecco perch\u00e9 \u00e8 consigliabile non porzionare la propria volont\u00e0 di eseguire con troppa parsimonia, su cosa si basa questa raccomandazione e cosa comporta la sua osservanza.","robots":{"index":"index","follow":"follow","max-snippet":"max-snippet:-1","max-image-preview":"max-image-preview:large","max-video-preview":"max-video-preview:-1"},"canonical":"https:\/\/www.m-q.ch\/it\/la-ricompensa-dei-coraggiosi\/","og_locale":"it_IT","og_type":"article","og_title":"Der Lohn der T\u00fcchtigen - MQ Management und Qualit\u00e4t","og_description":"Weshalb es empfehlenswert ist, die eigene Leistungsbereitschaft nicht gar zu sparsam zu portionieren, worauf diese Empfehlung beruht und was deren Befolgung einbringt.","og_url":"https:\/\/www.m-q.ch\/it\/la-ricompensa-dei-coraggiosi\/","og_site_name":"MQ Management und Qualit\u00e4t","article_publisher":"https:\/\/www.facebook.com\/ManagementUndQualitaet","article_published_time":"2016-01-05T13:07:27+00:00","article_modified_time":"2021-02-12T15:01:56+00:00","author":"upwork_1","twitter_card":"summary_large_image","twitter_misc":{"Scritto da":"upwork_1","Tempo di lettura stimato":"7 minuti"},"schema":{"@context":"https:\/\/schema.org","@graph":[{"@type":"Article","@id":"https:\/\/www.m-q.ch\/der-lohn-der-tuechtigen\/#article","isPartOf":{"@id":"https:\/\/www.m-q.ch\/der-lohn-der-tuechtigen\/"},"author":{"name":"upwork_1","@id":"https:\/\/www.m-q.ch\/fr\/#\/schema\/person\/0bdf39ca27d0b9b779f5b8af54b3f7d7"},"headline":"Der Lohn der T\u00fcchtigen","datePublished":"2016-01-05T13:07:27+00:00","dateModified":"2021-02-12T15:01:56+00:00","mainEntityOfPage":{"@id":"https:\/\/www.m-q.ch\/der-lohn-der-tuechtigen\/"},"wordCount":1337,"publisher":{"@id":"https:\/\/www.m-q.ch\/fr\/#organization"},"keywords":["1\u20132\/2016"],"articleSection":["Business Excellence"],"inLanguage":"it-IT"},{"@type":"WebPage","@id":"https:\/\/www.m-q.ch\/der-lohn-der-tuechtigen\/","url":"https:\/\/www.m-q.ch\/der-lohn-der-tuechtigen\/","name":"La ricompensa dei coraggiosi - MQ Management and Quality","isPartOf":{"@id":"https:\/\/www.m-q.ch\/fr\/#website"},"datePublished":"2016-01-05T13:07:27+00:00","dateModified":"2021-02-12T15:01:56+00:00","description":"Ecco perch\u00e9 \u00e8 consigliabile non porzionare la propria volont\u00e0 di eseguire con troppa parsimonia, su cosa si basa questa raccomandazione e cosa comporta la sua osservanza.","breadcrumb":{"@id":"https:\/\/www.m-q.ch\/der-lohn-der-tuechtigen\/#breadcrumb"},"inLanguage":"it-IT","potentialAction":[{"@type":"ReadAction","target":["https:\/\/www.m-q.ch\/der-lohn-der-tuechtigen\/"]}]},{"@type":"BreadcrumbList","@id":"https:\/\/www.m-q.ch\/der-lohn-der-tuechtigen\/#breadcrumb","itemListElement":[{"@type":"ListItem","position":1,"name":"Business Excellence","item":"https:\/\/www.m-q.ch\/kategorie\/business_excellence\/"},{"@type":"ListItem","position":2,"name":"Der Lohn der T\u00fcchtigen"}]},{"@type":"WebSite","@id":"https:\/\/www.m-q.ch\/fr\/#website","url":"https:\/\/www.m-q.ch\/fr\/","name":"Gestione e qualit\u00e0 MQ","description":"Piattaforma per sistemi di gestione integrati.","publisher":{"@id":"https:\/\/www.m-q.ch\/fr\/#organization"},"potentialAction":[{"@type":"SearchAction","target":{"@type":"EntryPoint","urlTemplate":"https:\/\/www.m-q.ch\/fr\/?s={search_term_string}"},"query-input":{"@type":"PropertyValueSpecification","valueRequired":true,"valueName":"search_term_string"}}],"inLanguage":"it-IT"},{"@type":"Organization","@id":"https:\/\/www.m-q.ch\/fr\/#organization","name":"Galledia Fachmedien AG","url":"https:\/\/www.m-q.ch\/fr\/","logo":{"@type":"ImageObject","inLanguage":"it-IT","@id":"https:\/\/www.m-q.ch\/fr\/#\/schema\/logo\/image\/","url":"https:\/\/www.m-q.ch\/wp-content\/uploads\/2020\/12\/cropped-logo_small.png","contentUrl":"https:\/\/www.m-q.ch\/wp-content\/uploads\/2020\/12\/cropped-logo_small.png","width":512,"height":512,"caption":"Galledia Fachmedien AG"},"image":{"@id":"https:\/\/www.m-q.ch\/fr\/#\/schema\/logo\/image\/"},"sameAs":["https:\/\/www.facebook.com\/ManagementUndQualitaet","https:\/\/www.linkedin.com\/showcase\/17982321\/admin\/"]},{"@type":"Person","@id":"https:\/\/www.m-q.ch\/fr\/#\/schema\/person\/0bdf39ca27d0b9b779f5b8af54b3f7d7","name":"upwork_1","image":{"@type":"ImageObject","inLanguage":"it-IT","@id":"https:\/\/www.m-q.ch\/fr\/#\/schema\/person\/image\/","url":"https:\/\/secure.gravatar.com\/avatar\/04d4d0fdc5886d535809f17d0eace7f6?s=96&d=mm&r=g","contentUrl":"https:\/\/secure.gravatar.com\/avatar\/04d4d0fdc5886d535809f17d0eace7f6?s=96&d=mm&r=g","caption":"upwork_1"},"url":"https:\/\/www.m-q.ch\/it\/author\/upwork_1\/"}]}},"_links":{"self":[{"href":"https:\/\/www.m-q.ch\/it\/wp-json\/wp\/v2\/posts\/11156","targetHints":{"allow":["GET"]}}],"collection":[{"href":"https:\/\/www.m-q.ch\/it\/wp-json\/wp\/v2\/posts"}],"about":[{"href":"https:\/\/www.m-q.ch\/it\/wp-json\/wp\/v2\/types\/post"}],"author":[{"embeddable":true,"href":"https:\/\/www.m-q.ch\/it\/wp-json\/wp\/v2\/users\/66"}],"replies":[{"embeddable":true,"href":"https:\/\/www.m-q.ch\/it\/wp-json\/wp\/v2\/comments?post=11156"}],"version-history":[{"count":3,"href":"https:\/\/www.m-q.ch\/it\/wp-json\/wp\/v2\/posts\/11156\/revisions"}],"predecessor-version":[{"id":11231,"href":"https:\/\/www.m-q.ch\/it\/wp-json\/wp\/v2\/posts\/11156\/revisions\/11231"}],"wp:attachment":[{"href":"https:\/\/www.m-q.ch\/it\/wp-json\/wp\/v2\/media?parent=11156"}],"wp:term":[{"taxonomy":"category","embeddable":true,"href":"https:\/\/www.m-q.ch\/it\/wp-json\/wp\/v2\/categories?post=11156"},{"taxonomy":"post_tag","embeddable":true,"href":"https:\/\/www.m-q.ch\/it\/wp-json\/wp\/v2\/tags?post=11156"}],"curies":[{"name":"wp","href":"https:\/\/api.w.org\/{rel}","templated":true}]}}