{"id":11203,"date":"2017-04-01T15:23:35","date_gmt":"2017-04-01T13:23:35","guid":{"rendered":"https:\/\/www.m-q.ch\/?p=11203"},"modified":"2021-02-12T15:30:22","modified_gmt":"2021-02-12T14:30:22","slug":"che-ha-stuzzicato-lappetito","status":"publish","type":"post","link":"https:\/\/www.m-q.ch\/it\/das-machte-appetit\/","title":{"rendered":"Questo mi ha fatto venire l'appetito!"},"content":{"rendered":"<p><img loading=\"lazy\" decoding=\"async\" class=\"alignnone size-full wp-image-11213\" src=\"https:\/\/www.m-q.ch\/wp-content\/uploads\/2021\/02\/Das-machte-Appetit.jpg\" alt=\"Questo mi ha fatto venire l&#039;appetito!\" width=\"869\" height=\"558\" srcset=\"https:\/\/www.m-q.ch\/wp-content\/uploads\/2021\/02\/Das-machte-Appetit.jpg 869w, https:\/\/www.m-q.ch\/wp-content\/uploads\/2021\/02\/Das-machte-Appetit-768x493.jpg 768w, https:\/\/www.m-q.ch\/wp-content\/uploads\/2021\/02\/Das-machte-Appetit-16x10.jpg 16w, https:\/\/www.m-q.ch\/wp-content\/uploads\/2021\/02\/Das-machte-Appetit-273x175.jpg 273w, https:\/\/www.m-q.ch\/wp-content\/uploads\/2021\/02\/Das-machte-Appetit-545x350.jpg 545w, https:\/\/www.m-q.ch\/wp-content\/uploads\/2021\/02\/Das-machte-Appetit-300x193.jpg 300w\" sizes=\"auto, (max-width: 869px) 100vw, 869px\" \/><\/p>\n<p>&nbsp;<\/p>\n<p>&nbsp;<\/p>\n<p>Rispetto agli anni precedenti, il Forum ESPRIX di quest'anno \u00e8 stato caratterizzato da un cambiamento significativo. Per la prima volta, non si tenne pi\u00f9 nella sala dei concerti, ma nella pi\u00f9 piccola Lucerne Hall. Ma questo non ha in alcun modo diminuito la qualit\u00e0 della conferenza. Al contrario: con 400 partecipanti, il numero di ospiti \u00e8 stato anche inferiore a quello degli anni precedenti, rendendo pi\u00f9 facili i contatti personali tra i partecipanti.<\/p>\n<p><strong>Estensione del presente?<\/strong><br \/>\nAncora una volta, la Fondazione ESPRIX come organizzatore \u00e8 riuscita a mettere insieme un interessante pannello di relatori. Anche il tema della conferenza \"Appetito per il futuro? Il filosofo e pubblicista Lud-wig Hasler ha iniziato esprimendo i suoi pensieri, notando che \u00e8 difficile parlare del futuro in Svizzera \"perch\u00e9 il presente \u00e8 cos\u00ec lucido\". Le attuali soluzioni ai problemi, di cui si occupano i nostri leader politici, in realt\u00e0 mirano solo a \"migliorare il presente\". Ha dato al pubblico tre idee per stuzzicare il loro appetito per il futuro: primo, il futuro \u00e8 qualcosa per i \"desiderosi\"; secondo, il futuro ha bisogno di essere scoperto; e terzo, l'immaginazione \u00e8 meglio della conoscenza quando si tratta del futuro.<\/p>\n<p>&nbsp;<\/p>\n<p>Per Christian Methe, esperto di trasformazione digitale, il futuro \u00e8 gi\u00e0 iniziato. Lo ha dimostrato direttamente con la sua \"compagna di conversazione virtuale\" Alexa, un'interfaccia controllata dalla voce per Internet. Il futuro appartiene ai comandi vocali e le app sono sempre pi\u00f9 sostituite da essi. Christian Methe ha poi mostrato al pubblico una sorta di bussola per affrontare la digitalizzazione nelle proprie aziende attraverso la strategia, la chiarificazione dei bisogni e delle esigenze, i dati, l'organizzazione e le procedure. \"Inizia ora\", \u00e8 stato il suo appello conclusivo.<\/p>\n<p><strong>Una questione di persone e di energia<\/strong><br \/>\nQuando si parla di digitalizzazione, a un certo punto viene fuori il termine \"Industria 4.0\". A questo proposito, Rupert Hoellba-cher, direttore dello stabilimento Bosch di Blaichach (Germania meridionale), ha fornito lezioni visive concrete. Ha mostrato come funziona l'Industria 4.0 nella sua azienda, vale a dire sulla base del networking (macchine e sistemi di controllo), le informazioni (sono generate dai dati raccolti), e l'uso dei dati.<\/p>\n<p>&nbsp;<\/p>\n<p><em><strong>\"La promozione \u00e8 il doping: \u00e8 costoso e ha effetti collaterali\".<\/strong><\/em><\/p>\n<p>&nbsp;<\/p>\n<p>dati), conoscenza (derivazione di raccomandazioni dalle informazioni) al pi\u00f9 alto livello di maturit\u00e0 con previsioni e processi decisionali automatizzati. Tuttavia, \"Industria 4.0 senza persone \u00e8 una perdita di tempo\", dice Hoellbacher, sottolineando che anche alla Bosch, le macchine non possono sostituire completamente i dipendenti.<\/p>\n<p>&nbsp;<\/p>\n<p>Un altro progetto promettente \u00e8 stato al centro della presentazione di Rolf Huber. \u00c8 il fondatore e membro del consiglio di H2 Energy AG. Insieme a quattro colleghi, si \u00e8 prefisso di realizzare la sua visione di guidare un'auto a ciclo idrico chiuso, completamente a zero emissioni di CO2. Mentre i gestori delle stazioni di rifornimento e i produttori di automobili si ostacolano a vicenda - sebbene la tecnologia dell'idrogeno sia disponibile come fonte di energia - loro hanno preso in mano la situazione: hanno cercato e trovato da soli i partner giusti e alla fine sono riusciti a creare la prima stazione di rifornimento di idrogeno pubblica in Svizzera e a costruire un camion alimentato a idrogeno. E tutto questo quasi senza sovvenzioni, perch\u00e9 \"le sovvenzioni sono il doping: sono costose e hanno effetti collaterali\", come ha riassunto Rolf Huber. Solo senza finanziamenti si diventa veramente creativi e innovativi. E il successo? Una realizzazione pionieristica, portata avanti da un piccolo team, che solo ora comincia a fare scalpore tra i grandi attori.<\/p>\n<p><strong>Creativit\u00e0 non sostituibile<\/strong><br \/>\nLa seconda met\u00e0 della conferenza si \u00e8 concentrata maggiormente sul \"fattore umano\". Andreas Herz, per esempio, descrive la resilienza come il carburante delle persone di successo. Rialzarsi dopo i colpi del destino: Egli \u00e8 stato in grado di riferire su questo dalla propria dolorosa esperienza. Dopo una diagnosi di cancro, ha lottato per tornare alla vita. L'allenamento personale lo ha aiutato molto a sopportare meglio le avversit\u00e0 del trattamento del cancro. Essere in grado di gestire se stessi \u00e8 un'abilit\u00e0 di cui i manager in particolare hanno bisogno pi\u00f9 che mai. Andreas Herz ha menzionato la \"mindfulness\" - intesa anche come la qualit\u00e0 di essere in grado di prendersi cura di se stessi - come un concetto chiave in questo contesto.<\/p>\n<p>&nbsp;<\/p>\n<p>Poi fu il turno di Gerd Leonhard. Come futurista, non \u00e8 un futurologo; \"non prevedo nulla, mi limito ad osservare\", cos\u00ec descrive il termine, che \u00e8 ancora poco conosciuto in questo paese. Nella sua presentazione, Gerd Leonhard si \u00e8 concentrato sul contrasto tra \"Tecnologia vs. Umanit\u00e0\", che \u00e8 anche il titolo del suo ultimo libro. Vede il presente come il \"decollo\" di un cambiamento tecnologico esponenziale. Le macchine possono osservare, ma non possono esistere\", dice Gerd Leonhard. La creativit\u00e0 e l'intelligenza emotiva sono abilit\u00e0 umane che non possono essere sostituite da algoritmi. La routine dovrebbe certamente essere delegata alle macchine, ma l'efficienza non dovrebbe mai avere la precedenza sull'umanit\u00e0.<\/p>\n<p>&nbsp;<\/p>\n<p>Infine, Patrick D. Cowden ha continuato il filo e ha spiegato che non si tratta di sistemi e tecnologie, ma sempre anche del fattore umano. \u00c8 questo fattore che ha sempre fatto la differenza decisiva. La base della qualit\u00e0 sta nella volont\u00e0 di cooperare. Infine, il pi\u00f9 grande bisogno umano risiede nella ricerca di relazioni. \"Il futuro sono le persone - e noi siamo l'alternativa\", conclude Cowden.<\/p>\n<p><strong>Eccellenza premiata<\/strong><br \/>\nE infine, la presentazione dell'ESPRIX Swiss Award for Excellence ha riguardato anche le persone e la loro eccellenza. Anche se nessuno dei due finalisti ha raggiunto il numero di punti richiesti per il premio effettivo, la Noser Engineering AG \u00e8 stata comunque una degna vincitrice (vedi riquadro). Ancora una volta, \u00e8 diventato chiaro che questo non \u00e8 un \"premio per il gusto di farlo\", ma un premio che un'organizzazione deve guadagnare attraverso la performance.<\/p>\n<p>&nbsp;<\/p>\n<p>Il Forum per l'eccellenza \u00e8 stato incorniciato musicalmente dalle performance della cantante di chanson lucernese Milena. Ha presentato - accompagnata dalla sua band - alcuni pezzi del suo repertorio di composizioni originali e straniere. La presentatrice Sandra Stu-der ha guidato il pubblico attraverso l'evento in modo sicuro e abile, che ha davvero stuzzicato il loro appetito per un futuro in cui la qualit\u00e0 e l'eccellenza avranno probabilmente un ruolo pi\u00f9 importante che mai. E a proposito di futuro: il nuovo ESPRIX Sum-mit avr\u00e0 luogo il 20 giugno 2018 - il forum collaudato subir\u00e0 quindi un \"rinnovamento a tutto tondo\".<\/p>\n<p>&nbsp;<\/p>\n<p>&nbsp;<\/p>","protected":false},"excerpt":{"rendered":"<p>&nbsp; &nbsp; Das diesj\u00e4hrige ESPRIX Forum wartete ge-gen\u00fcber den Vorjahren mit einer gewichtigen Ver\u00e4nderung auf. Erstmals fand es nicht mehr im Konzertsaal statt, sondern im kleineren Luzerner Saal. Doch dies tat der Qualit\u00e4t der Tagung in keiner Weise Abbruch. Im Gegen-teil: Die mit 400 Teilnehmenden ebenfalls gegen\u00fcber fr\u00fcheren Jahren geringere G\u00e4ste-zahl machte pers\u00f6nliche Kontakte unter [&hellip;]<\/p>\n","protected":false},"author":62,"featured_media":0,"comment_status":"closed","ping_status":"closed","sticky":false,"template":"","format":"standard","meta":{"_acf_changed":false,"footnotes":""},"categories":[4448],"tags":[4772],"class_list":["post-11203","post","type-post","status-publish","format-standard","hentry","category-allgemein","tag-04-2017"],"acf":[],"yoast_head":"<!-- This site is optimized with the Yoast SEO plugin v26.2 - https:\/\/yoast.com\/wordpress\/plugins\/seo\/ -->\n<title>Das machte Appetit! - MQ Management und Qualit\u00e4t<\/title>\n<meta name=\"description\" content=\"Am 9. M\u00e4rz fand im KKL in Luzern das ESPRIX Forum f\u00fcr Excellence statt. F\u00fcr einen ausgewogenen Mix aus Gedankenanst\u00f6ssen und Best Practice sorgten Referenten wie Ludwig Hasler, Christian Methe, Rolf Huber, Gerd Leonhard oder PatrickD. Cowden. Und aus zwei Finalisten um den ESPRIX Swiss Award for Excellence wurde der diesj\u00e4hrige Preistr\u00e4ger gek\u00fcrt.\" \/>\n<meta name=\"robots\" content=\"index, follow, max-snippet:-1, max-image-preview:large, max-video-preview:-1\" \/>\n<link rel=\"canonical\" href=\"https:\/\/www.m-q.ch\/it\/che-ha-stuzzicato-lappetito\/\" \/>\n<meta property=\"og:locale\" content=\"it_IT\" \/>\n<meta property=\"og:type\" content=\"article\" \/>\n<meta property=\"og:title\" content=\"Das machte Appetit! - MQ Management und Qualit\u00e4t\" \/>\n<meta property=\"og:description\" content=\"Am 9. M\u00e4rz fand im KKL in Luzern das ESPRIX Forum f\u00fcr Excellence statt. F\u00fcr einen ausgewogenen Mix aus Gedankenanst\u00f6ssen und Best Practice sorgten Referenten wie Ludwig Hasler, Christian Methe, Rolf Huber, Gerd Leonhard oder PatrickD. Cowden. Und aus zwei Finalisten um den ESPRIX Swiss Award for Excellence wurde der diesj\u00e4hrige Preistr\u00e4ger gek\u00fcrt.\" \/>\n<meta property=\"og:url\" content=\"https:\/\/www.m-q.ch\/it\/che-ha-stuzzicato-lappetito\/\" \/>\n<meta property=\"og:site_name\" content=\"MQ Management und Qualit\u00e4t\" \/>\n<meta property=\"article:publisher\" content=\"https:\/\/www.facebook.com\/ManagementUndQualitaet\" \/>\n<meta property=\"article:published_time\" content=\"2017-04-01T13:23:35+00:00\" \/>\n<meta property=\"article:modified_time\" content=\"2021-02-12T14:30:22+00:00\" \/>\n<meta property=\"og:image\" content=\"https:\/\/www.m-q.ch\/wp-content\/uploads\/2021\/02\/Das-machte-Appetit.jpg\" \/>\n<meta name=\"author\" content=\"upwork_2\" \/>\n<meta name=\"twitter:card\" content=\"summary_large_image\" \/>\n<meta name=\"twitter:label1\" content=\"Scritto da\" \/>\n\t<meta name=\"twitter:data1\" content=\"upwork_2\" \/>\n\t<meta name=\"twitter:label2\" content=\"Tempo di lettura stimato\" \/>\n\t<meta name=\"twitter:data2\" content=\"5 minuti\" \/>\n<script type=\"application\/ld+json\" class=\"yoast-schema-graph\">{\"@context\":\"https:\/\/schema.org\",\"@graph\":[{\"@type\":\"Article\",\"@id\":\"https:\/\/www.m-q.ch\/das-machte-appetit\/#article\",\"isPartOf\":{\"@id\":\"https:\/\/www.m-q.ch\/das-machte-appetit\/\"},\"author\":{\"name\":\"upwork_2\",\"@id\":\"https:\/\/www.m-q.ch\/fr\/#\/schema\/person\/71f647a41e4a3e361e6230f5134f3ba9\"},\"headline\":\"Das machte Appetit!\",\"datePublished\":\"2017-04-01T13:23:35+00:00\",\"dateModified\":\"2021-02-12T14:30:22+00:00\",\"mainEntityOfPage\":{\"@id\":\"https:\/\/www.m-q.ch\/das-machte-appetit\/\"},\"wordCount\":1021,\"publisher\":{\"@id\":\"https:\/\/www.m-q.ch\/fr\/#organization\"},\"image\":{\"@id\":\"https:\/\/www.m-q.ch\/das-machte-appetit\/#primaryimage\"},\"thumbnailUrl\":\"https:\/\/www.m-q.ch\/wp-content\/uploads\/2021\/02\/Das-machte-Appetit.jpg\",\"keywords\":[\"04\/2017\"],\"articleSection\":[\"Allgemein\"],\"inLanguage\":\"it-IT\"},{\"@type\":\"WebPage\",\"@id\":\"https:\/\/www.m-q.ch\/das-machte-appetit\/\",\"url\":\"https:\/\/www.m-q.ch\/das-machte-appetit\/\",\"name\":\"Das machte Appetit! - MQ Management und Qualit\u00e4t\",\"isPartOf\":{\"@id\":\"https:\/\/www.m-q.ch\/fr\/#website\"},\"primaryImageOfPage\":{\"@id\":\"https:\/\/www.m-q.ch\/das-machte-appetit\/#primaryimage\"},\"image\":{\"@id\":\"https:\/\/www.m-q.ch\/das-machte-appetit\/#primaryimage\"},\"thumbnailUrl\":\"https:\/\/www.m-q.ch\/wp-content\/uploads\/2021\/02\/Das-machte-Appetit.jpg\",\"datePublished\":\"2017-04-01T13:23:35+00:00\",\"dateModified\":\"2021-02-12T14:30:22+00:00\",\"description\":\"Am 9. M\u00e4rz fand im KKL in Luzern das ESPRIX Forum f\u00fcr Excellence statt. F\u00fcr einen ausgewogenen Mix aus Gedankenanst\u00f6ssen und Best Practice sorgten Referenten wie Ludwig Hasler, Christian Methe, Rolf Huber, Gerd Leonhard oder PatrickD. Cowden. Und aus zwei Finalisten um den ESPRIX Swiss Award for Excellence wurde der diesj\u00e4hrige Preistr\u00e4ger gek\u00fcrt.\",\"breadcrumb\":{\"@id\":\"https:\/\/www.m-q.ch\/das-machte-appetit\/#breadcrumb\"},\"inLanguage\":\"it-IT\",\"potentialAction\":[{\"@type\":\"ReadAction\",\"target\":[\"https:\/\/www.m-q.ch\/das-machte-appetit\/\"]}]},{\"@type\":\"ImageObject\",\"inLanguage\":\"it-IT\",\"@id\":\"https:\/\/www.m-q.ch\/das-machte-appetit\/#primaryimage\",\"url\":\"https:\/\/www.m-q.ch\/wp-content\/uploads\/2021\/02\/Das-machte-Appetit.jpg\",\"contentUrl\":\"https:\/\/www.m-q.ch\/wp-content\/uploads\/2021\/02\/Das-machte-Appetit.jpg\"},{\"@type\":\"BreadcrumbList\",\"@id\":\"https:\/\/www.m-q.ch\/das-machte-appetit\/#breadcrumb\",\"itemListElement\":[{\"@type\":\"ListItem\",\"position\":1,\"name\":\"Allgemein\",\"item\":\"https:\/\/www.m-q.ch\/kategorie\/allgemein\/\"},{\"@type\":\"ListItem\",\"position\":2,\"name\":\"Das machte Appetit!\"}]},{\"@type\":\"WebSite\",\"@id\":\"https:\/\/www.m-q.ch\/fr\/#website\",\"url\":\"https:\/\/www.m-q.ch\/fr\/\",\"name\":\"MQ Management und Qualit\u00e4t\",\"description\":\"Plattform f\u00fcr integrierte Managementsysteme.\",\"publisher\":{\"@id\":\"https:\/\/www.m-q.ch\/fr\/#organization\"},\"potentialAction\":[{\"@type\":\"SearchAction\",\"target\":{\"@type\":\"EntryPoint\",\"urlTemplate\":\"https:\/\/www.m-q.ch\/fr\/?s={search_term_string}\"},\"query-input\":{\"@type\":\"PropertyValueSpecification\",\"valueRequired\":true,\"valueName\":\"search_term_string\"}}],\"inLanguage\":\"it-IT\"},{\"@type\":\"Organization\",\"@id\":\"https:\/\/www.m-q.ch\/fr\/#organization\",\"name\":\"Galledia Fachmedien AG\",\"url\":\"https:\/\/www.m-q.ch\/fr\/\",\"logo\":{\"@type\":\"ImageObject\",\"inLanguage\":\"it-IT\",\"@id\":\"https:\/\/www.m-q.ch\/fr\/#\/schema\/logo\/image\/\",\"url\":\"https:\/\/www.m-q.ch\/wp-content\/uploads\/2020\/12\/cropped-logo_small.png\",\"contentUrl\":\"https:\/\/www.m-q.ch\/wp-content\/uploads\/2020\/12\/cropped-logo_small.png\",\"width\":512,\"height\":512,\"caption\":\"Galledia Fachmedien AG\"},\"image\":{\"@id\":\"https:\/\/www.m-q.ch\/fr\/#\/schema\/logo\/image\/\"},\"sameAs\":[\"https:\/\/www.facebook.com\/ManagementUndQualitaet\",\"https:\/\/www.linkedin.com\/showcase\/17982321\/admin\/\"]},{\"@type\":\"Person\",\"@id\":\"https:\/\/www.m-q.ch\/fr\/#\/schema\/person\/71f647a41e4a3e361e6230f5134f3ba9\",\"name\":\"upwork_2\",\"image\":{\"@type\":\"ImageObject\",\"inLanguage\":\"it-IT\",\"@id\":\"https:\/\/www.m-q.ch\/fr\/#\/schema\/person\/image\/\",\"url\":\"https:\/\/secure.gravatar.com\/avatar\/777b90ab56092bbf3c85feacda5c1bce?s=96&d=mm&r=g\",\"contentUrl\":\"https:\/\/secure.gravatar.com\/avatar\/777b90ab56092bbf3c85feacda5c1bce?s=96&d=mm&r=g\",\"caption\":\"upwork_2\"},\"url\":\"https:\/\/www.m-q.ch\/it\/author\/upwork_2\/\"}]}<\/script>\n<!-- \/ Yoast SEO plugin. -->","yoast_head_json":{"title":"Questo ha stuzzicato l'appetito! - MQ Gestione e qualit\u00e0","description":"Il 9 marzo, il Forum ESPRIX per l'eccellenza ha avuto luogo al KKL di Lucerna. Relatori come Ludwig Hasler, Christian Methe, Rolf Huber, Gerd Leonhard e PatrickD. Cowden. E il vincitore di quest'anno \u00e8 stato scelto tra due finalisti per l'ESPRIX Swiss Award for Excellence.","robots":{"index":"index","follow":"follow","max-snippet":"max-snippet:-1","max-image-preview":"max-image-preview:large","max-video-preview":"max-video-preview:-1"},"canonical":"https:\/\/www.m-q.ch\/it\/che-ha-stuzzicato-lappetito\/","og_locale":"it_IT","og_type":"article","og_title":"Das machte Appetit! - MQ Management und Qualit\u00e4t","og_description":"Am 9. M\u00e4rz fand im KKL in Luzern das ESPRIX Forum f\u00fcr Excellence statt. F\u00fcr einen ausgewogenen Mix aus Gedankenanst\u00f6ssen und Best Practice sorgten Referenten wie Ludwig Hasler, Christian Methe, Rolf Huber, Gerd Leonhard oder PatrickD. Cowden. Und aus zwei Finalisten um den ESPRIX Swiss Award for Excellence wurde der diesj\u00e4hrige Preistr\u00e4ger gek\u00fcrt.","og_url":"https:\/\/www.m-q.ch\/it\/che-ha-stuzzicato-lappetito\/","og_site_name":"MQ Management und Qualit\u00e4t","article_publisher":"https:\/\/www.facebook.com\/ManagementUndQualitaet","article_published_time":"2017-04-01T13:23:35+00:00","article_modified_time":"2021-02-12T14:30:22+00:00","og_image":[{"url":"https:\/\/www.m-q.ch\/wp-content\/uploads\/2021\/02\/Das-machte-Appetit.jpg","type":"","width":"","height":""}],"author":"upwork_2","twitter_card":"summary_large_image","twitter_misc":{"Scritto da":"upwork_2","Tempo di lettura stimato":"5 minuti"},"schema":{"@context":"https:\/\/schema.org","@graph":[{"@type":"Article","@id":"https:\/\/www.m-q.ch\/das-machte-appetit\/#article","isPartOf":{"@id":"https:\/\/www.m-q.ch\/das-machte-appetit\/"},"author":{"name":"upwork_2","@id":"https:\/\/www.m-q.ch\/fr\/#\/schema\/person\/71f647a41e4a3e361e6230f5134f3ba9"},"headline":"Das machte Appetit!","datePublished":"2017-04-01T13:23:35+00:00","dateModified":"2021-02-12T14:30:22+00:00","mainEntityOfPage":{"@id":"https:\/\/www.m-q.ch\/das-machte-appetit\/"},"wordCount":1021,"publisher":{"@id":"https:\/\/www.m-q.ch\/fr\/#organization"},"image":{"@id":"https:\/\/www.m-q.ch\/das-machte-appetit\/#primaryimage"},"thumbnailUrl":"https:\/\/www.m-q.ch\/wp-content\/uploads\/2021\/02\/Das-machte-Appetit.jpg","keywords":["04\/2017"],"articleSection":["Allgemein"],"inLanguage":"it-IT"},{"@type":"WebPage","@id":"https:\/\/www.m-q.ch\/das-machte-appetit\/","url":"https:\/\/www.m-q.ch\/das-machte-appetit\/","name":"Questo ha stuzzicato l'appetito! - MQ Gestione e qualit\u00e0","isPartOf":{"@id":"https:\/\/www.m-q.ch\/fr\/#website"},"primaryImageOfPage":{"@id":"https:\/\/www.m-q.ch\/das-machte-appetit\/#primaryimage"},"image":{"@id":"https:\/\/www.m-q.ch\/das-machte-appetit\/#primaryimage"},"thumbnailUrl":"https:\/\/www.m-q.ch\/wp-content\/uploads\/2021\/02\/Das-machte-Appetit.jpg","datePublished":"2017-04-01T13:23:35+00:00","dateModified":"2021-02-12T14:30:22+00:00","description":"Il 9 marzo, il Forum ESPRIX per l'eccellenza ha avuto luogo al KKL di Lucerna. Relatori come Ludwig Hasler, Christian Methe, Rolf Huber, Gerd Leonhard e PatrickD. Cowden. E il vincitore di quest'anno \u00e8 stato scelto tra due finalisti per l'ESPRIX Swiss Award for Excellence.","breadcrumb":{"@id":"https:\/\/www.m-q.ch\/das-machte-appetit\/#breadcrumb"},"inLanguage":"it-IT","potentialAction":[{"@type":"ReadAction","target":["https:\/\/www.m-q.ch\/das-machte-appetit\/"]}]},{"@type":"ImageObject","inLanguage":"it-IT","@id":"https:\/\/www.m-q.ch\/das-machte-appetit\/#primaryimage","url":"https:\/\/www.m-q.ch\/wp-content\/uploads\/2021\/02\/Das-machte-Appetit.jpg","contentUrl":"https:\/\/www.m-q.ch\/wp-content\/uploads\/2021\/02\/Das-machte-Appetit.jpg"},{"@type":"BreadcrumbList","@id":"https:\/\/www.m-q.ch\/das-machte-appetit\/#breadcrumb","itemListElement":[{"@type":"ListItem","position":1,"name":"Allgemein","item":"https:\/\/www.m-q.ch\/kategorie\/allgemein\/"},{"@type":"ListItem","position":2,"name":"Das machte Appetit!"}]},{"@type":"WebSite","@id":"https:\/\/www.m-q.ch\/fr\/#website","url":"https:\/\/www.m-q.ch\/fr\/","name":"Gestione e qualit\u00e0 MQ","description":"Piattaforma per sistemi di gestione integrati.","publisher":{"@id":"https:\/\/www.m-q.ch\/fr\/#organization"},"potentialAction":[{"@type":"SearchAction","target":{"@type":"EntryPoint","urlTemplate":"https:\/\/www.m-q.ch\/fr\/?s={search_term_string}"},"query-input":{"@type":"PropertyValueSpecification","valueRequired":true,"valueName":"search_term_string"}}],"inLanguage":"it-IT"},{"@type":"Organization","@id":"https:\/\/www.m-q.ch\/fr\/#organization","name":"Galledia Fachmedien AG","url":"https:\/\/www.m-q.ch\/fr\/","logo":{"@type":"ImageObject","inLanguage":"it-IT","@id":"https:\/\/www.m-q.ch\/fr\/#\/schema\/logo\/image\/","url":"https:\/\/www.m-q.ch\/wp-content\/uploads\/2020\/12\/cropped-logo_small.png","contentUrl":"https:\/\/www.m-q.ch\/wp-content\/uploads\/2020\/12\/cropped-logo_small.png","width":512,"height":512,"caption":"Galledia Fachmedien AG"},"image":{"@id":"https:\/\/www.m-q.ch\/fr\/#\/schema\/logo\/image\/"},"sameAs":["https:\/\/www.facebook.com\/ManagementUndQualitaet","https:\/\/www.linkedin.com\/showcase\/17982321\/admin\/"]},{"@type":"Person","@id":"https:\/\/www.m-q.ch\/fr\/#\/schema\/person\/71f647a41e4a3e361e6230f5134f3ba9","name":"upwork_2","image":{"@type":"ImageObject","inLanguage":"it-IT","@id":"https:\/\/www.m-q.ch\/fr\/#\/schema\/person\/image\/","url":"https:\/\/secure.gravatar.com\/avatar\/777b90ab56092bbf3c85feacda5c1bce?s=96&d=mm&r=g","contentUrl":"https:\/\/secure.gravatar.com\/avatar\/777b90ab56092bbf3c85feacda5c1bce?s=96&d=mm&r=g","caption":"upwork_2"},"url":"https:\/\/www.m-q.ch\/it\/author\/upwork_2\/"}]}},"_links":{"self":[{"href":"https:\/\/www.m-q.ch\/it\/wp-json\/wp\/v2\/posts\/11203","targetHints":{"allow":["GET"]}}],"collection":[{"href":"https:\/\/www.m-q.ch\/it\/wp-json\/wp\/v2\/posts"}],"about":[{"href":"https:\/\/www.m-q.ch\/it\/wp-json\/wp\/v2\/types\/post"}],"author":[{"embeddable":true,"href":"https:\/\/www.m-q.ch\/it\/wp-json\/wp\/v2\/users\/62"}],"replies":[{"embeddable":true,"href":"https:\/\/www.m-q.ch\/it\/wp-json\/wp\/v2\/comments?post=11203"}],"version-history":[{"count":1,"href":"https:\/\/www.m-q.ch\/it\/wp-json\/wp\/v2\/posts\/11203\/revisions"}],"predecessor-version":[{"id":11214,"href":"https:\/\/www.m-q.ch\/it\/wp-json\/wp\/v2\/posts\/11203\/revisions\/11214"}],"wp:attachment":[{"href":"https:\/\/www.m-q.ch\/it\/wp-json\/wp\/v2\/media?parent=11203"}],"wp:term":[{"taxonomy":"category","embeddable":true,"href":"https:\/\/www.m-q.ch\/it\/wp-json\/wp\/v2\/categories?post=11203"},{"taxonomy":"post_tag","embeddable":true,"href":"https:\/\/www.m-q.ch\/it\/wp-json\/wp\/v2\/tags?post=11203"}],"curies":[{"name":"wp","href":"https:\/\/api.w.org\/{rel}","templated":true}]}}