{"id":11272,"date":"2017-05-13T08:38:48","date_gmt":"2017-05-13T06:38:48","guid":{"rendered":"https:\/\/www.m-q.ch\/?p=11272"},"modified":"2021-02-13T09:21:21","modified_gmt":"2021-02-13T08:21:21","slug":"nuove-dimensioni-della-comunicazione-di-crisi","status":"publish","type":"post","link":"https:\/\/www.m-q.ch\/it\/neue-dimensionen-der-krisenkommunikation\/","title":{"rendered":"Nuove dimensioni nella comunicazione di crisi"},"content":{"rendered":"<p><img loading=\"lazy\" decoding=\"async\" class=\"alignnone size-full wp-image-11304\" src=\"https:\/\/www.m-q.ch\/wp-content\/uploads\/2021\/02\/Neue-Dimensionen-der-Krisenkommunikation.jpg\" alt=\"Nuove dimensioni nella comunicazione di crisi\" width=\"871\" height=\"566\" srcset=\"https:\/\/www.m-q.ch\/wp-content\/uploads\/2021\/02\/Neue-Dimensionen-der-Krisenkommunikation.jpg 871w, https:\/\/www.m-q.ch\/wp-content\/uploads\/2021\/02\/Neue-Dimensionen-der-Krisenkommunikation-768x499.jpg 768w, https:\/\/www.m-q.ch\/wp-content\/uploads\/2021\/02\/Neue-Dimensionen-der-Krisenkommunikation-16x10.jpg 16w, https:\/\/www.m-q.ch\/wp-content\/uploads\/2021\/02\/Neue-Dimensionen-der-Krisenkommunikation-269x175.jpg 269w, https:\/\/www.m-q.ch\/wp-content\/uploads\/2021\/02\/Neue-Dimensionen-der-Krisenkommunikation-539x350.jpg 539w, https:\/\/www.m-q.ch\/wp-content\/uploads\/2021\/02\/Neue-Dimensionen-der-Krisenkommunikation-300x195.jpg 300w\" sizes=\"auto, (max-width: 871px) 100vw, 871px\" \/><\/p>\n<p>&nbsp;<\/p>\n<p>&nbsp;<\/p>\n<p>&nbsp;<\/p>\n<p>Contrariamente ai difetti di prodotto che circolano, le perdite di immagine e di reputazione sono ricordate molto pi\u00f9 a lungo. Il pubblico \u00e8 particolarmente attento quando si tratta di errori o trasgressioni commessi da componenti e societ\u00e0 leader. Gli esperti parlano di diversi silos di percezione per quanto riguarda l'opinione pubblica sulla ponderazione delle crisi.<\/p>\n<p>&nbsp;<\/p>\n<p>Dove una volta le fiere servivano come piattaforme sociali per i processi di comunicazione, oggi le breaking news circolano su Twitter e simili. Un'azienda di un dettagliante che, per esempio, si manovra in una crisi con false dichiarazioni sulla presunta carne svizzera ha pi\u00f9 probabilit\u00e0 di riprendersi di una societ\u00e0 che si trova improvvisamente di fronte a fattori immateriali come virus o anche solo voci.<\/p>\n<p>&nbsp;<\/p>\n<p>La fiera mondiale della gioielleria e dell'orologeria di Basilea, per esempio, ha creato un precedente in termini di monitoraggio del rischio prima dell'era dei social media. Un decreto dell'Ufficio federale della sanit\u00e0 pubblica (UFSP) ha fatto scalpore nel 2003. Solo qualche tempo dopo l'evento, la direzione della mostra ha potuto presentare un ricorso contro l'ordinanza dell'UFSP, a causa dell'emergere della sindrome della SARS (Severe Acute Respiratory Syndrome; la prevalenza della malattia era di 150 per miliardo di abitanti). In tutto il mondo, la SARS ha ucciso circa 1300 persone nel 2003), per fermare o allontanare i venditori di gioielli e di orologi che arrivano da Hong Kong, Singapore o Bangkok.<\/p>\n<p><strong>L'opinione pubblica <\/strong><br \/>\nLa quintessenza del gruppo MCH, che ora gestisce l'esposizione mondiale con sovranit\u00e0: L'UFSP aveva intrapreso un'azione troppo vivace contro i commercianti nell'aprile 2003. Baselworld ha registrato un calo di visitatori del 22 per cento nel 2003 - Zurigo, a quanto pare, ha fatto cos\u00ec male che nessuna fiera di orologi \u00e8 stata pi\u00f9 tenuta a Oerlikon. Gli addetti ai lavori credono anche che non solo le autorit\u00e0 federali ma anche i media di parte siano stati \"incolpati\" dell'uscita negativa. Le misure ordinate dall'UFSP non erano n\u00e9 adatte n\u00e9 necessarie per raggiungere l'obiettivo di minimizzare il rischio di infezione e prevenire il comportamento di panico.<\/p>\n<p>&nbsp;<\/p>\n<p>Tuttavia, i giornalisti hanno riassunto durante Baselworld che diverse migliaia di persone provenienti dai paesi colpiti stavano gi\u00e0 conducendo i loro affari sul posto. Giornali come \"Die Welt\" hanno anche affrontato il dilemma organizzativo dell'UFSP. Il loro improvviso \"divieto di lavoro\" avrebbe spinto i commercianti e gli espositori asiatici fuori dalla fiera in altre boutique esterne e nelle lobby degli alberghi - senza avere un controllo medico, senza sapere dove si trovano.<\/p>\n<p>&nbsp;<\/p>\n<p>In ogni caso, la popolazione, e in definitiva anche i produttori di orologi svizzeri e i responsabili della stampa, non sapevano come affrontare questa situazione eccezionale - poco prima dell'introduzione dei messaggi push e di allarme - eppure le cose stavano ribollendo.<\/p>\n<p><strong>Definizione di crisi<\/strong><br \/>\nLa comunicazione \u00e8 sempre una questione di prospettiva. La misura in cui un errore diventa un evento, o addirittura una crisi pubblica, dipende dalle parti interessate come, nell'esempio precedente, gli igienisti, gli esperti, i portavoce, i produttori, i consumatori e certamente anche i rappresentanti dei media.<\/p>\n<p>&nbsp;<\/p>\n<p>Naturalmente, \u00e8 evidente differenziare quali elementi interni o esterni, intenzionali o negligenti, costituiscono realmente una \"crisi\". Ogni azienda e ogni entit\u00e0 deve definire per s\u00e9 ci\u00f2 che costituisce una vera e propria \"crisi\". Anche un'analisi dei rischi pu\u00f2 contenere importanti lacune di valutazione. Troppo spesso, i rischi sono identificati in modo insufficientemente sistematico e non sul posto secondo i fatti. Questi sono poi assenti dalla valutazione complessiva. Oppure la descrizione del rischio si basa solo su due parametri:<\/p>\n<p>&nbsp;<\/p>\n<p><em>Probabilit\u00e0 di accadimento e portata del danno.<\/em> - Poich\u00e9 la maggior parte delle aziende non dispone di valori statistici vaghi e orientati al passato per quantificare la probabilit\u00e0 di accadimento, le stime sono fatte sulla base di sensazioni viscerali. Meglio \u00e8 la descrizione del rischio con diversi indicatori e fattori di rischio, per cui alla probabilit\u00e0 di accadimento viene assegnato un peso minimo nella descrizione complessiva.<\/p>\n<p><strong>Il processo di gestione del rischio secondo ONR 49001<\/strong><br \/>\nLe persone dei media - cos\u00ec come i consumatori finali, tra l'altro - di solito tendono a vedere un vero e proprio errore di sistema in uno scenario. Questa strategia \u00e8 controproducente a livello professionale.<\/p>\n<p>&nbsp;<\/p>\n<p>Per questo, si potrebbe citare Peter Sloterdijk, che ha detto di eventi folli e minacciosi (\"Non si dovrebbe mai pensare che qualcosa sia impossibile\", intervista del Blick del 19.03.2017): \"Questo \u00e8 un effetto della mancata elaborazione delle notizie. Sperimentiamo il pericolo quando incontriamo un leone nella boscaglia. Pericolo significa una minaccia attuale per la vita e l'incolumit\u00e0 fisica. Un rischio, invece, \u00e8 la probabilit\u00e0 matematicamente espressa di un danno\".<\/p>\n<p>&nbsp;<\/p>\n<p>Apparentemente, ogni essere umano \u00e8 \"programmato\" da vecchi schemi in modo tale che \"traduce il rischio in pericolo - ingrandisce il rischio su una scala di uno su un milione\", spiega Sloterdijik. Il filosofo vede l'uomo contemporaneo come qualcuno che mostra deficit nel saper differenziare le differenze storiche e le sottigliezze mediali e psicologiche.<\/p>\n<p><strong>\"Il virus Winterthur\" - uno stereotipo<\/strong><br \/>\nAnche i media svizzeri hanno parlato una volta del \"virus Winterthur\" e hanno temuto il peggio quando circa 200 pazienti e personale hanno avuto un'intossicazione alimentare all'ospedale cantonale di Winterthur (KSW) durante l'ultimo fine settimana di novembre 2004. Sembrava che un tipo di norovirus stesse distruggendo l'immagine del decimo ospedale pi\u00f9 grande della Svizzera.<\/p>\n<p>&nbsp;<\/p>\n<p>I tipi di norovirus si verificano ripetutamente. Possono diffondersi attraverso il contatto mano-bocca. Si sospetta che si trasmetta parzialmente anche attraverso l'aria, certamente attraverso fluidi e goccioline umane su oggetti e persone. L'igienista responsabile del KSW, il Dr. Reinhard Zbinden, suppose che il virus fosse stato introdotto nell'ospedale di Winterthur dall'esterno.<\/p>\n<p>&nbsp;<\/p>\n<p>Zbinden ha concluso questo dal feedback dei civili e da sei pazienti che erano gi\u00e0 stati ammessi infetti sabato 27 novembre - l'inizio dell'epidemia. Nel periodo dal 27 novembre al 17 dicembre, un totale di 579 persone si sono ammalate di norovirus al KSW. Di questi, 215 erano pazienti, i restanti 364 infetti erano personale ospedaliero.<\/p>\n<p>&nbsp;<\/p>\n<p>La maggior parte dei nuovi casi si \u00e8 verificata poco dopo il riconoscimento dell'epidemia, prima che le misure contro di essa potessero avere effetto. La causa esatta dell'epidemia gastrointestinale non \u00e8 ancora oggi nota. \u00c8 stato il pollo contaminato che \u00e8 stato consegnato nella zona di Winterthur, o \u00e8 stata in generale la scarsa igiene del personale dell'ospedale?<\/p>\n<p>&nbsp;<\/p>\n<p>Gli studi suggeriscono che circa il 40% del personale medico non rispetta normalmente il requisito standard di lavarsi le mani regolarmente. Reinhard Zbinden ha subito raccomandato l'uso igienico di guanti monouso per i compiti di assistenza.<\/p>\n<p>&nbsp;<\/p>\n<p>I pazienti malati di Noro furono messi in quarantena. Per un ospedale acuto come il KSW, con una capacit\u00e0 di 500 letti e altre emergenze in sala operatoria, questo rappresenta un problema complesso, che \u00e8 stato poi classificato dalla direzione dell'ospedale come una situazione di crisi. Tuttavia, la direzione dell'ospedale ha deciso di continuare la cucina al solito livello di qualit\u00e0.<\/p>\n<p>&nbsp;<\/p>\n<p>Andreas Widmer, responsabile dell'igiene dell'ospedale universitario di Basilea, sottolinea: \"Non esiste il norovirus. Tutti i norovirus mutano. Ecco perch\u00e9 si pu\u00f2 essere infettati anche pi\u00f9 volte\". A seconda dei casi, varia anche la sensibilit\u00e0 al virus. - Non solo i dipendenti dovrebbero essere formati per affrontare tali epidemie, ma anche i responsabili dei media dovrebbero prima capire le cause e gli effetti che si verificano - prima di scatenare polemiche nella popolazione.<\/p>\n<p><strong>Tempeste digitali <\/strong><br \/>\nChe si tratti di cattiva condotta dei leader della comunit\u00e0, di bancarotte o di cibo avariato: i dirigenti aziendali sono messi alla gogna dai media pi\u00f9 rapidamente che mai. La richiesta generale di trasparenza e le molte opportunit\u00e0 di interazione tramite i social media fanno sembrare i dirigenti senior \"come pesci in una vasca\".<\/p>\n<p>&nbsp;<\/p>\n<p>Sembra che mantenere i segreti e nascondere le malefatte al pubblico sia sempre pi\u00f9 difficile. Per esempio, un amministratore delegato farmaceutico ha dovuto abbassare il prezzo astronomico di un farmaco contro l'AIDS dopo che violente proteste sono piovute su di lui e sulla sua azienda. Questo dimostra che non c'\u00e8 solo una mancanza di gestione dei prezzi, ma spesso anche di gestione dei problemi per valutare i propri potenziali richiedenti e clienti. Al di l\u00e0 di questo, per\u00f2, la gestione della crisi dovrebbe essere \"allenata\".<\/p>\n<p>&nbsp;<\/p>\n<p>Certamente, il monitoraggio precoce di tutti i canali di comunicazione, compresi quelli dei media digitali, aiuta a poter controllare i potenziali pericoli in una fase iniziale. Dopotutto, la digitalizzazione ha portato a un cambiamento significativo nella comunicazione della societ\u00e0: dall'informazione esclusivamente ufficiale all'interazione quasi totale attraverso diverse comunit\u00e0 e canali sociali. Finalmente:<\/p>\n<p>&nbsp;<\/p>\n<p>Un adeguato monitoraggio dei problemi significa non solo illuminare e moderare continuamente i dati, ma anche comunicare nelle crisi straordinarie in un modo che non diminuisca la reputazione.<\/p>","protected":false},"excerpt":{"rendered":"<p>&nbsp; &nbsp; &nbsp; Im Gegensatz zu kursierenden Waren- und Produktefehlern bleiben Image- und Reputati- onsverluste viel l\u00e4nger in Erinnerung. Beson- ders hellh\u00f6rig wird die \u00d6ffentlichkeit bei Fehl- griffen oder \u00dcbertretungen, die f\u00fchrende Ex- ponenten und Konzerne eingehen. Experten sprechen von unterschiedlichen Wahrneh- mungssilos, was die \u00f6ffentliche Meinung zur Krisengewichtung anbetrifft. &nbsp; Wo einst Messen als [&hellip;]<\/p>\n","protected":false},"author":62,"featured_media":11304,"comment_status":"closed","ping_status":"closed","sticky":false,"template":"","format":"standard","meta":{"_acf_changed":false,"footnotes":""},"categories":[4],"tags":[4773],"class_list":["post-11272","post","type-post","status-publish","format-standard","has-post-thumbnail","hentry","category-risikomanagement","tag-05-2017"],"acf":[],"yoast_head":"<!-- This site is optimized with the Yoast SEO plugin v26.2 - https:\/\/yoast.com\/wordpress\/plugins\/seo\/ -->\n<title>Neue Dimensionen der Krisenkommunikation - MQ Management und Qualit\u00e4t<\/title>\n<meta name=\"description\" content=\"Dass es Krisen gibt, ist so sicher wie das Amen in der Kirche. Es gibt heute mehrunternehmerische Herausforderungen, geschweige denn Skandale und Wortge-fechte, als man denkt. Nicht nur \u00fcber die \u00fcblichen Medien und Foren, neustenswerden exponierte Unternehmen auch \u00fcber Social-Media-Plattformen unterDruck gesetzt.\" \/>\n<meta name=\"robots\" content=\"index, follow, max-snippet:-1, max-image-preview:large, max-video-preview:-1\" \/>\n<link rel=\"canonical\" href=\"https:\/\/www.m-q.ch\/it\/nuove-dimensioni-della-comunicazione-di-crisi\/\" \/>\n<meta property=\"og:locale\" content=\"it_IT\" \/>\n<meta property=\"og:type\" content=\"article\" \/>\n<meta property=\"og:title\" content=\"Neue Dimensionen der Krisenkommunikation - MQ Management und Qualit\u00e4t\" \/>\n<meta property=\"og:description\" content=\"Dass es Krisen gibt, ist so sicher wie das Amen in der Kirche. Es gibt heute mehrunternehmerische Herausforderungen, geschweige denn Skandale und Wortge-fechte, als man denkt. Nicht nur \u00fcber die \u00fcblichen Medien und Foren, neustenswerden exponierte Unternehmen auch \u00fcber Social-Media-Plattformen unterDruck gesetzt.\" \/>\n<meta property=\"og:url\" content=\"https:\/\/www.m-q.ch\/it\/nuove-dimensioni-della-comunicazione-di-crisi\/\" \/>\n<meta property=\"og:site_name\" content=\"MQ Management und Qualit\u00e4t\" \/>\n<meta property=\"article:publisher\" content=\"https:\/\/www.facebook.com\/ManagementUndQualitaet\" \/>\n<meta property=\"article:published_time\" content=\"2017-05-13T06:38:48+00:00\" \/>\n<meta property=\"article:modified_time\" content=\"2021-02-13T08:21:21+00:00\" \/>\n<meta property=\"og:image\" content=\"https:\/\/www.m-q.ch\/wp-content\/uploads\/2021\/02\/Neue-Dimensionen-der-Krisenkommunikation.jpg\" \/>\n\t<meta property=\"og:image:width\" content=\"871\" \/>\n\t<meta property=\"og:image:height\" content=\"566\" \/>\n\t<meta property=\"og:image:type\" content=\"image\/jpeg\" \/>\n<meta name=\"author\" content=\"upwork_2\" \/>\n<meta name=\"twitter:card\" content=\"summary_large_image\" \/>\n<meta name=\"twitter:label1\" content=\"Scritto da\" \/>\n\t<meta name=\"twitter:data1\" content=\"upwork_2\" \/>\n\t<meta name=\"twitter:label2\" content=\"Tempo di lettura stimato\" \/>\n\t<meta name=\"twitter:data2\" content=\"7 minuti\" \/>\n<script type=\"application\/ld+json\" class=\"yoast-schema-graph\">{\"@context\":\"https:\/\/schema.org\",\"@graph\":[{\"@type\":\"Article\",\"@id\":\"https:\/\/www.m-q.ch\/neue-dimensionen-der-krisenkommunikation\/#article\",\"isPartOf\":{\"@id\":\"https:\/\/www.m-q.ch\/neue-dimensionen-der-krisenkommunikation\/\"},\"author\":{\"name\":\"upwork_2\",\"@id\":\"https:\/\/www.m-q.ch\/fr\/#\/schema\/person\/71f647a41e4a3e361e6230f5134f3ba9\"},\"headline\":\"Neue Dimensionen der Krisenkommunikation\",\"datePublished\":\"2017-05-13T06:38:48+00:00\",\"dateModified\":\"2021-02-13T08:21:21+00:00\",\"mainEntityOfPage\":{\"@id\":\"https:\/\/www.m-q.ch\/neue-dimensionen-der-krisenkommunikation\/\"},\"wordCount\":1312,\"publisher\":{\"@id\":\"https:\/\/www.m-q.ch\/fr\/#organization\"},\"image\":{\"@id\":\"https:\/\/www.m-q.ch\/neue-dimensionen-der-krisenkommunikation\/#primaryimage\"},\"thumbnailUrl\":\"https:\/\/www.m-q.ch\/wp-content\/uploads\/2021\/02\/Neue-Dimensionen-der-Krisenkommunikation.jpg\",\"keywords\":[\"05\/2017\"],\"articleSection\":[\"Risikomanagement\"],\"inLanguage\":\"it-IT\"},{\"@type\":\"WebPage\",\"@id\":\"https:\/\/www.m-q.ch\/neue-dimensionen-der-krisenkommunikation\/\",\"url\":\"https:\/\/www.m-q.ch\/neue-dimensionen-der-krisenkommunikation\/\",\"name\":\"Neue Dimensionen der Krisenkommunikation - MQ Management und Qualit\u00e4t\",\"isPartOf\":{\"@id\":\"https:\/\/www.m-q.ch\/fr\/#website\"},\"primaryImageOfPage\":{\"@id\":\"https:\/\/www.m-q.ch\/neue-dimensionen-der-krisenkommunikation\/#primaryimage\"},\"image\":{\"@id\":\"https:\/\/www.m-q.ch\/neue-dimensionen-der-krisenkommunikation\/#primaryimage\"},\"thumbnailUrl\":\"https:\/\/www.m-q.ch\/wp-content\/uploads\/2021\/02\/Neue-Dimensionen-der-Krisenkommunikation.jpg\",\"datePublished\":\"2017-05-13T06:38:48+00:00\",\"dateModified\":\"2021-02-13T08:21:21+00:00\",\"description\":\"Dass es Krisen gibt, ist so sicher wie das Amen in der Kirche. Es gibt heute mehrunternehmerische Herausforderungen, geschweige denn Skandale und Wortge-fechte, als man denkt. Nicht nur \u00fcber die \u00fcblichen Medien und Foren, neustenswerden exponierte Unternehmen auch \u00fcber Social-Media-Plattformen unterDruck gesetzt.\",\"breadcrumb\":{\"@id\":\"https:\/\/www.m-q.ch\/neue-dimensionen-der-krisenkommunikation\/#breadcrumb\"},\"inLanguage\":\"it-IT\",\"potentialAction\":[{\"@type\":\"ReadAction\",\"target\":[\"https:\/\/www.m-q.ch\/neue-dimensionen-der-krisenkommunikation\/\"]}]},{\"@type\":\"ImageObject\",\"inLanguage\":\"it-IT\",\"@id\":\"https:\/\/www.m-q.ch\/neue-dimensionen-der-krisenkommunikation\/#primaryimage\",\"url\":\"https:\/\/www.m-q.ch\/wp-content\/uploads\/2021\/02\/Neue-Dimensionen-der-Krisenkommunikation.jpg\",\"contentUrl\":\"https:\/\/www.m-q.ch\/wp-content\/uploads\/2021\/02\/Neue-Dimensionen-der-Krisenkommunikation.jpg\",\"width\":871,\"height\":566,\"caption\":\"Neue Dimensionen der Krisenkommunikation\"},{\"@type\":\"BreadcrumbList\",\"@id\":\"https:\/\/www.m-q.ch\/neue-dimensionen-der-krisenkommunikation\/#breadcrumb\",\"itemListElement\":[{\"@type\":\"ListItem\",\"position\":1,\"name\":\"Risikomanagement\",\"item\":\"https:\/\/www.m-q.ch\/kategorie\/risikomanagement\/\"},{\"@type\":\"ListItem\",\"position\":2,\"name\":\"Neue Dimensionen der Krisenkommunikation\"}]},{\"@type\":\"WebSite\",\"@id\":\"https:\/\/www.m-q.ch\/fr\/#website\",\"url\":\"https:\/\/www.m-q.ch\/fr\/\",\"name\":\"MQ Management und Qualit\u00e4t\",\"description\":\"Plattform f\u00fcr integrierte Managementsysteme.\",\"publisher\":{\"@id\":\"https:\/\/www.m-q.ch\/fr\/#organization\"},\"potentialAction\":[{\"@type\":\"SearchAction\",\"target\":{\"@type\":\"EntryPoint\",\"urlTemplate\":\"https:\/\/www.m-q.ch\/fr\/?s={search_term_string}\"},\"query-input\":{\"@type\":\"PropertyValueSpecification\",\"valueRequired\":true,\"valueName\":\"search_term_string\"}}],\"inLanguage\":\"it-IT\"},{\"@type\":\"Organization\",\"@id\":\"https:\/\/www.m-q.ch\/fr\/#organization\",\"name\":\"Galledia Fachmedien AG\",\"url\":\"https:\/\/www.m-q.ch\/fr\/\",\"logo\":{\"@type\":\"ImageObject\",\"inLanguage\":\"it-IT\",\"@id\":\"https:\/\/www.m-q.ch\/fr\/#\/schema\/logo\/image\/\",\"url\":\"https:\/\/www.m-q.ch\/wp-content\/uploads\/2020\/12\/cropped-logo_small.png\",\"contentUrl\":\"https:\/\/www.m-q.ch\/wp-content\/uploads\/2020\/12\/cropped-logo_small.png\",\"width\":512,\"height\":512,\"caption\":\"Galledia Fachmedien AG\"},\"image\":{\"@id\":\"https:\/\/www.m-q.ch\/fr\/#\/schema\/logo\/image\/\"},\"sameAs\":[\"https:\/\/www.facebook.com\/ManagementUndQualitaet\",\"https:\/\/www.linkedin.com\/showcase\/17982321\/admin\/\"]},{\"@type\":\"Person\",\"@id\":\"https:\/\/www.m-q.ch\/fr\/#\/schema\/person\/71f647a41e4a3e361e6230f5134f3ba9\",\"name\":\"upwork_2\",\"image\":{\"@type\":\"ImageObject\",\"inLanguage\":\"it-IT\",\"@id\":\"https:\/\/www.m-q.ch\/fr\/#\/schema\/person\/image\/\",\"url\":\"https:\/\/secure.gravatar.com\/avatar\/777b90ab56092bbf3c85feacda5c1bce?s=96&d=mm&r=g\",\"contentUrl\":\"https:\/\/secure.gravatar.com\/avatar\/777b90ab56092bbf3c85feacda5c1bce?s=96&d=mm&r=g\",\"caption\":\"upwork_2\"},\"url\":\"https:\/\/www.m-q.ch\/it\/author\/upwork_2\/\"}]}<\/script>\n<!-- \/ Yoast SEO plugin. -->","yoast_head_json":{"title":"Nuove dimensioni nella comunicazione di crisi - MQ Management and Quality","description":"Che ci saranno crisi \u00e8 certo come l'Amen nella chiesa. Oggi, ci sono pi\u00f9 sfide aziendali, per non parlare degli scandali e delle battaglie di parole, di quanto si possa pensare. Non solo attraverso i soliti media e forum, ma recentemente le aziende esposte vengono messe sotto pressione anche attraverso le piattaforme dei social media.","robots":{"index":"index","follow":"follow","max-snippet":"max-snippet:-1","max-image-preview":"max-image-preview:large","max-video-preview":"max-video-preview:-1"},"canonical":"https:\/\/www.m-q.ch\/it\/nuove-dimensioni-della-comunicazione-di-crisi\/","og_locale":"it_IT","og_type":"article","og_title":"Neue Dimensionen der Krisenkommunikation - MQ Management und Qualit\u00e4t","og_description":"Dass es Krisen gibt, ist so sicher wie das Amen in der Kirche. Es gibt heute mehrunternehmerische Herausforderungen, geschweige denn Skandale und Wortge-fechte, als man denkt. Nicht nur \u00fcber die \u00fcblichen Medien und Foren, neustenswerden exponierte Unternehmen auch \u00fcber Social-Media-Plattformen unterDruck gesetzt.","og_url":"https:\/\/www.m-q.ch\/it\/nuove-dimensioni-della-comunicazione-di-crisi\/","og_site_name":"MQ Management und Qualit\u00e4t","article_publisher":"https:\/\/www.facebook.com\/ManagementUndQualitaet","article_published_time":"2017-05-13T06:38:48+00:00","article_modified_time":"2021-02-13T08:21:21+00:00","og_image":[{"width":871,"height":566,"url":"https:\/\/www.m-q.ch\/wp-content\/uploads\/2021\/02\/Neue-Dimensionen-der-Krisenkommunikation.jpg","type":"image\/jpeg"}],"author":"upwork_2","twitter_card":"summary_large_image","twitter_misc":{"Scritto da":"upwork_2","Tempo di lettura stimato":"7 minuti"},"schema":{"@context":"https:\/\/schema.org","@graph":[{"@type":"Article","@id":"https:\/\/www.m-q.ch\/neue-dimensionen-der-krisenkommunikation\/#article","isPartOf":{"@id":"https:\/\/www.m-q.ch\/neue-dimensionen-der-krisenkommunikation\/"},"author":{"name":"upwork_2","@id":"https:\/\/www.m-q.ch\/fr\/#\/schema\/person\/71f647a41e4a3e361e6230f5134f3ba9"},"headline":"Neue Dimensionen der Krisenkommunikation","datePublished":"2017-05-13T06:38:48+00:00","dateModified":"2021-02-13T08:21:21+00:00","mainEntityOfPage":{"@id":"https:\/\/www.m-q.ch\/neue-dimensionen-der-krisenkommunikation\/"},"wordCount":1312,"publisher":{"@id":"https:\/\/www.m-q.ch\/fr\/#organization"},"image":{"@id":"https:\/\/www.m-q.ch\/neue-dimensionen-der-krisenkommunikation\/#primaryimage"},"thumbnailUrl":"https:\/\/www.m-q.ch\/wp-content\/uploads\/2021\/02\/Neue-Dimensionen-der-Krisenkommunikation.jpg","keywords":["05\/2017"],"articleSection":["Risikomanagement"],"inLanguage":"it-IT"},{"@type":"WebPage","@id":"https:\/\/www.m-q.ch\/neue-dimensionen-der-krisenkommunikation\/","url":"https:\/\/www.m-q.ch\/neue-dimensionen-der-krisenkommunikation\/","name":"Nuove dimensioni nella comunicazione di crisi - MQ Management and Quality","isPartOf":{"@id":"https:\/\/www.m-q.ch\/fr\/#website"},"primaryImageOfPage":{"@id":"https:\/\/www.m-q.ch\/neue-dimensionen-der-krisenkommunikation\/#primaryimage"},"image":{"@id":"https:\/\/www.m-q.ch\/neue-dimensionen-der-krisenkommunikation\/#primaryimage"},"thumbnailUrl":"https:\/\/www.m-q.ch\/wp-content\/uploads\/2021\/02\/Neue-Dimensionen-der-Krisenkommunikation.jpg","datePublished":"2017-05-13T06:38:48+00:00","dateModified":"2021-02-13T08:21:21+00:00","description":"Che ci saranno crisi \u00e8 certo come l'Amen nella chiesa. Oggi, ci sono pi\u00f9 sfide aziendali, per non parlare degli scandali e delle battaglie di parole, di quanto si possa pensare. Non solo attraverso i soliti media e forum, ma recentemente le aziende esposte vengono messe sotto pressione anche attraverso le piattaforme dei social media.","breadcrumb":{"@id":"https:\/\/www.m-q.ch\/neue-dimensionen-der-krisenkommunikation\/#breadcrumb"},"inLanguage":"it-IT","potentialAction":[{"@type":"ReadAction","target":["https:\/\/www.m-q.ch\/neue-dimensionen-der-krisenkommunikation\/"]}]},{"@type":"ImageObject","inLanguage":"it-IT","@id":"https:\/\/www.m-q.ch\/neue-dimensionen-der-krisenkommunikation\/#primaryimage","url":"https:\/\/www.m-q.ch\/wp-content\/uploads\/2021\/02\/Neue-Dimensionen-der-Krisenkommunikation.jpg","contentUrl":"https:\/\/www.m-q.ch\/wp-content\/uploads\/2021\/02\/Neue-Dimensionen-der-Krisenkommunikation.jpg","width":871,"height":566,"caption":"Neue Dimensionen der Krisenkommunikation"},{"@type":"BreadcrumbList","@id":"https:\/\/www.m-q.ch\/neue-dimensionen-der-krisenkommunikation\/#breadcrumb","itemListElement":[{"@type":"ListItem","position":1,"name":"Risikomanagement","item":"https:\/\/www.m-q.ch\/kategorie\/risikomanagement\/"},{"@type":"ListItem","position":2,"name":"Neue Dimensionen der Krisenkommunikation"}]},{"@type":"WebSite","@id":"https:\/\/www.m-q.ch\/fr\/#website","url":"https:\/\/www.m-q.ch\/fr\/","name":"Gestione e qualit\u00e0 MQ","description":"Piattaforma per sistemi di gestione integrati.","publisher":{"@id":"https:\/\/www.m-q.ch\/fr\/#organization"},"potentialAction":[{"@type":"SearchAction","target":{"@type":"EntryPoint","urlTemplate":"https:\/\/www.m-q.ch\/fr\/?s={search_term_string}"},"query-input":{"@type":"PropertyValueSpecification","valueRequired":true,"valueName":"search_term_string"}}],"inLanguage":"it-IT"},{"@type":"Organization","@id":"https:\/\/www.m-q.ch\/fr\/#organization","name":"Galledia Fachmedien AG","url":"https:\/\/www.m-q.ch\/fr\/","logo":{"@type":"ImageObject","inLanguage":"it-IT","@id":"https:\/\/www.m-q.ch\/fr\/#\/schema\/logo\/image\/","url":"https:\/\/www.m-q.ch\/wp-content\/uploads\/2020\/12\/cropped-logo_small.png","contentUrl":"https:\/\/www.m-q.ch\/wp-content\/uploads\/2020\/12\/cropped-logo_small.png","width":512,"height":512,"caption":"Galledia Fachmedien AG"},"image":{"@id":"https:\/\/www.m-q.ch\/fr\/#\/schema\/logo\/image\/"},"sameAs":["https:\/\/www.facebook.com\/ManagementUndQualitaet","https:\/\/www.linkedin.com\/showcase\/17982321\/admin\/"]},{"@type":"Person","@id":"https:\/\/www.m-q.ch\/fr\/#\/schema\/person\/71f647a41e4a3e361e6230f5134f3ba9","name":"upwork_2","image":{"@type":"ImageObject","inLanguage":"it-IT","@id":"https:\/\/www.m-q.ch\/fr\/#\/schema\/person\/image\/","url":"https:\/\/secure.gravatar.com\/avatar\/777b90ab56092bbf3c85feacda5c1bce?s=96&d=mm&r=g","contentUrl":"https:\/\/secure.gravatar.com\/avatar\/777b90ab56092bbf3c85feacda5c1bce?s=96&d=mm&r=g","caption":"upwork_2"},"url":"https:\/\/www.m-q.ch\/it\/author\/upwork_2\/"}]}},"_links":{"self":[{"href":"https:\/\/www.m-q.ch\/it\/wp-json\/wp\/v2\/posts\/11272","targetHints":{"allow":["GET"]}}],"collection":[{"href":"https:\/\/www.m-q.ch\/it\/wp-json\/wp\/v2\/posts"}],"about":[{"href":"https:\/\/www.m-q.ch\/it\/wp-json\/wp\/v2\/types\/post"}],"author":[{"embeddable":true,"href":"https:\/\/www.m-q.ch\/it\/wp-json\/wp\/v2\/users\/62"}],"replies":[{"embeddable":true,"href":"https:\/\/www.m-q.ch\/it\/wp-json\/wp\/v2\/comments?post=11272"}],"version-history":[{"count":1,"href":"https:\/\/www.m-q.ch\/it\/wp-json\/wp\/v2\/posts\/11272\/revisions"}],"predecessor-version":[{"id":11310,"href":"https:\/\/www.m-q.ch\/it\/wp-json\/wp\/v2\/posts\/11272\/revisions\/11310"}],"wp:featuredmedia":[{"embeddable":true,"href":"https:\/\/www.m-q.ch\/it\/wp-json\/wp\/v2\/media\/11304"}],"wp:attachment":[{"href":"https:\/\/www.m-q.ch\/it\/wp-json\/wp\/v2\/media?parent=11272"}],"wp:term":[{"taxonomy":"category","embeddable":true,"href":"https:\/\/www.m-q.ch\/it\/wp-json\/wp\/v2\/categories?post=11272"},{"taxonomy":"post_tag","embeddable":true,"href":"https:\/\/www.m-q.ch\/it\/wp-json\/wp\/v2\/tags?post=11272"}],"curies":[{"name":"wp","href":"https:\/\/api.w.org\/{rel}","templated":true}]}}