{"id":11273,"date":"2017-05-15T08:38:49","date_gmt":"2017-05-15T06:38:49","guid":{"rendered":"https:\/\/www.m-q.ch\/?p=11273"},"modified":"2021-02-13T09:31:16","modified_gmt":"2021-02-13T08:31:16","slug":"comunicazione-professionale-di-crisi","status":"publish","type":"post","link":"https:\/\/www.m-q.ch\/it\/professionelle-krisenkommunikation\/","title":{"rendered":"Comunicazione professionale di crisi"},"content":{"rendered":"<p><img loading=\"lazy\" decoding=\"async\" class=\"alignnone size-full wp-image-11311\" src=\"https:\/\/www.m-q.ch\/wp-content\/uploads\/2021\/02\/Professionelle-Krisenkommunikation.jpg\" alt=\"Comunicazione professionale di crisi\" width=\"878\" height=\"1008\" srcset=\"https:\/\/www.m-q.ch\/wp-content\/uploads\/2021\/02\/Professionelle-Krisenkommunikation.jpg 878w, https:\/\/www.m-q.ch\/wp-content\/uploads\/2021\/02\/Professionelle-Krisenkommunikation-768x882.jpg 768w, https:\/\/www.m-q.ch\/wp-content\/uploads\/2021\/02\/Professionelle-Krisenkommunikation-10x12.jpg 10w, https:\/\/www.m-q.ch\/wp-content\/uploads\/2021\/02\/Professionelle-Krisenkommunikation-152x175.jpg 152w, https:\/\/www.m-q.ch\/wp-content\/uploads\/2021\/02\/Professionelle-Krisenkommunikation-305x350.jpg 305w, https:\/\/www.m-q.ch\/wp-content\/uploads\/2021\/02\/Professionelle-Krisenkommunikation-697x800.jpg 697w, https:\/\/www.m-q.ch\/wp-content\/uploads\/2021\/02\/Professionelle-Krisenkommunikation-300x344.jpg 300w\" sizes=\"auto, (max-width: 878px) 100vw, 878px\" \/><\/p>\n<p>&nbsp;<\/p>\n<p>&nbsp;<\/p>\n<p>&nbsp;<\/p>\n<p>Non ci si pu\u00f2 lamentare della mancanza di veri esempi di crisi: Ai disastri naturali, ai casi di corruzione e di frode, ai licenziamenti o alle esplosioni nelle fabbriche si aggiungono nuove crisi indotte dalla tecnologia (attacchi informatici), dichiarazioni sconsiderate dei rappresentanti delle aziende e un'inaspettata indignazione morale da parte dei singoli stakeholder (attivismo dei consumatori). Lo sviluppo rivoluzionario della tecnologia della comunicazione e la rapida ascesa dei social media portano a una maggiore attenzione e sensibilit\u00e0 del pubblico, e a pi\u00f9 superfici di attacco.<\/p>\n<p><strong>Competenza attraverso la profilassi<\/strong><br \/>\nIn molte organizzazioni, la comunicazione di crisi \u00e8 ancora agli inizi. Ci sono delle ragioni per questo. Da un lato, \u00e8 dovuto alla gestione macchinosa del tema \"crisi\", dall'altro, \u00e8 dovuto alla comprensione troppo ristretta dei compiti della comunicazione di crisi.<\/p>\n<p>&nbsp;<\/p>\n<p>Quando si verifica una crisi, la comunicazione \u00e8 un lavoro duro: la pressione del tempo, l'alto interesse pubblico e le limitate possibilit\u00e0 di azione e comunicazione sono fisicamente e mentalmente estenuanti. Le carenze esistenti nei processi, nelle strutture e nelle competenze personali vengono spietatamente rivelate. Coloro che non sono riusciti a comunicare professionalmente con i loro stakeholder nei tempi \"buoni\" si trovano di fronte a incomprensione, resistenza e opposizione diretta.<\/p>\n<p>&nbsp;<\/p>\n<p>Proteggere la propria reputazione \u00e8 diventato un compito di gestione strategico e non delegabile. La comunicazione strategica di crisi \u00e8 uno strumento importante in questo senso.<\/p>\n<p><strong>Difficile definizione di crisi <\/strong><br \/>\nLa gestione delle crisi e la comunicazione delle crisi richiedono un pensiero strategico e un primo passo \u00e8 l'identificazione di possibili situazioni di crisi. Perch\u00e9 solo chi comprende la natura e i possibili effetti di una crisi pu\u00f2 avviare misure e comunicazioni adeguate alla situazione.<\/p>\n<p>&nbsp;<\/p>\n<p><em>Prima,<\/em> nella vita quotidiana privata e professionale, qualsiasi evento viene chiamato crisi, senza tener conto della sua portata e delle sue possibili conseguenze. Il termine \"crisi\" \u00e8 diventato \"inflazione\". Inoltre, la gente tende a bloccare i segnali sgradevoli, come nota lo scienziato statunitense Nassim Taleb. Affrontare le crisi in tempi di crescita e successo economico \u00e8 difficile per la maggior parte delle organizzazioni.<\/p>\n<p>&nbsp;<\/p>\n<p><em>Secondo,<\/em> Ogni crisi \u00e8 accompagnata dall'incertezza. Il momento della comparsa, la causa reale, la durata e il corso sono per lo pi\u00f9 sconosciuti e difficili da valutare. Di solito, un evento come il licenziamento di dipendenti, la scoperta di una frode o un'esplosione in un impianto di produzione fa scattare la crisi. Nel corso del tempo, il corso della crisi cambia pi\u00f9 volte, influenzato da come la crisi viene gestita e da come il pubblico percepisce la situazione. Il risultato pu\u00f2 essere positivo, ma anche negativo, persino catastrofico.<\/p>\n<p><strong>Tentativo di una tipologia di crisi <\/strong><br \/>\nTuttavia, la ricerca di possibili crisi per la propria organizzazione e la derivazione di scenari di crisi si dimostra essere un compito schiacciante nella pratica. Un approccio di soluzione pragmatica alla definizione della crisi comprende due fasi: in primo luogo, l'analisi e la classificazione di casi di crisi plausibili e in secondo luogo, la derivazione di scenari di crisi.<\/p>\n<p>&nbsp;<\/p>\n<p>Le tipologie di crisi esistenti possono ridurre la complessit\u00e0 e semplificare la raccolta di informazioni. La figura 1 illustra una tipologia che classifica gli eventi di crisi in base alla causa percepita dagli stakeholder e alla loro controllabilit\u00e0, fornendo allo stesso tempo i primi indizi per la loro risposta. Per esempio, studi empirici mostrano che gli stakeholder reagiscono con accuse e biasimo in caso di eventi di crisi se la causa della crisi \u00e8 comunque classificata come controllabile all'interno dell'organizzazione.<\/p>\n<p>&nbsp;<\/p>\n<p>Dopo che gli eventi di crisi sono stati classificati, gli scenari di crisi sono definiti per ogni caso di crisi. Il metodo degli scenari \u00e8 molto diffuso nella gestione strategica e del rischio ed \u00e8 anche sempre pi\u00f9 utilizzato nella comunicazione di crisi. Attraverso gli scenari di crisi, vengono descritti diversi risultati di crisi. Pensare per scenari crea cos\u00ec una diversa consapevolezza del rischio e prepara mentalmente alle crisi. Definire uno scenario il pi\u00f9 negativo possibile si rivela particolarmente utile.<\/p>\n<p><strong>Preparazione sistematica <\/strong><br \/>\nCome mostrano i workshop, la complessit\u00e0 descritta della definizione di crisi \u00e8 solo la punta dell'iceberg che \u00e8 la preparazione della comunicazione di crisi. Affinch\u00e9 un concetto abbia successo, c'\u00e8 bisogno di una stretta cooperazione tra diverse unit\u00e0 specializzate, un sistema di informazione sulle crisi funzionante, cos\u00ec come il sostegno e il coinvolgimento diretto della direzione dell'azienda.<\/p>\n<p><strong>Un concetto di comunicazione di crisi include i seguenti argomenti:<\/strong><\/p>\n<ul>\n<li>Casi e scenari di crisi specifici dell'organizzazione (1).<\/li>\n<li>Piano d'azione (2) con quattro sotto-aree: Sistema d'informazione sulle crisi (2a) per cogliere i segnali di crisi e i possibili rischi. Il punto di partenza \u00e8 l'analisi delle parti interessate, dei loro bisogni di informazione e dei loro ruoli in caso di crisi. Si deve assicurare il collegamento con la gestione dei rischi e la gestione dei problemi. Queste informazioni possono aiutare a completare gli scenari di crisi.<\/li>\n<li>Piano tattico di comunicazione di crisi (2b): include la pianificazione della strategia, i messaggi, gli strumenti e la direzione in ogni scenario di crisi identificato. Altri argomenti includono un team di crisi interdisciplinare e il coinvolgimento di fornitori di servizi esterni.<\/li>\n<li>Trattare con i media in una crisi (2c): La conoscenza dei media rilevanti, degli atteggiamenti del pubblico in generale e di altri influenzatori (opinion leader) \u00e8 approfondita per mezzo di un'analisi continua dei media.<\/li>\n<li>Trattare con altre parti interessate di importanza fondamentale (2d): prima di tutto, i dipendenti come portavoce pi\u00f9 credibile verso l'esterno. A seconda della situazione di crisi, la collaborazione con le autorit\u00e0 (ad esempio con l'organizzazione delle luci blu) o il rapporto con i clienti (ad esempio in caso di richiamo dei prodotti) devono essere definiti con la stessa precisione della comunicazione con i media nella crisi.<\/li>\n<li>Istituzionalizzare e garantire una formazione regolare (3) e aggiornamenti (4).<\/li>\n<\/ul>\n<p><strong>Comunicazione di crisi - pi\u00f9 di una tattica <\/strong><br \/>\nUna comunicazione di crisi efficace pu\u00f2 proteggere, se necessario difendere o ripristinare la propria reputazione. \u00c8 una componente critica della gestione professionale della crisi prima, durante e dopo la crisi. In pratica, per\u00f2, la comunicazione di crisi \u00e8 spesso realizzata solo nella \"fase calda\" di una crisi, cio\u00e8 copre solo la gestione tattica della crisi. Questi compiti sono di importanza centrale, ma come mostra la figura 2, sono insufficienti e non rendono giustizia alla complessit\u00e0.<\/p>\n<p>&nbsp;<\/p>\n<p>La comunicazione di crisi dovrebbe anche essere attivamente perseguita prima e dopo la crisi. Prima della crisi, si creano strutture organizzative e si formano le competenze. Si analizzano le opportunit\u00e0 e i rischi nell'ambiente e si condensano i risultati dei diversi dipartimenti in argomenti critici. In questa fase, l'organizzazione educa i suoi stakeholder sui rischi e sugli eventi di crisi futuri e identifica le aspettative reciproche. La comunicazione di crisi pu\u00f2 costruire la fiducia, che \u00e8 spesso la migliore prevenzione delle crisi.<\/p>\n<p>&nbsp;<\/p>\n<p>Dopo la crisi, la comunicazione di crisi assicura una valutazione finale delle cause e della gestione della crisi. Sostiene cos\u00ec il nuovo inizio e il ripristino della reputazione. Questa fase dovrebbe anche assicurare l'apprendimento dalla crisi e l'aggiornamento dei processi, delle strutture e delle competenze. Dopo tutto, \"dopo la crisi \u00e8 prima della crisi\".<\/p>\n<p>&nbsp;<\/p>\n<p>&nbsp;<\/p>","protected":false},"excerpt":{"rendered":"<p>&nbsp; &nbsp; &nbsp; Ein Mangel an realen Krisenbeispielen kann nicht beklagt werden: Naturkatastrophen, Korruptions- und Betrugsf\u00e4lle, Entlassungen oder Fabrikexplosionen werden um neue technologisch bedingte Krisen (Cyber-Angrif-fe), un\u00fcberlegte \u00c4usserungen von Unterneh-mensvertretern und unerwartete moralische Entr\u00fcstungen einzelner Anspruchsgruppen (Konsumentenaktivismus) erweitert. Die re-volution\u00e4re Weiterentwicklung der Kommu-nikationstechnologie und der rasante Aufstieg der sozialen Medien f\u00fchren zu einer gestiege-nen Aufmerksamkeit [&hellip;]<\/p>\n","protected":false},"author":62,"featured_media":11311,"comment_status":"closed","ping_status":"closed","sticky":false,"template":"","format":"standard","meta":{"_acf_changed":false,"footnotes":""},"categories":[4],"tags":[4773],"class_list":["post-11273","post","type-post","status-publish","format-standard","has-post-thumbnail","hentry","category-risikomanagement","tag-05-2017"],"acf":[],"yoast_head":"<!-- This site is optimized with the Yoast SEO plugin v26.2 - https:\/\/yoast.com\/wordpress\/plugins\/seo\/ -->\n<title>Professionelle Krisenkommunikation - MQ Management und Qualit\u00e4t<\/title>\n<meta name=\"description\" content=\"In einer Krise sollten Handlungsf\u00e4higkeit und Handlungssicherheit systematisch und strukturiert vorbereitet sein. Es gilt Kompetenzen gezielt aufzubauen. Dr. Albena Bj\u00f6rck zu aktuellen Herausforderungen und L\u00f6sungsans\u00e4tzen in der Vorbereitung der Krisenkommunikation.\" \/>\n<meta name=\"robots\" content=\"index, follow, max-snippet:-1, max-image-preview:large, max-video-preview:-1\" \/>\n<link rel=\"canonical\" href=\"https:\/\/www.m-q.ch\/it\/comunicazione-professionale-di-crisi\/\" \/>\n<meta property=\"og:locale\" content=\"it_IT\" \/>\n<meta property=\"og:type\" content=\"article\" \/>\n<meta property=\"og:title\" content=\"Professionelle Krisenkommunikation - MQ Management und Qualit\u00e4t\" \/>\n<meta property=\"og:description\" content=\"In einer Krise sollten Handlungsf\u00e4higkeit und Handlungssicherheit systematisch und strukturiert vorbereitet sein. Es gilt Kompetenzen gezielt aufzubauen. Dr. Albena Bj\u00f6rck zu aktuellen Herausforderungen und L\u00f6sungsans\u00e4tzen in der Vorbereitung der Krisenkommunikation.\" \/>\n<meta property=\"og:url\" content=\"https:\/\/www.m-q.ch\/it\/comunicazione-professionale-di-crisi\/\" \/>\n<meta property=\"og:site_name\" content=\"MQ Management und Qualit\u00e4t\" \/>\n<meta property=\"article:publisher\" content=\"https:\/\/www.facebook.com\/ManagementUndQualitaet\" \/>\n<meta property=\"article:published_time\" content=\"2017-05-15T06:38:49+00:00\" \/>\n<meta property=\"article:modified_time\" content=\"2021-02-13T08:31:16+00:00\" \/>\n<meta property=\"og:image\" content=\"https:\/\/www.m-q.ch\/wp-content\/uploads\/2021\/02\/Professionelle-Krisenkommunikation.jpg\" \/>\n\t<meta property=\"og:image:width\" content=\"878\" \/>\n\t<meta property=\"og:image:height\" content=\"1008\" \/>\n\t<meta property=\"og:image:type\" content=\"image\/jpeg\" \/>\n<meta name=\"author\" content=\"upwork_2\" \/>\n<meta name=\"twitter:card\" content=\"summary_large_image\" \/>\n<meta name=\"twitter:label1\" content=\"Scritto da\" \/>\n\t<meta name=\"twitter:data1\" content=\"upwork_2\" \/>\n\t<meta name=\"twitter:label2\" content=\"Tempo di lettura stimato\" \/>\n\t<meta name=\"twitter:data2\" content=\"5 minuti\" \/>\n<script type=\"application\/ld+json\" class=\"yoast-schema-graph\">{\"@context\":\"https:\/\/schema.org\",\"@graph\":[{\"@type\":\"Article\",\"@id\":\"https:\/\/www.m-q.ch\/professionelle-krisenkommunikation\/#article\",\"isPartOf\":{\"@id\":\"https:\/\/www.m-q.ch\/professionelle-krisenkommunikation\/\"},\"author\":{\"name\":\"upwork_2\",\"@id\":\"https:\/\/www.m-q.ch\/fr\/#\/schema\/person\/71f647a41e4a3e361e6230f5134f3ba9\"},\"headline\":\"Professionelle Krisenkommunikation\",\"datePublished\":\"2017-05-15T06:38:49+00:00\",\"dateModified\":\"2021-02-13T08:31:16+00:00\",\"mainEntityOfPage\":{\"@id\":\"https:\/\/www.m-q.ch\/professionelle-krisenkommunikation\/\"},\"wordCount\":1014,\"publisher\":{\"@id\":\"https:\/\/www.m-q.ch\/fr\/#organization\"},\"image\":{\"@id\":\"https:\/\/www.m-q.ch\/professionelle-krisenkommunikation\/#primaryimage\"},\"thumbnailUrl\":\"https:\/\/www.m-q.ch\/wp-content\/uploads\/2021\/02\/Professionelle-Krisenkommunikation.jpg\",\"keywords\":[\"05\/2017\"],\"articleSection\":[\"Risikomanagement\"],\"inLanguage\":\"it-IT\"},{\"@type\":\"WebPage\",\"@id\":\"https:\/\/www.m-q.ch\/professionelle-krisenkommunikation\/\",\"url\":\"https:\/\/www.m-q.ch\/professionelle-krisenkommunikation\/\",\"name\":\"Professionelle Krisenkommunikation - MQ Management und Qualit\u00e4t\",\"isPartOf\":{\"@id\":\"https:\/\/www.m-q.ch\/fr\/#website\"},\"primaryImageOfPage\":{\"@id\":\"https:\/\/www.m-q.ch\/professionelle-krisenkommunikation\/#primaryimage\"},\"image\":{\"@id\":\"https:\/\/www.m-q.ch\/professionelle-krisenkommunikation\/#primaryimage\"},\"thumbnailUrl\":\"https:\/\/www.m-q.ch\/wp-content\/uploads\/2021\/02\/Professionelle-Krisenkommunikation.jpg\",\"datePublished\":\"2017-05-15T06:38:49+00:00\",\"dateModified\":\"2021-02-13T08:31:16+00:00\",\"description\":\"In einer Krise sollten Handlungsf\u00e4higkeit und Handlungssicherheit systematisch und strukturiert vorbereitet sein. Es gilt Kompetenzen gezielt aufzubauen. Dr. Albena Bj\u00f6rck zu aktuellen Herausforderungen und L\u00f6sungsans\u00e4tzen in der Vorbereitung der Krisenkommunikation.\",\"breadcrumb\":{\"@id\":\"https:\/\/www.m-q.ch\/professionelle-krisenkommunikation\/#breadcrumb\"},\"inLanguage\":\"it-IT\",\"potentialAction\":[{\"@type\":\"ReadAction\",\"target\":[\"https:\/\/www.m-q.ch\/professionelle-krisenkommunikation\/\"]}]},{\"@type\":\"ImageObject\",\"inLanguage\":\"it-IT\",\"@id\":\"https:\/\/www.m-q.ch\/professionelle-krisenkommunikation\/#primaryimage\",\"url\":\"https:\/\/www.m-q.ch\/wp-content\/uploads\/2021\/02\/Professionelle-Krisenkommunikation.jpg\",\"contentUrl\":\"https:\/\/www.m-q.ch\/wp-content\/uploads\/2021\/02\/Professionelle-Krisenkommunikation.jpg\",\"width\":878,\"height\":1008,\"caption\":\"Professionelle Krisenkommunikation\"},{\"@type\":\"BreadcrumbList\",\"@id\":\"https:\/\/www.m-q.ch\/professionelle-krisenkommunikation\/#breadcrumb\",\"itemListElement\":[{\"@type\":\"ListItem\",\"position\":1,\"name\":\"Risikomanagement\",\"item\":\"https:\/\/www.m-q.ch\/kategorie\/risikomanagement\/\"},{\"@type\":\"ListItem\",\"position\":2,\"name\":\"Professionelle Krisenkommunikation\"}]},{\"@type\":\"WebSite\",\"@id\":\"https:\/\/www.m-q.ch\/fr\/#website\",\"url\":\"https:\/\/www.m-q.ch\/fr\/\",\"name\":\"MQ Management und Qualit\u00e4t\",\"description\":\"Plattform f\u00fcr integrierte Managementsysteme.\",\"publisher\":{\"@id\":\"https:\/\/www.m-q.ch\/fr\/#organization\"},\"potentialAction\":[{\"@type\":\"SearchAction\",\"target\":{\"@type\":\"EntryPoint\",\"urlTemplate\":\"https:\/\/www.m-q.ch\/fr\/?s={search_term_string}\"},\"query-input\":{\"@type\":\"PropertyValueSpecification\",\"valueRequired\":true,\"valueName\":\"search_term_string\"}}],\"inLanguage\":\"it-IT\"},{\"@type\":\"Organization\",\"@id\":\"https:\/\/www.m-q.ch\/fr\/#organization\",\"name\":\"Galledia Fachmedien AG\",\"url\":\"https:\/\/www.m-q.ch\/fr\/\",\"logo\":{\"@type\":\"ImageObject\",\"inLanguage\":\"it-IT\",\"@id\":\"https:\/\/www.m-q.ch\/fr\/#\/schema\/logo\/image\/\",\"url\":\"https:\/\/www.m-q.ch\/wp-content\/uploads\/2020\/12\/cropped-logo_small.png\",\"contentUrl\":\"https:\/\/www.m-q.ch\/wp-content\/uploads\/2020\/12\/cropped-logo_small.png\",\"width\":512,\"height\":512,\"caption\":\"Galledia Fachmedien AG\"},\"image\":{\"@id\":\"https:\/\/www.m-q.ch\/fr\/#\/schema\/logo\/image\/\"},\"sameAs\":[\"https:\/\/www.facebook.com\/ManagementUndQualitaet\",\"https:\/\/www.linkedin.com\/showcase\/17982321\/admin\/\"]},{\"@type\":\"Person\",\"@id\":\"https:\/\/www.m-q.ch\/fr\/#\/schema\/person\/71f647a41e4a3e361e6230f5134f3ba9\",\"name\":\"upwork_2\",\"image\":{\"@type\":\"ImageObject\",\"inLanguage\":\"it-IT\",\"@id\":\"https:\/\/www.m-q.ch\/fr\/#\/schema\/person\/image\/\",\"url\":\"https:\/\/secure.gravatar.com\/avatar\/777b90ab56092bbf3c85feacda5c1bce?s=96&d=mm&r=g\",\"contentUrl\":\"https:\/\/secure.gravatar.com\/avatar\/777b90ab56092bbf3c85feacda5c1bce?s=96&d=mm&r=g\",\"caption\":\"upwork_2\"},\"url\":\"https:\/\/www.m-q.ch\/it\/author\/upwork_2\/\"}]}<\/script>\n<!-- \/ Yoast SEO plugin. -->","yoast_head_json":{"title":"Comunicazione professionale di crisi - MQ Management und Qualit\u00e4t","description":"In una crisi, la capacit\u00e0 di agire e la certezza dell'azione devono essere preparate in modo sistematico e strutturato. Le competenze devono essere costruite in modo mirato. Dr. Albena Bj\u00f6rck sulle attuali sfide e soluzioni nella preparazione della comunicazione di crisi.","robots":{"index":"index","follow":"follow","max-snippet":"max-snippet:-1","max-image-preview":"max-image-preview:large","max-video-preview":"max-video-preview:-1"},"canonical":"https:\/\/www.m-q.ch\/it\/comunicazione-professionale-di-crisi\/","og_locale":"it_IT","og_type":"article","og_title":"Professionelle Krisenkommunikation - MQ Management und Qualit\u00e4t","og_description":"In einer Krise sollten Handlungsf\u00e4higkeit und Handlungssicherheit systematisch und strukturiert vorbereitet sein. Es gilt Kompetenzen gezielt aufzubauen. Dr. Albena Bj\u00f6rck zu aktuellen Herausforderungen und L\u00f6sungsans\u00e4tzen in der Vorbereitung der Krisenkommunikation.","og_url":"https:\/\/www.m-q.ch\/it\/comunicazione-professionale-di-crisi\/","og_site_name":"MQ Management und Qualit\u00e4t","article_publisher":"https:\/\/www.facebook.com\/ManagementUndQualitaet","article_published_time":"2017-05-15T06:38:49+00:00","article_modified_time":"2021-02-13T08:31:16+00:00","og_image":[{"width":878,"height":1008,"url":"https:\/\/www.m-q.ch\/wp-content\/uploads\/2021\/02\/Professionelle-Krisenkommunikation.jpg","type":"image\/jpeg"}],"author":"upwork_2","twitter_card":"summary_large_image","twitter_misc":{"Scritto da":"upwork_2","Tempo di lettura stimato":"5 minuti"},"schema":{"@context":"https:\/\/schema.org","@graph":[{"@type":"Article","@id":"https:\/\/www.m-q.ch\/professionelle-krisenkommunikation\/#article","isPartOf":{"@id":"https:\/\/www.m-q.ch\/professionelle-krisenkommunikation\/"},"author":{"name":"upwork_2","@id":"https:\/\/www.m-q.ch\/fr\/#\/schema\/person\/71f647a41e4a3e361e6230f5134f3ba9"},"headline":"Professionelle Krisenkommunikation","datePublished":"2017-05-15T06:38:49+00:00","dateModified":"2021-02-13T08:31:16+00:00","mainEntityOfPage":{"@id":"https:\/\/www.m-q.ch\/professionelle-krisenkommunikation\/"},"wordCount":1014,"publisher":{"@id":"https:\/\/www.m-q.ch\/fr\/#organization"},"image":{"@id":"https:\/\/www.m-q.ch\/professionelle-krisenkommunikation\/#primaryimage"},"thumbnailUrl":"https:\/\/www.m-q.ch\/wp-content\/uploads\/2021\/02\/Professionelle-Krisenkommunikation.jpg","keywords":["05\/2017"],"articleSection":["Risikomanagement"],"inLanguage":"it-IT"},{"@type":"WebPage","@id":"https:\/\/www.m-q.ch\/professionelle-krisenkommunikation\/","url":"https:\/\/www.m-q.ch\/professionelle-krisenkommunikation\/","name":"Comunicazione professionale di crisi - MQ Management und Qualit\u00e4t","isPartOf":{"@id":"https:\/\/www.m-q.ch\/fr\/#website"},"primaryImageOfPage":{"@id":"https:\/\/www.m-q.ch\/professionelle-krisenkommunikation\/#primaryimage"},"image":{"@id":"https:\/\/www.m-q.ch\/professionelle-krisenkommunikation\/#primaryimage"},"thumbnailUrl":"https:\/\/www.m-q.ch\/wp-content\/uploads\/2021\/02\/Professionelle-Krisenkommunikation.jpg","datePublished":"2017-05-15T06:38:49+00:00","dateModified":"2021-02-13T08:31:16+00:00","description":"In una crisi, la capacit\u00e0 di agire e la certezza dell'azione devono essere preparate in modo sistematico e strutturato. Le competenze devono essere costruite in modo mirato. Dr. Albena Bj\u00f6rck sulle attuali sfide e soluzioni nella preparazione della comunicazione di crisi.","breadcrumb":{"@id":"https:\/\/www.m-q.ch\/professionelle-krisenkommunikation\/#breadcrumb"},"inLanguage":"it-IT","potentialAction":[{"@type":"ReadAction","target":["https:\/\/www.m-q.ch\/professionelle-krisenkommunikation\/"]}]},{"@type":"ImageObject","inLanguage":"it-IT","@id":"https:\/\/www.m-q.ch\/professionelle-krisenkommunikation\/#primaryimage","url":"https:\/\/www.m-q.ch\/wp-content\/uploads\/2021\/02\/Professionelle-Krisenkommunikation.jpg","contentUrl":"https:\/\/www.m-q.ch\/wp-content\/uploads\/2021\/02\/Professionelle-Krisenkommunikation.jpg","width":878,"height":1008,"caption":"Professionelle Krisenkommunikation"},{"@type":"BreadcrumbList","@id":"https:\/\/www.m-q.ch\/professionelle-krisenkommunikation\/#breadcrumb","itemListElement":[{"@type":"ListItem","position":1,"name":"Risikomanagement","item":"https:\/\/www.m-q.ch\/kategorie\/risikomanagement\/"},{"@type":"ListItem","position":2,"name":"Professionelle Krisenkommunikation"}]},{"@type":"WebSite","@id":"https:\/\/www.m-q.ch\/fr\/#website","url":"https:\/\/www.m-q.ch\/fr\/","name":"Gestione e qualit\u00e0 MQ","description":"Piattaforma per sistemi di gestione integrati.","publisher":{"@id":"https:\/\/www.m-q.ch\/fr\/#organization"},"potentialAction":[{"@type":"SearchAction","target":{"@type":"EntryPoint","urlTemplate":"https:\/\/www.m-q.ch\/fr\/?s={search_term_string}"},"query-input":{"@type":"PropertyValueSpecification","valueRequired":true,"valueName":"search_term_string"}}],"inLanguage":"it-IT"},{"@type":"Organization","@id":"https:\/\/www.m-q.ch\/fr\/#organization","name":"Galledia Fachmedien AG","url":"https:\/\/www.m-q.ch\/fr\/","logo":{"@type":"ImageObject","inLanguage":"it-IT","@id":"https:\/\/www.m-q.ch\/fr\/#\/schema\/logo\/image\/","url":"https:\/\/www.m-q.ch\/wp-content\/uploads\/2020\/12\/cropped-logo_small.png","contentUrl":"https:\/\/www.m-q.ch\/wp-content\/uploads\/2020\/12\/cropped-logo_small.png","width":512,"height":512,"caption":"Galledia Fachmedien AG"},"image":{"@id":"https:\/\/www.m-q.ch\/fr\/#\/schema\/logo\/image\/"},"sameAs":["https:\/\/www.facebook.com\/ManagementUndQualitaet","https:\/\/www.linkedin.com\/showcase\/17982321\/admin\/"]},{"@type":"Person","@id":"https:\/\/www.m-q.ch\/fr\/#\/schema\/person\/71f647a41e4a3e361e6230f5134f3ba9","name":"upwork_2","image":{"@type":"ImageObject","inLanguage":"it-IT","@id":"https:\/\/www.m-q.ch\/fr\/#\/schema\/person\/image\/","url":"https:\/\/secure.gravatar.com\/avatar\/777b90ab56092bbf3c85feacda5c1bce?s=96&d=mm&r=g","contentUrl":"https:\/\/secure.gravatar.com\/avatar\/777b90ab56092bbf3c85feacda5c1bce?s=96&d=mm&r=g","caption":"upwork_2"},"url":"https:\/\/www.m-q.ch\/it\/author\/upwork_2\/"}]}},"_links":{"self":[{"href":"https:\/\/www.m-q.ch\/it\/wp-json\/wp\/v2\/posts\/11273","targetHints":{"allow":["GET"]}}],"collection":[{"href":"https:\/\/www.m-q.ch\/it\/wp-json\/wp\/v2\/posts"}],"about":[{"href":"https:\/\/www.m-q.ch\/it\/wp-json\/wp\/v2\/types\/post"}],"author":[{"embeddable":true,"href":"https:\/\/www.m-q.ch\/it\/wp-json\/wp\/v2\/users\/62"}],"replies":[{"embeddable":true,"href":"https:\/\/www.m-q.ch\/it\/wp-json\/wp\/v2\/comments?post=11273"}],"version-history":[{"count":1,"href":"https:\/\/www.m-q.ch\/it\/wp-json\/wp\/v2\/posts\/11273\/revisions"}],"predecessor-version":[{"id":11313,"href":"https:\/\/www.m-q.ch\/it\/wp-json\/wp\/v2\/posts\/11273\/revisions\/11313"}],"wp:featuredmedia":[{"embeddable":true,"href":"https:\/\/www.m-q.ch\/it\/wp-json\/wp\/v2\/media\/11311"}],"wp:attachment":[{"href":"https:\/\/www.m-q.ch\/it\/wp-json\/wp\/v2\/media?parent=11273"}],"wp:term":[{"taxonomy":"category","embeddable":true,"href":"https:\/\/www.m-q.ch\/it\/wp-json\/wp\/v2\/categories?post=11273"},{"taxonomy":"post_tag","embeddable":true,"href":"https:\/\/www.m-q.ch\/it\/wp-json\/wp\/v2\/tags?post=11273"}],"curies":[{"name":"wp","href":"https:\/\/api.w.org\/{rel}","templated":true}]}}