{"id":11278,"date":"2017-05-25T08:38:53","date_gmt":"2017-05-25T06:38:53","guid":{"rendered":"https:\/\/www.m-q.ch\/?p=11278"},"modified":"2021-02-13T09:56:53","modified_gmt":"2021-02-13T08:56:53","slug":"il-programma-bueroptima","status":"publish","type":"post","link":"https:\/\/www.m-q.ch\/it\/das-programm-bueroptima\/","title":{"rendered":"Il programma \"B\u00fcroptima"},"content":{"rendered":"<p>L'azienda ha pagato la nuova cultura dell'ufficio. I mobili soddisfano naturalmente i pi\u00f9 alti standard di efficienza energetica ed ergonomia. Grazie ai piani dei tavoli colorati, lavorare non dovrebbe essere solo divertente, ma dovrebbe anche mantenere le persone fisicamente alla loro postazione di lavoro.<\/p>\n<p>&nbsp;<\/p>\n<p>La direzione \u00e8 convinta che con questo investimento non trascurabile, sta facendo un passo verso il futuro. Naturalmente, sarebbe anche necessario sviluppare nuovi prodotti, e la logistica di distribuzione adattata \u00e8 all'ordine del giorno da molto tempo, ma non si pu\u00f2 fare tutto in una volta.<\/p>\n<p><strong>La difficile implementazione<\/strong><br \/>\nAlla riunione settimanale della direzione, Hannes ha ricevuto il compito di implementare il concetto di ufficio nei dettagli e di procurare l'arredamento mancante. Inoltre, deve redigere i piani per la nuova disposizione dei posti a sedere e redigere in forma comprensibile il regolamento per l'uso moderno delle infrastrutture d'ufficio contemporanee. Come al solito, Hannes si mette al lavoro in modo strutturato e meticoloso. Niente dovrebbe essere lasciato al caso.<\/p>\n<p>&nbsp;<\/p>\n<p><em><strong>\"Il numero di ore di occupazione alla settimana \u00e8 uguale alla metratura dello spazio necessario\".<\/strong><\/em><\/p>\n<p>&nbsp;<\/p>\n<p>Egli disegna una chiave che stronca sul nascere tutte le discussioni del tipo \"il collega x ha pi\u00f9 spazio e luce del giorno\". Spiegher\u00e0 in modo trasparente che il salario lordo annuo in franchi diviso per il valore 7000 d\u00e0 come risultato il fabbisogno in metri quadrati per posto di lavoro. Questo dovrebbe funzionare se gli attuali uffici singoli vengono convertiti nelle cosiddette sale riunioni. Le riunioni dovrebbero comunque tenersi da qualche parte. La regola qui \u00e8 che il numero di ore settimanali in cui una stanza \u00e8 occupata \u00e8 uguale al metro quadrato della stanza che \u00e8 necessario. Questo significa che la distribuzione spaziale si basa su una solida base.<\/p>\n<p><strong>Tecnologia al top nelle sale riunioni<\/strong><br \/>\nLe sale riunioni saranno naturalmente attrezzate secondo le ultime scoperte della cultura delle riunioni. L'illuminazione e la tecnologia di animazione in queste sale, che sono anche utilizzate per i corsi interni, devono essere moderne. \u00c8 vero che le luci non possono pi\u00f9 essere accese senza una conoscenza tecnica di base dell'elettronica. \"On-off\" era ieri - oggi \u00e8 \"Programma 1-14 con funzione aggiuntiva di oscuramento A-F\", gestito tramite il touch-screen nella parte anteriore della stanza, che viene attivato tramite l'interruttore principale sul retro.<\/p>\n<p>&nbsp;<\/p>\n<p>Logicamente, questa scheda di controllo \u00e8 legata alla funzione delle tende da sole. Perch\u00e9 \u00e8 completamente impossibile abbassare le tende senza accendere contemporaneamente il proiettore. Se questo dovesse accadere, Hannes d\u00e0 il consiglio di accendere il beamer, salire sul tavolo sottostante e coprire l'obiettivo con un cartoncino. In questo modo il proiettore rimane al buio, le persiane sono abbassate e il sistema nervoso dell'infrastruttura centrale non subisce un crash tecnico. Al massimo, la lampada del proiettore cade vittima della morte per calore.<\/p>\n<p><strong>Il sottoprogetto \"Clean-desk<\/strong><br \/>\nOra Hannes arriva al capitolo difficile. Contemporaneamente al nuovo arredamento, viene introdotta una \"scrivania pulita\". I dipendenti non sono autorizzati ad avere oggetti personali nelle loro postazioni di lavoro, n\u00e9 possono avere sulle loro scrivanie attrezzature d'ufficio che non siano assolutamente necessarie. In concreto, solo chi deve perforare almeno 30 pagine A4 al giorno e ha almeno un carico di lavoro dell'80% con almeno il 60% di presenza in ufficio pu\u00f2 avere una perforatrice sulla scrivania.<\/p>\n<p>&nbsp;<\/p>\n<p>Hannes riflette sulle foto che ora mancano. \u00c8 cos\u00ec bello vedere in quale fase della vita si trova il singolo dipendente. Tra i 20 e i 30 anni ci sono le foto della fidanzata o della moglie, tra i 30 e i 40 i figli e tra i 40 e i 50 la foto della nuova Harley-Davidson, prima che a 50 anni si faccia strada la foto con il tramonto.<\/p>\n<p>&nbsp;<\/p>\n<p>S\u00ec, Hannes si rammarica di dover fare a meno delle foto, soprattutto perch\u00e9 ha ricevuto un bellissimo tramonto da sua moglie per il suo compleanno.<\/p>","protected":false},"excerpt":{"rendered":"<p>Das Unternehmen hat sich die neue B\u00fc-rokultur etwas kosten lassen. Das Mobiliar erf\u00fcllt selbstverst\u00e4ndlich h\u00f6chste Anspr\u00fcche an Energetik und Ergonomie. Dank den far-benfrohen Tischplatten soll Arbeiten nicht nur Spass machen, sondern die Leute gerade-zu physisch am Arbeitsplatz festhalten. &nbsp; Die Gesch\u00e4ftsleitung ist \u00fcberzeugt, mit dieser zugegebenermassen nicht unbeschei-denen Investition den Schritt in die Zukunft zu [&hellip;]<\/p>\n","protected":false},"author":62,"featured_media":0,"comment_status":"closed","ping_status":"closed","sticky":false,"template":"","format":"standard","meta":{"_acf_changed":false,"footnotes":""},"categories":[4448],"tags":[4773],"class_list":["post-11278","post","type-post","status-publish","format-standard","hentry","category-allgemein","tag-05-2017"],"acf":[],"yoast_head":"<!-- This site is optimized with the Yoast SEO plugin v26.2 - https:\/\/yoast.com\/wordpress\/plugins\/seo\/ -->\n<title>Das Programm \u00abB\u00fcroptima\u00bb - MQ Management und Qualit\u00e4t<\/title>\n<meta name=\"description\" content=\"Hannes hat es kommen sehen. Auch \u00absein\u00bb Un-ternehmen f\u00fchrt Grossraumb\u00fcros mitsamt ei-nem neuen B\u00fcrokonzept ein. Die \u00abZweierzel-len\u00bb beziehungsweise \u00abEinzelb\u00fcros\u00bb f\u00fcr Vorge-setzte weichen einer modernen, kommunika-tiven und offenen B\u00fcrokultur. Farblich nach Feng-Shui abgestimmt, mit einem Raumde-sign von einer renommierten B\u00fcro-Kunst-De-signer-Agentur. Die Beleuchtung wurde von f\u00fcnf Spezialisten w\u00e4hrend drei Wochen ausge-t\u00fcftelt und m\u00fcndet in ein veritables Lumina-tions-Kunstwerk. Das Licht soll W\u00e4rme aus-strahlen, die Konzentration f\u00f6rdern und m\u00f6g-lichst unauff\u00e4llig pr\u00e4sent sein, die Mitarbeiter unbewusst durch die richtigen G\u00e4nge lotsen und gleichzeitig den modernsten Energiespar-levels entsprechen.\" \/>\n<meta name=\"robots\" content=\"index, follow, max-snippet:-1, max-image-preview:large, max-video-preview:-1\" \/>\n<link rel=\"canonical\" href=\"https:\/\/www.m-q.ch\/it\/il-programma-bueroptima\/\" \/>\n<meta property=\"og:locale\" content=\"it_IT\" \/>\n<meta property=\"og:type\" content=\"article\" \/>\n<meta property=\"og:title\" content=\"Das Programm \u00abB\u00fcroptima\u00bb - MQ Management und Qualit\u00e4t\" \/>\n<meta property=\"og:description\" content=\"Hannes hat es kommen sehen. Auch \u00absein\u00bb Un-ternehmen f\u00fchrt Grossraumb\u00fcros mitsamt ei-nem neuen B\u00fcrokonzept ein. Die \u00abZweierzel-len\u00bb beziehungsweise \u00abEinzelb\u00fcros\u00bb f\u00fcr Vorge-setzte weichen einer modernen, kommunika-tiven und offenen B\u00fcrokultur. Farblich nach Feng-Shui abgestimmt, mit einem Raumde-sign von einer renommierten B\u00fcro-Kunst-De-signer-Agentur. Die Beleuchtung wurde von f\u00fcnf Spezialisten w\u00e4hrend drei Wochen ausge-t\u00fcftelt und m\u00fcndet in ein veritables Lumina-tions-Kunstwerk. Das Licht soll W\u00e4rme aus-strahlen, die Konzentration f\u00f6rdern und m\u00f6g-lichst unauff\u00e4llig pr\u00e4sent sein, die Mitarbeiter unbewusst durch die richtigen G\u00e4nge lotsen und gleichzeitig den modernsten Energiespar-levels entsprechen.\" \/>\n<meta property=\"og:url\" content=\"https:\/\/www.m-q.ch\/it\/il-programma-bueroptima\/\" \/>\n<meta property=\"og:site_name\" content=\"MQ Management und Qualit\u00e4t\" \/>\n<meta property=\"article:publisher\" content=\"https:\/\/www.facebook.com\/ManagementUndQualitaet\" \/>\n<meta property=\"article:published_time\" content=\"2017-05-25T06:38:53+00:00\" \/>\n<meta property=\"article:modified_time\" content=\"2021-02-13T08:56:53+00:00\" \/>\n<meta name=\"author\" content=\"upwork_2\" \/>\n<meta name=\"twitter:card\" content=\"summary_large_image\" \/>\n<meta name=\"twitter:label1\" content=\"Scritto da\" \/>\n\t<meta name=\"twitter:data1\" content=\"upwork_2\" \/>\n\t<meta name=\"twitter:label2\" content=\"Tempo di lettura stimato\" \/>\n\t<meta name=\"twitter:data2\" content=\"3 minuti\" \/>\n<script type=\"application\/ld+json\" class=\"yoast-schema-graph\">{\"@context\":\"https:\/\/schema.org\",\"@graph\":[{\"@type\":\"Article\",\"@id\":\"https:\/\/www.m-q.ch\/das-programm-bueroptima\/#article\",\"isPartOf\":{\"@id\":\"https:\/\/www.m-q.ch\/das-programm-bueroptima\/\"},\"author\":{\"name\":\"upwork_2\",\"@id\":\"https:\/\/www.m-q.ch\/fr\/#\/schema\/person\/71f647a41e4a3e361e6230f5134f3ba9\"},\"headline\":\"Das Programm \u00abB\u00fcroptima\u00bb\",\"datePublished\":\"2017-05-25T06:38:53+00:00\",\"dateModified\":\"2021-02-13T08:56:53+00:00\",\"mainEntityOfPage\":{\"@id\":\"https:\/\/www.m-q.ch\/das-programm-bueroptima\/\"},\"wordCount\":601,\"publisher\":{\"@id\":\"https:\/\/www.m-q.ch\/fr\/#organization\"},\"keywords\":[\"05\/2017\"],\"articleSection\":[\"Allgemein\"],\"inLanguage\":\"it-IT\"},{\"@type\":\"WebPage\",\"@id\":\"https:\/\/www.m-q.ch\/das-programm-bueroptima\/\",\"url\":\"https:\/\/www.m-q.ch\/das-programm-bueroptima\/\",\"name\":\"Das Programm \u00abB\u00fcroptima\u00bb - MQ Management und Qualit\u00e4t\",\"isPartOf\":{\"@id\":\"https:\/\/www.m-q.ch\/fr\/#website\"},\"datePublished\":\"2017-05-25T06:38:53+00:00\",\"dateModified\":\"2021-02-13T08:56:53+00:00\",\"description\":\"Hannes hat es kommen sehen. Auch \u00absein\u00bb Un-ternehmen f\u00fchrt Grossraumb\u00fcros mitsamt ei-nem neuen B\u00fcrokonzept ein. Die \u00abZweierzel-len\u00bb beziehungsweise \u00abEinzelb\u00fcros\u00bb f\u00fcr Vorge-setzte weichen einer modernen, kommunika-tiven und offenen B\u00fcrokultur. Farblich nach Feng-Shui abgestimmt, mit einem Raumde-sign von einer renommierten B\u00fcro-Kunst-De-signer-Agentur. Die Beleuchtung wurde von f\u00fcnf Spezialisten w\u00e4hrend drei Wochen ausge-t\u00fcftelt und m\u00fcndet in ein veritables Lumina-tions-Kunstwerk. Das Licht soll W\u00e4rme aus-strahlen, die Konzentration f\u00f6rdern und m\u00f6g-lichst unauff\u00e4llig pr\u00e4sent sein, die Mitarbeiter unbewusst durch die richtigen G\u00e4nge lotsen und gleichzeitig den modernsten Energiespar-levels entsprechen.\",\"breadcrumb\":{\"@id\":\"https:\/\/www.m-q.ch\/das-programm-bueroptima\/#breadcrumb\"},\"inLanguage\":\"it-IT\",\"potentialAction\":[{\"@type\":\"ReadAction\",\"target\":[\"https:\/\/www.m-q.ch\/das-programm-bueroptima\/\"]}]},{\"@type\":\"BreadcrumbList\",\"@id\":\"https:\/\/www.m-q.ch\/das-programm-bueroptima\/#breadcrumb\",\"itemListElement\":[{\"@type\":\"ListItem\",\"position\":1,\"name\":\"Allgemein\",\"item\":\"https:\/\/www.m-q.ch\/kategorie\/allgemein\/\"},{\"@type\":\"ListItem\",\"position\":2,\"name\":\"Das Programm \u00abB\u00fcroptima\u00bb\"}]},{\"@type\":\"WebSite\",\"@id\":\"https:\/\/www.m-q.ch\/fr\/#website\",\"url\":\"https:\/\/www.m-q.ch\/fr\/\",\"name\":\"MQ Management und Qualit\u00e4t\",\"description\":\"Plattform f\u00fcr integrierte Managementsysteme.\",\"publisher\":{\"@id\":\"https:\/\/www.m-q.ch\/fr\/#organization\"},\"potentialAction\":[{\"@type\":\"SearchAction\",\"target\":{\"@type\":\"EntryPoint\",\"urlTemplate\":\"https:\/\/www.m-q.ch\/fr\/?s={search_term_string}\"},\"query-input\":{\"@type\":\"PropertyValueSpecification\",\"valueRequired\":true,\"valueName\":\"search_term_string\"}}],\"inLanguage\":\"it-IT\"},{\"@type\":\"Organization\",\"@id\":\"https:\/\/www.m-q.ch\/fr\/#organization\",\"name\":\"Galledia Fachmedien AG\",\"url\":\"https:\/\/www.m-q.ch\/fr\/\",\"logo\":{\"@type\":\"ImageObject\",\"inLanguage\":\"it-IT\",\"@id\":\"https:\/\/www.m-q.ch\/fr\/#\/schema\/logo\/image\/\",\"url\":\"https:\/\/www.m-q.ch\/wp-content\/uploads\/2020\/12\/cropped-logo_small.png\",\"contentUrl\":\"https:\/\/www.m-q.ch\/wp-content\/uploads\/2020\/12\/cropped-logo_small.png\",\"width\":512,\"height\":512,\"caption\":\"Galledia Fachmedien AG\"},\"image\":{\"@id\":\"https:\/\/www.m-q.ch\/fr\/#\/schema\/logo\/image\/\"},\"sameAs\":[\"https:\/\/www.facebook.com\/ManagementUndQualitaet\",\"https:\/\/www.linkedin.com\/showcase\/17982321\/admin\/\"]},{\"@type\":\"Person\",\"@id\":\"https:\/\/www.m-q.ch\/fr\/#\/schema\/person\/71f647a41e4a3e361e6230f5134f3ba9\",\"name\":\"upwork_2\",\"image\":{\"@type\":\"ImageObject\",\"inLanguage\":\"it-IT\",\"@id\":\"https:\/\/www.m-q.ch\/fr\/#\/schema\/person\/image\/\",\"url\":\"https:\/\/secure.gravatar.com\/avatar\/777b90ab56092bbf3c85feacda5c1bce?s=96&d=mm&r=g\",\"contentUrl\":\"https:\/\/secure.gravatar.com\/avatar\/777b90ab56092bbf3c85feacda5c1bce?s=96&d=mm&r=g\",\"caption\":\"upwork_2\"},\"url\":\"https:\/\/www.m-q.ch\/it\/author\/upwork_2\/\"}]}<\/script>\n<!-- \/ Yoast SEO plugin. -->","yoast_head_json":{"title":"Il programma \"B\u00fcroptima\" - MQ Gestione e Qualit\u00e0","description":"Hannes l'ha visto arrivare. La \"sua\" azienda sta anche introducendo uffici a pianta aperta insieme a un nuovo concetto di ufficio. Gli \"uffici a due\" o gli \"uffici individuali\" per i manager stanno lasciando il posto a una cultura d'ufficio moderna, comunicativa e aperta. I colori sono coordinati secondo il Feng Shui, con un design della stanza realizzato da una rinomata agenzia di office art design. L'illuminazione \u00e8 stata elaborata da cinque specialisti durante un periodo di tre settimane e risulta in una vera e propria opera d'arte luminosa. La luce dovrebbe irradiare calore, favorire la concentrazione ed essere il meno appariscente possibile, guidando inconsciamente i dipendenti attraverso i corridoi giusti e allo stesso tempo rispettando gli ultimi standard di risparmio energetico.","robots":{"index":"index","follow":"follow","max-snippet":"max-snippet:-1","max-image-preview":"max-image-preview:large","max-video-preview":"max-video-preview:-1"},"canonical":"https:\/\/www.m-q.ch\/it\/il-programma-bueroptima\/","og_locale":"it_IT","og_type":"article","og_title":"Das Programm \u00abB\u00fcroptima\u00bb - MQ Management und Qualit\u00e4t","og_description":"Hannes hat es kommen sehen. Auch \u00absein\u00bb Un-ternehmen f\u00fchrt Grossraumb\u00fcros mitsamt ei-nem neuen B\u00fcrokonzept ein. Die \u00abZweierzel-len\u00bb beziehungsweise \u00abEinzelb\u00fcros\u00bb f\u00fcr Vorge-setzte weichen einer modernen, kommunika-tiven und offenen B\u00fcrokultur. Farblich nach Feng-Shui abgestimmt, mit einem Raumde-sign von einer renommierten B\u00fcro-Kunst-De-signer-Agentur. Die Beleuchtung wurde von f\u00fcnf Spezialisten w\u00e4hrend drei Wochen ausge-t\u00fcftelt und m\u00fcndet in ein veritables Lumina-tions-Kunstwerk. Das Licht soll W\u00e4rme aus-strahlen, die Konzentration f\u00f6rdern und m\u00f6g-lichst unauff\u00e4llig pr\u00e4sent sein, die Mitarbeiter unbewusst durch die richtigen G\u00e4nge lotsen und gleichzeitig den modernsten Energiespar-levels entsprechen.","og_url":"https:\/\/www.m-q.ch\/it\/il-programma-bueroptima\/","og_site_name":"MQ Management und Qualit\u00e4t","article_publisher":"https:\/\/www.facebook.com\/ManagementUndQualitaet","article_published_time":"2017-05-25T06:38:53+00:00","article_modified_time":"2021-02-13T08:56:53+00:00","author":"upwork_2","twitter_card":"summary_large_image","twitter_misc":{"Scritto da":"upwork_2","Tempo di lettura stimato":"3 minuti"},"schema":{"@context":"https:\/\/schema.org","@graph":[{"@type":"Article","@id":"https:\/\/www.m-q.ch\/das-programm-bueroptima\/#article","isPartOf":{"@id":"https:\/\/www.m-q.ch\/das-programm-bueroptima\/"},"author":{"name":"upwork_2","@id":"https:\/\/www.m-q.ch\/fr\/#\/schema\/person\/71f647a41e4a3e361e6230f5134f3ba9"},"headline":"Das Programm \u00abB\u00fcroptima\u00bb","datePublished":"2017-05-25T06:38:53+00:00","dateModified":"2021-02-13T08:56:53+00:00","mainEntityOfPage":{"@id":"https:\/\/www.m-q.ch\/das-programm-bueroptima\/"},"wordCount":601,"publisher":{"@id":"https:\/\/www.m-q.ch\/fr\/#organization"},"keywords":["05\/2017"],"articleSection":["Allgemein"],"inLanguage":"it-IT"},{"@type":"WebPage","@id":"https:\/\/www.m-q.ch\/das-programm-bueroptima\/","url":"https:\/\/www.m-q.ch\/das-programm-bueroptima\/","name":"Il programma \"B\u00fcroptima\" - MQ Gestione e Qualit\u00e0","isPartOf":{"@id":"https:\/\/www.m-q.ch\/fr\/#website"},"datePublished":"2017-05-25T06:38:53+00:00","dateModified":"2021-02-13T08:56:53+00:00","description":"Hannes l'ha visto arrivare. La \"sua\" azienda sta anche introducendo uffici a pianta aperta insieme a un nuovo concetto di ufficio. Gli \"uffici a due\" o gli \"uffici individuali\" per i manager stanno lasciando il posto a una cultura d'ufficio moderna, comunicativa e aperta. I colori sono coordinati secondo il Feng Shui, con un design della stanza realizzato da una rinomata agenzia di office art design. L'illuminazione \u00e8 stata elaborata da cinque specialisti durante un periodo di tre settimane e risulta in una vera e propria opera d'arte luminosa. La luce dovrebbe irradiare calore, favorire la concentrazione ed essere il meno appariscente possibile, guidando inconsciamente i dipendenti attraverso i corridoi giusti e allo stesso tempo rispettando gli ultimi standard di risparmio energetico.","breadcrumb":{"@id":"https:\/\/www.m-q.ch\/das-programm-bueroptima\/#breadcrumb"},"inLanguage":"it-IT","potentialAction":[{"@type":"ReadAction","target":["https:\/\/www.m-q.ch\/das-programm-bueroptima\/"]}]},{"@type":"BreadcrumbList","@id":"https:\/\/www.m-q.ch\/das-programm-bueroptima\/#breadcrumb","itemListElement":[{"@type":"ListItem","position":1,"name":"Allgemein","item":"https:\/\/www.m-q.ch\/kategorie\/allgemein\/"},{"@type":"ListItem","position":2,"name":"Das Programm \u00abB\u00fcroptima\u00bb"}]},{"@type":"WebSite","@id":"https:\/\/www.m-q.ch\/fr\/#website","url":"https:\/\/www.m-q.ch\/fr\/","name":"Gestione e qualit\u00e0 MQ","description":"Piattaforma per sistemi di gestione integrati.","publisher":{"@id":"https:\/\/www.m-q.ch\/fr\/#organization"},"potentialAction":[{"@type":"SearchAction","target":{"@type":"EntryPoint","urlTemplate":"https:\/\/www.m-q.ch\/fr\/?s={search_term_string}"},"query-input":{"@type":"PropertyValueSpecification","valueRequired":true,"valueName":"search_term_string"}}],"inLanguage":"it-IT"},{"@type":"Organization","@id":"https:\/\/www.m-q.ch\/fr\/#organization","name":"Galledia Fachmedien AG","url":"https:\/\/www.m-q.ch\/fr\/","logo":{"@type":"ImageObject","inLanguage":"it-IT","@id":"https:\/\/www.m-q.ch\/fr\/#\/schema\/logo\/image\/","url":"https:\/\/www.m-q.ch\/wp-content\/uploads\/2020\/12\/cropped-logo_small.png","contentUrl":"https:\/\/www.m-q.ch\/wp-content\/uploads\/2020\/12\/cropped-logo_small.png","width":512,"height":512,"caption":"Galledia Fachmedien AG"},"image":{"@id":"https:\/\/www.m-q.ch\/fr\/#\/schema\/logo\/image\/"},"sameAs":["https:\/\/www.facebook.com\/ManagementUndQualitaet","https:\/\/www.linkedin.com\/showcase\/17982321\/admin\/"]},{"@type":"Person","@id":"https:\/\/www.m-q.ch\/fr\/#\/schema\/person\/71f647a41e4a3e361e6230f5134f3ba9","name":"upwork_2","image":{"@type":"ImageObject","inLanguage":"it-IT","@id":"https:\/\/www.m-q.ch\/fr\/#\/schema\/person\/image\/","url":"https:\/\/secure.gravatar.com\/avatar\/777b90ab56092bbf3c85feacda5c1bce?s=96&d=mm&r=g","contentUrl":"https:\/\/secure.gravatar.com\/avatar\/777b90ab56092bbf3c85feacda5c1bce?s=96&d=mm&r=g","caption":"upwork_2"},"url":"https:\/\/www.m-q.ch\/it\/author\/upwork_2\/"}]}},"_links":{"self":[{"href":"https:\/\/www.m-q.ch\/it\/wp-json\/wp\/v2\/posts\/11278","targetHints":{"allow":["GET"]}}],"collection":[{"href":"https:\/\/www.m-q.ch\/it\/wp-json\/wp\/v2\/posts"}],"about":[{"href":"https:\/\/www.m-q.ch\/it\/wp-json\/wp\/v2\/types\/post"}],"author":[{"embeddable":true,"href":"https:\/\/www.m-q.ch\/it\/wp-json\/wp\/v2\/users\/62"}],"replies":[{"embeddable":true,"href":"https:\/\/www.m-q.ch\/it\/wp-json\/wp\/v2\/comments?post=11278"}],"version-history":[{"count":1,"href":"https:\/\/www.m-q.ch\/it\/wp-json\/wp\/v2\/posts\/11278\/revisions"}],"predecessor-version":[{"id":11333,"href":"https:\/\/www.m-q.ch\/it\/wp-json\/wp\/v2\/posts\/11278\/revisions\/11333"}],"wp:attachment":[{"href":"https:\/\/www.m-q.ch\/it\/wp-json\/wp\/v2\/media?parent=11278"}],"wp:term":[{"taxonomy":"category","embeddable":true,"href":"https:\/\/www.m-q.ch\/it\/wp-json\/wp\/v2\/categories?post=11278"},{"taxonomy":"post_tag","embeddable":true,"href":"https:\/\/www.m-q.ch\/it\/wp-json\/wp\/v2\/tags?post=11278"}],"curies":[{"name":"wp","href":"https:\/\/api.w.org\/{rel}","templated":true}]}}