{"id":11308,"date":"2016-02-17T09:17:03","date_gmt":"2016-02-17T08:17:03","guid":{"rendered":"https:\/\/www.m-q.ch\/?p=11308"},"modified":"2021-02-13T09:34:03","modified_gmt":"2021-02-13T08:34:03","slug":"in-rete-per-ottenere-maggiori-prestazioni-anche-nella-gestione-della-qualita","status":"publish","type":"post","link":"https:\/\/www.m-q.ch\/it\/vernetzt-zu-mehr-leistung-auch-im-qualitaetsmanagement\/","title":{"rendered":"In rete per migliori prestazioni - anche nella gestione della qualit\u00e0"},"content":{"rendered":"<p><img loading=\"lazy\" decoding=\"async\" class=\"alignnone size-full wp-image-11309\" src=\"https:\/\/www.m-q.ch\/wp-content\/uploads\/2021\/02\/Vernetzt-zu-mehr-Leistung---auch-im-Qualitaetsmanagement.jpg\" alt=\"In rete per migliori prestazioni - anche nella gestione della qualit\u00e0\" width=\"870\" height=\"627\" srcset=\"\" sizes=\"auto, (max-width: 870px) 100vw, 870px\" data-srcset=\"\" \/><\/p>\n<p>&nbsp;<\/p>\n<p>&nbsp;<\/p>\n<p>&nbsp;<\/p>\n<p><em><strong>O<\/strong><\/em>Siamo aperti a nuove idee e abbiamo sempre un occhio agli sviluppi futuri. Allo stesso tempo, ci concentriamo sulla sicurezza, la qualit\u00e0 e l'ambiente. Questi valori aziendali sostenibili e determinanti per il business hanno portato cablex a definire presto processi e procedure per ottenere le certificazioni ISO nella gestione della qualit\u00e0, dell'ambiente e della sicurezza. In qualit\u00e0 di impresa totale, cablex \u00e8 leader nella costruzione e nella manutenzione di soluzioni di infrastrutture di rete ad alte prestazioni su scala nazionale nei settori della comunicazione, dell'energia, dei trasporti e dell'ICT. Pi\u00f9 di 1.000 dipendenti, distribuiti in 20 sedi in tutta la Svizzera, combinano competenze ingegneristiche e applicative.<\/p>\n<p><strong>I requisiti minimi non sono pi\u00f9 sufficienti<\/strong><br \/>\nDopo il successo della certificazione, cablex ha scoperto che l'uso dei flussi di processo non poteva essere eseguito in modo efficiente su base giornaliera. Quella che inizialmente era intesa come una soluzione minima per la gestione dei processi e dei documenti non poteva pi\u00f9 soddisfare le crescenti esigenze di utenti e clienti. In particolare, mancava una gestione centrale degli oggetti supportata dal sistema per mezzo di workflow e versioning, cos\u00ec come meccanismi di gestione e controllo di facile utilizzo per assicurare che i dati mantenuti nel sistema fossero aggiornati.<\/p>\n<p><strong>Sistema di gestione integrato per promuovere la coerenza e l'efficienza dei dati<\/strong><br \/>\nSi cercava quindi una soluzione che potesse anche integrare i sistemi e i dati esistenti e permettere un uso efficiente sia all'interno che durante le operazioni esterne. Questo doveva essere realizzato con un sistema di gestione integrato (CIS - cablex Information System). I seguenti requisiti sono stati messi in ordine di priorit\u00e0:<\/p>\n<ul>\n<li>Intranet come componente<\/li>\n<li>Collegamenti diretti a sistemi di terze parti<\/li>\n<li>Interfacce con i moduli SAP, profili di funzioni e competenze con gestione dei dati master<\/li>\n<li>Mantenimento, versione e archiviazione di processi, documenti e modelli in tutte le lingue nazionali<\/li>\n<li>Diritti strutturali e amministrazione degli utenti (autorizzazioni di accesso)<\/li>\n<li>Ricerca efficiente (l'utente dovrebbe trovare l'oggetto cercato dopo massimo 3 clic)<\/li>\n<li>Navigazione adattata alle esigenze dell'utente e intuitiva<\/li>\n<\/ul>\n<p><strong>Sistema di gestione flessibile come base<\/strong><br \/>\nCon IMS PREMIUM della IMS Integrierte Managementsysteme AG \u00e8 stato trovato il giusto software di gestione della qualit\u00e0 che, grazie al suo alto grado di configurabilit\u00e0, offre le diverse esigenze e l'individualizzazione desiderata.<\/p>\n<p>&nbsp;<\/p>\n<p>La soluzione basata sul web richiede solo un browser web e un accesso a Internet per l'uso. Questo permette l'acquisizione e l'elaborazione decentralizzata dei contenuti senza la necessit\u00e0 di un'installazione locale di software nei locali dell'utente. Il risultato sono processi standardizzati e documenti che vengono gestiti secondo le linee guida attraverso il flusso di lavoro.<\/p>\n<p>&nbsp;<\/p>\n<p><strong><em>Efficienza ed efficacia sono la base del sistema di gestione<\/em><\/strong><\/p>\n<p>&nbsp;<\/p>\n<p>pu\u00f2 essere controllato e gestito. Le funzioni di controllo e monitoraggio automatico con e-mail di promemoria aiutano i proprietari a rispettare gli intervalli di ispezione e quindi a mantenere il sistema di gestione sempre aggiornato.<\/p>\n<p>&nbsp;<\/p>\n<p>La possibilit\u00e0 di integrare il design aziendale e la connessione flessibile al sistema di terzi<\/p>\n<p>&nbsp;<\/p>\n<p>sono stati anche fattori decisivi nella scelta di IMS PREMIUM. Assicurano un alto livello di accettazione da parte degli utenti e permettono un lavoro efficiente nel paesaggio del sistema in rete<\/p>\n<p><strong>Risultati dell'ottimizzazione<\/strong><br \/>\nOggi, la fornitura di servizi presso cablex \u00e8 completamente orientata e controllata dai processi. I processi sono progettati in modo tale da tenere conto di tutte le esigenze individuali dei clienti.<\/p>\n<p>&nbsp;<\/p>\n<p>L'efficienza e l'efficacia sono la base del sistema di gestione. Con l'aiuto di un uso coerente da parte dei dipendenti, \u00e8 stato possibile ottenere un contenuto di alta qualit\u00e0 dei processi e dei documenti. L'accettazione dell'utente, che \u00e8 stata promossa dall'uso semplificato e personalizzabile nella vita quotidiana, pu\u00f2 quindi anche essere nominata come una chiave del successo.<\/p>\n<p>&nbsp;<\/p>\n<p>La pagina iniziale personalizzata d\u00e0 un contributo significativo a questo. Per esempio, offre agli utenti la possibilit\u00e0 di richiamare i loro 10 elementi principali in processi o documenti direttamente dalla pagina iniziale del programma. Dalla pagina iniziale si pu\u00f2 accedere anche a semplici funzioni di ricerca, sistemi di terzi o articoli di notizie su cablex.<\/p>\n<p><strong>Con nuove idee per il futuro<\/strong><br \/>\nIl sistema di gestione deve essere utilizzato sempre di pi\u00f9 nell'uso mobile in particolare. A tal fine, le ottimizzazioni per l'uso con gli iPad saranno ulteriormente ampliate. Inoltre, i dati di utilizzo di alcuni processi e documenti saranno valutati per scoprire il potenziale e migliorare ulteriormente la qualit\u00e0 del sistema di gestione integrato. Poter contare su un software flessibile ed espandibile \u00e8 fondamentale per cablex.<\/p>","protected":false},"excerpt":{"rendered":"<p>&nbsp; &nbsp; &nbsp; Offen sein f\u00fcr Neues und dabei immer ein Auge auf zukunftsorientierte Entwicklungen haben. Dabei Sicherheit, Qualit\u00e4t und Umwelt ins Zentrum stellen. Diese nachhaltigen, gesch\u00e4ftsbestimmenden Unternehmenswerte f\u00fchrten cablex schon fr\u00fch dazu, Prozesse und Abl\u00e4ufe so zu definieren, um ISO-Zertifizierungen in Qualit\u00e4t, Umwelt- und Sicherheitsmanagement zu erlangen. Als Totalunternehmer ist die cablex f\u00fchrend im [&hellip;]<\/p>\n","protected":false},"author":66,"featured_media":11309,"comment_status":"closed","ping_status":"closed","sticky":false,"template":"","format":"standard","meta":{"_acf_changed":false,"footnotes":""},"categories":[4448],"tags":[4771],"class_list":["post-11308","post","type-post","status-publish","format-standard","has-post-thumbnail","hentry","category-allgemein","tag-1-2-2016"],"acf":[],"yoast_head":"<!-- This site is optimized with the Yoast SEO plugin v26.2 - https:\/\/yoast.com\/wordpress\/plugins\/seo\/ -->\n<title>Vernetzt zu mehr Leistung \u2013 auch im Qualit\u00e4tsmanagement - MQ Management und Qualit\u00e4t<\/title>\n<meta name=\"description\" content=\"Nichts ist einer so rasanten Entwicklung unterworfen wie die Technologien in den Bereichen Kommunikation, Energie und Transport. Da gilt es auch in der internen Organisation, stets einen Schritt vorauszudenken. Die Firma cablex hat die Integration eines Managementsystems so konsequent umgesetzt, dass ein dynamisches Informationssystem entstanden ist, welches mit seinen erweiterten Anforderungen organisch mitw\u00e4chst.\" \/>\n<meta name=\"robots\" content=\"index, follow, max-snippet:-1, max-image-preview:large, max-video-preview:-1\" \/>\n<link rel=\"canonical\" href=\"https:\/\/www.m-q.ch\/it\/in-rete-per-ottenere-maggiori-prestazioni-anche-nella-gestione-della-qualita\/\" \/>\n<meta property=\"og:locale\" content=\"it_IT\" \/>\n<meta property=\"og:type\" content=\"article\" \/>\n<meta property=\"og:title\" content=\"Vernetzt zu mehr Leistung \u2013 auch im Qualit\u00e4tsmanagement - MQ Management und Qualit\u00e4t\" \/>\n<meta property=\"og:description\" content=\"Nichts ist einer so rasanten Entwicklung unterworfen wie die Technologien in den Bereichen Kommunikation, Energie und Transport. Da gilt es auch in der internen Organisation, stets einen Schritt vorauszudenken. Die Firma cablex hat die Integration eines Managementsystems so konsequent umgesetzt, dass ein dynamisches Informationssystem entstanden ist, welches mit seinen erweiterten Anforderungen organisch mitw\u00e4chst.\" \/>\n<meta property=\"og:url\" content=\"https:\/\/www.m-q.ch\/it\/in-rete-per-ottenere-maggiori-prestazioni-anche-nella-gestione-della-qualita\/\" \/>\n<meta property=\"og:site_name\" content=\"MQ Management und Qualit\u00e4t\" \/>\n<meta property=\"article:publisher\" content=\"https:\/\/www.facebook.com\/ManagementUndQualitaet\" \/>\n<meta property=\"article:published_time\" content=\"2016-02-17T08:17:03+00:00\" \/>\n<meta property=\"article:modified_time\" content=\"2021-02-13T08:34:03+00:00\" \/>\n<meta property=\"og:image\" content=\"https:\/\/www.m-q.ch\/wp-content\/uploads\/2021\/02\/Vernetzt-zu-mehr-Leistung-\u2013-auch-im-Qualitaetsmanagement.jpg\" \/>\n\t<meta property=\"og:image:width\" content=\"870\" \/>\n\t<meta property=\"og:image:height\" content=\"627\" \/>\n\t<meta property=\"og:image:type\" content=\"image\/jpeg\" \/>\n<meta name=\"author\" content=\"upwork_1\" \/>\n<meta name=\"twitter:card\" content=\"summary_large_image\" \/>\n<meta name=\"twitter:label1\" content=\"Scritto da\" \/>\n\t<meta name=\"twitter:data1\" content=\"upwork_1\" \/>\n\t<meta name=\"twitter:label2\" content=\"Tempo di lettura stimato\" \/>\n\t<meta name=\"twitter:data2\" content=\"3 minuti\" \/>\n<script type=\"application\/ld+json\" class=\"yoast-schema-graph\">{\"@context\":\"https:\/\/schema.org\",\"@graph\":[{\"@type\":\"Article\",\"@id\":\"https:\/\/www.m-q.ch\/vernetzt-zu-mehr-leistung-auch-im-qualitaetsmanagement\/#article\",\"isPartOf\":{\"@id\":\"https:\/\/www.m-q.ch\/vernetzt-zu-mehr-leistung-auch-im-qualitaetsmanagement\/\"},\"author\":{\"name\":\"upwork_1\",\"@id\":\"https:\/\/www.m-q.ch\/fr\/#\/schema\/person\/0bdf39ca27d0b9b779f5b8af54b3f7d7\"},\"headline\":\"Vernetzt zu mehr Leistung \u2013 auch im Qualit\u00e4tsmanagement\",\"datePublished\":\"2016-02-17T08:17:03+00:00\",\"dateModified\":\"2021-02-13T08:34:03+00:00\",\"mainEntityOfPage\":{\"@id\":\"https:\/\/www.m-q.ch\/vernetzt-zu-mehr-leistung-auch-im-qualitaetsmanagement\/\"},\"wordCount\":646,\"publisher\":{\"@id\":\"https:\/\/www.m-q.ch\/fr\/#organization\"},\"image\":{\"@id\":\"https:\/\/www.m-q.ch\/vernetzt-zu-mehr-leistung-auch-im-qualitaetsmanagement\/#primaryimage\"},\"thumbnailUrl\":\"https:\/\/www.m-q.ch\/wp-content\/uploads\/2021\/02\/Vernetzt-zu-mehr-Leistung-\u2013-auch-im-Qualitaetsmanagement.jpg\",\"keywords\":[\"1\u20132\/2016\"],\"articleSection\":[\"Allgemein\"],\"inLanguage\":\"it-IT\"},{\"@type\":\"WebPage\",\"@id\":\"https:\/\/www.m-q.ch\/vernetzt-zu-mehr-leistung-auch-im-qualitaetsmanagement\/\",\"url\":\"https:\/\/www.m-q.ch\/vernetzt-zu-mehr-leistung-auch-im-qualitaetsmanagement\/\",\"name\":\"Vernetzt zu mehr Leistung \u2013 auch im Qualit\u00e4tsmanagement - MQ Management und Qualit\u00e4t\",\"isPartOf\":{\"@id\":\"https:\/\/www.m-q.ch\/fr\/#website\"},\"primaryImageOfPage\":{\"@id\":\"https:\/\/www.m-q.ch\/vernetzt-zu-mehr-leistung-auch-im-qualitaetsmanagement\/#primaryimage\"},\"image\":{\"@id\":\"https:\/\/www.m-q.ch\/vernetzt-zu-mehr-leistung-auch-im-qualitaetsmanagement\/#primaryimage\"},\"thumbnailUrl\":\"https:\/\/www.m-q.ch\/wp-content\/uploads\/2021\/02\/Vernetzt-zu-mehr-Leistung-\u2013-auch-im-Qualitaetsmanagement.jpg\",\"datePublished\":\"2016-02-17T08:17:03+00:00\",\"dateModified\":\"2021-02-13T08:34:03+00:00\",\"description\":\"Nichts ist einer so rasanten Entwicklung unterworfen wie die Technologien in den Bereichen Kommunikation, Energie und Transport. Da gilt es auch in der internen Organisation, stets einen Schritt vorauszudenken. Die Firma cablex hat die Integration eines Managementsystems so konsequent umgesetzt, dass ein dynamisches Informationssystem entstanden ist, welches mit seinen erweiterten Anforderungen organisch mitw\u00e4chst.\",\"breadcrumb\":{\"@id\":\"https:\/\/www.m-q.ch\/vernetzt-zu-mehr-leistung-auch-im-qualitaetsmanagement\/#breadcrumb\"},\"inLanguage\":\"it-IT\",\"potentialAction\":[{\"@type\":\"ReadAction\",\"target\":[\"https:\/\/www.m-q.ch\/vernetzt-zu-mehr-leistung-auch-im-qualitaetsmanagement\/\"]}]},{\"@type\":\"ImageObject\",\"inLanguage\":\"it-IT\",\"@id\":\"https:\/\/www.m-q.ch\/vernetzt-zu-mehr-leistung-auch-im-qualitaetsmanagement\/#primaryimage\",\"url\":\"https:\/\/www.m-q.ch\/wp-content\/uploads\/2021\/02\/Vernetzt-zu-mehr-Leistung-\u2013-auch-im-Qualitaetsmanagement.jpg\",\"contentUrl\":\"https:\/\/www.m-q.ch\/wp-content\/uploads\/2021\/02\/Vernetzt-zu-mehr-Leistung-\u2013-auch-im-Qualitaetsmanagement.jpg\",\"width\":870,\"height\":627,\"caption\":\"Vernetzt zu mehr Leistung \u2013 auch im Qualit\u00e4tsmanagement\"},{\"@type\":\"BreadcrumbList\",\"@id\":\"https:\/\/www.m-q.ch\/vernetzt-zu-mehr-leistung-auch-im-qualitaetsmanagement\/#breadcrumb\",\"itemListElement\":[{\"@type\":\"ListItem\",\"position\":1,\"name\":\"Allgemein\",\"item\":\"https:\/\/www.m-q.ch\/kategorie\/allgemein\/\"},{\"@type\":\"ListItem\",\"position\":2,\"name\":\"Vernetzt zu mehr Leistung \u2013 auch im Qualit\u00e4tsmanagement\"}]},{\"@type\":\"WebSite\",\"@id\":\"https:\/\/www.m-q.ch\/fr\/#website\",\"url\":\"https:\/\/www.m-q.ch\/fr\/\",\"name\":\"MQ Management und Qualit\u00e4t\",\"description\":\"Plattform f\u00fcr integrierte Managementsysteme.\",\"publisher\":{\"@id\":\"https:\/\/www.m-q.ch\/fr\/#organization\"},\"potentialAction\":[{\"@type\":\"SearchAction\",\"target\":{\"@type\":\"EntryPoint\",\"urlTemplate\":\"https:\/\/www.m-q.ch\/fr\/?s={search_term_string}\"},\"query-input\":{\"@type\":\"PropertyValueSpecification\",\"valueRequired\":true,\"valueName\":\"search_term_string\"}}],\"inLanguage\":\"it-IT\"},{\"@type\":\"Organization\",\"@id\":\"https:\/\/www.m-q.ch\/fr\/#organization\",\"name\":\"Galledia Fachmedien AG\",\"url\":\"https:\/\/www.m-q.ch\/fr\/\",\"logo\":{\"@type\":\"ImageObject\",\"inLanguage\":\"it-IT\",\"@id\":\"https:\/\/www.m-q.ch\/fr\/#\/schema\/logo\/image\/\",\"url\":\"https:\/\/www.m-q.ch\/wp-content\/uploads\/2020\/12\/cropped-logo_small.png\",\"contentUrl\":\"https:\/\/www.m-q.ch\/wp-content\/uploads\/2020\/12\/cropped-logo_small.png\",\"width\":512,\"height\":512,\"caption\":\"Galledia Fachmedien AG\"},\"image\":{\"@id\":\"https:\/\/www.m-q.ch\/fr\/#\/schema\/logo\/image\/\"},\"sameAs\":[\"https:\/\/www.facebook.com\/ManagementUndQualitaet\",\"https:\/\/www.linkedin.com\/showcase\/17982321\/admin\/\"]},{\"@type\":\"Person\",\"@id\":\"https:\/\/www.m-q.ch\/fr\/#\/schema\/person\/0bdf39ca27d0b9b779f5b8af54b3f7d7\",\"name\":\"upwork_1\",\"image\":{\"@type\":\"ImageObject\",\"inLanguage\":\"it-IT\",\"@id\":\"https:\/\/www.m-q.ch\/fr\/#\/schema\/person\/image\/\",\"url\":\"https:\/\/secure.gravatar.com\/avatar\/04d4d0fdc5886d535809f17d0eace7f6?s=96&d=mm&r=g\",\"contentUrl\":\"https:\/\/secure.gravatar.com\/avatar\/04d4d0fdc5886d535809f17d0eace7f6?s=96&d=mm&r=g\",\"caption\":\"upwork_1\"},\"url\":\"https:\/\/www.m-q.ch\/it\/author\/upwork_1\/\"}]}<\/script>\n<!-- \/ Yoast SEO plugin. -->","yoast_head_json":{"title":"In rete per migliori prestazioni - anche nella gestione della qualit\u00e0 - MQ Management und Qualit\u00e4t","description":"Niente \u00e8 soggetto a uno sviluppo cos\u00ec rapido come le tecnologie nei settori della comunicazione, dell'energia e dei trasporti. Perci\u00f2 \u00e8 anche importante che l'organizzazione interna pensi sempre un passo avanti. L'azienda cablex ha implementato l'integrazione di un sistema di gestione in modo cos\u00ec coerente che \u00e8 stato creato un sistema d'informazione dinamico che cresce organicamente con le sue esigenze ampliate.","robots":{"index":"index","follow":"follow","max-snippet":"max-snippet:-1","max-image-preview":"max-image-preview:large","max-video-preview":"max-video-preview:-1"},"canonical":"https:\/\/www.m-q.ch\/it\/in-rete-per-ottenere-maggiori-prestazioni-anche-nella-gestione-della-qualita\/","og_locale":"it_IT","og_type":"article","og_title":"Vernetzt zu mehr Leistung \u2013 auch im Qualit\u00e4tsmanagement - MQ Management und Qualit\u00e4t","og_description":"Nichts ist einer so rasanten Entwicklung unterworfen wie die Technologien in den Bereichen Kommunikation, Energie und Transport. Da gilt es auch in der internen Organisation, stets einen Schritt vorauszudenken. Die Firma cablex hat die Integration eines Managementsystems so konsequent umgesetzt, dass ein dynamisches Informationssystem entstanden ist, welches mit seinen erweiterten Anforderungen organisch mitw\u00e4chst.","og_url":"https:\/\/www.m-q.ch\/it\/in-rete-per-ottenere-maggiori-prestazioni-anche-nella-gestione-della-qualita\/","og_site_name":"MQ Management und Qualit\u00e4t","article_publisher":"https:\/\/www.facebook.com\/ManagementUndQualitaet","article_published_time":"2016-02-17T08:17:03+00:00","article_modified_time":"2021-02-13T08:34:03+00:00","og_image":[{"width":870,"height":627,"url":"https:\/\/www.m-q.ch\/wp-content\/uploads\/2021\/02\/Vernetzt-zu-mehr-Leistung-\u2013-auch-im-Qualitaetsmanagement.jpg","type":"image\/jpeg"}],"author":"upwork_1","twitter_card":"summary_large_image","twitter_misc":{"Scritto da":"upwork_1","Tempo di lettura stimato":"3 minuti"},"schema":{"@context":"https:\/\/schema.org","@graph":[{"@type":"Article","@id":"https:\/\/www.m-q.ch\/vernetzt-zu-mehr-leistung-auch-im-qualitaetsmanagement\/#article","isPartOf":{"@id":"https:\/\/www.m-q.ch\/vernetzt-zu-mehr-leistung-auch-im-qualitaetsmanagement\/"},"author":{"name":"upwork_1","@id":"https:\/\/www.m-q.ch\/fr\/#\/schema\/person\/0bdf39ca27d0b9b779f5b8af54b3f7d7"},"headline":"Vernetzt zu mehr Leistung \u2013 auch im Qualit\u00e4tsmanagement","datePublished":"2016-02-17T08:17:03+00:00","dateModified":"2021-02-13T08:34:03+00:00","mainEntityOfPage":{"@id":"https:\/\/www.m-q.ch\/vernetzt-zu-mehr-leistung-auch-im-qualitaetsmanagement\/"},"wordCount":646,"publisher":{"@id":"https:\/\/www.m-q.ch\/fr\/#organization"},"image":{"@id":"https:\/\/www.m-q.ch\/vernetzt-zu-mehr-leistung-auch-im-qualitaetsmanagement\/#primaryimage"},"thumbnailUrl":"https:\/\/www.m-q.ch\/wp-content\/uploads\/2021\/02\/Vernetzt-zu-mehr-Leistung-\u2013-auch-im-Qualitaetsmanagement.jpg","keywords":["1\u20132\/2016"],"articleSection":["Allgemein"],"inLanguage":"it-IT"},{"@type":"WebPage","@id":"https:\/\/www.m-q.ch\/vernetzt-zu-mehr-leistung-auch-im-qualitaetsmanagement\/","url":"https:\/\/www.m-q.ch\/vernetzt-zu-mehr-leistung-auch-im-qualitaetsmanagement\/","name":"In rete per migliori prestazioni - anche nella gestione della qualit\u00e0 - MQ Management und Qualit\u00e4t","isPartOf":{"@id":"https:\/\/www.m-q.ch\/fr\/#website"},"primaryImageOfPage":{"@id":"https:\/\/www.m-q.ch\/vernetzt-zu-mehr-leistung-auch-im-qualitaetsmanagement\/#primaryimage"},"image":{"@id":"https:\/\/www.m-q.ch\/vernetzt-zu-mehr-leistung-auch-im-qualitaetsmanagement\/#primaryimage"},"thumbnailUrl":"https:\/\/www.m-q.ch\/wp-content\/uploads\/2021\/02\/Vernetzt-zu-mehr-Leistung-\u2013-auch-im-Qualitaetsmanagement.jpg","datePublished":"2016-02-17T08:17:03+00:00","dateModified":"2021-02-13T08:34:03+00:00","description":"Niente \u00e8 soggetto a uno sviluppo cos\u00ec rapido come le tecnologie nei settori della comunicazione, dell'energia e dei trasporti. Perci\u00f2 \u00e8 anche importante che l'organizzazione interna pensi sempre un passo avanti. L'azienda cablex ha implementato l'integrazione di un sistema di gestione in modo cos\u00ec coerente che \u00e8 stato creato un sistema d'informazione dinamico che cresce organicamente con le sue esigenze ampliate.","breadcrumb":{"@id":"https:\/\/www.m-q.ch\/vernetzt-zu-mehr-leistung-auch-im-qualitaetsmanagement\/#breadcrumb"},"inLanguage":"it-IT","potentialAction":[{"@type":"ReadAction","target":["https:\/\/www.m-q.ch\/vernetzt-zu-mehr-leistung-auch-im-qualitaetsmanagement\/"]}]},{"@type":"ImageObject","inLanguage":"it-IT","@id":"https:\/\/www.m-q.ch\/vernetzt-zu-mehr-leistung-auch-im-qualitaetsmanagement\/#primaryimage","url":"https:\/\/www.m-q.ch\/wp-content\/uploads\/2021\/02\/Vernetzt-zu-mehr-Leistung-\u2013-auch-im-Qualitaetsmanagement.jpg","contentUrl":"https:\/\/www.m-q.ch\/wp-content\/uploads\/2021\/02\/Vernetzt-zu-mehr-Leistung-\u2013-auch-im-Qualitaetsmanagement.jpg","width":870,"height":627,"caption":"Vernetzt zu mehr Leistung \u2013 auch im Qualit\u00e4tsmanagement"},{"@type":"BreadcrumbList","@id":"https:\/\/www.m-q.ch\/vernetzt-zu-mehr-leistung-auch-im-qualitaetsmanagement\/#breadcrumb","itemListElement":[{"@type":"ListItem","position":1,"name":"Allgemein","item":"https:\/\/www.m-q.ch\/kategorie\/allgemein\/"},{"@type":"ListItem","position":2,"name":"Vernetzt zu mehr Leistung \u2013 auch im Qualit\u00e4tsmanagement"}]},{"@type":"WebSite","@id":"https:\/\/www.m-q.ch\/fr\/#website","url":"https:\/\/www.m-q.ch\/fr\/","name":"Gestione e qualit\u00e0 MQ","description":"Piattaforma per sistemi di gestione integrati.","publisher":{"@id":"https:\/\/www.m-q.ch\/fr\/#organization"},"potentialAction":[{"@type":"SearchAction","target":{"@type":"EntryPoint","urlTemplate":"https:\/\/www.m-q.ch\/fr\/?s={search_term_string}"},"query-input":{"@type":"PropertyValueSpecification","valueRequired":true,"valueName":"search_term_string"}}],"inLanguage":"it-IT"},{"@type":"Organization","@id":"https:\/\/www.m-q.ch\/fr\/#organization","name":"Galledia Fachmedien AG","url":"https:\/\/www.m-q.ch\/fr\/","logo":{"@type":"ImageObject","inLanguage":"it-IT","@id":"https:\/\/www.m-q.ch\/fr\/#\/schema\/logo\/image\/","url":"https:\/\/www.m-q.ch\/wp-content\/uploads\/2020\/12\/cropped-logo_small.png","contentUrl":"https:\/\/www.m-q.ch\/wp-content\/uploads\/2020\/12\/cropped-logo_small.png","width":512,"height":512,"caption":"Galledia Fachmedien AG"},"image":{"@id":"https:\/\/www.m-q.ch\/fr\/#\/schema\/logo\/image\/"},"sameAs":["https:\/\/www.facebook.com\/ManagementUndQualitaet","https:\/\/www.linkedin.com\/showcase\/17982321\/admin\/"]},{"@type":"Person","@id":"https:\/\/www.m-q.ch\/fr\/#\/schema\/person\/0bdf39ca27d0b9b779f5b8af54b3f7d7","name":"upwork_1","image":{"@type":"ImageObject","inLanguage":"it-IT","@id":"https:\/\/www.m-q.ch\/fr\/#\/schema\/person\/image\/","url":"https:\/\/secure.gravatar.com\/avatar\/04d4d0fdc5886d535809f17d0eace7f6?s=96&d=mm&r=g","contentUrl":"https:\/\/secure.gravatar.com\/avatar\/04d4d0fdc5886d535809f17d0eace7f6?s=96&d=mm&r=g","caption":"upwork_1"},"url":"https:\/\/www.m-q.ch\/it\/author\/upwork_1\/"}]}},"_links":{"self":[{"href":"https:\/\/www.m-q.ch\/it\/wp-json\/wp\/v2\/posts\/11308","targetHints":{"allow":["GET"]}}],"collection":[{"href":"https:\/\/www.m-q.ch\/it\/wp-json\/wp\/v2\/posts"}],"about":[{"href":"https:\/\/www.m-q.ch\/it\/wp-json\/wp\/v2\/types\/post"}],"author":[{"embeddable":true,"href":"https:\/\/www.m-q.ch\/it\/wp-json\/wp\/v2\/users\/66"}],"replies":[{"embeddable":true,"href":"https:\/\/www.m-q.ch\/it\/wp-json\/wp\/v2\/comments?post=11308"}],"version-history":[{"count":2,"href":"https:\/\/www.m-q.ch\/it\/wp-json\/wp\/v2\/posts\/11308\/revisions"}],"predecessor-version":[{"id":11315,"href":"https:\/\/www.m-q.ch\/it\/wp-json\/wp\/v2\/posts\/11308\/revisions\/11315"}],"wp:featuredmedia":[{"embeddable":true,"href":"https:\/\/www.m-q.ch\/it\/wp-json\/wp\/v2\/media\/11309"}],"wp:attachment":[{"href":"https:\/\/www.m-q.ch\/it\/wp-json\/wp\/v2\/media?parent=11308"}],"wp:term":[{"taxonomy":"category","embeddable":true,"href":"https:\/\/www.m-q.ch\/it\/wp-json\/wp\/v2\/categories?post=11308"},{"taxonomy":"post_tag","embeddable":true,"href":"https:\/\/www.m-q.ch\/it\/wp-json\/wp\/v2\/tags?post=11308"}],"curies":[{"name":"wp","href":"https:\/\/api.w.org\/{rel}","templated":true}]}}