{"id":11345,"date":"2017-06-19T09:58:59","date_gmt":"2017-06-19T07:58:59","guid":{"rendered":"https:\/\/www.m-q.ch\/?p=11345"},"modified":"2021-02-13T11:30:10","modified_gmt":"2021-02-13T10:30:10","slug":"trasparenza-attraverso-gli-archivi","status":"publish","type":"post","link":"https:\/\/www.m-q.ch\/it\/transparenz-durch-archive\/","title":{"rendered":"Trasparenza attraverso gli archivi"},"content":{"rendered":"<p><img loading=\"lazy\" decoding=\"async\" class=\"alignnone size-full wp-image-11392\" src=\"https:\/\/www.m-q.ch\/wp-content\/uploads\/2021\/02\/Transparenz-durch-Archive.jpg\" alt=\"Trasparenza attraverso gli archivi\" width=\"879\" height=\"540\" srcset=\"https:\/\/www.m-q.ch\/wp-content\/uploads\/2021\/02\/Transparenz-durch-Archive.jpg 879w, https:\/\/www.m-q.ch\/wp-content\/uploads\/2021\/02\/Transparenz-durch-Archive-768x472.jpg 768w, https:\/\/www.m-q.ch\/wp-content\/uploads\/2021\/02\/Transparenz-durch-Archive-16x10.jpg 16w, https:\/\/www.m-q.ch\/wp-content\/uploads\/2021\/02\/Transparenz-durch-Archive-285x175.jpg 285w, https:\/\/www.m-q.ch\/wp-content\/uploads\/2021\/02\/Transparenz-durch-Archive-570x350.jpg 570w, https:\/\/www.m-q.ch\/wp-content\/uploads\/2021\/02\/Transparenz-durch-Archive-300x184.jpg 300w\" sizes=\"auto, (max-width: 879px) 100vw, 879px\" \/>3<\/p>\n<p>&nbsp;<\/p>\n<p>&nbsp;<\/p>\n<p>&nbsp;<\/p>\n<p>L'Archivio federale svizzero (AFS) \u00e8 ospitato in un imponente edificio. \u00c8 qui che si fa la storia svizzera nel vero senso della parola. L'SFA serve alla certezza del diritto e alla \"gestione amministrativa continua e razionale\". Rende possibile la trasparenza e l'azione di governo in primo luogo - come si dice in breve su Wiki-pedia.<\/p>\n<p>&nbsp;<\/p>\n<p>Wikipedia ha tenuto una residenza al BAR dal 2013 al 2014. Il tema: 100\u00b0 anniversario della prima guerra mondiale. L'archivio, che \u00e8 amministrativamente collegato al Dipartimento federale degli affari interni (DFI), sembra un po' reticente in questi giorni quando si tratta di progetti \"Wikipedia in Residence\". Wikimedia Svizzera e i partner di Wiki-pedia si incontrano ora con un alto livello di risposta in luoghi prestigiosi come la British Library di Londra e il Metropolitan di New York. L'obiettivo di Wikimedia Commons, l'ufficio centrale per i file multimediali liberi, \u00e8 quello di continuare l'idea open-source pubblicando quanto pi\u00f9 materiale d'archivio possibile da istituzioni e autori volontari.<\/p>\n<p>&nbsp;<\/p>\n<p>Riassumere e digitalizzare le enciclopedie - quale modo migliore di farlo se non tramite Wikipedia? Perch\u00e9 i nostri colleghi in Svizzera non mostrano interesse per maggiori sinergie? L'Archivio federale svizzero ha indubbiamente aperto i fondi archivistici federali a certi gruppi da tempo immemorabile.<\/p>\n<p><strong>Informazioni preziose<\/strong><br \/>\nL'Archivio federale offre l'archiviazione digitale a cantoni, comuni e altre istituzioni. Il Consiglio federale l'ha autorizzata con un mandato di prestazione ai sensi dell'articolo 18 della legge federale sull'archiviazione (LDA, RS 152.1). Tuttavia, questo \u00e8 successo solo di recente - nel maggio 2014. Le autorit\u00e0 pubbliche vogliono contrastare \"i propri sviluppi ad alta intensit\u00e0 di costi\" e allo stesso tempo garantire \"un funzionamento economico\".<\/p>\n<p>&nbsp;<\/p>\n<p>A grandi linee, l'Archivio federale contiene circa 60.000 metri lineari di documenti analogici e pi\u00f9 di 15 terabyte (ndr: 1 TB di memoria corrisponde a 2000 ore di registrazioni su CD) di documenti digitalizzati. Poich\u00e9 la potenza di calcolo dei chip raddoppia ogni 18 mesi - per abbreviare la legge di Moore - la Confederazione svizzera si trova di fronte a grandi sfide informatiche. Soprattutto perch\u00e9 la societ\u00e0 mobile invia milioni di dati ogni giorno.<\/p>\n<p>&nbsp;<\/p>\n<p>Per questo motivo, il contenuto dell'archivio dell'AFS sar\u00e0 ora elaborato e sincronizzato in forma digitale con il sistema di gestione aziendale della Confederazione (GEVER).<\/p>\n<p>&nbsp;<\/p>\n<p>I fondi che sono particolarmente richiesti vengono sempre pi\u00f9 spesso digitalizzati nella Archivstrasse 24 a Berna e resi disponibili online.<\/p>\n<p>&nbsp;<\/p>\n<p>I documenti degli archivi federali sono gi\u00e0 oggi \"beni preziosi\". Le informazioni, che provengono da banche dati e sistemi amministrativi secolari, devono garantire \"originalit\u00e0\", \"integrit\u00e0\" e utilizzabilit\u00e0 a lungo termine dei dati (vedi box informativo) secondo il mandato di prestazione. - Tuttavia, per garantire l'azione dello Stato, l'AFS deve poter mantenere una sovranit\u00e0 interpretativa sulle istituzioni private.<\/p>\n<p><strong>Dati governativi aperti<\/strong><br \/>\nUn tipico processo di archiviazione dello SFA va dalla consulenza pre-archiviazione alla mediazione di documenti, per esempio attraverso copie di vecchie mappe o estratti di beni dormienti. Tale processo include sempre aspetti organizzativi e tecnici.<\/p>\n<p>&nbsp;<\/p>\n<p>\"Nell'archiviazione digitale, le informazioni contestuali (<em>Meta-dati<\/em>) sono importanti. Questi sono disaccoppiati dai loro specifici ambienti IT durante il trasferimento (<em>Database e sistemi operativi<\/em>), separati dalle applicazioni e dall'hardware vero e proprio, per esempio, e conservati in formati adatti all'archiviazione\", spiega un responsabile della comunicazione SFA. \"Se \u00e8 necessario per mantenere la leggibilit\u00e0, vengono anche convertiti in nuovi formati (processo di migrazione).<\/p>\n<p>&nbsp;<\/p>\n<p>In collaborazione con altre istituzioni, l'Archivio federale sviluppa soluzioni per l'archiviazione di dati speciali, come geodati o siti web. Tuttavia, la Confederazione \u00e8 anche particolarmente attenta alle proprie pubblicazioni di dati aperti, per esempio sul portale pilota opendata.admin.ch. Qui, i cittadini svizzeri possono scaricare gratuitamente i dati ufficiali.<\/p>\n<p>&nbsp;<\/p>\n<p>In particolare, i dati dei servizi cartografici dell'Ufficio federale dell'ambiente e dell'Ufficio federale della sanit\u00e0 pubblica sono nuovi. Mentre il portale pilota continua a funzionare, si sta sviluppando una Open Government Data Strategy Switzerland sotto la guida del Federal IT Steering Committee.<\/p>\n<p><strong>Diritto di possedere una copia<\/strong><br \/>\nIn questo contesto, il \"diritto di copia\" gioca un ruolo non trascurabile nell'autodeterminazione dei cittadini svizzeri.<\/p>\n<p>&nbsp;<\/p>\n<p><em><strong>Requisiti legali: Art. 13 BV (protezione della privacy)<\/strong><\/em><\/p>\n<p><em><strong>1)<\/strong> Ogni persona ha diritto al rispetto della sua vita privata e familiare, del suo domicilio e della sua corrispondenza, posta e telecomunicazioni.<\/em><\/p>\n<p><em><strong>2)<\/strong> Ogni persona ha diritto alla protezione dall'uso improprio dei suoi dati personali.<\/em><\/p>\n<p>&nbsp;<\/p>\n<p><em><strong>Art. 107a BV (uso di dati personali e digitali)<\/strong><\/em><\/p>\n<p><em><strong>1)<\/strong> La Confederazione emana un regolamento sull'utilizzo dei dati personali ottenuti dall'uso delle reti digitali da parte di privati.<\/em><\/p>\n<p><em><strong>2)<\/strong> L'uso di questi dati \u00e8 considerato come tutte le attivit\u00e0 in cui i dati personali sono raccolti, memorizzati o ulteriormente utilizzati allo scopo di creare un valore aggiunto economico, scientifico o ideale.<\/em><\/p>\n<p>&nbsp;<\/p>\n<p><em><strong>Dichiarazione del problema: <\/strong><\/em>Di per s\u00e9, non ci dovrebbe essere una \"raccolta di dati\" di dati personali nella Confederazione. La direzione della protezione (dell'art. 13 par. 2 BV) attraverso un reclamo contro lo Stato (non contro i privati) \u00e8 ancora aperta. L'uso dei dati da parte dei fornitori commerciali non \u00e8 attualmente un \"reato\". (Fonte: <em>Associazione Dati &amp; Salute Zurigo<\/em>)<\/p>\n<p><strong>Digitalizzazione del lavoro legale<\/strong><br \/>\nLa Basilese Assicurazioni rende il mondo pi\u00f9 sicuro da pi\u00f9 di 150 anni. Il Gruppo Baloise, con sede a Basilea, opera come assicuratore e fornitore di pensioni. Al servizio legale aziendale del Gruppo Baloise, tutti i contenuti legali sono stati recentemente unificati attraverso tecnologie di ricerca. Il dipartimento legale e fiscale della Basilese utilizza il motore di ricerca \"Lawsearch Enterprise\" dalla primavera 2017. Avvocati e specialisti fiscali possono usarlo per trovare tutte le informazioni di cui hanno bisogno: \"Il software aziendale di Weblaw pu\u00f2 essere adattato perfettamente alle esigenze dei nostri clienti\", dice Andreas Burki, responsabile del settore legale e fiscale.<\/p>\n<p>&nbsp;<\/p>\n<p>I documenti e i dossier interni, cos\u00ec come i testi legali e le decisioni dei tribunali possono ora essere coordinati attraverso un sistema di gestione dei dossier (CRM e sistema ERP) chiamato Vertec. Il dipartimento legale e fiscale utilizza l'ultima versione 3 del motore di ricerca. Questa versione include una ricerca sfaccettata con filtri grafici e funzionalit\u00e0 di ricerca personalizzata. Collega tutte le fonti interne di dati (tramite il repository di Windows, documenti campione, e-mail, ecc.) e pu\u00f2 anche cercare i documenti legali pi\u00f9 importanti da Internet (ad esempio leggi federali e cantonali e decisioni dei tribunali).<\/p>\n<p>&nbsp;<\/p>\n<p>Naturalmente\", dice Christoph Gee ring, un project manager del dipartimento Digital Transformation @Baloise, \"possiamo limitare il motore di ricerca a un gruppo di persone chiaramente regolato\". La Basilese, che \u00e8 anche un fornitore di assicurazioni contro i danni informatici, controlla il suo archivio digitale e in generale la sua infrastruttura informatica separandola in sotto-aree - e infine anche per mezzo di registri digitali memorizzati (attraverso il riconoscimento degli utenti).<\/p>\n<p>&nbsp;<\/p>\n<p>Tuttavia, il responsabile del progetto ritiene anche che un certo numero di rilanci con ruoli definiti devono ancora essere effettuati prima che la \"trasparenza nel cambio analitico\" end-to-end (attraverso le analisi dei cluster IoT) sia possibile alla Baloise.<\/p>\n<p><strong>\"Punto di ricerca unico\"<\/strong><br \/>\n\"Un unico punto di ricerca\" al posto degli scaffali \u00e8 ora il motto: gli avvocati e gli specialisti fiscali della Basler Versicherung AG beneficiano della digitalizzazione avanzata. Un unico punto di riferimento SPoS per tutte le informazioni accelera l'efficienza e facilita il lavoro quotidiano. Geering, il responsabile del progetto Baloise, \u00e8 positivo riguardo al futuro in rete:<\/p>\n<p>&nbsp;<\/p>\n<p>\"I dipendenti sono liberati da confronti frustranti e possono concentrarsi sui loro compiti effettivi\". Il nuovo motore di ricerca aumenta notevolmente la collaborazione. Certo, alcuni dati dovrebbero ancora essere ristrutturati, ma alla fine tutti avrebbero un accesso pi\u00f9 facile - parola chiave: \"self-service\" - agli archivi importanti.<\/p>\n<p>&nbsp;<\/p>\n<p>&nbsp;<\/p>","protected":false},"excerpt":{"rendered":"<p>3 &nbsp; &nbsp; &nbsp; Es ist ein imposantes Geb\u00e4ude, in dem sich das Schweizerische Bundesarchiv (BAR) be-findet. Hier wird im wahrsten Sinn des Worts Schweizer Geschichte geschrieben. Das BAR dient der Rechtssicherheit, der \u00abkontinuierli-chen und rationellen Verwaltungsf\u00fchrung\u00bb . Es erm\u00f6glicht erst Transparenz und staatli-ches Handeln \u2013 heisst es geb\u00fcndelt auf Wiki-pedia. &nbsp; Wikipedia hielt im [&hellip;]<\/p>\n","protected":false},"author":62,"featured_media":11392,"comment_status":"closed","ping_status":"closed","sticky":false,"template":"","format":"standard","meta":{"_acf_changed":false,"footnotes":""},"categories":[4448],"tags":[4774],"class_list":["post-11345","post","type-post","status-publish","format-standard","has-post-thumbnail","hentry","category-allgemein","tag-06-2017"],"acf":[],"yoast_head":"<!-- This site is optimized with the Yoast SEO plugin v26.2 - https:\/\/yoast.com\/wordpress\/plugins\/seo\/ -->\n<title>Transparenz durch Archive - MQ Management und Qualit\u00e4t<\/title>\n<meta name=\"description\" content=\"Sowohl das Schweizerische Bundesarchiv wie auch private Konzerne stehen vor einem Problem: Wie regelt man einen freien und koordinierten Zugang f\u00fcr B\u00fcrgerinnen und B\u00fcrger respektive f\u00fcr Kunden wie auch f\u00fcr eigene Angestellte, ohne noch mehr Berge von Daten versetzen zu m\u00fcssen?\" \/>\n<meta name=\"robots\" content=\"index, follow, max-snippet:-1, max-image-preview:large, max-video-preview:-1\" \/>\n<link rel=\"canonical\" href=\"https:\/\/www.m-q.ch\/it\/trasparenza-attraverso-gli-archivi\/\" \/>\n<meta property=\"og:locale\" content=\"it_IT\" \/>\n<meta property=\"og:type\" content=\"article\" \/>\n<meta property=\"og:title\" content=\"Transparenz durch Archive - MQ Management und Qualit\u00e4t\" \/>\n<meta property=\"og:description\" content=\"Sowohl das Schweizerische Bundesarchiv wie auch private Konzerne stehen vor einem Problem: Wie regelt man einen freien und koordinierten Zugang f\u00fcr B\u00fcrgerinnen und B\u00fcrger respektive f\u00fcr Kunden wie auch f\u00fcr eigene Angestellte, ohne noch mehr Berge von Daten versetzen zu m\u00fcssen?\" \/>\n<meta property=\"og:url\" content=\"https:\/\/www.m-q.ch\/it\/trasparenza-attraverso-gli-archivi\/\" \/>\n<meta property=\"og:site_name\" content=\"MQ Management und Qualit\u00e4t\" \/>\n<meta property=\"article:publisher\" content=\"https:\/\/www.facebook.com\/ManagementUndQualitaet\" \/>\n<meta property=\"article:published_time\" content=\"2017-06-19T07:58:59+00:00\" \/>\n<meta property=\"article:modified_time\" content=\"2021-02-13T10:30:10+00:00\" \/>\n<meta property=\"og:image\" content=\"https:\/\/www.m-q.ch\/wp-content\/uploads\/2021\/02\/Transparenz-durch-Archive.jpg\" \/>\n\t<meta property=\"og:image:width\" content=\"879\" \/>\n\t<meta property=\"og:image:height\" content=\"540\" \/>\n\t<meta property=\"og:image:type\" content=\"image\/jpeg\" \/>\n<meta name=\"author\" content=\"upwork_2\" \/>\n<meta name=\"twitter:card\" content=\"summary_large_image\" \/>\n<meta name=\"twitter:label1\" content=\"Scritto da\" \/>\n\t<meta name=\"twitter:data1\" content=\"upwork_2\" \/>\n\t<meta name=\"twitter:label2\" content=\"Tempo di lettura stimato\" \/>\n\t<meta name=\"twitter:data2\" content=\"6 minuti\" \/>\n<script type=\"application\/ld+json\" class=\"yoast-schema-graph\">{\"@context\":\"https:\/\/schema.org\",\"@graph\":[{\"@type\":\"Article\",\"@id\":\"https:\/\/www.m-q.ch\/transparenz-durch-archive\/#article\",\"isPartOf\":{\"@id\":\"https:\/\/www.m-q.ch\/transparenz-durch-archive\/\"},\"author\":{\"name\":\"upwork_2\",\"@id\":\"https:\/\/www.m-q.ch\/fr\/#\/schema\/person\/71f647a41e4a3e361e6230f5134f3ba9\"},\"headline\":\"Transparenz durch Archive\",\"datePublished\":\"2017-06-19T07:58:59+00:00\",\"dateModified\":\"2021-02-13T10:30:10+00:00\",\"mainEntityOfPage\":{\"@id\":\"https:\/\/www.m-q.ch\/transparenz-durch-archive\/\"},\"wordCount\":1132,\"publisher\":{\"@id\":\"https:\/\/www.m-q.ch\/fr\/#organization\"},\"image\":{\"@id\":\"https:\/\/www.m-q.ch\/transparenz-durch-archive\/#primaryimage\"},\"thumbnailUrl\":\"https:\/\/www.m-q.ch\/wp-content\/uploads\/2021\/02\/Transparenz-durch-Archive.jpg\",\"keywords\":[\"06\/2017\"],\"articleSection\":[\"Allgemein\"],\"inLanguage\":\"it-IT\"},{\"@type\":\"WebPage\",\"@id\":\"https:\/\/www.m-q.ch\/transparenz-durch-archive\/\",\"url\":\"https:\/\/www.m-q.ch\/transparenz-durch-archive\/\",\"name\":\"Transparenz durch Archive - MQ Management und Qualit\u00e4t\",\"isPartOf\":{\"@id\":\"https:\/\/www.m-q.ch\/fr\/#website\"},\"primaryImageOfPage\":{\"@id\":\"https:\/\/www.m-q.ch\/transparenz-durch-archive\/#primaryimage\"},\"image\":{\"@id\":\"https:\/\/www.m-q.ch\/transparenz-durch-archive\/#primaryimage\"},\"thumbnailUrl\":\"https:\/\/www.m-q.ch\/wp-content\/uploads\/2021\/02\/Transparenz-durch-Archive.jpg\",\"datePublished\":\"2017-06-19T07:58:59+00:00\",\"dateModified\":\"2021-02-13T10:30:10+00:00\",\"description\":\"Sowohl das Schweizerische Bundesarchiv wie auch private Konzerne stehen vor einem Problem: Wie regelt man einen freien und koordinierten Zugang f\u00fcr B\u00fcrgerinnen und B\u00fcrger respektive f\u00fcr Kunden wie auch f\u00fcr eigene Angestellte, ohne noch mehr Berge von Daten versetzen zu m\u00fcssen?\",\"breadcrumb\":{\"@id\":\"https:\/\/www.m-q.ch\/transparenz-durch-archive\/#breadcrumb\"},\"inLanguage\":\"it-IT\",\"potentialAction\":[{\"@type\":\"ReadAction\",\"target\":[\"https:\/\/www.m-q.ch\/transparenz-durch-archive\/\"]}]},{\"@type\":\"ImageObject\",\"inLanguage\":\"it-IT\",\"@id\":\"https:\/\/www.m-q.ch\/transparenz-durch-archive\/#primaryimage\",\"url\":\"https:\/\/www.m-q.ch\/wp-content\/uploads\/2021\/02\/Transparenz-durch-Archive.jpg\",\"contentUrl\":\"https:\/\/www.m-q.ch\/wp-content\/uploads\/2021\/02\/Transparenz-durch-Archive.jpg\",\"width\":879,\"height\":540,\"caption\":\"Transparenz durch Archive\"},{\"@type\":\"BreadcrumbList\",\"@id\":\"https:\/\/www.m-q.ch\/transparenz-durch-archive\/#breadcrumb\",\"itemListElement\":[{\"@type\":\"ListItem\",\"position\":1,\"name\":\"Allgemein\",\"item\":\"https:\/\/www.m-q.ch\/kategorie\/allgemein\/\"},{\"@type\":\"ListItem\",\"position\":2,\"name\":\"Transparenz durch Archive\"}]},{\"@type\":\"WebSite\",\"@id\":\"https:\/\/www.m-q.ch\/fr\/#website\",\"url\":\"https:\/\/www.m-q.ch\/fr\/\",\"name\":\"MQ Management und Qualit\u00e4t\",\"description\":\"Plattform f\u00fcr integrierte Managementsysteme.\",\"publisher\":{\"@id\":\"https:\/\/www.m-q.ch\/fr\/#organization\"},\"potentialAction\":[{\"@type\":\"SearchAction\",\"target\":{\"@type\":\"EntryPoint\",\"urlTemplate\":\"https:\/\/www.m-q.ch\/fr\/?s={search_term_string}\"},\"query-input\":{\"@type\":\"PropertyValueSpecification\",\"valueRequired\":true,\"valueName\":\"search_term_string\"}}],\"inLanguage\":\"it-IT\"},{\"@type\":\"Organization\",\"@id\":\"https:\/\/www.m-q.ch\/fr\/#organization\",\"name\":\"Galledia Fachmedien AG\",\"url\":\"https:\/\/www.m-q.ch\/fr\/\",\"logo\":{\"@type\":\"ImageObject\",\"inLanguage\":\"it-IT\",\"@id\":\"https:\/\/www.m-q.ch\/fr\/#\/schema\/logo\/image\/\",\"url\":\"https:\/\/www.m-q.ch\/wp-content\/uploads\/2020\/12\/cropped-logo_small.png\",\"contentUrl\":\"https:\/\/www.m-q.ch\/wp-content\/uploads\/2020\/12\/cropped-logo_small.png\",\"width\":512,\"height\":512,\"caption\":\"Galledia Fachmedien AG\"},\"image\":{\"@id\":\"https:\/\/www.m-q.ch\/fr\/#\/schema\/logo\/image\/\"},\"sameAs\":[\"https:\/\/www.facebook.com\/ManagementUndQualitaet\",\"https:\/\/www.linkedin.com\/showcase\/17982321\/admin\/\"]},{\"@type\":\"Person\",\"@id\":\"https:\/\/www.m-q.ch\/fr\/#\/schema\/person\/71f647a41e4a3e361e6230f5134f3ba9\",\"name\":\"upwork_2\",\"image\":{\"@type\":\"ImageObject\",\"inLanguage\":\"it-IT\",\"@id\":\"https:\/\/www.m-q.ch\/fr\/#\/schema\/person\/image\/\",\"url\":\"https:\/\/secure.gravatar.com\/avatar\/777b90ab56092bbf3c85feacda5c1bce?s=96&d=mm&r=g\",\"contentUrl\":\"https:\/\/secure.gravatar.com\/avatar\/777b90ab56092bbf3c85feacda5c1bce?s=96&d=mm&r=g\",\"caption\":\"upwork_2\"},\"url\":\"https:\/\/www.m-q.ch\/it\/author\/upwork_2\/\"}]}<\/script>\n<!-- \/ Yoast SEO plugin. -->","yoast_head_json":{"title":"Trasparenza attraverso gli archivi - MQ Gestione e Qualit\u00e0","description":"Sia l'Archivio federale che le aziende private si trovano di fronte a un problema: come regolare un accesso libero e coordinato per i cittadini, i clienti e i propri dipendenti senza dover spostare ancora pi\u00f9 montagne di dati?","robots":{"index":"index","follow":"follow","max-snippet":"max-snippet:-1","max-image-preview":"max-image-preview:large","max-video-preview":"max-video-preview:-1"},"canonical":"https:\/\/www.m-q.ch\/it\/trasparenza-attraverso-gli-archivi\/","og_locale":"it_IT","og_type":"article","og_title":"Transparenz durch Archive - MQ Management und Qualit\u00e4t","og_description":"Sowohl das Schweizerische Bundesarchiv wie auch private Konzerne stehen vor einem Problem: Wie regelt man einen freien und koordinierten Zugang f\u00fcr B\u00fcrgerinnen und B\u00fcrger respektive f\u00fcr Kunden wie auch f\u00fcr eigene Angestellte, ohne noch mehr Berge von Daten versetzen zu m\u00fcssen?","og_url":"https:\/\/www.m-q.ch\/it\/trasparenza-attraverso-gli-archivi\/","og_site_name":"MQ Management und Qualit\u00e4t","article_publisher":"https:\/\/www.facebook.com\/ManagementUndQualitaet","article_published_time":"2017-06-19T07:58:59+00:00","article_modified_time":"2021-02-13T10:30:10+00:00","og_image":[{"width":879,"height":540,"url":"https:\/\/www.m-q.ch\/wp-content\/uploads\/2021\/02\/Transparenz-durch-Archive.jpg","type":"image\/jpeg"}],"author":"upwork_2","twitter_card":"summary_large_image","twitter_misc":{"Scritto da":"upwork_2","Tempo di lettura stimato":"6 minuti"},"schema":{"@context":"https:\/\/schema.org","@graph":[{"@type":"Article","@id":"https:\/\/www.m-q.ch\/transparenz-durch-archive\/#article","isPartOf":{"@id":"https:\/\/www.m-q.ch\/transparenz-durch-archive\/"},"author":{"name":"upwork_2","@id":"https:\/\/www.m-q.ch\/fr\/#\/schema\/person\/71f647a41e4a3e361e6230f5134f3ba9"},"headline":"Transparenz durch Archive","datePublished":"2017-06-19T07:58:59+00:00","dateModified":"2021-02-13T10:30:10+00:00","mainEntityOfPage":{"@id":"https:\/\/www.m-q.ch\/transparenz-durch-archive\/"},"wordCount":1132,"publisher":{"@id":"https:\/\/www.m-q.ch\/fr\/#organization"},"image":{"@id":"https:\/\/www.m-q.ch\/transparenz-durch-archive\/#primaryimage"},"thumbnailUrl":"https:\/\/www.m-q.ch\/wp-content\/uploads\/2021\/02\/Transparenz-durch-Archive.jpg","keywords":["06\/2017"],"articleSection":["Allgemein"],"inLanguage":"it-IT"},{"@type":"WebPage","@id":"https:\/\/www.m-q.ch\/transparenz-durch-archive\/","url":"https:\/\/www.m-q.ch\/transparenz-durch-archive\/","name":"Trasparenza attraverso gli archivi - MQ Gestione e Qualit\u00e0","isPartOf":{"@id":"https:\/\/www.m-q.ch\/fr\/#website"},"primaryImageOfPage":{"@id":"https:\/\/www.m-q.ch\/transparenz-durch-archive\/#primaryimage"},"image":{"@id":"https:\/\/www.m-q.ch\/transparenz-durch-archive\/#primaryimage"},"thumbnailUrl":"https:\/\/www.m-q.ch\/wp-content\/uploads\/2021\/02\/Transparenz-durch-Archive.jpg","datePublished":"2017-06-19T07:58:59+00:00","dateModified":"2021-02-13T10:30:10+00:00","description":"Sia l'Archivio federale che le aziende private si trovano di fronte a un problema: come regolare un accesso libero e coordinato per i cittadini, i clienti e i propri dipendenti senza dover spostare ancora pi\u00f9 montagne di dati?","breadcrumb":{"@id":"https:\/\/www.m-q.ch\/transparenz-durch-archive\/#breadcrumb"},"inLanguage":"it-IT","potentialAction":[{"@type":"ReadAction","target":["https:\/\/www.m-q.ch\/transparenz-durch-archive\/"]}]},{"@type":"ImageObject","inLanguage":"it-IT","@id":"https:\/\/www.m-q.ch\/transparenz-durch-archive\/#primaryimage","url":"https:\/\/www.m-q.ch\/wp-content\/uploads\/2021\/02\/Transparenz-durch-Archive.jpg","contentUrl":"https:\/\/www.m-q.ch\/wp-content\/uploads\/2021\/02\/Transparenz-durch-Archive.jpg","width":879,"height":540,"caption":"Transparenz durch Archive"},{"@type":"BreadcrumbList","@id":"https:\/\/www.m-q.ch\/transparenz-durch-archive\/#breadcrumb","itemListElement":[{"@type":"ListItem","position":1,"name":"Allgemein","item":"https:\/\/www.m-q.ch\/kategorie\/allgemein\/"},{"@type":"ListItem","position":2,"name":"Transparenz durch Archive"}]},{"@type":"WebSite","@id":"https:\/\/www.m-q.ch\/fr\/#website","url":"https:\/\/www.m-q.ch\/fr\/","name":"Gestione e qualit\u00e0 MQ","description":"Piattaforma per sistemi di gestione integrati.","publisher":{"@id":"https:\/\/www.m-q.ch\/fr\/#organization"},"potentialAction":[{"@type":"SearchAction","target":{"@type":"EntryPoint","urlTemplate":"https:\/\/www.m-q.ch\/fr\/?s={search_term_string}"},"query-input":{"@type":"PropertyValueSpecification","valueRequired":true,"valueName":"search_term_string"}}],"inLanguage":"it-IT"},{"@type":"Organization","@id":"https:\/\/www.m-q.ch\/fr\/#organization","name":"Galledia Fachmedien AG","url":"https:\/\/www.m-q.ch\/fr\/","logo":{"@type":"ImageObject","inLanguage":"it-IT","@id":"https:\/\/www.m-q.ch\/fr\/#\/schema\/logo\/image\/","url":"https:\/\/www.m-q.ch\/wp-content\/uploads\/2020\/12\/cropped-logo_small.png","contentUrl":"https:\/\/www.m-q.ch\/wp-content\/uploads\/2020\/12\/cropped-logo_small.png","width":512,"height":512,"caption":"Galledia Fachmedien AG"},"image":{"@id":"https:\/\/www.m-q.ch\/fr\/#\/schema\/logo\/image\/"},"sameAs":["https:\/\/www.facebook.com\/ManagementUndQualitaet","https:\/\/www.linkedin.com\/showcase\/17982321\/admin\/"]},{"@type":"Person","@id":"https:\/\/www.m-q.ch\/fr\/#\/schema\/person\/71f647a41e4a3e361e6230f5134f3ba9","name":"upwork_2","image":{"@type":"ImageObject","inLanguage":"it-IT","@id":"https:\/\/www.m-q.ch\/fr\/#\/schema\/person\/image\/","url":"https:\/\/secure.gravatar.com\/avatar\/777b90ab56092bbf3c85feacda5c1bce?s=96&d=mm&r=g","contentUrl":"https:\/\/secure.gravatar.com\/avatar\/777b90ab56092bbf3c85feacda5c1bce?s=96&d=mm&r=g","caption":"upwork_2"},"url":"https:\/\/www.m-q.ch\/it\/author\/upwork_2\/"}]}},"_links":{"self":[{"href":"https:\/\/www.m-q.ch\/it\/wp-json\/wp\/v2\/posts\/11345","targetHints":{"allow":["GET"]}}],"collection":[{"href":"https:\/\/www.m-q.ch\/it\/wp-json\/wp\/v2\/posts"}],"about":[{"href":"https:\/\/www.m-q.ch\/it\/wp-json\/wp\/v2\/types\/post"}],"author":[{"embeddable":true,"href":"https:\/\/www.m-q.ch\/it\/wp-json\/wp\/v2\/users\/62"}],"replies":[{"embeddable":true,"href":"https:\/\/www.m-q.ch\/it\/wp-json\/wp\/v2\/comments?post=11345"}],"version-history":[{"count":2,"href":"https:\/\/www.m-q.ch\/it\/wp-json\/wp\/v2\/posts\/11345\/revisions"}],"predecessor-version":[{"id":11394,"href":"https:\/\/www.m-q.ch\/it\/wp-json\/wp\/v2\/posts\/11345\/revisions\/11394"}],"wp:featuredmedia":[{"embeddable":true,"href":"https:\/\/www.m-q.ch\/it\/wp-json\/wp\/v2\/media\/11392"}],"wp:attachment":[{"href":"https:\/\/www.m-q.ch\/it\/wp-json\/wp\/v2\/media?parent=11345"}],"wp:term":[{"taxonomy":"category","embeddable":true,"href":"https:\/\/www.m-q.ch\/it\/wp-json\/wp\/v2\/categories?post=11345"},{"taxonomy":"post_tag","embeddable":true,"href":"https:\/\/www.m-q.ch\/it\/wp-json\/wp\/v2\/tags?post=11345"}],"curies":[{"name":"wp","href":"https:\/\/api.w.org\/{rel}","templated":true}]}}