{"id":11349,"date":"2016-03-01T10:06:01","date_gmt":"2016-03-01T09:06:01","guid":{"rendered":"https:\/\/www.m-q.ch\/?p=11349"},"modified":"2021-02-13T10:23:38","modified_gmt":"2021-02-13T09:23:38","slug":"unire-cio-che-e-per-diventare-un-nuovo-insieme","status":"publish","type":"post","link":"https:\/\/www.m-q.ch\/it\/zusammenfuehren-was-ein-neues-ganzes-werden-soll\/","title":{"rendered":"Mettere insieme ci\u00f2 che \u00e8 per diventare un nuovo insieme"},"content":{"rendered":"<p><img loading=\"lazy\" decoding=\"async\" class=\"alignnone size-full wp-image-11351\" src=\"https:\/\/www.m-q.ch\/wp-content\/uploads\/2021\/02\/Mit-FMEA-zur-Innovation-1.jpg\" alt=\"Mettere insieme ci\u00f2 che \u00e8 per diventare un nuovo insieme\" width=\"821\" height=\"1275\" srcset=\"https:\/\/www.m-q.ch\/wp-content\/uploads\/2021\/02\/Mit-FMEA-zur-Innovation-1.jpg 821w, https:\/\/www.m-q.ch\/wp-content\/uploads\/2021\/02\/Mit-FMEA-zur-Innovation-1-768x1193.jpg 768w, https:\/\/www.m-q.ch\/wp-content\/uploads\/2021\/02\/Mit-FMEA-zur-Innovation-1-8x12.jpg 8w, https:\/\/www.m-q.ch\/wp-content\/uploads\/2021\/02\/Mit-FMEA-zur-Innovation-1-113x175.jpg 113w, https:\/\/www.m-q.ch\/wp-content\/uploads\/2021\/02\/Mit-FMEA-zur-Innovation-1-225x350.jpg 225w, https:\/\/www.m-q.ch\/wp-content\/uploads\/2021\/02\/Mit-FMEA-zur-Innovation-1-515x800.jpg 515w, https:\/\/www.m-q.ch\/wp-content\/uploads\/2021\/02\/Mit-FMEA-zur-Innovation-1-300x466.jpg 300w\" sizes=\"auto, (max-width: 821px) 100vw, 821px\" \/><\/p>\n<p>&nbsp;<\/p>\n<p>&nbsp;<\/p>\n<p>&nbsp;<\/p>\n<p><em><strong>D<\/strong><\/em>r. Markus Braun, responsabile del Business Development e docente alla ZHAW School of Management di Winterthur, che conosce questo problema sia in termini pratici che teorici, identifica alcuni punti critici nella gestione dell'integrazione.<\/p>\n<p><strong>Dottor Braun, che si tratti di una fusione o di un'acquisizione, lei dice che i primi passi sulla strada di una fusione sono passi cruciali. Qual \u00e8 il centro dell'attenzione?<\/strong><br \/>\n<em><strong>Markus Braun:<\/strong><\/em> Sul design dell'integrazione e sul design dell'informazione. Il processo d'integrazione dovrebbe essere attentamente tracciato prima della firma del contratto. Questo \u00e8 un processo fondamentale che deve avere una priorit\u00e0 critica. Il design dell'informazione deve mirare a rendere la visione e il valore aggiunto atteso della fusione chiaro, credibile e comprensibile per la forza lavoro, i clienti e i fornitori. Creare rapidamente la trasparenza da tutte le parti \u00e8 all'ordine del giorno qui. La base per questo \u00e8 il piano preparato di come il progetto d'integrazione deve essere impostato e come le persone responsabili nelle posizioni chiave operative devono essere determinate. Nel caso di una fusione o di un'acquisizione, il passaggio immediato e senza ritardi da un progetto di acquisizione, che di solito \u00e8 molto riservato e guidato da un piccolo team, alla fase di integrazione, che richiede un ampio sostegno, \u00e8 particolarmente impegnativo. Le fasi di riservatezza devono passare senza soluzione di continuit\u00e0 in un progetto informativo divulgativo, eseguito con cura e coerenza. Sia nella materia che nel comportamento comunicativo<\/p>\n<p><strong>Qual \u00e8 l'obiettivo preferito dell'attenzione?<\/strong><br \/>\nLa parola chiave decisiva qui \u00e8 personale. Di solito, nella fase appena descritta, le decisioni sono gi\u00e0 prese in rapida successione nella nuova entit\u00e0 aziendale fusa, fino ai bassi livelli operativi. Questo significa che al momento della due diligence, l'audit, cio\u00e8 prima del momento della fusione, l'aspetto del personale deve essere esaminato in dettaglio. L'esperienza ha dimostrato che il personale operativo chiave deve essere distaccato in entrambe le aziende per costruire fiducia e ponti tra quelle che sono normalmente diverse culture aziendali. Internamente, \u00e8 indispensabile che un membro del consiglio di amministrazione con un comitato direttivo appropriato dietro di lui abbia la responsabilit\u00e0 dell'integrazione. La responsabilit\u00e0 dell'integrazione deve quindi essere ancorata \"al vertice\" per evitare, per quanto umanamente possibile, le aberrazioni della guerra di trincea abrasiva.<\/p>\n<p><strong>La vostra esperienza vi insegna che gli errori commessi all'inizio della gestione dell'integrazione sono particolarmente difficili da correggere a posteriori. Ci sono errori particolarmente significativi?<\/strong><br \/>\nMi riferisco a ci\u00f2 che \u00e8 stato appena detto. L'inizio \u00e8 la met\u00e0 del tutto. Una cura ponderata in passi coerenti non impedisce che le cose vadano male, ma ne riduce la probabilit\u00e0. Se le aziende si accontentano semplicemente di \"buttarle insieme\", se un'integrazione non \u00e8 orientata con cura e coerenza alla nuova strategia aziendale fin dall'inizio, l'esperienza dimostra che sar\u00e0 difficile, se non del tutto improbabile, raggiungere le sinergie di fusione desiderate. Il momento del cambiamento \u00e8, secondo l'antico concetto greco di Kairos, il momento chiave. Se non viene usato immediatamente, in modo ponderato e mirato, avr\u00e0 un effetto dannoso sull'intero progetto. Per garantire questo, \u00e8 fondamentale gestire un progetto d'integrazione con le persone pi\u00f9 capaci e leali e, come gi\u00e0 detto, collocare la responsabilit\u00e0 dell'integrazione \"in alto<\/p>\n<p><strong>La gestione dell'integrazione \u00e8 un processo di sviluppo in divenire. Quali \"viti di regolazione\" devono essere tenute particolarmente presenti?<\/strong><br \/>\nLa vite di regolazione \"visione\", la domanda: cosa vogliamo e come vogliamo cosa? Pi\u00f9 precisamente: a quali obiettivi dobbiamo mirare? Quale posizione competitiva deve essere raggiunta? Dovremmo anche considerare: in quali nuovi mercati vogliamo stabilirci? La vite di regolazione \"processo di selezione del personale per le posizioni chiave\". L'istituzione equa e rapida di questo gruppo di persone assicura che il comprensibile disordine nella forza lavoro sia tenuto sotto controllo. Una considerazione in questo contesto dovrebbe anche essere quella di usare la gestione dell'integrazione per la trasformazione della performance nella nuova azienda, nominando manager junior in posizioni chiave. Una vite di regolazione generale, per cos\u00ec dire, \u00e8 il monitoraggio preciso dell'integrazione per mantenere le cose in pista. Una vite di regolazione spesso trascurata per il successo del processo di integrazione \u00e8 il trattamento rispettoso degli inevitabili vincitori e perdenti della riorganizzazione. Una cosa \u00e8 certa, solo i dipendenti convinti internamente porteranno \"la cosa\" al successo desiderato. Come in definitiva tutto ci\u00f2 che ha a che fare con la gestione, una saggia leadership \u00e8 l'olio nel cambio che pu\u00f2 prevenire pi\u00f9 efficacemente l'usura sotto ogni aspetto e rendere cos\u00ec pi\u00f9 probabile l'efficienza della nuova unit\u00e0 aziendale.<\/p>\n<p><strong>Come \u00e8 noto, il diavolo \u00e8 nei dettagli e fa s\u00ec che le cose si sviluppino improvvisamente in modo completamente diverso da quanto pensato e pianificato. Ci sono misure di controllo lungimiranti che proteggono da questo?<\/strong><br \/>\nUna fusione \u00e8, scusate, un'impresa dannatamente complessa, accompagnata da ogni tipo di imponderabile. Le sorprese di tutte le sfumature ne fanno semplicemente parte. Quindi essere ingenui e dire \"tutto andr\u00e0 bene\" ha la qualit\u00e0 di un chiodo nella bara. In altre parole: La misura di controllo indispensabile \u00e8 la gestione professionale, ma non ostinata, del progetto. Anche le deviazioni portano alla meta, purch\u00e9 la meta sia chiara. La tanto decantata flessibilit\u00e0 secondo il vecchio motto latino \"Fortiter in re, suaviter in modo\" = \"Forte nella materia, mite nel modo\" non \u00e8 un cattivo motto in questo senso. Quindi: definire le fasi del progetto, fissare obiettivi intermedi ed essere pronti ad adattarsi, ma allo stesso tempo procedere rapidamente nella questione in questione. E il monitoraggio dell'integrazione, mantenendo un occhio attento sul processo.<\/p>\n<p><strong>Dove qualcosa dovrebbe e deve cambiare, fioriscono le voci. Il posto pi\u00f9 caldo nel processo di fusione \u00e8 sempre il mulino delle voci. Questo solleva le domande: Come affrontarlo?<\/strong><br \/>\nOffensivo! Le voci sono semplicemente parte integrante di un processo di integrazione! MA: Possono essere tenuti sotto controllo fornendo informazioni decenti e decisioni riconoscibili, deliberate e rapide. L'opacit\u00e0 e l'incostanza sono il miglior nutrimento per i pettegolezzi. Tuttavia, con ogni sforzo per accontentare tutti, questo desiderio \u00e8 anche qui un'impossibilit\u00e0. L'importante \u00e8 la consapevolezza: La forza lavoro \u00e8 instabile in un processo di fusione, e questo deve essere preso in considerazione. Questo deve essere preso in considerazione, per esempio, nominando decisori credibili con una comprovata esperienza in posizioni chiave; prendendo e giustificando decisioni che siano coerenti e comprensibili piuttosto che dimezzate. Coerenza e credibilit\u00e0, sia personale che fattuale, e comunicazione \"all'altezza degli occhi\" dovrebbero essere i principi guida nel trattare le voci. Per me, la parola magica a questo proposito \u00e8: portalo con te! \u00c8 vietato prendere la gente di sorpresa, ingannarla, lasciarla all'oscuro!<\/p>\n<p><strong>Un punto di stallo molto duro nel processo di integrazione sono le doppie posizioni con la domanda dietro: chi va, chi resta? Quali criteri si applicano qui?<\/strong><br \/>\nPer quanto riguarda le posizioni di gestione nella societ\u00e0 fusa, come gi\u00e0 indicato, i criteri sono la capacit\u00e0 professionale, le capacit\u00e0 integrative e la lealt\u00e0 umana. Questi sono i tre parametri decisivi per i nuovi manager dell'azienda fusa. I ben noti \"altoparlanti\" devono essere considerati con cautela. Essere in grado di giocare in primo piano non \u00e8 necessariamente un segno di qualit\u00e0. Le capacit\u00e0 analitiche, la lungimiranza, la forza creativa, la disponibilit\u00e0 ad ascoltare e a chiedere consigli sono le qualit\u00e0 personali dei manager che sono necessarie negli eventi altamente complessi di una fusione. Sconsigliamo vivamente una procedura di selezione con doppie nomine in posizioni chiave, cio\u00e8 una gara di eliminazione \"on the job\". L'esperienza ha dimostrato che un tale \"duello\" non identifica tanto i veri migliori quanto i migliori auto-promotori. Una situazione di concorrenza diretta tra dirigenti nella stessa scatola organizzativa promuove pregiudizi posizionali individuali molto pi\u00f9 che un'azione efficace e integrativa a favore dell'azienda fusa. E se c'\u00e8 bisogno di qualcosa nel carico di lavoro e nell'ambiente competitivo di oggi, sono esperti in competenze, non esperti in bava alla bocca.<\/p>\n<p>&nbsp;<\/p>\n<p><em><strong>Per ulteriori letture:<\/strong><\/em><br \/>\nStephan Bergamin\/Markus Braun: M&amp;A: Erfolg dank Integrationsmanagement. Verlag Neue Z\u00fcrcher Zeitung (NZZ Libro), Zurigo 2015, 135 pagine, CHF 51.<\/p>","protected":false},"excerpt":{"rendered":"<p>&nbsp; &nbsp; &nbsp; Dr. Markus Braun, Leiter Business Development und Dozent an der ZHAW School of Management in Winterthur, praktisch und theoretisch vertraut mit dieser Problematik, benennt einige kritische Punkte des Integrationsmanagements. Herr Dr. Braun, ob Fusion oder Zukauf, die ersten Schritte auf dem Weg zur Zusammenf\u00fchrung, sagen Sie, sind entscheidende Schritte. Worauf ist das [&hellip;]<\/p>\n","protected":false},"author":66,"featured_media":11351,"comment_status":"closed","ping_status":"closed","sticky":false,"template":"","format":"standard","meta":{"_acf_changed":false,"footnotes":""},"categories":[4448],"tags":[4775],"class_list":["post-11349","post","type-post","status-publish","format-standard","has-post-thumbnail","hentry","category-allgemein","tag-03-2016"],"acf":[],"yoast_head":"<!-- This site is optimized with the Yoast SEO plugin v26.2 - https:\/\/yoast.com\/wordpress\/plugins\/seo\/ -->\n<title>Zusammenf\u00fchren, was ein neues Ganzes werden soll - MQ Management und Qualit\u00e4t<\/title>\n<meta name=\"description\" content=\"Fusionen und \u00dcbernahmen, Mergers &amp; Acquisitions sind an der Tagesordnung. Doch mit einem anderen Unternehmen auf dem Papier zu fusionieren oder es zu kaufen, das ist eine Sache. Eine andere, aus unterschiedlichen Unternehmenskulturen und -selbstverst\u00e4ndnissen eine effiziente neue Einheit zu formen.\" \/>\n<meta name=\"robots\" content=\"index, follow, max-snippet:-1, max-image-preview:large, max-video-preview:-1\" \/>\n<link rel=\"canonical\" href=\"https:\/\/www.m-q.ch\/it\/unire-cio-che-e-per-diventare-un-nuovo-insieme\/\" \/>\n<meta property=\"og:locale\" content=\"it_IT\" \/>\n<meta property=\"og:type\" content=\"article\" \/>\n<meta property=\"og:title\" content=\"Zusammenf\u00fchren, was ein neues Ganzes werden soll - MQ Management und Qualit\u00e4t\" \/>\n<meta property=\"og:description\" content=\"Fusionen und \u00dcbernahmen, Mergers &amp; Acquisitions sind an der Tagesordnung. Doch mit einem anderen Unternehmen auf dem Papier zu fusionieren oder es zu kaufen, das ist eine Sache. Eine andere, aus unterschiedlichen Unternehmenskulturen und -selbstverst\u00e4ndnissen eine effiziente neue Einheit zu formen.\" \/>\n<meta property=\"og:url\" content=\"https:\/\/www.m-q.ch\/it\/unire-cio-che-e-per-diventare-un-nuovo-insieme\/\" \/>\n<meta property=\"og:site_name\" content=\"MQ Management und Qualit\u00e4t\" \/>\n<meta property=\"article:publisher\" content=\"https:\/\/www.facebook.com\/ManagementUndQualitaet\" \/>\n<meta property=\"article:published_time\" content=\"2016-03-01T09:06:01+00:00\" \/>\n<meta property=\"article:modified_time\" content=\"2021-02-13T09:23:38+00:00\" \/>\n<meta property=\"og:image\" content=\"https:\/\/www.m-q.ch\/wp-content\/uploads\/2021\/02\/Mit-FMEA-zur-Innovation-1.jpg\" \/>\n\t<meta property=\"og:image:width\" content=\"821\" \/>\n\t<meta property=\"og:image:height\" content=\"1275\" \/>\n\t<meta property=\"og:image:type\" content=\"image\/jpeg\" \/>\n<meta name=\"author\" content=\"upwork_1\" \/>\n<meta name=\"twitter:card\" content=\"summary_large_image\" \/>\n<meta name=\"twitter:label1\" content=\"Scritto da\" \/>\n\t<meta name=\"twitter:data1\" content=\"upwork_1\" \/>\n\t<meta name=\"twitter:label2\" content=\"Tempo di lettura stimato\" \/>\n\t<meta name=\"twitter:data2\" content=\"6 minuti\" \/>\n<script type=\"application\/ld+json\" class=\"yoast-schema-graph\">{\"@context\":\"https:\/\/schema.org\",\"@graph\":[{\"@type\":\"Article\",\"@id\":\"https:\/\/www.m-q.ch\/zusammenfuehren-was-ein-neues-ganzes-werden-soll\/#article\",\"isPartOf\":{\"@id\":\"https:\/\/www.m-q.ch\/zusammenfuehren-was-ein-neues-ganzes-werden-soll\/\"},\"author\":{\"name\":\"upwork_1\",\"@id\":\"https:\/\/www.m-q.ch\/fr\/#\/schema\/person\/0bdf39ca27d0b9b779f5b8af54b3f7d7\"},\"headline\":\"Zusammenf\u00fchren, was ein neues Ganzes werden soll\",\"datePublished\":\"2016-03-01T09:06:01+00:00\",\"dateModified\":\"2021-02-13T09:23:38+00:00\",\"mainEntityOfPage\":{\"@id\":\"https:\/\/www.m-q.ch\/zusammenfuehren-was-ein-neues-ganzes-werden-soll\/\"},\"wordCount\":1275,\"publisher\":{\"@id\":\"https:\/\/www.m-q.ch\/fr\/#organization\"},\"image\":{\"@id\":\"https:\/\/www.m-q.ch\/zusammenfuehren-was-ein-neues-ganzes-werden-soll\/#primaryimage\"},\"thumbnailUrl\":\"https:\/\/www.m-q.ch\/wp-content\/uploads\/2021\/02\/Mit-FMEA-zur-Innovation-1.jpg\",\"keywords\":[\"03\/2016\"],\"articleSection\":[\"Allgemein\"],\"inLanguage\":\"it-IT\"},{\"@type\":\"WebPage\",\"@id\":\"https:\/\/www.m-q.ch\/zusammenfuehren-was-ein-neues-ganzes-werden-soll\/\",\"url\":\"https:\/\/www.m-q.ch\/zusammenfuehren-was-ein-neues-ganzes-werden-soll\/\",\"name\":\"Zusammenf\u00fchren, was ein neues Ganzes werden soll - MQ Management und Qualit\u00e4t\",\"isPartOf\":{\"@id\":\"https:\/\/www.m-q.ch\/fr\/#website\"},\"primaryImageOfPage\":{\"@id\":\"https:\/\/www.m-q.ch\/zusammenfuehren-was-ein-neues-ganzes-werden-soll\/#primaryimage\"},\"image\":{\"@id\":\"https:\/\/www.m-q.ch\/zusammenfuehren-was-ein-neues-ganzes-werden-soll\/#primaryimage\"},\"thumbnailUrl\":\"https:\/\/www.m-q.ch\/wp-content\/uploads\/2021\/02\/Mit-FMEA-zur-Innovation-1.jpg\",\"datePublished\":\"2016-03-01T09:06:01+00:00\",\"dateModified\":\"2021-02-13T09:23:38+00:00\",\"description\":\"Fusionen und \u00dcbernahmen, Mergers & Acquisitions sind an der Tagesordnung. Doch mit einem anderen Unternehmen auf dem Papier zu fusionieren oder es zu kaufen, das ist eine Sache. Eine andere, aus unterschiedlichen Unternehmenskulturen und -selbstverst\u00e4ndnissen eine effiziente neue Einheit zu formen.\",\"breadcrumb\":{\"@id\":\"https:\/\/www.m-q.ch\/zusammenfuehren-was-ein-neues-ganzes-werden-soll\/#breadcrumb\"},\"inLanguage\":\"it-IT\",\"potentialAction\":[{\"@type\":\"ReadAction\",\"target\":[\"https:\/\/www.m-q.ch\/zusammenfuehren-was-ein-neues-ganzes-werden-soll\/\"]}]},{\"@type\":\"ImageObject\",\"inLanguage\":\"it-IT\",\"@id\":\"https:\/\/www.m-q.ch\/zusammenfuehren-was-ein-neues-ganzes-werden-soll\/#primaryimage\",\"url\":\"https:\/\/www.m-q.ch\/wp-content\/uploads\/2021\/02\/Mit-FMEA-zur-Innovation-1.jpg\",\"contentUrl\":\"https:\/\/www.m-q.ch\/wp-content\/uploads\/2021\/02\/Mit-FMEA-zur-Innovation-1.jpg\",\"width\":821,\"height\":1275,\"caption\":\"Zusammenf\u00fchren, was ein neues Ganzes werden soll\"},{\"@type\":\"BreadcrumbList\",\"@id\":\"https:\/\/www.m-q.ch\/zusammenfuehren-was-ein-neues-ganzes-werden-soll\/#breadcrumb\",\"itemListElement\":[{\"@type\":\"ListItem\",\"position\":1,\"name\":\"Allgemein\",\"item\":\"https:\/\/www.m-q.ch\/kategorie\/allgemein\/\"},{\"@type\":\"ListItem\",\"position\":2,\"name\":\"Zusammenf\u00fchren, was ein neues Ganzes werden soll\"}]},{\"@type\":\"WebSite\",\"@id\":\"https:\/\/www.m-q.ch\/fr\/#website\",\"url\":\"https:\/\/www.m-q.ch\/fr\/\",\"name\":\"MQ Management und Qualit\u00e4t\",\"description\":\"Plattform f\u00fcr integrierte Managementsysteme.\",\"publisher\":{\"@id\":\"https:\/\/www.m-q.ch\/fr\/#organization\"},\"potentialAction\":[{\"@type\":\"SearchAction\",\"target\":{\"@type\":\"EntryPoint\",\"urlTemplate\":\"https:\/\/www.m-q.ch\/fr\/?s={search_term_string}\"},\"query-input\":{\"@type\":\"PropertyValueSpecification\",\"valueRequired\":true,\"valueName\":\"search_term_string\"}}],\"inLanguage\":\"it-IT\"},{\"@type\":\"Organization\",\"@id\":\"https:\/\/www.m-q.ch\/fr\/#organization\",\"name\":\"Galledia Fachmedien AG\",\"url\":\"https:\/\/www.m-q.ch\/fr\/\",\"logo\":{\"@type\":\"ImageObject\",\"inLanguage\":\"it-IT\",\"@id\":\"https:\/\/www.m-q.ch\/fr\/#\/schema\/logo\/image\/\",\"url\":\"https:\/\/www.m-q.ch\/wp-content\/uploads\/2020\/12\/cropped-logo_small.png\",\"contentUrl\":\"https:\/\/www.m-q.ch\/wp-content\/uploads\/2020\/12\/cropped-logo_small.png\",\"width\":512,\"height\":512,\"caption\":\"Galledia Fachmedien AG\"},\"image\":{\"@id\":\"https:\/\/www.m-q.ch\/fr\/#\/schema\/logo\/image\/\"},\"sameAs\":[\"https:\/\/www.facebook.com\/ManagementUndQualitaet\",\"https:\/\/www.linkedin.com\/showcase\/17982321\/admin\/\"]},{\"@type\":\"Person\",\"@id\":\"https:\/\/www.m-q.ch\/fr\/#\/schema\/person\/0bdf39ca27d0b9b779f5b8af54b3f7d7\",\"name\":\"upwork_1\",\"image\":{\"@type\":\"ImageObject\",\"inLanguage\":\"it-IT\",\"@id\":\"https:\/\/www.m-q.ch\/fr\/#\/schema\/person\/image\/\",\"url\":\"https:\/\/secure.gravatar.com\/avatar\/04d4d0fdc5886d535809f17d0eace7f6?s=96&d=mm&r=g\",\"contentUrl\":\"https:\/\/secure.gravatar.com\/avatar\/04d4d0fdc5886d535809f17d0eace7f6?s=96&d=mm&r=g\",\"caption\":\"upwork_1\"},\"url\":\"https:\/\/www.m-q.ch\/it\/author\/upwork_1\/\"}]}<\/script>\n<!-- \/ Yoast SEO plugin. -->","yoast_head_json":{"title":"Riunire ci\u00f2 che dovrebbe diventare un nuovo insieme - MQ Management and Quality","description":"Fusioni e acquisizioni sono all'ordine del giorno. Ma una cosa \u00e8 la fusione o l'acquisto di un'altra azienda sulla carta. Un altro \u00e8 formare una nuova entit\u00e0 efficiente da diverse culture aziendali e percezioni di s\u00e9.","robots":{"index":"index","follow":"follow","max-snippet":"max-snippet:-1","max-image-preview":"max-image-preview:large","max-video-preview":"max-video-preview:-1"},"canonical":"https:\/\/www.m-q.ch\/it\/unire-cio-che-e-per-diventare-un-nuovo-insieme\/","og_locale":"it_IT","og_type":"article","og_title":"Zusammenf\u00fchren, was ein neues Ganzes werden soll - MQ Management und Qualit\u00e4t","og_description":"Fusionen und \u00dcbernahmen, Mergers & Acquisitions sind an der Tagesordnung. Doch mit einem anderen Unternehmen auf dem Papier zu fusionieren oder es zu kaufen, das ist eine Sache. Eine andere, aus unterschiedlichen Unternehmenskulturen und -selbstverst\u00e4ndnissen eine effiziente neue Einheit zu formen.","og_url":"https:\/\/www.m-q.ch\/it\/unire-cio-che-e-per-diventare-un-nuovo-insieme\/","og_site_name":"MQ Management und Qualit\u00e4t","article_publisher":"https:\/\/www.facebook.com\/ManagementUndQualitaet","article_published_time":"2016-03-01T09:06:01+00:00","article_modified_time":"2021-02-13T09:23:38+00:00","og_image":[{"width":821,"height":1275,"url":"https:\/\/www.m-q.ch\/wp-content\/uploads\/2021\/02\/Mit-FMEA-zur-Innovation-1.jpg","type":"image\/jpeg"}],"author":"upwork_1","twitter_card":"summary_large_image","twitter_misc":{"Scritto da":"upwork_1","Tempo di lettura stimato":"6 minuti"},"schema":{"@context":"https:\/\/schema.org","@graph":[{"@type":"Article","@id":"https:\/\/www.m-q.ch\/zusammenfuehren-was-ein-neues-ganzes-werden-soll\/#article","isPartOf":{"@id":"https:\/\/www.m-q.ch\/zusammenfuehren-was-ein-neues-ganzes-werden-soll\/"},"author":{"name":"upwork_1","@id":"https:\/\/www.m-q.ch\/fr\/#\/schema\/person\/0bdf39ca27d0b9b779f5b8af54b3f7d7"},"headline":"Zusammenf\u00fchren, was ein neues Ganzes werden soll","datePublished":"2016-03-01T09:06:01+00:00","dateModified":"2021-02-13T09:23:38+00:00","mainEntityOfPage":{"@id":"https:\/\/www.m-q.ch\/zusammenfuehren-was-ein-neues-ganzes-werden-soll\/"},"wordCount":1275,"publisher":{"@id":"https:\/\/www.m-q.ch\/fr\/#organization"},"image":{"@id":"https:\/\/www.m-q.ch\/zusammenfuehren-was-ein-neues-ganzes-werden-soll\/#primaryimage"},"thumbnailUrl":"https:\/\/www.m-q.ch\/wp-content\/uploads\/2021\/02\/Mit-FMEA-zur-Innovation-1.jpg","keywords":["03\/2016"],"articleSection":["Allgemein"],"inLanguage":"it-IT"},{"@type":"WebPage","@id":"https:\/\/www.m-q.ch\/zusammenfuehren-was-ein-neues-ganzes-werden-soll\/","url":"https:\/\/www.m-q.ch\/zusammenfuehren-was-ein-neues-ganzes-werden-soll\/","name":"Riunire ci\u00f2 che dovrebbe diventare un nuovo insieme - MQ Management and Quality","isPartOf":{"@id":"https:\/\/www.m-q.ch\/fr\/#website"},"primaryImageOfPage":{"@id":"https:\/\/www.m-q.ch\/zusammenfuehren-was-ein-neues-ganzes-werden-soll\/#primaryimage"},"image":{"@id":"https:\/\/www.m-q.ch\/zusammenfuehren-was-ein-neues-ganzes-werden-soll\/#primaryimage"},"thumbnailUrl":"https:\/\/www.m-q.ch\/wp-content\/uploads\/2021\/02\/Mit-FMEA-zur-Innovation-1.jpg","datePublished":"2016-03-01T09:06:01+00:00","dateModified":"2021-02-13T09:23:38+00:00","description":"Fusioni e acquisizioni sono all'ordine del giorno. Ma una cosa \u00e8 la fusione o l'acquisto di un'altra azienda sulla carta. Un altro \u00e8 formare una nuova entit\u00e0 efficiente da diverse culture aziendali e percezioni di s\u00e9.","breadcrumb":{"@id":"https:\/\/www.m-q.ch\/zusammenfuehren-was-ein-neues-ganzes-werden-soll\/#breadcrumb"},"inLanguage":"it-IT","potentialAction":[{"@type":"ReadAction","target":["https:\/\/www.m-q.ch\/zusammenfuehren-was-ein-neues-ganzes-werden-soll\/"]}]},{"@type":"ImageObject","inLanguage":"it-IT","@id":"https:\/\/www.m-q.ch\/zusammenfuehren-was-ein-neues-ganzes-werden-soll\/#primaryimage","url":"https:\/\/www.m-q.ch\/wp-content\/uploads\/2021\/02\/Mit-FMEA-zur-Innovation-1.jpg","contentUrl":"https:\/\/www.m-q.ch\/wp-content\/uploads\/2021\/02\/Mit-FMEA-zur-Innovation-1.jpg","width":821,"height":1275,"caption":"Zusammenf\u00fchren, was ein neues Ganzes werden soll"},{"@type":"BreadcrumbList","@id":"https:\/\/www.m-q.ch\/zusammenfuehren-was-ein-neues-ganzes-werden-soll\/#breadcrumb","itemListElement":[{"@type":"ListItem","position":1,"name":"Allgemein","item":"https:\/\/www.m-q.ch\/kategorie\/allgemein\/"},{"@type":"ListItem","position":2,"name":"Zusammenf\u00fchren, was ein neues Ganzes werden soll"}]},{"@type":"WebSite","@id":"https:\/\/www.m-q.ch\/fr\/#website","url":"https:\/\/www.m-q.ch\/fr\/","name":"Gestione e qualit\u00e0 MQ","description":"Piattaforma per sistemi di gestione integrati.","publisher":{"@id":"https:\/\/www.m-q.ch\/fr\/#organization"},"potentialAction":[{"@type":"SearchAction","target":{"@type":"EntryPoint","urlTemplate":"https:\/\/www.m-q.ch\/fr\/?s={search_term_string}"},"query-input":{"@type":"PropertyValueSpecification","valueRequired":true,"valueName":"search_term_string"}}],"inLanguage":"it-IT"},{"@type":"Organization","@id":"https:\/\/www.m-q.ch\/fr\/#organization","name":"Galledia Fachmedien AG","url":"https:\/\/www.m-q.ch\/fr\/","logo":{"@type":"ImageObject","inLanguage":"it-IT","@id":"https:\/\/www.m-q.ch\/fr\/#\/schema\/logo\/image\/","url":"https:\/\/www.m-q.ch\/wp-content\/uploads\/2020\/12\/cropped-logo_small.png","contentUrl":"https:\/\/www.m-q.ch\/wp-content\/uploads\/2020\/12\/cropped-logo_small.png","width":512,"height":512,"caption":"Galledia Fachmedien AG"},"image":{"@id":"https:\/\/www.m-q.ch\/fr\/#\/schema\/logo\/image\/"},"sameAs":["https:\/\/www.facebook.com\/ManagementUndQualitaet","https:\/\/www.linkedin.com\/showcase\/17982321\/admin\/"]},{"@type":"Person","@id":"https:\/\/www.m-q.ch\/fr\/#\/schema\/person\/0bdf39ca27d0b9b779f5b8af54b3f7d7","name":"upwork_1","image":{"@type":"ImageObject","inLanguage":"it-IT","@id":"https:\/\/www.m-q.ch\/fr\/#\/schema\/person\/image\/","url":"https:\/\/secure.gravatar.com\/avatar\/04d4d0fdc5886d535809f17d0eace7f6?s=96&d=mm&r=g","contentUrl":"https:\/\/secure.gravatar.com\/avatar\/04d4d0fdc5886d535809f17d0eace7f6?s=96&d=mm&r=g","caption":"upwork_1"},"url":"https:\/\/www.m-q.ch\/it\/author\/upwork_1\/"}]}},"_links":{"self":[{"href":"https:\/\/www.m-q.ch\/it\/wp-json\/wp\/v2\/posts\/11349","targetHints":{"allow":["GET"]}}],"collection":[{"href":"https:\/\/www.m-q.ch\/it\/wp-json\/wp\/v2\/posts"}],"about":[{"href":"https:\/\/www.m-q.ch\/it\/wp-json\/wp\/v2\/types\/post"}],"author":[{"embeddable":true,"href":"https:\/\/www.m-q.ch\/it\/wp-json\/wp\/v2\/users\/66"}],"replies":[{"embeddable":true,"href":"https:\/\/www.m-q.ch\/it\/wp-json\/wp\/v2\/comments?post=11349"}],"version-history":[{"count":4,"href":"https:\/\/www.m-q.ch\/it\/wp-json\/wp\/v2\/posts\/11349\/revisions"}],"predecessor-version":[{"id":11356,"href":"https:\/\/www.m-q.ch\/it\/wp-json\/wp\/v2\/posts\/11349\/revisions\/11356"}],"wp:featuredmedia":[{"embeddable":true,"href":"https:\/\/www.m-q.ch\/it\/wp-json\/wp\/v2\/media\/11351"}],"wp:attachment":[{"href":"https:\/\/www.m-q.ch\/it\/wp-json\/wp\/v2\/media?parent=11349"}],"wp:term":[{"taxonomy":"category","embeddable":true,"href":"https:\/\/www.m-q.ch\/it\/wp-json\/wp\/v2\/categories?post=11349"},{"taxonomy":"post_tag","embeddable":true,"href":"https:\/\/www.m-q.ch\/it\/wp-json\/wp\/v2\/tags?post=11349"}],"curies":[{"name":"wp","href":"https:\/\/api.w.org\/{rel}","templated":true}]}}